{"id":28502,"date":"2025-01-31T09:35:58","date_gmt":"2025-01-31T12:35:58","guid":{"rendered":"https:\/\/apuntesdesanluis.com\/?p=28502"},"modified":"2025-01-31T09:35:58","modified_gmt":"2025-01-31T12:35:58","slug":"amplian-cupo-de-alumnos-para-dos-escuelas-de-equinoterapia-de-la-provincia","status":"publish","type":"post","link":"https:\/\/apuntesdesanluis.com\/index.php\/2025\/01\/31\/amplian-cupo-de-alumnos-para-dos-escuelas-de-equinoterapia-de-la-provincia\/","title":{"rendered":"AMPL\u00cdAN CUPO DE ALUMNOS PARA DOS ESCUELAS DE EQUINOTERAPIA DE LA PROVINCIA"},"content":{"rendered":"<h3>Por \u00fanica vez, se otorgar\u00e1 continuidad a los asistentes de los dos centros equinos del a\u00f1o anterior para este ciclo lectivo 2025.<\/h3>\n<h3>El equipo de la secretar\u00eda de Personas con Discapacidad, <strong>Omar Burnet<\/strong>, a cargo de la direcci\u00f3n de Juan Mart\u00edn de Pueyrred\u00f3n; <strong>In\u00e9s Antunes<\/strong>, coordinadora General y <strong>\u00c1ngel Rolando<\/strong>, Direcci\u00f3n de Equinoterapia, establecieron la continuidad, por \u00fanica vez, del tratamiento de los asistentes a los centros equinos del a\u00f1o 2024, para el a\u00f1o lectivo 2025.<\/h3>\n<h3>A ra\u00edz de esta nueva disposici\u00f3n, se ampliar\u00e1 el cupo para nuevos aspirantes. La <strong>Escuela Provincial de Equinoterapia Terrazas del Portezuelo<\/strong> admitir\u00e1 50 nuevos aspirantes, en tanto que en el <strong>Centro de Equinotreapia de la Pedrera<\/strong> ser\u00e1n 25 los nuevos ingresos.<\/h3>\n<h3><img fetchpriority=\"high\" decoding=\"async\" class=\"wp-image-28504 aligncenter\" src=\"https:\/\/apuntesdesanluis.com\/wp-content\/uploads\/2025\/01\/equinoterapia-san-luis-300x189.png\" alt=\"\" width=\"640\" height=\"403\" srcset=\"https:\/\/apuntesdesanluis.com\/wp-content\/uploads\/2025\/01\/equinoterapia-san-luis-300x189.png 300w, https:\/\/apuntesdesanluis.com\/wp-content\/uploads\/2025\/01\/equinoterapia-san-luis-768x483.png 768w, https:\/\/apuntesdesanluis.com\/wp-content\/uploads\/2025\/01\/equinoterapia-san-luis.png 820w\" sizes=\"(max-width: 640px) 100vw, 640px\" \/><\/h3>\n<h4 style=\"text-align: center;\"><em>Escuela Provincial de Equinoterapia Terrazas del Portezuelo.<\/em><\/h4>\n<h3>Los interesados en ingresar en estos nuevos cupos, deber\u00e1n realizar una preinscripci\u00f3n de manera presencial en cada centro correspondiente. La preinscripci\u00f3n estar\u00e1 abierta desde el mi\u00e9rcoles 5 de febrero hasta el viernes 7 de febrero, en el horario de 8:30 a 17:30. Para asegurar la total transparencia e igualdad de oportunidades de los aspirantes, la totalidad de los preinscriptos ser\u00e1n seleccionados mediante un sorteo que se realizar\u00e1 en la Caja Social de la Provincia, el viernes 14 de febrero y ser\u00e1 emitido en vivo a trav\u00e9s de los respectivos medios de la Caja Social.<\/h3>\n<h3>De esta manera, para San Luis Capital ser\u00e1n 50 cupos nuevos, m\u00e1s la lista de espera correspondiente para cada centro equino conformada por los aspirantes que no resultaron sorteados.<\/h3>\n<p><img decoding=\"async\" class=\"wp-image-28505 aligncenter\" src=\"https:\/\/apuntesdesanluis.com\/wp-content\/uploads\/2025\/01\/equinoterapia-villa-mercedes-300x161.png\" alt=\"\" width=\"647\" height=\"347\" srcset=\"https:\/\/apuntesdesanluis.com\/wp-content\/uploads\/2025\/01\/equinoterapia-villa-mercedes-300x161.png 300w, https:\/\/apuntesdesanluis.com\/wp-content\/uploads\/2025\/01\/equinoterapia-villa-mercedes-768x412.png 768w, https:\/\/apuntesdesanluis.com\/wp-content\/uploads\/2025\/01\/equinoterapia-villa-mercedes.png 823w\" sizes=\"(max-width: 647px) 100vw, 647px\" \/><\/p>\n<h4 style=\"text-align: center;\"><em>Centro de Equinoterapia de La Pedrera.<\/em><\/h4>\n<h3>Para m\u00e1s informaci\u00f3n y detalles los aspirantes de <strong>San Luis<\/strong> pueden comunicarse al celular <strong>2665-287503<\/strong> y en <strong>Villa Mercedes<\/strong> al <strong>2657-679309<\/strong>.<\/h3>\n<p>&nbsp;<\/p>\n<p>&nbsp;<\/p>\n<p>&nbsp;<\/p>\n","protected":false},"excerpt":{"rendered":"<p>Por \u00fanica vez, se otorgar\u00e1 continuidad a los asistentes de los dos centros equinos del&#8230;<\/p>\n","protected":false},"author":1,"featured_media":28503,"comment_status":"closed","ping_status":"closed","sticky":false,"template":"","format":"standard","meta":{"footnotes":""},"categories":[6],"tags":[],"class_list":["post-28502","post","type-post","status-publish","format-standard","has-post-thumbnail","hentry","category-ciudad-provincia"],"yoast_head":"<!-- This site is optimized with the Yoast SEO plugin v26.1.1 - https:\/\/yoast.com\/wordpress\/plugins\/seo\/ -->\n<title>AMPL\u00cdAN CUPO DE ALUMNOS PARA DOS ESCUELAS DE EQUINOTERAPIA DE LA PROVINCIA - Apuntes de San Luis<\/title>\n<meta name=\"robots\" content=\"index, follow, max-snippet:-1, max-image-preview:large, max-video-preview:-1\" \/>\n<link rel=\"canonical\" href=\"https:\/\/apuntesdesanluis.com\/index.php\/2025\/01\/31\/amplian-cupo-de-alumnos-para-dos-escuelas-de-equinoterapia-de-la-provincia\/\" \/>\n<meta property=\"og:locale\" content=\"es_ES\" \/>\n<meta property=\"og:type\" content=\"article\" \/>\n<meta property=\"og:title\" content=\"AMPL\u00cdAN CUPO DE ALUMNOS PARA DOS ESCUELAS DE EQUINOTERAPIA DE LA PROVINCIA - Apuntes de San Luis\" \/>\n<meta property=\"og:description\" content=\"Por \u00fanica vez, se otorgar\u00e1 continuidad a los asistentes de los dos centros equinos del...\" \/>\n<meta property=\"og:url\" content=\"https:\/\/apuntesdesanluis.com\/index.php\/2025\/01\/31\/amplian-cupo-de-alumnos-para-dos-escuelas-de-equinoterapia-de-la-provincia\/\" \/>\n<meta property=\"og:site_name\" content=\"Apuntes de San Luis\" \/>\n<meta property=\"article:published_time\" content=\"2025-01-31T12:35:58+00:00\" \/>\n<meta property=\"og:image\" content=\"https:\/\/apuntesdesanluis.com\/wp-content\/uploads\/2025\/01\/centro-equinoterapia-villa-mercedes.png\" \/>\n\t<meta property=\"og:image:width\" content=\"803\" \/>\n\t<meta property=\"og:image:height\" content=\"604\" \/>\n\t<meta property=\"og:image:type\" content=\"image\/png\" \/>\n<meta name=\"author\" content=\"apuntesdesanluis.com\" \/>\n<meta name=\"twitter:card\" content=\"summary_large_image\" \/>\n<meta name=\"twitter:label1\" content=\"Escrito por\" \/>\n\t<meta name=\"twitter:data1\" content=\"apuntesdesanluis.com\" \/>\n\t<meta name=\"twitter:label2\" content=\"Tiempo de lectura\" \/>\n\t<meta name=\"twitter:data2\" content=\"2 minutos\" \/>\n<script type=\"application\/ld+json\" class=\"yoast-schema-graph\">{\"@context\":\"https:\/\/schema.org\",\"@graph\":[{\"@type\":\"Article\",\"@id\":\"https:\/\/apuntesdesanluis.com\/index.php\/2025\/01\/31\/amplian-cupo-de-alumnos-para-dos-escuelas-de-equinoterapia-de-la-provincia\/#article\",\"isPartOf\":{\"@id\":\"https:\/\/apuntesdesanluis.com\/index.php\/2025\/01\/31\/amplian-cupo-de-alumnos-para-dos-escuelas-de-equinoterapia-de-la-provincia\/\"},\"author\":{\"name\":\"apuntesdesanluis.com\",\"@id\":\"https:\/\/apuntesdesanluis.com\/#\/schema\/person\/b55151d52296fcce64d1a72538a70b90\"},\"headline\":\"AMPL\u00cdAN CUPO DE ALUMNOS PARA DOS ESCUELAS DE EQUINOTERAPIA DE LA PROVINCIA\",\"datePublished\":\"2025-01-31T12:35:58+00:00\",\"mainEntityOfPage\":{\"@id\":\"https:\/\/apuntesdesanluis.com\/index.php\/2025\/01\/31\/amplian-cupo-de-alumnos-para-dos-escuelas-de-equinoterapia-de-la-provincia\/\"},\"wordCount\":301,\"publisher\":{\"@id\":\"https:\/\/apuntesdesanluis.com\/#\/schema\/person\/b55151d52296fcce64d1a72538a70b90\"},\"image\":{\"@id\":\"https:\/\/apuntesdesanluis.com\/index.php\/2025\/01\/31\/amplian-cupo-de-alumnos-para-dos-escuelas-de-equinoterapia-de-la-provincia\/#primaryimage\"},\"thumbnailUrl\":\"https:\/\/apuntesdesanluis.com\/wp-content\/uploads\/2025\/01\/centro-equinoterapia-villa-mercedes.png\",\"articleSection\":[\"Ciudad\/Provincia\"],\"inLanguage\":\"es-AR\"},{\"@type\":\"WebPage\",\"@id\":\"https:\/\/apuntesdesanluis.com\/index.php\/2025\/01\/31\/amplian-cupo-de-alumnos-para-dos-escuelas-de-equinoterapia-de-la-provincia\/\",\"url\":\"https:\/\/apuntesdesanluis.com\/index.php\/2025\/01\/31\/amplian-cupo-de-alumnos-para-dos-escuelas-de-equinoterapia-de-la-provincia\/\",\"name\":\"AMPL\u00cdAN CUPO DE ALUMNOS PARA DOS ESCUELAS DE EQUINOTERAPIA DE LA PROVINCIA - Apuntes de San Luis\",\"isPartOf\":{\"@id\":\"https:\/\/apuntesdesanluis.com\/#website\"},\"primaryImageOfPage\":{\"@id\":\"https:\/\/apuntesdesanluis.com\/index.php\/2025\/01\/31\/amplian-cupo-de-alumnos-para-dos-escuelas-de-equinoterapia-de-la-provincia\/#primaryimage\"},\"image\":{\"@id\":\"https:\/\/apuntesdesanluis.com\/index.php\/2025\/01\/31\/amplian-cupo-de-alumnos-para-dos-escuelas-de-equinoterapia-de-la-provincia\/#primaryimage\"},\"thumbnailUrl\":\"https:\/\/apuntesdesanluis.com\/wp-content\/uploads\/2025\/01\/centro-equinoterapia-villa-mercedes.png\",\"datePublished\":\"2025-01-31T12:35:58+00:00\",\"breadcrumb\":{\"@id\":\"https:\/\/apuntesdesanluis.com\/index.php\/2025\/01\/31\/amplian-cupo-de-alumnos-para-dos-escuelas-de-equinoterapia-de-la-provincia\/#breadcrumb\"},\"inLanguage\":\"es-AR\",\"potentialAction\":[{\"@type\":\"ReadAction\",\"target\":[\"https:\/\/apuntesdesanluis.com\/index.php\/2025\/01\/31\/amplian-cupo-de-alumnos-para-dos-escuelas-de-equinoterapia-de-la-provincia\/\"]}]},{\"@type\":\"ImageObject\",\"inLanguage\":\"es-AR\",\"@id\":\"https:\/\/apuntesdesanluis.com\/index.php\/2025\/01\/31\/amplian-cupo-de-alumnos-para-dos-escuelas-de-equinoterapia-de-la-provincia\/#primaryimage\",\"url\":\"https:\/\/apuntesdesanluis.com\/wp-content\/uploads\/2025\/01\/centro-equinoterapia-villa-mercedes.png\",\"contentUrl\":\"https:\/\/apuntesdesanluis.com\/wp-content\/uploads\/2025\/01\/centro-equinoterapia-villa-mercedes.png\",\"width\":803,\"height\":604},{\"@type\":\"BreadcrumbList\",\"@id\":\"https:\/\/apuntesdesanluis.com\/index.php\/2025\/01\/31\/amplian-cupo-de-alumnos-para-dos-escuelas-de-equinoterapia-de-la-provincia\/#breadcrumb\",\"itemListElement\":[{\"@type\":\"ListItem\",\"position\":1,\"name\":\"Inicio\",\"item\":\"https:\/\/apuntesdesanluis.com\/\"},{\"@type\":\"ListItem\",\"position\":2,\"name\":\"AMPL\u00cdAN CUPO DE ALUMNOS PARA DOS ESCUELAS DE EQUINOTERAPIA DE LA PROVINCIA\"}]},{\"@type\":\"WebSite\",\"@id\":\"https:\/\/apuntesdesanluis.com\/#website\",\"url\":\"https:\/\/apuntesdesanluis.com\/\",\"name\":\"Apuntes de San Luis\",\"description\":\"\",\"publisher\":{\"@id\":\"https:\/\/apuntesdesanluis.com\/#\/schema\/person\/b55151d52296fcce64d1a72538a70b90\"},\"potentialAction\":[{\"@type\":\"SearchAction\",\"target\":{\"@type\":\"EntryPoint\",\"urlTemplate\":\"https:\/\/apuntesdesanluis.com\/?s={search_term_string}\"},\"query-input\":{\"@type\":\"PropertyValueSpecification\",\"valueRequired\":true,\"valueName\":\"search_term_string\"}}],\"inLanguage\":\"es-AR\"},{\"@type\":[\"Person\",\"Organization\"],\"@id\":\"https:\/\/apuntesdesanluis.com\/#\/schema\/person\/b55151d52296fcce64d1a72538a70b90\",\"name\":\"apuntesdesanluis.com\",\"image\":{\"@type\":\"ImageObject\",\"inLanguage\":\"es-AR\",\"@id\":\"https:\/\/apuntesdesanluis.com\/#\/schema\/person\/image\/\",\"url\":\"https:\/\/apuntesdesanluis.com\/wp-content\/uploads\/2023\/07\/cropped-apuntesdesanluis.png\",\"contentUrl\":\"https:\/\/apuntesdesanluis.com\/wp-content\/uploads\/2023\/07\/cropped-apuntesdesanluis.png\",\"width\":450,\"height\":112,\"caption\":\"apuntesdesanluis.com\"},\"logo\":{\"@id\":\"https:\/\/apuntesdesanluis.com\/#\/schema\/person\/image\/\"},\"sameAs\":[\"https:\/\/apuntesdesanluis.com\"],\"url\":\"https:\/\/apuntesdesanluis.com\/index.php\/author\/apuntesdesanluis-com\/\"}]}<\/script>\n<!-- \/ Yoast SEO plugin. -->","yoast_head_json":{"title":"AMPL\u00cdAN CUPO DE ALUMNOS PARA DOS ESCUELAS DE EQUINOTERAPIA DE LA PROVINCIA - Apuntes de San Luis","robots":{"index":"index","follow":"follow","max-snippet":"max-snippet:-1","max-image-preview":"max-image-preview:large","max-video-preview":"max-video-preview:-1"},"canonical":"https:\/\/apuntesdesanluis.com\/index.php\/2025\/01\/31\/amplian-cupo-de-alumnos-para-dos-escuelas-de-equinoterapia-de-la-provincia\/","og_locale":"es_ES","og_type":"article","og_title":"AMPL\u00cdAN CUPO DE ALUMNOS PARA DOS ESCUELAS DE EQUINOTERAPIA DE LA PROVINCIA - Apuntes de San Luis","og_description":"Por \u00fanica vez, se otorgar\u00e1 continuidad a los asistentes de los dos centros equinos del...","og_url":"https:\/\/apuntesdesanluis.com\/index.php\/2025\/01\/31\/amplian-cupo-de-alumnos-para-dos-escuelas-de-equinoterapia-de-la-provincia\/","og_site_name":"Apuntes de San Luis","article_published_time":"2025-01-31T12:35:58+00:00","og_image":[{"width":803,"height":604,"url":"https:\/\/apuntesdesanluis.com\/wp-content\/uploads\/2025\/01\/centro-equinoterapia-villa-mercedes.png","type":"image\/png"}],"author":"apuntesdesanluis.com","twitter_card":"summary_large_image","twitter_misc":{"Escrito por":"apuntesdesanluis.com","Tiempo de lectura":"2 minutos"},"schema":{"@context":"https:\/\/schema.org","@graph":[{"@type":"Article","@id":"https:\/\/apuntesdesanluis.com\/index.php\/2025\/01\/31\/amplian-cupo-de-alumnos-para-dos-escuelas-de-equinoterapia-de-la-provincia\/#article","isPartOf":{"@id":"https:\/\/apuntesdesanluis.com\/index.php\/2025\/01\/31\/amplian-cupo-de-alumnos-para-dos-escuelas-de-equinoterapia-de-la-provincia\/"},"author":{"name":"apuntesdesanluis.com","@id":"https:\/\/apuntesdesanluis.com\/#\/schema\/person\/b55151d52296fcce64d1a72538a70b90"},"headline":"AMPL\u00cdAN CUPO DE ALUMNOS PARA DOS ESCUELAS DE EQUINOTERAPIA DE LA PROVINCIA","datePublished":"2025-01-31T12:35:58+00:00","mainEntityOfPage":{"@id":"https:\/\/apuntesdesanluis.com\/index.php\/2025\/01\/31\/amplian-cupo-de-alumnos-para-dos-escuelas-de-equinoterapia-de-la-provincia\/"},"wordCount":301,"publisher":{"@id":"https:\/\/apuntesdesanluis.com\/#\/schema\/person\/b55151d52296fcce64d1a72538a70b90"},"image":{"@id":"https:\/\/apuntesdesanluis.com\/index.php\/2025\/01\/31\/amplian-cupo-de-alumnos-para-dos-escuelas-de-equinoterapia-de-la-provincia\/#primaryimage"},"thumbnailUrl":"https:\/\/apuntesdesanluis.com\/wp-content\/uploads\/2025\/01\/centro-equinoterapia-villa-mercedes.png","articleSection":["Ciudad\/Provincia"],"inLanguage":"es-AR"},{"@type":"WebPage","@id":"https:\/\/apuntesdesanluis.com\/index.php\/2025\/01\/31\/amplian-cupo-de-alumnos-para-dos-escuelas-de-equinoterapia-de-la-provincia\/","url":"https:\/\/apuntesdesanluis.com\/index.php\/2025\/01\/31\/amplian-cupo-de-alumnos-para-dos-escuelas-de-equinoterapia-de-la-provincia\/","name":"AMPL\u00cdAN CUPO DE ALUMNOS PARA DOS ESCUELAS DE EQUINOTERAPIA DE LA PROVINCIA - Apuntes de San Luis","isPartOf":{"@id":"https:\/\/apuntesdesanluis.com\/#website"},"primaryImageOfPage":{"@id":"https:\/\/apuntesdesanluis.com\/index.php\/2025\/01\/31\/amplian-cupo-de-alumnos-para-dos-escuelas-de-equinoterapia-de-la-provincia\/#primaryimage"},"image":{"@id":"https:\/\/apuntesdesanluis.com\/index.php\/2025\/01\/31\/amplian-cupo-de-alumnos-para-dos-escuelas-de-equinoterapia-de-la-provincia\/#primaryimage"},"thumbnailUrl":"https:\/\/apuntesdesanluis.com\/wp-content\/uploads\/2025\/01\/centro-equinoterapia-villa-mercedes.png","datePublished":"2025-01-31T12:35:58+00:00","breadcrumb":{"@id":"https:\/\/apuntesdesanluis.com\/index.php\/2025\/01\/31\/amplian-cupo-de-alumnos-para-dos-escuelas-de-equinoterapia-de-la-provincia\/#breadcrumb"},"inLanguage":"es-AR","potentialAction":[{"@type":"ReadAction","target":["https:\/\/apuntesdesanluis.com\/index.php\/2025\/01\/31\/amplian-cupo-de-alumnos-para-dos-escuelas-de-equinoterapia-de-la-provincia\/"]}]},{"@type":"ImageObject","inLanguage":"es-AR","@id":"https:\/\/apuntesdesanluis.com\/index.php\/2025\/01\/31\/amplian-cupo-de-alumnos-para-dos-escuelas-de-equinoterapia-de-la-provincia\/#primaryimage","url":"https:\/\/apuntesdesanluis.com\/wp-content\/uploads\/2025\/01\/centro-equinoterapia-villa-mercedes.png","contentUrl":"https:\/\/apuntesdesanluis.com\/wp-content\/uploads\/2025\/01\/centro-equinoterapia-villa-mercedes.png","width":803,"height":604},{"@type":"BreadcrumbList","@id":"https:\/\/apuntesdesanluis.com\/index.php\/2025\/01\/31\/amplian-cupo-de-alumnos-para-dos-escuelas-de-equinoterapia-de-la-provincia\/#breadcrumb","itemListElement":[{"@type":"ListItem","position":1,"name":"Inicio","item":"https:\/\/apuntesdesanluis.com\/"},{"@type":"ListItem","position":2,"name":"AMPL\u00cdAN CUPO DE ALUMNOS PARA DOS ESCUELAS DE EQUINOTERAPIA DE LA PROVINCIA"}]},{"@type":"WebSite","@id":"https:\/\/apuntesdesanluis.com\/#website","url":"https:\/\/apuntesdesanluis.com\/","name":"Apuntes de San Luis","description":"","publisher":{"@id":"https:\/\/apuntesdesanluis.com\/#\/schema\/person\/b55151d52296fcce64d1a72538a70b90"},"potentialAction":[{"@type":"SearchAction","target":{"@type":"EntryPoint","urlTemplate":"https:\/\/apuntesdesanluis.com\/?s={search_term_string}"},"query-input":{"@type":"PropertyValueSpecification","valueRequired":true,"valueName":"search_term_string"}}],"inLanguage":"es-AR"},{"@type":["Person","Organization"],"@id":"https:\/\/apuntesdesanluis.com\/#\/schema\/person\/b55151d52296fcce64d1a72538a70b90","name":"apuntesdesanluis.com","image":{"@type":"ImageObject","inLanguage":"es-AR","@id":"https:\/\/apuntesdesanluis.com\/#\/schema\/person\/image\/","url":"https:\/\/apuntesdesanluis.com\/wp-content\/uploads\/2023\/07\/cropped-apuntesdesanluis.png","contentUrl":"https:\/\/apuntesdesanluis.com\/wp-content\/uploads\/2023\/07\/cropped-apuntesdesanluis.png","width":450,"height":112,"caption":"apuntesdesanluis.com"},"logo":{"@id":"https:\/\/apuntesdesanluis.com\/#\/schema\/person\/image\/"},"sameAs":["https:\/\/apuntesdesanluis.com"],"url":"https:\/\/apuntesdesanluis.com\/index.php\/author\/apuntesdesanluis-com\/"}]}},"featured_image_urls":{"full":["https:\/\/apuntesdesanluis.com\/wp-content\/uploads\/2025\/01\/centro-equinoterapia-villa-mercedes.png",803,604,false],"thumbnail":["https:\/\/apuntesdesanluis.com\/wp-content\/uploads\/2025\/01\/centro-equinoterapia-villa-mercedes-150x150.png",150,150,true],"medium":["https:\/\/apuntesdesanluis.com\/wp-content\/uploads\/2025\/01\/centro-equinoterapia-villa-mercedes-300x226.png",300,226,true],"medium_large":["https:\/\/apuntesdesanluis.com\/wp-content\/uploads\/2025\/01\/centro-equinoterapia-villa-mercedes-768x578.png",640,482,true],"large":["https:\/\/apuntesdesanluis.com\/wp-content\/uploads\/2025\/01\/centro-equinoterapia-villa-mercedes.png",640,481,false],"1536x1536":["https:\/\/apuntesdesanluis.com\/wp-content\/uploads\/2025\/01\/centro-equinoterapia-villa-mercedes.png",803,604,false],"2048x2048":["https:\/\/apuntesdesanluis.com\/wp-content\/uploads\/2025\/01\/centro-equinoterapia-villa-mercedes.png",803,604,false],"newsever-slider-full":["https:\/\/apuntesdesanluis.com\/wp-content\/uploads\/2025\/01\/centro-equinoterapia-villa-mercedes.png",803,604,false],"newsever-featured":["https:\/\/apuntesdesanluis.com\/wp-content\/uploads\/2025\/01\/centro-equinoterapia-villa-mercedes.png",803,604,false],"newsever-medium":["https:\/\/apuntesdesanluis.com\/wp-content\/uploads\/2025\/01\/centro-equinoterapia-villa-mercedes-720x475.png",720,475,true]},"author_info":{"display_name":"apuntesdesanluis.com","author_link":"https:\/\/apuntesdesanluis.com\/index.php\/author\/apuntesdesanluis-com\/"},"category_info":"<a href=\"https:\/\/apuntesdesanluis.com\/index.php\/category\/ciudad-provincia\/\" rel=\"category tag\">Ciudad\/Provincia<\/a>","tag_info":"Ciudad\/Provincia","comment_count":"0","_links":{"self":[{"href":"https:\/\/apuntesdesanluis.com\/index.php\/wp-json\/wp\/v2\/posts\/28502","targetHints":{"allow":["GET"]}}],"collection":[{"href":"https:\/\/apuntesdesanluis.com\/index.php\/wp-json\/wp\/v2\/posts"}],"about":[{"href":"https:\/\/apuntesdesanluis.com\/index.php\/wp-json\/wp\/v2\/types\/post"}],"author":[{"embeddable":true,"href":"https:\/\/apuntesdesanluis.com\/index.php\/wp-json\/wp\/v2\/users\/1"}],"replies":[{"embeddable":true,"href":"https:\/\/apuntesdesanluis.com\/index.php\/wp-json\/wp\/v2\/comments?post=28502"}],"version-history":[{"count":1,"href":"https:\/\/apuntesdesanluis.com\/index.php\/wp-json\/wp\/v2\/posts\/28502\/revisions"}],"predecessor-version":[{"id":28506,"href":"https:\/\/apuntesdesanluis.com\/index.php\/wp-json\/wp\/v2\/posts\/28502\/revisions\/28506"}],"wp:featuredmedia":[{"embeddable":true,"href":"https:\/\/apuntesdesanluis.com\/index.php\/wp-json\/wp\/v2\/media\/28503"}],"wp:attachment":[{"href":"https:\/\/apuntesdesanluis.com\/index.php\/wp-json\/wp\/v2\/media?parent=28502"}],"wp:term":[{"taxonomy":"category","embeddable":true,"href":"https:\/\/apuntesdesanluis.com\/index.php\/wp-json\/wp\/v2\/categories?post=28502"},{"taxonomy":"post_tag","embeddable":true,"href":"https:\/\/apuntesdesanluis.com\/index.php\/wp-json\/wp\/v2\/tags?post=28502"}],"curies":[{"name":"wp","href":"https:\/\/api.w.org\/{rel}","templated":true}]}}