{"id":28507,"date":"2025-01-31T10:05:31","date_gmt":"2025-01-31T13:05:31","guid":{"rendered":"https:\/\/apuntesdesanluis.com\/?p=28507"},"modified":"2025-01-31T10:07:32","modified_gmt":"2025-01-31T13:07:32","slug":"bartolo-abdala-expone-en-peru-el-modelo-de-lla-y-sube-el-perfil-politico","status":"publish","type":"post","link":"https:\/\/apuntesdesanluis.com\/index.php\/2025\/01\/31\/bartolo-abdala-expone-en-peru-el-modelo-de-lla-y-sube-el-perfil-politico\/","title":{"rendered":"BARTOLO ABDALA EXPONE EN PER\u00da EL MODELO DE LLA Y SUBE EL PERFIL POL\u00cdTICO"},"content":{"rendered":"<h3>El presidente provisional del Senado de la Naci\u00f3n, <strong>Bartolom\u00e9 Abdala<\/strong>, disertar\u00e1 este viernes 31 en <strong>Per\u00fa<\/strong>, pero no pierde pisada de la actualidad nacional, a tono con la temperatura pol\u00edtico-electoral que imponen las elecciones de este a\u00f1o.<\/h3>\n<h3><strong>\u201cLa Libertad Avanza en Argentina: M\u00e1s all\u00e1 del mito\u201d<\/strong>, es el t\u00edtulo de la ponencia que brindar\u00e1 en Lima, la ciudad capital del vecino pa\u00eds, oportunidad en que se referir\u00e1 al \u201cmodelo libertario como ejemplo de prosperidad\u201d.<\/h3>\n<h3>Invitado por la Asociaci\u00f3n de Contribuyentes de Argentina disertar\u00e1 en el Congreso de Per\u00fa, en la C\u00e1mara Nacional de Comercio de Lima y en el Club Nacional de Lima.<\/h3>\n<h3><img fetchpriority=\"high\" decoding=\"async\" class=\"wp-image-28508 aligncenter\" src=\"https:\/\/apuntesdesanluis.com\/wp-content\/uploads\/2025\/01\/abdala-diserta-300x300.jpg\" alt=\"\" width=\"624\" height=\"624\" srcset=\"https:\/\/apuntesdesanluis.com\/wp-content\/uploads\/2025\/01\/abdala-diserta-300x300.jpg 300w, https:\/\/apuntesdesanluis.com\/wp-content\/uploads\/2025\/01\/abdala-diserta-150x150.jpg 150w, https:\/\/apuntesdesanluis.com\/wp-content\/uploads\/2025\/01\/abdala-diserta.jpg 700w\" sizes=\"(max-width: 624px) 100vw, 624px\" \/><\/h3>\n<h3><em>\u201cAll\u00ed brindar\u00e9 en detalle, las medidas y reformas que <strong>Javier Milei<\/strong> llev\u00f3 adelante en nuestro pa\u00eds para alcanzar la estabilidad econ\u00f3mica, generar creaci\u00f3n de empleo e impulsar la inversi\u00f3n privada\u201d,<\/em> inform\u00f3 a trav\u00e9s de un posteo en sus redes sociales.<\/h3>\n<h3>\u201cLos argentinos elegimos abrazar un nuevo modelo representado por nuestro Gobierno que defiende la vida, la libertad y la propiedad privada. \u00a1VLLC!\u201d, expres\u00f3 por \u00faltimo.<\/h3>\n<h3><strong>CONTRAATAQUE<\/strong><\/h3>\n<h3>Paralelamente, Abdala public\u00f3 un breve video en respuesta a la Marcha Antifascista que se realizar\u00e1 este s\u00e1bado en diferentes ciudades del pa\u00eds, en repudio a las expresiones del presidente <strong>Javier Milei<\/strong> en Davos, interpretadas como un ataque por la comunidad LGTB+ y buena parte de la sociedad.<\/h3>\n<h3>En el reel repasa distintas causas judiciales que involucran a funcionarios, legisladores, dirigentes y un periodista vinculados al justicialismo, por violencia de g\u00e9nero o violaciones, agregando como latiguillo en cada caso: <strong>\u00a1Estuvieron en silencio y no marcharon!<\/strong>.<\/h3>\n<div style=\"width: 640px;\" class=\"wp-video\"><!--[if lt IE 9]><script>document.createElement('video');<\/script><![endif]-->\n<video class=\"wp-video-shortcode\" id=\"video-28507-1\" width=\"640\" height=\"910\" preload=\"metadata\" controls=\"controls\"><source type=\"video\/mp4\" src=\"https:\/\/apuntesdesanluis.com\/wp-content\/uploads\/2025\/01\/AQNdNzrUlrnPshrNqivgYlpwBGPPuAULz1oISUxAT-8-T04GS1cB4vrqfUaXlYvOiCuTxS7eCQ7oowDHhLT36V9a.mp4?_=1\" \/><a href=\"https:\/\/apuntesdesanluis.com\/wp-content\/uploads\/2025\/01\/AQNdNzrUlrnPshrNqivgYlpwBGPPuAULz1oISUxAT-8-T04GS1cB4vrqfUaXlYvOiCuTxS7eCQ7oowDHhLT36V9a.mp4\">https:\/\/apuntesdesanluis.com\/wp-content\/uploads\/2025\/01\/AQNdNzrUlrnPshrNqivgYlpwBGPPuAULz1oISUxAT-8-T04GS1cB4vrqfUaXlYvOiCuTxS7eCQ7oowDHhLT36V9a.mp4<\/a><\/video><\/div>\n<p>&nbsp;<\/p>\n<p>&nbsp;<\/p>\n<p>&nbsp;<\/p>\n","protected":false},"excerpt":{"rendered":"<p>El presidente provisional del Senado de la Naci\u00f3n, Bartolom\u00e9 Abdala, disertar\u00e1 este viernes 31 en&#8230;<\/p>\n","protected":false},"author":1,"featured_media":20407,"comment_status":"closed","ping_status":"closed","sticky":false,"template":"","format":"standard","meta":{"footnotes":""},"categories":[9],"tags":[],"class_list":["post-28507","post","type-post","status-publish","format-standard","has-post-thumbnail","hentry","category-opinion"],"yoast_head":"<!-- This site is optimized with the Yoast SEO plugin v26.1.1 - https:\/\/yoast.com\/wordpress\/plugins\/seo\/ -->\n<title>BARTOLO ABDALA EXPONE EN PER\u00da EL MODELO DE LLA Y SUBE EL PERFIL POL\u00cdTICO - Apuntes de San Luis<\/title>\n<meta name=\"robots\" content=\"index, follow, max-snippet:-1, max-image-preview:large, max-video-preview:-1\" \/>\n<link rel=\"canonical\" href=\"https:\/\/apuntesdesanluis.com\/index.php\/2025\/01\/31\/bartolo-abdala-expone-en-peru-el-modelo-de-lla-y-sube-el-perfil-politico\/\" \/>\n<meta property=\"og:locale\" content=\"es_ES\" \/>\n<meta property=\"og:type\" content=\"article\" \/>\n<meta property=\"og:title\" content=\"BARTOLO ABDALA EXPONE EN PER\u00da EL MODELO DE LLA Y SUBE EL PERFIL POL\u00cdTICO - Apuntes de San Luis\" \/>\n<meta property=\"og:description\" content=\"El presidente provisional del Senado de la Naci\u00f3n, Bartolom\u00e9 Abdala, disertar\u00e1 este viernes 31 en...\" \/>\n<meta property=\"og:url\" content=\"https:\/\/apuntesdesanluis.com\/index.php\/2025\/01\/31\/bartolo-abdala-expone-en-peru-el-modelo-de-lla-y-sube-el-perfil-politico\/\" \/>\n<meta property=\"og:site_name\" content=\"Apuntes de San Luis\" \/>\n<meta property=\"article:published_time\" content=\"2025-01-31T13:05:31+00:00\" \/>\n<meta property=\"article:modified_time\" content=\"2025-01-31T13:07:32+00:00\" \/>\n<meta property=\"og:image\" content=\"https:\/\/apuntesdesanluis.com\/wp-content\/uploads\/2024\/08\/bartolo-abdala-presidente-provisional-senado.png\" \/>\n\t<meta property=\"og:image:width\" content=\"616\" \/>\n\t<meta property=\"og:image:height\" content=\"376\" \/>\n\t<meta property=\"og:image:type\" content=\"image\/png\" \/>\n<meta name=\"author\" content=\"apuntesdesanluis.com\" \/>\n<meta name=\"twitter:card\" content=\"summary_large_image\" \/>\n<meta name=\"twitter:label1\" content=\"Escrito por\" \/>\n\t<meta name=\"twitter:data1\" content=\"apuntesdesanluis.com\" \/>\n\t<meta name=\"twitter:label2\" content=\"Tiempo de lectura\" \/>\n\t<meta name=\"twitter:data2\" content=\"2 minutos\" \/>\n<script type=\"application\/ld+json\" class=\"yoast-schema-graph\">{\"@context\":\"https:\/\/schema.org\",\"@graph\":[{\"@type\":\"Article\",\"@id\":\"https:\/\/apuntesdesanluis.com\/index.php\/2025\/01\/31\/bartolo-abdala-expone-en-peru-el-modelo-de-lla-y-sube-el-perfil-politico\/#article\",\"isPartOf\":{\"@id\":\"https:\/\/apuntesdesanluis.com\/index.php\/2025\/01\/31\/bartolo-abdala-expone-en-peru-el-modelo-de-lla-y-sube-el-perfil-politico\/\"},\"author\":{\"name\":\"apuntesdesanluis.com\",\"@id\":\"https:\/\/apuntesdesanluis.com\/#\/schema\/person\/b55151d52296fcce64d1a72538a70b90\"},\"headline\":\"BARTOLO ABDALA EXPONE EN PER\u00da EL MODELO DE LLA Y SUBE EL PERFIL POL\u00cdTICO\",\"datePublished\":\"2025-01-31T13:05:31+00:00\",\"dateModified\":\"2025-01-31T13:07:32+00:00\",\"mainEntityOfPage\":{\"@id\":\"https:\/\/apuntesdesanluis.com\/index.php\/2025\/01\/31\/bartolo-abdala-expone-en-peru-el-modelo-de-lla-y-sube-el-perfil-politico\/\"},\"wordCount\":307,\"publisher\":{\"@id\":\"https:\/\/apuntesdesanluis.com\/#\/schema\/person\/b55151d52296fcce64d1a72538a70b90\"},\"image\":{\"@id\":\"https:\/\/apuntesdesanluis.com\/index.php\/2025\/01\/31\/bartolo-abdala-expone-en-peru-el-modelo-de-lla-y-sube-el-perfil-politico\/#primaryimage\"},\"thumbnailUrl\":\"https:\/\/apuntesdesanluis.com\/wp-content\/uploads\/2024\/08\/bartolo-abdala-presidente-provisional-senado.png\",\"articleSection\":[\"Opini\u00f3n\"],\"inLanguage\":\"es-AR\"},{\"@type\":\"WebPage\",\"@id\":\"https:\/\/apuntesdesanluis.com\/index.php\/2025\/01\/31\/bartolo-abdala-expone-en-peru-el-modelo-de-lla-y-sube-el-perfil-politico\/\",\"url\":\"https:\/\/apuntesdesanluis.com\/index.php\/2025\/01\/31\/bartolo-abdala-expone-en-peru-el-modelo-de-lla-y-sube-el-perfil-politico\/\",\"name\":\"BARTOLO ABDALA EXPONE EN PER\u00da EL MODELO DE LLA Y SUBE EL PERFIL POL\u00cdTICO - Apuntes de San Luis\",\"isPartOf\":{\"@id\":\"https:\/\/apuntesdesanluis.com\/#website\"},\"primaryImageOfPage\":{\"@id\":\"https:\/\/apuntesdesanluis.com\/index.php\/2025\/01\/31\/bartolo-abdala-expone-en-peru-el-modelo-de-lla-y-sube-el-perfil-politico\/#primaryimage\"},\"image\":{\"@id\":\"https:\/\/apuntesdesanluis.com\/index.php\/2025\/01\/31\/bartolo-abdala-expone-en-peru-el-modelo-de-lla-y-sube-el-perfil-politico\/#primaryimage\"},\"thumbnailUrl\":\"https:\/\/apuntesdesanluis.com\/wp-content\/uploads\/2024\/08\/bartolo-abdala-presidente-provisional-senado.png\",\"datePublished\":\"2025-01-31T13:05:31+00:00\",\"dateModified\":\"2025-01-31T13:07:32+00:00\",\"breadcrumb\":{\"@id\":\"https:\/\/apuntesdesanluis.com\/index.php\/2025\/01\/31\/bartolo-abdala-expone-en-peru-el-modelo-de-lla-y-sube-el-perfil-politico\/#breadcrumb\"},\"inLanguage\":\"es-AR\",\"potentialAction\":[{\"@type\":\"ReadAction\",\"target\":[\"https:\/\/apuntesdesanluis.com\/index.php\/2025\/01\/31\/bartolo-abdala-expone-en-peru-el-modelo-de-lla-y-sube-el-perfil-politico\/\"]}]},{\"@type\":\"ImageObject\",\"inLanguage\":\"es-AR\",\"@id\":\"https:\/\/apuntesdesanluis.com\/index.php\/2025\/01\/31\/bartolo-abdala-expone-en-peru-el-modelo-de-lla-y-sube-el-perfil-politico\/#primaryimage\",\"url\":\"https:\/\/apuntesdesanluis.com\/wp-content\/uploads\/2024\/08\/bartolo-abdala-presidente-provisional-senado.png\",\"contentUrl\":\"https:\/\/apuntesdesanluis.com\/wp-content\/uploads\/2024\/08\/bartolo-abdala-presidente-provisional-senado.png\",\"width\":616,\"height\":376},{\"@type\":\"BreadcrumbList\",\"@id\":\"https:\/\/apuntesdesanluis.com\/index.php\/2025\/01\/31\/bartolo-abdala-expone-en-peru-el-modelo-de-lla-y-sube-el-perfil-politico\/#breadcrumb\",\"itemListElement\":[{\"@type\":\"ListItem\",\"position\":1,\"name\":\"Inicio\",\"item\":\"https:\/\/apuntesdesanluis.com\/\"},{\"@type\":\"ListItem\",\"position\":2,\"name\":\"BARTOLO ABDALA EXPONE EN PER\u00da EL MODELO DE LLA Y SUBE EL PERFIL POL\u00cdTICO\"}]},{\"@type\":\"WebSite\",\"@id\":\"https:\/\/apuntesdesanluis.com\/#website\",\"url\":\"https:\/\/apuntesdesanluis.com\/\",\"name\":\"Apuntes de San Luis\",\"description\":\"\",\"publisher\":{\"@id\":\"https:\/\/apuntesdesanluis.com\/#\/schema\/person\/b55151d52296fcce64d1a72538a70b90\"},\"potentialAction\":[{\"@type\":\"SearchAction\",\"target\":{\"@type\":\"EntryPoint\",\"urlTemplate\":\"https:\/\/apuntesdesanluis.com\/?s={search_term_string}\"},\"query-input\":{\"@type\":\"PropertyValueSpecification\",\"valueRequired\":true,\"valueName\":\"search_term_string\"}}],\"inLanguage\":\"es-AR\"},{\"@type\":[\"Person\",\"Organization\"],\"@id\":\"https:\/\/apuntesdesanluis.com\/#\/schema\/person\/b55151d52296fcce64d1a72538a70b90\",\"name\":\"apuntesdesanluis.com\",\"image\":{\"@type\":\"ImageObject\",\"inLanguage\":\"es-AR\",\"@id\":\"https:\/\/apuntesdesanluis.com\/#\/schema\/person\/image\/\",\"url\":\"https:\/\/apuntesdesanluis.com\/wp-content\/uploads\/2023\/07\/cropped-apuntesdesanluis.png\",\"contentUrl\":\"https:\/\/apuntesdesanluis.com\/wp-content\/uploads\/2023\/07\/cropped-apuntesdesanluis.png\",\"width\":450,\"height\":112,\"caption\":\"apuntesdesanluis.com\"},\"logo\":{\"@id\":\"https:\/\/apuntesdesanluis.com\/#\/schema\/person\/image\/\"},\"sameAs\":[\"https:\/\/apuntesdesanluis.com\"],\"url\":\"https:\/\/apuntesdesanluis.com\/index.php\/author\/apuntesdesanluis-com\/\"}]}<\/script>\n<!-- \/ Yoast SEO plugin. -->","yoast_head_json":{"title":"BARTOLO ABDALA EXPONE EN PER\u00da EL MODELO DE LLA Y SUBE EL PERFIL POL\u00cdTICO - Apuntes de San Luis","robots":{"index":"index","follow":"follow","max-snippet":"max-snippet:-1","max-image-preview":"max-image-preview:large","max-video-preview":"max-video-preview:-1"},"canonical":"https:\/\/apuntesdesanluis.com\/index.php\/2025\/01\/31\/bartolo-abdala-expone-en-peru-el-modelo-de-lla-y-sube-el-perfil-politico\/","og_locale":"es_ES","og_type":"article","og_title":"BARTOLO ABDALA EXPONE EN PER\u00da EL MODELO DE LLA Y SUBE EL PERFIL POL\u00cdTICO - Apuntes de San Luis","og_description":"El presidente provisional del Senado de la Naci\u00f3n, Bartolom\u00e9 Abdala, disertar\u00e1 este viernes 31 en...","og_url":"https:\/\/apuntesdesanluis.com\/index.php\/2025\/01\/31\/bartolo-abdala-expone-en-peru-el-modelo-de-lla-y-sube-el-perfil-politico\/","og_site_name":"Apuntes de San Luis","article_published_time":"2025-01-31T13:05:31+00:00","article_modified_time":"2025-01-31T13:07:32+00:00","og_image":[{"width":616,"height":376,"url":"https:\/\/apuntesdesanluis.com\/wp-content\/uploads\/2024\/08\/bartolo-abdala-presidente-provisional-senado.png","type":"image\/png"}],"author":"apuntesdesanluis.com","twitter_card":"summary_large_image","twitter_misc":{"Escrito por":"apuntesdesanluis.com","Tiempo de lectura":"2 minutos"},"schema":{"@context":"https:\/\/schema.org","@graph":[{"@type":"Article","@id":"https:\/\/apuntesdesanluis.com\/index.php\/2025\/01\/31\/bartolo-abdala-expone-en-peru-el-modelo-de-lla-y-sube-el-perfil-politico\/#article","isPartOf":{"@id":"https:\/\/apuntesdesanluis.com\/index.php\/2025\/01\/31\/bartolo-abdala-expone-en-peru-el-modelo-de-lla-y-sube-el-perfil-politico\/"},"author":{"name":"apuntesdesanluis.com","@id":"https:\/\/apuntesdesanluis.com\/#\/schema\/person\/b55151d52296fcce64d1a72538a70b90"},"headline":"BARTOLO ABDALA EXPONE EN PER\u00da EL MODELO DE LLA Y SUBE EL PERFIL POL\u00cdTICO","datePublished":"2025-01-31T13:05:31+00:00","dateModified":"2025-01-31T13:07:32+00:00","mainEntityOfPage":{"@id":"https:\/\/apuntesdesanluis.com\/index.php\/2025\/01\/31\/bartolo-abdala-expone-en-peru-el-modelo-de-lla-y-sube-el-perfil-politico\/"},"wordCount":307,"publisher":{"@id":"https:\/\/apuntesdesanluis.com\/#\/schema\/person\/b55151d52296fcce64d1a72538a70b90"},"image":{"@id":"https:\/\/apuntesdesanluis.com\/index.php\/2025\/01\/31\/bartolo-abdala-expone-en-peru-el-modelo-de-lla-y-sube-el-perfil-politico\/#primaryimage"},"thumbnailUrl":"https:\/\/apuntesdesanluis.com\/wp-content\/uploads\/2024\/08\/bartolo-abdala-presidente-provisional-senado.png","articleSection":["Opini\u00f3n"],"inLanguage":"es-AR"},{"@type":"WebPage","@id":"https:\/\/apuntesdesanluis.com\/index.php\/2025\/01\/31\/bartolo-abdala-expone-en-peru-el-modelo-de-lla-y-sube-el-perfil-politico\/","url":"https:\/\/apuntesdesanluis.com\/index.php\/2025\/01\/31\/bartolo-abdala-expone-en-peru-el-modelo-de-lla-y-sube-el-perfil-politico\/","name":"BARTOLO ABDALA EXPONE EN PER\u00da EL MODELO DE LLA Y SUBE EL PERFIL POL\u00cdTICO - Apuntes de San Luis","isPartOf":{"@id":"https:\/\/apuntesdesanluis.com\/#website"},"primaryImageOfPage":{"@id":"https:\/\/apuntesdesanluis.com\/index.php\/2025\/01\/31\/bartolo-abdala-expone-en-peru-el-modelo-de-lla-y-sube-el-perfil-politico\/#primaryimage"},"image":{"@id":"https:\/\/apuntesdesanluis.com\/index.php\/2025\/01\/31\/bartolo-abdala-expone-en-peru-el-modelo-de-lla-y-sube-el-perfil-politico\/#primaryimage"},"thumbnailUrl":"https:\/\/apuntesdesanluis.com\/wp-content\/uploads\/2024\/08\/bartolo-abdala-presidente-provisional-senado.png","datePublished":"2025-01-31T13:05:31+00:00","dateModified":"2025-01-31T13:07:32+00:00","breadcrumb":{"@id":"https:\/\/apuntesdesanluis.com\/index.php\/2025\/01\/31\/bartolo-abdala-expone-en-peru-el-modelo-de-lla-y-sube-el-perfil-politico\/#breadcrumb"},"inLanguage":"es-AR","potentialAction":[{"@type":"ReadAction","target":["https:\/\/apuntesdesanluis.com\/index.php\/2025\/01\/31\/bartolo-abdala-expone-en-peru-el-modelo-de-lla-y-sube-el-perfil-politico\/"]}]},{"@type":"ImageObject","inLanguage":"es-AR","@id":"https:\/\/apuntesdesanluis.com\/index.php\/2025\/01\/31\/bartolo-abdala-expone-en-peru-el-modelo-de-lla-y-sube-el-perfil-politico\/#primaryimage","url":"https:\/\/apuntesdesanluis.com\/wp-content\/uploads\/2024\/08\/bartolo-abdala-presidente-provisional-senado.png","contentUrl":"https:\/\/apuntesdesanluis.com\/wp-content\/uploads\/2024\/08\/bartolo-abdala-presidente-provisional-senado.png","width":616,"height":376},{"@type":"BreadcrumbList","@id":"https:\/\/apuntesdesanluis.com\/index.php\/2025\/01\/31\/bartolo-abdala-expone-en-peru-el-modelo-de-lla-y-sube-el-perfil-politico\/#breadcrumb","itemListElement":[{"@type":"ListItem","position":1,"name":"Inicio","item":"https:\/\/apuntesdesanluis.com\/"},{"@type":"ListItem","position":2,"name":"BARTOLO ABDALA EXPONE EN PER\u00da EL MODELO DE LLA Y SUBE EL PERFIL POL\u00cdTICO"}]},{"@type":"WebSite","@id":"https:\/\/apuntesdesanluis.com\/#website","url":"https:\/\/apuntesdesanluis.com\/","name":"Apuntes de San Luis","description":"","publisher":{"@id":"https:\/\/apuntesdesanluis.com\/#\/schema\/person\/b55151d52296fcce64d1a72538a70b90"},"potentialAction":[{"@type":"SearchAction","target":{"@type":"EntryPoint","urlTemplate":"https:\/\/apuntesdesanluis.com\/?s={search_term_string}"},"query-input":{"@type":"PropertyValueSpecification","valueRequired":true,"valueName":"search_term_string"}}],"inLanguage":"es-AR"},{"@type":["Person","Organization"],"@id":"https:\/\/apuntesdesanluis.com\/#\/schema\/person\/b55151d52296fcce64d1a72538a70b90","name":"apuntesdesanluis.com","image":{"@type":"ImageObject","inLanguage":"es-AR","@id":"https:\/\/apuntesdesanluis.com\/#\/schema\/person\/image\/","url":"https:\/\/apuntesdesanluis.com\/wp-content\/uploads\/2023\/07\/cropped-apuntesdesanluis.png","contentUrl":"https:\/\/apuntesdesanluis.com\/wp-content\/uploads\/2023\/07\/cropped-apuntesdesanluis.png","width":450,"height":112,"caption":"apuntesdesanluis.com"},"logo":{"@id":"https:\/\/apuntesdesanluis.com\/#\/schema\/person\/image\/"},"sameAs":["https:\/\/apuntesdesanluis.com"],"url":"https:\/\/apuntesdesanluis.com\/index.php\/author\/apuntesdesanluis-com\/"}]}},"featured_image_urls":{"full":["https:\/\/apuntesdesanluis.com\/wp-content\/uploads\/2024\/08\/bartolo-abdala-presidente-provisional-senado.png",616,376,false],"thumbnail":["https:\/\/apuntesdesanluis.com\/wp-content\/uploads\/2024\/08\/bartolo-abdala-presidente-provisional-senado-150x150.png",150,150,true],"medium":["https:\/\/apuntesdesanluis.com\/wp-content\/uploads\/2024\/08\/bartolo-abdala-presidente-provisional-senado-300x183.png",300,183,true],"medium_large":["https:\/\/apuntesdesanluis.com\/wp-content\/uploads\/2024\/08\/bartolo-abdala-presidente-provisional-senado.png",616,376,false],"large":["https:\/\/apuntesdesanluis.com\/wp-content\/uploads\/2024\/08\/bartolo-abdala-presidente-provisional-senado.png",616,376,false],"1536x1536":["https:\/\/apuntesdesanluis.com\/wp-content\/uploads\/2024\/08\/bartolo-abdala-presidente-provisional-senado.png",616,376,false],"2048x2048":["https:\/\/apuntesdesanluis.com\/wp-content\/uploads\/2024\/08\/bartolo-abdala-presidente-provisional-senado.png",616,376,false],"newsever-slider-full":["https:\/\/apuntesdesanluis.com\/wp-content\/uploads\/2024\/08\/bartolo-abdala-presidente-provisional-senado.png",616,376,false],"newsever-featured":["https:\/\/apuntesdesanluis.com\/wp-content\/uploads\/2024\/08\/bartolo-abdala-presidente-provisional-senado.png",616,376,false],"newsever-medium":["https:\/\/apuntesdesanluis.com\/wp-content\/uploads\/2024\/08\/bartolo-abdala-presidente-provisional-senado.png",616,376,false]},"author_info":{"display_name":"apuntesdesanluis.com","author_link":"https:\/\/apuntesdesanluis.com\/index.php\/author\/apuntesdesanluis-com\/"},"category_info":"<a href=\"https:\/\/apuntesdesanluis.com\/index.php\/category\/opinion\/\" rel=\"category tag\">Opini\u00f3n<\/a>","tag_info":"Opini\u00f3n","comment_count":"0","_links":{"self":[{"href":"https:\/\/apuntesdesanluis.com\/index.php\/wp-json\/wp\/v2\/posts\/28507","targetHints":{"allow":["GET"]}}],"collection":[{"href":"https:\/\/apuntesdesanluis.com\/index.php\/wp-json\/wp\/v2\/posts"}],"about":[{"href":"https:\/\/apuntesdesanluis.com\/index.php\/wp-json\/wp\/v2\/types\/post"}],"author":[{"embeddable":true,"href":"https:\/\/apuntesdesanluis.com\/index.php\/wp-json\/wp\/v2\/users\/1"}],"replies":[{"embeddable":true,"href":"https:\/\/apuntesdesanluis.com\/index.php\/wp-json\/wp\/v2\/comments?post=28507"}],"version-history":[{"count":2,"href":"https:\/\/apuntesdesanluis.com\/index.php\/wp-json\/wp\/v2\/posts\/28507\/revisions"}],"predecessor-version":[{"id":28511,"href":"https:\/\/apuntesdesanluis.com\/index.php\/wp-json\/wp\/v2\/posts\/28507\/revisions\/28511"}],"wp:featuredmedia":[{"embeddable":true,"href":"https:\/\/apuntesdesanluis.com\/index.php\/wp-json\/wp\/v2\/media\/20407"}],"wp:attachment":[{"href":"https:\/\/apuntesdesanluis.com\/index.php\/wp-json\/wp\/v2\/media?parent=28507"}],"wp:term":[{"taxonomy":"category","embeddable":true,"href":"https:\/\/apuntesdesanluis.com\/index.php\/wp-json\/wp\/v2\/categories?post=28507"},{"taxonomy":"post_tag","embeddable":true,"href":"https:\/\/apuntesdesanluis.com\/index.php\/wp-json\/wp\/v2\/tags?post=28507"}],"curies":[{"name":"wp","href":"https:\/\/api.w.org\/{rel}","templated":true}]}}