{"id":28512,"date":"2025-01-31T21:18:09","date_gmt":"2025-02-01T00:18:09","guid":{"rendered":"https:\/\/apuntesdesanluis.com\/?p=28512"},"modified":"2025-01-31T21:38:13","modified_gmt":"2025-02-01T00:38:13","slug":"geriatrico-del-horror-la-autoridad-de-aplicacion-es-la-provincia-afirmo-dominguez","status":"publish","type":"post","link":"https:\/\/apuntesdesanluis.com\/index.php\/2025\/01\/31\/geriatrico-del-horror-la-autoridad-de-aplicacion-es-la-provincia-afirmo-dominguez\/","title":{"rendered":"GERI\u00c1TRICO DEL HORROR: \u201cLA AUTORIDAD DE APLICACI\u00d3N ES LA PROVINCIA\u201d, AFIRM\u00d3 DOM\u00cdNGUEZ"},"content":{"rendered":"<h3>El intendente de Justo Daract, <strong>Alfredo Dom\u00ednguez<\/strong>, afirm\u00f3 que el geri\u00e1trico de esa localidad no estaba habilitado por la municipalidad, dado que quien tiene esa atribuci\u00f3n por ley es el gobierno provincial, a trav\u00e9s del Ministerio de Salud. Tambi\u00e9n inform\u00f3, no obstante, que dispuso una &#8220;investigaci\u00f3n interna de las \u00e1reas competentes municipales para ver en qu\u00e9 se pudo haber fallado&#8221;.<\/h3>\n<h3>\u201cTodo esto que ha trascendido es un horror y nos ha partido el coraz\u00f3n a todos\u201d, indic\u00f3 el jefe comunal, expresando que el municipio est\u00e1 acompa\u00f1ando y colaborando en el proceso de investigaci\u00f3n que ha ordenado la justicia, en torno de la clausura del geri\u00e1trico por la existencia de malos tratos y abandono de adultos mayores, como est\u00e1 caratulada la causa.<\/h3>\n<p><img fetchpriority=\"high\" decoding=\"async\" class=\"wp-image-28190 aligncenter\" src=\"https:\/\/apuntesdesanluis.com\/wp-content\/uploads\/2025\/01\/cama-geriatrico-1-284x300.jpg\" alt=\"\" width=\"653\" height=\"690\" srcset=\"https:\/\/apuntesdesanluis.com\/wp-content\/uploads\/2025\/01\/cama-geriatrico-1-284x300.jpg 284w, https:\/\/apuntesdesanluis.com\/wp-content\/uploads\/2025\/01\/cama-geriatrico-1.jpg 695w\" sizes=\"(max-width: 653px) 100vw, 653px\" \/><\/p>\n<h3>El dirigente ofreci\u00f3 una entrevista exclusiva al periodista <strong>Alejandro Bustos<\/strong>, en su programa \u201cBuenos d\u00eda, mi gente\u201d, a trav\u00e9s de <strong>FM Splendid 99.5<\/strong> de Villa Mercedes.<\/h3>\n<h3>Dom\u00ednguez aclar\u00f3 que el municipio no tiene competencia \u201cen la habilitaci\u00f3n, control y clausura\u201d de este tipo de rubros, sino que lo hace la provincia \u201ca trav\u00e9s del Programa Salud, de ese ministerio, por medio del hospital de Justo Daract. As\u00ed lo se\u00f1ala el art. 11 la Ley N\u00b0 0017\u201d.<\/h3>\n<h3><img decoding=\"async\" class=\"wp-image-28513 aligncenter\" src=\"https:\/\/apuntesdesanluis.com\/wp-content\/uploads\/2025\/01\/cuadro-con-articulo-300x99.png\" alt=\"\" width=\"648\" height=\"214\" srcset=\"https:\/\/apuntesdesanluis.com\/wp-content\/uploads\/2025\/01\/cuadro-con-articulo-300x99.png 300w, https:\/\/apuntesdesanluis.com\/wp-content\/uploads\/2025\/01\/cuadro-con-articulo.png 581w\" sizes=\"(max-width: 648px) 100vw, 648px\" \/><\/h3>\n<h3>\u201cEstamos preocupados, ocupados y totalmente doloridos \u2013enfatiz\u00f3-, desconoc\u00edamos la situaci\u00f3n de los internos porque nunca ning\u00fan familiar o vecino hizo ninguna denuncia, nos enteramos por el oficio judicial\u201d, se\u00f1al\u00f3.<\/h3>\n<h3>Por otro lado, desminti\u00f3 que el geri\u00e1trico estuviera habilitado. \u201cFue habilitado en otra gesti\u00f3n, pero desde 2019 no lo estuvo y tampoco tribut\u00f3 al municipio, porque la habilitaci\u00f3n no es nuestra responsabilidad sino de la provincia, que ejerce la fiscalizaci\u00f3n a trav\u00e9s de la direcci\u00f3n del hospital, que es quien dispuso la clausura\u201d, reiter\u00f3. Y sum\u00f3 adem\u00e1s: &#8220;Incluso tengo entendido que el m\u00e9dico del geri\u00e1trico es un profesional del propio hospital&#8221;.<\/h3>\n<h3>Con respecto al accionar de concejales de la oposici\u00f3n, Dom\u00ednguez cuestion\u00f3 que \u201chay un caranchismo inconcebible, yo dir\u00eda irresponsable, por eso he tratado de mantener esto en total seriedad, para que no quede como una discusi\u00f3n pol\u00edtica, porque se est\u00e1 buscando un culpable\u201d.<\/h3>\n<h3>\u201cClaro que hay responsabilidades \u2013reconoci\u00f3-. \u00bfEl Estado nacional d\u00f3nde est\u00e1? El Estado provincial d\u00f3nde est\u00e1? Hay una precarizaci\u00f3n total en esto. La Municipalidad tambi\u00e9n es una instituci\u00f3n, pero es el primer escal\u00f3n que est\u00e1 inmerso en eso, porque este tipo de lugares funcionan en las ciudades\u201d, pero insisti\u00f3 que no es de su competencia.<\/h3>\n<h3>Respecto al pedido de sesi\u00f3n extraordinaria que solicitaron los ediles opositores, quienes afirmaron que la intendencia se niega a dar explicaciones, el jefe comunal daractense indic\u00f3: \u201cEl oficio entr\u00f3 ayer, pero no lo han pedido oficialmente. Pero tampoco hace falta, porque aqu\u00ed nos conocemos todos. No tenemos nada que esconder, porque esto es un gran dolor, aqu\u00ed no hay juego oculto\u201d.<\/h3>\n<h3>No obstante inform\u00f3 que el lunes pasado firm\u00f3 un decreto a trav\u00e9s del cual instruy\u00f3 al \u00e1rea de Acci\u00f3n Social para que se ocupe del tema, b\u00e1sicamente de la contenci\u00f3n y asistencia de los ancianos, y otro art\u00edculo dispone una \u201cinvestigaci\u00f3n administrativa de las responsabilidades internas de las \u00e1reas competentes de la municipalidad, para ver en qu\u00e9 se pudo haber fallado\u201d.<\/h3>\n<p>&nbsp;<\/p>\n<h3><strong>VER:\u00a0<\/strong> <a href=\"https:\/\/apuntesdesanluis.com\/wp-content\/uploads\/2025\/01\/Norma-1.pdf\" target=\"_blank\" rel=\"noopener\"><span style=\"color: #3366ff;\"><strong>Ley N\u00b0 0017<\/strong><\/span><\/a><\/h3>\n<p>&nbsp;<\/p>\n<p>&nbsp;<\/p>\n<p>&nbsp;<\/p>\n<p>&nbsp;<\/p>\n<p>&nbsp;<\/p>\n<p>&nbsp;<\/p>\n","protected":false},"excerpt":{"rendered":"<p>El intendente de Justo Daract, Alfredo Dom\u00ednguez, afirm\u00f3 que el geri\u00e1trico de esa localidad no&#8230;<\/p>\n","protected":false},"author":1,"featured_media":28514,"comment_status":"closed","ping_status":"closed","sticky":false,"template":"","format":"standard","meta":{"footnotes":""},"categories":[6],"tags":[],"class_list":["post-28512","post","type-post","status-publish","format-standard","has-post-thumbnail","hentry","category-ciudad-provincia"],"yoast_head":"<!-- This site is optimized with the Yoast SEO plugin v26.1.1 - https:\/\/yoast.com\/wordpress\/plugins\/seo\/ -->\n<title>GERI\u00c1TRICO DEL HORROR: \u201cLA AUTORIDAD DE APLICACI\u00d3N ES LA PROVINCIA\u201d, AFIRM\u00d3 DOM\u00cdNGUEZ - Apuntes de San Luis<\/title>\n<meta name=\"robots\" content=\"index, follow, max-snippet:-1, max-image-preview:large, max-video-preview:-1\" \/>\n<link rel=\"canonical\" href=\"https:\/\/apuntesdesanluis.com\/index.php\/2025\/01\/31\/geriatrico-del-horror-la-autoridad-de-aplicacion-es-la-provincia-afirmo-dominguez\/\" \/>\n<meta property=\"og:locale\" content=\"es_ES\" \/>\n<meta property=\"og:type\" content=\"article\" \/>\n<meta property=\"og:title\" content=\"GERI\u00c1TRICO DEL HORROR: \u201cLA AUTORIDAD DE APLICACI\u00d3N ES LA PROVINCIA\u201d, AFIRM\u00d3 DOM\u00cdNGUEZ - Apuntes de San Luis\" \/>\n<meta property=\"og:description\" content=\"El intendente de Justo Daract, Alfredo Dom\u00ednguez, afirm\u00f3 que el geri\u00e1trico de esa localidad no...\" \/>\n<meta property=\"og:url\" content=\"https:\/\/apuntesdesanluis.com\/index.php\/2025\/01\/31\/geriatrico-del-horror-la-autoridad-de-aplicacion-es-la-provincia-afirmo-dominguez\/\" \/>\n<meta property=\"og:site_name\" content=\"Apuntes de San Luis\" \/>\n<meta property=\"article:published_time\" content=\"2025-02-01T00:18:09+00:00\" \/>\n<meta property=\"article:modified_time\" content=\"2025-02-01T00:38:13+00:00\" \/>\n<meta property=\"og:image\" content=\"https:\/\/apuntesdesanluis.com\/wp-content\/uploads\/2025\/01\/dominguez-y-alejandro-bustos.png\" \/>\n\t<meta property=\"og:image:width\" content=\"551\" \/>\n\t<meta property=\"og:image:height\" content=\"379\" \/>\n\t<meta property=\"og:image:type\" content=\"image\/png\" \/>\n<meta name=\"author\" content=\"apuntesdesanluis.com\" \/>\n<meta name=\"twitter:card\" content=\"summary_large_image\" \/>\n<meta name=\"twitter:label1\" content=\"Escrito por\" \/>\n\t<meta name=\"twitter:data1\" content=\"apuntesdesanluis.com\" \/>\n\t<meta name=\"twitter:label2\" content=\"Tiempo de lectura\" \/>\n\t<meta name=\"twitter:data2\" content=\"3 minutos\" \/>\n<script type=\"application\/ld+json\" class=\"yoast-schema-graph\">{\"@context\":\"https:\/\/schema.org\",\"@graph\":[{\"@type\":\"Article\",\"@id\":\"https:\/\/apuntesdesanluis.com\/index.php\/2025\/01\/31\/geriatrico-del-horror-la-autoridad-de-aplicacion-es-la-provincia-afirmo-dominguez\/#article\",\"isPartOf\":{\"@id\":\"https:\/\/apuntesdesanluis.com\/index.php\/2025\/01\/31\/geriatrico-del-horror-la-autoridad-de-aplicacion-es-la-provincia-afirmo-dominguez\/\"},\"author\":{\"name\":\"apuntesdesanluis.com\",\"@id\":\"https:\/\/apuntesdesanluis.com\/#\/schema\/person\/b55151d52296fcce64d1a72538a70b90\"},\"headline\":\"GERI\u00c1TRICO DEL HORROR: \u201cLA AUTORIDAD DE APLICACI\u00d3N ES LA PROVINCIA\u201d, AFIRM\u00d3 DOM\u00cdNGUEZ\",\"datePublished\":\"2025-02-01T00:18:09+00:00\",\"dateModified\":\"2025-02-01T00:38:13+00:00\",\"mainEntityOfPage\":{\"@id\":\"https:\/\/apuntesdesanluis.com\/index.php\/2025\/01\/31\/geriatrico-del-horror-la-autoridad-de-aplicacion-es-la-provincia-afirmo-dominguez\/\"},\"wordCount\":586,\"publisher\":{\"@id\":\"https:\/\/apuntesdesanluis.com\/#\/schema\/person\/b55151d52296fcce64d1a72538a70b90\"},\"image\":{\"@id\":\"https:\/\/apuntesdesanluis.com\/index.php\/2025\/01\/31\/geriatrico-del-horror-la-autoridad-de-aplicacion-es-la-provincia-afirmo-dominguez\/#primaryimage\"},\"thumbnailUrl\":\"https:\/\/apuntesdesanluis.com\/wp-content\/uploads\/2025\/01\/dominguez-y-alejandro-bustos.png\",\"articleSection\":[\"Ciudad\/Provincia\"],\"inLanguage\":\"es-AR\"},{\"@type\":\"WebPage\",\"@id\":\"https:\/\/apuntesdesanluis.com\/index.php\/2025\/01\/31\/geriatrico-del-horror-la-autoridad-de-aplicacion-es-la-provincia-afirmo-dominguez\/\",\"url\":\"https:\/\/apuntesdesanluis.com\/index.php\/2025\/01\/31\/geriatrico-del-horror-la-autoridad-de-aplicacion-es-la-provincia-afirmo-dominguez\/\",\"name\":\"GERI\u00c1TRICO DEL HORROR: \u201cLA AUTORIDAD DE APLICACI\u00d3N ES LA PROVINCIA\u201d, AFIRM\u00d3 DOM\u00cdNGUEZ - Apuntes de San Luis\",\"isPartOf\":{\"@id\":\"https:\/\/apuntesdesanluis.com\/#website\"},\"primaryImageOfPage\":{\"@id\":\"https:\/\/apuntesdesanluis.com\/index.php\/2025\/01\/31\/geriatrico-del-horror-la-autoridad-de-aplicacion-es-la-provincia-afirmo-dominguez\/#primaryimage\"},\"image\":{\"@id\":\"https:\/\/apuntesdesanluis.com\/index.php\/2025\/01\/31\/geriatrico-del-horror-la-autoridad-de-aplicacion-es-la-provincia-afirmo-dominguez\/#primaryimage\"},\"thumbnailUrl\":\"https:\/\/apuntesdesanluis.com\/wp-content\/uploads\/2025\/01\/dominguez-y-alejandro-bustos.png\",\"datePublished\":\"2025-02-01T00:18:09+00:00\",\"dateModified\":\"2025-02-01T00:38:13+00:00\",\"breadcrumb\":{\"@id\":\"https:\/\/apuntesdesanluis.com\/index.php\/2025\/01\/31\/geriatrico-del-horror-la-autoridad-de-aplicacion-es-la-provincia-afirmo-dominguez\/#breadcrumb\"},\"inLanguage\":\"es-AR\",\"potentialAction\":[{\"@type\":\"ReadAction\",\"target\":[\"https:\/\/apuntesdesanluis.com\/index.php\/2025\/01\/31\/geriatrico-del-horror-la-autoridad-de-aplicacion-es-la-provincia-afirmo-dominguez\/\"]}]},{\"@type\":\"ImageObject\",\"inLanguage\":\"es-AR\",\"@id\":\"https:\/\/apuntesdesanluis.com\/index.php\/2025\/01\/31\/geriatrico-del-horror-la-autoridad-de-aplicacion-es-la-provincia-afirmo-dominguez\/#primaryimage\",\"url\":\"https:\/\/apuntesdesanluis.com\/wp-content\/uploads\/2025\/01\/dominguez-y-alejandro-bustos.png\",\"contentUrl\":\"https:\/\/apuntesdesanluis.com\/wp-content\/uploads\/2025\/01\/dominguez-y-alejandro-bustos.png\",\"width\":551,\"height\":379},{\"@type\":\"BreadcrumbList\",\"@id\":\"https:\/\/apuntesdesanluis.com\/index.php\/2025\/01\/31\/geriatrico-del-horror-la-autoridad-de-aplicacion-es-la-provincia-afirmo-dominguez\/#breadcrumb\",\"itemListElement\":[{\"@type\":\"ListItem\",\"position\":1,\"name\":\"Inicio\",\"item\":\"https:\/\/apuntesdesanluis.com\/\"},{\"@type\":\"ListItem\",\"position\":2,\"name\":\"GERI\u00c1TRICO DEL HORROR: \u201cLA AUTORIDAD DE APLICACI\u00d3N ES LA PROVINCIA\u201d, AFIRM\u00d3 DOM\u00cdNGUEZ\"}]},{\"@type\":\"WebSite\",\"@id\":\"https:\/\/apuntesdesanluis.com\/#website\",\"url\":\"https:\/\/apuntesdesanluis.com\/\",\"name\":\"Apuntes de San Luis\",\"description\":\"\",\"publisher\":{\"@id\":\"https:\/\/apuntesdesanluis.com\/#\/schema\/person\/b55151d52296fcce64d1a72538a70b90\"},\"potentialAction\":[{\"@type\":\"SearchAction\",\"target\":{\"@type\":\"EntryPoint\",\"urlTemplate\":\"https:\/\/apuntesdesanluis.com\/?s={search_term_string}\"},\"query-input\":{\"@type\":\"PropertyValueSpecification\",\"valueRequired\":true,\"valueName\":\"search_term_string\"}}],\"inLanguage\":\"es-AR\"},{\"@type\":[\"Person\",\"Organization\"],\"@id\":\"https:\/\/apuntesdesanluis.com\/#\/schema\/person\/b55151d52296fcce64d1a72538a70b90\",\"name\":\"apuntesdesanluis.com\",\"image\":{\"@type\":\"ImageObject\",\"inLanguage\":\"es-AR\",\"@id\":\"https:\/\/apuntesdesanluis.com\/#\/schema\/person\/image\/\",\"url\":\"https:\/\/apuntesdesanluis.com\/wp-content\/uploads\/2023\/07\/cropped-apuntesdesanluis.png\",\"contentUrl\":\"https:\/\/apuntesdesanluis.com\/wp-content\/uploads\/2023\/07\/cropped-apuntesdesanluis.png\",\"width\":450,\"height\":112,\"caption\":\"apuntesdesanluis.com\"},\"logo\":{\"@id\":\"https:\/\/apuntesdesanluis.com\/#\/schema\/person\/image\/\"},\"sameAs\":[\"https:\/\/apuntesdesanluis.com\"],\"url\":\"https:\/\/apuntesdesanluis.com\/index.php\/author\/apuntesdesanluis-com\/\"}]}<\/script>\n<!-- \/ Yoast SEO plugin. -->","yoast_head_json":{"title":"GERI\u00c1TRICO DEL HORROR: \u201cLA AUTORIDAD DE APLICACI\u00d3N ES LA PROVINCIA\u201d, AFIRM\u00d3 DOM\u00cdNGUEZ - Apuntes de San Luis","robots":{"index":"index","follow":"follow","max-snippet":"max-snippet:-1","max-image-preview":"max-image-preview:large","max-video-preview":"max-video-preview:-1"},"canonical":"https:\/\/apuntesdesanluis.com\/index.php\/2025\/01\/31\/geriatrico-del-horror-la-autoridad-de-aplicacion-es-la-provincia-afirmo-dominguez\/","og_locale":"es_ES","og_type":"article","og_title":"GERI\u00c1TRICO DEL HORROR: \u201cLA AUTORIDAD DE APLICACI\u00d3N ES LA PROVINCIA\u201d, AFIRM\u00d3 DOM\u00cdNGUEZ - Apuntes de San Luis","og_description":"El intendente de Justo Daract, Alfredo Dom\u00ednguez, afirm\u00f3 que el geri\u00e1trico de esa localidad no...","og_url":"https:\/\/apuntesdesanluis.com\/index.php\/2025\/01\/31\/geriatrico-del-horror-la-autoridad-de-aplicacion-es-la-provincia-afirmo-dominguez\/","og_site_name":"Apuntes de San Luis","article_published_time":"2025-02-01T00:18:09+00:00","article_modified_time":"2025-02-01T00:38:13+00:00","og_image":[{"width":551,"height":379,"url":"https:\/\/apuntesdesanluis.com\/wp-content\/uploads\/2025\/01\/dominguez-y-alejandro-bustos.png","type":"image\/png"}],"author":"apuntesdesanluis.com","twitter_card":"summary_large_image","twitter_misc":{"Escrito por":"apuntesdesanluis.com","Tiempo de lectura":"3 minutos"},"schema":{"@context":"https:\/\/schema.org","@graph":[{"@type":"Article","@id":"https:\/\/apuntesdesanluis.com\/index.php\/2025\/01\/31\/geriatrico-del-horror-la-autoridad-de-aplicacion-es-la-provincia-afirmo-dominguez\/#article","isPartOf":{"@id":"https:\/\/apuntesdesanluis.com\/index.php\/2025\/01\/31\/geriatrico-del-horror-la-autoridad-de-aplicacion-es-la-provincia-afirmo-dominguez\/"},"author":{"name":"apuntesdesanluis.com","@id":"https:\/\/apuntesdesanluis.com\/#\/schema\/person\/b55151d52296fcce64d1a72538a70b90"},"headline":"GERI\u00c1TRICO DEL HORROR: \u201cLA AUTORIDAD DE APLICACI\u00d3N ES LA PROVINCIA\u201d, AFIRM\u00d3 DOM\u00cdNGUEZ","datePublished":"2025-02-01T00:18:09+00:00","dateModified":"2025-02-01T00:38:13+00:00","mainEntityOfPage":{"@id":"https:\/\/apuntesdesanluis.com\/index.php\/2025\/01\/31\/geriatrico-del-horror-la-autoridad-de-aplicacion-es-la-provincia-afirmo-dominguez\/"},"wordCount":586,"publisher":{"@id":"https:\/\/apuntesdesanluis.com\/#\/schema\/person\/b55151d52296fcce64d1a72538a70b90"},"image":{"@id":"https:\/\/apuntesdesanluis.com\/index.php\/2025\/01\/31\/geriatrico-del-horror-la-autoridad-de-aplicacion-es-la-provincia-afirmo-dominguez\/#primaryimage"},"thumbnailUrl":"https:\/\/apuntesdesanluis.com\/wp-content\/uploads\/2025\/01\/dominguez-y-alejandro-bustos.png","articleSection":["Ciudad\/Provincia"],"inLanguage":"es-AR"},{"@type":"WebPage","@id":"https:\/\/apuntesdesanluis.com\/index.php\/2025\/01\/31\/geriatrico-del-horror-la-autoridad-de-aplicacion-es-la-provincia-afirmo-dominguez\/","url":"https:\/\/apuntesdesanluis.com\/index.php\/2025\/01\/31\/geriatrico-del-horror-la-autoridad-de-aplicacion-es-la-provincia-afirmo-dominguez\/","name":"GERI\u00c1TRICO DEL HORROR: \u201cLA AUTORIDAD DE APLICACI\u00d3N ES LA PROVINCIA\u201d, AFIRM\u00d3 DOM\u00cdNGUEZ - Apuntes de San Luis","isPartOf":{"@id":"https:\/\/apuntesdesanluis.com\/#website"},"primaryImageOfPage":{"@id":"https:\/\/apuntesdesanluis.com\/index.php\/2025\/01\/31\/geriatrico-del-horror-la-autoridad-de-aplicacion-es-la-provincia-afirmo-dominguez\/#primaryimage"},"image":{"@id":"https:\/\/apuntesdesanluis.com\/index.php\/2025\/01\/31\/geriatrico-del-horror-la-autoridad-de-aplicacion-es-la-provincia-afirmo-dominguez\/#primaryimage"},"thumbnailUrl":"https:\/\/apuntesdesanluis.com\/wp-content\/uploads\/2025\/01\/dominguez-y-alejandro-bustos.png","datePublished":"2025-02-01T00:18:09+00:00","dateModified":"2025-02-01T00:38:13+00:00","breadcrumb":{"@id":"https:\/\/apuntesdesanluis.com\/index.php\/2025\/01\/31\/geriatrico-del-horror-la-autoridad-de-aplicacion-es-la-provincia-afirmo-dominguez\/#breadcrumb"},"inLanguage":"es-AR","potentialAction":[{"@type":"ReadAction","target":["https:\/\/apuntesdesanluis.com\/index.php\/2025\/01\/31\/geriatrico-del-horror-la-autoridad-de-aplicacion-es-la-provincia-afirmo-dominguez\/"]}]},{"@type":"ImageObject","inLanguage":"es-AR","@id":"https:\/\/apuntesdesanluis.com\/index.php\/2025\/01\/31\/geriatrico-del-horror-la-autoridad-de-aplicacion-es-la-provincia-afirmo-dominguez\/#primaryimage","url":"https:\/\/apuntesdesanluis.com\/wp-content\/uploads\/2025\/01\/dominguez-y-alejandro-bustos.png","contentUrl":"https:\/\/apuntesdesanluis.com\/wp-content\/uploads\/2025\/01\/dominguez-y-alejandro-bustos.png","width":551,"height":379},{"@type":"BreadcrumbList","@id":"https:\/\/apuntesdesanluis.com\/index.php\/2025\/01\/31\/geriatrico-del-horror-la-autoridad-de-aplicacion-es-la-provincia-afirmo-dominguez\/#breadcrumb","itemListElement":[{"@type":"ListItem","position":1,"name":"Inicio","item":"https:\/\/apuntesdesanluis.com\/"},{"@type":"ListItem","position":2,"name":"GERI\u00c1TRICO DEL HORROR: \u201cLA AUTORIDAD DE APLICACI\u00d3N ES LA PROVINCIA\u201d, AFIRM\u00d3 DOM\u00cdNGUEZ"}]},{"@type":"WebSite","@id":"https:\/\/apuntesdesanluis.com\/#website","url":"https:\/\/apuntesdesanluis.com\/","name":"Apuntes de San Luis","description":"","publisher":{"@id":"https:\/\/apuntesdesanluis.com\/#\/schema\/person\/b55151d52296fcce64d1a72538a70b90"},"potentialAction":[{"@type":"SearchAction","target":{"@type":"EntryPoint","urlTemplate":"https:\/\/apuntesdesanluis.com\/?s={search_term_string}"},"query-input":{"@type":"PropertyValueSpecification","valueRequired":true,"valueName":"search_term_string"}}],"inLanguage":"es-AR"},{"@type":["Person","Organization"],"@id":"https:\/\/apuntesdesanluis.com\/#\/schema\/person\/b55151d52296fcce64d1a72538a70b90","name":"apuntesdesanluis.com","image":{"@type":"ImageObject","inLanguage":"es-AR","@id":"https:\/\/apuntesdesanluis.com\/#\/schema\/person\/image\/","url":"https:\/\/apuntesdesanluis.com\/wp-content\/uploads\/2023\/07\/cropped-apuntesdesanluis.png","contentUrl":"https:\/\/apuntesdesanluis.com\/wp-content\/uploads\/2023\/07\/cropped-apuntesdesanluis.png","width":450,"height":112,"caption":"apuntesdesanluis.com"},"logo":{"@id":"https:\/\/apuntesdesanluis.com\/#\/schema\/person\/image\/"},"sameAs":["https:\/\/apuntesdesanluis.com"],"url":"https:\/\/apuntesdesanluis.com\/index.php\/author\/apuntesdesanluis-com\/"}]}},"featured_image_urls":{"full":["https:\/\/apuntesdesanluis.com\/wp-content\/uploads\/2025\/01\/dominguez-y-alejandro-bustos.png",551,379,false],"thumbnail":["https:\/\/apuntesdesanluis.com\/wp-content\/uploads\/2025\/01\/dominguez-y-alejandro-bustos-150x150.png",150,150,true],"medium":["https:\/\/apuntesdesanluis.com\/wp-content\/uploads\/2025\/01\/dominguez-y-alejandro-bustos-300x206.png",300,206,true],"medium_large":["https:\/\/apuntesdesanluis.com\/wp-content\/uploads\/2025\/01\/dominguez-y-alejandro-bustos.png",551,379,false],"large":["https:\/\/apuntesdesanluis.com\/wp-content\/uploads\/2025\/01\/dominguez-y-alejandro-bustos.png",551,379,false],"1536x1536":["https:\/\/apuntesdesanluis.com\/wp-content\/uploads\/2025\/01\/dominguez-y-alejandro-bustos.png",551,379,false],"2048x2048":["https:\/\/apuntesdesanluis.com\/wp-content\/uploads\/2025\/01\/dominguez-y-alejandro-bustos.png",551,379,false],"newsever-slider-full":["https:\/\/apuntesdesanluis.com\/wp-content\/uploads\/2025\/01\/dominguez-y-alejandro-bustos.png",551,379,false],"newsever-featured":["https:\/\/apuntesdesanluis.com\/wp-content\/uploads\/2025\/01\/dominguez-y-alejandro-bustos.png",551,379,false],"newsever-medium":["https:\/\/apuntesdesanluis.com\/wp-content\/uploads\/2025\/01\/dominguez-y-alejandro-bustos.png",551,379,false]},"author_info":{"display_name":"apuntesdesanluis.com","author_link":"https:\/\/apuntesdesanluis.com\/index.php\/author\/apuntesdesanluis-com\/"},"category_info":"<a href=\"https:\/\/apuntesdesanluis.com\/index.php\/category\/ciudad-provincia\/\" rel=\"category tag\">Ciudad\/Provincia<\/a>","tag_info":"Ciudad\/Provincia","comment_count":"0","_links":{"self":[{"href":"https:\/\/apuntesdesanluis.com\/index.php\/wp-json\/wp\/v2\/posts\/28512","targetHints":{"allow":["GET"]}}],"collection":[{"href":"https:\/\/apuntesdesanluis.com\/index.php\/wp-json\/wp\/v2\/posts"}],"about":[{"href":"https:\/\/apuntesdesanluis.com\/index.php\/wp-json\/wp\/v2\/types\/post"}],"author":[{"embeddable":true,"href":"https:\/\/apuntesdesanluis.com\/index.php\/wp-json\/wp\/v2\/users\/1"}],"replies":[{"embeddable":true,"href":"https:\/\/apuntesdesanluis.com\/index.php\/wp-json\/wp\/v2\/comments?post=28512"}],"version-history":[{"count":3,"href":"https:\/\/apuntesdesanluis.com\/index.php\/wp-json\/wp\/v2\/posts\/28512\/revisions"}],"predecessor-version":[{"id":28518,"href":"https:\/\/apuntesdesanluis.com\/index.php\/wp-json\/wp\/v2\/posts\/28512\/revisions\/28518"}],"wp:featuredmedia":[{"embeddable":true,"href":"https:\/\/apuntesdesanluis.com\/index.php\/wp-json\/wp\/v2\/media\/28514"}],"wp:attachment":[{"href":"https:\/\/apuntesdesanluis.com\/index.php\/wp-json\/wp\/v2\/media?parent=28512"}],"wp:term":[{"taxonomy":"category","embeddable":true,"href":"https:\/\/apuntesdesanluis.com\/index.php\/wp-json\/wp\/v2\/categories?post=28512"},{"taxonomy":"post_tag","embeddable":true,"href":"https:\/\/apuntesdesanluis.com\/index.php\/wp-json\/wp\/v2\/tags?post=28512"}],"curies":[{"name":"wp","href":"https:\/\/api.w.org\/{rel}","templated":true}]}}