{"id":28519,"date":"2025-01-31T21:42:43","date_gmt":"2025-02-01T00:42:43","guid":{"rendered":"https:\/\/apuntesdesanluis.com\/?p=28519"},"modified":"2025-01-31T21:42:43","modified_gmt":"2025-02-01T00:42:43","slug":"san-luis-cerro-el-mes-de-enero-sin-casos-de-dengue","status":"publish","type":"post","link":"https:\/\/apuntesdesanluis.com\/index.php\/2025\/01\/31\/san-luis-cerro-el-mes-de-enero-sin-casos-de-dengue\/","title":{"rendered":"SAN LUIS CERR\u00d3 EL MES DE ENERO SIN CASOS DE DENGUE"},"content":{"rendered":"<h3>A pesar de que en la actual temporada 2024-2025 se han reportado m\u00e1s de 100 casos sospechosos de dengue en San Luis, la provincia cierra el primer mes del a\u00f1o sin registros de casos positivos confirmados de la enfermedad.<\/h3>\n<h3>El gobierno destac\u00f3 que \u201ceste panorama es alentador y refleja el impacto de las estrategias de prevenci\u00f3n y control implementadas, aunque las autoridades sanitarias advierten que el riesgo de transmisi\u00f3n sigue latente debido a la presencia del mosquito vector, Aedes aegypti, en distintas localidades\u201d.<\/h3>\n<h3>Paralelamente, la campa\u00f1a de vacunaci\u00f3n contra el dengue, lanzada con el objetivo de inmunizar a aquellas personas que ya han padecido la enfermedad se mantiene en marcha y se espera una mayor concurrencia en los pr\u00f3ximos d\u00edas. El Gobierno ha dispuesto dosis para m\u00e1s de 3.100 personas y las autoridades sanitarias instan a la poblaci\u00f3n a aprovechar esta herramienta de protecci\u00f3n.<\/h3>\n<h3><img fetchpriority=\"high\" decoding=\"async\" class=\"wp-image-28521 aligncenter\" src=\"https:\/\/apuntesdesanluis.com\/wp-content\/uploads\/2025\/01\/vacunacion-dengue-300x194.png\" alt=\"\" width=\"660\" height=\"427\" srcset=\"https:\/\/apuntesdesanluis.com\/wp-content\/uploads\/2025\/01\/vacunacion-dengue-300x194.png 300w, https:\/\/apuntesdesanluis.com\/wp-content\/uploads\/2025\/01\/vacunacion-dengue.png 800w\" sizes=\"(max-width: 660px) 100vw, 660px\" \/><\/h3>\n<h3>Con el inicio de febrero, se dar\u00e1 paso a una nueva etapa del plan de inmunizaci\u00f3n, que estar\u00e1 dirigida a determinados profesionales del sistema p\u00fablico de salud. La selecci\u00f3n de los trabajadores que recibir\u00e1n la vacuna se basar\u00e1 en el tipo de tareas que desempe\u00f1an, priorizando a aquellos con mayor exposici\u00f3n a situaciones de riesgo.<\/h3>\n<h3>Desde el ministerio de Salud, se refuerza el llamado a la comunidad para intensificar las medidas de prevenci\u00f3n, como la eliminaci\u00f3n de recipientes con agua estancada y el uso de repelentes, fundamentales para reducir la proliferaci\u00f3n del mosquito transmisor. Asimismo, se recuerda que la vacunaci\u00f3n es un complemento a estas acciones y que su baja adhesi\u00f3n representa un desaf\u00edo para el control de la enfermedad en el futuro inmediato.<\/h3>\n<h3>El monitoreo epidemiol\u00f3gico continuar\u00e1 en las pr\u00f3ximas semanas para evaluar la evoluci\u00f3n de la situaci\u00f3n en la provincia, especialmente ante las condiciones clim\u00e1ticas que favorecen la reproducci\u00f3n del mosquito.<\/h3>\n<h3><\/h3>\n<h3><\/h3>\n<p>&nbsp;<\/p>\n","protected":false},"excerpt":{"rendered":"<p>A pesar de que en la actual temporada 2024-2025 se han reportado m\u00e1s de 100&#8230;<\/p>\n","protected":false},"author":1,"featured_media":28520,"comment_status":"closed","ping_status":"closed","sticky":false,"template":"","format":"standard","meta":{"footnotes":""},"categories":[6],"tags":[],"class_list":["post-28519","post","type-post","status-publish","format-standard","has-post-thumbnail","hentry","category-ciudad-provincia"],"yoast_head":"<!-- This site is optimized with the Yoast SEO plugin v26.1.1 - https:\/\/yoast.com\/wordpress\/plugins\/seo\/ -->\n<title>SAN LUIS CERR\u00d3 EL MES DE ENERO SIN CASOS DE DENGUE - Apuntes de San Luis<\/title>\n<meta name=\"robots\" content=\"index, follow, max-snippet:-1, max-image-preview:large, max-video-preview:-1\" \/>\n<link rel=\"canonical\" href=\"https:\/\/apuntesdesanluis.com\/index.php\/2025\/01\/31\/san-luis-cerro-el-mes-de-enero-sin-casos-de-dengue\/\" \/>\n<meta property=\"og:locale\" content=\"es_ES\" \/>\n<meta property=\"og:type\" content=\"article\" \/>\n<meta property=\"og:title\" content=\"SAN LUIS CERR\u00d3 EL MES DE ENERO SIN CASOS DE DENGUE - Apuntes de San Luis\" \/>\n<meta property=\"og:description\" content=\"A pesar de que en la actual temporada 2024-2025 se han reportado m\u00e1s de 100...\" \/>\n<meta property=\"og:url\" content=\"https:\/\/apuntesdesanluis.com\/index.php\/2025\/01\/31\/san-luis-cerro-el-mes-de-enero-sin-casos-de-dengue\/\" \/>\n<meta property=\"og:site_name\" content=\"Apuntes de San Luis\" \/>\n<meta property=\"article:published_time\" content=\"2025-02-01T00:42:43+00:00\" \/>\n<meta property=\"og:image\" content=\"https:\/\/apuntesdesanluis.com\/wp-content\/uploads\/2025\/01\/dengue-1.png\" \/>\n\t<meta property=\"og:image:width\" content=\"784\" \/>\n\t<meta property=\"og:image:height\" content=\"486\" \/>\n\t<meta property=\"og:image:type\" content=\"image\/png\" \/>\n<meta name=\"author\" content=\"apuntesdesanluis.com\" \/>\n<meta name=\"twitter:card\" content=\"summary_large_image\" \/>\n<meta name=\"twitter:label1\" content=\"Escrito por\" \/>\n\t<meta name=\"twitter:data1\" content=\"apuntesdesanluis.com\" \/>\n\t<meta name=\"twitter:label2\" content=\"Tiempo de lectura\" \/>\n\t<meta name=\"twitter:data2\" content=\"2 minutos\" \/>\n<script type=\"application\/ld+json\" class=\"yoast-schema-graph\">{\"@context\":\"https:\/\/schema.org\",\"@graph\":[{\"@type\":\"Article\",\"@id\":\"https:\/\/apuntesdesanluis.com\/index.php\/2025\/01\/31\/san-luis-cerro-el-mes-de-enero-sin-casos-de-dengue\/#article\",\"isPartOf\":{\"@id\":\"https:\/\/apuntesdesanluis.com\/index.php\/2025\/01\/31\/san-luis-cerro-el-mes-de-enero-sin-casos-de-dengue\/\"},\"author\":{\"name\":\"apuntesdesanluis.com\",\"@id\":\"https:\/\/apuntesdesanluis.com\/#\/schema\/person\/b55151d52296fcce64d1a72538a70b90\"},\"headline\":\"SAN LUIS CERR\u00d3 EL MES DE ENERO SIN CASOS DE DENGUE\",\"datePublished\":\"2025-02-01T00:42:43+00:00\",\"mainEntityOfPage\":{\"@id\":\"https:\/\/apuntesdesanluis.com\/index.php\/2025\/01\/31\/san-luis-cerro-el-mes-de-enero-sin-casos-de-dengue\/\"},\"wordCount\":336,\"publisher\":{\"@id\":\"https:\/\/apuntesdesanluis.com\/#\/schema\/person\/b55151d52296fcce64d1a72538a70b90\"},\"image\":{\"@id\":\"https:\/\/apuntesdesanluis.com\/index.php\/2025\/01\/31\/san-luis-cerro-el-mes-de-enero-sin-casos-de-dengue\/#primaryimage\"},\"thumbnailUrl\":\"https:\/\/apuntesdesanluis.com\/wp-content\/uploads\/2025\/01\/dengue-1.png\",\"articleSection\":[\"Ciudad\/Provincia\"],\"inLanguage\":\"es-AR\"},{\"@type\":\"WebPage\",\"@id\":\"https:\/\/apuntesdesanluis.com\/index.php\/2025\/01\/31\/san-luis-cerro-el-mes-de-enero-sin-casos-de-dengue\/\",\"url\":\"https:\/\/apuntesdesanluis.com\/index.php\/2025\/01\/31\/san-luis-cerro-el-mes-de-enero-sin-casos-de-dengue\/\",\"name\":\"SAN LUIS CERR\u00d3 EL MES DE ENERO SIN CASOS DE DENGUE - Apuntes de San Luis\",\"isPartOf\":{\"@id\":\"https:\/\/apuntesdesanluis.com\/#website\"},\"primaryImageOfPage\":{\"@id\":\"https:\/\/apuntesdesanluis.com\/index.php\/2025\/01\/31\/san-luis-cerro-el-mes-de-enero-sin-casos-de-dengue\/#primaryimage\"},\"image\":{\"@id\":\"https:\/\/apuntesdesanluis.com\/index.php\/2025\/01\/31\/san-luis-cerro-el-mes-de-enero-sin-casos-de-dengue\/#primaryimage\"},\"thumbnailUrl\":\"https:\/\/apuntesdesanluis.com\/wp-content\/uploads\/2025\/01\/dengue-1.png\",\"datePublished\":\"2025-02-01T00:42:43+00:00\",\"breadcrumb\":{\"@id\":\"https:\/\/apuntesdesanluis.com\/index.php\/2025\/01\/31\/san-luis-cerro-el-mes-de-enero-sin-casos-de-dengue\/#breadcrumb\"},\"inLanguage\":\"es-AR\",\"potentialAction\":[{\"@type\":\"ReadAction\",\"target\":[\"https:\/\/apuntesdesanluis.com\/index.php\/2025\/01\/31\/san-luis-cerro-el-mes-de-enero-sin-casos-de-dengue\/\"]}]},{\"@type\":\"ImageObject\",\"inLanguage\":\"es-AR\",\"@id\":\"https:\/\/apuntesdesanluis.com\/index.php\/2025\/01\/31\/san-luis-cerro-el-mes-de-enero-sin-casos-de-dengue\/#primaryimage\",\"url\":\"https:\/\/apuntesdesanluis.com\/wp-content\/uploads\/2025\/01\/dengue-1.png\",\"contentUrl\":\"https:\/\/apuntesdesanluis.com\/wp-content\/uploads\/2025\/01\/dengue-1.png\",\"width\":784,\"height\":486},{\"@type\":\"BreadcrumbList\",\"@id\":\"https:\/\/apuntesdesanluis.com\/index.php\/2025\/01\/31\/san-luis-cerro-el-mes-de-enero-sin-casos-de-dengue\/#breadcrumb\",\"itemListElement\":[{\"@type\":\"ListItem\",\"position\":1,\"name\":\"Inicio\",\"item\":\"https:\/\/apuntesdesanluis.com\/\"},{\"@type\":\"ListItem\",\"position\":2,\"name\":\"SAN LUIS CERR\u00d3 EL MES DE ENERO SIN CASOS DE DENGUE\"}]},{\"@type\":\"WebSite\",\"@id\":\"https:\/\/apuntesdesanluis.com\/#website\",\"url\":\"https:\/\/apuntesdesanluis.com\/\",\"name\":\"Apuntes de San Luis\",\"description\":\"\",\"publisher\":{\"@id\":\"https:\/\/apuntesdesanluis.com\/#\/schema\/person\/b55151d52296fcce64d1a72538a70b90\"},\"potentialAction\":[{\"@type\":\"SearchAction\",\"target\":{\"@type\":\"EntryPoint\",\"urlTemplate\":\"https:\/\/apuntesdesanluis.com\/?s={search_term_string}\"},\"query-input\":{\"@type\":\"PropertyValueSpecification\",\"valueRequired\":true,\"valueName\":\"search_term_string\"}}],\"inLanguage\":\"es-AR\"},{\"@type\":[\"Person\",\"Organization\"],\"@id\":\"https:\/\/apuntesdesanluis.com\/#\/schema\/person\/b55151d52296fcce64d1a72538a70b90\",\"name\":\"apuntesdesanluis.com\",\"image\":{\"@type\":\"ImageObject\",\"inLanguage\":\"es-AR\",\"@id\":\"https:\/\/apuntesdesanluis.com\/#\/schema\/person\/image\/\",\"url\":\"https:\/\/apuntesdesanluis.com\/wp-content\/uploads\/2023\/07\/cropped-apuntesdesanluis.png\",\"contentUrl\":\"https:\/\/apuntesdesanluis.com\/wp-content\/uploads\/2023\/07\/cropped-apuntesdesanluis.png\",\"width\":450,\"height\":112,\"caption\":\"apuntesdesanluis.com\"},\"logo\":{\"@id\":\"https:\/\/apuntesdesanluis.com\/#\/schema\/person\/image\/\"},\"sameAs\":[\"https:\/\/apuntesdesanluis.com\"],\"url\":\"https:\/\/apuntesdesanluis.com\/index.php\/author\/apuntesdesanluis-com\/\"}]}<\/script>\n<!-- \/ Yoast SEO plugin. -->","yoast_head_json":{"title":"SAN LUIS CERR\u00d3 EL MES DE ENERO SIN CASOS DE DENGUE - Apuntes de San Luis","robots":{"index":"index","follow":"follow","max-snippet":"max-snippet:-1","max-image-preview":"max-image-preview:large","max-video-preview":"max-video-preview:-1"},"canonical":"https:\/\/apuntesdesanluis.com\/index.php\/2025\/01\/31\/san-luis-cerro-el-mes-de-enero-sin-casos-de-dengue\/","og_locale":"es_ES","og_type":"article","og_title":"SAN LUIS CERR\u00d3 EL MES DE ENERO SIN CASOS DE DENGUE - Apuntes de San Luis","og_description":"A pesar de que en la actual temporada 2024-2025 se han reportado m\u00e1s de 100...","og_url":"https:\/\/apuntesdesanluis.com\/index.php\/2025\/01\/31\/san-luis-cerro-el-mes-de-enero-sin-casos-de-dengue\/","og_site_name":"Apuntes de San Luis","article_published_time":"2025-02-01T00:42:43+00:00","og_image":[{"width":784,"height":486,"url":"https:\/\/apuntesdesanluis.com\/wp-content\/uploads\/2025\/01\/dengue-1.png","type":"image\/png"}],"author":"apuntesdesanluis.com","twitter_card":"summary_large_image","twitter_misc":{"Escrito por":"apuntesdesanluis.com","Tiempo de lectura":"2 minutos"},"schema":{"@context":"https:\/\/schema.org","@graph":[{"@type":"Article","@id":"https:\/\/apuntesdesanluis.com\/index.php\/2025\/01\/31\/san-luis-cerro-el-mes-de-enero-sin-casos-de-dengue\/#article","isPartOf":{"@id":"https:\/\/apuntesdesanluis.com\/index.php\/2025\/01\/31\/san-luis-cerro-el-mes-de-enero-sin-casos-de-dengue\/"},"author":{"name":"apuntesdesanluis.com","@id":"https:\/\/apuntesdesanluis.com\/#\/schema\/person\/b55151d52296fcce64d1a72538a70b90"},"headline":"SAN LUIS CERR\u00d3 EL MES DE ENERO SIN CASOS DE DENGUE","datePublished":"2025-02-01T00:42:43+00:00","mainEntityOfPage":{"@id":"https:\/\/apuntesdesanluis.com\/index.php\/2025\/01\/31\/san-luis-cerro-el-mes-de-enero-sin-casos-de-dengue\/"},"wordCount":336,"publisher":{"@id":"https:\/\/apuntesdesanluis.com\/#\/schema\/person\/b55151d52296fcce64d1a72538a70b90"},"image":{"@id":"https:\/\/apuntesdesanluis.com\/index.php\/2025\/01\/31\/san-luis-cerro-el-mes-de-enero-sin-casos-de-dengue\/#primaryimage"},"thumbnailUrl":"https:\/\/apuntesdesanluis.com\/wp-content\/uploads\/2025\/01\/dengue-1.png","articleSection":["Ciudad\/Provincia"],"inLanguage":"es-AR"},{"@type":"WebPage","@id":"https:\/\/apuntesdesanluis.com\/index.php\/2025\/01\/31\/san-luis-cerro-el-mes-de-enero-sin-casos-de-dengue\/","url":"https:\/\/apuntesdesanluis.com\/index.php\/2025\/01\/31\/san-luis-cerro-el-mes-de-enero-sin-casos-de-dengue\/","name":"SAN LUIS CERR\u00d3 EL MES DE ENERO SIN CASOS DE DENGUE - Apuntes de San Luis","isPartOf":{"@id":"https:\/\/apuntesdesanluis.com\/#website"},"primaryImageOfPage":{"@id":"https:\/\/apuntesdesanluis.com\/index.php\/2025\/01\/31\/san-luis-cerro-el-mes-de-enero-sin-casos-de-dengue\/#primaryimage"},"image":{"@id":"https:\/\/apuntesdesanluis.com\/index.php\/2025\/01\/31\/san-luis-cerro-el-mes-de-enero-sin-casos-de-dengue\/#primaryimage"},"thumbnailUrl":"https:\/\/apuntesdesanluis.com\/wp-content\/uploads\/2025\/01\/dengue-1.png","datePublished":"2025-02-01T00:42:43+00:00","breadcrumb":{"@id":"https:\/\/apuntesdesanluis.com\/index.php\/2025\/01\/31\/san-luis-cerro-el-mes-de-enero-sin-casos-de-dengue\/#breadcrumb"},"inLanguage":"es-AR","potentialAction":[{"@type":"ReadAction","target":["https:\/\/apuntesdesanluis.com\/index.php\/2025\/01\/31\/san-luis-cerro-el-mes-de-enero-sin-casos-de-dengue\/"]}]},{"@type":"ImageObject","inLanguage":"es-AR","@id":"https:\/\/apuntesdesanluis.com\/index.php\/2025\/01\/31\/san-luis-cerro-el-mes-de-enero-sin-casos-de-dengue\/#primaryimage","url":"https:\/\/apuntesdesanluis.com\/wp-content\/uploads\/2025\/01\/dengue-1.png","contentUrl":"https:\/\/apuntesdesanluis.com\/wp-content\/uploads\/2025\/01\/dengue-1.png","width":784,"height":486},{"@type":"BreadcrumbList","@id":"https:\/\/apuntesdesanluis.com\/index.php\/2025\/01\/31\/san-luis-cerro-el-mes-de-enero-sin-casos-de-dengue\/#breadcrumb","itemListElement":[{"@type":"ListItem","position":1,"name":"Inicio","item":"https:\/\/apuntesdesanluis.com\/"},{"@type":"ListItem","position":2,"name":"SAN LUIS CERR\u00d3 EL MES DE ENERO SIN CASOS DE DENGUE"}]},{"@type":"WebSite","@id":"https:\/\/apuntesdesanluis.com\/#website","url":"https:\/\/apuntesdesanluis.com\/","name":"Apuntes de San Luis","description":"","publisher":{"@id":"https:\/\/apuntesdesanluis.com\/#\/schema\/person\/b55151d52296fcce64d1a72538a70b90"},"potentialAction":[{"@type":"SearchAction","target":{"@type":"EntryPoint","urlTemplate":"https:\/\/apuntesdesanluis.com\/?s={search_term_string}"},"query-input":{"@type":"PropertyValueSpecification","valueRequired":true,"valueName":"search_term_string"}}],"inLanguage":"es-AR"},{"@type":["Person","Organization"],"@id":"https:\/\/apuntesdesanluis.com\/#\/schema\/person\/b55151d52296fcce64d1a72538a70b90","name":"apuntesdesanluis.com","image":{"@type":"ImageObject","inLanguage":"es-AR","@id":"https:\/\/apuntesdesanluis.com\/#\/schema\/person\/image\/","url":"https:\/\/apuntesdesanluis.com\/wp-content\/uploads\/2023\/07\/cropped-apuntesdesanluis.png","contentUrl":"https:\/\/apuntesdesanluis.com\/wp-content\/uploads\/2023\/07\/cropped-apuntesdesanluis.png","width":450,"height":112,"caption":"apuntesdesanluis.com"},"logo":{"@id":"https:\/\/apuntesdesanluis.com\/#\/schema\/person\/image\/"},"sameAs":["https:\/\/apuntesdesanluis.com"],"url":"https:\/\/apuntesdesanluis.com\/index.php\/author\/apuntesdesanluis-com\/"}]}},"featured_image_urls":{"full":["https:\/\/apuntesdesanluis.com\/wp-content\/uploads\/2025\/01\/dengue-1.png",784,486,false],"thumbnail":["https:\/\/apuntesdesanluis.com\/wp-content\/uploads\/2025\/01\/dengue-1-150x150.png",150,150,true],"medium":["https:\/\/apuntesdesanluis.com\/wp-content\/uploads\/2025\/01\/dengue-1-300x186.png",300,186,true],"medium_large":["https:\/\/apuntesdesanluis.com\/wp-content\/uploads\/2025\/01\/dengue-1-768x476.png",640,397,true],"large":["https:\/\/apuntesdesanluis.com\/wp-content\/uploads\/2025\/01\/dengue-1.png",640,397,false],"1536x1536":["https:\/\/apuntesdesanluis.com\/wp-content\/uploads\/2025\/01\/dengue-1.png",784,486,false],"2048x2048":["https:\/\/apuntesdesanluis.com\/wp-content\/uploads\/2025\/01\/dengue-1.png",784,486,false],"newsever-slider-full":["https:\/\/apuntesdesanluis.com\/wp-content\/uploads\/2025\/01\/dengue-1.png",784,486,false],"newsever-featured":["https:\/\/apuntesdesanluis.com\/wp-content\/uploads\/2025\/01\/dengue-1.png",784,486,false],"newsever-medium":["https:\/\/apuntesdesanluis.com\/wp-content\/uploads\/2025\/01\/dengue-1-720x475.png",720,475,true]},"author_info":{"display_name":"apuntesdesanluis.com","author_link":"https:\/\/apuntesdesanluis.com\/index.php\/author\/apuntesdesanluis-com\/"},"category_info":"<a href=\"https:\/\/apuntesdesanluis.com\/index.php\/category\/ciudad-provincia\/\" rel=\"category tag\">Ciudad\/Provincia<\/a>","tag_info":"Ciudad\/Provincia","comment_count":"0","_links":{"self":[{"href":"https:\/\/apuntesdesanluis.com\/index.php\/wp-json\/wp\/v2\/posts\/28519","targetHints":{"allow":["GET"]}}],"collection":[{"href":"https:\/\/apuntesdesanluis.com\/index.php\/wp-json\/wp\/v2\/posts"}],"about":[{"href":"https:\/\/apuntesdesanluis.com\/index.php\/wp-json\/wp\/v2\/types\/post"}],"author":[{"embeddable":true,"href":"https:\/\/apuntesdesanluis.com\/index.php\/wp-json\/wp\/v2\/users\/1"}],"replies":[{"embeddable":true,"href":"https:\/\/apuntesdesanluis.com\/index.php\/wp-json\/wp\/v2\/comments?post=28519"}],"version-history":[{"count":1,"href":"https:\/\/apuntesdesanluis.com\/index.php\/wp-json\/wp\/v2\/posts\/28519\/revisions"}],"predecessor-version":[{"id":28522,"href":"https:\/\/apuntesdesanluis.com\/index.php\/wp-json\/wp\/v2\/posts\/28519\/revisions\/28522"}],"wp:featuredmedia":[{"embeddable":true,"href":"https:\/\/apuntesdesanluis.com\/index.php\/wp-json\/wp\/v2\/media\/28520"}],"wp:attachment":[{"href":"https:\/\/apuntesdesanluis.com\/index.php\/wp-json\/wp\/v2\/media?parent=28519"}],"wp:term":[{"taxonomy":"category","embeddable":true,"href":"https:\/\/apuntesdesanluis.com\/index.php\/wp-json\/wp\/v2\/categories?post=28519"},{"taxonomy":"post_tag","embeddable":true,"href":"https:\/\/apuntesdesanluis.com\/index.php\/wp-json\/wp\/v2\/tags?post=28519"}],"curies":[{"name":"wp","href":"https:\/\/api.w.org\/{rel}","templated":true}]}}