{"id":28527,"date":"2025-02-01T12:16:50","date_gmt":"2025-02-01T15:16:50","guid":{"rendered":"https:\/\/apuntesdesanluis.com\/?p=28527"},"modified":"2025-02-01T12:16:50","modified_gmt":"2025-02-01T15:16:50","slug":"tres-meses-de-prision-preventiva-al-hombre-que-escapo-de-una-comisaria","status":"publish","type":"post","link":"https:\/\/apuntesdesanluis.com\/index.php\/2025\/02\/01\/tres-meses-de-prision-preventiva-al-hombre-que-escapo-de-una-comisaria\/","title":{"rendered":"TRES MESES DE PRISI\u00d3N PREVENTIVA AL HOMBRE QUE ESCAP\u00d3 DE UNA COMISAR\u00cdA"},"content":{"rendered":"<h3>Vencida la pr\u00f3rroga de la detenci\u00f3n en una causa donde un hombre fue imputado por el delito de robo calificado por escalamiento, el Dr. Alfredo Cuello, Juez de Garant\u00eda en Feria, orden\u00f3 su traslado al Servicio Penitenciario Provincial.<\/h3>\n<h3>El pasado s\u00e1bado 25 de enero se realiz\u00f3 la audiencia de formulaci\u00f3n de cargos, donde Fiscal\u00eda solicit\u00f3 que se lo impute a\u00a0<strong>Fernando Oviedo<\/strong>, de 24 a\u00f1os,\u00a0como autor del delito de robo calificado por cometerse con escalamiento por un hecho ocurrido el 23 de enero en un domicilio ubicado en la calle Francia al 200, en Villa Mercedes.<\/h3>\n<p><img fetchpriority=\"high\" decoding=\"async\" class=\"wp-image-28399 aligncenter\" src=\"https:\/\/apuntesdesanluis.com\/wp-content\/uploads\/2025\/01\/fernando-oviedo-300x238.png\" alt=\"\" width=\"630\" height=\"500\" srcset=\"https:\/\/apuntesdesanluis.com\/wp-content\/uploads\/2025\/01\/fernando-oviedo-300x238.png 300w, https:\/\/apuntesdesanluis.com\/wp-content\/uploads\/2025\/01\/fernando-oviedo-768x609.png 768w, https:\/\/apuntesdesanluis.com\/wp-content\/uploads\/2025\/01\/fernando-oviedo.png 812w\" sizes=\"(max-width: 630px) 100vw, 630px\" \/><\/p>\n<h3>Seg\u00fan el relato formulado por el Ministerio P\u00fablico Fiscal, el imputado escal\u00f3 un muro medianera de 2,50 metro, el cual protege el inmueble, y una vez adentro del patio, rompi\u00f3 el vidriado de una de las hojas de una puerta balc\u00f3n, para acceder a la vivienda que se encuentra en refacci\u00f3n. All\u00ed se apoder\u00f3 ileg\u00edtimamente de varios elementos, entre ellos una cortadora de c\u00e9sped, una amoladora y un bolso con herramientas.<\/h3>\n<h3>Entre las evidencias mencionadas, se encuentra el registro de una c\u00e1mara de seguridad de un vecino que captur\u00f3 el momento en que el imputado se retiraba de la vivienda llevando en su hombro la m\u00e1quina de cortar c\u00e9sped.<\/h3>\n<h3>El pasado 29 de enero, mientras el imputado se encontraba alojado en la Comisar\u00eda 24\u00ba de Villa Mercedes, se dio a la fuga, circunstancia que fue mencionada durante el desarrollo de la audiencia de vencimiento de pr\u00f3rroga por el Fiscal Adjunto, Dr. Marcelo Palacio Fern\u00e1ndez. Fue recapturado al d\u00eda siguiente.<\/h3>\n<h3>Hoy durante la audiencia, el Fiscal Adjunto, tambi\u00e9n mencion\u00f3 otras causas en las que el imputado es investigado como autor de esos delitos y asegur\u00f3 que trabajar\u00e1n para poder llevar adelante una \u00fanica acusaci\u00f3n. Solicit\u00f3 prisi\u00f3n preventiva por el plazo de cuatro meses.<\/h3>\n<h3>Seguidamente, la Defensa \u2013 representada por las Dras. Cecilia Mithiaux y Noelia P\u00e1ez \u2013 consider\u00f3 que t\u00e9cnicamente no se llev\u00f3 a cabo la formulaci\u00f3n de cargos por el delito de evasi\u00f3n y frente al plazo de prisi\u00f3n preventiva solicitado, lo consider\u00f3 desproporcionado.<\/h3>\n<h3>Luego de escuchar a las partes, el Dr. Alfredo Cuello orden\u00f3 que el imputado sea trasladado al Servicio Penitenciario Provincial donde deber\u00e1 cumplir tres meses de prisi\u00f3n preventiva. Mencion\u00f3 el peligro de fuga y la conducta desplegada por el imputado entre sus argumentos, como as\u00ed tambi\u00e9n lo previsto en el Art. 202 del C\u00f3digo de Procedimiento Penal de la Provincia.<\/h3>\n<h3><\/h3>\n<h3><\/h3>\n<p>&nbsp;<\/p>\n","protected":false},"excerpt":{"rendered":"<p>Vencida la pr\u00f3rroga de la detenci\u00f3n en una causa donde un hombre fue imputado por&#8230;<\/p>\n","protected":false},"author":1,"featured_media":28528,"comment_status":"closed","ping_status":"closed","sticky":false,"template":"","format":"standard","meta":{"footnotes":""},"categories":[6],"tags":[],"class_list":["post-28527","post","type-post","status-publish","format-standard","has-post-thumbnail","hentry","category-ciudad-provincia"],"yoast_head":"<!-- This site is optimized with the Yoast SEO plugin v26.1.1 - https:\/\/yoast.com\/wordpress\/plugins\/seo\/ -->\n<title>TRES MESES DE PRISI\u00d3N PREVENTIVA AL HOMBRE QUE ESCAP\u00d3 DE UNA COMISAR\u00cdA - Apuntes de San Luis<\/title>\n<meta name=\"robots\" content=\"index, follow, max-snippet:-1, max-image-preview:large, max-video-preview:-1\" \/>\n<link rel=\"canonical\" href=\"https:\/\/apuntesdesanluis.com\/index.php\/2025\/02\/01\/tres-meses-de-prision-preventiva-al-hombre-que-escapo-de-una-comisaria\/\" \/>\n<meta property=\"og:locale\" content=\"es_ES\" \/>\n<meta property=\"og:type\" content=\"article\" \/>\n<meta property=\"og:title\" content=\"TRES MESES DE PRISI\u00d3N PREVENTIVA AL HOMBRE QUE ESCAP\u00d3 DE UNA COMISAR\u00cdA - Apuntes de San Luis\" \/>\n<meta property=\"og:description\" content=\"Vencida la pr\u00f3rroga de la detenci\u00f3n en una causa donde un hombre fue imputado por...\" \/>\n<meta property=\"og:url\" content=\"https:\/\/apuntesdesanluis.com\/index.php\/2025\/02\/01\/tres-meses-de-prision-preventiva-al-hombre-que-escapo-de-una-comisaria\/\" \/>\n<meta property=\"og:site_name\" content=\"Apuntes de San Luis\" \/>\n<meta property=\"article:published_time\" content=\"2025-02-01T15:16:50+00:00\" \/>\n<meta property=\"og:image\" content=\"https:\/\/apuntesdesanluis.com\/wp-content\/uploads\/2025\/02\/cuello.png\" \/>\n\t<meta property=\"og:image:width\" content=\"800\" \/>\n\t<meta property=\"og:image:height\" content=\"549\" \/>\n\t<meta property=\"og:image:type\" content=\"image\/png\" \/>\n<meta name=\"author\" content=\"apuntesdesanluis.com\" \/>\n<meta name=\"twitter:card\" content=\"summary_large_image\" \/>\n<meta name=\"twitter:label1\" content=\"Escrito por\" \/>\n\t<meta name=\"twitter:data1\" content=\"apuntesdesanluis.com\" \/>\n\t<meta name=\"twitter:label2\" content=\"Tiempo de lectura\" \/>\n\t<meta name=\"twitter:data2\" content=\"3 minutos\" \/>\n<script type=\"application\/ld+json\" class=\"yoast-schema-graph\">{\"@context\":\"https:\/\/schema.org\",\"@graph\":[{\"@type\":\"Article\",\"@id\":\"https:\/\/apuntesdesanluis.com\/index.php\/2025\/02\/01\/tres-meses-de-prision-preventiva-al-hombre-que-escapo-de-una-comisaria\/#article\",\"isPartOf\":{\"@id\":\"https:\/\/apuntesdesanluis.com\/index.php\/2025\/02\/01\/tres-meses-de-prision-preventiva-al-hombre-que-escapo-de-una-comisaria\/\"},\"author\":{\"name\":\"apuntesdesanluis.com\",\"@id\":\"https:\/\/apuntesdesanluis.com\/#\/schema\/person\/b55151d52296fcce64d1a72538a70b90\"},\"headline\":\"TRES MESES DE PRISI\u00d3N PREVENTIVA AL HOMBRE QUE ESCAP\u00d3 DE UNA COMISAR\u00cdA\",\"datePublished\":\"2025-02-01T15:16:50+00:00\",\"mainEntityOfPage\":{\"@id\":\"https:\/\/apuntesdesanluis.com\/index.php\/2025\/02\/01\/tres-meses-de-prision-preventiva-al-hombre-que-escapo-de-una-comisaria\/\"},\"wordCount\":438,\"publisher\":{\"@id\":\"https:\/\/apuntesdesanluis.com\/#\/schema\/person\/b55151d52296fcce64d1a72538a70b90\"},\"image\":{\"@id\":\"https:\/\/apuntesdesanluis.com\/index.php\/2025\/02\/01\/tres-meses-de-prision-preventiva-al-hombre-que-escapo-de-una-comisaria\/#primaryimage\"},\"thumbnailUrl\":\"https:\/\/apuntesdesanluis.com\/wp-content\/uploads\/2025\/02\/cuello.png\",\"articleSection\":[\"Ciudad\/Provincia\"],\"inLanguage\":\"es-AR\"},{\"@type\":\"WebPage\",\"@id\":\"https:\/\/apuntesdesanluis.com\/index.php\/2025\/02\/01\/tres-meses-de-prision-preventiva-al-hombre-que-escapo-de-una-comisaria\/\",\"url\":\"https:\/\/apuntesdesanluis.com\/index.php\/2025\/02\/01\/tres-meses-de-prision-preventiva-al-hombre-que-escapo-de-una-comisaria\/\",\"name\":\"TRES MESES DE PRISI\u00d3N PREVENTIVA AL HOMBRE QUE ESCAP\u00d3 DE UNA COMISAR\u00cdA - Apuntes de San Luis\",\"isPartOf\":{\"@id\":\"https:\/\/apuntesdesanluis.com\/#website\"},\"primaryImageOfPage\":{\"@id\":\"https:\/\/apuntesdesanluis.com\/index.php\/2025\/02\/01\/tres-meses-de-prision-preventiva-al-hombre-que-escapo-de-una-comisaria\/#primaryimage\"},\"image\":{\"@id\":\"https:\/\/apuntesdesanluis.com\/index.php\/2025\/02\/01\/tres-meses-de-prision-preventiva-al-hombre-que-escapo-de-una-comisaria\/#primaryimage\"},\"thumbnailUrl\":\"https:\/\/apuntesdesanluis.com\/wp-content\/uploads\/2025\/02\/cuello.png\",\"datePublished\":\"2025-02-01T15:16:50+00:00\",\"breadcrumb\":{\"@id\":\"https:\/\/apuntesdesanluis.com\/index.php\/2025\/02\/01\/tres-meses-de-prision-preventiva-al-hombre-que-escapo-de-una-comisaria\/#breadcrumb\"},\"inLanguage\":\"es-AR\",\"potentialAction\":[{\"@type\":\"ReadAction\",\"target\":[\"https:\/\/apuntesdesanluis.com\/index.php\/2025\/02\/01\/tres-meses-de-prision-preventiva-al-hombre-que-escapo-de-una-comisaria\/\"]}]},{\"@type\":\"ImageObject\",\"inLanguage\":\"es-AR\",\"@id\":\"https:\/\/apuntesdesanluis.com\/index.php\/2025\/02\/01\/tres-meses-de-prision-preventiva-al-hombre-que-escapo-de-una-comisaria\/#primaryimage\",\"url\":\"https:\/\/apuntesdesanluis.com\/wp-content\/uploads\/2025\/02\/cuello.png\",\"contentUrl\":\"https:\/\/apuntesdesanluis.com\/wp-content\/uploads\/2025\/02\/cuello.png\",\"width\":800,\"height\":549},{\"@type\":\"BreadcrumbList\",\"@id\":\"https:\/\/apuntesdesanluis.com\/index.php\/2025\/02\/01\/tres-meses-de-prision-preventiva-al-hombre-que-escapo-de-una-comisaria\/#breadcrumb\",\"itemListElement\":[{\"@type\":\"ListItem\",\"position\":1,\"name\":\"Inicio\",\"item\":\"https:\/\/apuntesdesanluis.com\/\"},{\"@type\":\"ListItem\",\"position\":2,\"name\":\"TRES MESES DE PRISI\u00d3N PREVENTIVA AL HOMBRE QUE ESCAP\u00d3 DE UNA COMISAR\u00cdA\"}]},{\"@type\":\"WebSite\",\"@id\":\"https:\/\/apuntesdesanluis.com\/#website\",\"url\":\"https:\/\/apuntesdesanluis.com\/\",\"name\":\"Apuntes de San Luis\",\"description\":\"\",\"publisher\":{\"@id\":\"https:\/\/apuntesdesanluis.com\/#\/schema\/person\/b55151d52296fcce64d1a72538a70b90\"},\"potentialAction\":[{\"@type\":\"SearchAction\",\"target\":{\"@type\":\"EntryPoint\",\"urlTemplate\":\"https:\/\/apuntesdesanluis.com\/?s={search_term_string}\"},\"query-input\":{\"@type\":\"PropertyValueSpecification\",\"valueRequired\":true,\"valueName\":\"search_term_string\"}}],\"inLanguage\":\"es-AR\"},{\"@type\":[\"Person\",\"Organization\"],\"@id\":\"https:\/\/apuntesdesanluis.com\/#\/schema\/person\/b55151d52296fcce64d1a72538a70b90\",\"name\":\"apuntesdesanluis.com\",\"image\":{\"@type\":\"ImageObject\",\"inLanguage\":\"es-AR\",\"@id\":\"https:\/\/apuntesdesanluis.com\/#\/schema\/person\/image\/\",\"url\":\"https:\/\/apuntesdesanluis.com\/wp-content\/uploads\/2023\/07\/cropped-apuntesdesanluis.png\",\"contentUrl\":\"https:\/\/apuntesdesanluis.com\/wp-content\/uploads\/2023\/07\/cropped-apuntesdesanluis.png\",\"width\":450,\"height\":112,\"caption\":\"apuntesdesanluis.com\"},\"logo\":{\"@id\":\"https:\/\/apuntesdesanluis.com\/#\/schema\/person\/image\/\"},\"sameAs\":[\"https:\/\/apuntesdesanluis.com\"],\"url\":\"https:\/\/apuntesdesanluis.com\/index.php\/author\/apuntesdesanluis-com\/\"}]}<\/script>\n<!-- \/ Yoast SEO plugin. -->","yoast_head_json":{"title":"TRES MESES DE PRISI\u00d3N PREVENTIVA AL HOMBRE QUE ESCAP\u00d3 DE UNA COMISAR\u00cdA - Apuntes de San Luis","robots":{"index":"index","follow":"follow","max-snippet":"max-snippet:-1","max-image-preview":"max-image-preview:large","max-video-preview":"max-video-preview:-1"},"canonical":"https:\/\/apuntesdesanluis.com\/index.php\/2025\/02\/01\/tres-meses-de-prision-preventiva-al-hombre-que-escapo-de-una-comisaria\/","og_locale":"es_ES","og_type":"article","og_title":"TRES MESES DE PRISI\u00d3N PREVENTIVA AL HOMBRE QUE ESCAP\u00d3 DE UNA COMISAR\u00cdA - Apuntes de San Luis","og_description":"Vencida la pr\u00f3rroga de la detenci\u00f3n en una causa donde un hombre fue imputado por...","og_url":"https:\/\/apuntesdesanluis.com\/index.php\/2025\/02\/01\/tres-meses-de-prision-preventiva-al-hombre-que-escapo-de-una-comisaria\/","og_site_name":"Apuntes de San Luis","article_published_time":"2025-02-01T15:16:50+00:00","og_image":[{"width":800,"height":549,"url":"https:\/\/apuntesdesanluis.com\/wp-content\/uploads\/2025\/02\/cuello.png","type":"image\/png"}],"author":"apuntesdesanluis.com","twitter_card":"summary_large_image","twitter_misc":{"Escrito por":"apuntesdesanluis.com","Tiempo de lectura":"3 minutos"},"schema":{"@context":"https:\/\/schema.org","@graph":[{"@type":"Article","@id":"https:\/\/apuntesdesanluis.com\/index.php\/2025\/02\/01\/tres-meses-de-prision-preventiva-al-hombre-que-escapo-de-una-comisaria\/#article","isPartOf":{"@id":"https:\/\/apuntesdesanluis.com\/index.php\/2025\/02\/01\/tres-meses-de-prision-preventiva-al-hombre-que-escapo-de-una-comisaria\/"},"author":{"name":"apuntesdesanluis.com","@id":"https:\/\/apuntesdesanluis.com\/#\/schema\/person\/b55151d52296fcce64d1a72538a70b90"},"headline":"TRES MESES DE PRISI\u00d3N PREVENTIVA AL HOMBRE QUE ESCAP\u00d3 DE UNA COMISAR\u00cdA","datePublished":"2025-02-01T15:16:50+00:00","mainEntityOfPage":{"@id":"https:\/\/apuntesdesanluis.com\/index.php\/2025\/02\/01\/tres-meses-de-prision-preventiva-al-hombre-que-escapo-de-una-comisaria\/"},"wordCount":438,"publisher":{"@id":"https:\/\/apuntesdesanluis.com\/#\/schema\/person\/b55151d52296fcce64d1a72538a70b90"},"image":{"@id":"https:\/\/apuntesdesanluis.com\/index.php\/2025\/02\/01\/tres-meses-de-prision-preventiva-al-hombre-que-escapo-de-una-comisaria\/#primaryimage"},"thumbnailUrl":"https:\/\/apuntesdesanluis.com\/wp-content\/uploads\/2025\/02\/cuello.png","articleSection":["Ciudad\/Provincia"],"inLanguage":"es-AR"},{"@type":"WebPage","@id":"https:\/\/apuntesdesanluis.com\/index.php\/2025\/02\/01\/tres-meses-de-prision-preventiva-al-hombre-que-escapo-de-una-comisaria\/","url":"https:\/\/apuntesdesanluis.com\/index.php\/2025\/02\/01\/tres-meses-de-prision-preventiva-al-hombre-que-escapo-de-una-comisaria\/","name":"TRES MESES DE PRISI\u00d3N PREVENTIVA AL HOMBRE QUE ESCAP\u00d3 DE UNA COMISAR\u00cdA - Apuntes de San Luis","isPartOf":{"@id":"https:\/\/apuntesdesanluis.com\/#website"},"primaryImageOfPage":{"@id":"https:\/\/apuntesdesanluis.com\/index.php\/2025\/02\/01\/tres-meses-de-prision-preventiva-al-hombre-que-escapo-de-una-comisaria\/#primaryimage"},"image":{"@id":"https:\/\/apuntesdesanluis.com\/index.php\/2025\/02\/01\/tres-meses-de-prision-preventiva-al-hombre-que-escapo-de-una-comisaria\/#primaryimage"},"thumbnailUrl":"https:\/\/apuntesdesanluis.com\/wp-content\/uploads\/2025\/02\/cuello.png","datePublished":"2025-02-01T15:16:50+00:00","breadcrumb":{"@id":"https:\/\/apuntesdesanluis.com\/index.php\/2025\/02\/01\/tres-meses-de-prision-preventiva-al-hombre-que-escapo-de-una-comisaria\/#breadcrumb"},"inLanguage":"es-AR","potentialAction":[{"@type":"ReadAction","target":["https:\/\/apuntesdesanluis.com\/index.php\/2025\/02\/01\/tres-meses-de-prision-preventiva-al-hombre-que-escapo-de-una-comisaria\/"]}]},{"@type":"ImageObject","inLanguage":"es-AR","@id":"https:\/\/apuntesdesanluis.com\/index.php\/2025\/02\/01\/tres-meses-de-prision-preventiva-al-hombre-que-escapo-de-una-comisaria\/#primaryimage","url":"https:\/\/apuntesdesanluis.com\/wp-content\/uploads\/2025\/02\/cuello.png","contentUrl":"https:\/\/apuntesdesanluis.com\/wp-content\/uploads\/2025\/02\/cuello.png","width":800,"height":549},{"@type":"BreadcrumbList","@id":"https:\/\/apuntesdesanluis.com\/index.php\/2025\/02\/01\/tres-meses-de-prision-preventiva-al-hombre-que-escapo-de-una-comisaria\/#breadcrumb","itemListElement":[{"@type":"ListItem","position":1,"name":"Inicio","item":"https:\/\/apuntesdesanluis.com\/"},{"@type":"ListItem","position":2,"name":"TRES MESES DE PRISI\u00d3N PREVENTIVA AL HOMBRE QUE ESCAP\u00d3 DE UNA COMISAR\u00cdA"}]},{"@type":"WebSite","@id":"https:\/\/apuntesdesanluis.com\/#website","url":"https:\/\/apuntesdesanluis.com\/","name":"Apuntes de San Luis","description":"","publisher":{"@id":"https:\/\/apuntesdesanluis.com\/#\/schema\/person\/b55151d52296fcce64d1a72538a70b90"},"potentialAction":[{"@type":"SearchAction","target":{"@type":"EntryPoint","urlTemplate":"https:\/\/apuntesdesanluis.com\/?s={search_term_string}"},"query-input":{"@type":"PropertyValueSpecification","valueRequired":true,"valueName":"search_term_string"}}],"inLanguage":"es-AR"},{"@type":["Person","Organization"],"@id":"https:\/\/apuntesdesanluis.com\/#\/schema\/person\/b55151d52296fcce64d1a72538a70b90","name":"apuntesdesanluis.com","image":{"@type":"ImageObject","inLanguage":"es-AR","@id":"https:\/\/apuntesdesanluis.com\/#\/schema\/person\/image\/","url":"https:\/\/apuntesdesanluis.com\/wp-content\/uploads\/2023\/07\/cropped-apuntesdesanluis.png","contentUrl":"https:\/\/apuntesdesanluis.com\/wp-content\/uploads\/2023\/07\/cropped-apuntesdesanluis.png","width":450,"height":112,"caption":"apuntesdesanluis.com"},"logo":{"@id":"https:\/\/apuntesdesanluis.com\/#\/schema\/person\/image\/"},"sameAs":["https:\/\/apuntesdesanluis.com"],"url":"https:\/\/apuntesdesanluis.com\/index.php\/author\/apuntesdesanluis-com\/"}]}},"featured_image_urls":{"full":["https:\/\/apuntesdesanluis.com\/wp-content\/uploads\/2025\/02\/cuello.png",800,549,false],"thumbnail":["https:\/\/apuntesdesanluis.com\/wp-content\/uploads\/2025\/02\/cuello-150x150.png",150,150,true],"medium":["https:\/\/apuntesdesanluis.com\/wp-content\/uploads\/2025\/02\/cuello-300x206.png",300,206,true],"medium_large":["https:\/\/apuntesdesanluis.com\/wp-content\/uploads\/2025\/02\/cuello-768x527.png",640,439,true],"large":["https:\/\/apuntesdesanluis.com\/wp-content\/uploads\/2025\/02\/cuello.png",640,439,false],"1536x1536":["https:\/\/apuntesdesanluis.com\/wp-content\/uploads\/2025\/02\/cuello.png",800,549,false],"2048x2048":["https:\/\/apuntesdesanluis.com\/wp-content\/uploads\/2025\/02\/cuello.png",800,549,false],"newsever-slider-full":["https:\/\/apuntesdesanluis.com\/wp-content\/uploads\/2025\/02\/cuello.png",800,549,false],"newsever-featured":["https:\/\/apuntesdesanluis.com\/wp-content\/uploads\/2025\/02\/cuello.png",800,549,false],"newsever-medium":["https:\/\/apuntesdesanluis.com\/wp-content\/uploads\/2025\/02\/cuello-720x475.png",720,475,true]},"author_info":{"display_name":"apuntesdesanluis.com","author_link":"https:\/\/apuntesdesanluis.com\/index.php\/author\/apuntesdesanluis-com\/"},"category_info":"<a href=\"https:\/\/apuntesdesanluis.com\/index.php\/category\/ciudad-provincia\/\" rel=\"category tag\">Ciudad\/Provincia<\/a>","tag_info":"Ciudad\/Provincia","comment_count":"0","_links":{"self":[{"href":"https:\/\/apuntesdesanluis.com\/index.php\/wp-json\/wp\/v2\/posts\/28527","targetHints":{"allow":["GET"]}}],"collection":[{"href":"https:\/\/apuntesdesanluis.com\/index.php\/wp-json\/wp\/v2\/posts"}],"about":[{"href":"https:\/\/apuntesdesanluis.com\/index.php\/wp-json\/wp\/v2\/types\/post"}],"author":[{"embeddable":true,"href":"https:\/\/apuntesdesanluis.com\/index.php\/wp-json\/wp\/v2\/users\/1"}],"replies":[{"embeddable":true,"href":"https:\/\/apuntesdesanluis.com\/index.php\/wp-json\/wp\/v2\/comments?post=28527"}],"version-history":[{"count":1,"href":"https:\/\/apuntesdesanluis.com\/index.php\/wp-json\/wp\/v2\/posts\/28527\/revisions"}],"predecessor-version":[{"id":28529,"href":"https:\/\/apuntesdesanluis.com\/index.php\/wp-json\/wp\/v2\/posts\/28527\/revisions\/28529"}],"wp:featuredmedia":[{"embeddable":true,"href":"https:\/\/apuntesdesanluis.com\/index.php\/wp-json\/wp\/v2\/media\/28528"}],"wp:attachment":[{"href":"https:\/\/apuntesdesanluis.com\/index.php\/wp-json\/wp\/v2\/media?parent=28527"}],"wp:term":[{"taxonomy":"category","embeddable":true,"href":"https:\/\/apuntesdesanluis.com\/index.php\/wp-json\/wp\/v2\/categories?post=28527"},{"taxonomy":"post_tag","embeddable":true,"href":"https:\/\/apuntesdesanluis.com\/index.php\/wp-json\/wp\/v2\/tags?post=28527"}],"curies":[{"name":"wp","href":"https:\/\/api.w.org\/{rel}","templated":true}]}}