{"id":28530,"date":"2025-02-01T12:44:29","date_gmt":"2025-02-01T15:44:29","guid":{"rendered":"https:\/\/apuntesdesanluis.com\/?p=28530"},"modified":"2025-02-01T12:44:29","modified_gmt":"2025-02-01T15:44:29","slug":"imputaron-por-portacion-ilegal-de-arma-de-fuego-al-hombre-que-amenazo-a-otros","status":"publish","type":"post","link":"https:\/\/apuntesdesanluis.com\/index.php\/2025\/02\/01\/imputaron-por-portacion-ilegal-de-arma-de-fuego-al-hombre-que-amenazo-a-otros\/","title":{"rendered":"IMPUTARON POR PORTACI\u00d3N ILEGAL DE ARMA DE FUEGO AL HOMBRE QUE AMENAZ\u00d3 A OTROS"},"content":{"rendered":"<h3>Fue por el hecho registrado el 30 de enero en el centro de la ciudad de Villa Mercedes. La Defensa solicit\u00f3 tres d\u00edas de pr\u00f3rroga de detenci\u00f3n.<\/h3>\n<h3>El viernes por la ma\u00f1ana se desarroll\u00f3 la audiencia de formulaci\u00f3n de cargos en el Juzgado de Garant\u00eda N\u00ba 1 de la Segunda Circunscripci\u00f3n Judicial, donde el Ministerio P\u00fablico Fiscal imput\u00f3 a un hombre como autor del delito de portaci\u00f3n ilegal de arma de fuego de uso civil, en los t\u00e9rminos previstos en el Art. 189 bis inc. 2\u00ba p\u00e1rrafo tercero del C\u00f3digo Penal Argentino.<\/h3>\n<h3>La audiencia fue dirigida por el Juez Dr. Alfredo Cuello y en representaci\u00f3n del Ministerio P\u00fablico Fiscal estuvieron presentes el Dr. Maximiliano Bazla Cassina\u00a0 \u2013 Fiscal de Instrucci\u00f3n N\u00ba 1 \u2013 y la Dra. Cecilia Framini \u2013 Fiscal Adjunta -. En la Defensa del imputado intervino el Dr. Pascual Celdr\u00e1n y como Secretario, el Dr. Fabi\u00e1n Aguilar.<\/h3>\n<h3>Seg\u00fan el relato formulado por Fiscal\u00eda, el hecho investigado se produjo el 30 de enero, cuando el imputado se baj\u00f3 en la calle Jun\u00edn, a unos metros de la ochava de calle Balcarce, de un autom\u00f3vil marca Chevrolet empu\u00f1ando un arma de fuego. Con insultos de por medio, apunt\u00f3 a una persona, para luego guardar el arma y retirarse del lugar. La secuencia fue filmada por un transe\u00fante y subida a las redes sociales.<\/h3>\n<div style=\"width: 640px;\" class=\"wp-video\"><!--[if lt IE 9]><script>document.createElement('video');<\/script><![endif]-->\n<video class=\"wp-video-shortcode\" id=\"video-28530-1\" width=\"640\" height=\"1138\" preload=\"metadata\" controls=\"controls\"><source type=\"video\/mp4\" src=\"https:\/\/apuntesdesanluis.com\/wp-content\/uploads\/2025\/01\/AQMzSO-pf-5Q2femkucG01m7vcvxJCrR28_Y1_3pLpzsBNb3Vaqur8do4r5kIut8ADPpyDbW4LbseONUhre-JySH.mp4?_=1\" \/><a href=\"https:\/\/apuntesdesanluis.com\/wp-content\/uploads\/2025\/01\/AQMzSO-pf-5Q2femkucG01m7vcvxJCrR28_Y1_3pLpzsBNb3Vaqur8do4r5kIut8ADPpyDbW4LbseONUhre-JySH.mp4\">https:\/\/apuntesdesanluis.com\/wp-content\/uploads\/2025\/01\/AQMzSO-pf-5Q2femkucG01m7vcvxJCrR28_Y1_3pLpzsBNb3Vaqur8do4r5kIut8ADPpyDbW4LbseONUhre-JySH.mp4<\/a><\/video><\/div>\n<h3>Cedida la palabra a la Defensa, solicit\u00f3 la pr\u00f3rroga de la detenci\u00f3n por el plazo de tres d\u00edas a fin de presentar su teor\u00eda del caso.<\/h3>\n<h3>Luego de escuchar a las partes, el Dr. Alfredo Cuello tuvo por formulados los cargos en los t\u00e9rminos solicitados por el Ministerio P\u00fablico Fiscal y concedi\u00f3 la pr\u00f3rroga de la detenci\u00f3n solicitada por la Defensa, fijando una nueva audiencia para el pr\u00f3ximo lunes cuando se definir\u00e1 la situaci\u00f3n procesal del acusado, quien permanecer\u00e1 detenido en sede policial.<\/h3>\n<p>&nbsp;<\/p>\n<p>&nbsp;<\/p>\n","protected":false},"excerpt":{"rendered":"<p>Fue por el hecho registrado el 30 de enero en el centro de la ciudad&#8230;<\/p>\n","protected":false},"author":1,"featured_media":28461,"comment_status":"closed","ping_status":"closed","sticky":false,"template":"","format":"standard","meta":{"footnotes":""},"categories":[6],"tags":[],"class_list":["post-28530","post","type-post","status-publish","format-standard","has-post-thumbnail","hentry","category-ciudad-provincia"],"yoast_head":"<!-- This site is optimized with the Yoast SEO plugin v26.1.1 - https:\/\/yoast.com\/wordpress\/plugins\/seo\/ -->\n<title>IMPUTARON POR PORTACI\u00d3N ILEGAL DE ARMA DE FUEGO AL HOMBRE QUE AMENAZ\u00d3 A OTROS - Apuntes de San Luis<\/title>\n<meta name=\"robots\" content=\"index, follow, max-snippet:-1, max-image-preview:large, max-video-preview:-1\" \/>\n<link rel=\"canonical\" href=\"https:\/\/apuntesdesanluis.com\/index.php\/2025\/02\/01\/imputaron-por-portacion-ilegal-de-arma-de-fuego-al-hombre-que-amenazo-a-otros\/\" \/>\n<meta property=\"og:locale\" content=\"es_ES\" \/>\n<meta property=\"og:type\" content=\"article\" \/>\n<meta property=\"og:title\" content=\"IMPUTARON POR PORTACI\u00d3N ILEGAL DE ARMA DE FUEGO AL HOMBRE QUE AMENAZ\u00d3 A OTROS - Apuntes de San Luis\" \/>\n<meta property=\"og:description\" content=\"Fue por el hecho registrado el 30 de enero en el centro de la ciudad...\" \/>\n<meta property=\"og:url\" content=\"https:\/\/apuntesdesanluis.com\/index.php\/2025\/02\/01\/imputaron-por-portacion-ilegal-de-arma-de-fuego-al-hombre-que-amenazo-a-otros\/\" \/>\n<meta property=\"og:site_name\" content=\"Apuntes de San Luis\" \/>\n<meta property=\"article:published_time\" content=\"2025-02-01T15:44:29+00:00\" \/>\n<meta property=\"og:image\" content=\"https:\/\/apuntesdesanluis.com\/wp-content\/uploads\/2025\/01\/TARADO.png\" \/>\n\t<meta property=\"og:image:width\" content=\"609\" \/>\n\t<meta property=\"og:image:height\" content=\"469\" \/>\n\t<meta property=\"og:image:type\" content=\"image\/png\" \/>\n<meta name=\"author\" content=\"apuntesdesanluis.com\" \/>\n<meta name=\"twitter:card\" content=\"summary_large_image\" \/>\n<meta name=\"twitter:label1\" content=\"Escrito por\" \/>\n\t<meta name=\"twitter:data1\" content=\"apuntesdesanluis.com\" \/>\n\t<meta name=\"twitter:label2\" content=\"Tiempo de lectura\" \/>\n\t<meta name=\"twitter:data2\" content=\"2 minutos\" \/>\n<script type=\"application\/ld+json\" class=\"yoast-schema-graph\">{\"@context\":\"https:\/\/schema.org\",\"@graph\":[{\"@type\":\"Article\",\"@id\":\"https:\/\/apuntesdesanluis.com\/index.php\/2025\/02\/01\/imputaron-por-portacion-ilegal-de-arma-de-fuego-al-hombre-que-amenazo-a-otros\/#article\",\"isPartOf\":{\"@id\":\"https:\/\/apuntesdesanluis.com\/index.php\/2025\/02\/01\/imputaron-por-portacion-ilegal-de-arma-de-fuego-al-hombre-que-amenazo-a-otros\/\"},\"author\":{\"name\":\"apuntesdesanluis.com\",\"@id\":\"https:\/\/apuntesdesanluis.com\/#\/schema\/person\/b55151d52296fcce64d1a72538a70b90\"},\"headline\":\"IMPUTARON POR PORTACI\u00d3N ILEGAL DE ARMA DE FUEGO AL HOMBRE QUE AMENAZ\u00d3 A OTROS\",\"datePublished\":\"2025-02-01T15:44:29+00:00\",\"mainEntityOfPage\":{\"@id\":\"https:\/\/apuntesdesanluis.com\/index.php\/2025\/02\/01\/imputaron-por-portacion-ilegal-de-arma-de-fuego-al-hombre-que-amenazo-a-otros\/\"},\"wordCount\":371,\"publisher\":{\"@id\":\"https:\/\/apuntesdesanluis.com\/#\/schema\/person\/b55151d52296fcce64d1a72538a70b90\"},\"image\":{\"@id\":\"https:\/\/apuntesdesanluis.com\/index.php\/2025\/02\/01\/imputaron-por-portacion-ilegal-de-arma-de-fuego-al-hombre-que-amenazo-a-otros\/#primaryimage\"},\"thumbnailUrl\":\"https:\/\/apuntesdesanluis.com\/wp-content\/uploads\/2025\/01\/TARADO.png\",\"articleSection\":[\"Ciudad\/Provincia\"],\"inLanguage\":\"es-AR\"},{\"@type\":\"WebPage\",\"@id\":\"https:\/\/apuntesdesanluis.com\/index.php\/2025\/02\/01\/imputaron-por-portacion-ilegal-de-arma-de-fuego-al-hombre-que-amenazo-a-otros\/\",\"url\":\"https:\/\/apuntesdesanluis.com\/index.php\/2025\/02\/01\/imputaron-por-portacion-ilegal-de-arma-de-fuego-al-hombre-que-amenazo-a-otros\/\",\"name\":\"IMPUTARON POR PORTACI\u00d3N ILEGAL DE ARMA DE FUEGO AL HOMBRE QUE AMENAZ\u00d3 A OTROS - Apuntes de San Luis\",\"isPartOf\":{\"@id\":\"https:\/\/apuntesdesanluis.com\/#website\"},\"primaryImageOfPage\":{\"@id\":\"https:\/\/apuntesdesanluis.com\/index.php\/2025\/02\/01\/imputaron-por-portacion-ilegal-de-arma-de-fuego-al-hombre-que-amenazo-a-otros\/#primaryimage\"},\"image\":{\"@id\":\"https:\/\/apuntesdesanluis.com\/index.php\/2025\/02\/01\/imputaron-por-portacion-ilegal-de-arma-de-fuego-al-hombre-que-amenazo-a-otros\/#primaryimage\"},\"thumbnailUrl\":\"https:\/\/apuntesdesanluis.com\/wp-content\/uploads\/2025\/01\/TARADO.png\",\"datePublished\":\"2025-02-01T15:44:29+00:00\",\"breadcrumb\":{\"@id\":\"https:\/\/apuntesdesanluis.com\/index.php\/2025\/02\/01\/imputaron-por-portacion-ilegal-de-arma-de-fuego-al-hombre-que-amenazo-a-otros\/#breadcrumb\"},\"inLanguage\":\"es-AR\",\"potentialAction\":[{\"@type\":\"ReadAction\",\"target\":[\"https:\/\/apuntesdesanluis.com\/index.php\/2025\/02\/01\/imputaron-por-portacion-ilegal-de-arma-de-fuego-al-hombre-que-amenazo-a-otros\/\"]}]},{\"@type\":\"ImageObject\",\"inLanguage\":\"es-AR\",\"@id\":\"https:\/\/apuntesdesanluis.com\/index.php\/2025\/02\/01\/imputaron-por-portacion-ilegal-de-arma-de-fuego-al-hombre-que-amenazo-a-otros\/#primaryimage\",\"url\":\"https:\/\/apuntesdesanluis.com\/wp-content\/uploads\/2025\/01\/TARADO.png\",\"contentUrl\":\"https:\/\/apuntesdesanluis.com\/wp-content\/uploads\/2025\/01\/TARADO.png\",\"width\":609,\"height\":469},{\"@type\":\"BreadcrumbList\",\"@id\":\"https:\/\/apuntesdesanluis.com\/index.php\/2025\/02\/01\/imputaron-por-portacion-ilegal-de-arma-de-fuego-al-hombre-que-amenazo-a-otros\/#breadcrumb\",\"itemListElement\":[{\"@type\":\"ListItem\",\"position\":1,\"name\":\"Inicio\",\"item\":\"https:\/\/apuntesdesanluis.com\/\"},{\"@type\":\"ListItem\",\"position\":2,\"name\":\"IMPUTARON POR PORTACI\u00d3N ILEGAL DE ARMA DE FUEGO AL HOMBRE QUE AMENAZ\u00d3 A OTROS\"}]},{\"@type\":\"WebSite\",\"@id\":\"https:\/\/apuntesdesanluis.com\/#website\",\"url\":\"https:\/\/apuntesdesanluis.com\/\",\"name\":\"Apuntes de San Luis\",\"description\":\"\",\"publisher\":{\"@id\":\"https:\/\/apuntesdesanluis.com\/#\/schema\/person\/b55151d52296fcce64d1a72538a70b90\"},\"potentialAction\":[{\"@type\":\"SearchAction\",\"target\":{\"@type\":\"EntryPoint\",\"urlTemplate\":\"https:\/\/apuntesdesanluis.com\/?s={search_term_string}\"},\"query-input\":{\"@type\":\"PropertyValueSpecification\",\"valueRequired\":true,\"valueName\":\"search_term_string\"}}],\"inLanguage\":\"es-AR\"},{\"@type\":[\"Person\",\"Organization\"],\"@id\":\"https:\/\/apuntesdesanluis.com\/#\/schema\/person\/b55151d52296fcce64d1a72538a70b90\",\"name\":\"apuntesdesanluis.com\",\"image\":{\"@type\":\"ImageObject\",\"inLanguage\":\"es-AR\",\"@id\":\"https:\/\/apuntesdesanluis.com\/#\/schema\/person\/image\/\",\"url\":\"https:\/\/apuntesdesanluis.com\/wp-content\/uploads\/2023\/07\/cropped-apuntesdesanluis.png\",\"contentUrl\":\"https:\/\/apuntesdesanluis.com\/wp-content\/uploads\/2023\/07\/cropped-apuntesdesanluis.png\",\"width\":450,\"height\":112,\"caption\":\"apuntesdesanluis.com\"},\"logo\":{\"@id\":\"https:\/\/apuntesdesanluis.com\/#\/schema\/person\/image\/\"},\"sameAs\":[\"https:\/\/apuntesdesanluis.com\"],\"url\":\"https:\/\/apuntesdesanluis.com\/index.php\/author\/apuntesdesanluis-com\/\"}]}<\/script>\n<!-- \/ Yoast SEO plugin. -->","yoast_head_json":{"title":"IMPUTARON POR PORTACI\u00d3N ILEGAL DE ARMA DE FUEGO AL HOMBRE QUE AMENAZ\u00d3 A OTROS - Apuntes de San Luis","robots":{"index":"index","follow":"follow","max-snippet":"max-snippet:-1","max-image-preview":"max-image-preview:large","max-video-preview":"max-video-preview:-1"},"canonical":"https:\/\/apuntesdesanluis.com\/index.php\/2025\/02\/01\/imputaron-por-portacion-ilegal-de-arma-de-fuego-al-hombre-que-amenazo-a-otros\/","og_locale":"es_ES","og_type":"article","og_title":"IMPUTARON POR PORTACI\u00d3N ILEGAL DE ARMA DE FUEGO AL HOMBRE QUE AMENAZ\u00d3 A OTROS - Apuntes de San Luis","og_description":"Fue por el hecho registrado el 30 de enero en el centro de la ciudad...","og_url":"https:\/\/apuntesdesanluis.com\/index.php\/2025\/02\/01\/imputaron-por-portacion-ilegal-de-arma-de-fuego-al-hombre-que-amenazo-a-otros\/","og_site_name":"Apuntes de San Luis","article_published_time":"2025-02-01T15:44:29+00:00","og_image":[{"width":609,"height":469,"url":"https:\/\/apuntesdesanluis.com\/wp-content\/uploads\/2025\/01\/TARADO.png","type":"image\/png"}],"author":"apuntesdesanluis.com","twitter_card":"summary_large_image","twitter_misc":{"Escrito por":"apuntesdesanluis.com","Tiempo de lectura":"2 minutos"},"schema":{"@context":"https:\/\/schema.org","@graph":[{"@type":"Article","@id":"https:\/\/apuntesdesanluis.com\/index.php\/2025\/02\/01\/imputaron-por-portacion-ilegal-de-arma-de-fuego-al-hombre-que-amenazo-a-otros\/#article","isPartOf":{"@id":"https:\/\/apuntesdesanluis.com\/index.php\/2025\/02\/01\/imputaron-por-portacion-ilegal-de-arma-de-fuego-al-hombre-que-amenazo-a-otros\/"},"author":{"name":"apuntesdesanluis.com","@id":"https:\/\/apuntesdesanluis.com\/#\/schema\/person\/b55151d52296fcce64d1a72538a70b90"},"headline":"IMPUTARON POR PORTACI\u00d3N ILEGAL DE ARMA DE FUEGO AL HOMBRE QUE AMENAZ\u00d3 A OTROS","datePublished":"2025-02-01T15:44:29+00:00","mainEntityOfPage":{"@id":"https:\/\/apuntesdesanluis.com\/index.php\/2025\/02\/01\/imputaron-por-portacion-ilegal-de-arma-de-fuego-al-hombre-que-amenazo-a-otros\/"},"wordCount":371,"publisher":{"@id":"https:\/\/apuntesdesanluis.com\/#\/schema\/person\/b55151d52296fcce64d1a72538a70b90"},"image":{"@id":"https:\/\/apuntesdesanluis.com\/index.php\/2025\/02\/01\/imputaron-por-portacion-ilegal-de-arma-de-fuego-al-hombre-que-amenazo-a-otros\/#primaryimage"},"thumbnailUrl":"https:\/\/apuntesdesanluis.com\/wp-content\/uploads\/2025\/01\/TARADO.png","articleSection":["Ciudad\/Provincia"],"inLanguage":"es-AR"},{"@type":"WebPage","@id":"https:\/\/apuntesdesanluis.com\/index.php\/2025\/02\/01\/imputaron-por-portacion-ilegal-de-arma-de-fuego-al-hombre-que-amenazo-a-otros\/","url":"https:\/\/apuntesdesanluis.com\/index.php\/2025\/02\/01\/imputaron-por-portacion-ilegal-de-arma-de-fuego-al-hombre-que-amenazo-a-otros\/","name":"IMPUTARON POR PORTACI\u00d3N ILEGAL DE ARMA DE FUEGO AL HOMBRE QUE AMENAZ\u00d3 A OTROS - Apuntes de San Luis","isPartOf":{"@id":"https:\/\/apuntesdesanluis.com\/#website"},"primaryImageOfPage":{"@id":"https:\/\/apuntesdesanluis.com\/index.php\/2025\/02\/01\/imputaron-por-portacion-ilegal-de-arma-de-fuego-al-hombre-que-amenazo-a-otros\/#primaryimage"},"image":{"@id":"https:\/\/apuntesdesanluis.com\/index.php\/2025\/02\/01\/imputaron-por-portacion-ilegal-de-arma-de-fuego-al-hombre-que-amenazo-a-otros\/#primaryimage"},"thumbnailUrl":"https:\/\/apuntesdesanluis.com\/wp-content\/uploads\/2025\/01\/TARADO.png","datePublished":"2025-02-01T15:44:29+00:00","breadcrumb":{"@id":"https:\/\/apuntesdesanluis.com\/index.php\/2025\/02\/01\/imputaron-por-portacion-ilegal-de-arma-de-fuego-al-hombre-que-amenazo-a-otros\/#breadcrumb"},"inLanguage":"es-AR","potentialAction":[{"@type":"ReadAction","target":["https:\/\/apuntesdesanluis.com\/index.php\/2025\/02\/01\/imputaron-por-portacion-ilegal-de-arma-de-fuego-al-hombre-que-amenazo-a-otros\/"]}]},{"@type":"ImageObject","inLanguage":"es-AR","@id":"https:\/\/apuntesdesanluis.com\/index.php\/2025\/02\/01\/imputaron-por-portacion-ilegal-de-arma-de-fuego-al-hombre-que-amenazo-a-otros\/#primaryimage","url":"https:\/\/apuntesdesanluis.com\/wp-content\/uploads\/2025\/01\/TARADO.png","contentUrl":"https:\/\/apuntesdesanluis.com\/wp-content\/uploads\/2025\/01\/TARADO.png","width":609,"height":469},{"@type":"BreadcrumbList","@id":"https:\/\/apuntesdesanluis.com\/index.php\/2025\/02\/01\/imputaron-por-portacion-ilegal-de-arma-de-fuego-al-hombre-que-amenazo-a-otros\/#breadcrumb","itemListElement":[{"@type":"ListItem","position":1,"name":"Inicio","item":"https:\/\/apuntesdesanluis.com\/"},{"@type":"ListItem","position":2,"name":"IMPUTARON POR PORTACI\u00d3N ILEGAL DE ARMA DE FUEGO AL HOMBRE QUE AMENAZ\u00d3 A OTROS"}]},{"@type":"WebSite","@id":"https:\/\/apuntesdesanluis.com\/#website","url":"https:\/\/apuntesdesanluis.com\/","name":"Apuntes de San Luis","description":"","publisher":{"@id":"https:\/\/apuntesdesanluis.com\/#\/schema\/person\/b55151d52296fcce64d1a72538a70b90"},"potentialAction":[{"@type":"SearchAction","target":{"@type":"EntryPoint","urlTemplate":"https:\/\/apuntesdesanluis.com\/?s={search_term_string}"},"query-input":{"@type":"PropertyValueSpecification","valueRequired":true,"valueName":"search_term_string"}}],"inLanguage":"es-AR"},{"@type":["Person","Organization"],"@id":"https:\/\/apuntesdesanluis.com\/#\/schema\/person\/b55151d52296fcce64d1a72538a70b90","name":"apuntesdesanluis.com","image":{"@type":"ImageObject","inLanguage":"es-AR","@id":"https:\/\/apuntesdesanluis.com\/#\/schema\/person\/image\/","url":"https:\/\/apuntesdesanluis.com\/wp-content\/uploads\/2023\/07\/cropped-apuntesdesanluis.png","contentUrl":"https:\/\/apuntesdesanluis.com\/wp-content\/uploads\/2023\/07\/cropped-apuntesdesanluis.png","width":450,"height":112,"caption":"apuntesdesanluis.com"},"logo":{"@id":"https:\/\/apuntesdesanluis.com\/#\/schema\/person\/image\/"},"sameAs":["https:\/\/apuntesdesanluis.com"],"url":"https:\/\/apuntesdesanluis.com\/index.php\/author\/apuntesdesanluis-com\/"}]}},"featured_image_urls":{"full":["https:\/\/apuntesdesanluis.com\/wp-content\/uploads\/2025\/01\/TARADO.png",609,469,false],"thumbnail":["https:\/\/apuntesdesanluis.com\/wp-content\/uploads\/2025\/01\/TARADO-150x150.png",150,150,true],"medium":["https:\/\/apuntesdesanluis.com\/wp-content\/uploads\/2025\/01\/TARADO-300x231.png",300,231,true],"medium_large":["https:\/\/apuntesdesanluis.com\/wp-content\/uploads\/2025\/01\/TARADO.png",609,469,false],"large":["https:\/\/apuntesdesanluis.com\/wp-content\/uploads\/2025\/01\/TARADO.png",609,469,false],"1536x1536":["https:\/\/apuntesdesanluis.com\/wp-content\/uploads\/2025\/01\/TARADO.png",609,469,false],"2048x2048":["https:\/\/apuntesdesanluis.com\/wp-content\/uploads\/2025\/01\/TARADO.png",609,469,false],"newsever-slider-full":["https:\/\/apuntesdesanluis.com\/wp-content\/uploads\/2025\/01\/TARADO.png",609,469,false],"newsever-featured":["https:\/\/apuntesdesanluis.com\/wp-content\/uploads\/2025\/01\/TARADO.png",609,469,false],"newsever-medium":["https:\/\/apuntesdesanluis.com\/wp-content\/uploads\/2025\/01\/TARADO.png",609,469,false]},"author_info":{"display_name":"apuntesdesanluis.com","author_link":"https:\/\/apuntesdesanluis.com\/index.php\/author\/apuntesdesanluis-com\/"},"category_info":"<a href=\"https:\/\/apuntesdesanluis.com\/index.php\/category\/ciudad-provincia\/\" rel=\"category tag\">Ciudad\/Provincia<\/a>","tag_info":"Ciudad\/Provincia","comment_count":"0","_links":{"self":[{"href":"https:\/\/apuntesdesanluis.com\/index.php\/wp-json\/wp\/v2\/posts\/28530","targetHints":{"allow":["GET"]}}],"collection":[{"href":"https:\/\/apuntesdesanluis.com\/index.php\/wp-json\/wp\/v2\/posts"}],"about":[{"href":"https:\/\/apuntesdesanluis.com\/index.php\/wp-json\/wp\/v2\/types\/post"}],"author":[{"embeddable":true,"href":"https:\/\/apuntesdesanluis.com\/index.php\/wp-json\/wp\/v2\/users\/1"}],"replies":[{"embeddable":true,"href":"https:\/\/apuntesdesanluis.com\/index.php\/wp-json\/wp\/v2\/comments?post=28530"}],"version-history":[{"count":1,"href":"https:\/\/apuntesdesanluis.com\/index.php\/wp-json\/wp\/v2\/posts\/28530\/revisions"}],"predecessor-version":[{"id":28531,"href":"https:\/\/apuntesdesanluis.com\/index.php\/wp-json\/wp\/v2\/posts\/28530\/revisions\/28531"}],"wp:featuredmedia":[{"embeddable":true,"href":"https:\/\/apuntesdesanluis.com\/index.php\/wp-json\/wp\/v2\/media\/28461"}],"wp:attachment":[{"href":"https:\/\/apuntesdesanluis.com\/index.php\/wp-json\/wp\/v2\/media?parent=28530"}],"wp:term":[{"taxonomy":"category","embeddable":true,"href":"https:\/\/apuntesdesanluis.com\/index.php\/wp-json\/wp\/v2\/categories?post=28530"},{"taxonomy":"post_tag","embeddable":true,"href":"https:\/\/apuntesdesanluis.com\/index.php\/wp-json\/wp\/v2\/tags?post=28530"}],"curies":[{"name":"wp","href":"https:\/\/api.w.org\/{rel}","templated":true}]}}