{"id":28532,"date":"2025-01-31T22:01:14","date_gmt":"2025-02-01T01:01:14","guid":{"rendered":"https:\/\/apuntesdesanluis.com\/?p=28532"},"modified":"2025-02-01T13:08:48","modified_gmt":"2025-02-01T16:08:48","slug":"otra-tragedia-aerea-en-ee-uu-al-menos-6-muertos-tras-caer-un-avion-en-filadelfia","status":"publish","type":"post","link":"https:\/\/apuntesdesanluis.com\/index.php\/2025\/01\/31\/otra-tragedia-aerea-en-ee-uu-al-menos-6-muertos-tras-caer-un-avion-en-filadelfia\/","title":{"rendered":"OTRA TRAGEDIA A\u00c9REA EN EE.UU: AL MENOS 6 MUERTOS TRAS CAER UN AVI\u00d3N EN FILADELFIA"},"content":{"rendered":"<h3>Un <strong>avi\u00f3n peque\u00f1o<\/strong> se estrell\u00f3 este viernes en una zona urbana de <strong>Filadelfia<\/strong>, Estados Unidos, dejando al menos seis muertos y provocando un incendio que afect\u00f3 varias viviendas y veh\u00edculos.<\/h3>\n<h3>Seg\u00fan reportes de Fox News, el accidente ocurri\u00f3 cerca del cruce entre Roosevelt Boulevard y Cottman Avenue, en el noreste de la ciudad. Testigos registraron una explosi\u00f3n en el momento del impacto, seguida de un incendio y una densa humareda.<\/h3>\n<h3>La cadena CBS News inform\u00f3 que dos personas viajaban a bordo del avi\u00f3n, un Learjet 55, que hab\u00eda despegado del aeropuerto del noreste de Filadelfia con destino a Springfield, Misuri. Adem\u00e1s, se reportaron heridos en tierra, aunque no se precis\u00f3 la cantidad de afectados.<\/h3>\n<h3>Se trata de un avi\u00f3n de la empresa mexicana Jet Rescue, especializada en servicios de ambulancia a\u00e9rea, se estrell\u00f3 en las inmediaciones de Roosevelt Boulevard y Cottman Avenue, en Filadelfia, Estados Unidos, seg\u00fan inform\u00f3 la Administraci\u00f3n Federal de Aviaci\u00f3n (FAA, por sus siglas en ingl\u00e9s).<\/h3>\n<p><iframe title=\"Se estrella una ambulancia a\u00e9rea con seis personas a bordo en un centro comercial de Filadelfia\" width=\"640\" height=\"360\" src=\"https:\/\/www.youtube.com\/embed\/5rLaJVbhZkk?feature=oembed\" frameborder=\"0\" allow=\"accelerometer; autoplay; clipboard-write; encrypted-media; gyroscope; picture-in-picture; web-share\" referrerpolicy=\"strict-origin-when-cross-origin\" allowfullscreen><\/iframe><\/p>\n<h3>De acuerdo con la FAA, la aeronave, un Learjet 55 con matr\u00edcula XA-UCI, despeg\u00f3 del Aeropuerto del Noreste de Filadelfia con destino al Aeropuerto Nacional de Springfield-Branson, en el estado de Misuri. Sin embargo, se precipit\u00f3 a tierra alrededor de las 6:30 p. m. de este viernes.<\/h3>\n<h3>El accidente est\u00e1 bajo investigaci\u00f3n por parte de la FAA y la Junta Nacional de Seguridad en el Transporte (NTSB), que buscan determinar las causas del siniestro. Hasta el momento, no se han proporcionado detalles sobre las v\u00edctimas o el estado de los ocupantes.<\/h3>\n<h3>Jet Rescue es una compa\u00f1\u00eda mexicana que ofrece servicios de ambulancia a\u00e9rea de terapia intensiva, especializada en traslados m\u00e9dicos nacionales e internacionales.<\/h3>\n<h3>De acuerdo con los reportes iniciales, el accidente no solo afect\u00f3 a los ocupantes de la aeronave, sino que tambi\u00e9n caus\u00f3 lesiones a personas que se encontraban en tierra.<\/h3>\n<h3>Testigos en la zona describieron escenas de p\u00e1nico tras el impacto, con residentes intentando ponerse a salvo mientras el fuego se propagaba r\u00e1pidamente. Algunos relataron haber sentido una fuerte sacudida antes de escuchar la explosi\u00f3n, seguida de una densa columna de humo que cubri\u00f3 el \u00e1rea. De acuerdo con CBS News, varias personas fueron vistas recibiendo atenci\u00f3n m\u00e9dica en el lugar, mientras los equipos de emergencia trabajaban para evaluar la situaci\u00f3n y contener los da\u00f1os.<\/h3>\n<h3>El gobernador de Pensilvania, Josh Shapiro, asegur\u00f3 que el estado est\u00e1 brindando apoyo a las autoridades locales para gestionar la emergencia. Mientras tanto, el Departamento de Bomberos de Filadelfia confirm\u00f3 que todos los recursos de emergencia fueron desplegados en la zona.<\/h3>\n<h3>El accidente ocurre dos d\u00edas despu\u00e9s de que un helic\u00f3ptero militar chocara contra un avi\u00f3n comercial cerca del Aeropuerto Nacional Reagan de Washington, en un hecho que dej\u00f3 67 v\u00edctimas fatales.<\/h3>\n<h3>Las autoridades investigan las causas del siniestro y a\u00fan no han revelado informaci\u00f3n sobre la identidad de las v\u00edctimas.<\/h3>\n<h3><\/h3>\n<h3><\/h3>\n<h3><\/h3>\n<p>&nbsp;<\/p>\n","protected":false},"excerpt":{"rendered":"<p>Un avi\u00f3n peque\u00f1o se estrell\u00f3 este viernes en una zona urbana de Filadelfia, Estados Unidos,&#8230;<\/p>\n","protected":false},"author":1,"featured_media":28533,"comment_status":"closed","ping_status":"closed","sticky":false,"template":"","format":"standard","meta":{"footnotes":""},"categories":[5],"tags":[],"class_list":["post-28532","post","type-post","status-publish","format-standard","has-post-thumbnail","hentry","category-nacionales-internacionales"],"yoast_head":"<!-- This site is optimized with the Yoast SEO plugin v26.1.1 - https:\/\/yoast.com\/wordpress\/plugins\/seo\/ -->\n<title>OTRA TRAGEDIA A\u00c9REA EN EE.UU: AL MENOS 6 MUERTOS TRAS CAER UN AVI\u00d3N EN FILADELFIA - Apuntes de San Luis<\/title>\n<meta name=\"robots\" content=\"index, follow, max-snippet:-1, max-image-preview:large, max-video-preview:-1\" \/>\n<link rel=\"canonical\" href=\"https:\/\/apuntesdesanluis.com\/index.php\/2025\/01\/31\/otra-tragedia-aerea-en-ee-uu-al-menos-6-muertos-tras-caer-un-avion-en-filadelfia\/\" \/>\n<meta property=\"og:locale\" content=\"es_ES\" \/>\n<meta property=\"og:type\" content=\"article\" \/>\n<meta property=\"og:title\" content=\"OTRA TRAGEDIA A\u00c9REA EN EE.UU: AL MENOS 6 MUERTOS TRAS CAER UN AVI\u00d3N EN FILADELFIA - Apuntes de San Luis\" \/>\n<meta property=\"og:description\" content=\"Un avi\u00f3n peque\u00f1o se estrell\u00f3 este viernes en una zona urbana de Filadelfia, Estados Unidos,...\" \/>\n<meta property=\"og:url\" content=\"https:\/\/apuntesdesanluis.com\/index.php\/2025\/01\/31\/otra-tragedia-aerea-en-ee-uu-al-menos-6-muertos-tras-caer-un-avion-en-filadelfia\/\" \/>\n<meta property=\"og:site_name\" content=\"Apuntes de San Luis\" \/>\n<meta property=\"article:published_time\" content=\"2025-02-01T01:01:14+00:00\" \/>\n<meta property=\"article:modified_time\" content=\"2025-02-01T16:08:48+00:00\" \/>\n<meta property=\"og:image\" content=\"https:\/\/apuntesdesanluis.com\/wp-content\/uploads\/2025\/02\/caida-de-avion.png\" \/>\n\t<meta property=\"og:image:width\" content=\"756\" \/>\n\t<meta property=\"og:image:height\" content=\"485\" \/>\n\t<meta property=\"og:image:type\" content=\"image\/png\" \/>\n<meta name=\"author\" content=\"apuntesdesanluis.com\" \/>\n<meta name=\"twitter:card\" content=\"summary_large_image\" \/>\n<meta name=\"twitter:label1\" content=\"Escrito por\" \/>\n\t<meta name=\"twitter:data1\" content=\"apuntesdesanluis.com\" \/>\n\t<meta name=\"twitter:label2\" content=\"Tiempo de lectura\" \/>\n\t<meta name=\"twitter:data2\" content=\"3 minutos\" \/>\n<script type=\"application\/ld+json\" class=\"yoast-schema-graph\">{\"@context\":\"https:\/\/schema.org\",\"@graph\":[{\"@type\":\"Article\",\"@id\":\"https:\/\/apuntesdesanluis.com\/index.php\/2025\/01\/31\/otra-tragedia-aerea-en-ee-uu-al-menos-6-muertos-tras-caer-un-avion-en-filadelfia\/#article\",\"isPartOf\":{\"@id\":\"https:\/\/apuntesdesanluis.com\/index.php\/2025\/01\/31\/otra-tragedia-aerea-en-ee-uu-al-menos-6-muertos-tras-caer-un-avion-en-filadelfia\/\"},\"author\":{\"name\":\"apuntesdesanluis.com\",\"@id\":\"https:\/\/apuntesdesanluis.com\/#\/schema\/person\/b55151d52296fcce64d1a72538a70b90\"},\"headline\":\"OTRA TRAGEDIA A\u00c9REA EN EE.UU: AL MENOS 6 MUERTOS TRAS CAER UN AVI\u00d3N EN FILADELFIA\",\"datePublished\":\"2025-02-01T01:01:14+00:00\",\"dateModified\":\"2025-02-01T16:08:48+00:00\",\"mainEntityOfPage\":{\"@id\":\"https:\/\/apuntesdesanluis.com\/index.php\/2025\/01\/31\/otra-tragedia-aerea-en-ee-uu-al-menos-6-muertos-tras-caer-un-avion-en-filadelfia\/\"},\"wordCount\":521,\"publisher\":{\"@id\":\"https:\/\/apuntesdesanluis.com\/#\/schema\/person\/b55151d52296fcce64d1a72538a70b90\"},\"image\":{\"@id\":\"https:\/\/apuntesdesanluis.com\/index.php\/2025\/01\/31\/otra-tragedia-aerea-en-ee-uu-al-menos-6-muertos-tras-caer-un-avion-en-filadelfia\/#primaryimage\"},\"thumbnailUrl\":\"https:\/\/apuntesdesanluis.com\/wp-content\/uploads\/2025\/02\/caida-de-avion.png\",\"articleSection\":[\"Nacionales\/Internacionales\"],\"inLanguage\":\"es-AR\"},{\"@type\":\"WebPage\",\"@id\":\"https:\/\/apuntesdesanluis.com\/index.php\/2025\/01\/31\/otra-tragedia-aerea-en-ee-uu-al-menos-6-muertos-tras-caer-un-avion-en-filadelfia\/\",\"url\":\"https:\/\/apuntesdesanluis.com\/index.php\/2025\/01\/31\/otra-tragedia-aerea-en-ee-uu-al-menos-6-muertos-tras-caer-un-avion-en-filadelfia\/\",\"name\":\"OTRA TRAGEDIA A\u00c9REA EN EE.UU: AL MENOS 6 MUERTOS TRAS CAER UN AVI\u00d3N EN FILADELFIA - Apuntes de San Luis\",\"isPartOf\":{\"@id\":\"https:\/\/apuntesdesanluis.com\/#website\"},\"primaryImageOfPage\":{\"@id\":\"https:\/\/apuntesdesanluis.com\/index.php\/2025\/01\/31\/otra-tragedia-aerea-en-ee-uu-al-menos-6-muertos-tras-caer-un-avion-en-filadelfia\/#primaryimage\"},\"image\":{\"@id\":\"https:\/\/apuntesdesanluis.com\/index.php\/2025\/01\/31\/otra-tragedia-aerea-en-ee-uu-al-menos-6-muertos-tras-caer-un-avion-en-filadelfia\/#primaryimage\"},\"thumbnailUrl\":\"https:\/\/apuntesdesanluis.com\/wp-content\/uploads\/2025\/02\/caida-de-avion.png\",\"datePublished\":\"2025-02-01T01:01:14+00:00\",\"dateModified\":\"2025-02-01T16:08:48+00:00\",\"breadcrumb\":{\"@id\":\"https:\/\/apuntesdesanluis.com\/index.php\/2025\/01\/31\/otra-tragedia-aerea-en-ee-uu-al-menos-6-muertos-tras-caer-un-avion-en-filadelfia\/#breadcrumb\"},\"inLanguage\":\"es-AR\",\"potentialAction\":[{\"@type\":\"ReadAction\",\"target\":[\"https:\/\/apuntesdesanluis.com\/index.php\/2025\/01\/31\/otra-tragedia-aerea-en-ee-uu-al-menos-6-muertos-tras-caer-un-avion-en-filadelfia\/\"]}]},{\"@type\":\"ImageObject\",\"inLanguage\":\"es-AR\",\"@id\":\"https:\/\/apuntesdesanluis.com\/index.php\/2025\/01\/31\/otra-tragedia-aerea-en-ee-uu-al-menos-6-muertos-tras-caer-un-avion-en-filadelfia\/#primaryimage\",\"url\":\"https:\/\/apuntesdesanluis.com\/wp-content\/uploads\/2025\/02\/caida-de-avion.png\",\"contentUrl\":\"https:\/\/apuntesdesanluis.com\/wp-content\/uploads\/2025\/02\/caida-de-avion.png\",\"width\":756,\"height\":485},{\"@type\":\"BreadcrumbList\",\"@id\":\"https:\/\/apuntesdesanluis.com\/index.php\/2025\/01\/31\/otra-tragedia-aerea-en-ee-uu-al-menos-6-muertos-tras-caer-un-avion-en-filadelfia\/#breadcrumb\",\"itemListElement\":[{\"@type\":\"ListItem\",\"position\":1,\"name\":\"Inicio\",\"item\":\"https:\/\/apuntesdesanluis.com\/\"},{\"@type\":\"ListItem\",\"position\":2,\"name\":\"OTRA TRAGEDIA A\u00c9REA EN EE.UU: AL MENOS 6 MUERTOS TRAS CAER UN AVI\u00d3N EN FILADELFIA\"}]},{\"@type\":\"WebSite\",\"@id\":\"https:\/\/apuntesdesanluis.com\/#website\",\"url\":\"https:\/\/apuntesdesanluis.com\/\",\"name\":\"Apuntes de San Luis\",\"description\":\"\",\"publisher\":{\"@id\":\"https:\/\/apuntesdesanluis.com\/#\/schema\/person\/b55151d52296fcce64d1a72538a70b90\"},\"potentialAction\":[{\"@type\":\"SearchAction\",\"target\":{\"@type\":\"EntryPoint\",\"urlTemplate\":\"https:\/\/apuntesdesanluis.com\/?s={search_term_string}\"},\"query-input\":{\"@type\":\"PropertyValueSpecification\",\"valueRequired\":true,\"valueName\":\"search_term_string\"}}],\"inLanguage\":\"es-AR\"},{\"@type\":[\"Person\",\"Organization\"],\"@id\":\"https:\/\/apuntesdesanluis.com\/#\/schema\/person\/b55151d52296fcce64d1a72538a70b90\",\"name\":\"apuntesdesanluis.com\",\"image\":{\"@type\":\"ImageObject\",\"inLanguage\":\"es-AR\",\"@id\":\"https:\/\/apuntesdesanluis.com\/#\/schema\/person\/image\/\",\"url\":\"https:\/\/apuntesdesanluis.com\/wp-content\/uploads\/2023\/07\/cropped-apuntesdesanluis.png\",\"contentUrl\":\"https:\/\/apuntesdesanluis.com\/wp-content\/uploads\/2023\/07\/cropped-apuntesdesanluis.png\",\"width\":450,\"height\":112,\"caption\":\"apuntesdesanluis.com\"},\"logo\":{\"@id\":\"https:\/\/apuntesdesanluis.com\/#\/schema\/person\/image\/\"},\"sameAs\":[\"https:\/\/apuntesdesanluis.com\"],\"url\":\"https:\/\/apuntesdesanluis.com\/index.php\/author\/apuntesdesanluis-com\/\"}]}<\/script>\n<!-- \/ Yoast SEO plugin. -->","yoast_head_json":{"title":"OTRA TRAGEDIA A\u00c9REA EN EE.UU: AL MENOS 6 MUERTOS TRAS CAER UN AVI\u00d3N EN FILADELFIA - Apuntes de San Luis","robots":{"index":"index","follow":"follow","max-snippet":"max-snippet:-1","max-image-preview":"max-image-preview:large","max-video-preview":"max-video-preview:-1"},"canonical":"https:\/\/apuntesdesanluis.com\/index.php\/2025\/01\/31\/otra-tragedia-aerea-en-ee-uu-al-menos-6-muertos-tras-caer-un-avion-en-filadelfia\/","og_locale":"es_ES","og_type":"article","og_title":"OTRA TRAGEDIA A\u00c9REA EN EE.UU: AL MENOS 6 MUERTOS TRAS CAER UN AVI\u00d3N EN FILADELFIA - Apuntes de San Luis","og_description":"Un avi\u00f3n peque\u00f1o se estrell\u00f3 este viernes en una zona urbana de Filadelfia, Estados Unidos,...","og_url":"https:\/\/apuntesdesanluis.com\/index.php\/2025\/01\/31\/otra-tragedia-aerea-en-ee-uu-al-menos-6-muertos-tras-caer-un-avion-en-filadelfia\/","og_site_name":"Apuntes de San Luis","article_published_time":"2025-02-01T01:01:14+00:00","article_modified_time":"2025-02-01T16:08:48+00:00","og_image":[{"width":756,"height":485,"url":"https:\/\/apuntesdesanluis.com\/wp-content\/uploads\/2025\/02\/caida-de-avion.png","type":"image\/png"}],"author":"apuntesdesanluis.com","twitter_card":"summary_large_image","twitter_misc":{"Escrito por":"apuntesdesanluis.com","Tiempo de lectura":"3 minutos"},"schema":{"@context":"https:\/\/schema.org","@graph":[{"@type":"Article","@id":"https:\/\/apuntesdesanluis.com\/index.php\/2025\/01\/31\/otra-tragedia-aerea-en-ee-uu-al-menos-6-muertos-tras-caer-un-avion-en-filadelfia\/#article","isPartOf":{"@id":"https:\/\/apuntesdesanluis.com\/index.php\/2025\/01\/31\/otra-tragedia-aerea-en-ee-uu-al-menos-6-muertos-tras-caer-un-avion-en-filadelfia\/"},"author":{"name":"apuntesdesanluis.com","@id":"https:\/\/apuntesdesanluis.com\/#\/schema\/person\/b55151d52296fcce64d1a72538a70b90"},"headline":"OTRA TRAGEDIA A\u00c9REA EN EE.UU: AL MENOS 6 MUERTOS TRAS CAER UN AVI\u00d3N EN FILADELFIA","datePublished":"2025-02-01T01:01:14+00:00","dateModified":"2025-02-01T16:08:48+00:00","mainEntityOfPage":{"@id":"https:\/\/apuntesdesanluis.com\/index.php\/2025\/01\/31\/otra-tragedia-aerea-en-ee-uu-al-menos-6-muertos-tras-caer-un-avion-en-filadelfia\/"},"wordCount":521,"publisher":{"@id":"https:\/\/apuntesdesanluis.com\/#\/schema\/person\/b55151d52296fcce64d1a72538a70b90"},"image":{"@id":"https:\/\/apuntesdesanluis.com\/index.php\/2025\/01\/31\/otra-tragedia-aerea-en-ee-uu-al-menos-6-muertos-tras-caer-un-avion-en-filadelfia\/#primaryimage"},"thumbnailUrl":"https:\/\/apuntesdesanluis.com\/wp-content\/uploads\/2025\/02\/caida-de-avion.png","articleSection":["Nacionales\/Internacionales"],"inLanguage":"es-AR"},{"@type":"WebPage","@id":"https:\/\/apuntesdesanluis.com\/index.php\/2025\/01\/31\/otra-tragedia-aerea-en-ee-uu-al-menos-6-muertos-tras-caer-un-avion-en-filadelfia\/","url":"https:\/\/apuntesdesanluis.com\/index.php\/2025\/01\/31\/otra-tragedia-aerea-en-ee-uu-al-menos-6-muertos-tras-caer-un-avion-en-filadelfia\/","name":"OTRA TRAGEDIA A\u00c9REA EN EE.UU: AL MENOS 6 MUERTOS TRAS CAER UN AVI\u00d3N EN FILADELFIA - Apuntes de San Luis","isPartOf":{"@id":"https:\/\/apuntesdesanluis.com\/#website"},"primaryImageOfPage":{"@id":"https:\/\/apuntesdesanluis.com\/index.php\/2025\/01\/31\/otra-tragedia-aerea-en-ee-uu-al-menos-6-muertos-tras-caer-un-avion-en-filadelfia\/#primaryimage"},"image":{"@id":"https:\/\/apuntesdesanluis.com\/index.php\/2025\/01\/31\/otra-tragedia-aerea-en-ee-uu-al-menos-6-muertos-tras-caer-un-avion-en-filadelfia\/#primaryimage"},"thumbnailUrl":"https:\/\/apuntesdesanluis.com\/wp-content\/uploads\/2025\/02\/caida-de-avion.png","datePublished":"2025-02-01T01:01:14+00:00","dateModified":"2025-02-01T16:08:48+00:00","breadcrumb":{"@id":"https:\/\/apuntesdesanluis.com\/index.php\/2025\/01\/31\/otra-tragedia-aerea-en-ee-uu-al-menos-6-muertos-tras-caer-un-avion-en-filadelfia\/#breadcrumb"},"inLanguage":"es-AR","potentialAction":[{"@type":"ReadAction","target":["https:\/\/apuntesdesanluis.com\/index.php\/2025\/01\/31\/otra-tragedia-aerea-en-ee-uu-al-menos-6-muertos-tras-caer-un-avion-en-filadelfia\/"]}]},{"@type":"ImageObject","inLanguage":"es-AR","@id":"https:\/\/apuntesdesanluis.com\/index.php\/2025\/01\/31\/otra-tragedia-aerea-en-ee-uu-al-menos-6-muertos-tras-caer-un-avion-en-filadelfia\/#primaryimage","url":"https:\/\/apuntesdesanluis.com\/wp-content\/uploads\/2025\/02\/caida-de-avion.png","contentUrl":"https:\/\/apuntesdesanluis.com\/wp-content\/uploads\/2025\/02\/caida-de-avion.png","width":756,"height":485},{"@type":"BreadcrumbList","@id":"https:\/\/apuntesdesanluis.com\/index.php\/2025\/01\/31\/otra-tragedia-aerea-en-ee-uu-al-menos-6-muertos-tras-caer-un-avion-en-filadelfia\/#breadcrumb","itemListElement":[{"@type":"ListItem","position":1,"name":"Inicio","item":"https:\/\/apuntesdesanluis.com\/"},{"@type":"ListItem","position":2,"name":"OTRA TRAGEDIA A\u00c9REA EN EE.UU: AL MENOS 6 MUERTOS TRAS CAER UN AVI\u00d3N EN FILADELFIA"}]},{"@type":"WebSite","@id":"https:\/\/apuntesdesanluis.com\/#website","url":"https:\/\/apuntesdesanluis.com\/","name":"Apuntes de San Luis","description":"","publisher":{"@id":"https:\/\/apuntesdesanluis.com\/#\/schema\/person\/b55151d52296fcce64d1a72538a70b90"},"potentialAction":[{"@type":"SearchAction","target":{"@type":"EntryPoint","urlTemplate":"https:\/\/apuntesdesanluis.com\/?s={search_term_string}"},"query-input":{"@type":"PropertyValueSpecification","valueRequired":true,"valueName":"search_term_string"}}],"inLanguage":"es-AR"},{"@type":["Person","Organization"],"@id":"https:\/\/apuntesdesanluis.com\/#\/schema\/person\/b55151d52296fcce64d1a72538a70b90","name":"apuntesdesanluis.com","image":{"@type":"ImageObject","inLanguage":"es-AR","@id":"https:\/\/apuntesdesanluis.com\/#\/schema\/person\/image\/","url":"https:\/\/apuntesdesanluis.com\/wp-content\/uploads\/2023\/07\/cropped-apuntesdesanluis.png","contentUrl":"https:\/\/apuntesdesanluis.com\/wp-content\/uploads\/2023\/07\/cropped-apuntesdesanluis.png","width":450,"height":112,"caption":"apuntesdesanluis.com"},"logo":{"@id":"https:\/\/apuntesdesanluis.com\/#\/schema\/person\/image\/"},"sameAs":["https:\/\/apuntesdesanluis.com"],"url":"https:\/\/apuntesdesanluis.com\/index.php\/author\/apuntesdesanluis-com\/"}]}},"featured_image_urls":{"full":["https:\/\/apuntesdesanluis.com\/wp-content\/uploads\/2025\/02\/caida-de-avion.png",756,485,false],"thumbnail":["https:\/\/apuntesdesanluis.com\/wp-content\/uploads\/2025\/02\/caida-de-avion-150x150.png",150,150,true],"medium":["https:\/\/apuntesdesanluis.com\/wp-content\/uploads\/2025\/02\/caida-de-avion-300x192.png",300,192,true],"medium_large":["https:\/\/apuntesdesanluis.com\/wp-content\/uploads\/2025\/02\/caida-de-avion.png",640,411,false],"large":["https:\/\/apuntesdesanluis.com\/wp-content\/uploads\/2025\/02\/caida-de-avion.png",640,411,false],"1536x1536":["https:\/\/apuntesdesanluis.com\/wp-content\/uploads\/2025\/02\/caida-de-avion.png",756,485,false],"2048x2048":["https:\/\/apuntesdesanluis.com\/wp-content\/uploads\/2025\/02\/caida-de-avion.png",756,485,false],"newsever-slider-full":["https:\/\/apuntesdesanluis.com\/wp-content\/uploads\/2025\/02\/caida-de-avion.png",756,485,false],"newsever-featured":["https:\/\/apuntesdesanluis.com\/wp-content\/uploads\/2025\/02\/caida-de-avion.png",756,485,false],"newsever-medium":["https:\/\/apuntesdesanluis.com\/wp-content\/uploads\/2025\/02\/caida-de-avion-720x475.png",720,475,true]},"author_info":{"display_name":"apuntesdesanluis.com","author_link":"https:\/\/apuntesdesanluis.com\/index.php\/author\/apuntesdesanluis-com\/"},"category_info":"<a href=\"https:\/\/apuntesdesanluis.com\/index.php\/category\/nacionales-internacionales\/\" rel=\"category tag\">Nacionales\/Internacionales<\/a>","tag_info":"Nacionales\/Internacionales","comment_count":"0","_links":{"self":[{"href":"https:\/\/apuntesdesanluis.com\/index.php\/wp-json\/wp\/v2\/posts\/28532","targetHints":{"allow":["GET"]}}],"collection":[{"href":"https:\/\/apuntesdesanluis.com\/index.php\/wp-json\/wp\/v2\/posts"}],"about":[{"href":"https:\/\/apuntesdesanluis.com\/index.php\/wp-json\/wp\/v2\/types\/post"}],"author":[{"embeddable":true,"href":"https:\/\/apuntesdesanluis.com\/index.php\/wp-json\/wp\/v2\/users\/1"}],"replies":[{"embeddable":true,"href":"https:\/\/apuntesdesanluis.com\/index.php\/wp-json\/wp\/v2\/comments?post=28532"}],"version-history":[{"count":1,"href":"https:\/\/apuntesdesanluis.com\/index.php\/wp-json\/wp\/v2\/posts\/28532\/revisions"}],"predecessor-version":[{"id":28534,"href":"https:\/\/apuntesdesanluis.com\/index.php\/wp-json\/wp\/v2\/posts\/28532\/revisions\/28534"}],"wp:featuredmedia":[{"embeddable":true,"href":"https:\/\/apuntesdesanluis.com\/index.php\/wp-json\/wp\/v2\/media\/28533"}],"wp:attachment":[{"href":"https:\/\/apuntesdesanluis.com\/index.php\/wp-json\/wp\/v2\/media?parent=28532"}],"wp:term":[{"taxonomy":"category","embeddable":true,"href":"https:\/\/apuntesdesanluis.com\/index.php\/wp-json\/wp\/v2\/categories?post=28532"},{"taxonomy":"post_tag","embeddable":true,"href":"https:\/\/apuntesdesanluis.com\/index.php\/wp-json\/wp\/v2\/tags?post=28532"}],"curies":[{"name":"wp","href":"https:\/\/api.w.org\/{rel}","templated":true}]}}