{"id":28535,"date":"2025-01-31T21:30:57","date_gmt":"2025-02-01T00:30:57","guid":{"rendered":"https:\/\/apuntesdesanluis.com\/?p=28535"},"modified":"2025-02-01T13:35:13","modified_gmt":"2025-02-01T16:35:13","slug":"tres-marchas-lgbt-en-san-luis-en-respuesta-a-discursos-de-odio","status":"publish","type":"post","link":"https:\/\/apuntesdesanluis.com\/index.php\/2025\/01\/31\/tres-marchas-lgbt-en-san-luis-en-respuesta-a-discursos-de-odio\/","title":{"rendered":"TRES MARCHAS LGBT+ EN SAN LUIS EN RESPUESTA A DISCURSOS DE ODIO"},"content":{"rendered":"<h3>Las recientes declaraciones de Javier Milei en el Foro Econ\u00f3mico Mundial de Davos, donde vincul\u00f3 la pedofilia con las parejas homosexuales, generaron un amplio rechazo en todo el pa\u00eds. Ante este escenario de creciente hostilidad y ajuste pol\u00edtico, diversas organizaciones han decidido movilizarse desde el Congreso hasta la Plaza de Mayo en Buenos Aires. En San Luis, las movilizaciones se replicar\u00e1n en la capital provincial, Villa Mercedes y Villa de Merlo.<\/h3>\n<h3>&#8220;Hoy no basta con repudios ni comunicados extensos. La palabra impulsa la acci\u00f3n. As\u00ed como en 2024 la comunidad sali\u00f3 masivamente a marchar por las universidades p\u00fablicas, ahora es momento de volver a ocupar las calles y poner el cuerpo. Est\u00e1n en riesgo nuestrxs hijxs, nuestrxs estudiantxs, nuestrxs compa\u00f1erxs, nuestra democracia y nuestras libertades&#8221;, manifest\u00f3 en redes sociales la Asociaci\u00f3n de Docentes Universitarios, una de las entidades convocantes.<\/h3>\n<p><img fetchpriority=\"high\" decoding=\"async\" class=\"wp-image-28536 aligncenter\" src=\"https:\/\/apuntesdesanluis.com\/wp-content\/uploads\/2025\/02\/41a3f32b-04bf-4f1c-97a5-ed1c5d4d0315-212x300.jpg\" alt=\"\" width=\"494\" height=\"699\" srcset=\"https:\/\/apuntesdesanluis.com\/wp-content\/uploads\/2025\/02\/41a3f32b-04bf-4f1c-97a5-ed1c5d4d0315-212x300.jpg 212w, https:\/\/apuntesdesanluis.com\/wp-content\/uploads\/2025\/02\/41a3f32b-04bf-4f1c-97a5-ed1c5d4d0315.jpg 700w\" sizes=\"(max-width: 494px) 100vw, 494px\" \/><\/p>\n<h3>Desde esta organizaci\u00f3n advirtieron que los discursos de odio, cuando se repiten y normalizan, pueden traducirse en acciones violentas y en la p\u00e9rdida de derechos. Seg\u00fan expresaron, existe un intento de eliminar los feminismos y las diversidades, imponiendo normas hegem\u00f3nicas y autoritarias. &#8220;Les da miedo la disidencia&#8221;, afirmaron.<\/h3>\n<h3>Por su parte, desde la Asociaci\u00f3n de Trabajadores del Estado tambi\u00e9n llamaron a participar bajo la consigna: &#8220;Ante el fascismo, visibles y orgullosxs&#8221;.<\/h3>\n<h3>Otra de las voces que se sumaron fue la de Fiesta Nacional del Orgullo, que se expres\u00f3 en un tono esperanzador: &#8220;Hagamos sentir que lo que est\u00e1 en juego es un retroceso. Es un ataque a los derechos, a la diversidad y a espacios que benefician a la sociedad en su conjunto. Que nuestro mensaje sea con creatividad y amor. El odio ya lo tienen ellos, se lo regalamos&#8221;.<\/h3>\n<p>&nbsp;<\/p>\n<p>&nbsp;<\/p>\n<p>&nbsp;<\/p>\n<p>&nbsp;<\/p>\n","protected":false},"excerpt":{"rendered":"<p>Las recientes declaraciones de Javier Milei en el Foro Econ\u00f3mico Mundial de Davos, donde vincul\u00f3&#8230;<\/p>\n","protected":false},"author":1,"featured_media":28537,"comment_status":"closed","ping_status":"closed","sticky":false,"template":"","format":"standard","meta":{"footnotes":""},"categories":[6],"tags":[],"class_list":["post-28535","post","type-post","status-publish","format-standard","has-post-thumbnail","hentry","category-ciudad-provincia"],"yoast_head":"<!-- This site is optimized with the Yoast SEO plugin v26.1.1 - https:\/\/yoast.com\/wordpress\/plugins\/seo\/ -->\n<title>TRES MARCHAS LGBT+ EN SAN LUIS EN RESPUESTA A DISCURSOS DE ODIO - Apuntes de San Luis<\/title>\n<meta name=\"robots\" content=\"index, follow, max-snippet:-1, max-image-preview:large, max-video-preview:-1\" \/>\n<link rel=\"canonical\" href=\"https:\/\/apuntesdesanluis.com\/index.php\/2025\/01\/31\/tres-marchas-lgbt-en-san-luis-en-respuesta-a-discursos-de-odio\/\" \/>\n<meta property=\"og:locale\" content=\"es_ES\" \/>\n<meta property=\"og:type\" content=\"article\" \/>\n<meta property=\"og:title\" content=\"TRES MARCHAS LGBT+ EN SAN LUIS EN RESPUESTA A DISCURSOS DE ODIO - Apuntes de San Luis\" \/>\n<meta property=\"og:description\" content=\"Las recientes declaraciones de Javier Milei en el Foro Econ\u00f3mico Mundial de Davos, donde vincul\u00f3...\" \/>\n<meta property=\"og:url\" content=\"https:\/\/apuntesdesanluis.com\/index.php\/2025\/01\/31\/tres-marchas-lgbt-en-san-luis-en-respuesta-a-discursos-de-odio\/\" \/>\n<meta property=\"og:site_name\" content=\"Apuntes de San Luis\" \/>\n<meta property=\"article:published_time\" content=\"2025-02-01T00:30:57+00:00\" \/>\n<meta property=\"article:modified_time\" content=\"2025-02-01T16:35:13+00:00\" \/>\n<meta property=\"og:image\" content=\"https:\/\/apuntesdesanluis.com\/wp-content\/uploads\/2025\/02\/gay-san-luis.png\" \/>\n\t<meta property=\"og:image:width\" content=\"815\" \/>\n\t<meta property=\"og:image:height\" content=\"574\" \/>\n\t<meta property=\"og:image:type\" content=\"image\/png\" \/>\n<meta name=\"author\" content=\"apuntesdesanluis.com\" \/>\n<meta name=\"twitter:card\" content=\"summary_large_image\" \/>\n<meta name=\"twitter:label1\" content=\"Escrito por\" \/>\n\t<meta name=\"twitter:data1\" content=\"apuntesdesanluis.com\" \/>\n\t<meta name=\"twitter:label2\" content=\"Tiempo de lectura\" \/>\n\t<meta name=\"twitter:data2\" content=\"2 minutos\" \/>\n<script type=\"application\/ld+json\" class=\"yoast-schema-graph\">{\"@context\":\"https:\/\/schema.org\",\"@graph\":[{\"@type\":\"Article\",\"@id\":\"https:\/\/apuntesdesanluis.com\/index.php\/2025\/01\/31\/tres-marchas-lgbt-en-san-luis-en-respuesta-a-discursos-de-odio\/#article\",\"isPartOf\":{\"@id\":\"https:\/\/apuntesdesanluis.com\/index.php\/2025\/01\/31\/tres-marchas-lgbt-en-san-luis-en-respuesta-a-discursos-de-odio\/\"},\"author\":{\"name\":\"apuntesdesanluis.com\",\"@id\":\"https:\/\/apuntesdesanluis.com\/#\/schema\/person\/b55151d52296fcce64d1a72538a70b90\"},\"headline\":\"TRES MARCHAS LGBT+ EN SAN LUIS EN RESPUESTA A DISCURSOS DE ODIO\",\"datePublished\":\"2025-02-01T00:30:57+00:00\",\"dateModified\":\"2025-02-01T16:35:13+00:00\",\"mainEntityOfPage\":{\"@id\":\"https:\/\/apuntesdesanluis.com\/index.php\/2025\/01\/31\/tres-marchas-lgbt-en-san-luis-en-respuesta-a-discursos-de-odio\/\"},\"wordCount\":309,\"publisher\":{\"@id\":\"https:\/\/apuntesdesanluis.com\/#\/schema\/person\/b55151d52296fcce64d1a72538a70b90\"},\"image\":{\"@id\":\"https:\/\/apuntesdesanluis.com\/index.php\/2025\/01\/31\/tres-marchas-lgbt-en-san-luis-en-respuesta-a-discursos-de-odio\/#primaryimage\"},\"thumbnailUrl\":\"https:\/\/apuntesdesanluis.com\/wp-content\/uploads\/2025\/02\/gay-san-luis.png\",\"articleSection\":[\"Ciudad\/Provincia\"],\"inLanguage\":\"es-AR\"},{\"@type\":\"WebPage\",\"@id\":\"https:\/\/apuntesdesanluis.com\/index.php\/2025\/01\/31\/tres-marchas-lgbt-en-san-luis-en-respuesta-a-discursos-de-odio\/\",\"url\":\"https:\/\/apuntesdesanluis.com\/index.php\/2025\/01\/31\/tres-marchas-lgbt-en-san-luis-en-respuesta-a-discursos-de-odio\/\",\"name\":\"TRES MARCHAS LGBT+ EN SAN LUIS EN RESPUESTA A DISCURSOS DE ODIO - Apuntes de San Luis\",\"isPartOf\":{\"@id\":\"https:\/\/apuntesdesanluis.com\/#website\"},\"primaryImageOfPage\":{\"@id\":\"https:\/\/apuntesdesanluis.com\/index.php\/2025\/01\/31\/tres-marchas-lgbt-en-san-luis-en-respuesta-a-discursos-de-odio\/#primaryimage\"},\"image\":{\"@id\":\"https:\/\/apuntesdesanluis.com\/index.php\/2025\/01\/31\/tres-marchas-lgbt-en-san-luis-en-respuesta-a-discursos-de-odio\/#primaryimage\"},\"thumbnailUrl\":\"https:\/\/apuntesdesanluis.com\/wp-content\/uploads\/2025\/02\/gay-san-luis.png\",\"datePublished\":\"2025-02-01T00:30:57+00:00\",\"dateModified\":\"2025-02-01T16:35:13+00:00\",\"breadcrumb\":{\"@id\":\"https:\/\/apuntesdesanluis.com\/index.php\/2025\/01\/31\/tres-marchas-lgbt-en-san-luis-en-respuesta-a-discursos-de-odio\/#breadcrumb\"},\"inLanguage\":\"es-AR\",\"potentialAction\":[{\"@type\":\"ReadAction\",\"target\":[\"https:\/\/apuntesdesanluis.com\/index.php\/2025\/01\/31\/tres-marchas-lgbt-en-san-luis-en-respuesta-a-discursos-de-odio\/\"]}]},{\"@type\":\"ImageObject\",\"inLanguage\":\"es-AR\",\"@id\":\"https:\/\/apuntesdesanluis.com\/index.php\/2025\/01\/31\/tres-marchas-lgbt-en-san-luis-en-respuesta-a-discursos-de-odio\/#primaryimage\",\"url\":\"https:\/\/apuntesdesanluis.com\/wp-content\/uploads\/2025\/02\/gay-san-luis.png\",\"contentUrl\":\"https:\/\/apuntesdesanluis.com\/wp-content\/uploads\/2025\/02\/gay-san-luis.png\",\"width\":815,\"height\":574},{\"@type\":\"BreadcrumbList\",\"@id\":\"https:\/\/apuntesdesanluis.com\/index.php\/2025\/01\/31\/tres-marchas-lgbt-en-san-luis-en-respuesta-a-discursos-de-odio\/#breadcrumb\",\"itemListElement\":[{\"@type\":\"ListItem\",\"position\":1,\"name\":\"Inicio\",\"item\":\"https:\/\/apuntesdesanluis.com\/\"},{\"@type\":\"ListItem\",\"position\":2,\"name\":\"TRES MARCHAS LGBT+ EN SAN LUIS EN RESPUESTA A DISCURSOS DE ODIO\"}]},{\"@type\":\"WebSite\",\"@id\":\"https:\/\/apuntesdesanluis.com\/#website\",\"url\":\"https:\/\/apuntesdesanluis.com\/\",\"name\":\"Apuntes de San Luis\",\"description\":\"\",\"publisher\":{\"@id\":\"https:\/\/apuntesdesanluis.com\/#\/schema\/person\/b55151d52296fcce64d1a72538a70b90\"},\"potentialAction\":[{\"@type\":\"SearchAction\",\"target\":{\"@type\":\"EntryPoint\",\"urlTemplate\":\"https:\/\/apuntesdesanluis.com\/?s={search_term_string}\"},\"query-input\":{\"@type\":\"PropertyValueSpecification\",\"valueRequired\":true,\"valueName\":\"search_term_string\"}}],\"inLanguage\":\"es-AR\"},{\"@type\":[\"Person\",\"Organization\"],\"@id\":\"https:\/\/apuntesdesanluis.com\/#\/schema\/person\/b55151d52296fcce64d1a72538a70b90\",\"name\":\"apuntesdesanluis.com\",\"image\":{\"@type\":\"ImageObject\",\"inLanguage\":\"es-AR\",\"@id\":\"https:\/\/apuntesdesanluis.com\/#\/schema\/person\/image\/\",\"url\":\"https:\/\/apuntesdesanluis.com\/wp-content\/uploads\/2023\/07\/cropped-apuntesdesanluis.png\",\"contentUrl\":\"https:\/\/apuntesdesanluis.com\/wp-content\/uploads\/2023\/07\/cropped-apuntesdesanluis.png\",\"width\":450,\"height\":112,\"caption\":\"apuntesdesanluis.com\"},\"logo\":{\"@id\":\"https:\/\/apuntesdesanluis.com\/#\/schema\/person\/image\/\"},\"sameAs\":[\"https:\/\/apuntesdesanluis.com\"],\"url\":\"https:\/\/apuntesdesanluis.com\/index.php\/author\/apuntesdesanluis-com\/\"}]}<\/script>\n<!-- \/ Yoast SEO plugin. -->","yoast_head_json":{"title":"TRES MARCHAS LGBT+ EN SAN LUIS EN RESPUESTA A DISCURSOS DE ODIO - Apuntes de San Luis","robots":{"index":"index","follow":"follow","max-snippet":"max-snippet:-1","max-image-preview":"max-image-preview:large","max-video-preview":"max-video-preview:-1"},"canonical":"https:\/\/apuntesdesanluis.com\/index.php\/2025\/01\/31\/tres-marchas-lgbt-en-san-luis-en-respuesta-a-discursos-de-odio\/","og_locale":"es_ES","og_type":"article","og_title":"TRES MARCHAS LGBT+ EN SAN LUIS EN RESPUESTA A DISCURSOS DE ODIO - Apuntes de San Luis","og_description":"Las recientes declaraciones de Javier Milei en el Foro Econ\u00f3mico Mundial de Davos, donde vincul\u00f3...","og_url":"https:\/\/apuntesdesanluis.com\/index.php\/2025\/01\/31\/tres-marchas-lgbt-en-san-luis-en-respuesta-a-discursos-de-odio\/","og_site_name":"Apuntes de San Luis","article_published_time":"2025-02-01T00:30:57+00:00","article_modified_time":"2025-02-01T16:35:13+00:00","og_image":[{"width":815,"height":574,"url":"https:\/\/apuntesdesanluis.com\/wp-content\/uploads\/2025\/02\/gay-san-luis.png","type":"image\/png"}],"author":"apuntesdesanluis.com","twitter_card":"summary_large_image","twitter_misc":{"Escrito por":"apuntesdesanluis.com","Tiempo de lectura":"2 minutos"},"schema":{"@context":"https:\/\/schema.org","@graph":[{"@type":"Article","@id":"https:\/\/apuntesdesanluis.com\/index.php\/2025\/01\/31\/tres-marchas-lgbt-en-san-luis-en-respuesta-a-discursos-de-odio\/#article","isPartOf":{"@id":"https:\/\/apuntesdesanluis.com\/index.php\/2025\/01\/31\/tres-marchas-lgbt-en-san-luis-en-respuesta-a-discursos-de-odio\/"},"author":{"name":"apuntesdesanluis.com","@id":"https:\/\/apuntesdesanluis.com\/#\/schema\/person\/b55151d52296fcce64d1a72538a70b90"},"headline":"TRES MARCHAS LGBT+ EN SAN LUIS EN RESPUESTA A DISCURSOS DE ODIO","datePublished":"2025-02-01T00:30:57+00:00","dateModified":"2025-02-01T16:35:13+00:00","mainEntityOfPage":{"@id":"https:\/\/apuntesdesanluis.com\/index.php\/2025\/01\/31\/tres-marchas-lgbt-en-san-luis-en-respuesta-a-discursos-de-odio\/"},"wordCount":309,"publisher":{"@id":"https:\/\/apuntesdesanluis.com\/#\/schema\/person\/b55151d52296fcce64d1a72538a70b90"},"image":{"@id":"https:\/\/apuntesdesanluis.com\/index.php\/2025\/01\/31\/tres-marchas-lgbt-en-san-luis-en-respuesta-a-discursos-de-odio\/#primaryimage"},"thumbnailUrl":"https:\/\/apuntesdesanluis.com\/wp-content\/uploads\/2025\/02\/gay-san-luis.png","articleSection":["Ciudad\/Provincia"],"inLanguage":"es-AR"},{"@type":"WebPage","@id":"https:\/\/apuntesdesanluis.com\/index.php\/2025\/01\/31\/tres-marchas-lgbt-en-san-luis-en-respuesta-a-discursos-de-odio\/","url":"https:\/\/apuntesdesanluis.com\/index.php\/2025\/01\/31\/tres-marchas-lgbt-en-san-luis-en-respuesta-a-discursos-de-odio\/","name":"TRES MARCHAS LGBT+ EN SAN LUIS EN RESPUESTA A DISCURSOS DE ODIO - Apuntes de San Luis","isPartOf":{"@id":"https:\/\/apuntesdesanluis.com\/#website"},"primaryImageOfPage":{"@id":"https:\/\/apuntesdesanluis.com\/index.php\/2025\/01\/31\/tres-marchas-lgbt-en-san-luis-en-respuesta-a-discursos-de-odio\/#primaryimage"},"image":{"@id":"https:\/\/apuntesdesanluis.com\/index.php\/2025\/01\/31\/tres-marchas-lgbt-en-san-luis-en-respuesta-a-discursos-de-odio\/#primaryimage"},"thumbnailUrl":"https:\/\/apuntesdesanluis.com\/wp-content\/uploads\/2025\/02\/gay-san-luis.png","datePublished":"2025-02-01T00:30:57+00:00","dateModified":"2025-02-01T16:35:13+00:00","breadcrumb":{"@id":"https:\/\/apuntesdesanluis.com\/index.php\/2025\/01\/31\/tres-marchas-lgbt-en-san-luis-en-respuesta-a-discursos-de-odio\/#breadcrumb"},"inLanguage":"es-AR","potentialAction":[{"@type":"ReadAction","target":["https:\/\/apuntesdesanluis.com\/index.php\/2025\/01\/31\/tres-marchas-lgbt-en-san-luis-en-respuesta-a-discursos-de-odio\/"]}]},{"@type":"ImageObject","inLanguage":"es-AR","@id":"https:\/\/apuntesdesanluis.com\/index.php\/2025\/01\/31\/tres-marchas-lgbt-en-san-luis-en-respuesta-a-discursos-de-odio\/#primaryimage","url":"https:\/\/apuntesdesanluis.com\/wp-content\/uploads\/2025\/02\/gay-san-luis.png","contentUrl":"https:\/\/apuntesdesanluis.com\/wp-content\/uploads\/2025\/02\/gay-san-luis.png","width":815,"height":574},{"@type":"BreadcrumbList","@id":"https:\/\/apuntesdesanluis.com\/index.php\/2025\/01\/31\/tres-marchas-lgbt-en-san-luis-en-respuesta-a-discursos-de-odio\/#breadcrumb","itemListElement":[{"@type":"ListItem","position":1,"name":"Inicio","item":"https:\/\/apuntesdesanluis.com\/"},{"@type":"ListItem","position":2,"name":"TRES MARCHAS LGBT+ EN SAN LUIS EN RESPUESTA A DISCURSOS DE ODIO"}]},{"@type":"WebSite","@id":"https:\/\/apuntesdesanluis.com\/#website","url":"https:\/\/apuntesdesanluis.com\/","name":"Apuntes de San Luis","description":"","publisher":{"@id":"https:\/\/apuntesdesanluis.com\/#\/schema\/person\/b55151d52296fcce64d1a72538a70b90"},"potentialAction":[{"@type":"SearchAction","target":{"@type":"EntryPoint","urlTemplate":"https:\/\/apuntesdesanluis.com\/?s={search_term_string}"},"query-input":{"@type":"PropertyValueSpecification","valueRequired":true,"valueName":"search_term_string"}}],"inLanguage":"es-AR"},{"@type":["Person","Organization"],"@id":"https:\/\/apuntesdesanluis.com\/#\/schema\/person\/b55151d52296fcce64d1a72538a70b90","name":"apuntesdesanluis.com","image":{"@type":"ImageObject","inLanguage":"es-AR","@id":"https:\/\/apuntesdesanluis.com\/#\/schema\/person\/image\/","url":"https:\/\/apuntesdesanluis.com\/wp-content\/uploads\/2023\/07\/cropped-apuntesdesanluis.png","contentUrl":"https:\/\/apuntesdesanluis.com\/wp-content\/uploads\/2023\/07\/cropped-apuntesdesanluis.png","width":450,"height":112,"caption":"apuntesdesanluis.com"},"logo":{"@id":"https:\/\/apuntesdesanluis.com\/#\/schema\/person\/image\/"},"sameAs":["https:\/\/apuntesdesanluis.com"],"url":"https:\/\/apuntesdesanluis.com\/index.php\/author\/apuntesdesanluis-com\/"}]}},"featured_image_urls":{"full":["https:\/\/apuntesdesanluis.com\/wp-content\/uploads\/2025\/02\/gay-san-luis.png",815,574,false],"thumbnail":["https:\/\/apuntesdesanluis.com\/wp-content\/uploads\/2025\/02\/gay-san-luis-150x150.png",150,150,true],"medium":["https:\/\/apuntesdesanluis.com\/wp-content\/uploads\/2025\/02\/gay-san-luis-300x211.png",300,211,true],"medium_large":["https:\/\/apuntesdesanluis.com\/wp-content\/uploads\/2025\/02\/gay-san-luis-768x541.png",640,451,true],"large":["https:\/\/apuntesdesanluis.com\/wp-content\/uploads\/2025\/02\/gay-san-luis.png",640,451,false],"1536x1536":["https:\/\/apuntesdesanluis.com\/wp-content\/uploads\/2025\/02\/gay-san-luis.png",815,574,false],"2048x2048":["https:\/\/apuntesdesanluis.com\/wp-content\/uploads\/2025\/02\/gay-san-luis.png",815,574,false],"newsever-slider-full":["https:\/\/apuntesdesanluis.com\/wp-content\/uploads\/2025\/02\/gay-san-luis.png",815,574,false],"newsever-featured":["https:\/\/apuntesdesanluis.com\/wp-content\/uploads\/2025\/02\/gay-san-luis.png",815,574,false],"newsever-medium":["https:\/\/apuntesdesanluis.com\/wp-content\/uploads\/2025\/02\/gay-san-luis-720x475.png",720,475,true]},"author_info":{"display_name":"apuntesdesanluis.com","author_link":"https:\/\/apuntesdesanluis.com\/index.php\/author\/apuntesdesanluis-com\/"},"category_info":"<a href=\"https:\/\/apuntesdesanluis.com\/index.php\/category\/ciudad-provincia\/\" rel=\"category tag\">Ciudad\/Provincia<\/a>","tag_info":"Ciudad\/Provincia","comment_count":"0","_links":{"self":[{"href":"https:\/\/apuntesdesanluis.com\/index.php\/wp-json\/wp\/v2\/posts\/28535","targetHints":{"allow":["GET"]}}],"collection":[{"href":"https:\/\/apuntesdesanluis.com\/index.php\/wp-json\/wp\/v2\/posts"}],"about":[{"href":"https:\/\/apuntesdesanluis.com\/index.php\/wp-json\/wp\/v2\/types\/post"}],"author":[{"embeddable":true,"href":"https:\/\/apuntesdesanluis.com\/index.php\/wp-json\/wp\/v2\/users\/1"}],"replies":[{"embeddable":true,"href":"https:\/\/apuntesdesanluis.com\/index.php\/wp-json\/wp\/v2\/comments?post=28535"}],"version-history":[{"count":1,"href":"https:\/\/apuntesdesanluis.com\/index.php\/wp-json\/wp\/v2\/posts\/28535\/revisions"}],"predecessor-version":[{"id":28538,"href":"https:\/\/apuntesdesanluis.com\/index.php\/wp-json\/wp\/v2\/posts\/28535\/revisions\/28538"}],"wp:featuredmedia":[{"embeddable":true,"href":"https:\/\/apuntesdesanluis.com\/index.php\/wp-json\/wp\/v2\/media\/28537"}],"wp:attachment":[{"href":"https:\/\/apuntesdesanluis.com\/index.php\/wp-json\/wp\/v2\/media?parent=28535"}],"wp:term":[{"taxonomy":"category","embeddable":true,"href":"https:\/\/apuntesdesanluis.com\/index.php\/wp-json\/wp\/v2\/categories?post=28535"},{"taxonomy":"post_tag","embeddable":true,"href":"https:\/\/apuntesdesanluis.com\/index.php\/wp-json\/wp\/v2\/tags?post=28535"}],"curies":[{"name":"wp","href":"https:\/\/api.w.org\/{rel}","templated":true}]}}