{"id":28539,"date":"2025-02-01T18:14:13","date_gmt":"2025-02-01T21:14:13","guid":{"rendered":"https:\/\/apuntesdesanluis.com\/?p=28539"},"modified":"2025-02-01T18:14:13","modified_gmt":"2025-02-01T21:14:13","slug":"los-precios-de-los-combustibles-subieron-2-a-pesar-de-que-el-gobierno-postergo-el-alza-de-un-impuesto","status":"publish","type":"post","link":"https:\/\/apuntesdesanluis.com\/index.php\/2025\/02\/01\/los-precios-de-los-combustibles-subieron-2-a-pesar-de-que-el-gobierno-postergo-el-alza-de-un-impuesto\/","title":{"rendered":"LOS PRECIOS DE LOS COMBUSTIBLES SUBIERON 2% A PESAR DE QUE EL GOBIERNO POSTERG\u00d3 EL ALZA DE UN IMPUESTO"},"content":{"rendered":"<h3>La petrolera YPF aplic\u00f3 hoy un alza de 2% en los precios de las naftas y el gasoil que comercializa en todo el pa\u00eds, a pesar de que el Gobierno posterg\u00f3 la actualizaci\u00f3n del impuesto al combustible l\u00edquido (ICL) y al di\u00f3xido de carbono (IDC) hasta principios de marzo.<\/h3>\n<h3>En las pr\u00f3ximas horas se espera que se sumen el resto de las compa\u00f1\u00edas, en respuesta a una suba del petr\u00f3leo Brent, que es referencia para la Argentina.<\/h3>\n<h3>El alza presionar\u00e1 sobre la inflaci\u00f3n del segundo mes del a\u00f1o.<\/h3>\n<h3>El litro de nafta s\u00faper en las estaciones de la red YPF en CABA subi\u00f3 a $1.151, mientras la premium ahora cuesta $1.422.<\/h3>\n<h3>En la provincia de Buenos Aires, la s\u00faper llega a $1.179.<\/h3>\n<h3>Desde enero, los precios de las naftas y el gasoil acumulan un incremento de 3,88% promedio en el AMBA.<\/h3>\n<h3>En este escenario, la Secretar\u00eda de Energ\u00eda decidi\u00f3 aplazar la suba de los impuestos a las naftas y el gasoil para \u201cmitigar el impacto en los precios del surtidor\u201d.<\/h3>\n<h3><\/h3>\n<h3><\/h3>\n<h3><\/h3>\n","protected":false},"excerpt":{"rendered":"<p>La petrolera YPF aplic\u00f3 hoy un alza de 2% en los precios de las naftas&#8230;<\/p>\n","protected":false},"author":1,"featured_media":12303,"comment_status":"closed","ping_status":"closed","sticky":false,"template":"","format":"standard","meta":{"footnotes":""},"categories":[5],"tags":[],"class_list":["post-28539","post","type-post","status-publish","format-standard","has-post-thumbnail","hentry","category-nacionales-internacionales"],"yoast_head":"<!-- This site is optimized with the Yoast SEO plugin v26.1.1 - https:\/\/yoast.com\/wordpress\/plugins\/seo\/ -->\n<title>LOS PRECIOS DE LOS COMBUSTIBLES SUBIERON 2% A PESAR DE QUE EL GOBIERNO POSTERG\u00d3 EL ALZA DE UN IMPUESTO - Apuntes de San Luis<\/title>\n<meta name=\"robots\" content=\"index, follow, max-snippet:-1, max-image-preview:large, max-video-preview:-1\" \/>\n<link rel=\"canonical\" href=\"https:\/\/apuntesdesanluis.com\/index.php\/2025\/02\/01\/los-precios-de-los-combustibles-subieron-2-a-pesar-de-que-el-gobierno-postergo-el-alza-de-un-impuesto\/\" \/>\n<meta property=\"og:locale\" content=\"es_ES\" \/>\n<meta property=\"og:type\" content=\"article\" \/>\n<meta property=\"og:title\" content=\"LOS PRECIOS DE LOS COMBUSTIBLES SUBIERON 2% A PESAR DE QUE EL GOBIERNO POSTERG\u00d3 EL ALZA DE UN IMPUESTO - Apuntes de San Luis\" \/>\n<meta property=\"og:description\" content=\"La petrolera YPF aplic\u00f3 hoy un alza de 2% en los precios de las naftas...\" \/>\n<meta property=\"og:url\" content=\"https:\/\/apuntesdesanluis.com\/index.php\/2025\/02\/01\/los-precios-de-los-combustibles-subieron-2-a-pesar-de-que-el-gobierno-postergo-el-alza-de-un-impuesto\/\" \/>\n<meta property=\"og:site_name\" content=\"Apuntes de San Luis\" \/>\n<meta property=\"article:published_time\" content=\"2025-02-01T21:14:13+00:00\" \/>\n<meta property=\"og:image\" content=\"https:\/\/apuntesdesanluis.com\/wp-content\/uploads\/2024\/02\/NAFTAS-AUMENTO.png\" \/>\n\t<meta property=\"og:image:width\" content=\"738\" \/>\n\t<meta property=\"og:image:height\" content=\"439\" \/>\n\t<meta property=\"og:image:type\" content=\"image\/png\" \/>\n<meta name=\"author\" content=\"apuntesdesanluis.com\" \/>\n<meta name=\"twitter:card\" content=\"summary_large_image\" \/>\n<meta name=\"twitter:label1\" content=\"Escrito por\" \/>\n\t<meta name=\"twitter:data1\" content=\"apuntesdesanluis.com\" \/>\n\t<meta name=\"twitter:label2\" content=\"Tiempo de lectura\" \/>\n\t<meta name=\"twitter:data2\" content=\"1 minuto\" \/>\n<script type=\"application\/ld+json\" class=\"yoast-schema-graph\">{\"@context\":\"https:\/\/schema.org\",\"@graph\":[{\"@type\":\"Article\",\"@id\":\"https:\/\/apuntesdesanluis.com\/index.php\/2025\/02\/01\/los-precios-de-los-combustibles-subieron-2-a-pesar-de-que-el-gobierno-postergo-el-alza-de-un-impuesto\/#article\",\"isPartOf\":{\"@id\":\"https:\/\/apuntesdesanluis.com\/index.php\/2025\/02\/01\/los-precios-de-los-combustibles-subieron-2-a-pesar-de-que-el-gobierno-postergo-el-alza-de-un-impuesto\/\"},\"author\":{\"name\":\"apuntesdesanluis.com\",\"@id\":\"https:\/\/apuntesdesanluis.com\/#\/schema\/person\/b55151d52296fcce64d1a72538a70b90\"},\"headline\":\"LOS PRECIOS DE LOS COMBUSTIBLES SUBIERON 2% A PESAR DE QUE EL GOBIERNO POSTERG\u00d3 EL ALZA DE UN IMPUESTO\",\"datePublished\":\"2025-02-01T21:14:13+00:00\",\"mainEntityOfPage\":{\"@id\":\"https:\/\/apuntesdesanluis.com\/index.php\/2025\/02\/01\/los-precios-de-los-combustibles-subieron-2-a-pesar-de-que-el-gobierno-postergo-el-alza-de-un-impuesto\/\"},\"wordCount\":196,\"publisher\":{\"@id\":\"https:\/\/apuntesdesanluis.com\/#\/schema\/person\/b55151d52296fcce64d1a72538a70b90\"},\"image\":{\"@id\":\"https:\/\/apuntesdesanluis.com\/index.php\/2025\/02\/01\/los-precios-de-los-combustibles-subieron-2-a-pesar-de-que-el-gobierno-postergo-el-alza-de-un-impuesto\/#primaryimage\"},\"thumbnailUrl\":\"https:\/\/apuntesdesanluis.com\/wp-content\/uploads\/2024\/02\/NAFTAS-AUMENTO.png\",\"articleSection\":[\"Nacionales\/Internacionales\"],\"inLanguage\":\"es-AR\"},{\"@type\":\"WebPage\",\"@id\":\"https:\/\/apuntesdesanluis.com\/index.php\/2025\/02\/01\/los-precios-de-los-combustibles-subieron-2-a-pesar-de-que-el-gobierno-postergo-el-alza-de-un-impuesto\/\",\"url\":\"https:\/\/apuntesdesanluis.com\/index.php\/2025\/02\/01\/los-precios-de-los-combustibles-subieron-2-a-pesar-de-que-el-gobierno-postergo-el-alza-de-un-impuesto\/\",\"name\":\"LOS PRECIOS DE LOS COMBUSTIBLES SUBIERON 2% A PESAR DE QUE EL GOBIERNO POSTERG\u00d3 EL ALZA DE UN IMPUESTO - Apuntes de San Luis\",\"isPartOf\":{\"@id\":\"https:\/\/apuntesdesanluis.com\/#website\"},\"primaryImageOfPage\":{\"@id\":\"https:\/\/apuntesdesanluis.com\/index.php\/2025\/02\/01\/los-precios-de-los-combustibles-subieron-2-a-pesar-de-que-el-gobierno-postergo-el-alza-de-un-impuesto\/#primaryimage\"},\"image\":{\"@id\":\"https:\/\/apuntesdesanluis.com\/index.php\/2025\/02\/01\/los-precios-de-los-combustibles-subieron-2-a-pesar-de-que-el-gobierno-postergo-el-alza-de-un-impuesto\/#primaryimage\"},\"thumbnailUrl\":\"https:\/\/apuntesdesanluis.com\/wp-content\/uploads\/2024\/02\/NAFTAS-AUMENTO.png\",\"datePublished\":\"2025-02-01T21:14:13+00:00\",\"breadcrumb\":{\"@id\":\"https:\/\/apuntesdesanluis.com\/index.php\/2025\/02\/01\/los-precios-de-los-combustibles-subieron-2-a-pesar-de-que-el-gobierno-postergo-el-alza-de-un-impuesto\/#breadcrumb\"},\"inLanguage\":\"es-AR\",\"potentialAction\":[{\"@type\":\"ReadAction\",\"target\":[\"https:\/\/apuntesdesanluis.com\/index.php\/2025\/02\/01\/los-precios-de-los-combustibles-subieron-2-a-pesar-de-que-el-gobierno-postergo-el-alza-de-un-impuesto\/\"]}]},{\"@type\":\"ImageObject\",\"inLanguage\":\"es-AR\",\"@id\":\"https:\/\/apuntesdesanluis.com\/index.php\/2025\/02\/01\/los-precios-de-los-combustibles-subieron-2-a-pesar-de-que-el-gobierno-postergo-el-alza-de-un-impuesto\/#primaryimage\",\"url\":\"https:\/\/apuntesdesanluis.com\/wp-content\/uploads\/2024\/02\/NAFTAS-AUMENTO.png\",\"contentUrl\":\"https:\/\/apuntesdesanluis.com\/wp-content\/uploads\/2024\/02\/NAFTAS-AUMENTO.png\",\"width\":738,\"height\":439},{\"@type\":\"BreadcrumbList\",\"@id\":\"https:\/\/apuntesdesanluis.com\/index.php\/2025\/02\/01\/los-precios-de-los-combustibles-subieron-2-a-pesar-de-que-el-gobierno-postergo-el-alza-de-un-impuesto\/#breadcrumb\",\"itemListElement\":[{\"@type\":\"ListItem\",\"position\":1,\"name\":\"Inicio\",\"item\":\"https:\/\/apuntesdesanluis.com\/\"},{\"@type\":\"ListItem\",\"position\":2,\"name\":\"LOS PRECIOS DE LOS COMBUSTIBLES SUBIERON 2% A PESAR DE QUE EL GOBIERNO POSTERG\u00d3 EL ALZA DE UN IMPUESTO\"}]},{\"@type\":\"WebSite\",\"@id\":\"https:\/\/apuntesdesanluis.com\/#website\",\"url\":\"https:\/\/apuntesdesanluis.com\/\",\"name\":\"Apuntes de San Luis\",\"description\":\"\",\"publisher\":{\"@id\":\"https:\/\/apuntesdesanluis.com\/#\/schema\/person\/b55151d52296fcce64d1a72538a70b90\"},\"potentialAction\":[{\"@type\":\"SearchAction\",\"target\":{\"@type\":\"EntryPoint\",\"urlTemplate\":\"https:\/\/apuntesdesanluis.com\/?s={search_term_string}\"},\"query-input\":{\"@type\":\"PropertyValueSpecification\",\"valueRequired\":true,\"valueName\":\"search_term_string\"}}],\"inLanguage\":\"es-AR\"},{\"@type\":[\"Person\",\"Organization\"],\"@id\":\"https:\/\/apuntesdesanluis.com\/#\/schema\/person\/b55151d52296fcce64d1a72538a70b90\",\"name\":\"apuntesdesanluis.com\",\"image\":{\"@type\":\"ImageObject\",\"inLanguage\":\"es-AR\",\"@id\":\"https:\/\/apuntesdesanluis.com\/#\/schema\/person\/image\/\",\"url\":\"https:\/\/apuntesdesanluis.com\/wp-content\/uploads\/2023\/07\/cropped-apuntesdesanluis.png\",\"contentUrl\":\"https:\/\/apuntesdesanluis.com\/wp-content\/uploads\/2023\/07\/cropped-apuntesdesanluis.png\",\"width\":450,\"height\":112,\"caption\":\"apuntesdesanluis.com\"},\"logo\":{\"@id\":\"https:\/\/apuntesdesanluis.com\/#\/schema\/person\/image\/\"},\"sameAs\":[\"https:\/\/apuntesdesanluis.com\"],\"url\":\"https:\/\/apuntesdesanluis.com\/index.php\/author\/apuntesdesanluis-com\/\"}]}<\/script>\n<!-- \/ Yoast SEO plugin. -->","yoast_head_json":{"title":"LOS PRECIOS DE LOS COMBUSTIBLES SUBIERON 2% A PESAR DE QUE EL GOBIERNO POSTERG\u00d3 EL ALZA DE UN IMPUESTO - Apuntes de San Luis","robots":{"index":"index","follow":"follow","max-snippet":"max-snippet:-1","max-image-preview":"max-image-preview:large","max-video-preview":"max-video-preview:-1"},"canonical":"https:\/\/apuntesdesanluis.com\/index.php\/2025\/02\/01\/los-precios-de-los-combustibles-subieron-2-a-pesar-de-que-el-gobierno-postergo-el-alza-de-un-impuesto\/","og_locale":"es_ES","og_type":"article","og_title":"LOS PRECIOS DE LOS COMBUSTIBLES SUBIERON 2% A PESAR DE QUE EL GOBIERNO POSTERG\u00d3 EL ALZA DE UN IMPUESTO - Apuntes de San Luis","og_description":"La petrolera YPF aplic\u00f3 hoy un alza de 2% en los precios de las naftas...","og_url":"https:\/\/apuntesdesanluis.com\/index.php\/2025\/02\/01\/los-precios-de-los-combustibles-subieron-2-a-pesar-de-que-el-gobierno-postergo-el-alza-de-un-impuesto\/","og_site_name":"Apuntes de San Luis","article_published_time":"2025-02-01T21:14:13+00:00","og_image":[{"width":738,"height":439,"url":"https:\/\/apuntesdesanluis.com\/wp-content\/uploads\/2024\/02\/NAFTAS-AUMENTO.png","type":"image\/png"}],"author":"apuntesdesanluis.com","twitter_card":"summary_large_image","twitter_misc":{"Escrito por":"apuntesdesanluis.com","Tiempo de lectura":"1 minuto"},"schema":{"@context":"https:\/\/schema.org","@graph":[{"@type":"Article","@id":"https:\/\/apuntesdesanluis.com\/index.php\/2025\/02\/01\/los-precios-de-los-combustibles-subieron-2-a-pesar-de-que-el-gobierno-postergo-el-alza-de-un-impuesto\/#article","isPartOf":{"@id":"https:\/\/apuntesdesanluis.com\/index.php\/2025\/02\/01\/los-precios-de-los-combustibles-subieron-2-a-pesar-de-que-el-gobierno-postergo-el-alza-de-un-impuesto\/"},"author":{"name":"apuntesdesanluis.com","@id":"https:\/\/apuntesdesanluis.com\/#\/schema\/person\/b55151d52296fcce64d1a72538a70b90"},"headline":"LOS PRECIOS DE LOS COMBUSTIBLES SUBIERON 2% A PESAR DE QUE EL GOBIERNO POSTERG\u00d3 EL ALZA DE UN IMPUESTO","datePublished":"2025-02-01T21:14:13+00:00","mainEntityOfPage":{"@id":"https:\/\/apuntesdesanluis.com\/index.php\/2025\/02\/01\/los-precios-de-los-combustibles-subieron-2-a-pesar-de-que-el-gobierno-postergo-el-alza-de-un-impuesto\/"},"wordCount":196,"publisher":{"@id":"https:\/\/apuntesdesanluis.com\/#\/schema\/person\/b55151d52296fcce64d1a72538a70b90"},"image":{"@id":"https:\/\/apuntesdesanluis.com\/index.php\/2025\/02\/01\/los-precios-de-los-combustibles-subieron-2-a-pesar-de-que-el-gobierno-postergo-el-alza-de-un-impuesto\/#primaryimage"},"thumbnailUrl":"https:\/\/apuntesdesanluis.com\/wp-content\/uploads\/2024\/02\/NAFTAS-AUMENTO.png","articleSection":["Nacionales\/Internacionales"],"inLanguage":"es-AR"},{"@type":"WebPage","@id":"https:\/\/apuntesdesanluis.com\/index.php\/2025\/02\/01\/los-precios-de-los-combustibles-subieron-2-a-pesar-de-que-el-gobierno-postergo-el-alza-de-un-impuesto\/","url":"https:\/\/apuntesdesanluis.com\/index.php\/2025\/02\/01\/los-precios-de-los-combustibles-subieron-2-a-pesar-de-que-el-gobierno-postergo-el-alza-de-un-impuesto\/","name":"LOS PRECIOS DE LOS COMBUSTIBLES SUBIERON 2% A PESAR DE QUE EL GOBIERNO POSTERG\u00d3 EL ALZA DE UN IMPUESTO - Apuntes de San Luis","isPartOf":{"@id":"https:\/\/apuntesdesanluis.com\/#website"},"primaryImageOfPage":{"@id":"https:\/\/apuntesdesanluis.com\/index.php\/2025\/02\/01\/los-precios-de-los-combustibles-subieron-2-a-pesar-de-que-el-gobierno-postergo-el-alza-de-un-impuesto\/#primaryimage"},"image":{"@id":"https:\/\/apuntesdesanluis.com\/index.php\/2025\/02\/01\/los-precios-de-los-combustibles-subieron-2-a-pesar-de-que-el-gobierno-postergo-el-alza-de-un-impuesto\/#primaryimage"},"thumbnailUrl":"https:\/\/apuntesdesanluis.com\/wp-content\/uploads\/2024\/02\/NAFTAS-AUMENTO.png","datePublished":"2025-02-01T21:14:13+00:00","breadcrumb":{"@id":"https:\/\/apuntesdesanluis.com\/index.php\/2025\/02\/01\/los-precios-de-los-combustibles-subieron-2-a-pesar-de-que-el-gobierno-postergo-el-alza-de-un-impuesto\/#breadcrumb"},"inLanguage":"es-AR","potentialAction":[{"@type":"ReadAction","target":["https:\/\/apuntesdesanluis.com\/index.php\/2025\/02\/01\/los-precios-de-los-combustibles-subieron-2-a-pesar-de-que-el-gobierno-postergo-el-alza-de-un-impuesto\/"]}]},{"@type":"ImageObject","inLanguage":"es-AR","@id":"https:\/\/apuntesdesanluis.com\/index.php\/2025\/02\/01\/los-precios-de-los-combustibles-subieron-2-a-pesar-de-que-el-gobierno-postergo-el-alza-de-un-impuesto\/#primaryimage","url":"https:\/\/apuntesdesanluis.com\/wp-content\/uploads\/2024\/02\/NAFTAS-AUMENTO.png","contentUrl":"https:\/\/apuntesdesanluis.com\/wp-content\/uploads\/2024\/02\/NAFTAS-AUMENTO.png","width":738,"height":439},{"@type":"BreadcrumbList","@id":"https:\/\/apuntesdesanluis.com\/index.php\/2025\/02\/01\/los-precios-de-los-combustibles-subieron-2-a-pesar-de-que-el-gobierno-postergo-el-alza-de-un-impuesto\/#breadcrumb","itemListElement":[{"@type":"ListItem","position":1,"name":"Inicio","item":"https:\/\/apuntesdesanluis.com\/"},{"@type":"ListItem","position":2,"name":"LOS PRECIOS DE LOS COMBUSTIBLES SUBIERON 2% A PESAR DE QUE EL GOBIERNO POSTERG\u00d3 EL ALZA DE UN IMPUESTO"}]},{"@type":"WebSite","@id":"https:\/\/apuntesdesanluis.com\/#website","url":"https:\/\/apuntesdesanluis.com\/","name":"Apuntes de San Luis","description":"","publisher":{"@id":"https:\/\/apuntesdesanluis.com\/#\/schema\/person\/b55151d52296fcce64d1a72538a70b90"},"potentialAction":[{"@type":"SearchAction","target":{"@type":"EntryPoint","urlTemplate":"https:\/\/apuntesdesanluis.com\/?s={search_term_string}"},"query-input":{"@type":"PropertyValueSpecification","valueRequired":true,"valueName":"search_term_string"}}],"inLanguage":"es-AR"},{"@type":["Person","Organization"],"@id":"https:\/\/apuntesdesanluis.com\/#\/schema\/person\/b55151d52296fcce64d1a72538a70b90","name":"apuntesdesanluis.com","image":{"@type":"ImageObject","inLanguage":"es-AR","@id":"https:\/\/apuntesdesanluis.com\/#\/schema\/person\/image\/","url":"https:\/\/apuntesdesanluis.com\/wp-content\/uploads\/2023\/07\/cropped-apuntesdesanluis.png","contentUrl":"https:\/\/apuntesdesanluis.com\/wp-content\/uploads\/2023\/07\/cropped-apuntesdesanluis.png","width":450,"height":112,"caption":"apuntesdesanluis.com"},"logo":{"@id":"https:\/\/apuntesdesanluis.com\/#\/schema\/person\/image\/"},"sameAs":["https:\/\/apuntesdesanluis.com"],"url":"https:\/\/apuntesdesanluis.com\/index.php\/author\/apuntesdesanluis-com\/"}]}},"featured_image_urls":{"full":["https:\/\/apuntesdesanluis.com\/wp-content\/uploads\/2024\/02\/NAFTAS-AUMENTO.png",738,439,false],"thumbnail":["https:\/\/apuntesdesanluis.com\/wp-content\/uploads\/2024\/02\/NAFTAS-AUMENTO-150x150.png",150,150,true],"medium":["https:\/\/apuntesdesanluis.com\/wp-content\/uploads\/2024\/02\/NAFTAS-AUMENTO-300x178.png",300,178,true],"medium_large":["https:\/\/apuntesdesanluis.com\/wp-content\/uploads\/2024\/02\/NAFTAS-AUMENTO.png",640,381,false],"large":["https:\/\/apuntesdesanluis.com\/wp-content\/uploads\/2024\/02\/NAFTAS-AUMENTO.png",640,381,false],"1536x1536":["https:\/\/apuntesdesanluis.com\/wp-content\/uploads\/2024\/02\/NAFTAS-AUMENTO.png",738,439,false],"2048x2048":["https:\/\/apuntesdesanluis.com\/wp-content\/uploads\/2024\/02\/NAFTAS-AUMENTO.png",738,439,false],"newsever-slider-full":["https:\/\/apuntesdesanluis.com\/wp-content\/uploads\/2024\/02\/NAFTAS-AUMENTO.png",738,439,false],"newsever-featured":["https:\/\/apuntesdesanluis.com\/wp-content\/uploads\/2024\/02\/NAFTAS-AUMENTO.png",738,439,false],"newsever-medium":["https:\/\/apuntesdesanluis.com\/wp-content\/uploads\/2024\/02\/NAFTAS-AUMENTO-720x439.png",720,439,true]},"author_info":{"display_name":"apuntesdesanluis.com","author_link":"https:\/\/apuntesdesanluis.com\/index.php\/author\/apuntesdesanluis-com\/"},"category_info":"<a href=\"https:\/\/apuntesdesanluis.com\/index.php\/category\/nacionales-internacionales\/\" rel=\"category tag\">Nacionales\/Internacionales<\/a>","tag_info":"Nacionales\/Internacionales","comment_count":"0","_links":{"self":[{"href":"https:\/\/apuntesdesanluis.com\/index.php\/wp-json\/wp\/v2\/posts\/28539","targetHints":{"allow":["GET"]}}],"collection":[{"href":"https:\/\/apuntesdesanluis.com\/index.php\/wp-json\/wp\/v2\/posts"}],"about":[{"href":"https:\/\/apuntesdesanluis.com\/index.php\/wp-json\/wp\/v2\/types\/post"}],"author":[{"embeddable":true,"href":"https:\/\/apuntesdesanluis.com\/index.php\/wp-json\/wp\/v2\/users\/1"}],"replies":[{"embeddable":true,"href":"https:\/\/apuntesdesanluis.com\/index.php\/wp-json\/wp\/v2\/comments?post=28539"}],"version-history":[{"count":1,"href":"https:\/\/apuntesdesanluis.com\/index.php\/wp-json\/wp\/v2\/posts\/28539\/revisions"}],"predecessor-version":[{"id":28540,"href":"https:\/\/apuntesdesanluis.com\/index.php\/wp-json\/wp\/v2\/posts\/28539\/revisions\/28540"}],"wp:featuredmedia":[{"embeddable":true,"href":"https:\/\/apuntesdesanluis.com\/index.php\/wp-json\/wp\/v2\/media\/12303"}],"wp:attachment":[{"href":"https:\/\/apuntesdesanluis.com\/index.php\/wp-json\/wp\/v2\/media?parent=28539"}],"wp:term":[{"taxonomy":"category","embeddable":true,"href":"https:\/\/apuntesdesanluis.com\/index.php\/wp-json\/wp\/v2\/categories?post=28539"},{"taxonomy":"post_tag","embeddable":true,"href":"https:\/\/apuntesdesanluis.com\/index.php\/wp-json\/wp\/v2\/tags?post=28539"}],"curies":[{"name":"wp","href":"https:\/\/api.w.org\/{rel}","templated":true}]}}