{"id":28541,"date":"2025-02-01T18:33:04","date_gmt":"2025-02-01T21:33:04","guid":{"rendered":"https:\/\/apuntesdesanluis.com\/?p=28541"},"modified":"2025-02-01T18:33:04","modified_gmt":"2025-02-01T21:33:04","slug":"entregaron-los-decretos-de-beca-al-merito-a-mas-de-800-egresados","status":"publish","type":"post","link":"https:\/\/apuntesdesanluis.com\/index.php\/2025\/02\/01\/entregaron-los-decretos-de-beca-al-merito-a-mas-de-800-egresados\/","title":{"rendered":"ENTREGARON LOS DECRETOS DE BECA AL M\u00c9RITO A M\u00c1S DE 800 EGRESADOS"},"content":{"rendered":"<h3>M\u00e1s de 800 j\u00f3venes egresados del ciclo lectivo 2024 recibieron este s\u00e1bado sus decretos de <strong>Beca al M\u00e9rito<\/strong>, en una ceremonia encabezada por el gobernador <strong>Claudio Poggi<\/strong> y el ministro de Educaci\u00f3n, <strong>Guillermo Araujo<\/strong>, en un Centro de Convenciones que fue una fiesta para los estudiantes, provenientes de los nueve departamentos de San Luis, que gracias a su esfuerzo y constancia acceder\u00e1n a un apoyo econ\u00f3mico mensual para solventar sus estudios universitarios.<\/h3>\n<h3><img fetchpriority=\"high\" decoding=\"async\" class=\"wp-image-28543 aligncenter\" src=\"https:\/\/apuntesdesanluis.com\/wp-content\/uploads\/2025\/02\/POGGI-300x188.png\" alt=\"\" width=\"576\" height=\"361\" srcset=\"https:\/\/apuntesdesanluis.com\/wp-content\/uploads\/2025\/02\/POGGI-300x188.png 300w, https:\/\/apuntesdesanluis.com\/wp-content\/uploads\/2025\/02\/POGGI.png 721w\" sizes=\"(max-width: 576px) 100vw, 576px\" \/><\/h3>\n<h3>La Beca al M\u00e9rito, restablecida por el actual Gobierno provincial, premia a los tres mejores promedios de cada instituci\u00f3n educativa, incluyendo establecimientos p\u00fablicos, privados, generativos y autogestionados, as\u00ed como escuelas digitales para adultos y j\u00f3venes.<\/h3>\n<h3>Los becarios tienen la libertad de elegir cualquier carrera universitaria y cursarla en la instituci\u00f3n de su preferencia, ya sea en San Luis, otras provincias o en el extranjero. El beneficio se extiende durante toda la carrera, con un per\u00edodo adicional de seis meses para completar las materias pendientes.<\/h3>\n<h3>\u201cEl gobierno de San Luis reconoce en ustedes el m\u00e9rito. El m\u00e9rito acad\u00e9mico es sin\u00f3nimo de esfuerzo, de perseverancia, de constancia, de dedicaci\u00f3n, de fuerza de voluntad\u201d, expres\u00f3 Poggi, reconociendo las noches de estudio que sacrificaron los j\u00f3venes, as\u00ed como tambi\u00e9n el acompa\u00f1amiento de sus padres y familias y de los maestros y profesores.<\/h3>\n<h3><img decoding=\"async\" class=\"wp-image-28544 aligncenter\" src=\"https:\/\/apuntesdesanluis.com\/wp-content\/uploads\/2025\/02\/BECA-AL-MERITO-POGGI-300x236.png\" alt=\"\" width=\"592\" height=\"466\" srcset=\"https:\/\/apuntesdesanluis.com\/wp-content\/uploads\/2025\/02\/BECA-AL-MERITO-POGGI-300x236.png 300w, https:\/\/apuntesdesanluis.com\/wp-content\/uploads\/2025\/02\/BECA-AL-MERITO-POGGI.png 649w\" sizes=\"(max-width: 592px) 100vw, 592px\" \/><\/h3>\n<h3>\u201cHoy son beneficiarios de la Beca al M\u00e9rito, que no tengan dudas les va a ayudar a cumplir sus sue\u00f1os\u201d, manifest\u00f3 el Gobernador, que anunci\u00f3 que a partir de febrero recibir\u00e1n un monto de $300 mil, importe que se ajustar\u00e1 trimestralmente.<\/h3>\n<h3>\u201cQuiero que sepan que personalmente, como Gobernador de San Luis, siento una gran alegr\u00eda y felicidad por este momento que ustedes est\u00e1n viviendo, ya que desde el primer d\u00eda que asum\u00ed quer\u00eda implementar esta Beca al M\u00e9rito, y apenas pudimos enderezar un poco las finanzas de la provincia, fue una de las primeras pol\u00edticas p\u00fablicas que implement\u00e9\u201d, se\u00f1al\u00f3 Poggi y a\u00f1adi\u00f3: \u201cLa educaci\u00f3n est\u00e1 en el centro de nuestras pol\u00edticas p\u00fablicas y esta pol\u00edtica se inserta como una acci\u00f3n m\u00e1s en esa decisi\u00f3n pol\u00edtica de poner a la educaci\u00f3n en el centro\u201d.<\/h3>\n<h3>El Jefe de Estado finaliz\u00f3 su mensaje dici\u00e9ndoles a los j\u00f3venes \u201cque San Luis est\u00e1 orgulloso de ustedes y San Luis los necesita, necesita que cumplan sus sue\u00f1os, para luego volcar en la provincia todo el conocimiento que incorporar\u00e1n en los pr\u00f3ximos a\u00f1os\u201d.<\/h3>\n<h3>Los beneficiarios se distribuyen de la siguiente manera por departamento: 333 en Pueyrred\u00f3n, 167 en Pedernera, 66 en Jun\u00edn, 55 en Ayacucho, 46 en Chacabuco, 33 en Dupuy, 30 en Pringles, 26 en San Mart\u00edn y 23 en Belgrano. Cada uno, con un sue\u00f1o y una historia que hoy escribi\u00f3 una p\u00e1gina imborrable.<\/h3>\n<h3><\/h3>\n<p>&nbsp;<\/p>\n<p>&nbsp;<\/p>\n<p>&nbsp;<\/p>\n<h3><\/h3>\n<p>&nbsp;<\/p>\n","protected":false},"excerpt":{"rendered":"<p>M\u00e1s de 800 j\u00f3venes egresados del ciclo lectivo 2024 recibieron este s\u00e1bado sus decretos de&#8230;<\/p>\n","protected":false},"author":1,"featured_media":28542,"comment_status":"closed","ping_status":"closed","sticky":false,"template":"","format":"standard","meta":{"footnotes":""},"categories":[6],"tags":[],"class_list":["post-28541","post","type-post","status-publish","format-standard","has-post-thumbnail","hentry","category-ciudad-provincia"],"yoast_head":"<!-- This site is optimized with the Yoast SEO plugin v26.1.1 - https:\/\/yoast.com\/wordpress\/plugins\/seo\/ -->\n<title>ENTREGARON LOS DECRETOS DE BECA AL M\u00c9RITO A M\u00c1S DE 800 EGRESADOS - Apuntes de San Luis<\/title>\n<meta name=\"robots\" content=\"index, follow, max-snippet:-1, max-image-preview:large, max-video-preview:-1\" \/>\n<link rel=\"canonical\" href=\"https:\/\/apuntesdesanluis.com\/index.php\/2025\/02\/01\/entregaron-los-decretos-de-beca-al-merito-a-mas-de-800-egresados\/\" \/>\n<meta property=\"og:locale\" content=\"es_ES\" \/>\n<meta property=\"og:type\" content=\"article\" \/>\n<meta property=\"og:title\" content=\"ENTREGARON LOS DECRETOS DE BECA AL M\u00c9RITO A M\u00c1S DE 800 EGRESADOS - Apuntes de San Luis\" \/>\n<meta property=\"og:description\" content=\"M\u00e1s de 800 j\u00f3venes egresados del ciclo lectivo 2024 recibieron este s\u00e1bado sus decretos de...\" \/>\n<meta property=\"og:url\" content=\"https:\/\/apuntesdesanluis.com\/index.php\/2025\/02\/01\/entregaron-los-decretos-de-beca-al-merito-a-mas-de-800-egresados\/\" \/>\n<meta property=\"og:site_name\" content=\"Apuntes de San Luis\" \/>\n<meta property=\"article:published_time\" content=\"2025-02-01T21:33:04+00:00\" \/>\n<meta property=\"og:image\" content=\"https:\/\/apuntesdesanluis.com\/wp-content\/uploads\/2025\/02\/BECA-AL-MERITO.png\" \/>\n\t<meta property=\"og:image:width\" content=\"800\" \/>\n\t<meta property=\"og:image:height\" content=\"481\" \/>\n\t<meta property=\"og:image:type\" content=\"image\/png\" \/>\n<meta name=\"author\" content=\"apuntesdesanluis.com\" \/>\n<meta name=\"twitter:card\" content=\"summary_large_image\" \/>\n<meta name=\"twitter:label1\" content=\"Escrito por\" \/>\n\t<meta name=\"twitter:data1\" content=\"apuntesdesanluis.com\" \/>\n\t<meta name=\"twitter:label2\" content=\"Tiempo de lectura\" \/>\n\t<meta name=\"twitter:data2\" content=\"3 minutos\" \/>\n<script type=\"application\/ld+json\" class=\"yoast-schema-graph\">{\"@context\":\"https:\/\/schema.org\",\"@graph\":[{\"@type\":\"Article\",\"@id\":\"https:\/\/apuntesdesanluis.com\/index.php\/2025\/02\/01\/entregaron-los-decretos-de-beca-al-merito-a-mas-de-800-egresados\/#article\",\"isPartOf\":{\"@id\":\"https:\/\/apuntesdesanluis.com\/index.php\/2025\/02\/01\/entregaron-los-decretos-de-beca-al-merito-a-mas-de-800-egresados\/\"},\"author\":{\"name\":\"apuntesdesanluis.com\",\"@id\":\"https:\/\/apuntesdesanluis.com\/#\/schema\/person\/b55151d52296fcce64d1a72538a70b90\"},\"headline\":\"ENTREGARON LOS DECRETOS DE BECA AL M\u00c9RITO A M\u00c1S DE 800 EGRESADOS\",\"datePublished\":\"2025-02-01T21:33:04+00:00\",\"mainEntityOfPage\":{\"@id\":\"https:\/\/apuntesdesanluis.com\/index.php\/2025\/02\/01\/entregaron-los-decretos-de-beca-al-merito-a-mas-de-800-egresados\/\"},\"wordCount\":497,\"publisher\":{\"@id\":\"https:\/\/apuntesdesanluis.com\/#\/schema\/person\/b55151d52296fcce64d1a72538a70b90\"},\"image\":{\"@id\":\"https:\/\/apuntesdesanluis.com\/index.php\/2025\/02\/01\/entregaron-los-decretos-de-beca-al-merito-a-mas-de-800-egresados\/#primaryimage\"},\"thumbnailUrl\":\"https:\/\/apuntesdesanluis.com\/wp-content\/uploads\/2025\/02\/BECA-AL-MERITO.png\",\"articleSection\":[\"Ciudad\/Provincia\"],\"inLanguage\":\"es-AR\"},{\"@type\":\"WebPage\",\"@id\":\"https:\/\/apuntesdesanluis.com\/index.php\/2025\/02\/01\/entregaron-los-decretos-de-beca-al-merito-a-mas-de-800-egresados\/\",\"url\":\"https:\/\/apuntesdesanluis.com\/index.php\/2025\/02\/01\/entregaron-los-decretos-de-beca-al-merito-a-mas-de-800-egresados\/\",\"name\":\"ENTREGARON LOS DECRETOS DE BECA AL M\u00c9RITO A M\u00c1S DE 800 EGRESADOS - Apuntes de San Luis\",\"isPartOf\":{\"@id\":\"https:\/\/apuntesdesanluis.com\/#website\"},\"primaryImageOfPage\":{\"@id\":\"https:\/\/apuntesdesanluis.com\/index.php\/2025\/02\/01\/entregaron-los-decretos-de-beca-al-merito-a-mas-de-800-egresados\/#primaryimage\"},\"image\":{\"@id\":\"https:\/\/apuntesdesanluis.com\/index.php\/2025\/02\/01\/entregaron-los-decretos-de-beca-al-merito-a-mas-de-800-egresados\/#primaryimage\"},\"thumbnailUrl\":\"https:\/\/apuntesdesanluis.com\/wp-content\/uploads\/2025\/02\/BECA-AL-MERITO.png\",\"datePublished\":\"2025-02-01T21:33:04+00:00\",\"breadcrumb\":{\"@id\":\"https:\/\/apuntesdesanluis.com\/index.php\/2025\/02\/01\/entregaron-los-decretos-de-beca-al-merito-a-mas-de-800-egresados\/#breadcrumb\"},\"inLanguage\":\"es-AR\",\"potentialAction\":[{\"@type\":\"ReadAction\",\"target\":[\"https:\/\/apuntesdesanluis.com\/index.php\/2025\/02\/01\/entregaron-los-decretos-de-beca-al-merito-a-mas-de-800-egresados\/\"]}]},{\"@type\":\"ImageObject\",\"inLanguage\":\"es-AR\",\"@id\":\"https:\/\/apuntesdesanluis.com\/index.php\/2025\/02\/01\/entregaron-los-decretos-de-beca-al-merito-a-mas-de-800-egresados\/#primaryimage\",\"url\":\"https:\/\/apuntesdesanluis.com\/wp-content\/uploads\/2025\/02\/BECA-AL-MERITO.png\",\"contentUrl\":\"https:\/\/apuntesdesanluis.com\/wp-content\/uploads\/2025\/02\/BECA-AL-MERITO.png\",\"width\":800,\"height\":481},{\"@type\":\"BreadcrumbList\",\"@id\":\"https:\/\/apuntesdesanluis.com\/index.php\/2025\/02\/01\/entregaron-los-decretos-de-beca-al-merito-a-mas-de-800-egresados\/#breadcrumb\",\"itemListElement\":[{\"@type\":\"ListItem\",\"position\":1,\"name\":\"Inicio\",\"item\":\"https:\/\/apuntesdesanluis.com\/\"},{\"@type\":\"ListItem\",\"position\":2,\"name\":\"ENTREGARON LOS DECRETOS DE BECA AL M\u00c9RITO A M\u00c1S DE 800 EGRESADOS\"}]},{\"@type\":\"WebSite\",\"@id\":\"https:\/\/apuntesdesanluis.com\/#website\",\"url\":\"https:\/\/apuntesdesanluis.com\/\",\"name\":\"Apuntes de San Luis\",\"description\":\"\",\"publisher\":{\"@id\":\"https:\/\/apuntesdesanluis.com\/#\/schema\/person\/b55151d52296fcce64d1a72538a70b90\"},\"potentialAction\":[{\"@type\":\"SearchAction\",\"target\":{\"@type\":\"EntryPoint\",\"urlTemplate\":\"https:\/\/apuntesdesanluis.com\/?s={search_term_string}\"},\"query-input\":{\"@type\":\"PropertyValueSpecification\",\"valueRequired\":true,\"valueName\":\"search_term_string\"}}],\"inLanguage\":\"es-AR\"},{\"@type\":[\"Person\",\"Organization\"],\"@id\":\"https:\/\/apuntesdesanluis.com\/#\/schema\/person\/b55151d52296fcce64d1a72538a70b90\",\"name\":\"apuntesdesanluis.com\",\"image\":{\"@type\":\"ImageObject\",\"inLanguage\":\"es-AR\",\"@id\":\"https:\/\/apuntesdesanluis.com\/#\/schema\/person\/image\/\",\"url\":\"https:\/\/apuntesdesanluis.com\/wp-content\/uploads\/2023\/07\/cropped-apuntesdesanluis.png\",\"contentUrl\":\"https:\/\/apuntesdesanluis.com\/wp-content\/uploads\/2023\/07\/cropped-apuntesdesanluis.png\",\"width\":450,\"height\":112,\"caption\":\"apuntesdesanluis.com\"},\"logo\":{\"@id\":\"https:\/\/apuntesdesanluis.com\/#\/schema\/person\/image\/\"},\"sameAs\":[\"https:\/\/apuntesdesanluis.com\"],\"url\":\"https:\/\/apuntesdesanluis.com\/index.php\/author\/apuntesdesanluis-com\/\"}]}<\/script>\n<!-- \/ Yoast SEO plugin. -->","yoast_head_json":{"title":"ENTREGARON LOS DECRETOS DE BECA AL M\u00c9RITO A M\u00c1S DE 800 EGRESADOS - Apuntes de San Luis","robots":{"index":"index","follow":"follow","max-snippet":"max-snippet:-1","max-image-preview":"max-image-preview:large","max-video-preview":"max-video-preview:-1"},"canonical":"https:\/\/apuntesdesanluis.com\/index.php\/2025\/02\/01\/entregaron-los-decretos-de-beca-al-merito-a-mas-de-800-egresados\/","og_locale":"es_ES","og_type":"article","og_title":"ENTREGARON LOS DECRETOS DE BECA AL M\u00c9RITO A M\u00c1S DE 800 EGRESADOS - Apuntes de San Luis","og_description":"M\u00e1s de 800 j\u00f3venes egresados del ciclo lectivo 2024 recibieron este s\u00e1bado sus decretos de...","og_url":"https:\/\/apuntesdesanluis.com\/index.php\/2025\/02\/01\/entregaron-los-decretos-de-beca-al-merito-a-mas-de-800-egresados\/","og_site_name":"Apuntes de San Luis","article_published_time":"2025-02-01T21:33:04+00:00","og_image":[{"width":800,"height":481,"url":"https:\/\/apuntesdesanluis.com\/wp-content\/uploads\/2025\/02\/BECA-AL-MERITO.png","type":"image\/png"}],"author":"apuntesdesanluis.com","twitter_card":"summary_large_image","twitter_misc":{"Escrito por":"apuntesdesanluis.com","Tiempo de lectura":"3 minutos"},"schema":{"@context":"https:\/\/schema.org","@graph":[{"@type":"Article","@id":"https:\/\/apuntesdesanluis.com\/index.php\/2025\/02\/01\/entregaron-los-decretos-de-beca-al-merito-a-mas-de-800-egresados\/#article","isPartOf":{"@id":"https:\/\/apuntesdesanluis.com\/index.php\/2025\/02\/01\/entregaron-los-decretos-de-beca-al-merito-a-mas-de-800-egresados\/"},"author":{"name":"apuntesdesanluis.com","@id":"https:\/\/apuntesdesanluis.com\/#\/schema\/person\/b55151d52296fcce64d1a72538a70b90"},"headline":"ENTREGARON LOS DECRETOS DE BECA AL M\u00c9RITO A M\u00c1S DE 800 EGRESADOS","datePublished":"2025-02-01T21:33:04+00:00","mainEntityOfPage":{"@id":"https:\/\/apuntesdesanluis.com\/index.php\/2025\/02\/01\/entregaron-los-decretos-de-beca-al-merito-a-mas-de-800-egresados\/"},"wordCount":497,"publisher":{"@id":"https:\/\/apuntesdesanluis.com\/#\/schema\/person\/b55151d52296fcce64d1a72538a70b90"},"image":{"@id":"https:\/\/apuntesdesanluis.com\/index.php\/2025\/02\/01\/entregaron-los-decretos-de-beca-al-merito-a-mas-de-800-egresados\/#primaryimage"},"thumbnailUrl":"https:\/\/apuntesdesanluis.com\/wp-content\/uploads\/2025\/02\/BECA-AL-MERITO.png","articleSection":["Ciudad\/Provincia"],"inLanguage":"es-AR"},{"@type":"WebPage","@id":"https:\/\/apuntesdesanluis.com\/index.php\/2025\/02\/01\/entregaron-los-decretos-de-beca-al-merito-a-mas-de-800-egresados\/","url":"https:\/\/apuntesdesanluis.com\/index.php\/2025\/02\/01\/entregaron-los-decretos-de-beca-al-merito-a-mas-de-800-egresados\/","name":"ENTREGARON LOS DECRETOS DE BECA AL M\u00c9RITO A M\u00c1S DE 800 EGRESADOS - Apuntes de San Luis","isPartOf":{"@id":"https:\/\/apuntesdesanluis.com\/#website"},"primaryImageOfPage":{"@id":"https:\/\/apuntesdesanluis.com\/index.php\/2025\/02\/01\/entregaron-los-decretos-de-beca-al-merito-a-mas-de-800-egresados\/#primaryimage"},"image":{"@id":"https:\/\/apuntesdesanluis.com\/index.php\/2025\/02\/01\/entregaron-los-decretos-de-beca-al-merito-a-mas-de-800-egresados\/#primaryimage"},"thumbnailUrl":"https:\/\/apuntesdesanluis.com\/wp-content\/uploads\/2025\/02\/BECA-AL-MERITO.png","datePublished":"2025-02-01T21:33:04+00:00","breadcrumb":{"@id":"https:\/\/apuntesdesanluis.com\/index.php\/2025\/02\/01\/entregaron-los-decretos-de-beca-al-merito-a-mas-de-800-egresados\/#breadcrumb"},"inLanguage":"es-AR","potentialAction":[{"@type":"ReadAction","target":["https:\/\/apuntesdesanluis.com\/index.php\/2025\/02\/01\/entregaron-los-decretos-de-beca-al-merito-a-mas-de-800-egresados\/"]}]},{"@type":"ImageObject","inLanguage":"es-AR","@id":"https:\/\/apuntesdesanluis.com\/index.php\/2025\/02\/01\/entregaron-los-decretos-de-beca-al-merito-a-mas-de-800-egresados\/#primaryimage","url":"https:\/\/apuntesdesanluis.com\/wp-content\/uploads\/2025\/02\/BECA-AL-MERITO.png","contentUrl":"https:\/\/apuntesdesanluis.com\/wp-content\/uploads\/2025\/02\/BECA-AL-MERITO.png","width":800,"height":481},{"@type":"BreadcrumbList","@id":"https:\/\/apuntesdesanluis.com\/index.php\/2025\/02\/01\/entregaron-los-decretos-de-beca-al-merito-a-mas-de-800-egresados\/#breadcrumb","itemListElement":[{"@type":"ListItem","position":1,"name":"Inicio","item":"https:\/\/apuntesdesanluis.com\/"},{"@type":"ListItem","position":2,"name":"ENTREGARON LOS DECRETOS DE BECA AL M\u00c9RITO A M\u00c1S DE 800 EGRESADOS"}]},{"@type":"WebSite","@id":"https:\/\/apuntesdesanluis.com\/#website","url":"https:\/\/apuntesdesanluis.com\/","name":"Apuntes de San Luis","description":"","publisher":{"@id":"https:\/\/apuntesdesanluis.com\/#\/schema\/person\/b55151d52296fcce64d1a72538a70b90"},"potentialAction":[{"@type":"SearchAction","target":{"@type":"EntryPoint","urlTemplate":"https:\/\/apuntesdesanluis.com\/?s={search_term_string}"},"query-input":{"@type":"PropertyValueSpecification","valueRequired":true,"valueName":"search_term_string"}}],"inLanguage":"es-AR"},{"@type":["Person","Organization"],"@id":"https:\/\/apuntesdesanluis.com\/#\/schema\/person\/b55151d52296fcce64d1a72538a70b90","name":"apuntesdesanluis.com","image":{"@type":"ImageObject","inLanguage":"es-AR","@id":"https:\/\/apuntesdesanluis.com\/#\/schema\/person\/image\/","url":"https:\/\/apuntesdesanluis.com\/wp-content\/uploads\/2023\/07\/cropped-apuntesdesanluis.png","contentUrl":"https:\/\/apuntesdesanluis.com\/wp-content\/uploads\/2023\/07\/cropped-apuntesdesanluis.png","width":450,"height":112,"caption":"apuntesdesanluis.com"},"logo":{"@id":"https:\/\/apuntesdesanluis.com\/#\/schema\/person\/image\/"},"sameAs":["https:\/\/apuntesdesanluis.com"],"url":"https:\/\/apuntesdesanluis.com\/index.php\/author\/apuntesdesanluis-com\/"}]}},"featured_image_urls":{"full":["https:\/\/apuntesdesanluis.com\/wp-content\/uploads\/2025\/02\/BECA-AL-MERITO.png",800,481,false],"thumbnail":["https:\/\/apuntesdesanluis.com\/wp-content\/uploads\/2025\/02\/BECA-AL-MERITO-150x150.png",150,150,true],"medium":["https:\/\/apuntesdesanluis.com\/wp-content\/uploads\/2025\/02\/BECA-AL-MERITO-300x180.png",300,180,true],"medium_large":["https:\/\/apuntesdesanluis.com\/wp-content\/uploads\/2025\/02\/BECA-AL-MERITO-768x462.png",640,385,true],"large":["https:\/\/apuntesdesanluis.com\/wp-content\/uploads\/2025\/02\/BECA-AL-MERITO.png",640,385,false],"1536x1536":["https:\/\/apuntesdesanluis.com\/wp-content\/uploads\/2025\/02\/BECA-AL-MERITO.png",800,481,false],"2048x2048":["https:\/\/apuntesdesanluis.com\/wp-content\/uploads\/2025\/02\/BECA-AL-MERITO.png",800,481,false],"newsever-slider-full":["https:\/\/apuntesdesanluis.com\/wp-content\/uploads\/2025\/02\/BECA-AL-MERITO.png",800,481,false],"newsever-featured":["https:\/\/apuntesdesanluis.com\/wp-content\/uploads\/2025\/02\/BECA-AL-MERITO.png",800,481,false],"newsever-medium":["https:\/\/apuntesdesanluis.com\/wp-content\/uploads\/2025\/02\/BECA-AL-MERITO-720x475.png",720,475,true]},"author_info":{"display_name":"apuntesdesanluis.com","author_link":"https:\/\/apuntesdesanluis.com\/index.php\/author\/apuntesdesanluis-com\/"},"category_info":"<a href=\"https:\/\/apuntesdesanluis.com\/index.php\/category\/ciudad-provincia\/\" rel=\"category tag\">Ciudad\/Provincia<\/a>","tag_info":"Ciudad\/Provincia","comment_count":"0","_links":{"self":[{"href":"https:\/\/apuntesdesanluis.com\/index.php\/wp-json\/wp\/v2\/posts\/28541","targetHints":{"allow":["GET"]}}],"collection":[{"href":"https:\/\/apuntesdesanluis.com\/index.php\/wp-json\/wp\/v2\/posts"}],"about":[{"href":"https:\/\/apuntesdesanluis.com\/index.php\/wp-json\/wp\/v2\/types\/post"}],"author":[{"embeddable":true,"href":"https:\/\/apuntesdesanluis.com\/index.php\/wp-json\/wp\/v2\/users\/1"}],"replies":[{"embeddable":true,"href":"https:\/\/apuntesdesanluis.com\/index.php\/wp-json\/wp\/v2\/comments?post=28541"}],"version-history":[{"count":1,"href":"https:\/\/apuntesdesanluis.com\/index.php\/wp-json\/wp\/v2\/posts\/28541\/revisions"}],"predecessor-version":[{"id":28545,"href":"https:\/\/apuntesdesanluis.com\/index.php\/wp-json\/wp\/v2\/posts\/28541\/revisions\/28545"}],"wp:featuredmedia":[{"embeddable":true,"href":"https:\/\/apuntesdesanluis.com\/index.php\/wp-json\/wp\/v2\/media\/28542"}],"wp:attachment":[{"href":"https:\/\/apuntesdesanluis.com\/index.php\/wp-json\/wp\/v2\/media?parent=28541"}],"wp:term":[{"taxonomy":"category","embeddable":true,"href":"https:\/\/apuntesdesanluis.com\/index.php\/wp-json\/wp\/v2\/categories?post=28541"},{"taxonomy":"post_tag","embeddable":true,"href":"https:\/\/apuntesdesanluis.com\/index.php\/wp-json\/wp\/v2\/tags?post=28541"}],"curies":[{"name":"wp","href":"https:\/\/api.w.org\/{rel}","templated":true}]}}