{"id":28546,"date":"2025-02-01T19:45:38","date_gmt":"2025-02-01T22:45:38","guid":{"rendered":"https:\/\/apuntesdesanluis.com\/?p=28546"},"modified":"2025-02-01T19:46:16","modified_gmt":"2025-02-01T22:46:16","slug":"encontraron-muerto-al-argentino-que-habia-desaparecido-en-la-selva-de-brasil","status":"publish","type":"post","link":"https:\/\/apuntesdesanluis.com\/index.php\/2025\/02\/01\/encontraron-muerto-al-argentino-que-habia-desaparecido-en-la-selva-de-brasil\/","title":{"rendered":"ENCONTRARON MUERTO AL ARGENTINO QUE HAB\u00cdA DESAPARECIDO EN LA SELVA DE BRASIL"},"content":{"rendered":"<h3><strong>Federico Bruni<\/strong>, el joven argentino que era buscado intensamente en una selva de <strong>Brasil,<\/strong> fue encontrado sin vida. La noticia la confirm\u00f3 su hermana en redes sociales, quien agradeci\u00f3 la difusi\u00f3n del caso.<\/h3>\n<h3>La polic\u00eda del pa\u00eds vecino hab\u00eda encontrado la camioneta del joven junto a sus pertenencias y su perro, hecho que motiv\u00f3 la notificaci\u00f3n a su familia.<\/h3>\n<h3>\u201cLa b\u00fasqueda termin\u00f3. No es el desenlace que esper\u00e1bamos. Frenen la viralizaci\u00f3n y por favor dejen de contactar a la Dani. Muchas gracias a todos por la ayuda\u201d, comparti\u00f3 la joven en sus redes sociales.<\/h3>\n<h3>\u201cSiempre juntos hermano. Descansa en paz, te lo mereces. Te amo\u201d, fue otro de los mensajes publicados por la mujer. Tambi\u00e9n expres\u00f3: \u201cGracias Fede por ser mi hermano. Te amo hoy y siempre. Perd\u00f3n por no llegar a tiempo. Te amo, te amamos. Siempre juntos\u201d.<\/h3>\n<h3><img fetchpriority=\"high\" decoding=\"async\" class=\"wp-image-28548 aligncenter\" src=\"https:\/\/apuntesdesanluis.com\/wp-content\/uploads\/2025\/02\/POSTEO-177x300.png\" alt=\"\" width=\"388\" height=\"658\" srcset=\"https:\/\/apuntesdesanluis.com\/wp-content\/uploads\/2025\/02\/POSTEO-177x300.png 177w, https:\/\/apuntesdesanluis.com\/wp-content\/uploads\/2025\/02\/POSTEO.png 502w\" sizes=\"(max-width: 388px) 100vw, 388px\" \/><\/h3>\n<h3>El pasado 27 de enero, Federico Bruni se contact\u00f3 por \u00faltima vez con su familia para avisarles que estar\u00eda en un camping ubicado cerca de la localidad de Florian\u00f3polis, en Brasil. En aquel entonces, advirti\u00f3 que tendr\u00eda poca se\u00f1al y no podr\u00eda comunicarse. Sin embargo, efectivos policiales llamaron a la familia para advertir que hab\u00edan encontrado sus pertenencias, pero desconoc\u00edan el paradero del joven.<\/h3>\n<p><img decoding=\"async\" class=\"wp-image-28549 aligncenter\" src=\"https:\/\/apuntesdesanluis.com\/wp-content\/uploads\/2025\/02\/Sin-titulo-300x225.png\" alt=\"\" width=\"604\" height=\"453\" srcset=\"https:\/\/apuntesdesanluis.com\/wp-content\/uploads\/2025\/02\/Sin-titulo-300x225.png 300w, https:\/\/apuntesdesanluis.com\/wp-content\/uploads\/2025\/02\/Sin-titulo-768x575.png 768w, https:\/\/apuntesdesanluis.com\/wp-content\/uploads\/2025\/02\/Sin-titulo.png 800w\" sizes=\"(max-width: 604px) 100vw, 604px\" \/><\/p>\n<h4 style=\"text-align: center;\"><em>La camioneta del joven que fue encontrada en la selva.<\/em><\/h4>\n<h3>Desde ese entonces, la familia y amigos de Federico Bruni difundieron a trav\u00e9s de las redes sociales la imagen del joven. El camping estaba ubicado en cercan\u00edas de la selva de Sao Bonifacio y hab\u00eda advertido a su familia que posiblemente no podr\u00eda comunicarse con frecuencia. Tanto sus padres como t\u00edas hab\u00edan viajado al pa\u00eds vecino para formar parte de las tareas de b\u00fasqueda.<\/h3>\n<h3>Para los investigadores, una de las principales hip\u00f3tesis apuntaba a que el joven se habr\u00eda ca\u00eddo al r\u00edo y, posteriormente, habr\u00eda sido arrastrado por la corriente.<\/h3>\n<h3>La hermana del joven desaparecido hab\u00eda aclarado que no era la primera vez que realizaba esta clase de viajes, incluso, se\u00f1al\u00f3 que estaba acostumbrado a quedarse entre \u201c3 o 4 d\u00edas en cada lugar\u201d. Por eso, no duda de la experiencia que ten\u00eda para adaptarse a la zona. De hecho, aclar\u00f3 que \u201c\u00e9l ya hizo viajes as\u00ed y conoce la zona, pero ellos suponen que a lo mejor entr\u00f3 al r\u00edo y se golpe\u00f3 la cabeza\u201d.<\/h3>\n<h3>Tambi\u00e9n plante\u00f3 que pudo haberse ca\u00eddo, pero que habr\u00eda salido a la selva y se habr\u00eda perdido en ella. Por este motivo, hab\u00eda pedido ayuda para que se ampl\u00ede la b\u00fasqueda. \u201cNecesitamos un equipo que pueda entrar a esa selva\u201d, expres\u00f3, tras remarcar que la situaci\u00f3n \u201ces alarmante\u201d, debido a la posibilidad de que su hermano est\u00e9 herido.<\/h3>\n<h3><\/h3>\n<p>&nbsp;<\/p>\n","protected":false},"excerpt":{"rendered":"<p>Federico Bruni, el joven argentino que era buscado intensamente en una selva de Brasil, fue&#8230;<\/p>\n","protected":false},"author":1,"featured_media":28547,"comment_status":"closed","ping_status":"closed","sticky":false,"template":"","format":"standard","meta":{"footnotes":""},"categories":[5],"tags":[],"class_list":["post-28546","post","type-post","status-publish","format-standard","has-post-thumbnail","hentry","category-nacionales-internacionales"],"yoast_head":"<!-- This site is optimized with the Yoast SEO plugin v26.1.1 - https:\/\/yoast.com\/wordpress\/plugins\/seo\/ -->\n<title>ENCONTRARON MUERTO AL ARGENTINO QUE HAB\u00cdA DESAPARECIDO EN LA SELVA DE BRASIL - Apuntes de San Luis<\/title>\n<meta name=\"robots\" content=\"index, follow, max-snippet:-1, max-image-preview:large, max-video-preview:-1\" \/>\n<link rel=\"canonical\" href=\"https:\/\/apuntesdesanluis.com\/index.php\/2025\/02\/01\/encontraron-muerto-al-argentino-que-habia-desaparecido-en-la-selva-de-brasil\/\" \/>\n<meta property=\"og:locale\" content=\"es_ES\" \/>\n<meta property=\"og:type\" content=\"article\" \/>\n<meta property=\"og:title\" content=\"ENCONTRARON MUERTO AL ARGENTINO QUE HAB\u00cdA DESAPARECIDO EN LA SELVA DE BRASIL - Apuntes de San Luis\" \/>\n<meta property=\"og:description\" content=\"Federico Bruni, el joven argentino que era buscado intensamente en una selva de Brasil, fue...\" \/>\n<meta property=\"og:url\" content=\"https:\/\/apuntesdesanluis.com\/index.php\/2025\/02\/01\/encontraron-muerto-al-argentino-que-habia-desaparecido-en-la-selva-de-brasil\/\" \/>\n<meta property=\"og:site_name\" content=\"Apuntes de San Luis\" \/>\n<meta property=\"article:published_time\" content=\"2025-02-01T22:45:38+00:00\" \/>\n<meta property=\"article:modified_time\" content=\"2025-02-01T22:46:16+00:00\" \/>\n<meta property=\"og:image\" content=\"https:\/\/apuntesdesanluis.com\/wp-content\/uploads\/2025\/02\/ARGENTINO.png\" \/>\n\t<meta property=\"og:image:width\" content=\"800\" \/>\n\t<meta property=\"og:image:height\" content=\"496\" \/>\n\t<meta property=\"og:image:type\" content=\"image\/png\" \/>\n<meta name=\"author\" content=\"apuntesdesanluis.com\" \/>\n<meta name=\"twitter:card\" content=\"summary_large_image\" \/>\n<meta name=\"twitter:label1\" content=\"Escrito por\" \/>\n\t<meta name=\"twitter:data1\" content=\"apuntesdesanluis.com\" \/>\n\t<meta name=\"twitter:label2\" content=\"Tiempo de lectura\" \/>\n\t<meta name=\"twitter:data2\" content=\"3 minutos\" \/>\n<script type=\"application\/ld+json\" class=\"yoast-schema-graph\">{\"@context\":\"https:\/\/schema.org\",\"@graph\":[{\"@type\":\"Article\",\"@id\":\"https:\/\/apuntesdesanluis.com\/index.php\/2025\/02\/01\/encontraron-muerto-al-argentino-que-habia-desaparecido-en-la-selva-de-brasil\/#article\",\"isPartOf\":{\"@id\":\"https:\/\/apuntesdesanluis.com\/index.php\/2025\/02\/01\/encontraron-muerto-al-argentino-que-habia-desaparecido-en-la-selva-de-brasil\/\"},\"author\":{\"name\":\"apuntesdesanluis.com\",\"@id\":\"https:\/\/apuntesdesanluis.com\/#\/schema\/person\/b55151d52296fcce64d1a72538a70b90\"},\"headline\":\"ENCONTRARON MUERTO AL ARGENTINO QUE HAB\u00cdA DESAPARECIDO EN LA SELVA DE BRASIL\",\"datePublished\":\"2025-02-01T22:45:38+00:00\",\"dateModified\":\"2025-02-01T22:46:16+00:00\",\"mainEntityOfPage\":{\"@id\":\"https:\/\/apuntesdesanluis.com\/index.php\/2025\/02\/01\/encontraron-muerto-al-argentino-que-habia-desaparecido-en-la-selva-de-brasil\/\"},\"wordCount\":491,\"publisher\":{\"@id\":\"https:\/\/apuntesdesanluis.com\/#\/schema\/person\/b55151d52296fcce64d1a72538a70b90\"},\"image\":{\"@id\":\"https:\/\/apuntesdesanluis.com\/index.php\/2025\/02\/01\/encontraron-muerto-al-argentino-que-habia-desaparecido-en-la-selva-de-brasil\/#primaryimage\"},\"thumbnailUrl\":\"https:\/\/apuntesdesanluis.com\/wp-content\/uploads\/2025\/02\/ARGENTINO.png\",\"articleSection\":[\"Nacionales\/Internacionales\"],\"inLanguage\":\"es-AR\"},{\"@type\":\"WebPage\",\"@id\":\"https:\/\/apuntesdesanluis.com\/index.php\/2025\/02\/01\/encontraron-muerto-al-argentino-que-habia-desaparecido-en-la-selva-de-brasil\/\",\"url\":\"https:\/\/apuntesdesanluis.com\/index.php\/2025\/02\/01\/encontraron-muerto-al-argentino-que-habia-desaparecido-en-la-selva-de-brasil\/\",\"name\":\"ENCONTRARON MUERTO AL ARGENTINO QUE HAB\u00cdA DESAPARECIDO EN LA SELVA DE BRASIL - Apuntes de San Luis\",\"isPartOf\":{\"@id\":\"https:\/\/apuntesdesanluis.com\/#website\"},\"primaryImageOfPage\":{\"@id\":\"https:\/\/apuntesdesanluis.com\/index.php\/2025\/02\/01\/encontraron-muerto-al-argentino-que-habia-desaparecido-en-la-selva-de-brasil\/#primaryimage\"},\"image\":{\"@id\":\"https:\/\/apuntesdesanluis.com\/index.php\/2025\/02\/01\/encontraron-muerto-al-argentino-que-habia-desaparecido-en-la-selva-de-brasil\/#primaryimage\"},\"thumbnailUrl\":\"https:\/\/apuntesdesanluis.com\/wp-content\/uploads\/2025\/02\/ARGENTINO.png\",\"datePublished\":\"2025-02-01T22:45:38+00:00\",\"dateModified\":\"2025-02-01T22:46:16+00:00\",\"breadcrumb\":{\"@id\":\"https:\/\/apuntesdesanluis.com\/index.php\/2025\/02\/01\/encontraron-muerto-al-argentino-que-habia-desaparecido-en-la-selva-de-brasil\/#breadcrumb\"},\"inLanguage\":\"es-AR\",\"potentialAction\":[{\"@type\":\"ReadAction\",\"target\":[\"https:\/\/apuntesdesanluis.com\/index.php\/2025\/02\/01\/encontraron-muerto-al-argentino-que-habia-desaparecido-en-la-selva-de-brasil\/\"]}]},{\"@type\":\"ImageObject\",\"inLanguage\":\"es-AR\",\"@id\":\"https:\/\/apuntesdesanluis.com\/index.php\/2025\/02\/01\/encontraron-muerto-al-argentino-que-habia-desaparecido-en-la-selva-de-brasil\/#primaryimage\",\"url\":\"https:\/\/apuntesdesanluis.com\/wp-content\/uploads\/2025\/02\/ARGENTINO.png\",\"contentUrl\":\"https:\/\/apuntesdesanluis.com\/wp-content\/uploads\/2025\/02\/ARGENTINO.png\",\"width\":800,\"height\":496},{\"@type\":\"BreadcrumbList\",\"@id\":\"https:\/\/apuntesdesanluis.com\/index.php\/2025\/02\/01\/encontraron-muerto-al-argentino-que-habia-desaparecido-en-la-selva-de-brasil\/#breadcrumb\",\"itemListElement\":[{\"@type\":\"ListItem\",\"position\":1,\"name\":\"Inicio\",\"item\":\"https:\/\/apuntesdesanluis.com\/\"},{\"@type\":\"ListItem\",\"position\":2,\"name\":\"ENCONTRARON MUERTO AL ARGENTINO QUE HAB\u00cdA DESAPARECIDO EN LA SELVA DE BRASIL\"}]},{\"@type\":\"WebSite\",\"@id\":\"https:\/\/apuntesdesanluis.com\/#website\",\"url\":\"https:\/\/apuntesdesanluis.com\/\",\"name\":\"Apuntes de San Luis\",\"description\":\"\",\"publisher\":{\"@id\":\"https:\/\/apuntesdesanluis.com\/#\/schema\/person\/b55151d52296fcce64d1a72538a70b90\"},\"potentialAction\":[{\"@type\":\"SearchAction\",\"target\":{\"@type\":\"EntryPoint\",\"urlTemplate\":\"https:\/\/apuntesdesanluis.com\/?s={search_term_string}\"},\"query-input\":{\"@type\":\"PropertyValueSpecification\",\"valueRequired\":true,\"valueName\":\"search_term_string\"}}],\"inLanguage\":\"es-AR\"},{\"@type\":[\"Person\",\"Organization\"],\"@id\":\"https:\/\/apuntesdesanluis.com\/#\/schema\/person\/b55151d52296fcce64d1a72538a70b90\",\"name\":\"apuntesdesanluis.com\",\"image\":{\"@type\":\"ImageObject\",\"inLanguage\":\"es-AR\",\"@id\":\"https:\/\/apuntesdesanluis.com\/#\/schema\/person\/image\/\",\"url\":\"https:\/\/apuntesdesanluis.com\/wp-content\/uploads\/2023\/07\/cropped-apuntesdesanluis.png\",\"contentUrl\":\"https:\/\/apuntesdesanluis.com\/wp-content\/uploads\/2023\/07\/cropped-apuntesdesanluis.png\",\"width\":450,\"height\":112,\"caption\":\"apuntesdesanluis.com\"},\"logo\":{\"@id\":\"https:\/\/apuntesdesanluis.com\/#\/schema\/person\/image\/\"},\"sameAs\":[\"https:\/\/apuntesdesanluis.com\"],\"url\":\"https:\/\/apuntesdesanluis.com\/index.php\/author\/apuntesdesanluis-com\/\"}]}<\/script>\n<!-- \/ Yoast SEO plugin. -->","yoast_head_json":{"title":"ENCONTRARON MUERTO AL ARGENTINO QUE HAB\u00cdA DESAPARECIDO EN LA SELVA DE BRASIL - Apuntes de San Luis","robots":{"index":"index","follow":"follow","max-snippet":"max-snippet:-1","max-image-preview":"max-image-preview:large","max-video-preview":"max-video-preview:-1"},"canonical":"https:\/\/apuntesdesanluis.com\/index.php\/2025\/02\/01\/encontraron-muerto-al-argentino-que-habia-desaparecido-en-la-selva-de-brasil\/","og_locale":"es_ES","og_type":"article","og_title":"ENCONTRARON MUERTO AL ARGENTINO QUE HAB\u00cdA DESAPARECIDO EN LA SELVA DE BRASIL - Apuntes de San Luis","og_description":"Federico Bruni, el joven argentino que era buscado intensamente en una selva de Brasil, fue...","og_url":"https:\/\/apuntesdesanluis.com\/index.php\/2025\/02\/01\/encontraron-muerto-al-argentino-que-habia-desaparecido-en-la-selva-de-brasil\/","og_site_name":"Apuntes de San Luis","article_published_time":"2025-02-01T22:45:38+00:00","article_modified_time":"2025-02-01T22:46:16+00:00","og_image":[{"width":800,"height":496,"url":"https:\/\/apuntesdesanluis.com\/wp-content\/uploads\/2025\/02\/ARGENTINO.png","type":"image\/png"}],"author":"apuntesdesanluis.com","twitter_card":"summary_large_image","twitter_misc":{"Escrito por":"apuntesdesanluis.com","Tiempo de lectura":"3 minutos"},"schema":{"@context":"https:\/\/schema.org","@graph":[{"@type":"Article","@id":"https:\/\/apuntesdesanluis.com\/index.php\/2025\/02\/01\/encontraron-muerto-al-argentino-que-habia-desaparecido-en-la-selva-de-brasil\/#article","isPartOf":{"@id":"https:\/\/apuntesdesanluis.com\/index.php\/2025\/02\/01\/encontraron-muerto-al-argentino-que-habia-desaparecido-en-la-selva-de-brasil\/"},"author":{"name":"apuntesdesanluis.com","@id":"https:\/\/apuntesdesanluis.com\/#\/schema\/person\/b55151d52296fcce64d1a72538a70b90"},"headline":"ENCONTRARON MUERTO AL ARGENTINO QUE HAB\u00cdA DESAPARECIDO EN LA SELVA DE BRASIL","datePublished":"2025-02-01T22:45:38+00:00","dateModified":"2025-02-01T22:46:16+00:00","mainEntityOfPage":{"@id":"https:\/\/apuntesdesanluis.com\/index.php\/2025\/02\/01\/encontraron-muerto-al-argentino-que-habia-desaparecido-en-la-selva-de-brasil\/"},"wordCount":491,"publisher":{"@id":"https:\/\/apuntesdesanluis.com\/#\/schema\/person\/b55151d52296fcce64d1a72538a70b90"},"image":{"@id":"https:\/\/apuntesdesanluis.com\/index.php\/2025\/02\/01\/encontraron-muerto-al-argentino-que-habia-desaparecido-en-la-selva-de-brasil\/#primaryimage"},"thumbnailUrl":"https:\/\/apuntesdesanluis.com\/wp-content\/uploads\/2025\/02\/ARGENTINO.png","articleSection":["Nacionales\/Internacionales"],"inLanguage":"es-AR"},{"@type":"WebPage","@id":"https:\/\/apuntesdesanluis.com\/index.php\/2025\/02\/01\/encontraron-muerto-al-argentino-que-habia-desaparecido-en-la-selva-de-brasil\/","url":"https:\/\/apuntesdesanluis.com\/index.php\/2025\/02\/01\/encontraron-muerto-al-argentino-que-habia-desaparecido-en-la-selva-de-brasil\/","name":"ENCONTRARON MUERTO AL ARGENTINO QUE HAB\u00cdA DESAPARECIDO EN LA SELVA DE BRASIL - Apuntes de San Luis","isPartOf":{"@id":"https:\/\/apuntesdesanluis.com\/#website"},"primaryImageOfPage":{"@id":"https:\/\/apuntesdesanluis.com\/index.php\/2025\/02\/01\/encontraron-muerto-al-argentino-que-habia-desaparecido-en-la-selva-de-brasil\/#primaryimage"},"image":{"@id":"https:\/\/apuntesdesanluis.com\/index.php\/2025\/02\/01\/encontraron-muerto-al-argentino-que-habia-desaparecido-en-la-selva-de-brasil\/#primaryimage"},"thumbnailUrl":"https:\/\/apuntesdesanluis.com\/wp-content\/uploads\/2025\/02\/ARGENTINO.png","datePublished":"2025-02-01T22:45:38+00:00","dateModified":"2025-02-01T22:46:16+00:00","breadcrumb":{"@id":"https:\/\/apuntesdesanluis.com\/index.php\/2025\/02\/01\/encontraron-muerto-al-argentino-que-habia-desaparecido-en-la-selva-de-brasil\/#breadcrumb"},"inLanguage":"es-AR","potentialAction":[{"@type":"ReadAction","target":["https:\/\/apuntesdesanluis.com\/index.php\/2025\/02\/01\/encontraron-muerto-al-argentino-que-habia-desaparecido-en-la-selva-de-brasil\/"]}]},{"@type":"ImageObject","inLanguage":"es-AR","@id":"https:\/\/apuntesdesanluis.com\/index.php\/2025\/02\/01\/encontraron-muerto-al-argentino-que-habia-desaparecido-en-la-selva-de-brasil\/#primaryimage","url":"https:\/\/apuntesdesanluis.com\/wp-content\/uploads\/2025\/02\/ARGENTINO.png","contentUrl":"https:\/\/apuntesdesanluis.com\/wp-content\/uploads\/2025\/02\/ARGENTINO.png","width":800,"height":496},{"@type":"BreadcrumbList","@id":"https:\/\/apuntesdesanluis.com\/index.php\/2025\/02\/01\/encontraron-muerto-al-argentino-que-habia-desaparecido-en-la-selva-de-brasil\/#breadcrumb","itemListElement":[{"@type":"ListItem","position":1,"name":"Inicio","item":"https:\/\/apuntesdesanluis.com\/"},{"@type":"ListItem","position":2,"name":"ENCONTRARON MUERTO AL ARGENTINO QUE HAB\u00cdA DESAPARECIDO EN LA SELVA DE BRASIL"}]},{"@type":"WebSite","@id":"https:\/\/apuntesdesanluis.com\/#website","url":"https:\/\/apuntesdesanluis.com\/","name":"Apuntes de San Luis","description":"","publisher":{"@id":"https:\/\/apuntesdesanluis.com\/#\/schema\/person\/b55151d52296fcce64d1a72538a70b90"},"potentialAction":[{"@type":"SearchAction","target":{"@type":"EntryPoint","urlTemplate":"https:\/\/apuntesdesanluis.com\/?s={search_term_string}"},"query-input":{"@type":"PropertyValueSpecification","valueRequired":true,"valueName":"search_term_string"}}],"inLanguage":"es-AR"},{"@type":["Person","Organization"],"@id":"https:\/\/apuntesdesanluis.com\/#\/schema\/person\/b55151d52296fcce64d1a72538a70b90","name":"apuntesdesanluis.com","image":{"@type":"ImageObject","inLanguage":"es-AR","@id":"https:\/\/apuntesdesanluis.com\/#\/schema\/person\/image\/","url":"https:\/\/apuntesdesanluis.com\/wp-content\/uploads\/2023\/07\/cropped-apuntesdesanluis.png","contentUrl":"https:\/\/apuntesdesanluis.com\/wp-content\/uploads\/2023\/07\/cropped-apuntesdesanluis.png","width":450,"height":112,"caption":"apuntesdesanluis.com"},"logo":{"@id":"https:\/\/apuntesdesanluis.com\/#\/schema\/person\/image\/"},"sameAs":["https:\/\/apuntesdesanluis.com"],"url":"https:\/\/apuntesdesanluis.com\/index.php\/author\/apuntesdesanluis-com\/"}]}},"featured_image_urls":{"full":["https:\/\/apuntesdesanluis.com\/wp-content\/uploads\/2025\/02\/ARGENTINO.png",800,496,false],"thumbnail":["https:\/\/apuntesdesanluis.com\/wp-content\/uploads\/2025\/02\/ARGENTINO-150x150.png",150,150,true],"medium":["https:\/\/apuntesdesanluis.com\/wp-content\/uploads\/2025\/02\/ARGENTINO-300x186.png",300,186,true],"medium_large":["https:\/\/apuntesdesanluis.com\/wp-content\/uploads\/2025\/02\/ARGENTINO-768x476.png",640,397,true],"large":["https:\/\/apuntesdesanluis.com\/wp-content\/uploads\/2025\/02\/ARGENTINO.png",640,397,false],"1536x1536":["https:\/\/apuntesdesanluis.com\/wp-content\/uploads\/2025\/02\/ARGENTINO.png",800,496,false],"2048x2048":["https:\/\/apuntesdesanluis.com\/wp-content\/uploads\/2025\/02\/ARGENTINO.png",800,496,false],"newsever-slider-full":["https:\/\/apuntesdesanluis.com\/wp-content\/uploads\/2025\/02\/ARGENTINO.png",800,496,false],"newsever-featured":["https:\/\/apuntesdesanluis.com\/wp-content\/uploads\/2025\/02\/ARGENTINO.png",800,496,false],"newsever-medium":["https:\/\/apuntesdesanluis.com\/wp-content\/uploads\/2025\/02\/ARGENTINO-720x475.png",720,475,true]},"author_info":{"display_name":"apuntesdesanluis.com","author_link":"https:\/\/apuntesdesanluis.com\/index.php\/author\/apuntesdesanluis-com\/"},"category_info":"<a href=\"https:\/\/apuntesdesanluis.com\/index.php\/category\/nacionales-internacionales\/\" rel=\"category tag\">Nacionales\/Internacionales<\/a>","tag_info":"Nacionales\/Internacionales","comment_count":"0","_links":{"self":[{"href":"https:\/\/apuntesdesanluis.com\/index.php\/wp-json\/wp\/v2\/posts\/28546","targetHints":{"allow":["GET"]}}],"collection":[{"href":"https:\/\/apuntesdesanluis.com\/index.php\/wp-json\/wp\/v2\/posts"}],"about":[{"href":"https:\/\/apuntesdesanluis.com\/index.php\/wp-json\/wp\/v2\/types\/post"}],"author":[{"embeddable":true,"href":"https:\/\/apuntesdesanluis.com\/index.php\/wp-json\/wp\/v2\/users\/1"}],"replies":[{"embeddable":true,"href":"https:\/\/apuntesdesanluis.com\/index.php\/wp-json\/wp\/v2\/comments?post=28546"}],"version-history":[{"count":3,"href":"https:\/\/apuntesdesanluis.com\/index.php\/wp-json\/wp\/v2\/posts\/28546\/revisions"}],"predecessor-version":[{"id":28552,"href":"https:\/\/apuntesdesanluis.com\/index.php\/wp-json\/wp\/v2\/posts\/28546\/revisions\/28552"}],"wp:featuredmedia":[{"embeddable":true,"href":"https:\/\/apuntesdesanluis.com\/index.php\/wp-json\/wp\/v2\/media\/28547"}],"wp:attachment":[{"href":"https:\/\/apuntesdesanluis.com\/index.php\/wp-json\/wp\/v2\/media?parent=28546"}],"wp:term":[{"taxonomy":"category","embeddable":true,"href":"https:\/\/apuntesdesanluis.com\/index.php\/wp-json\/wp\/v2\/categories?post=28546"},{"taxonomy":"post_tag","embeddable":true,"href":"https:\/\/apuntesdesanluis.com\/index.php\/wp-json\/wp\/v2\/tags?post=28546"}],"curies":[{"name":"wp","href":"https:\/\/api.w.org\/{rel}","templated":true}]}}