{"id":28553,"date":"2025-02-01T20:04:46","date_gmt":"2025-02-01T23:04:46","guid":{"rendered":"https:\/\/apuntesdesanluis.com\/?p=28553"},"modified":"2025-02-01T20:06:40","modified_gmt":"2025-02-01T23:06:40","slug":"la-comisaria-28-comenzara-a-funcionar-en-el-polideportivo-municipal-de-la-punta","status":"publish","type":"post","link":"https:\/\/apuntesdesanluis.com\/index.php\/2025\/02\/01\/la-comisaria-28-comenzara-a-funcionar-en-el-polideportivo-municipal-de-la-punta\/","title":{"rendered":"LA COMISAR\u00cdA 28 COMENZAR\u00c1 A FUNCIONAR EN EL POLIDEPORTIVO MUNICIPAL DE LA PUNTA"},"content":{"rendered":"<h3>En una acci\u00f3n colaborativa de la Municipalidad con la comunidad y la fuerza policial, la Comisar\u00eda N\u00b0 28 de la ciudad de La Punta comenzar\u00e1 a funcionar temporalmente en el predio del Polideportivo Municipal \u201cManuel Garc\u00eda Ferr\u00e9\u201d.<\/h3>\n<h3>\u201cEsto ser\u00e1 por espacio de aproximadamente 60 d\u00edas, debido a que el edificio que se encuentra en Avenida Serrana ser\u00e1 remodelado. La Comisar\u00eda estar\u00e1 funcionando m\u00e1s precisamente en la oficina de la Direcci\u00f3n de Prensa y Comunicaci\u00f3n\u201d, se\u00f1al\u00f3 el intendente de La Punta, <strong>Luciano Ayala<\/strong>.<\/h3>\n<p><img fetchpriority=\"high\" decoding=\"async\" class=\"wp-image-28555 aligncenter\" src=\"https:\/\/apuntesdesanluis.com\/wp-content\/uploads\/2025\/02\/AYALA-LUCIANO-300x180.png\" alt=\"\" width=\"585\" height=\"351\" srcset=\"https:\/\/apuntesdesanluis.com\/wp-content\/uploads\/2025\/02\/AYALA-LUCIANO-300x180.png 300w, https:\/\/apuntesdesanluis.com\/wp-content\/uploads\/2025\/02\/AYALA-LUCIANO-768x461.png 768w, https:\/\/apuntesdesanluis.com\/wp-content\/uploads\/2025\/02\/AYALA-LUCIANO.png 817w\" sizes=\"(max-width: 585px) 100vw, 585px\" \/><\/p>\n<h3>El funcionario junto al Jefe de Gabinete, Gabriel Messina, recibieron al Comisario Inspector Juan Eduardo Pencin y a la Comisario Nancy Ben\u00edtez, para oficializar la prestaci\u00f3n del espacio.<\/h3>\n<h3><strong>INSCRIPCI\u00d3N A TALLER<\/strong><\/h3>\n<h3>Por otro lado, la Municipalidad de La Punta inform\u00f3 que ya se encuentran disponibles las inscripciones para el <strong>Taller Multidisciplinario Municipal DanZares.<\/strong><\/h3>\n<p><img decoding=\"async\" class=\"wp-image-28556 aligncenter\" src=\"https:\/\/apuntesdesanluis.com\/wp-content\/uploads\/2025\/02\/TALLER-EN-LA-PUNTA-300x294.png\" alt=\"\" width=\"561\" height=\"550\" srcset=\"https:\/\/apuntesdesanluis.com\/wp-content\/uploads\/2025\/02\/TALLER-EN-LA-PUNTA-300x294.png 300w, https:\/\/apuntesdesanluis.com\/wp-content\/uploads\/2025\/02\/TALLER-EN-LA-PUNTA.png 655w\" sizes=\"(max-width: 561px) 100vw, 561px\" \/><\/p>\n<h3>El casting se va a realizar en el SUM de la UOCRA los d\u00edas 7 y 8 de febrero.<\/h3>\n<h3>Para anotarse, hacer click en el siguiente <span style=\"color: #3366ff;\"><strong><a style=\"color: #3366ff;\" href=\"https:\/\/docs.google.com\/forms\/d\/e\/1FAIpQLSccwp4WKBL7h_PAcC0kWspjHAZJX62avSxcdeCtr-dn0BAXWg\/viewform?fbclid=IwY2xjawILhvlleHRuA2FlbQIxMAABHcUoD9VDV8FOGb7tBjJYDFKfgN9yDHeQu4INTwxRS6_mucgD30ru9YB0aw_aem_PDi7QAEM2iJWZF_tdo3r2w\" target=\"_blank\" rel=\"noopener\">FORMULARIO<\/a><\/strong><\/span><\/h3>\n<p>&nbsp;<\/p>\n<p>&nbsp;<\/p>\n<p>&nbsp;<\/p>\n<h3><\/h3>\n<h3><\/h3>\n<p>&nbsp;<\/p>\n","protected":false},"excerpt":{"rendered":"<p>En una acci\u00f3n colaborativa de la Municipalidad con la comunidad y la fuerza policial, la&#8230;<\/p>\n","protected":false},"author":1,"featured_media":28554,"comment_status":"closed","ping_status":"closed","sticky":false,"template":"","format":"standard","meta":{"footnotes":""},"categories":[6],"tags":[],"class_list":["post-28553","post","type-post","status-publish","format-standard","has-post-thumbnail","hentry","category-ciudad-provincia"],"yoast_head":"<!-- This site is optimized with the Yoast SEO plugin v26.1.1 - https:\/\/yoast.com\/wordpress\/plugins\/seo\/ -->\n<title>LA COMISAR\u00cdA 28 COMENZAR\u00c1 A FUNCIONAR EN EL POLIDEPORTIVO MUNICIPAL DE LA PUNTA - Apuntes de San Luis<\/title>\n<meta name=\"robots\" content=\"index, follow, max-snippet:-1, max-image-preview:large, max-video-preview:-1\" \/>\n<link rel=\"canonical\" href=\"https:\/\/apuntesdesanluis.com\/index.php\/2025\/02\/01\/la-comisaria-28-comenzara-a-funcionar-en-el-polideportivo-municipal-de-la-punta\/\" \/>\n<meta property=\"og:locale\" content=\"es_ES\" \/>\n<meta property=\"og:type\" content=\"article\" \/>\n<meta property=\"og:title\" content=\"LA COMISAR\u00cdA 28 COMENZAR\u00c1 A FUNCIONAR EN EL POLIDEPORTIVO MUNICIPAL DE LA PUNTA - Apuntes de San Luis\" \/>\n<meta property=\"og:description\" content=\"En una acci\u00f3n colaborativa de la Municipalidad con la comunidad y la fuerza policial, la...\" \/>\n<meta property=\"og:url\" content=\"https:\/\/apuntesdesanluis.com\/index.php\/2025\/02\/01\/la-comisaria-28-comenzara-a-funcionar-en-el-polideportivo-municipal-de-la-punta\/\" \/>\n<meta property=\"og:site_name\" content=\"Apuntes de San Luis\" \/>\n<meta property=\"article:published_time\" content=\"2025-02-01T23:04:46+00:00\" \/>\n<meta property=\"article:modified_time\" content=\"2025-02-01T23:06:40+00:00\" \/>\n<meta property=\"og:image\" content=\"https:\/\/apuntesdesanluis.com\/wp-content\/uploads\/2025\/02\/LUCIANO-AYALA.png\" \/>\n\t<meta property=\"og:image:width\" content=\"800\" \/>\n\t<meta property=\"og:image:height\" content=\"488\" \/>\n\t<meta property=\"og:image:type\" content=\"image\/png\" \/>\n<meta name=\"author\" content=\"apuntesdesanluis.com\" \/>\n<meta name=\"twitter:card\" content=\"summary_large_image\" \/>\n<meta name=\"twitter:label1\" content=\"Escrito por\" \/>\n\t<meta name=\"twitter:data1\" content=\"apuntesdesanluis.com\" \/>\n\t<meta name=\"twitter:label2\" content=\"Tiempo de lectura\" \/>\n\t<meta name=\"twitter:data2\" content=\"2 minutos\" \/>\n<script type=\"application\/ld+json\" class=\"yoast-schema-graph\">{\"@context\":\"https:\/\/schema.org\",\"@graph\":[{\"@type\":\"Article\",\"@id\":\"https:\/\/apuntesdesanluis.com\/index.php\/2025\/02\/01\/la-comisaria-28-comenzara-a-funcionar-en-el-polideportivo-municipal-de-la-punta\/#article\",\"isPartOf\":{\"@id\":\"https:\/\/apuntesdesanluis.com\/index.php\/2025\/02\/01\/la-comisaria-28-comenzara-a-funcionar-en-el-polideportivo-municipal-de-la-punta\/\"},\"author\":{\"name\":\"apuntesdesanluis.com\",\"@id\":\"https:\/\/apuntesdesanluis.com\/#\/schema\/person\/b55151d52296fcce64d1a72538a70b90\"},\"headline\":\"LA COMISAR\u00cdA 28 COMENZAR\u00c1 A FUNCIONAR EN EL POLIDEPORTIVO MUNICIPAL DE LA PUNTA\",\"datePublished\":\"2025-02-01T23:04:46+00:00\",\"dateModified\":\"2025-02-01T23:06:40+00:00\",\"mainEntityOfPage\":{\"@id\":\"https:\/\/apuntesdesanluis.com\/index.php\/2025\/02\/01\/la-comisaria-28-comenzara-a-funcionar-en-el-polideportivo-municipal-de-la-punta\/\"},\"wordCount\":188,\"publisher\":{\"@id\":\"https:\/\/apuntesdesanluis.com\/#\/schema\/person\/b55151d52296fcce64d1a72538a70b90\"},\"image\":{\"@id\":\"https:\/\/apuntesdesanluis.com\/index.php\/2025\/02\/01\/la-comisaria-28-comenzara-a-funcionar-en-el-polideportivo-municipal-de-la-punta\/#primaryimage\"},\"thumbnailUrl\":\"https:\/\/apuntesdesanluis.com\/wp-content\/uploads\/2025\/02\/LUCIANO-AYALA.png\",\"articleSection\":[\"Ciudad\/Provincia\"],\"inLanguage\":\"es-AR\"},{\"@type\":\"WebPage\",\"@id\":\"https:\/\/apuntesdesanluis.com\/index.php\/2025\/02\/01\/la-comisaria-28-comenzara-a-funcionar-en-el-polideportivo-municipal-de-la-punta\/\",\"url\":\"https:\/\/apuntesdesanluis.com\/index.php\/2025\/02\/01\/la-comisaria-28-comenzara-a-funcionar-en-el-polideportivo-municipal-de-la-punta\/\",\"name\":\"LA COMISAR\u00cdA 28 COMENZAR\u00c1 A FUNCIONAR EN EL POLIDEPORTIVO MUNICIPAL DE LA PUNTA - Apuntes de San Luis\",\"isPartOf\":{\"@id\":\"https:\/\/apuntesdesanluis.com\/#website\"},\"primaryImageOfPage\":{\"@id\":\"https:\/\/apuntesdesanluis.com\/index.php\/2025\/02\/01\/la-comisaria-28-comenzara-a-funcionar-en-el-polideportivo-municipal-de-la-punta\/#primaryimage\"},\"image\":{\"@id\":\"https:\/\/apuntesdesanluis.com\/index.php\/2025\/02\/01\/la-comisaria-28-comenzara-a-funcionar-en-el-polideportivo-municipal-de-la-punta\/#primaryimage\"},\"thumbnailUrl\":\"https:\/\/apuntesdesanluis.com\/wp-content\/uploads\/2025\/02\/LUCIANO-AYALA.png\",\"datePublished\":\"2025-02-01T23:04:46+00:00\",\"dateModified\":\"2025-02-01T23:06:40+00:00\",\"breadcrumb\":{\"@id\":\"https:\/\/apuntesdesanluis.com\/index.php\/2025\/02\/01\/la-comisaria-28-comenzara-a-funcionar-en-el-polideportivo-municipal-de-la-punta\/#breadcrumb\"},\"inLanguage\":\"es-AR\",\"potentialAction\":[{\"@type\":\"ReadAction\",\"target\":[\"https:\/\/apuntesdesanluis.com\/index.php\/2025\/02\/01\/la-comisaria-28-comenzara-a-funcionar-en-el-polideportivo-municipal-de-la-punta\/\"]}]},{\"@type\":\"ImageObject\",\"inLanguage\":\"es-AR\",\"@id\":\"https:\/\/apuntesdesanluis.com\/index.php\/2025\/02\/01\/la-comisaria-28-comenzara-a-funcionar-en-el-polideportivo-municipal-de-la-punta\/#primaryimage\",\"url\":\"https:\/\/apuntesdesanluis.com\/wp-content\/uploads\/2025\/02\/LUCIANO-AYALA.png\",\"contentUrl\":\"https:\/\/apuntesdesanluis.com\/wp-content\/uploads\/2025\/02\/LUCIANO-AYALA.png\",\"width\":800,\"height\":488},{\"@type\":\"BreadcrumbList\",\"@id\":\"https:\/\/apuntesdesanluis.com\/index.php\/2025\/02\/01\/la-comisaria-28-comenzara-a-funcionar-en-el-polideportivo-municipal-de-la-punta\/#breadcrumb\",\"itemListElement\":[{\"@type\":\"ListItem\",\"position\":1,\"name\":\"Inicio\",\"item\":\"https:\/\/apuntesdesanluis.com\/\"},{\"@type\":\"ListItem\",\"position\":2,\"name\":\"LA COMISAR\u00cdA 28 COMENZAR\u00c1 A FUNCIONAR EN EL POLIDEPORTIVO MUNICIPAL DE LA PUNTA\"}]},{\"@type\":\"WebSite\",\"@id\":\"https:\/\/apuntesdesanluis.com\/#website\",\"url\":\"https:\/\/apuntesdesanluis.com\/\",\"name\":\"Apuntes de San Luis\",\"description\":\"\",\"publisher\":{\"@id\":\"https:\/\/apuntesdesanluis.com\/#\/schema\/person\/b55151d52296fcce64d1a72538a70b90\"},\"potentialAction\":[{\"@type\":\"SearchAction\",\"target\":{\"@type\":\"EntryPoint\",\"urlTemplate\":\"https:\/\/apuntesdesanluis.com\/?s={search_term_string}\"},\"query-input\":{\"@type\":\"PropertyValueSpecification\",\"valueRequired\":true,\"valueName\":\"search_term_string\"}}],\"inLanguage\":\"es-AR\"},{\"@type\":[\"Person\",\"Organization\"],\"@id\":\"https:\/\/apuntesdesanluis.com\/#\/schema\/person\/b55151d52296fcce64d1a72538a70b90\",\"name\":\"apuntesdesanluis.com\",\"image\":{\"@type\":\"ImageObject\",\"inLanguage\":\"es-AR\",\"@id\":\"https:\/\/apuntesdesanluis.com\/#\/schema\/person\/image\/\",\"url\":\"https:\/\/apuntesdesanluis.com\/wp-content\/uploads\/2023\/07\/cropped-apuntesdesanluis.png\",\"contentUrl\":\"https:\/\/apuntesdesanluis.com\/wp-content\/uploads\/2023\/07\/cropped-apuntesdesanluis.png\",\"width\":450,\"height\":112,\"caption\":\"apuntesdesanluis.com\"},\"logo\":{\"@id\":\"https:\/\/apuntesdesanluis.com\/#\/schema\/person\/image\/\"},\"sameAs\":[\"https:\/\/apuntesdesanluis.com\"],\"url\":\"https:\/\/apuntesdesanluis.com\/index.php\/author\/apuntesdesanluis-com\/\"}]}<\/script>\n<!-- \/ Yoast SEO plugin. -->","yoast_head_json":{"title":"LA COMISAR\u00cdA 28 COMENZAR\u00c1 A FUNCIONAR EN EL POLIDEPORTIVO MUNICIPAL DE LA PUNTA - Apuntes de San Luis","robots":{"index":"index","follow":"follow","max-snippet":"max-snippet:-1","max-image-preview":"max-image-preview:large","max-video-preview":"max-video-preview:-1"},"canonical":"https:\/\/apuntesdesanluis.com\/index.php\/2025\/02\/01\/la-comisaria-28-comenzara-a-funcionar-en-el-polideportivo-municipal-de-la-punta\/","og_locale":"es_ES","og_type":"article","og_title":"LA COMISAR\u00cdA 28 COMENZAR\u00c1 A FUNCIONAR EN EL POLIDEPORTIVO MUNICIPAL DE LA PUNTA - Apuntes de San Luis","og_description":"En una acci\u00f3n colaborativa de la Municipalidad con la comunidad y la fuerza policial, la...","og_url":"https:\/\/apuntesdesanluis.com\/index.php\/2025\/02\/01\/la-comisaria-28-comenzara-a-funcionar-en-el-polideportivo-municipal-de-la-punta\/","og_site_name":"Apuntes de San Luis","article_published_time":"2025-02-01T23:04:46+00:00","article_modified_time":"2025-02-01T23:06:40+00:00","og_image":[{"width":800,"height":488,"url":"https:\/\/apuntesdesanluis.com\/wp-content\/uploads\/2025\/02\/LUCIANO-AYALA.png","type":"image\/png"}],"author":"apuntesdesanluis.com","twitter_card":"summary_large_image","twitter_misc":{"Escrito por":"apuntesdesanluis.com","Tiempo de lectura":"2 minutos"},"schema":{"@context":"https:\/\/schema.org","@graph":[{"@type":"Article","@id":"https:\/\/apuntesdesanluis.com\/index.php\/2025\/02\/01\/la-comisaria-28-comenzara-a-funcionar-en-el-polideportivo-municipal-de-la-punta\/#article","isPartOf":{"@id":"https:\/\/apuntesdesanluis.com\/index.php\/2025\/02\/01\/la-comisaria-28-comenzara-a-funcionar-en-el-polideportivo-municipal-de-la-punta\/"},"author":{"name":"apuntesdesanluis.com","@id":"https:\/\/apuntesdesanluis.com\/#\/schema\/person\/b55151d52296fcce64d1a72538a70b90"},"headline":"LA COMISAR\u00cdA 28 COMENZAR\u00c1 A FUNCIONAR EN EL POLIDEPORTIVO MUNICIPAL DE LA PUNTA","datePublished":"2025-02-01T23:04:46+00:00","dateModified":"2025-02-01T23:06:40+00:00","mainEntityOfPage":{"@id":"https:\/\/apuntesdesanluis.com\/index.php\/2025\/02\/01\/la-comisaria-28-comenzara-a-funcionar-en-el-polideportivo-municipal-de-la-punta\/"},"wordCount":188,"publisher":{"@id":"https:\/\/apuntesdesanluis.com\/#\/schema\/person\/b55151d52296fcce64d1a72538a70b90"},"image":{"@id":"https:\/\/apuntesdesanluis.com\/index.php\/2025\/02\/01\/la-comisaria-28-comenzara-a-funcionar-en-el-polideportivo-municipal-de-la-punta\/#primaryimage"},"thumbnailUrl":"https:\/\/apuntesdesanluis.com\/wp-content\/uploads\/2025\/02\/LUCIANO-AYALA.png","articleSection":["Ciudad\/Provincia"],"inLanguage":"es-AR"},{"@type":"WebPage","@id":"https:\/\/apuntesdesanluis.com\/index.php\/2025\/02\/01\/la-comisaria-28-comenzara-a-funcionar-en-el-polideportivo-municipal-de-la-punta\/","url":"https:\/\/apuntesdesanluis.com\/index.php\/2025\/02\/01\/la-comisaria-28-comenzara-a-funcionar-en-el-polideportivo-municipal-de-la-punta\/","name":"LA COMISAR\u00cdA 28 COMENZAR\u00c1 A FUNCIONAR EN EL POLIDEPORTIVO MUNICIPAL DE LA PUNTA - Apuntes de San Luis","isPartOf":{"@id":"https:\/\/apuntesdesanluis.com\/#website"},"primaryImageOfPage":{"@id":"https:\/\/apuntesdesanluis.com\/index.php\/2025\/02\/01\/la-comisaria-28-comenzara-a-funcionar-en-el-polideportivo-municipal-de-la-punta\/#primaryimage"},"image":{"@id":"https:\/\/apuntesdesanluis.com\/index.php\/2025\/02\/01\/la-comisaria-28-comenzara-a-funcionar-en-el-polideportivo-municipal-de-la-punta\/#primaryimage"},"thumbnailUrl":"https:\/\/apuntesdesanluis.com\/wp-content\/uploads\/2025\/02\/LUCIANO-AYALA.png","datePublished":"2025-02-01T23:04:46+00:00","dateModified":"2025-02-01T23:06:40+00:00","breadcrumb":{"@id":"https:\/\/apuntesdesanluis.com\/index.php\/2025\/02\/01\/la-comisaria-28-comenzara-a-funcionar-en-el-polideportivo-municipal-de-la-punta\/#breadcrumb"},"inLanguage":"es-AR","potentialAction":[{"@type":"ReadAction","target":["https:\/\/apuntesdesanluis.com\/index.php\/2025\/02\/01\/la-comisaria-28-comenzara-a-funcionar-en-el-polideportivo-municipal-de-la-punta\/"]}]},{"@type":"ImageObject","inLanguage":"es-AR","@id":"https:\/\/apuntesdesanluis.com\/index.php\/2025\/02\/01\/la-comisaria-28-comenzara-a-funcionar-en-el-polideportivo-municipal-de-la-punta\/#primaryimage","url":"https:\/\/apuntesdesanluis.com\/wp-content\/uploads\/2025\/02\/LUCIANO-AYALA.png","contentUrl":"https:\/\/apuntesdesanluis.com\/wp-content\/uploads\/2025\/02\/LUCIANO-AYALA.png","width":800,"height":488},{"@type":"BreadcrumbList","@id":"https:\/\/apuntesdesanluis.com\/index.php\/2025\/02\/01\/la-comisaria-28-comenzara-a-funcionar-en-el-polideportivo-municipal-de-la-punta\/#breadcrumb","itemListElement":[{"@type":"ListItem","position":1,"name":"Inicio","item":"https:\/\/apuntesdesanluis.com\/"},{"@type":"ListItem","position":2,"name":"LA COMISAR\u00cdA 28 COMENZAR\u00c1 A FUNCIONAR EN EL POLIDEPORTIVO MUNICIPAL DE LA PUNTA"}]},{"@type":"WebSite","@id":"https:\/\/apuntesdesanluis.com\/#website","url":"https:\/\/apuntesdesanluis.com\/","name":"Apuntes de San Luis","description":"","publisher":{"@id":"https:\/\/apuntesdesanluis.com\/#\/schema\/person\/b55151d52296fcce64d1a72538a70b90"},"potentialAction":[{"@type":"SearchAction","target":{"@type":"EntryPoint","urlTemplate":"https:\/\/apuntesdesanluis.com\/?s={search_term_string}"},"query-input":{"@type":"PropertyValueSpecification","valueRequired":true,"valueName":"search_term_string"}}],"inLanguage":"es-AR"},{"@type":["Person","Organization"],"@id":"https:\/\/apuntesdesanluis.com\/#\/schema\/person\/b55151d52296fcce64d1a72538a70b90","name":"apuntesdesanluis.com","image":{"@type":"ImageObject","inLanguage":"es-AR","@id":"https:\/\/apuntesdesanluis.com\/#\/schema\/person\/image\/","url":"https:\/\/apuntesdesanluis.com\/wp-content\/uploads\/2023\/07\/cropped-apuntesdesanluis.png","contentUrl":"https:\/\/apuntesdesanluis.com\/wp-content\/uploads\/2023\/07\/cropped-apuntesdesanluis.png","width":450,"height":112,"caption":"apuntesdesanluis.com"},"logo":{"@id":"https:\/\/apuntesdesanluis.com\/#\/schema\/person\/image\/"},"sameAs":["https:\/\/apuntesdesanluis.com"],"url":"https:\/\/apuntesdesanluis.com\/index.php\/author\/apuntesdesanluis-com\/"}]}},"featured_image_urls":{"full":["https:\/\/apuntesdesanluis.com\/wp-content\/uploads\/2025\/02\/LUCIANO-AYALA.png",800,488,false],"thumbnail":["https:\/\/apuntesdesanluis.com\/wp-content\/uploads\/2025\/02\/LUCIANO-AYALA-150x150.png",150,150,true],"medium":["https:\/\/apuntesdesanluis.com\/wp-content\/uploads\/2025\/02\/LUCIANO-AYALA-300x183.png",300,183,true],"medium_large":["https:\/\/apuntesdesanluis.com\/wp-content\/uploads\/2025\/02\/LUCIANO-AYALA-768x468.png",640,390,true],"large":["https:\/\/apuntesdesanluis.com\/wp-content\/uploads\/2025\/02\/LUCIANO-AYALA.png",640,390,false],"1536x1536":["https:\/\/apuntesdesanluis.com\/wp-content\/uploads\/2025\/02\/LUCIANO-AYALA.png",800,488,false],"2048x2048":["https:\/\/apuntesdesanluis.com\/wp-content\/uploads\/2025\/02\/LUCIANO-AYALA.png",800,488,false],"newsever-slider-full":["https:\/\/apuntesdesanluis.com\/wp-content\/uploads\/2025\/02\/LUCIANO-AYALA.png",800,488,false],"newsever-featured":["https:\/\/apuntesdesanluis.com\/wp-content\/uploads\/2025\/02\/LUCIANO-AYALA.png",800,488,false],"newsever-medium":["https:\/\/apuntesdesanluis.com\/wp-content\/uploads\/2025\/02\/LUCIANO-AYALA-720x475.png",720,475,true]},"author_info":{"display_name":"apuntesdesanluis.com","author_link":"https:\/\/apuntesdesanluis.com\/index.php\/author\/apuntesdesanluis-com\/"},"category_info":"<a href=\"https:\/\/apuntesdesanluis.com\/index.php\/category\/ciudad-provincia\/\" rel=\"category tag\">Ciudad\/Provincia<\/a>","tag_info":"Ciudad\/Provincia","comment_count":"0","_links":{"self":[{"href":"https:\/\/apuntesdesanluis.com\/index.php\/wp-json\/wp\/v2\/posts\/28553","targetHints":{"allow":["GET"]}}],"collection":[{"href":"https:\/\/apuntesdesanluis.com\/index.php\/wp-json\/wp\/v2\/posts"}],"about":[{"href":"https:\/\/apuntesdesanluis.com\/index.php\/wp-json\/wp\/v2\/types\/post"}],"author":[{"embeddable":true,"href":"https:\/\/apuntesdesanluis.com\/index.php\/wp-json\/wp\/v2\/users\/1"}],"replies":[{"embeddable":true,"href":"https:\/\/apuntesdesanluis.com\/index.php\/wp-json\/wp\/v2\/comments?post=28553"}],"version-history":[{"count":4,"href":"https:\/\/apuntesdesanluis.com\/index.php\/wp-json\/wp\/v2\/posts\/28553\/revisions"}],"predecessor-version":[{"id":28560,"href":"https:\/\/apuntesdesanluis.com\/index.php\/wp-json\/wp\/v2\/posts\/28553\/revisions\/28560"}],"wp:featuredmedia":[{"embeddable":true,"href":"https:\/\/apuntesdesanluis.com\/index.php\/wp-json\/wp\/v2\/media\/28554"}],"wp:attachment":[{"href":"https:\/\/apuntesdesanluis.com\/index.php\/wp-json\/wp\/v2\/media?parent=28553"}],"wp:term":[{"taxonomy":"category","embeddable":true,"href":"https:\/\/apuntesdesanluis.com\/index.php\/wp-json\/wp\/v2\/categories?post=28553"},{"taxonomy":"post_tag","embeddable":true,"href":"https:\/\/apuntesdesanluis.com\/index.php\/wp-json\/wp\/v2\/tags?post=28553"}],"curies":[{"name":"wp","href":"https:\/\/api.w.org\/{rel}","templated":true}]}}