{"id":28574,"date":"2025-02-01T20:54:21","date_gmt":"2025-02-01T23:54:21","guid":{"rendered":"https:\/\/apuntesdesanluis.com\/?p=28574"},"modified":"2025-02-02T20:58:45","modified_gmt":"2025-02-02T23:58:45","slug":"una-multitud-marcho-en-la-provincia-contra-los-discursos-del-odio","status":"publish","type":"post","link":"https:\/\/apuntesdesanluis.com\/index.php\/2025\/02\/01\/una-multitud-marcho-en-la-provincia-contra-los-discursos-del-odio\/","title":{"rendered":"UNA MULTITUD MARCH\u00d3 EN LA PROVINCIA CONTRA LOS DISCURSOS DEL ODIO"},"content":{"rendered":"<h3>Este s\u00e1bado 1 de febrero, miles de personas en la ciudad capital, Luis, Villa Mercedes y Merlo se movilizaron en el marco de la Marcha Federal LGTBIQNB+ Antifascista y Antirracista, en el marco de una convocatoria nacional.<\/h3>\n<h3>La protesta, que reuni\u00f3 a sectores diversos de la sociedad, fue una contundente manifestaci\u00f3n contra el ajuste econ\u00f3mico, los discursos de odio y la discriminaci\u00f3n impulsada por el gobierno de <strong>Javier Milei<\/strong>.<\/h3>\n<h3>En la ciudad capitalina, la marcha comenz\u00f3 en la Plaza Independencia, recorriendo el centro hasta la Catedral, pasando por el Obispado y finalizando en el Correo, donde se ley\u00f3 un documento que condens\u00f3 los reclamos de los participantes. El manifiesto destac\u00f3 la necesidad de construir unidad entre todos los sectores afectados por las pol\u00edticas del gobierno, citando las luchas hist\u00f3ricas por la memoria, la verdad y la justicia, as\u00ed como la defensa de los derechos de la comunidad LGTBIQ+.<\/h3>\n<p><img fetchpriority=\"high\" decoding=\"async\" class=\"wp-image-28578 aligncenter\" src=\"https:\/\/apuntesdesanluis.com\/wp-content\/uploads\/2025\/02\/plaza-p\u00b4ringles-300x181.png\" alt=\"\" width=\"655\" height=\"395\" srcset=\"https:\/\/apuntesdesanluis.com\/wp-content\/uploads\/2025\/02\/plaza-p\u00b4ringles-300x181.png 300w, https:\/\/apuntesdesanluis.com\/wp-content\/uploads\/2025\/02\/plaza-p\u00b4ringles.png 727w\" sizes=\"(max-width: 655px) 100vw, 655px\" \/><\/p>\n<h3>El documento expres\u00f3, en parte: \u00abEsta marcha es el punto de inflexi\u00f3n para todos los sectores que est\u00e1n siendo atacados por este gobierno. Nos sirve para construir la unidad de todas las luchas. No partimos de cero, sino de las luchas de figuras como Laura Bonaparte, Lohana Berkins, Diana Sacay\u00e1n, y muchas otras que forman parte de nuestra historia\u00bb.<\/h3>\n<h3>A nivel nacional, la marcha se sum\u00f3 a una serie de manifestaciones contra el aumento de la pobreza, los despidos, la misoginia y la homofobia, adem\u00e1s de expresar el rechazo a la discriminaci\u00f3n como pol\u00edtica de Estado. En el contexto internacional, se recibieron muestras de solidaridad de trabajadores y movimientos sociales de pa\u00edses como Italia, Francia y Alemania.<\/h3>\n<p><img decoding=\"async\" class=\"wp-image-28576 aligncenter\" src=\"https:\/\/apuntesdesanluis.com\/wp-content\/uploads\/2025\/02\/MARCHA-EN-VILLA-MERCEDES-300x157.png\" alt=\"\" width=\"634\" height=\"332\" srcset=\"https:\/\/apuntesdesanluis.com\/wp-content\/uploads\/2025\/02\/MARCHA-EN-VILLA-MERCEDES-300x157.png 300w, https:\/\/apuntesdesanluis.com\/wp-content\/uploads\/2025\/02\/MARCHA-EN-VILLA-MERCEDES.png 646w\" sizes=\"(max-width: 634px) 100vw, 634px\" \/><\/p>\n<h4 style=\"text-align: center;\"><em>Un instante de la movilizaci\u00f3n en Villa Mercedes.<\/em><\/h4>\n<h3>l evento tambi\u00e9n estuvo marcado por un claro llamado a la acci\u00f3n: \u00ab\u00a1A donde vayan los iremos a buscar! La salida est\u00e1 en las calles, exigiendo un paro general de las centrales sindicales para derrotar la pol\u00edtica de Milei y la ultraderecha\u00bb, expres\u00f3 uno de los oradores, subrayando el compromiso con un plan de lucha nacional para hacer frente a las pol\u00edticas de FMI y el empresariado.<\/h3>\n<h3>Con esta marcha, la comunidad LGTBIQ+ y sectores sindicales y sociales buscan dar un mensaje contundente al gobierno y al conjunto de la sociedad: la resistencia sigue firme y continuar\u00e1 luchando por la igualdad, los derechos humanos y una sociedad m\u00e1s justa.<\/h3>\n<p><img decoding=\"async\" class=\"wp-image-28577 aligncenter\" src=\"https:\/\/apuntesdesanluis.com\/wp-content\/uploads\/2025\/02\/MARCHA-EN-MERLO-300x257.png\" alt=\"\" width=\"657\" height=\"563\" srcset=\"https:\/\/apuntesdesanluis.com\/wp-content\/uploads\/2025\/02\/MARCHA-EN-MERLO-300x257.png 300w, https:\/\/apuntesdesanluis.com\/wp-content\/uploads\/2025\/02\/MARCHA-EN-MERLO.png 496w\" sizes=\"(max-width: 657px) 100vw, 657px\" \/><\/p>\n<h4 style=\"text-align: center;\"><em>En Merlo tambi\u00e9n se manifestaron miles de personas por las calles c\u00e9ntricas.<\/em><\/h4>\n<p>&nbsp;<\/p>\n<p>&nbsp;<\/p>\n<p>&nbsp;<\/p>\n<p>&nbsp;<\/p>\n<p>&nbsp;<\/p>\n<p>&nbsp;<\/p>\n<p>&nbsp;<\/p>\n<p>&nbsp;<\/p>\n<p>&nbsp;<\/p>\n","protected":false},"excerpt":{"rendered":"<p>Este s\u00e1bado 1 de febrero, miles de personas en la ciudad capital, Luis, Villa Mercedes&#8230;<\/p>\n","protected":false},"author":1,"featured_media":28575,"comment_status":"closed","ping_status":"closed","sticky":false,"template":"","format":"standard","meta":{"footnotes":""},"categories":[6],"tags":[],"class_list":["post-28574","post","type-post","status-publish","format-standard","has-post-thumbnail","hentry","category-ciudad-provincia"],"yoast_head":"<!-- This site is optimized with the Yoast SEO plugin v26.1.1 - https:\/\/yoast.com\/wordpress\/plugins\/seo\/ -->\n<title>UNA MULTITUD MARCH\u00d3 EN LA PROVINCIA CONTRA LOS DISCURSOS DEL ODIO - Apuntes de San Luis<\/title>\n<meta name=\"robots\" content=\"index, follow, max-snippet:-1, max-image-preview:large, max-video-preview:-1\" \/>\n<link rel=\"canonical\" href=\"https:\/\/apuntesdesanluis.com\/index.php\/2025\/02\/01\/una-multitud-marcho-en-la-provincia-contra-los-discursos-del-odio\/\" \/>\n<meta property=\"og:locale\" content=\"es_ES\" \/>\n<meta property=\"og:type\" content=\"article\" \/>\n<meta property=\"og:title\" content=\"UNA MULTITUD MARCH\u00d3 EN LA PROVINCIA CONTRA LOS DISCURSOS DEL ODIO - Apuntes de San Luis\" \/>\n<meta property=\"og:description\" content=\"Este s\u00e1bado 1 de febrero, miles de personas en la ciudad capital, Luis, Villa Mercedes...\" \/>\n<meta property=\"og:url\" content=\"https:\/\/apuntesdesanluis.com\/index.php\/2025\/02\/01\/una-multitud-marcho-en-la-provincia-contra-los-discursos-del-odio\/\" \/>\n<meta property=\"og:site_name\" content=\"Apuntes de San Luis\" \/>\n<meta property=\"article:published_time\" content=\"2025-02-01T23:54:21+00:00\" \/>\n<meta property=\"article:modified_time\" content=\"2025-02-02T23:58:45+00:00\" \/>\n<meta property=\"og:image\" content=\"https:\/\/apuntesdesanluis.com\/wp-content\/uploads\/2025\/02\/MARCHA-EN-SAN-LUIS.png\" \/>\n\t<meta property=\"og:image:width\" content=\"1056\" \/>\n\t<meta property=\"og:image:height\" content=\"561\" \/>\n\t<meta property=\"og:image:type\" content=\"image\/png\" \/>\n<meta name=\"author\" content=\"apuntesdesanluis.com\" \/>\n<meta name=\"twitter:card\" content=\"summary_large_image\" \/>\n<meta name=\"twitter:label1\" content=\"Escrito por\" \/>\n\t<meta name=\"twitter:data1\" content=\"apuntesdesanluis.com\" \/>\n\t<meta name=\"twitter:label2\" content=\"Tiempo de lectura\" \/>\n\t<meta name=\"twitter:data2\" content=\"3 minutos\" \/>\n<script type=\"application\/ld+json\" class=\"yoast-schema-graph\">{\"@context\":\"https:\/\/schema.org\",\"@graph\":[{\"@type\":\"Article\",\"@id\":\"https:\/\/apuntesdesanluis.com\/index.php\/2025\/02\/01\/una-multitud-marcho-en-la-provincia-contra-los-discursos-del-odio\/#article\",\"isPartOf\":{\"@id\":\"https:\/\/apuntesdesanluis.com\/index.php\/2025\/02\/01\/una-multitud-marcho-en-la-provincia-contra-los-discursos-del-odio\/\"},\"author\":{\"name\":\"apuntesdesanluis.com\",\"@id\":\"https:\/\/apuntesdesanluis.com\/#\/schema\/person\/b55151d52296fcce64d1a72538a70b90\"},\"headline\":\"UNA MULTITUD MARCH\u00d3 EN LA PROVINCIA CONTRA LOS DISCURSOS DEL ODIO\",\"datePublished\":\"2025-02-01T23:54:21+00:00\",\"dateModified\":\"2025-02-02T23:58:45+00:00\",\"mainEntityOfPage\":{\"@id\":\"https:\/\/apuntesdesanluis.com\/index.php\/2025\/02\/01\/una-multitud-marcho-en-la-provincia-contra-los-discursos-del-odio\/\"},\"wordCount\":434,\"publisher\":{\"@id\":\"https:\/\/apuntesdesanluis.com\/#\/schema\/person\/b55151d52296fcce64d1a72538a70b90\"},\"image\":{\"@id\":\"https:\/\/apuntesdesanluis.com\/index.php\/2025\/02\/01\/una-multitud-marcho-en-la-provincia-contra-los-discursos-del-odio\/#primaryimage\"},\"thumbnailUrl\":\"https:\/\/apuntesdesanluis.com\/wp-content\/uploads\/2025\/02\/MARCHA-EN-SAN-LUIS.png\",\"articleSection\":[\"Ciudad\/Provincia\"],\"inLanguage\":\"es-AR\"},{\"@type\":\"WebPage\",\"@id\":\"https:\/\/apuntesdesanluis.com\/index.php\/2025\/02\/01\/una-multitud-marcho-en-la-provincia-contra-los-discursos-del-odio\/\",\"url\":\"https:\/\/apuntesdesanluis.com\/index.php\/2025\/02\/01\/una-multitud-marcho-en-la-provincia-contra-los-discursos-del-odio\/\",\"name\":\"UNA MULTITUD MARCH\u00d3 EN LA PROVINCIA CONTRA LOS DISCURSOS DEL ODIO - Apuntes de San Luis\",\"isPartOf\":{\"@id\":\"https:\/\/apuntesdesanluis.com\/#website\"},\"primaryImageOfPage\":{\"@id\":\"https:\/\/apuntesdesanluis.com\/index.php\/2025\/02\/01\/una-multitud-marcho-en-la-provincia-contra-los-discursos-del-odio\/#primaryimage\"},\"image\":{\"@id\":\"https:\/\/apuntesdesanluis.com\/index.php\/2025\/02\/01\/una-multitud-marcho-en-la-provincia-contra-los-discursos-del-odio\/#primaryimage\"},\"thumbnailUrl\":\"https:\/\/apuntesdesanluis.com\/wp-content\/uploads\/2025\/02\/MARCHA-EN-SAN-LUIS.png\",\"datePublished\":\"2025-02-01T23:54:21+00:00\",\"dateModified\":\"2025-02-02T23:58:45+00:00\",\"breadcrumb\":{\"@id\":\"https:\/\/apuntesdesanluis.com\/index.php\/2025\/02\/01\/una-multitud-marcho-en-la-provincia-contra-los-discursos-del-odio\/#breadcrumb\"},\"inLanguage\":\"es-AR\",\"potentialAction\":[{\"@type\":\"ReadAction\",\"target\":[\"https:\/\/apuntesdesanluis.com\/index.php\/2025\/02\/01\/una-multitud-marcho-en-la-provincia-contra-los-discursos-del-odio\/\"]}]},{\"@type\":\"ImageObject\",\"inLanguage\":\"es-AR\",\"@id\":\"https:\/\/apuntesdesanluis.com\/index.php\/2025\/02\/01\/una-multitud-marcho-en-la-provincia-contra-los-discursos-del-odio\/#primaryimage\",\"url\":\"https:\/\/apuntesdesanluis.com\/wp-content\/uploads\/2025\/02\/MARCHA-EN-SAN-LUIS.png\",\"contentUrl\":\"https:\/\/apuntesdesanluis.com\/wp-content\/uploads\/2025\/02\/MARCHA-EN-SAN-LUIS.png\",\"width\":1056,\"height\":561},{\"@type\":\"BreadcrumbList\",\"@id\":\"https:\/\/apuntesdesanluis.com\/index.php\/2025\/02\/01\/una-multitud-marcho-en-la-provincia-contra-los-discursos-del-odio\/#breadcrumb\",\"itemListElement\":[{\"@type\":\"ListItem\",\"position\":1,\"name\":\"Inicio\",\"item\":\"https:\/\/apuntesdesanluis.com\/\"},{\"@type\":\"ListItem\",\"position\":2,\"name\":\"UNA MULTITUD MARCH\u00d3 EN LA PROVINCIA CONTRA LOS DISCURSOS DEL ODIO\"}]},{\"@type\":\"WebSite\",\"@id\":\"https:\/\/apuntesdesanluis.com\/#website\",\"url\":\"https:\/\/apuntesdesanluis.com\/\",\"name\":\"Apuntes de San Luis\",\"description\":\"\",\"publisher\":{\"@id\":\"https:\/\/apuntesdesanluis.com\/#\/schema\/person\/b55151d52296fcce64d1a72538a70b90\"},\"potentialAction\":[{\"@type\":\"SearchAction\",\"target\":{\"@type\":\"EntryPoint\",\"urlTemplate\":\"https:\/\/apuntesdesanluis.com\/?s={search_term_string}\"},\"query-input\":{\"@type\":\"PropertyValueSpecification\",\"valueRequired\":true,\"valueName\":\"search_term_string\"}}],\"inLanguage\":\"es-AR\"},{\"@type\":[\"Person\",\"Organization\"],\"@id\":\"https:\/\/apuntesdesanluis.com\/#\/schema\/person\/b55151d52296fcce64d1a72538a70b90\",\"name\":\"apuntesdesanluis.com\",\"image\":{\"@type\":\"ImageObject\",\"inLanguage\":\"es-AR\",\"@id\":\"https:\/\/apuntesdesanluis.com\/#\/schema\/person\/image\/\",\"url\":\"https:\/\/apuntesdesanluis.com\/wp-content\/uploads\/2023\/07\/cropped-apuntesdesanluis.png\",\"contentUrl\":\"https:\/\/apuntesdesanluis.com\/wp-content\/uploads\/2023\/07\/cropped-apuntesdesanluis.png\",\"width\":450,\"height\":112,\"caption\":\"apuntesdesanluis.com\"},\"logo\":{\"@id\":\"https:\/\/apuntesdesanluis.com\/#\/schema\/person\/image\/\"},\"sameAs\":[\"https:\/\/apuntesdesanluis.com\"],\"url\":\"https:\/\/apuntesdesanluis.com\/index.php\/author\/apuntesdesanluis-com\/\"}]}<\/script>\n<!-- \/ Yoast SEO plugin. -->","yoast_head_json":{"title":"UNA MULTITUD MARCH\u00d3 EN LA PROVINCIA CONTRA LOS DISCURSOS DEL ODIO - Apuntes de San Luis","robots":{"index":"index","follow":"follow","max-snippet":"max-snippet:-1","max-image-preview":"max-image-preview:large","max-video-preview":"max-video-preview:-1"},"canonical":"https:\/\/apuntesdesanluis.com\/index.php\/2025\/02\/01\/una-multitud-marcho-en-la-provincia-contra-los-discursos-del-odio\/","og_locale":"es_ES","og_type":"article","og_title":"UNA MULTITUD MARCH\u00d3 EN LA PROVINCIA CONTRA LOS DISCURSOS DEL ODIO - Apuntes de San Luis","og_description":"Este s\u00e1bado 1 de febrero, miles de personas en la ciudad capital, Luis, Villa Mercedes...","og_url":"https:\/\/apuntesdesanluis.com\/index.php\/2025\/02\/01\/una-multitud-marcho-en-la-provincia-contra-los-discursos-del-odio\/","og_site_name":"Apuntes de San Luis","article_published_time":"2025-02-01T23:54:21+00:00","article_modified_time":"2025-02-02T23:58:45+00:00","og_image":[{"width":1056,"height":561,"url":"https:\/\/apuntesdesanluis.com\/wp-content\/uploads\/2025\/02\/MARCHA-EN-SAN-LUIS.png","type":"image\/png"}],"author":"apuntesdesanluis.com","twitter_card":"summary_large_image","twitter_misc":{"Escrito por":"apuntesdesanluis.com","Tiempo de lectura":"3 minutos"},"schema":{"@context":"https:\/\/schema.org","@graph":[{"@type":"Article","@id":"https:\/\/apuntesdesanluis.com\/index.php\/2025\/02\/01\/una-multitud-marcho-en-la-provincia-contra-los-discursos-del-odio\/#article","isPartOf":{"@id":"https:\/\/apuntesdesanluis.com\/index.php\/2025\/02\/01\/una-multitud-marcho-en-la-provincia-contra-los-discursos-del-odio\/"},"author":{"name":"apuntesdesanluis.com","@id":"https:\/\/apuntesdesanluis.com\/#\/schema\/person\/b55151d52296fcce64d1a72538a70b90"},"headline":"UNA MULTITUD MARCH\u00d3 EN LA PROVINCIA CONTRA LOS DISCURSOS DEL ODIO","datePublished":"2025-02-01T23:54:21+00:00","dateModified":"2025-02-02T23:58:45+00:00","mainEntityOfPage":{"@id":"https:\/\/apuntesdesanluis.com\/index.php\/2025\/02\/01\/una-multitud-marcho-en-la-provincia-contra-los-discursos-del-odio\/"},"wordCount":434,"publisher":{"@id":"https:\/\/apuntesdesanluis.com\/#\/schema\/person\/b55151d52296fcce64d1a72538a70b90"},"image":{"@id":"https:\/\/apuntesdesanluis.com\/index.php\/2025\/02\/01\/una-multitud-marcho-en-la-provincia-contra-los-discursos-del-odio\/#primaryimage"},"thumbnailUrl":"https:\/\/apuntesdesanluis.com\/wp-content\/uploads\/2025\/02\/MARCHA-EN-SAN-LUIS.png","articleSection":["Ciudad\/Provincia"],"inLanguage":"es-AR"},{"@type":"WebPage","@id":"https:\/\/apuntesdesanluis.com\/index.php\/2025\/02\/01\/una-multitud-marcho-en-la-provincia-contra-los-discursos-del-odio\/","url":"https:\/\/apuntesdesanluis.com\/index.php\/2025\/02\/01\/una-multitud-marcho-en-la-provincia-contra-los-discursos-del-odio\/","name":"UNA MULTITUD MARCH\u00d3 EN LA PROVINCIA CONTRA LOS DISCURSOS DEL ODIO - Apuntes de San Luis","isPartOf":{"@id":"https:\/\/apuntesdesanluis.com\/#website"},"primaryImageOfPage":{"@id":"https:\/\/apuntesdesanluis.com\/index.php\/2025\/02\/01\/una-multitud-marcho-en-la-provincia-contra-los-discursos-del-odio\/#primaryimage"},"image":{"@id":"https:\/\/apuntesdesanluis.com\/index.php\/2025\/02\/01\/una-multitud-marcho-en-la-provincia-contra-los-discursos-del-odio\/#primaryimage"},"thumbnailUrl":"https:\/\/apuntesdesanluis.com\/wp-content\/uploads\/2025\/02\/MARCHA-EN-SAN-LUIS.png","datePublished":"2025-02-01T23:54:21+00:00","dateModified":"2025-02-02T23:58:45+00:00","breadcrumb":{"@id":"https:\/\/apuntesdesanluis.com\/index.php\/2025\/02\/01\/una-multitud-marcho-en-la-provincia-contra-los-discursos-del-odio\/#breadcrumb"},"inLanguage":"es-AR","potentialAction":[{"@type":"ReadAction","target":["https:\/\/apuntesdesanluis.com\/index.php\/2025\/02\/01\/una-multitud-marcho-en-la-provincia-contra-los-discursos-del-odio\/"]}]},{"@type":"ImageObject","inLanguage":"es-AR","@id":"https:\/\/apuntesdesanluis.com\/index.php\/2025\/02\/01\/una-multitud-marcho-en-la-provincia-contra-los-discursos-del-odio\/#primaryimage","url":"https:\/\/apuntesdesanluis.com\/wp-content\/uploads\/2025\/02\/MARCHA-EN-SAN-LUIS.png","contentUrl":"https:\/\/apuntesdesanluis.com\/wp-content\/uploads\/2025\/02\/MARCHA-EN-SAN-LUIS.png","width":1056,"height":561},{"@type":"BreadcrumbList","@id":"https:\/\/apuntesdesanluis.com\/index.php\/2025\/02\/01\/una-multitud-marcho-en-la-provincia-contra-los-discursos-del-odio\/#breadcrumb","itemListElement":[{"@type":"ListItem","position":1,"name":"Inicio","item":"https:\/\/apuntesdesanluis.com\/"},{"@type":"ListItem","position":2,"name":"UNA MULTITUD MARCH\u00d3 EN LA PROVINCIA CONTRA LOS DISCURSOS DEL ODIO"}]},{"@type":"WebSite","@id":"https:\/\/apuntesdesanluis.com\/#website","url":"https:\/\/apuntesdesanluis.com\/","name":"Apuntes de San Luis","description":"","publisher":{"@id":"https:\/\/apuntesdesanluis.com\/#\/schema\/person\/b55151d52296fcce64d1a72538a70b90"},"potentialAction":[{"@type":"SearchAction","target":{"@type":"EntryPoint","urlTemplate":"https:\/\/apuntesdesanluis.com\/?s={search_term_string}"},"query-input":{"@type":"PropertyValueSpecification","valueRequired":true,"valueName":"search_term_string"}}],"inLanguage":"es-AR"},{"@type":["Person","Organization"],"@id":"https:\/\/apuntesdesanluis.com\/#\/schema\/person\/b55151d52296fcce64d1a72538a70b90","name":"apuntesdesanluis.com","image":{"@type":"ImageObject","inLanguage":"es-AR","@id":"https:\/\/apuntesdesanluis.com\/#\/schema\/person\/image\/","url":"https:\/\/apuntesdesanluis.com\/wp-content\/uploads\/2023\/07\/cropped-apuntesdesanluis.png","contentUrl":"https:\/\/apuntesdesanluis.com\/wp-content\/uploads\/2023\/07\/cropped-apuntesdesanluis.png","width":450,"height":112,"caption":"apuntesdesanluis.com"},"logo":{"@id":"https:\/\/apuntesdesanluis.com\/#\/schema\/person\/image\/"},"sameAs":["https:\/\/apuntesdesanluis.com"],"url":"https:\/\/apuntesdesanluis.com\/index.php\/author\/apuntesdesanluis-com\/"}]}},"featured_image_urls":{"full":["https:\/\/apuntesdesanluis.com\/wp-content\/uploads\/2025\/02\/MARCHA-EN-SAN-LUIS.png",1056,561,false],"thumbnail":["https:\/\/apuntesdesanluis.com\/wp-content\/uploads\/2025\/02\/MARCHA-EN-SAN-LUIS-150x150.png",150,150,true],"medium":["https:\/\/apuntesdesanluis.com\/wp-content\/uploads\/2025\/02\/MARCHA-EN-SAN-LUIS-300x159.png",300,159,true],"medium_large":["https:\/\/apuntesdesanluis.com\/wp-content\/uploads\/2025\/02\/MARCHA-EN-SAN-LUIS-768x408.png",640,340,true],"large":["https:\/\/apuntesdesanluis.com\/wp-content\/uploads\/2025\/02\/MARCHA-EN-SAN-LUIS-1024x544.png",640,340,true],"1536x1536":["https:\/\/apuntesdesanluis.com\/wp-content\/uploads\/2025\/02\/MARCHA-EN-SAN-LUIS.png",1056,561,false],"2048x2048":["https:\/\/apuntesdesanluis.com\/wp-content\/uploads\/2025\/02\/MARCHA-EN-SAN-LUIS.png",1056,561,false],"newsever-slider-full":["https:\/\/apuntesdesanluis.com\/wp-content\/uploads\/2025\/02\/MARCHA-EN-SAN-LUIS.png",1056,561,false],"newsever-featured":["https:\/\/apuntesdesanluis.com\/wp-content\/uploads\/2025\/02\/MARCHA-EN-SAN-LUIS-1024x544.png",1024,544,true],"newsever-medium":["https:\/\/apuntesdesanluis.com\/wp-content\/uploads\/2025\/02\/MARCHA-EN-SAN-LUIS-720x475.png",720,475,true]},"author_info":{"display_name":"apuntesdesanluis.com","author_link":"https:\/\/apuntesdesanluis.com\/index.php\/author\/apuntesdesanluis-com\/"},"category_info":"<a href=\"https:\/\/apuntesdesanluis.com\/index.php\/category\/ciudad-provincia\/\" rel=\"category tag\">Ciudad\/Provincia<\/a>","tag_info":"Ciudad\/Provincia","comment_count":"0","_links":{"self":[{"href":"https:\/\/apuntesdesanluis.com\/index.php\/wp-json\/wp\/v2\/posts\/28574","targetHints":{"allow":["GET"]}}],"collection":[{"href":"https:\/\/apuntesdesanluis.com\/index.php\/wp-json\/wp\/v2\/posts"}],"about":[{"href":"https:\/\/apuntesdesanluis.com\/index.php\/wp-json\/wp\/v2\/types\/post"}],"author":[{"embeddable":true,"href":"https:\/\/apuntesdesanluis.com\/index.php\/wp-json\/wp\/v2\/users\/1"}],"replies":[{"embeddable":true,"href":"https:\/\/apuntesdesanluis.com\/index.php\/wp-json\/wp\/v2\/comments?post=28574"}],"version-history":[{"count":1,"href":"https:\/\/apuntesdesanluis.com\/index.php\/wp-json\/wp\/v2\/posts\/28574\/revisions"}],"predecessor-version":[{"id":28579,"href":"https:\/\/apuntesdesanluis.com\/index.php\/wp-json\/wp\/v2\/posts\/28574\/revisions\/28579"}],"wp:featuredmedia":[{"embeddable":true,"href":"https:\/\/apuntesdesanluis.com\/index.php\/wp-json\/wp\/v2\/media\/28575"}],"wp:attachment":[{"href":"https:\/\/apuntesdesanluis.com\/index.php\/wp-json\/wp\/v2\/media?parent=28574"}],"wp:term":[{"taxonomy":"category","embeddable":true,"href":"https:\/\/apuntesdesanluis.com\/index.php\/wp-json\/wp\/v2\/categories?post=28574"},{"taxonomy":"post_tag","embeddable":true,"href":"https:\/\/apuntesdesanluis.com\/index.php\/wp-json\/wp\/v2\/tags?post=28574"}],"curies":[{"name":"wp","href":"https:\/\/api.w.org\/{rel}","templated":true}]}}