{"id":28586,"date":"2025-02-01T21:23:05","date_gmt":"2025-02-02T00:23:05","guid":{"rendered":"https:\/\/apuntesdesanluis.com\/?p=28586"},"modified":"2025-02-02T21:24:15","modified_gmt":"2025-02-03T00:24:15","slug":"la-marcha-del-orgullo-antifascista-y-antirracista-convoco-a-miles-de-personas","status":"publish","type":"post","link":"https:\/\/apuntesdesanluis.com\/index.php\/2025\/02\/01\/la-marcha-del-orgullo-antifascista-y-antirracista-convoco-a-miles-de-personas\/","title":{"rendered":"LA MARCHA DEL ORGULLO ANTIFASCISTA Y ANTIRRACISTA CONVOC\u00d3 A MILES DE PERSONAS"},"content":{"rendered":"<h3>Decenas de miles de personas marcharon este s\u00e1bado en Buenos Aires para repudiar el discurso homof\u00f3bico que el presidente, <strong>Javier Milei<\/strong>, llev\u00f3 como bandera al Foro Econ\u00f3mico Mundial en Davos.<\/h3>\n<h3>Milei hab\u00eda vinculado la homosexualidad con la pedofilia como parte de sus ataques contra lo que llama \u201cel c\u00e1ncer de la ideolog\u00eda woke\u201d. Esta vez, los excesos del ultraderechista le valieron un repudio transversal en Argentina, que se sald\u00f3 con una gran manifestaci\u00f3n a la Plaza de Mayo, frente a la Casa Rosada, convocada por los colectivos LGTBIQ+ y feministas.<\/h3>\n<h3>Se sumaron a la convocatoria organizaciones sociales, sindicales y pol\u00edticas, como el peronismo kirchnerista, la izquierda y los sectores m\u00e1s progresistas de la centenaria Uni\u00f3n C\u00edvica Radical (UCR). El Gobierno, que estuvo toda la semana a la defensiva, tild\u00f3 la convocatoria de \u201cpartidaria\u201d.<\/h3>\n<p><img fetchpriority=\"high\" decoding=\"async\" class=\"wp-image-28588 aligncenter\" src=\"https:\/\/apuntesdesanluis.com\/wp-content\/uploads\/2025\/02\/ATRASA-MILEI-300x152.png\" alt=\"\" width=\"677\" height=\"343\" srcset=\"https:\/\/apuntesdesanluis.com\/wp-content\/uploads\/2025\/02\/ATRASA-MILEI-300x152.png 300w, https:\/\/apuntesdesanluis.com\/wp-content\/uploads\/2025\/02\/ATRASA-MILEI-768x389.png 768w, https:\/\/apuntesdesanluis.com\/wp-content\/uploads\/2025\/02\/ATRASA-MILEI.png 795w\" sizes=\"(max-width: 677px) 100vw, 677px\" \/><\/p>\n<h3>La movilizaci\u00f3n inici\u00f3 frente al Congreso y avanz\u00f3 por la tradicional avenida de Mayo hasta la Casa Rosada. Lemas como \u201cal closet nunca m\u00e1s\u201d se mezclaron con otros de tinte netamente opositor como \u201cbasta de ajuste\u201d. La convocatoria de los colectivos de g\u00e9nero se convirti\u00f3 pronto en una gran manifestaci\u00f3n de repudio a Milei bajo las banderas del \u201cantifascismo y el antirracismo\u201d.<\/h3>\n<h3>A los grupos organizados, se sumaron personas sin filiaci\u00f3n pol\u00edtica, familias que se acercaron con ni\u00f1os. La Iglesia Cat\u00f3lica, incluso, apoy\u00f3 a su modo. El arzobispado de Buenos Aires se quej\u00f3 por escrito de la valla que la polic\u00eda hab\u00eda colocado frente a la Catedral para evitar desmanes: \u201cEl Arzobispado de Buenos Aires quiere expresar que la imagen que hoy brinda la iglesia mayor no fue por decisi\u00f3n eclesi\u00e1stica y a todos vuelve a reiterar su convicci\u00f3n que nada se construye con el odio y la divisi\u00f3n\u201d.<\/h3>\n<p><img decoding=\"async\" class=\"wp-image-28589 aligncenter\" src=\"https:\/\/apuntesdesanluis.com\/wp-content\/uploads\/2025\/02\/AMOR-Y-ODIO-300x165.png\" alt=\"\" width=\"678\" height=\"373\" srcset=\"https:\/\/apuntesdesanluis.com\/wp-content\/uploads\/2025\/02\/AMOR-Y-ODIO-300x165.png 300w, https:\/\/apuntesdesanluis.com\/wp-content\/uploads\/2025\/02\/AMOR-Y-ODIO-768x421.png 768w, https:\/\/apuntesdesanluis.com\/wp-content\/uploads\/2025\/02\/AMOR-Y-ODIO.png 955w\" sizes=\"(max-width: 678px) 100vw, 678px\" \/><\/p>\n<h3>La \u00faltima gran movilizaci\u00f3n contra Milei fue en abril del a\u00f1o pasado, cuando medio mill\u00f3n de personas sali\u00f3 a la calle en Buenos Aires para rechazar el recorte presupuestario a las universidades p\u00fablicas. Hubo una segunda convocatoria en octubre, sin la misma repercusi\u00f3n, y desde entonces el Gobierno ha disfrutado de paz social pese a la profundidad del ajuste econ\u00f3mico que aplica. Por eso no esperaba la repercusi\u00f3n que tuvieron las palabras de Milei en Davos.<\/h3>\n<h3>Todo el arco pol\u00edtico, incluidos algunos aliados, repudiaron sus palabras. Ante los primeros rechazos, el Gobierno ultraderechista redobl\u00f3 la apuesta y anunci\u00f3 la presentaci\u00f3n ante el Congreso de un proyecto de \u201cigualdad ante la ley\u201d. \u00bfSu propuesta? Eliminar la figura legal de feminicidio, los cupos laborales para minor\u00edas sexuales, la paridad de g\u00e9nero en listas electorales y los documentos de identidad no binarios, entre otras medidas alineadas con el desguace de pol\u00edticas e instituciones p\u00fablicas que luchaban contra la discriminaci\u00f3n a la mujer y las diversidades sexuales.<\/h3>\n<h3>En el Foro Econ\u00f3mico Mundial, Milei hab\u00eda sostenido que el feminismo \u201ces una distorsi\u00f3n del concepto de igualdad\u201d y esconde la \u201cb\u00fasqueda de privilegios\u201d. Tambi\u00e9n se hab\u00eda referido a la \u201cagenda sanguinaria y asesina del aborto\u201d y afirmado que, \u201cen sus versiones m\u00e1s extremas, la ideolog\u00eda de g\u00e9nero constituye lisa y llanamente abuso infantil; son ped\u00f3filos\u201d.<\/h3>\n<p>&nbsp;<\/p>\n<p>&nbsp;<\/p>\n<p>&nbsp;<\/p>\n<h3><\/h3>\n<h3><\/h3>\n","protected":false},"excerpt":{"rendered":"<p>Decenas de miles de personas marcharon este s\u00e1bado en Buenos Aires para repudiar el discurso&#8230;<\/p>\n","protected":false},"author":1,"featured_media":28587,"comment_status":"closed","ping_status":"closed","sticky":false,"template":"","format":"standard","meta":{"footnotes":""},"categories":[5],"tags":[],"class_list":["post-28586","post","type-post","status-publish","format-standard","has-post-thumbnail","hentry","category-nacionales-internacionales"],"yoast_head":"<!-- This site is optimized with the Yoast SEO plugin v26.1.1 - https:\/\/yoast.com\/wordpress\/plugins\/seo\/ -->\n<title>LA MARCHA DEL ORGULLO ANTIFASCISTA Y ANTIRRACISTA CONVOC\u00d3 A MILES DE PERSONAS - Apuntes de San Luis<\/title>\n<meta name=\"robots\" content=\"index, follow, max-snippet:-1, max-image-preview:large, max-video-preview:-1\" \/>\n<link rel=\"canonical\" href=\"https:\/\/apuntesdesanluis.com\/index.php\/2025\/02\/01\/la-marcha-del-orgullo-antifascista-y-antirracista-convoco-a-miles-de-personas\/\" \/>\n<meta property=\"og:locale\" content=\"es_ES\" \/>\n<meta property=\"og:type\" content=\"article\" \/>\n<meta property=\"og:title\" content=\"LA MARCHA DEL ORGULLO ANTIFASCISTA Y ANTIRRACISTA CONVOC\u00d3 A MILES DE PERSONAS - Apuntes de San Luis\" \/>\n<meta property=\"og:description\" content=\"Decenas de miles de personas marcharon este s\u00e1bado en Buenos Aires para repudiar el discurso...\" \/>\n<meta property=\"og:url\" content=\"https:\/\/apuntesdesanluis.com\/index.php\/2025\/02\/01\/la-marcha-del-orgullo-antifascista-y-antirracista-convoco-a-miles-de-personas\/\" \/>\n<meta property=\"og:site_name\" content=\"Apuntes de San Luis\" \/>\n<meta property=\"article:published_time\" content=\"2025-02-02T00:23:05+00:00\" \/>\n<meta property=\"article:modified_time\" content=\"2025-02-03T00:24:15+00:00\" \/>\n<meta property=\"og:image\" content=\"https:\/\/apuntesdesanluis.com\/wp-content\/uploads\/2025\/02\/MARCHA-EN-BS-AS.png\" \/>\n\t<meta property=\"og:image:width\" content=\"707\" \/>\n\t<meta property=\"og:image:height\" content=\"450\" \/>\n\t<meta property=\"og:image:type\" content=\"image\/png\" \/>\n<meta name=\"author\" content=\"apuntesdesanluis.com\" \/>\n<meta name=\"twitter:card\" content=\"summary_large_image\" \/>\n<meta name=\"twitter:label1\" content=\"Escrito por\" \/>\n\t<meta name=\"twitter:data1\" content=\"apuntesdesanluis.com\" \/>\n\t<meta name=\"twitter:label2\" content=\"Tiempo de lectura\" \/>\n\t<meta name=\"twitter:data2\" content=\"3 minutos\" \/>\n<script type=\"application\/ld+json\" class=\"yoast-schema-graph\">{\"@context\":\"https:\/\/schema.org\",\"@graph\":[{\"@type\":\"Article\",\"@id\":\"https:\/\/apuntesdesanluis.com\/index.php\/2025\/02\/01\/la-marcha-del-orgullo-antifascista-y-antirracista-convoco-a-miles-de-personas\/#article\",\"isPartOf\":{\"@id\":\"https:\/\/apuntesdesanluis.com\/index.php\/2025\/02\/01\/la-marcha-del-orgullo-antifascista-y-antirracista-convoco-a-miles-de-personas\/\"},\"author\":{\"name\":\"apuntesdesanluis.com\",\"@id\":\"https:\/\/apuntesdesanluis.com\/#\/schema\/person\/b55151d52296fcce64d1a72538a70b90\"},\"headline\":\"LA MARCHA DEL ORGULLO ANTIFASCISTA Y ANTIRRACISTA CONVOC\u00d3 A MILES DE PERSONAS\",\"datePublished\":\"2025-02-02T00:23:05+00:00\",\"dateModified\":\"2025-02-03T00:24:15+00:00\",\"mainEntityOfPage\":{\"@id\":\"https:\/\/apuntesdesanluis.com\/index.php\/2025\/02\/01\/la-marcha-del-orgullo-antifascista-y-antirracista-convoco-a-miles-de-personas\/\"},\"wordCount\":565,\"publisher\":{\"@id\":\"https:\/\/apuntesdesanluis.com\/#\/schema\/person\/b55151d52296fcce64d1a72538a70b90\"},\"image\":{\"@id\":\"https:\/\/apuntesdesanluis.com\/index.php\/2025\/02\/01\/la-marcha-del-orgullo-antifascista-y-antirracista-convoco-a-miles-de-personas\/#primaryimage\"},\"thumbnailUrl\":\"https:\/\/apuntesdesanluis.com\/wp-content\/uploads\/2025\/02\/MARCHA-EN-BS-AS.png\",\"articleSection\":[\"Nacionales\/Internacionales\"],\"inLanguage\":\"es-AR\"},{\"@type\":\"WebPage\",\"@id\":\"https:\/\/apuntesdesanluis.com\/index.php\/2025\/02\/01\/la-marcha-del-orgullo-antifascista-y-antirracista-convoco-a-miles-de-personas\/\",\"url\":\"https:\/\/apuntesdesanluis.com\/index.php\/2025\/02\/01\/la-marcha-del-orgullo-antifascista-y-antirracista-convoco-a-miles-de-personas\/\",\"name\":\"LA MARCHA DEL ORGULLO ANTIFASCISTA Y ANTIRRACISTA CONVOC\u00d3 A MILES DE PERSONAS - Apuntes de San Luis\",\"isPartOf\":{\"@id\":\"https:\/\/apuntesdesanluis.com\/#website\"},\"primaryImageOfPage\":{\"@id\":\"https:\/\/apuntesdesanluis.com\/index.php\/2025\/02\/01\/la-marcha-del-orgullo-antifascista-y-antirracista-convoco-a-miles-de-personas\/#primaryimage\"},\"image\":{\"@id\":\"https:\/\/apuntesdesanluis.com\/index.php\/2025\/02\/01\/la-marcha-del-orgullo-antifascista-y-antirracista-convoco-a-miles-de-personas\/#primaryimage\"},\"thumbnailUrl\":\"https:\/\/apuntesdesanluis.com\/wp-content\/uploads\/2025\/02\/MARCHA-EN-BS-AS.png\",\"datePublished\":\"2025-02-02T00:23:05+00:00\",\"dateModified\":\"2025-02-03T00:24:15+00:00\",\"breadcrumb\":{\"@id\":\"https:\/\/apuntesdesanluis.com\/index.php\/2025\/02\/01\/la-marcha-del-orgullo-antifascista-y-antirracista-convoco-a-miles-de-personas\/#breadcrumb\"},\"inLanguage\":\"es-AR\",\"potentialAction\":[{\"@type\":\"ReadAction\",\"target\":[\"https:\/\/apuntesdesanluis.com\/index.php\/2025\/02\/01\/la-marcha-del-orgullo-antifascista-y-antirracista-convoco-a-miles-de-personas\/\"]}]},{\"@type\":\"ImageObject\",\"inLanguage\":\"es-AR\",\"@id\":\"https:\/\/apuntesdesanluis.com\/index.php\/2025\/02\/01\/la-marcha-del-orgullo-antifascista-y-antirracista-convoco-a-miles-de-personas\/#primaryimage\",\"url\":\"https:\/\/apuntesdesanluis.com\/wp-content\/uploads\/2025\/02\/MARCHA-EN-BS-AS.png\",\"contentUrl\":\"https:\/\/apuntesdesanluis.com\/wp-content\/uploads\/2025\/02\/MARCHA-EN-BS-AS.png\",\"width\":707,\"height\":450},{\"@type\":\"BreadcrumbList\",\"@id\":\"https:\/\/apuntesdesanluis.com\/index.php\/2025\/02\/01\/la-marcha-del-orgullo-antifascista-y-antirracista-convoco-a-miles-de-personas\/#breadcrumb\",\"itemListElement\":[{\"@type\":\"ListItem\",\"position\":1,\"name\":\"Inicio\",\"item\":\"https:\/\/apuntesdesanluis.com\/\"},{\"@type\":\"ListItem\",\"position\":2,\"name\":\"LA MARCHA DEL ORGULLO ANTIFASCISTA Y ANTIRRACISTA CONVOC\u00d3 A MILES DE PERSONAS\"}]},{\"@type\":\"WebSite\",\"@id\":\"https:\/\/apuntesdesanluis.com\/#website\",\"url\":\"https:\/\/apuntesdesanluis.com\/\",\"name\":\"Apuntes de San Luis\",\"description\":\"\",\"publisher\":{\"@id\":\"https:\/\/apuntesdesanluis.com\/#\/schema\/person\/b55151d52296fcce64d1a72538a70b90\"},\"potentialAction\":[{\"@type\":\"SearchAction\",\"target\":{\"@type\":\"EntryPoint\",\"urlTemplate\":\"https:\/\/apuntesdesanluis.com\/?s={search_term_string}\"},\"query-input\":{\"@type\":\"PropertyValueSpecification\",\"valueRequired\":true,\"valueName\":\"search_term_string\"}}],\"inLanguage\":\"es-AR\"},{\"@type\":[\"Person\",\"Organization\"],\"@id\":\"https:\/\/apuntesdesanluis.com\/#\/schema\/person\/b55151d52296fcce64d1a72538a70b90\",\"name\":\"apuntesdesanluis.com\",\"image\":{\"@type\":\"ImageObject\",\"inLanguage\":\"es-AR\",\"@id\":\"https:\/\/apuntesdesanluis.com\/#\/schema\/person\/image\/\",\"url\":\"https:\/\/apuntesdesanluis.com\/wp-content\/uploads\/2023\/07\/cropped-apuntesdesanluis.png\",\"contentUrl\":\"https:\/\/apuntesdesanluis.com\/wp-content\/uploads\/2023\/07\/cropped-apuntesdesanluis.png\",\"width\":450,\"height\":112,\"caption\":\"apuntesdesanluis.com\"},\"logo\":{\"@id\":\"https:\/\/apuntesdesanluis.com\/#\/schema\/person\/image\/\"},\"sameAs\":[\"https:\/\/apuntesdesanluis.com\"],\"url\":\"https:\/\/apuntesdesanluis.com\/index.php\/author\/apuntesdesanluis-com\/\"}]}<\/script>\n<!-- \/ Yoast SEO plugin. -->","yoast_head_json":{"title":"LA MARCHA DEL ORGULLO ANTIFASCISTA Y ANTIRRACISTA CONVOC\u00d3 A MILES DE PERSONAS - Apuntes de San Luis","robots":{"index":"index","follow":"follow","max-snippet":"max-snippet:-1","max-image-preview":"max-image-preview:large","max-video-preview":"max-video-preview:-1"},"canonical":"https:\/\/apuntesdesanluis.com\/index.php\/2025\/02\/01\/la-marcha-del-orgullo-antifascista-y-antirracista-convoco-a-miles-de-personas\/","og_locale":"es_ES","og_type":"article","og_title":"LA MARCHA DEL ORGULLO ANTIFASCISTA Y ANTIRRACISTA CONVOC\u00d3 A MILES DE PERSONAS - Apuntes de San Luis","og_description":"Decenas de miles de personas marcharon este s\u00e1bado en Buenos Aires para repudiar el discurso...","og_url":"https:\/\/apuntesdesanluis.com\/index.php\/2025\/02\/01\/la-marcha-del-orgullo-antifascista-y-antirracista-convoco-a-miles-de-personas\/","og_site_name":"Apuntes de San Luis","article_published_time":"2025-02-02T00:23:05+00:00","article_modified_time":"2025-02-03T00:24:15+00:00","og_image":[{"width":707,"height":450,"url":"https:\/\/apuntesdesanluis.com\/wp-content\/uploads\/2025\/02\/MARCHA-EN-BS-AS.png","type":"image\/png"}],"author":"apuntesdesanluis.com","twitter_card":"summary_large_image","twitter_misc":{"Escrito por":"apuntesdesanluis.com","Tiempo de lectura":"3 minutos"},"schema":{"@context":"https:\/\/schema.org","@graph":[{"@type":"Article","@id":"https:\/\/apuntesdesanluis.com\/index.php\/2025\/02\/01\/la-marcha-del-orgullo-antifascista-y-antirracista-convoco-a-miles-de-personas\/#article","isPartOf":{"@id":"https:\/\/apuntesdesanluis.com\/index.php\/2025\/02\/01\/la-marcha-del-orgullo-antifascista-y-antirracista-convoco-a-miles-de-personas\/"},"author":{"name":"apuntesdesanluis.com","@id":"https:\/\/apuntesdesanluis.com\/#\/schema\/person\/b55151d52296fcce64d1a72538a70b90"},"headline":"LA MARCHA DEL ORGULLO ANTIFASCISTA Y ANTIRRACISTA CONVOC\u00d3 A MILES DE PERSONAS","datePublished":"2025-02-02T00:23:05+00:00","dateModified":"2025-02-03T00:24:15+00:00","mainEntityOfPage":{"@id":"https:\/\/apuntesdesanluis.com\/index.php\/2025\/02\/01\/la-marcha-del-orgullo-antifascista-y-antirracista-convoco-a-miles-de-personas\/"},"wordCount":565,"publisher":{"@id":"https:\/\/apuntesdesanluis.com\/#\/schema\/person\/b55151d52296fcce64d1a72538a70b90"},"image":{"@id":"https:\/\/apuntesdesanluis.com\/index.php\/2025\/02\/01\/la-marcha-del-orgullo-antifascista-y-antirracista-convoco-a-miles-de-personas\/#primaryimage"},"thumbnailUrl":"https:\/\/apuntesdesanluis.com\/wp-content\/uploads\/2025\/02\/MARCHA-EN-BS-AS.png","articleSection":["Nacionales\/Internacionales"],"inLanguage":"es-AR"},{"@type":"WebPage","@id":"https:\/\/apuntesdesanluis.com\/index.php\/2025\/02\/01\/la-marcha-del-orgullo-antifascista-y-antirracista-convoco-a-miles-de-personas\/","url":"https:\/\/apuntesdesanluis.com\/index.php\/2025\/02\/01\/la-marcha-del-orgullo-antifascista-y-antirracista-convoco-a-miles-de-personas\/","name":"LA MARCHA DEL ORGULLO ANTIFASCISTA Y ANTIRRACISTA CONVOC\u00d3 A MILES DE PERSONAS - Apuntes de San Luis","isPartOf":{"@id":"https:\/\/apuntesdesanluis.com\/#website"},"primaryImageOfPage":{"@id":"https:\/\/apuntesdesanluis.com\/index.php\/2025\/02\/01\/la-marcha-del-orgullo-antifascista-y-antirracista-convoco-a-miles-de-personas\/#primaryimage"},"image":{"@id":"https:\/\/apuntesdesanluis.com\/index.php\/2025\/02\/01\/la-marcha-del-orgullo-antifascista-y-antirracista-convoco-a-miles-de-personas\/#primaryimage"},"thumbnailUrl":"https:\/\/apuntesdesanluis.com\/wp-content\/uploads\/2025\/02\/MARCHA-EN-BS-AS.png","datePublished":"2025-02-02T00:23:05+00:00","dateModified":"2025-02-03T00:24:15+00:00","breadcrumb":{"@id":"https:\/\/apuntesdesanluis.com\/index.php\/2025\/02\/01\/la-marcha-del-orgullo-antifascista-y-antirracista-convoco-a-miles-de-personas\/#breadcrumb"},"inLanguage":"es-AR","potentialAction":[{"@type":"ReadAction","target":["https:\/\/apuntesdesanluis.com\/index.php\/2025\/02\/01\/la-marcha-del-orgullo-antifascista-y-antirracista-convoco-a-miles-de-personas\/"]}]},{"@type":"ImageObject","inLanguage":"es-AR","@id":"https:\/\/apuntesdesanluis.com\/index.php\/2025\/02\/01\/la-marcha-del-orgullo-antifascista-y-antirracista-convoco-a-miles-de-personas\/#primaryimage","url":"https:\/\/apuntesdesanluis.com\/wp-content\/uploads\/2025\/02\/MARCHA-EN-BS-AS.png","contentUrl":"https:\/\/apuntesdesanluis.com\/wp-content\/uploads\/2025\/02\/MARCHA-EN-BS-AS.png","width":707,"height":450},{"@type":"BreadcrumbList","@id":"https:\/\/apuntesdesanluis.com\/index.php\/2025\/02\/01\/la-marcha-del-orgullo-antifascista-y-antirracista-convoco-a-miles-de-personas\/#breadcrumb","itemListElement":[{"@type":"ListItem","position":1,"name":"Inicio","item":"https:\/\/apuntesdesanluis.com\/"},{"@type":"ListItem","position":2,"name":"LA MARCHA DEL ORGULLO ANTIFASCISTA Y ANTIRRACISTA CONVOC\u00d3 A MILES DE PERSONAS"}]},{"@type":"WebSite","@id":"https:\/\/apuntesdesanluis.com\/#website","url":"https:\/\/apuntesdesanluis.com\/","name":"Apuntes de San Luis","description":"","publisher":{"@id":"https:\/\/apuntesdesanluis.com\/#\/schema\/person\/b55151d52296fcce64d1a72538a70b90"},"potentialAction":[{"@type":"SearchAction","target":{"@type":"EntryPoint","urlTemplate":"https:\/\/apuntesdesanluis.com\/?s={search_term_string}"},"query-input":{"@type":"PropertyValueSpecification","valueRequired":true,"valueName":"search_term_string"}}],"inLanguage":"es-AR"},{"@type":["Person","Organization"],"@id":"https:\/\/apuntesdesanluis.com\/#\/schema\/person\/b55151d52296fcce64d1a72538a70b90","name":"apuntesdesanluis.com","image":{"@type":"ImageObject","inLanguage":"es-AR","@id":"https:\/\/apuntesdesanluis.com\/#\/schema\/person\/image\/","url":"https:\/\/apuntesdesanluis.com\/wp-content\/uploads\/2023\/07\/cropped-apuntesdesanluis.png","contentUrl":"https:\/\/apuntesdesanluis.com\/wp-content\/uploads\/2023\/07\/cropped-apuntesdesanluis.png","width":450,"height":112,"caption":"apuntesdesanluis.com"},"logo":{"@id":"https:\/\/apuntesdesanluis.com\/#\/schema\/person\/image\/"},"sameAs":["https:\/\/apuntesdesanluis.com"],"url":"https:\/\/apuntesdesanluis.com\/index.php\/author\/apuntesdesanluis-com\/"}]}},"featured_image_urls":{"full":["https:\/\/apuntesdesanluis.com\/wp-content\/uploads\/2025\/02\/MARCHA-EN-BS-AS.png",707,450,false],"thumbnail":["https:\/\/apuntesdesanluis.com\/wp-content\/uploads\/2025\/02\/MARCHA-EN-BS-AS-150x150.png",150,150,true],"medium":["https:\/\/apuntesdesanluis.com\/wp-content\/uploads\/2025\/02\/MARCHA-EN-BS-AS-300x191.png",300,191,true],"medium_large":["https:\/\/apuntesdesanluis.com\/wp-content\/uploads\/2025\/02\/MARCHA-EN-BS-AS.png",640,407,false],"large":["https:\/\/apuntesdesanluis.com\/wp-content\/uploads\/2025\/02\/MARCHA-EN-BS-AS.png",640,407,false],"1536x1536":["https:\/\/apuntesdesanluis.com\/wp-content\/uploads\/2025\/02\/MARCHA-EN-BS-AS.png",707,450,false],"2048x2048":["https:\/\/apuntesdesanluis.com\/wp-content\/uploads\/2025\/02\/MARCHA-EN-BS-AS.png",707,450,false],"newsever-slider-full":["https:\/\/apuntesdesanluis.com\/wp-content\/uploads\/2025\/02\/MARCHA-EN-BS-AS.png",707,450,false],"newsever-featured":["https:\/\/apuntesdesanluis.com\/wp-content\/uploads\/2025\/02\/MARCHA-EN-BS-AS.png",707,450,false],"newsever-medium":["https:\/\/apuntesdesanluis.com\/wp-content\/uploads\/2025\/02\/MARCHA-EN-BS-AS.png",707,450,false]},"author_info":{"display_name":"apuntesdesanluis.com","author_link":"https:\/\/apuntesdesanluis.com\/index.php\/author\/apuntesdesanluis-com\/"},"category_info":"<a href=\"https:\/\/apuntesdesanluis.com\/index.php\/category\/nacionales-internacionales\/\" rel=\"category tag\">Nacionales\/Internacionales<\/a>","tag_info":"Nacionales\/Internacionales","comment_count":"0","_links":{"self":[{"href":"https:\/\/apuntesdesanluis.com\/index.php\/wp-json\/wp\/v2\/posts\/28586","targetHints":{"allow":["GET"]}}],"collection":[{"href":"https:\/\/apuntesdesanluis.com\/index.php\/wp-json\/wp\/v2\/posts"}],"about":[{"href":"https:\/\/apuntesdesanluis.com\/index.php\/wp-json\/wp\/v2\/types\/post"}],"author":[{"embeddable":true,"href":"https:\/\/apuntesdesanluis.com\/index.php\/wp-json\/wp\/v2\/users\/1"}],"replies":[{"embeddable":true,"href":"https:\/\/apuntesdesanluis.com\/index.php\/wp-json\/wp\/v2\/comments?post=28586"}],"version-history":[{"count":1,"href":"https:\/\/apuntesdesanluis.com\/index.php\/wp-json\/wp\/v2\/posts\/28586\/revisions"}],"predecessor-version":[{"id":28590,"href":"https:\/\/apuntesdesanluis.com\/index.php\/wp-json\/wp\/v2\/posts\/28586\/revisions\/28590"}],"wp:featuredmedia":[{"embeddable":true,"href":"https:\/\/apuntesdesanluis.com\/index.php\/wp-json\/wp\/v2\/media\/28587"}],"wp:attachment":[{"href":"https:\/\/apuntesdesanluis.com\/index.php\/wp-json\/wp\/v2\/media?parent=28586"}],"wp:term":[{"taxonomy":"category","embeddable":true,"href":"https:\/\/apuntesdesanluis.com\/index.php\/wp-json\/wp\/v2\/categories?post=28586"},{"taxonomy":"post_tag","embeddable":true,"href":"https:\/\/apuntesdesanluis.com\/index.php\/wp-json\/wp\/v2\/tags?post=28586"}],"curies":[{"name":"wp","href":"https:\/\/api.w.org\/{rel}","templated":true}]}}