{"id":28605,"date":"2025-02-03T13:08:07","date_gmt":"2025-02-03T16:08:07","guid":{"rendered":"https:\/\/apuntesdesanluis.com\/?p=28605"},"modified":"2025-02-03T13:08:07","modified_gmt":"2025-02-03T16:08:07","slug":"sufrio-una-convulsion-y-termino-impactando-con-su-camioneta-el-frente-de-una-vivienda","status":"publish","type":"post","link":"https:\/\/apuntesdesanluis.com\/index.php\/2025\/02\/03\/sufrio-una-convulsion-y-termino-impactando-con-su-camioneta-el-frente-de-una-vivienda\/","title":{"rendered":"SUFRI\u00d3 UNA CONVULSI\u00d3N Y TERMIN\u00d3 IMPACTANDO CON SU CAMIONETA EL FRENTE DE UNA VIVIENDA"},"content":{"rendered":"<h3>Este lunes, alrededor de las 9:15, se produjo un accidente de tr\u00e1nsito en calle Colombia al 100, entre las calles San Mart\u00edn y 9 de Julio, en la ciudad de Villa Mercedes.<\/h3>\n<h3>De acuerdo a las primeras averiguaciones, una camioneta Chevrolet S10 que era conducida por un hombre de 33 a\u00f1os, quien iba en compa\u00f1\u00eda de un hombre de 26 a\u00f1os, impact\u00f3 contra el frente de un domicilio ubicado en ese sector de la ciudad.<\/h3>\n<p><img fetchpriority=\"high\" decoding=\"async\" class=\"wp-image-28607 aligncenter\" src=\"https:\/\/apuntesdesanluis.com\/wp-content\/uploads\/2025\/02\/CAMIONETA-CHOCADA-300x212.jpg\" alt=\"\" width=\"611\" height=\"432\" srcset=\"https:\/\/apuntesdesanluis.com\/wp-content\/uploads\/2025\/02\/CAMIONETA-CHOCADA-300x212.jpg 300w, https:\/\/apuntesdesanluis.com\/wp-content\/uploads\/2025\/02\/CAMIONETA-CHOCADA-768x542.jpg 768w, https:\/\/apuntesdesanluis.com\/wp-content\/uploads\/2025\/02\/CAMIONETA-CHOCADA.jpg 800w\" sizes=\"(max-width: 611px) 100vw, 611px\" \/><\/p>\n<h3>Seg\u00fan lo manifestado por el hombre de 26 a\u00f1os, el conductor sufri\u00f3 una convulsi\u00f3n mientras manejaba, por lo que perdi\u00f3 el control de la camioneta, la cual subi\u00f3 a la vereda, embisti\u00f3 un poste y termin\u00f3 impactando contra el frente de una vivienda.<\/h3>\n<h3>El conductor del rodado fue asistido por personal m\u00e9dico del Sempro y luego fue trasladado al Policl\u00ednico Regional \u201cJuan Domingo Per\u00f3n\u201d para una atenci\u00f3n m\u00e1s compleja.<\/h3>\n<h3><\/h3>\n<p>&nbsp;<\/p>\n<p>&nbsp;<\/p>\n<p>&nbsp;<\/p>\n<h3><\/h3>\n<p>&nbsp;<\/p>\n","protected":false},"excerpt":{"rendered":"<p>Este lunes, alrededor de las 9:15, se produjo un accidente de tr\u00e1nsito en calle Colombia&#8230;<\/p>\n","protected":false},"author":1,"featured_media":28606,"comment_status":"closed","ping_status":"closed","sticky":false,"template":"","format":"standard","meta":{"footnotes":""},"categories":[6],"tags":[],"class_list":["post-28605","post","type-post","status-publish","format-standard","has-post-thumbnail","hentry","category-ciudad-provincia"],"yoast_head":"<!-- This site is optimized with the Yoast SEO plugin v26.1.1 - https:\/\/yoast.com\/wordpress\/plugins\/seo\/ -->\n<title>SUFRI\u00d3 UNA CONVULSI\u00d3N Y TERMIN\u00d3 IMPACTANDO CON SU CAMIONETA EL FRENTE DE UNA VIVIENDA - Apuntes de San Luis<\/title>\n<meta name=\"robots\" content=\"index, follow, max-snippet:-1, max-image-preview:large, max-video-preview:-1\" \/>\n<link rel=\"canonical\" href=\"https:\/\/apuntesdesanluis.com\/index.php\/2025\/02\/03\/sufrio-una-convulsion-y-termino-impactando-con-su-camioneta-el-frente-de-una-vivienda\/\" \/>\n<meta property=\"og:locale\" content=\"es_ES\" \/>\n<meta property=\"og:type\" content=\"article\" \/>\n<meta property=\"og:title\" content=\"SUFRI\u00d3 UNA CONVULSI\u00d3N Y TERMIN\u00d3 IMPACTANDO CON SU CAMIONETA EL FRENTE DE UNA VIVIENDA - Apuntes de San Luis\" \/>\n<meta property=\"og:description\" content=\"Este lunes, alrededor de las 9:15, se produjo un accidente de tr\u00e1nsito en calle Colombia...\" \/>\n<meta property=\"og:url\" content=\"https:\/\/apuntesdesanluis.com\/index.php\/2025\/02\/03\/sufrio-una-convulsion-y-termino-impactando-con-su-camioneta-el-frente-de-una-vivienda\/\" \/>\n<meta property=\"og:site_name\" content=\"Apuntes de San Luis\" \/>\n<meta property=\"article:published_time\" content=\"2025-02-03T16:08:07+00:00\" \/>\n<meta property=\"og:image\" content=\"https:\/\/apuntesdesanluis.com\/wp-content\/uploads\/2025\/02\/CAMIONETA.jpg\" \/>\n\t<meta property=\"og:image:width\" content=\"800\" \/>\n\t<meta property=\"og:image:height\" content=\"570\" \/>\n\t<meta property=\"og:image:type\" content=\"image\/jpeg\" \/>\n<meta name=\"author\" content=\"apuntesdesanluis.com\" \/>\n<meta name=\"twitter:card\" content=\"summary_large_image\" \/>\n<meta name=\"twitter:label1\" content=\"Escrito por\" \/>\n\t<meta name=\"twitter:data1\" content=\"apuntesdesanluis.com\" \/>\n\t<meta name=\"twitter:label2\" content=\"Tiempo de lectura\" \/>\n\t<meta name=\"twitter:data2\" content=\"2 minutos\" \/>\n<script type=\"application\/ld+json\" class=\"yoast-schema-graph\">{\"@context\":\"https:\/\/schema.org\",\"@graph\":[{\"@type\":\"Article\",\"@id\":\"https:\/\/apuntesdesanluis.com\/index.php\/2025\/02\/03\/sufrio-una-convulsion-y-termino-impactando-con-su-camioneta-el-frente-de-una-vivienda\/#article\",\"isPartOf\":{\"@id\":\"https:\/\/apuntesdesanluis.com\/index.php\/2025\/02\/03\/sufrio-una-convulsion-y-termino-impactando-con-su-camioneta-el-frente-de-una-vivienda\/\"},\"author\":{\"name\":\"apuntesdesanluis.com\",\"@id\":\"https:\/\/apuntesdesanluis.com\/#\/schema\/person\/b55151d52296fcce64d1a72538a70b90\"},\"headline\":\"SUFRI\u00d3 UNA CONVULSI\u00d3N Y TERMIN\u00d3 IMPACTANDO CON SU CAMIONETA EL FRENTE DE UNA VIVIENDA\",\"datePublished\":\"2025-02-03T16:08:07+00:00\",\"mainEntityOfPage\":{\"@id\":\"https:\/\/apuntesdesanluis.com\/index.php\/2025\/02\/03\/sufrio-una-convulsion-y-termino-impactando-con-su-camioneta-el-frente-de-una-vivienda\/\"},\"wordCount\":170,\"publisher\":{\"@id\":\"https:\/\/apuntesdesanluis.com\/#\/schema\/person\/b55151d52296fcce64d1a72538a70b90\"},\"image\":{\"@id\":\"https:\/\/apuntesdesanluis.com\/index.php\/2025\/02\/03\/sufrio-una-convulsion-y-termino-impactando-con-su-camioneta-el-frente-de-una-vivienda\/#primaryimage\"},\"thumbnailUrl\":\"https:\/\/apuntesdesanluis.com\/wp-content\/uploads\/2025\/02\/CAMIONETA.jpg\",\"articleSection\":[\"Ciudad\/Provincia\"],\"inLanguage\":\"es-AR\"},{\"@type\":\"WebPage\",\"@id\":\"https:\/\/apuntesdesanluis.com\/index.php\/2025\/02\/03\/sufrio-una-convulsion-y-termino-impactando-con-su-camioneta-el-frente-de-una-vivienda\/\",\"url\":\"https:\/\/apuntesdesanluis.com\/index.php\/2025\/02\/03\/sufrio-una-convulsion-y-termino-impactando-con-su-camioneta-el-frente-de-una-vivienda\/\",\"name\":\"SUFRI\u00d3 UNA CONVULSI\u00d3N Y TERMIN\u00d3 IMPACTANDO CON SU CAMIONETA EL FRENTE DE UNA VIVIENDA - Apuntes de San Luis\",\"isPartOf\":{\"@id\":\"https:\/\/apuntesdesanluis.com\/#website\"},\"primaryImageOfPage\":{\"@id\":\"https:\/\/apuntesdesanluis.com\/index.php\/2025\/02\/03\/sufrio-una-convulsion-y-termino-impactando-con-su-camioneta-el-frente-de-una-vivienda\/#primaryimage\"},\"image\":{\"@id\":\"https:\/\/apuntesdesanluis.com\/index.php\/2025\/02\/03\/sufrio-una-convulsion-y-termino-impactando-con-su-camioneta-el-frente-de-una-vivienda\/#primaryimage\"},\"thumbnailUrl\":\"https:\/\/apuntesdesanluis.com\/wp-content\/uploads\/2025\/02\/CAMIONETA.jpg\",\"datePublished\":\"2025-02-03T16:08:07+00:00\",\"breadcrumb\":{\"@id\":\"https:\/\/apuntesdesanluis.com\/index.php\/2025\/02\/03\/sufrio-una-convulsion-y-termino-impactando-con-su-camioneta-el-frente-de-una-vivienda\/#breadcrumb\"},\"inLanguage\":\"es-AR\",\"potentialAction\":[{\"@type\":\"ReadAction\",\"target\":[\"https:\/\/apuntesdesanluis.com\/index.php\/2025\/02\/03\/sufrio-una-convulsion-y-termino-impactando-con-su-camioneta-el-frente-de-una-vivienda\/\"]}]},{\"@type\":\"ImageObject\",\"inLanguage\":\"es-AR\",\"@id\":\"https:\/\/apuntesdesanluis.com\/index.php\/2025\/02\/03\/sufrio-una-convulsion-y-termino-impactando-con-su-camioneta-el-frente-de-una-vivienda\/#primaryimage\",\"url\":\"https:\/\/apuntesdesanluis.com\/wp-content\/uploads\/2025\/02\/CAMIONETA.jpg\",\"contentUrl\":\"https:\/\/apuntesdesanluis.com\/wp-content\/uploads\/2025\/02\/CAMIONETA.jpg\",\"width\":800,\"height\":570},{\"@type\":\"BreadcrumbList\",\"@id\":\"https:\/\/apuntesdesanluis.com\/index.php\/2025\/02\/03\/sufrio-una-convulsion-y-termino-impactando-con-su-camioneta-el-frente-de-una-vivienda\/#breadcrumb\",\"itemListElement\":[{\"@type\":\"ListItem\",\"position\":1,\"name\":\"Inicio\",\"item\":\"https:\/\/apuntesdesanluis.com\/\"},{\"@type\":\"ListItem\",\"position\":2,\"name\":\"SUFRI\u00d3 UNA CONVULSI\u00d3N Y TERMIN\u00d3 IMPACTANDO CON SU CAMIONETA EL FRENTE DE UNA VIVIENDA\"}]},{\"@type\":\"WebSite\",\"@id\":\"https:\/\/apuntesdesanluis.com\/#website\",\"url\":\"https:\/\/apuntesdesanluis.com\/\",\"name\":\"Apuntes de San Luis\",\"description\":\"\",\"publisher\":{\"@id\":\"https:\/\/apuntesdesanluis.com\/#\/schema\/person\/b55151d52296fcce64d1a72538a70b90\"},\"potentialAction\":[{\"@type\":\"SearchAction\",\"target\":{\"@type\":\"EntryPoint\",\"urlTemplate\":\"https:\/\/apuntesdesanluis.com\/?s={search_term_string}\"},\"query-input\":{\"@type\":\"PropertyValueSpecification\",\"valueRequired\":true,\"valueName\":\"search_term_string\"}}],\"inLanguage\":\"es-AR\"},{\"@type\":[\"Person\",\"Organization\"],\"@id\":\"https:\/\/apuntesdesanluis.com\/#\/schema\/person\/b55151d52296fcce64d1a72538a70b90\",\"name\":\"apuntesdesanluis.com\",\"image\":{\"@type\":\"ImageObject\",\"inLanguage\":\"es-AR\",\"@id\":\"https:\/\/apuntesdesanluis.com\/#\/schema\/person\/image\/\",\"url\":\"https:\/\/apuntesdesanluis.com\/wp-content\/uploads\/2023\/07\/cropped-apuntesdesanluis.png\",\"contentUrl\":\"https:\/\/apuntesdesanluis.com\/wp-content\/uploads\/2023\/07\/cropped-apuntesdesanluis.png\",\"width\":450,\"height\":112,\"caption\":\"apuntesdesanluis.com\"},\"logo\":{\"@id\":\"https:\/\/apuntesdesanluis.com\/#\/schema\/person\/image\/\"},\"sameAs\":[\"https:\/\/apuntesdesanluis.com\"],\"url\":\"https:\/\/apuntesdesanluis.com\/index.php\/author\/apuntesdesanluis-com\/\"}]}<\/script>\n<!-- \/ Yoast SEO plugin. -->","yoast_head_json":{"title":"SUFRI\u00d3 UNA CONVULSI\u00d3N Y TERMIN\u00d3 IMPACTANDO CON SU CAMIONETA EL FRENTE DE UNA VIVIENDA - Apuntes de San Luis","robots":{"index":"index","follow":"follow","max-snippet":"max-snippet:-1","max-image-preview":"max-image-preview:large","max-video-preview":"max-video-preview:-1"},"canonical":"https:\/\/apuntesdesanluis.com\/index.php\/2025\/02\/03\/sufrio-una-convulsion-y-termino-impactando-con-su-camioneta-el-frente-de-una-vivienda\/","og_locale":"es_ES","og_type":"article","og_title":"SUFRI\u00d3 UNA CONVULSI\u00d3N Y TERMIN\u00d3 IMPACTANDO CON SU CAMIONETA EL FRENTE DE UNA VIVIENDA - Apuntes de San Luis","og_description":"Este lunes, alrededor de las 9:15, se produjo un accidente de tr\u00e1nsito en calle Colombia...","og_url":"https:\/\/apuntesdesanluis.com\/index.php\/2025\/02\/03\/sufrio-una-convulsion-y-termino-impactando-con-su-camioneta-el-frente-de-una-vivienda\/","og_site_name":"Apuntes de San Luis","article_published_time":"2025-02-03T16:08:07+00:00","og_image":[{"width":800,"height":570,"url":"https:\/\/apuntesdesanluis.com\/wp-content\/uploads\/2025\/02\/CAMIONETA.jpg","type":"image\/jpeg"}],"author":"apuntesdesanluis.com","twitter_card":"summary_large_image","twitter_misc":{"Escrito por":"apuntesdesanluis.com","Tiempo de lectura":"2 minutos"},"schema":{"@context":"https:\/\/schema.org","@graph":[{"@type":"Article","@id":"https:\/\/apuntesdesanluis.com\/index.php\/2025\/02\/03\/sufrio-una-convulsion-y-termino-impactando-con-su-camioneta-el-frente-de-una-vivienda\/#article","isPartOf":{"@id":"https:\/\/apuntesdesanluis.com\/index.php\/2025\/02\/03\/sufrio-una-convulsion-y-termino-impactando-con-su-camioneta-el-frente-de-una-vivienda\/"},"author":{"name":"apuntesdesanluis.com","@id":"https:\/\/apuntesdesanluis.com\/#\/schema\/person\/b55151d52296fcce64d1a72538a70b90"},"headline":"SUFRI\u00d3 UNA CONVULSI\u00d3N Y TERMIN\u00d3 IMPACTANDO CON SU CAMIONETA EL FRENTE DE UNA VIVIENDA","datePublished":"2025-02-03T16:08:07+00:00","mainEntityOfPage":{"@id":"https:\/\/apuntesdesanluis.com\/index.php\/2025\/02\/03\/sufrio-una-convulsion-y-termino-impactando-con-su-camioneta-el-frente-de-una-vivienda\/"},"wordCount":170,"publisher":{"@id":"https:\/\/apuntesdesanluis.com\/#\/schema\/person\/b55151d52296fcce64d1a72538a70b90"},"image":{"@id":"https:\/\/apuntesdesanluis.com\/index.php\/2025\/02\/03\/sufrio-una-convulsion-y-termino-impactando-con-su-camioneta-el-frente-de-una-vivienda\/#primaryimage"},"thumbnailUrl":"https:\/\/apuntesdesanluis.com\/wp-content\/uploads\/2025\/02\/CAMIONETA.jpg","articleSection":["Ciudad\/Provincia"],"inLanguage":"es-AR"},{"@type":"WebPage","@id":"https:\/\/apuntesdesanluis.com\/index.php\/2025\/02\/03\/sufrio-una-convulsion-y-termino-impactando-con-su-camioneta-el-frente-de-una-vivienda\/","url":"https:\/\/apuntesdesanluis.com\/index.php\/2025\/02\/03\/sufrio-una-convulsion-y-termino-impactando-con-su-camioneta-el-frente-de-una-vivienda\/","name":"SUFRI\u00d3 UNA CONVULSI\u00d3N Y TERMIN\u00d3 IMPACTANDO CON SU CAMIONETA EL FRENTE DE UNA VIVIENDA - Apuntes de San Luis","isPartOf":{"@id":"https:\/\/apuntesdesanluis.com\/#website"},"primaryImageOfPage":{"@id":"https:\/\/apuntesdesanluis.com\/index.php\/2025\/02\/03\/sufrio-una-convulsion-y-termino-impactando-con-su-camioneta-el-frente-de-una-vivienda\/#primaryimage"},"image":{"@id":"https:\/\/apuntesdesanluis.com\/index.php\/2025\/02\/03\/sufrio-una-convulsion-y-termino-impactando-con-su-camioneta-el-frente-de-una-vivienda\/#primaryimage"},"thumbnailUrl":"https:\/\/apuntesdesanluis.com\/wp-content\/uploads\/2025\/02\/CAMIONETA.jpg","datePublished":"2025-02-03T16:08:07+00:00","breadcrumb":{"@id":"https:\/\/apuntesdesanluis.com\/index.php\/2025\/02\/03\/sufrio-una-convulsion-y-termino-impactando-con-su-camioneta-el-frente-de-una-vivienda\/#breadcrumb"},"inLanguage":"es-AR","potentialAction":[{"@type":"ReadAction","target":["https:\/\/apuntesdesanluis.com\/index.php\/2025\/02\/03\/sufrio-una-convulsion-y-termino-impactando-con-su-camioneta-el-frente-de-una-vivienda\/"]}]},{"@type":"ImageObject","inLanguage":"es-AR","@id":"https:\/\/apuntesdesanluis.com\/index.php\/2025\/02\/03\/sufrio-una-convulsion-y-termino-impactando-con-su-camioneta-el-frente-de-una-vivienda\/#primaryimage","url":"https:\/\/apuntesdesanluis.com\/wp-content\/uploads\/2025\/02\/CAMIONETA.jpg","contentUrl":"https:\/\/apuntesdesanluis.com\/wp-content\/uploads\/2025\/02\/CAMIONETA.jpg","width":800,"height":570},{"@type":"BreadcrumbList","@id":"https:\/\/apuntesdesanluis.com\/index.php\/2025\/02\/03\/sufrio-una-convulsion-y-termino-impactando-con-su-camioneta-el-frente-de-una-vivienda\/#breadcrumb","itemListElement":[{"@type":"ListItem","position":1,"name":"Inicio","item":"https:\/\/apuntesdesanluis.com\/"},{"@type":"ListItem","position":2,"name":"SUFRI\u00d3 UNA CONVULSI\u00d3N Y TERMIN\u00d3 IMPACTANDO CON SU CAMIONETA EL FRENTE DE UNA VIVIENDA"}]},{"@type":"WebSite","@id":"https:\/\/apuntesdesanluis.com\/#website","url":"https:\/\/apuntesdesanluis.com\/","name":"Apuntes de San Luis","description":"","publisher":{"@id":"https:\/\/apuntesdesanluis.com\/#\/schema\/person\/b55151d52296fcce64d1a72538a70b90"},"potentialAction":[{"@type":"SearchAction","target":{"@type":"EntryPoint","urlTemplate":"https:\/\/apuntesdesanluis.com\/?s={search_term_string}"},"query-input":{"@type":"PropertyValueSpecification","valueRequired":true,"valueName":"search_term_string"}}],"inLanguage":"es-AR"},{"@type":["Person","Organization"],"@id":"https:\/\/apuntesdesanluis.com\/#\/schema\/person\/b55151d52296fcce64d1a72538a70b90","name":"apuntesdesanluis.com","image":{"@type":"ImageObject","inLanguage":"es-AR","@id":"https:\/\/apuntesdesanluis.com\/#\/schema\/person\/image\/","url":"https:\/\/apuntesdesanluis.com\/wp-content\/uploads\/2023\/07\/cropped-apuntesdesanluis.png","contentUrl":"https:\/\/apuntesdesanluis.com\/wp-content\/uploads\/2023\/07\/cropped-apuntesdesanluis.png","width":450,"height":112,"caption":"apuntesdesanluis.com"},"logo":{"@id":"https:\/\/apuntesdesanluis.com\/#\/schema\/person\/image\/"},"sameAs":["https:\/\/apuntesdesanluis.com"],"url":"https:\/\/apuntesdesanluis.com\/index.php\/author\/apuntesdesanluis-com\/"}]}},"featured_image_urls":{"full":["https:\/\/apuntesdesanluis.com\/wp-content\/uploads\/2025\/02\/CAMIONETA.jpg",800,570,false],"thumbnail":["https:\/\/apuntesdesanluis.com\/wp-content\/uploads\/2025\/02\/CAMIONETA-150x150.jpg",150,150,true],"medium":["https:\/\/apuntesdesanluis.com\/wp-content\/uploads\/2025\/02\/CAMIONETA-300x214.jpg",300,214,true],"medium_large":["https:\/\/apuntesdesanluis.com\/wp-content\/uploads\/2025\/02\/CAMIONETA-768x547.jpg",640,456,true],"large":["https:\/\/apuntesdesanluis.com\/wp-content\/uploads\/2025\/02\/CAMIONETA.jpg",640,456,false],"1536x1536":["https:\/\/apuntesdesanluis.com\/wp-content\/uploads\/2025\/02\/CAMIONETA.jpg",800,570,false],"2048x2048":["https:\/\/apuntesdesanluis.com\/wp-content\/uploads\/2025\/02\/CAMIONETA.jpg",800,570,false],"newsever-slider-full":["https:\/\/apuntesdesanluis.com\/wp-content\/uploads\/2025\/02\/CAMIONETA.jpg",800,570,false],"newsever-featured":["https:\/\/apuntesdesanluis.com\/wp-content\/uploads\/2025\/02\/CAMIONETA.jpg",800,570,false],"newsever-medium":["https:\/\/apuntesdesanluis.com\/wp-content\/uploads\/2025\/02\/CAMIONETA-720x475.jpg",720,475,true]},"author_info":{"display_name":"apuntesdesanluis.com","author_link":"https:\/\/apuntesdesanluis.com\/index.php\/author\/apuntesdesanluis-com\/"},"category_info":"<a href=\"https:\/\/apuntesdesanluis.com\/index.php\/category\/ciudad-provincia\/\" rel=\"category tag\">Ciudad\/Provincia<\/a>","tag_info":"Ciudad\/Provincia","comment_count":"0","_links":{"self":[{"href":"https:\/\/apuntesdesanluis.com\/index.php\/wp-json\/wp\/v2\/posts\/28605","targetHints":{"allow":["GET"]}}],"collection":[{"href":"https:\/\/apuntesdesanluis.com\/index.php\/wp-json\/wp\/v2\/posts"}],"about":[{"href":"https:\/\/apuntesdesanluis.com\/index.php\/wp-json\/wp\/v2\/types\/post"}],"author":[{"embeddable":true,"href":"https:\/\/apuntesdesanluis.com\/index.php\/wp-json\/wp\/v2\/users\/1"}],"replies":[{"embeddable":true,"href":"https:\/\/apuntesdesanluis.com\/index.php\/wp-json\/wp\/v2\/comments?post=28605"}],"version-history":[{"count":1,"href":"https:\/\/apuntesdesanluis.com\/index.php\/wp-json\/wp\/v2\/posts\/28605\/revisions"}],"predecessor-version":[{"id":28608,"href":"https:\/\/apuntesdesanluis.com\/index.php\/wp-json\/wp\/v2\/posts\/28605\/revisions\/28608"}],"wp:featuredmedia":[{"embeddable":true,"href":"https:\/\/apuntesdesanluis.com\/index.php\/wp-json\/wp\/v2\/media\/28606"}],"wp:attachment":[{"href":"https:\/\/apuntesdesanluis.com\/index.php\/wp-json\/wp\/v2\/media?parent=28605"}],"wp:term":[{"taxonomy":"category","embeddable":true,"href":"https:\/\/apuntesdesanluis.com\/index.php\/wp-json\/wp\/v2\/categories?post=28605"},{"taxonomy":"post_tag","embeddable":true,"href":"https:\/\/apuntesdesanluis.com\/index.php\/wp-json\/wp\/v2\/tags?post=28605"}],"curies":[{"name":"wp","href":"https:\/\/api.w.org\/{rel}","templated":true}]}}