{"id":28609,"date":"2025-02-03T13:18:47","date_gmt":"2025-02-03T16:18:47","guid":{"rendered":"https:\/\/apuntesdesanluis.com\/?p=28609"},"modified":"2025-02-03T13:18:47","modified_gmt":"2025-02-03T16:18:47","slug":"estudiantes-becados-podran-cobrar-el-jueves-6-a-traves-del-banco-nacion","status":"publish","type":"post","link":"https:\/\/apuntesdesanluis.com\/index.php\/2025\/02\/03\/estudiantes-becados-podran-cobrar-el-jueves-6-a-traves-del-banco-nacion\/","title":{"rendered":"ESTUDIANTES BECADOS PODR\u00c1N COBRAR EL JUEVES 6 A TRAV\u00c9S DEL BANCO NACI\u00d3N"},"content":{"rendered":"<h3>El ministerio de Educaci\u00f3n inform\u00f3 que este jueves los poseedores de la Beca al M\u00e9rito podr\u00e1n cobrar $300.000 a trav\u00e9s de la aplicaci\u00f3n celular BNA+.<\/h3>\n<h3>El pasado 1\u00b0 de febrero, en el Centro de Convenciones de La Punta, el gobernador Claudio Poggi entreg\u00f3 a m\u00e1s de 800 estudiantes de toda la provincia el decreto que les otorga la Beca al M\u00e9rito. Esta pol\u00edtica premia a los tres mejores promedios de cada instituci\u00f3n (uno en el caso de las escuelas rurales) y les permite a ellos afrontar los estudios universitarios. Este jueves 6 de febrero, los nuevos beneficiarios comenzar\u00e1n a cobrar, por medio de Banco Naci\u00f3n, $300.000.<\/h3>\n<h3>Estos estudiantes se suman a los becados de 2023 y tambi\u00e9n a los 314 beneficiarios que correspond\u00edan a la ex beca Construyendo Sue\u00f1os, a trav\u00e9s de la cual percib\u00edan un monto m\u00ednimo de $20.700. El Gobernador decidi\u00f3 unirlos a los beneficiarios de la Beca al M\u00e9rito y hoy computan un total de 1.882 alumnos que son ayudados por esta pol\u00edtica econ\u00f3mica.<\/h3>\n<h3>\u201cLos chicos tienen que descargarse la aplicaci\u00f3n del Banco Naci\u00f3n. Ah\u00ed encontrar\u00e1n la cuenta bancaria que hemos creado para que reciban su beneficio el 6 de febrero. En esta primera etapa, establecemos comunicaci\u00f3n directa con la escuela para obtener informaci\u00f3n sobre qui\u00e9nes son los beneficiarios. Luego, se realiza una declaraci\u00f3n jurada en la cual el beneficiario consigna su medio de comunicaci\u00f3n. Por lo tanto, de ahora en m\u00e1s, la comunicaci\u00f3n entre los beneficiarios y el ministerio de Educaci\u00f3n es a trav\u00e9s de estos medios declarados\u201d, precis\u00f3 <strong>Mat\u00edas Daract<\/strong>, subdirector de Beneficios Estudiantiles del ministerio de Educaci\u00f3n.<\/h3>\n<h3><img fetchpriority=\"high\" decoding=\"async\" class=\"wp-image-28610 aligncenter\" src=\"https:\/\/apuntesdesanluis.com\/wp-content\/uploads\/2025\/02\/MATIAS-DARACT-300x200.jpg\" alt=\"\" width=\"582\" height=\"388\" srcset=\"https:\/\/apuntesdesanluis.com\/wp-content\/uploads\/2025\/02\/MATIAS-DARACT-300x200.jpg 300w, https:\/\/apuntesdesanluis.com\/wp-content\/uploads\/2025\/02\/MATIAS-DARACT-768x511.jpg 768w, https:\/\/apuntesdesanluis.com\/wp-content\/uploads\/2025\/02\/MATIAS-DARACT.jpg 800w\" sizes=\"(max-width: 582px) 100vw, 582px\" \/><\/h3>\n<h3>\u201cEs importante mencionar que nosotros hacemos un seguimiento para constatar que los estudiantes estudien las carreras universitarias y las lleven al d\u00eda, y es muy grato informar que el 90% de estos beneficiarios se encuentra activo y cobrando\u201d, afirm\u00f3 Daract. A prop\u00f3sito de los controles, el funcionario especific\u00f3 que, en el primer a\u00f1o universitario, se les solicita a los beneficiarios que informen qu\u00e9 carrera van a estudiar y presenten el plan de estudios. A partir de estos datos, se conoce cu\u00e1ntos a\u00f1os tiene la carrera y cu\u00e1l es el plan de estudios. Despu\u00e9s, durante el a\u00f1o, se les pide que muestren que son alumnos regulares de las carreras. Los a\u00f1os posteriores, se hace el an\u00e1lisis de que vayan cumpliendo los porcentajes de aprobaci\u00f3n de las materias.<\/h3>\n<h3>\u201cEl seguimiento es peri\u00f3dico. Es un trabajo grande, pero se garantiza que el que est\u00e9 cobrando verdaderamente est\u00e9 estudiando una carrera y la lleva al d\u00eda. Tenemos que considerar que esto es una inversi\u00f3n que hacen los ciudadanos de la provincia de San Luis pagando sus impuestos y que est\u00e1n invirtiendo en la generaci\u00f3n de nuevos profesionales. Justamente debe ser una beca eficiente, que se cumpla\u201d, puntualiz\u00f3 Daract.<\/h3>\n<h3><strong>Candela Escudero<\/strong>, directora de Beneficios Estudiantiles, mencion\u00f3 que los beneficiarios siempre cobran entre el 1\u00b0 y el 10 de cada mes. Por ende, el 6 de febrero cobrar\u00e1n los chicos que ya tienen la beca y aquellos 800 que se suman. \u201cResulta fundamental recordar que esta beca beneficia a los primeros promedios, tanto del paraje m\u00e1s peque\u00f1o hasta las escuelas de la ciudad. Alcanza a todas las instituciones de todas las modalidades, p\u00fablicas y privadas\u201d, record\u00f3.<\/h3>\n<h3><img decoding=\"async\" class=\"wp-image-28611 aligncenter\" src=\"https:\/\/apuntesdesanluis.com\/wp-content\/uploads\/2025\/02\/CANDELA-ESCUDERO-300x200.jpg\" alt=\"\" width=\"576\" height=\"384\" srcset=\"https:\/\/apuntesdesanluis.com\/wp-content\/uploads\/2025\/02\/CANDELA-ESCUDERO-300x200.jpg 300w, https:\/\/apuntesdesanluis.com\/wp-content\/uploads\/2025\/02\/CANDELA-ESCUDERO-768x512.jpg 768w, https:\/\/apuntesdesanluis.com\/wp-content\/uploads\/2025\/02\/CANDELA-ESCUDERO.jpg 800w\" sizes=\"(max-width: 576px) 100vw, 576px\" \/><\/h3>\n<h3>Finalmente, los funcionarios expresaron que los criterios para la selecci\u00f3n de la Beca al M\u00e9rito son objetivos, claros y transparentes, en base a los promedios de los alumnos. De esta forma, no existe ninguna arbitrariedad ni nadie es subjetivo. Adem\u00e1s, el cobro no se interrumpe en ning\u00fan momento del a\u00f1o. No obstante, la carrera debe estar certificada y tener plan de estudio.<\/h3>\n<p>&nbsp;<\/p>\n<p>&nbsp;<\/p>\n<p>&nbsp;<\/p>\n","protected":false},"excerpt":{"rendered":"<p>El ministerio de Educaci\u00f3n inform\u00f3 que este jueves los poseedores de la Beca al M\u00e9rito&#8230;<\/p>\n","protected":false},"author":1,"featured_media":28612,"comment_status":"closed","ping_status":"closed","sticky":false,"template":"","format":"standard","meta":{"footnotes":""},"categories":[6],"tags":[],"class_list":["post-28609","post","type-post","status-publish","format-standard","has-post-thumbnail","hentry","category-ciudad-provincia"],"yoast_head":"<!-- This site is optimized with the Yoast SEO plugin v26.1.1 - https:\/\/yoast.com\/wordpress\/plugins\/seo\/ -->\n<title>ESTUDIANTES BECADOS PODR\u00c1N COBRAR EL JUEVES 6 A TRAV\u00c9S DEL BANCO NACI\u00d3N - Apuntes de San Luis<\/title>\n<meta name=\"robots\" content=\"index, follow, max-snippet:-1, max-image-preview:large, max-video-preview:-1\" \/>\n<link rel=\"canonical\" href=\"https:\/\/apuntesdesanluis.com\/index.php\/2025\/02\/03\/estudiantes-becados-podran-cobrar-el-jueves-6-a-traves-del-banco-nacion\/\" \/>\n<meta property=\"og:locale\" content=\"es_ES\" \/>\n<meta property=\"og:type\" content=\"article\" \/>\n<meta property=\"og:title\" content=\"ESTUDIANTES BECADOS PODR\u00c1N COBRAR EL JUEVES 6 A TRAV\u00c9S DEL BANCO NACI\u00d3N - Apuntes de San Luis\" \/>\n<meta property=\"og:description\" content=\"El ministerio de Educaci\u00f3n inform\u00f3 que este jueves los poseedores de la Beca al M\u00e9rito...\" \/>\n<meta property=\"og:url\" content=\"https:\/\/apuntesdesanluis.com\/index.php\/2025\/02\/03\/estudiantes-becados-podran-cobrar-el-jueves-6-a-traves-del-banco-nacion\/\" \/>\n<meta property=\"og:site_name\" content=\"Apuntes de San Luis\" \/>\n<meta property=\"article:published_time\" content=\"2025-02-03T16:18:47+00:00\" \/>\n<meta property=\"og:image\" content=\"https:\/\/apuntesdesanluis.com\/wp-content\/uploads\/2025\/02\/MATIAS-DARACT-Y-CANDELA-ESCUDERO.png\" \/>\n\t<meta property=\"og:image:width\" content=\"800\" \/>\n\t<meta property=\"og:image:height\" content=\"485\" \/>\n\t<meta property=\"og:image:type\" content=\"image\/png\" \/>\n<meta name=\"author\" content=\"apuntesdesanluis.com\" \/>\n<meta name=\"twitter:card\" content=\"summary_large_image\" \/>\n<meta name=\"twitter:label1\" content=\"Escrito por\" \/>\n\t<meta name=\"twitter:data1\" content=\"apuntesdesanluis.com\" \/>\n\t<meta name=\"twitter:label2\" content=\"Tiempo de lectura\" \/>\n\t<meta name=\"twitter:data2\" content=\"4 minutos\" \/>\n<script type=\"application\/ld+json\" class=\"yoast-schema-graph\">{\"@context\":\"https:\/\/schema.org\",\"@graph\":[{\"@type\":\"Article\",\"@id\":\"https:\/\/apuntesdesanluis.com\/index.php\/2025\/02\/03\/estudiantes-becados-podran-cobrar-el-jueves-6-a-traves-del-banco-nacion\/#article\",\"isPartOf\":{\"@id\":\"https:\/\/apuntesdesanluis.com\/index.php\/2025\/02\/03\/estudiantes-becados-podran-cobrar-el-jueves-6-a-traves-del-banco-nacion\/\"},\"author\":{\"name\":\"apuntesdesanluis.com\",\"@id\":\"https:\/\/apuntesdesanluis.com\/#\/schema\/person\/b55151d52296fcce64d1a72538a70b90\"},\"headline\":\"ESTUDIANTES BECADOS PODR\u00c1N COBRAR EL JUEVES 6 A TRAV\u00c9S DEL BANCO NACI\u00d3N\",\"datePublished\":\"2025-02-03T16:18:47+00:00\",\"mainEntityOfPage\":{\"@id\":\"https:\/\/apuntesdesanluis.com\/index.php\/2025\/02\/03\/estudiantes-becados-podran-cobrar-el-jueves-6-a-traves-del-banco-nacion\/\"},\"wordCount\":656,\"publisher\":{\"@id\":\"https:\/\/apuntesdesanluis.com\/#\/schema\/person\/b55151d52296fcce64d1a72538a70b90\"},\"image\":{\"@id\":\"https:\/\/apuntesdesanluis.com\/index.php\/2025\/02\/03\/estudiantes-becados-podran-cobrar-el-jueves-6-a-traves-del-banco-nacion\/#primaryimage\"},\"thumbnailUrl\":\"https:\/\/apuntesdesanluis.com\/wp-content\/uploads\/2025\/02\/MATIAS-DARACT-Y-CANDELA-ESCUDERO.png\",\"articleSection\":[\"Ciudad\/Provincia\"],\"inLanguage\":\"es-AR\"},{\"@type\":\"WebPage\",\"@id\":\"https:\/\/apuntesdesanluis.com\/index.php\/2025\/02\/03\/estudiantes-becados-podran-cobrar-el-jueves-6-a-traves-del-banco-nacion\/\",\"url\":\"https:\/\/apuntesdesanluis.com\/index.php\/2025\/02\/03\/estudiantes-becados-podran-cobrar-el-jueves-6-a-traves-del-banco-nacion\/\",\"name\":\"ESTUDIANTES BECADOS PODR\u00c1N COBRAR EL JUEVES 6 A TRAV\u00c9S DEL BANCO NACI\u00d3N - Apuntes de San Luis\",\"isPartOf\":{\"@id\":\"https:\/\/apuntesdesanluis.com\/#website\"},\"primaryImageOfPage\":{\"@id\":\"https:\/\/apuntesdesanluis.com\/index.php\/2025\/02\/03\/estudiantes-becados-podran-cobrar-el-jueves-6-a-traves-del-banco-nacion\/#primaryimage\"},\"image\":{\"@id\":\"https:\/\/apuntesdesanluis.com\/index.php\/2025\/02\/03\/estudiantes-becados-podran-cobrar-el-jueves-6-a-traves-del-banco-nacion\/#primaryimage\"},\"thumbnailUrl\":\"https:\/\/apuntesdesanluis.com\/wp-content\/uploads\/2025\/02\/MATIAS-DARACT-Y-CANDELA-ESCUDERO.png\",\"datePublished\":\"2025-02-03T16:18:47+00:00\",\"breadcrumb\":{\"@id\":\"https:\/\/apuntesdesanluis.com\/index.php\/2025\/02\/03\/estudiantes-becados-podran-cobrar-el-jueves-6-a-traves-del-banco-nacion\/#breadcrumb\"},\"inLanguage\":\"es-AR\",\"potentialAction\":[{\"@type\":\"ReadAction\",\"target\":[\"https:\/\/apuntesdesanluis.com\/index.php\/2025\/02\/03\/estudiantes-becados-podran-cobrar-el-jueves-6-a-traves-del-banco-nacion\/\"]}]},{\"@type\":\"ImageObject\",\"inLanguage\":\"es-AR\",\"@id\":\"https:\/\/apuntesdesanluis.com\/index.php\/2025\/02\/03\/estudiantes-becados-podran-cobrar-el-jueves-6-a-traves-del-banco-nacion\/#primaryimage\",\"url\":\"https:\/\/apuntesdesanluis.com\/wp-content\/uploads\/2025\/02\/MATIAS-DARACT-Y-CANDELA-ESCUDERO.png\",\"contentUrl\":\"https:\/\/apuntesdesanluis.com\/wp-content\/uploads\/2025\/02\/MATIAS-DARACT-Y-CANDELA-ESCUDERO.png\",\"width\":800,\"height\":485},{\"@type\":\"BreadcrumbList\",\"@id\":\"https:\/\/apuntesdesanluis.com\/index.php\/2025\/02\/03\/estudiantes-becados-podran-cobrar-el-jueves-6-a-traves-del-banco-nacion\/#breadcrumb\",\"itemListElement\":[{\"@type\":\"ListItem\",\"position\":1,\"name\":\"Inicio\",\"item\":\"https:\/\/apuntesdesanluis.com\/\"},{\"@type\":\"ListItem\",\"position\":2,\"name\":\"ESTUDIANTES BECADOS PODR\u00c1N COBRAR EL JUEVES 6 A TRAV\u00c9S DEL BANCO NACI\u00d3N\"}]},{\"@type\":\"WebSite\",\"@id\":\"https:\/\/apuntesdesanluis.com\/#website\",\"url\":\"https:\/\/apuntesdesanluis.com\/\",\"name\":\"Apuntes de San Luis\",\"description\":\"\",\"publisher\":{\"@id\":\"https:\/\/apuntesdesanluis.com\/#\/schema\/person\/b55151d52296fcce64d1a72538a70b90\"},\"potentialAction\":[{\"@type\":\"SearchAction\",\"target\":{\"@type\":\"EntryPoint\",\"urlTemplate\":\"https:\/\/apuntesdesanluis.com\/?s={search_term_string}\"},\"query-input\":{\"@type\":\"PropertyValueSpecification\",\"valueRequired\":true,\"valueName\":\"search_term_string\"}}],\"inLanguage\":\"es-AR\"},{\"@type\":[\"Person\",\"Organization\"],\"@id\":\"https:\/\/apuntesdesanluis.com\/#\/schema\/person\/b55151d52296fcce64d1a72538a70b90\",\"name\":\"apuntesdesanluis.com\",\"image\":{\"@type\":\"ImageObject\",\"inLanguage\":\"es-AR\",\"@id\":\"https:\/\/apuntesdesanluis.com\/#\/schema\/person\/image\/\",\"url\":\"https:\/\/apuntesdesanluis.com\/wp-content\/uploads\/2023\/07\/cropped-apuntesdesanluis.png\",\"contentUrl\":\"https:\/\/apuntesdesanluis.com\/wp-content\/uploads\/2023\/07\/cropped-apuntesdesanluis.png\",\"width\":450,\"height\":112,\"caption\":\"apuntesdesanluis.com\"},\"logo\":{\"@id\":\"https:\/\/apuntesdesanluis.com\/#\/schema\/person\/image\/\"},\"sameAs\":[\"https:\/\/apuntesdesanluis.com\"],\"url\":\"https:\/\/apuntesdesanluis.com\/index.php\/author\/apuntesdesanluis-com\/\"}]}<\/script>\n<!-- \/ Yoast SEO plugin. -->","yoast_head_json":{"title":"ESTUDIANTES BECADOS PODR\u00c1N COBRAR EL JUEVES 6 A TRAV\u00c9S DEL BANCO NACI\u00d3N - Apuntes de San Luis","robots":{"index":"index","follow":"follow","max-snippet":"max-snippet:-1","max-image-preview":"max-image-preview:large","max-video-preview":"max-video-preview:-1"},"canonical":"https:\/\/apuntesdesanluis.com\/index.php\/2025\/02\/03\/estudiantes-becados-podran-cobrar-el-jueves-6-a-traves-del-banco-nacion\/","og_locale":"es_ES","og_type":"article","og_title":"ESTUDIANTES BECADOS PODR\u00c1N COBRAR EL JUEVES 6 A TRAV\u00c9S DEL BANCO NACI\u00d3N - Apuntes de San Luis","og_description":"El ministerio de Educaci\u00f3n inform\u00f3 que este jueves los poseedores de la Beca al M\u00e9rito...","og_url":"https:\/\/apuntesdesanluis.com\/index.php\/2025\/02\/03\/estudiantes-becados-podran-cobrar-el-jueves-6-a-traves-del-banco-nacion\/","og_site_name":"Apuntes de San Luis","article_published_time":"2025-02-03T16:18:47+00:00","og_image":[{"width":800,"height":485,"url":"https:\/\/apuntesdesanluis.com\/wp-content\/uploads\/2025\/02\/MATIAS-DARACT-Y-CANDELA-ESCUDERO.png","type":"image\/png"}],"author":"apuntesdesanluis.com","twitter_card":"summary_large_image","twitter_misc":{"Escrito por":"apuntesdesanluis.com","Tiempo de lectura":"4 minutos"},"schema":{"@context":"https:\/\/schema.org","@graph":[{"@type":"Article","@id":"https:\/\/apuntesdesanluis.com\/index.php\/2025\/02\/03\/estudiantes-becados-podran-cobrar-el-jueves-6-a-traves-del-banco-nacion\/#article","isPartOf":{"@id":"https:\/\/apuntesdesanluis.com\/index.php\/2025\/02\/03\/estudiantes-becados-podran-cobrar-el-jueves-6-a-traves-del-banco-nacion\/"},"author":{"name":"apuntesdesanluis.com","@id":"https:\/\/apuntesdesanluis.com\/#\/schema\/person\/b55151d52296fcce64d1a72538a70b90"},"headline":"ESTUDIANTES BECADOS PODR\u00c1N COBRAR EL JUEVES 6 A TRAV\u00c9S DEL BANCO NACI\u00d3N","datePublished":"2025-02-03T16:18:47+00:00","mainEntityOfPage":{"@id":"https:\/\/apuntesdesanluis.com\/index.php\/2025\/02\/03\/estudiantes-becados-podran-cobrar-el-jueves-6-a-traves-del-banco-nacion\/"},"wordCount":656,"publisher":{"@id":"https:\/\/apuntesdesanluis.com\/#\/schema\/person\/b55151d52296fcce64d1a72538a70b90"},"image":{"@id":"https:\/\/apuntesdesanluis.com\/index.php\/2025\/02\/03\/estudiantes-becados-podran-cobrar-el-jueves-6-a-traves-del-banco-nacion\/#primaryimage"},"thumbnailUrl":"https:\/\/apuntesdesanluis.com\/wp-content\/uploads\/2025\/02\/MATIAS-DARACT-Y-CANDELA-ESCUDERO.png","articleSection":["Ciudad\/Provincia"],"inLanguage":"es-AR"},{"@type":"WebPage","@id":"https:\/\/apuntesdesanluis.com\/index.php\/2025\/02\/03\/estudiantes-becados-podran-cobrar-el-jueves-6-a-traves-del-banco-nacion\/","url":"https:\/\/apuntesdesanluis.com\/index.php\/2025\/02\/03\/estudiantes-becados-podran-cobrar-el-jueves-6-a-traves-del-banco-nacion\/","name":"ESTUDIANTES BECADOS PODR\u00c1N COBRAR EL JUEVES 6 A TRAV\u00c9S DEL BANCO NACI\u00d3N - Apuntes de San Luis","isPartOf":{"@id":"https:\/\/apuntesdesanluis.com\/#website"},"primaryImageOfPage":{"@id":"https:\/\/apuntesdesanluis.com\/index.php\/2025\/02\/03\/estudiantes-becados-podran-cobrar-el-jueves-6-a-traves-del-banco-nacion\/#primaryimage"},"image":{"@id":"https:\/\/apuntesdesanluis.com\/index.php\/2025\/02\/03\/estudiantes-becados-podran-cobrar-el-jueves-6-a-traves-del-banco-nacion\/#primaryimage"},"thumbnailUrl":"https:\/\/apuntesdesanluis.com\/wp-content\/uploads\/2025\/02\/MATIAS-DARACT-Y-CANDELA-ESCUDERO.png","datePublished":"2025-02-03T16:18:47+00:00","breadcrumb":{"@id":"https:\/\/apuntesdesanluis.com\/index.php\/2025\/02\/03\/estudiantes-becados-podran-cobrar-el-jueves-6-a-traves-del-banco-nacion\/#breadcrumb"},"inLanguage":"es-AR","potentialAction":[{"@type":"ReadAction","target":["https:\/\/apuntesdesanluis.com\/index.php\/2025\/02\/03\/estudiantes-becados-podran-cobrar-el-jueves-6-a-traves-del-banco-nacion\/"]}]},{"@type":"ImageObject","inLanguage":"es-AR","@id":"https:\/\/apuntesdesanluis.com\/index.php\/2025\/02\/03\/estudiantes-becados-podran-cobrar-el-jueves-6-a-traves-del-banco-nacion\/#primaryimage","url":"https:\/\/apuntesdesanluis.com\/wp-content\/uploads\/2025\/02\/MATIAS-DARACT-Y-CANDELA-ESCUDERO.png","contentUrl":"https:\/\/apuntesdesanluis.com\/wp-content\/uploads\/2025\/02\/MATIAS-DARACT-Y-CANDELA-ESCUDERO.png","width":800,"height":485},{"@type":"BreadcrumbList","@id":"https:\/\/apuntesdesanluis.com\/index.php\/2025\/02\/03\/estudiantes-becados-podran-cobrar-el-jueves-6-a-traves-del-banco-nacion\/#breadcrumb","itemListElement":[{"@type":"ListItem","position":1,"name":"Inicio","item":"https:\/\/apuntesdesanluis.com\/"},{"@type":"ListItem","position":2,"name":"ESTUDIANTES BECADOS PODR\u00c1N COBRAR EL JUEVES 6 A TRAV\u00c9S DEL BANCO NACI\u00d3N"}]},{"@type":"WebSite","@id":"https:\/\/apuntesdesanluis.com\/#website","url":"https:\/\/apuntesdesanluis.com\/","name":"Apuntes de San Luis","description":"","publisher":{"@id":"https:\/\/apuntesdesanluis.com\/#\/schema\/person\/b55151d52296fcce64d1a72538a70b90"},"potentialAction":[{"@type":"SearchAction","target":{"@type":"EntryPoint","urlTemplate":"https:\/\/apuntesdesanluis.com\/?s={search_term_string}"},"query-input":{"@type":"PropertyValueSpecification","valueRequired":true,"valueName":"search_term_string"}}],"inLanguage":"es-AR"},{"@type":["Person","Organization"],"@id":"https:\/\/apuntesdesanluis.com\/#\/schema\/person\/b55151d52296fcce64d1a72538a70b90","name":"apuntesdesanluis.com","image":{"@type":"ImageObject","inLanguage":"es-AR","@id":"https:\/\/apuntesdesanluis.com\/#\/schema\/person\/image\/","url":"https:\/\/apuntesdesanluis.com\/wp-content\/uploads\/2023\/07\/cropped-apuntesdesanluis.png","contentUrl":"https:\/\/apuntesdesanluis.com\/wp-content\/uploads\/2023\/07\/cropped-apuntesdesanluis.png","width":450,"height":112,"caption":"apuntesdesanluis.com"},"logo":{"@id":"https:\/\/apuntesdesanluis.com\/#\/schema\/person\/image\/"},"sameAs":["https:\/\/apuntesdesanluis.com"],"url":"https:\/\/apuntesdesanluis.com\/index.php\/author\/apuntesdesanluis-com\/"}]}},"featured_image_urls":{"full":["https:\/\/apuntesdesanluis.com\/wp-content\/uploads\/2025\/02\/MATIAS-DARACT-Y-CANDELA-ESCUDERO.png",800,485,false],"thumbnail":["https:\/\/apuntesdesanluis.com\/wp-content\/uploads\/2025\/02\/MATIAS-DARACT-Y-CANDELA-ESCUDERO-150x150.png",150,150,true],"medium":["https:\/\/apuntesdesanluis.com\/wp-content\/uploads\/2025\/02\/MATIAS-DARACT-Y-CANDELA-ESCUDERO-300x182.png",300,182,true],"medium_large":["https:\/\/apuntesdesanluis.com\/wp-content\/uploads\/2025\/02\/MATIAS-DARACT-Y-CANDELA-ESCUDERO-768x466.png",640,388,true],"large":["https:\/\/apuntesdesanluis.com\/wp-content\/uploads\/2025\/02\/MATIAS-DARACT-Y-CANDELA-ESCUDERO.png",640,388,false],"1536x1536":["https:\/\/apuntesdesanluis.com\/wp-content\/uploads\/2025\/02\/MATIAS-DARACT-Y-CANDELA-ESCUDERO.png",800,485,false],"2048x2048":["https:\/\/apuntesdesanluis.com\/wp-content\/uploads\/2025\/02\/MATIAS-DARACT-Y-CANDELA-ESCUDERO.png",800,485,false],"newsever-slider-full":["https:\/\/apuntesdesanluis.com\/wp-content\/uploads\/2025\/02\/MATIAS-DARACT-Y-CANDELA-ESCUDERO.png",800,485,false],"newsever-featured":["https:\/\/apuntesdesanluis.com\/wp-content\/uploads\/2025\/02\/MATIAS-DARACT-Y-CANDELA-ESCUDERO.png",800,485,false],"newsever-medium":["https:\/\/apuntesdesanluis.com\/wp-content\/uploads\/2025\/02\/MATIAS-DARACT-Y-CANDELA-ESCUDERO-720x475.png",720,475,true]},"author_info":{"display_name":"apuntesdesanluis.com","author_link":"https:\/\/apuntesdesanluis.com\/index.php\/author\/apuntesdesanluis-com\/"},"category_info":"<a href=\"https:\/\/apuntesdesanluis.com\/index.php\/category\/ciudad-provincia\/\" rel=\"category tag\">Ciudad\/Provincia<\/a>","tag_info":"Ciudad\/Provincia","comment_count":"0","_links":{"self":[{"href":"https:\/\/apuntesdesanluis.com\/index.php\/wp-json\/wp\/v2\/posts\/28609","targetHints":{"allow":["GET"]}}],"collection":[{"href":"https:\/\/apuntesdesanluis.com\/index.php\/wp-json\/wp\/v2\/posts"}],"about":[{"href":"https:\/\/apuntesdesanluis.com\/index.php\/wp-json\/wp\/v2\/types\/post"}],"author":[{"embeddable":true,"href":"https:\/\/apuntesdesanluis.com\/index.php\/wp-json\/wp\/v2\/users\/1"}],"replies":[{"embeddable":true,"href":"https:\/\/apuntesdesanluis.com\/index.php\/wp-json\/wp\/v2\/comments?post=28609"}],"version-history":[{"count":1,"href":"https:\/\/apuntesdesanluis.com\/index.php\/wp-json\/wp\/v2\/posts\/28609\/revisions"}],"predecessor-version":[{"id":28613,"href":"https:\/\/apuntesdesanluis.com\/index.php\/wp-json\/wp\/v2\/posts\/28609\/revisions\/28613"}],"wp:featuredmedia":[{"embeddable":true,"href":"https:\/\/apuntesdesanluis.com\/index.php\/wp-json\/wp\/v2\/media\/28612"}],"wp:attachment":[{"href":"https:\/\/apuntesdesanluis.com\/index.php\/wp-json\/wp\/v2\/media?parent=28609"}],"wp:term":[{"taxonomy":"category","embeddable":true,"href":"https:\/\/apuntesdesanluis.com\/index.php\/wp-json\/wp\/v2\/categories?post=28609"},{"taxonomy":"post_tag","embeddable":true,"href":"https:\/\/apuntesdesanluis.com\/index.php\/wp-json\/wp\/v2\/tags?post=28609"}],"curies":[{"name":"wp","href":"https:\/\/api.w.org\/{rel}","templated":true}]}}