{"id":2861,"date":"2023-09-05T23:55:20","date_gmt":"2023-09-06T02:55:20","guid":{"rendered":"https:\/\/apuntesdesanluis.com\/?p=2861"},"modified":"2023-09-07T00:34:23","modified_gmt":"2023-09-07T03:34:23","slug":"el-concejo-deliberante-aprobo-un-reconocimiento-y-distincion-a-la-docente-cristina-tata-evangelista","status":"publish","type":"post","link":"https:\/\/apuntesdesanluis.com\/index.php\/2023\/09\/05\/el-concejo-deliberante-aprobo-un-reconocimiento-y-distincion-a-la-docente-cristina-tata-evangelista\/","title":{"rendered":"EL CONCEJO DELIBERANTE APROB\u00d3 UN RECONOCIMIENTO Y DISTINCI\u00d3N A LA DOCENTE CRISTINA \u201cTAT\u00c1\u201d EVANGELISTA"},"content":{"rendered":"<h3>Fue en la sesi\u00f3n de este martes, que fue presidida por la Presidenta Provisional Lucia Vanesa Lacerda Traversi.<\/h3>\n<h3>En el momento de ingresar proyectos y\/o realizar homenajes la Concejal Lucrecia Soria expres\u00f3 su congoja por el homicidio perpetrado a la Sra. Mafalda S\u00e1nchez, hecho delictivo cometido el d\u00eda lunes 4 de septiembre, e inst\u00f3 a reflexionar sobre el contexto de inseguridad que vive la comunidad, donde cada d\u00eda se percibe una situaci\u00f3n socioecon\u00f3mica desfavorable.<\/h3>\n<h3>En cuanto a los asuntos entrados fueron le\u00eddos por la Secretaria Legislativa, oportunidad en que fueron fundamentados por los autores de los proyectos presentados y remitidos a la comisi\u00f3n pertinente. Salvo el proyecto tratado sobre tablas \u00a0del Bloque Frente Unidad Justicialista, a trav\u00e9s del cual se \u201cReconoce y Distingue a la docente Cristina \u00b4Tata\u00b4 Evangelista por su noble y destacada tarea, en el marco de la conmemoraci\u00f3n del D\u00eda Internacional de la Alfabetizaci\u00f3n, dispuesto para el 08 de septiembre de cada a\u00f1o\u201d, el cual fue fundamentado por el Concejal Marcelo Periale y aprobado por unanimidad.<\/h3>\n<h3><strong>DESPACHOS DE COMISIONES OBRAS Y SERVICIOS P\u00daBLICOS-ECOLOG\u00cdA, MEDIO AMBIENTE E HIGIENE<\/strong><\/h3>\n<h3>Los Exptes. N\u00b0 21237-n\/22 y N\u00b0 21676-n\/23- Notas N\u00b0 41\/22 y N\u00b0 15\/23-\u00a0 referidos a Empresa TGN- Transportadora de Gas de Norte S. A., presenta proyecto de reglamentaci\u00f3n para la gesti\u00f3n de permisos respecto a actividades a desarrollar en lugares aleda\u00f1os a gasoductos de transporte de gas natural a alta presi\u00f3n y solicitud de reuni\u00f3n, el siguiente despacho fue argumentado por el Concejal Hugo Rossi y aprobado de forma un\u00e1nime.<\/h3>\n<h3><strong>ACCI\u00d3N SOCIAL, CULTURA Y EDUCACI\u00d3N<\/strong><\/h3>\n<h3>El Expte. N\u00b0 21153-d\/22- Proyecto de Declaraci\u00f3n referido a El Honorable Concejo Deliberante Declara de Inter\u00e9s Legislativo, Social y Educativo, la Diplomatura en Innovaci\u00f3n, Emprendedurismo y Econom\u00eda Social a dictarse por parte de la Facultad de Ciencias Econ\u00f3micas, Jur\u00eddicas y Sociales de la Universidad Nacional de San Luis, la Concejal Gabriela L\u00f3pez ley\u00f3 el dictamen y cont\u00f3 con la aprobaci\u00f3n de todo el cuerpo, oportunidad en que fue fundamentado adem\u00e1s\u00a0 por el Concejal Jorge Rosales.<\/h3>\n<h3>El Expte. N\u00b0 21216-c\/22 Proyecto de Comunicaci\u00f3n referido a solicitar a universidades p\u00fablicas y privadas, locales y provinciales, institutos y dem\u00e1s casas de altos estudios, informe sobre la cantidad de alumnos cursantes dentro de cada una de esas instituciones educativas, como as\u00ed tambi\u00e9n a la Universidad de la Punta, lo haga respecto a alumnos cursantes de la ciudad de Villa Mercedes, argumentado por la Concejal Gabriela L\u00f3pez y aprobado por unanimidad, sumadas las observaciones realizadas por el Concejales Rosales y Lucrecia Soria.<\/h3>\n<h3>El Expte. N\u00b0 21716-n\/23- Sociedad Rural R\u00edo Quinto- Nota N\u00b0 18\/23 referido a solicita se Declare de Inter\u00e9s Regional la &#8220;92\u00b0 Expo Rural San Luis Productiva- Villa Mercedes&#8221;, a realizarse desde el 29 de septiembre al 1\u00b0 de octubre en predio La Fortuna, fundamentado por la Edil L\u00f3pez y aprobado de por unanimidad.<\/h3>\n<h3>El Expte. N\u00b0 21746-d\/23 Proyecto de Declaraci\u00f3n referido a El Honorable Concejo Deliberante Reconoce y Distingue a Carlos Esteban de la Barrera &#8220;Carli&#8221;, por su extensa trayectoria como jugador, entrenador infantil e invalorable aporte al deporte local, en la disciplina del rugby, fundamentado por las Concejales Gabriela L\u00f3pez y Lucrecia Soria el cual fue aprobado por mayor\u00eda.<\/h3>\n<h3><strong>ECOLOG\u00cdA, MEDIO AMBIENTE E HIGIENE<\/strong><\/h3>\n<h3>Los despachos de esta comisi\u00f3n, sobre pedidos de autorizaci\u00f3n para extracci\u00f3n de \u00e1rboles, fueron argumentados por la Concejal Lucrecia Soria y aprobados de forma un\u00e1nime.<\/h3>\n<p>&nbsp;<\/p>\n","protected":false},"excerpt":{"rendered":"<p>Fue en la sesi\u00f3n de este martes, que fue presidida por la Presidenta Provisional Lucia&#8230;<\/p>\n","protected":false},"author":1,"featured_media":2862,"comment_status":"closed","ping_status":"closed","sticky":false,"template":"","format":"standard","meta":{"footnotes":""},"categories":[6],"tags":[],"class_list":["post-2861","post","type-post","status-publish","format-standard","has-post-thumbnail","hentry","category-ciudad-provincia"],"yoast_head":"<!-- This site is optimized with the Yoast SEO plugin v26.1.1 - https:\/\/yoast.com\/wordpress\/plugins\/seo\/ -->\n<title>EL CONCEJO DELIBERANTE APROB\u00d3 UN RECONOCIMIENTO Y DISTINCI\u00d3N A LA DOCENTE CRISTINA \u201cTAT\u00c1\u201d EVANGELISTA - Apuntes de San Luis<\/title>\n<meta name=\"robots\" content=\"index, follow, max-snippet:-1, max-image-preview:large, max-video-preview:-1\" \/>\n<link rel=\"canonical\" href=\"https:\/\/apuntesdesanluis.com\/index.php\/2023\/09\/05\/el-concejo-deliberante-aprobo-un-reconocimiento-y-distincion-a-la-docente-cristina-tata-evangelista\/\" \/>\n<meta property=\"og:locale\" content=\"es_ES\" \/>\n<meta property=\"og:type\" content=\"article\" \/>\n<meta property=\"og:title\" content=\"EL CONCEJO DELIBERANTE APROB\u00d3 UN RECONOCIMIENTO Y DISTINCI\u00d3N A LA DOCENTE CRISTINA \u201cTAT\u00c1\u201d EVANGELISTA - Apuntes de San Luis\" \/>\n<meta property=\"og:description\" content=\"Fue en la sesi\u00f3n de este martes, que fue presidida por la Presidenta Provisional Lucia...\" \/>\n<meta property=\"og:url\" content=\"https:\/\/apuntesdesanluis.com\/index.php\/2023\/09\/05\/el-concejo-deliberante-aprobo-un-reconocimiento-y-distincion-a-la-docente-cristina-tata-evangelista\/\" \/>\n<meta property=\"og:site_name\" content=\"Apuntes de San Luis\" \/>\n<meta property=\"article:published_time\" content=\"2023-09-06T02:55:20+00:00\" \/>\n<meta property=\"article:modified_time\" content=\"2023-09-07T03:34:23+00:00\" \/>\n<meta property=\"og:image\" content=\"https:\/\/apuntesdesanluis.com\/wp-content\/uploads\/2023\/09\/concejo.png\" \/>\n\t<meta property=\"og:image:width\" content=\"700\" \/>\n\t<meta property=\"og:image:height\" content=\"397\" \/>\n\t<meta property=\"og:image:type\" content=\"image\/png\" \/>\n<meta name=\"author\" content=\"apuntesdesanluis.com\" \/>\n<meta name=\"twitter:card\" content=\"summary_large_image\" \/>\n<meta name=\"twitter:label1\" content=\"Escrito por\" \/>\n\t<meta name=\"twitter:data1\" content=\"apuntesdesanluis.com\" \/>\n\t<meta name=\"twitter:label2\" content=\"Tiempo de lectura\" \/>\n\t<meta name=\"twitter:data2\" content=\"3 minutos\" \/>\n<script type=\"application\/ld+json\" class=\"yoast-schema-graph\">{\"@context\":\"https:\/\/schema.org\",\"@graph\":[{\"@type\":\"Article\",\"@id\":\"https:\/\/apuntesdesanluis.com\/index.php\/2023\/09\/05\/el-concejo-deliberante-aprobo-un-reconocimiento-y-distincion-a-la-docente-cristina-tata-evangelista\/#article\",\"isPartOf\":{\"@id\":\"https:\/\/apuntesdesanluis.com\/index.php\/2023\/09\/05\/el-concejo-deliberante-aprobo-un-reconocimiento-y-distincion-a-la-docente-cristina-tata-evangelista\/\"},\"author\":{\"name\":\"apuntesdesanluis.com\",\"@id\":\"https:\/\/apuntesdesanluis.com\/#\/schema\/person\/b55151d52296fcce64d1a72538a70b90\"},\"headline\":\"EL CONCEJO DELIBERANTE APROB\u00d3 UN RECONOCIMIENTO Y DISTINCI\u00d3N A LA DOCENTE CRISTINA \u201cTAT\u00c1\u201d EVANGELISTA\",\"datePublished\":\"2023-09-06T02:55:20+00:00\",\"dateModified\":\"2023-09-07T03:34:23+00:00\",\"mainEntityOfPage\":{\"@id\":\"https:\/\/apuntesdesanluis.com\/index.php\/2023\/09\/05\/el-concejo-deliberante-aprobo-un-reconocimiento-y-distincion-a-la-docente-cristina-tata-evangelista\/\"},\"wordCount\":613,\"publisher\":{\"@id\":\"https:\/\/apuntesdesanluis.com\/#\/schema\/person\/b55151d52296fcce64d1a72538a70b90\"},\"image\":{\"@id\":\"https:\/\/apuntesdesanluis.com\/index.php\/2023\/09\/05\/el-concejo-deliberante-aprobo-un-reconocimiento-y-distincion-a-la-docente-cristina-tata-evangelista\/#primaryimage\"},\"thumbnailUrl\":\"https:\/\/apuntesdesanluis.com\/wp-content\/uploads\/2023\/09\/concejo.png\",\"articleSection\":[\"Ciudad\/Provincia\"],\"inLanguage\":\"es-AR\"},{\"@type\":\"WebPage\",\"@id\":\"https:\/\/apuntesdesanluis.com\/index.php\/2023\/09\/05\/el-concejo-deliberante-aprobo-un-reconocimiento-y-distincion-a-la-docente-cristina-tata-evangelista\/\",\"url\":\"https:\/\/apuntesdesanluis.com\/index.php\/2023\/09\/05\/el-concejo-deliberante-aprobo-un-reconocimiento-y-distincion-a-la-docente-cristina-tata-evangelista\/\",\"name\":\"EL CONCEJO DELIBERANTE APROB\u00d3 UN RECONOCIMIENTO Y DISTINCI\u00d3N A LA DOCENTE CRISTINA \u201cTAT\u00c1\u201d EVANGELISTA - Apuntes de San Luis\",\"isPartOf\":{\"@id\":\"https:\/\/apuntesdesanluis.com\/#website\"},\"primaryImageOfPage\":{\"@id\":\"https:\/\/apuntesdesanluis.com\/index.php\/2023\/09\/05\/el-concejo-deliberante-aprobo-un-reconocimiento-y-distincion-a-la-docente-cristina-tata-evangelista\/#primaryimage\"},\"image\":{\"@id\":\"https:\/\/apuntesdesanluis.com\/index.php\/2023\/09\/05\/el-concejo-deliberante-aprobo-un-reconocimiento-y-distincion-a-la-docente-cristina-tata-evangelista\/#primaryimage\"},\"thumbnailUrl\":\"https:\/\/apuntesdesanluis.com\/wp-content\/uploads\/2023\/09\/concejo.png\",\"datePublished\":\"2023-09-06T02:55:20+00:00\",\"dateModified\":\"2023-09-07T03:34:23+00:00\",\"breadcrumb\":{\"@id\":\"https:\/\/apuntesdesanluis.com\/index.php\/2023\/09\/05\/el-concejo-deliberante-aprobo-un-reconocimiento-y-distincion-a-la-docente-cristina-tata-evangelista\/#breadcrumb\"},\"inLanguage\":\"es-AR\",\"potentialAction\":[{\"@type\":\"ReadAction\",\"target\":[\"https:\/\/apuntesdesanluis.com\/index.php\/2023\/09\/05\/el-concejo-deliberante-aprobo-un-reconocimiento-y-distincion-a-la-docente-cristina-tata-evangelista\/\"]}]},{\"@type\":\"ImageObject\",\"inLanguage\":\"es-AR\",\"@id\":\"https:\/\/apuntesdesanluis.com\/index.php\/2023\/09\/05\/el-concejo-deliberante-aprobo-un-reconocimiento-y-distincion-a-la-docente-cristina-tata-evangelista\/#primaryimage\",\"url\":\"https:\/\/apuntesdesanluis.com\/wp-content\/uploads\/2023\/09\/concejo.png\",\"contentUrl\":\"https:\/\/apuntesdesanluis.com\/wp-content\/uploads\/2023\/09\/concejo.png\",\"width\":700,\"height\":397},{\"@type\":\"BreadcrumbList\",\"@id\":\"https:\/\/apuntesdesanluis.com\/index.php\/2023\/09\/05\/el-concejo-deliberante-aprobo-un-reconocimiento-y-distincion-a-la-docente-cristina-tata-evangelista\/#breadcrumb\",\"itemListElement\":[{\"@type\":\"ListItem\",\"position\":1,\"name\":\"Inicio\",\"item\":\"https:\/\/apuntesdesanluis.com\/\"},{\"@type\":\"ListItem\",\"position\":2,\"name\":\"EL CONCEJO DELIBERANTE APROB\u00d3 UN RECONOCIMIENTO Y DISTINCI\u00d3N A LA DOCENTE CRISTINA \u201cTAT\u00c1\u201d EVANGELISTA\"}]},{\"@type\":\"WebSite\",\"@id\":\"https:\/\/apuntesdesanluis.com\/#website\",\"url\":\"https:\/\/apuntesdesanluis.com\/\",\"name\":\"Apuntes de San Luis\",\"description\":\"\",\"publisher\":{\"@id\":\"https:\/\/apuntesdesanluis.com\/#\/schema\/person\/b55151d52296fcce64d1a72538a70b90\"},\"potentialAction\":[{\"@type\":\"SearchAction\",\"target\":{\"@type\":\"EntryPoint\",\"urlTemplate\":\"https:\/\/apuntesdesanluis.com\/?s={search_term_string}\"},\"query-input\":{\"@type\":\"PropertyValueSpecification\",\"valueRequired\":true,\"valueName\":\"search_term_string\"}}],\"inLanguage\":\"es-AR\"},{\"@type\":[\"Person\",\"Organization\"],\"@id\":\"https:\/\/apuntesdesanluis.com\/#\/schema\/person\/b55151d52296fcce64d1a72538a70b90\",\"name\":\"apuntesdesanluis.com\",\"image\":{\"@type\":\"ImageObject\",\"inLanguage\":\"es-AR\",\"@id\":\"https:\/\/apuntesdesanluis.com\/#\/schema\/person\/image\/\",\"url\":\"https:\/\/apuntesdesanluis.com\/wp-content\/uploads\/2023\/07\/cropped-apuntesdesanluis.png\",\"contentUrl\":\"https:\/\/apuntesdesanluis.com\/wp-content\/uploads\/2023\/07\/cropped-apuntesdesanluis.png\",\"width\":450,\"height\":112,\"caption\":\"apuntesdesanluis.com\"},\"logo\":{\"@id\":\"https:\/\/apuntesdesanluis.com\/#\/schema\/person\/image\/\"},\"sameAs\":[\"https:\/\/apuntesdesanluis.com\"],\"url\":\"https:\/\/apuntesdesanluis.com\/index.php\/author\/apuntesdesanluis-com\/\"}]}<\/script>\n<!-- \/ Yoast SEO plugin. -->","yoast_head_json":{"title":"EL CONCEJO DELIBERANTE APROB\u00d3 UN RECONOCIMIENTO Y DISTINCI\u00d3N A LA DOCENTE CRISTINA \u201cTAT\u00c1\u201d EVANGELISTA - Apuntes de San Luis","robots":{"index":"index","follow":"follow","max-snippet":"max-snippet:-1","max-image-preview":"max-image-preview:large","max-video-preview":"max-video-preview:-1"},"canonical":"https:\/\/apuntesdesanluis.com\/index.php\/2023\/09\/05\/el-concejo-deliberante-aprobo-un-reconocimiento-y-distincion-a-la-docente-cristina-tata-evangelista\/","og_locale":"es_ES","og_type":"article","og_title":"EL CONCEJO DELIBERANTE APROB\u00d3 UN RECONOCIMIENTO Y DISTINCI\u00d3N A LA DOCENTE CRISTINA \u201cTAT\u00c1\u201d EVANGELISTA - Apuntes de San Luis","og_description":"Fue en la sesi\u00f3n de este martes, que fue presidida por la Presidenta Provisional Lucia...","og_url":"https:\/\/apuntesdesanluis.com\/index.php\/2023\/09\/05\/el-concejo-deliberante-aprobo-un-reconocimiento-y-distincion-a-la-docente-cristina-tata-evangelista\/","og_site_name":"Apuntes de San Luis","article_published_time":"2023-09-06T02:55:20+00:00","article_modified_time":"2023-09-07T03:34:23+00:00","og_image":[{"width":700,"height":397,"url":"https:\/\/apuntesdesanluis.com\/wp-content\/uploads\/2023\/09\/concejo.png","type":"image\/png"}],"author":"apuntesdesanluis.com","twitter_card":"summary_large_image","twitter_misc":{"Escrito por":"apuntesdesanluis.com","Tiempo de lectura":"3 minutos"},"schema":{"@context":"https:\/\/schema.org","@graph":[{"@type":"Article","@id":"https:\/\/apuntesdesanluis.com\/index.php\/2023\/09\/05\/el-concejo-deliberante-aprobo-un-reconocimiento-y-distincion-a-la-docente-cristina-tata-evangelista\/#article","isPartOf":{"@id":"https:\/\/apuntesdesanluis.com\/index.php\/2023\/09\/05\/el-concejo-deliberante-aprobo-un-reconocimiento-y-distincion-a-la-docente-cristina-tata-evangelista\/"},"author":{"name":"apuntesdesanluis.com","@id":"https:\/\/apuntesdesanluis.com\/#\/schema\/person\/b55151d52296fcce64d1a72538a70b90"},"headline":"EL CONCEJO DELIBERANTE APROB\u00d3 UN RECONOCIMIENTO Y DISTINCI\u00d3N A LA DOCENTE CRISTINA \u201cTAT\u00c1\u201d EVANGELISTA","datePublished":"2023-09-06T02:55:20+00:00","dateModified":"2023-09-07T03:34:23+00:00","mainEntityOfPage":{"@id":"https:\/\/apuntesdesanluis.com\/index.php\/2023\/09\/05\/el-concejo-deliberante-aprobo-un-reconocimiento-y-distincion-a-la-docente-cristina-tata-evangelista\/"},"wordCount":613,"publisher":{"@id":"https:\/\/apuntesdesanluis.com\/#\/schema\/person\/b55151d52296fcce64d1a72538a70b90"},"image":{"@id":"https:\/\/apuntesdesanluis.com\/index.php\/2023\/09\/05\/el-concejo-deliberante-aprobo-un-reconocimiento-y-distincion-a-la-docente-cristina-tata-evangelista\/#primaryimage"},"thumbnailUrl":"https:\/\/apuntesdesanluis.com\/wp-content\/uploads\/2023\/09\/concejo.png","articleSection":["Ciudad\/Provincia"],"inLanguage":"es-AR"},{"@type":"WebPage","@id":"https:\/\/apuntesdesanluis.com\/index.php\/2023\/09\/05\/el-concejo-deliberante-aprobo-un-reconocimiento-y-distincion-a-la-docente-cristina-tata-evangelista\/","url":"https:\/\/apuntesdesanluis.com\/index.php\/2023\/09\/05\/el-concejo-deliberante-aprobo-un-reconocimiento-y-distincion-a-la-docente-cristina-tata-evangelista\/","name":"EL CONCEJO DELIBERANTE APROB\u00d3 UN RECONOCIMIENTO Y DISTINCI\u00d3N A LA DOCENTE CRISTINA \u201cTAT\u00c1\u201d EVANGELISTA - Apuntes de San Luis","isPartOf":{"@id":"https:\/\/apuntesdesanluis.com\/#website"},"primaryImageOfPage":{"@id":"https:\/\/apuntesdesanluis.com\/index.php\/2023\/09\/05\/el-concejo-deliberante-aprobo-un-reconocimiento-y-distincion-a-la-docente-cristina-tata-evangelista\/#primaryimage"},"image":{"@id":"https:\/\/apuntesdesanluis.com\/index.php\/2023\/09\/05\/el-concejo-deliberante-aprobo-un-reconocimiento-y-distincion-a-la-docente-cristina-tata-evangelista\/#primaryimage"},"thumbnailUrl":"https:\/\/apuntesdesanluis.com\/wp-content\/uploads\/2023\/09\/concejo.png","datePublished":"2023-09-06T02:55:20+00:00","dateModified":"2023-09-07T03:34:23+00:00","breadcrumb":{"@id":"https:\/\/apuntesdesanluis.com\/index.php\/2023\/09\/05\/el-concejo-deliberante-aprobo-un-reconocimiento-y-distincion-a-la-docente-cristina-tata-evangelista\/#breadcrumb"},"inLanguage":"es-AR","potentialAction":[{"@type":"ReadAction","target":["https:\/\/apuntesdesanluis.com\/index.php\/2023\/09\/05\/el-concejo-deliberante-aprobo-un-reconocimiento-y-distincion-a-la-docente-cristina-tata-evangelista\/"]}]},{"@type":"ImageObject","inLanguage":"es-AR","@id":"https:\/\/apuntesdesanluis.com\/index.php\/2023\/09\/05\/el-concejo-deliberante-aprobo-un-reconocimiento-y-distincion-a-la-docente-cristina-tata-evangelista\/#primaryimage","url":"https:\/\/apuntesdesanluis.com\/wp-content\/uploads\/2023\/09\/concejo.png","contentUrl":"https:\/\/apuntesdesanluis.com\/wp-content\/uploads\/2023\/09\/concejo.png","width":700,"height":397},{"@type":"BreadcrumbList","@id":"https:\/\/apuntesdesanluis.com\/index.php\/2023\/09\/05\/el-concejo-deliberante-aprobo-un-reconocimiento-y-distincion-a-la-docente-cristina-tata-evangelista\/#breadcrumb","itemListElement":[{"@type":"ListItem","position":1,"name":"Inicio","item":"https:\/\/apuntesdesanluis.com\/"},{"@type":"ListItem","position":2,"name":"EL CONCEJO DELIBERANTE APROB\u00d3 UN RECONOCIMIENTO Y DISTINCI\u00d3N A LA DOCENTE CRISTINA \u201cTAT\u00c1\u201d EVANGELISTA"}]},{"@type":"WebSite","@id":"https:\/\/apuntesdesanluis.com\/#website","url":"https:\/\/apuntesdesanluis.com\/","name":"Apuntes de San Luis","description":"","publisher":{"@id":"https:\/\/apuntesdesanluis.com\/#\/schema\/person\/b55151d52296fcce64d1a72538a70b90"},"potentialAction":[{"@type":"SearchAction","target":{"@type":"EntryPoint","urlTemplate":"https:\/\/apuntesdesanluis.com\/?s={search_term_string}"},"query-input":{"@type":"PropertyValueSpecification","valueRequired":true,"valueName":"search_term_string"}}],"inLanguage":"es-AR"},{"@type":["Person","Organization"],"@id":"https:\/\/apuntesdesanluis.com\/#\/schema\/person\/b55151d52296fcce64d1a72538a70b90","name":"apuntesdesanluis.com","image":{"@type":"ImageObject","inLanguage":"es-AR","@id":"https:\/\/apuntesdesanluis.com\/#\/schema\/person\/image\/","url":"https:\/\/apuntesdesanluis.com\/wp-content\/uploads\/2023\/07\/cropped-apuntesdesanluis.png","contentUrl":"https:\/\/apuntesdesanluis.com\/wp-content\/uploads\/2023\/07\/cropped-apuntesdesanluis.png","width":450,"height":112,"caption":"apuntesdesanluis.com"},"logo":{"@id":"https:\/\/apuntesdesanluis.com\/#\/schema\/person\/image\/"},"sameAs":["https:\/\/apuntesdesanluis.com"],"url":"https:\/\/apuntesdesanluis.com\/index.php\/author\/apuntesdesanluis-com\/"}]}},"featured_image_urls":{"full":["https:\/\/apuntesdesanluis.com\/wp-content\/uploads\/2023\/09\/concejo.png",700,397,false],"thumbnail":["https:\/\/apuntesdesanluis.com\/wp-content\/uploads\/2023\/09\/concejo-150x150.png",150,150,true],"medium":["https:\/\/apuntesdesanluis.com\/wp-content\/uploads\/2023\/09\/concejo-300x170.png",300,170,true],"medium_large":["https:\/\/apuntesdesanluis.com\/wp-content\/uploads\/2023\/09\/concejo.png",640,363,false],"large":["https:\/\/apuntesdesanluis.com\/wp-content\/uploads\/2023\/09\/concejo.png",640,363,false],"1536x1536":["https:\/\/apuntesdesanluis.com\/wp-content\/uploads\/2023\/09\/concejo.png",700,397,false],"2048x2048":["https:\/\/apuntesdesanluis.com\/wp-content\/uploads\/2023\/09\/concejo.png",700,397,false],"newsever-slider-full":["https:\/\/apuntesdesanluis.com\/wp-content\/uploads\/2023\/09\/concejo.png",700,397,false],"newsever-featured":["https:\/\/apuntesdesanluis.com\/wp-content\/uploads\/2023\/09\/concejo.png",700,397,false],"newsever-medium":["https:\/\/apuntesdesanluis.com\/wp-content\/uploads\/2023\/09\/concejo.png",700,397,false]},"author_info":{"display_name":"apuntesdesanluis.com","author_link":"https:\/\/apuntesdesanluis.com\/index.php\/author\/apuntesdesanluis-com\/"},"category_info":"<a href=\"https:\/\/apuntesdesanluis.com\/index.php\/category\/ciudad-provincia\/\" rel=\"category tag\">Ciudad\/Provincia<\/a>","tag_info":"Ciudad\/Provincia","comment_count":"0","_links":{"self":[{"href":"https:\/\/apuntesdesanluis.com\/index.php\/wp-json\/wp\/v2\/posts\/2861","targetHints":{"allow":["GET"]}}],"collection":[{"href":"https:\/\/apuntesdesanluis.com\/index.php\/wp-json\/wp\/v2\/posts"}],"about":[{"href":"https:\/\/apuntesdesanluis.com\/index.php\/wp-json\/wp\/v2\/types\/post"}],"author":[{"embeddable":true,"href":"https:\/\/apuntesdesanluis.com\/index.php\/wp-json\/wp\/v2\/users\/1"}],"replies":[{"embeddable":true,"href":"https:\/\/apuntesdesanluis.com\/index.php\/wp-json\/wp\/v2\/comments?post=2861"}],"version-history":[{"count":2,"href":"https:\/\/apuntesdesanluis.com\/index.php\/wp-json\/wp\/v2\/posts\/2861\/revisions"}],"predecessor-version":[{"id":2864,"href":"https:\/\/apuntesdesanluis.com\/index.php\/wp-json\/wp\/v2\/posts\/2861\/revisions\/2864"}],"wp:featuredmedia":[{"embeddable":true,"href":"https:\/\/apuntesdesanluis.com\/index.php\/wp-json\/wp\/v2\/media\/2862"}],"wp:attachment":[{"href":"https:\/\/apuntesdesanluis.com\/index.php\/wp-json\/wp\/v2\/media?parent=2861"}],"wp:term":[{"taxonomy":"category","embeddable":true,"href":"https:\/\/apuntesdesanluis.com\/index.php\/wp-json\/wp\/v2\/categories?post=2861"},{"taxonomy":"post_tag","embeddable":true,"href":"https:\/\/apuntesdesanluis.com\/index.php\/wp-json\/wp\/v2\/tags?post=2861"}],"curies":[{"name":"wp","href":"https:\/\/api.w.org\/{rel}","templated":true}]}}