{"id":28615,"date":"2025-02-03T18:11:04","date_gmt":"2025-02-03T21:11:04","guid":{"rendered":"https:\/\/apuntesdesanluis.com\/?p=28615"},"modified":"2025-02-03T18:12:13","modified_gmt":"2025-02-03T21:12:13","slug":"quedo-en-libertad-el-hombre-que-amenazo-a-otros-con-un-arma-de-fuego","status":"publish","type":"post","link":"https:\/\/apuntesdesanluis.com\/index.php\/2025\/02\/03\/quedo-en-libertad-el-hombre-que-amenazo-a-otros-con-un-arma-de-fuego\/","title":{"rendered":"QUED\u00d3 EN LIBERTAD EL HOMBRE QUE AMENAZ\u00d3 A OTROS CON UN ARMA DE FUEGO"},"content":{"rendered":"<h3>Luego de pasar el fin de semana en la celda de una comisar\u00eda, vencida la pr\u00f3rroga de detenci\u00f3n solicitada por la Defensa para el imputado en una causa por portaci\u00f3n de arma de fuego de uso civil, hoy se retom\u00f3 la misma en el Juzgado de Garant\u00eda N\u00ba 1, a cargo del Dr. Alfredo Cuello.<\/h3>\n<h3>Cedida la palabra a la Defensa, el Dr. Pascual Celdr\u00e1n\u00a0 no plante\u00f3 oposici\u00f3n a la formulaci\u00f3n de cargos llevada a cabo el pasado viernes 31 de enero.<\/h3>\n<h3>Por su parte, el Ministerio P\u00fablico Fiscal representado por la Fiscal Adjunta, Dra. Cecilia Framini, desisti\u00f3 de la medida de coerci\u00f3n por no contar con la prueba suficiente para solicitar dicha medida. Al respecto, inform\u00f3 que se continuar\u00e1 con la investigaci\u00f3n penal y requiri\u00f3 que se disponga la libertad del imputado.<\/h3>\n<h3>Luego de escuchar a las partes, el Juez interviniente hizo lugar a lo solicitado por el Ministerio P\u00fablico Fiscal.<\/h3>\n<h3><strong>NOTICIA RELACIONADA:<\/strong><\/h3>\n<p><a href=\"https:\/\/apuntesdesanluis.com\/index.php\/2025\/02\/01\/imputaron-por-portacion-ilegal-de-arma-de-fuego-al-hombre-que-amenazo-a-otros\/\" target=\"_blank\" rel=\"noopener\"><img fetchpriority=\"high\" decoding=\"async\" class=\"alignnone wp-image-28616\" src=\"https:\/\/apuntesdesanluis.com\/wp-content\/uploads\/2025\/02\/POSTEO-APUNTES-300x211.png\" alt=\"\" width=\"411\" height=\"289\" srcset=\"https:\/\/apuntesdesanluis.com\/wp-content\/uploads\/2025\/02\/POSTEO-APUNTES-300x211.png 300w, https:\/\/apuntesdesanluis.com\/wp-content\/uploads\/2025\/02\/POSTEO-APUNTES.png 622w\" sizes=\"(max-width: 411px) 100vw, 411px\" \/><\/a><\/p>\n<p>&nbsp;<\/p>\n<p>&nbsp;<\/p>\n<p>&nbsp;<\/p>\n","protected":false},"excerpt":{"rendered":"<p>Luego de pasar el fin de semana en la celda de una comisar\u00eda, vencida la&#8230;<\/p>\n","protected":false},"author":1,"featured_media":14176,"comment_status":"closed","ping_status":"closed","sticky":false,"template":"","format":"standard","meta":{"footnotes":""},"categories":[6],"tags":[],"class_list":["post-28615","post","type-post","status-publish","format-standard","has-post-thumbnail","hentry","category-ciudad-provincia"],"yoast_head":"<!-- This site is optimized with the Yoast SEO plugin v26.1.1 - https:\/\/yoast.com\/wordpress\/plugins\/seo\/ -->\n<title>QUED\u00d3 EN LIBERTAD EL HOMBRE QUE AMENAZ\u00d3 A OTROS CON UN ARMA DE FUEGO - Apuntes de San Luis<\/title>\n<meta name=\"robots\" content=\"index, follow, max-snippet:-1, max-image-preview:large, max-video-preview:-1\" \/>\n<link rel=\"canonical\" href=\"https:\/\/apuntesdesanluis.com\/index.php\/2025\/02\/03\/quedo-en-libertad-el-hombre-que-amenazo-a-otros-con-un-arma-de-fuego\/\" \/>\n<meta property=\"og:locale\" content=\"es_ES\" \/>\n<meta property=\"og:type\" content=\"article\" \/>\n<meta property=\"og:title\" content=\"QUED\u00d3 EN LIBERTAD EL HOMBRE QUE AMENAZ\u00d3 A OTROS CON UN ARMA DE FUEGO - Apuntes de San Luis\" \/>\n<meta property=\"og:description\" content=\"Luego de pasar el fin de semana en la celda de una comisar\u00eda, vencida la...\" \/>\n<meta property=\"og:url\" content=\"https:\/\/apuntesdesanluis.com\/index.php\/2025\/02\/03\/quedo-en-libertad-el-hombre-que-amenazo-a-otros-con-un-arma-de-fuego\/\" \/>\n<meta property=\"og:site_name\" content=\"Apuntes de San Luis\" \/>\n<meta property=\"article:published_time\" content=\"2025-02-03T21:11:04+00:00\" \/>\n<meta property=\"article:modified_time\" content=\"2025-02-03T21:12:13+00:00\" \/>\n<meta property=\"og:image\" content=\"https:\/\/apuntesdesanluis.com\/wp-content\/uploads\/2024\/04\/TRIBUNALES.png\" \/>\n\t<meta property=\"og:image:width\" content=\"600\" \/>\n\t<meta property=\"og:image:height\" content=\"362\" \/>\n\t<meta property=\"og:image:type\" content=\"image\/png\" \/>\n<meta name=\"author\" content=\"apuntesdesanluis.com\" \/>\n<meta name=\"twitter:card\" content=\"summary_large_image\" \/>\n<meta name=\"twitter:label1\" content=\"Escrito por\" \/>\n\t<meta name=\"twitter:data1\" content=\"apuntesdesanluis.com\" \/>\n\t<meta name=\"twitter:label2\" content=\"Tiempo de lectura\" \/>\n\t<meta name=\"twitter:data2\" content=\"2 minutos\" \/>\n<script type=\"application\/ld+json\" class=\"yoast-schema-graph\">{\"@context\":\"https:\/\/schema.org\",\"@graph\":[{\"@type\":\"Article\",\"@id\":\"https:\/\/apuntesdesanluis.com\/index.php\/2025\/02\/03\/quedo-en-libertad-el-hombre-que-amenazo-a-otros-con-un-arma-de-fuego\/#article\",\"isPartOf\":{\"@id\":\"https:\/\/apuntesdesanluis.com\/index.php\/2025\/02\/03\/quedo-en-libertad-el-hombre-que-amenazo-a-otros-con-un-arma-de-fuego\/\"},\"author\":{\"name\":\"apuntesdesanluis.com\",\"@id\":\"https:\/\/apuntesdesanluis.com\/#\/schema\/person\/b55151d52296fcce64d1a72538a70b90\"},\"headline\":\"QUED\u00d3 EN LIBERTAD EL HOMBRE QUE AMENAZ\u00d3 A OTROS CON UN ARMA DE FUEGO\",\"datePublished\":\"2025-02-03T21:11:04+00:00\",\"dateModified\":\"2025-02-03T21:12:13+00:00\",\"mainEntityOfPage\":{\"@id\":\"https:\/\/apuntesdesanluis.com\/index.php\/2025\/02\/03\/quedo-en-libertad-el-hombre-que-amenazo-a-otros-con-un-arma-de-fuego\/\"},\"wordCount\":181,\"publisher\":{\"@id\":\"https:\/\/apuntesdesanluis.com\/#\/schema\/person\/b55151d52296fcce64d1a72538a70b90\"},\"image\":{\"@id\":\"https:\/\/apuntesdesanluis.com\/index.php\/2025\/02\/03\/quedo-en-libertad-el-hombre-que-amenazo-a-otros-con-un-arma-de-fuego\/#primaryimage\"},\"thumbnailUrl\":\"https:\/\/apuntesdesanluis.com\/wp-content\/uploads\/2024\/04\/TRIBUNALES.png\",\"articleSection\":[\"Ciudad\/Provincia\"],\"inLanguage\":\"es-AR\"},{\"@type\":\"WebPage\",\"@id\":\"https:\/\/apuntesdesanluis.com\/index.php\/2025\/02\/03\/quedo-en-libertad-el-hombre-que-amenazo-a-otros-con-un-arma-de-fuego\/\",\"url\":\"https:\/\/apuntesdesanluis.com\/index.php\/2025\/02\/03\/quedo-en-libertad-el-hombre-que-amenazo-a-otros-con-un-arma-de-fuego\/\",\"name\":\"QUED\u00d3 EN LIBERTAD EL HOMBRE QUE AMENAZ\u00d3 A OTROS CON UN ARMA DE FUEGO - Apuntes de San Luis\",\"isPartOf\":{\"@id\":\"https:\/\/apuntesdesanluis.com\/#website\"},\"primaryImageOfPage\":{\"@id\":\"https:\/\/apuntesdesanluis.com\/index.php\/2025\/02\/03\/quedo-en-libertad-el-hombre-que-amenazo-a-otros-con-un-arma-de-fuego\/#primaryimage\"},\"image\":{\"@id\":\"https:\/\/apuntesdesanluis.com\/index.php\/2025\/02\/03\/quedo-en-libertad-el-hombre-que-amenazo-a-otros-con-un-arma-de-fuego\/#primaryimage\"},\"thumbnailUrl\":\"https:\/\/apuntesdesanluis.com\/wp-content\/uploads\/2024\/04\/TRIBUNALES.png\",\"datePublished\":\"2025-02-03T21:11:04+00:00\",\"dateModified\":\"2025-02-03T21:12:13+00:00\",\"breadcrumb\":{\"@id\":\"https:\/\/apuntesdesanluis.com\/index.php\/2025\/02\/03\/quedo-en-libertad-el-hombre-que-amenazo-a-otros-con-un-arma-de-fuego\/#breadcrumb\"},\"inLanguage\":\"es-AR\",\"potentialAction\":[{\"@type\":\"ReadAction\",\"target\":[\"https:\/\/apuntesdesanluis.com\/index.php\/2025\/02\/03\/quedo-en-libertad-el-hombre-que-amenazo-a-otros-con-un-arma-de-fuego\/\"]}]},{\"@type\":\"ImageObject\",\"inLanguage\":\"es-AR\",\"@id\":\"https:\/\/apuntesdesanluis.com\/index.php\/2025\/02\/03\/quedo-en-libertad-el-hombre-que-amenazo-a-otros-con-un-arma-de-fuego\/#primaryimage\",\"url\":\"https:\/\/apuntesdesanluis.com\/wp-content\/uploads\/2024\/04\/TRIBUNALES.png\",\"contentUrl\":\"https:\/\/apuntesdesanluis.com\/wp-content\/uploads\/2024\/04\/TRIBUNALES.png\",\"width\":600,\"height\":362},{\"@type\":\"BreadcrumbList\",\"@id\":\"https:\/\/apuntesdesanluis.com\/index.php\/2025\/02\/03\/quedo-en-libertad-el-hombre-que-amenazo-a-otros-con-un-arma-de-fuego\/#breadcrumb\",\"itemListElement\":[{\"@type\":\"ListItem\",\"position\":1,\"name\":\"Inicio\",\"item\":\"https:\/\/apuntesdesanluis.com\/\"},{\"@type\":\"ListItem\",\"position\":2,\"name\":\"QUED\u00d3 EN LIBERTAD EL HOMBRE QUE AMENAZ\u00d3 A OTROS CON UN ARMA DE FUEGO\"}]},{\"@type\":\"WebSite\",\"@id\":\"https:\/\/apuntesdesanluis.com\/#website\",\"url\":\"https:\/\/apuntesdesanluis.com\/\",\"name\":\"Apuntes de San Luis\",\"description\":\"\",\"publisher\":{\"@id\":\"https:\/\/apuntesdesanluis.com\/#\/schema\/person\/b55151d52296fcce64d1a72538a70b90\"},\"potentialAction\":[{\"@type\":\"SearchAction\",\"target\":{\"@type\":\"EntryPoint\",\"urlTemplate\":\"https:\/\/apuntesdesanluis.com\/?s={search_term_string}\"},\"query-input\":{\"@type\":\"PropertyValueSpecification\",\"valueRequired\":true,\"valueName\":\"search_term_string\"}}],\"inLanguage\":\"es-AR\"},{\"@type\":[\"Person\",\"Organization\"],\"@id\":\"https:\/\/apuntesdesanluis.com\/#\/schema\/person\/b55151d52296fcce64d1a72538a70b90\",\"name\":\"apuntesdesanluis.com\",\"image\":{\"@type\":\"ImageObject\",\"inLanguage\":\"es-AR\",\"@id\":\"https:\/\/apuntesdesanluis.com\/#\/schema\/person\/image\/\",\"url\":\"https:\/\/apuntesdesanluis.com\/wp-content\/uploads\/2023\/07\/cropped-apuntesdesanluis.png\",\"contentUrl\":\"https:\/\/apuntesdesanluis.com\/wp-content\/uploads\/2023\/07\/cropped-apuntesdesanluis.png\",\"width\":450,\"height\":112,\"caption\":\"apuntesdesanluis.com\"},\"logo\":{\"@id\":\"https:\/\/apuntesdesanluis.com\/#\/schema\/person\/image\/\"},\"sameAs\":[\"https:\/\/apuntesdesanluis.com\"],\"url\":\"https:\/\/apuntesdesanluis.com\/index.php\/author\/apuntesdesanluis-com\/\"}]}<\/script>\n<!-- \/ Yoast SEO plugin. -->","yoast_head_json":{"title":"QUED\u00d3 EN LIBERTAD EL HOMBRE QUE AMENAZ\u00d3 A OTROS CON UN ARMA DE FUEGO - Apuntes de San Luis","robots":{"index":"index","follow":"follow","max-snippet":"max-snippet:-1","max-image-preview":"max-image-preview:large","max-video-preview":"max-video-preview:-1"},"canonical":"https:\/\/apuntesdesanluis.com\/index.php\/2025\/02\/03\/quedo-en-libertad-el-hombre-que-amenazo-a-otros-con-un-arma-de-fuego\/","og_locale":"es_ES","og_type":"article","og_title":"QUED\u00d3 EN LIBERTAD EL HOMBRE QUE AMENAZ\u00d3 A OTROS CON UN ARMA DE FUEGO - Apuntes de San Luis","og_description":"Luego de pasar el fin de semana en la celda de una comisar\u00eda, vencida la...","og_url":"https:\/\/apuntesdesanluis.com\/index.php\/2025\/02\/03\/quedo-en-libertad-el-hombre-que-amenazo-a-otros-con-un-arma-de-fuego\/","og_site_name":"Apuntes de San Luis","article_published_time":"2025-02-03T21:11:04+00:00","article_modified_time":"2025-02-03T21:12:13+00:00","og_image":[{"width":600,"height":362,"url":"https:\/\/apuntesdesanluis.com\/wp-content\/uploads\/2024\/04\/TRIBUNALES.png","type":"image\/png"}],"author":"apuntesdesanluis.com","twitter_card":"summary_large_image","twitter_misc":{"Escrito por":"apuntesdesanluis.com","Tiempo de lectura":"2 minutos"},"schema":{"@context":"https:\/\/schema.org","@graph":[{"@type":"Article","@id":"https:\/\/apuntesdesanluis.com\/index.php\/2025\/02\/03\/quedo-en-libertad-el-hombre-que-amenazo-a-otros-con-un-arma-de-fuego\/#article","isPartOf":{"@id":"https:\/\/apuntesdesanluis.com\/index.php\/2025\/02\/03\/quedo-en-libertad-el-hombre-que-amenazo-a-otros-con-un-arma-de-fuego\/"},"author":{"name":"apuntesdesanluis.com","@id":"https:\/\/apuntesdesanluis.com\/#\/schema\/person\/b55151d52296fcce64d1a72538a70b90"},"headline":"QUED\u00d3 EN LIBERTAD EL HOMBRE QUE AMENAZ\u00d3 A OTROS CON UN ARMA DE FUEGO","datePublished":"2025-02-03T21:11:04+00:00","dateModified":"2025-02-03T21:12:13+00:00","mainEntityOfPage":{"@id":"https:\/\/apuntesdesanluis.com\/index.php\/2025\/02\/03\/quedo-en-libertad-el-hombre-que-amenazo-a-otros-con-un-arma-de-fuego\/"},"wordCount":181,"publisher":{"@id":"https:\/\/apuntesdesanluis.com\/#\/schema\/person\/b55151d52296fcce64d1a72538a70b90"},"image":{"@id":"https:\/\/apuntesdesanluis.com\/index.php\/2025\/02\/03\/quedo-en-libertad-el-hombre-que-amenazo-a-otros-con-un-arma-de-fuego\/#primaryimage"},"thumbnailUrl":"https:\/\/apuntesdesanluis.com\/wp-content\/uploads\/2024\/04\/TRIBUNALES.png","articleSection":["Ciudad\/Provincia"],"inLanguage":"es-AR"},{"@type":"WebPage","@id":"https:\/\/apuntesdesanluis.com\/index.php\/2025\/02\/03\/quedo-en-libertad-el-hombre-que-amenazo-a-otros-con-un-arma-de-fuego\/","url":"https:\/\/apuntesdesanluis.com\/index.php\/2025\/02\/03\/quedo-en-libertad-el-hombre-que-amenazo-a-otros-con-un-arma-de-fuego\/","name":"QUED\u00d3 EN LIBERTAD EL HOMBRE QUE AMENAZ\u00d3 A OTROS CON UN ARMA DE FUEGO - Apuntes de San Luis","isPartOf":{"@id":"https:\/\/apuntesdesanluis.com\/#website"},"primaryImageOfPage":{"@id":"https:\/\/apuntesdesanluis.com\/index.php\/2025\/02\/03\/quedo-en-libertad-el-hombre-que-amenazo-a-otros-con-un-arma-de-fuego\/#primaryimage"},"image":{"@id":"https:\/\/apuntesdesanluis.com\/index.php\/2025\/02\/03\/quedo-en-libertad-el-hombre-que-amenazo-a-otros-con-un-arma-de-fuego\/#primaryimage"},"thumbnailUrl":"https:\/\/apuntesdesanluis.com\/wp-content\/uploads\/2024\/04\/TRIBUNALES.png","datePublished":"2025-02-03T21:11:04+00:00","dateModified":"2025-02-03T21:12:13+00:00","breadcrumb":{"@id":"https:\/\/apuntesdesanluis.com\/index.php\/2025\/02\/03\/quedo-en-libertad-el-hombre-que-amenazo-a-otros-con-un-arma-de-fuego\/#breadcrumb"},"inLanguage":"es-AR","potentialAction":[{"@type":"ReadAction","target":["https:\/\/apuntesdesanluis.com\/index.php\/2025\/02\/03\/quedo-en-libertad-el-hombre-que-amenazo-a-otros-con-un-arma-de-fuego\/"]}]},{"@type":"ImageObject","inLanguage":"es-AR","@id":"https:\/\/apuntesdesanluis.com\/index.php\/2025\/02\/03\/quedo-en-libertad-el-hombre-que-amenazo-a-otros-con-un-arma-de-fuego\/#primaryimage","url":"https:\/\/apuntesdesanluis.com\/wp-content\/uploads\/2024\/04\/TRIBUNALES.png","contentUrl":"https:\/\/apuntesdesanluis.com\/wp-content\/uploads\/2024\/04\/TRIBUNALES.png","width":600,"height":362},{"@type":"BreadcrumbList","@id":"https:\/\/apuntesdesanluis.com\/index.php\/2025\/02\/03\/quedo-en-libertad-el-hombre-que-amenazo-a-otros-con-un-arma-de-fuego\/#breadcrumb","itemListElement":[{"@type":"ListItem","position":1,"name":"Inicio","item":"https:\/\/apuntesdesanluis.com\/"},{"@type":"ListItem","position":2,"name":"QUED\u00d3 EN LIBERTAD EL HOMBRE QUE AMENAZ\u00d3 A OTROS CON UN ARMA DE FUEGO"}]},{"@type":"WebSite","@id":"https:\/\/apuntesdesanluis.com\/#website","url":"https:\/\/apuntesdesanluis.com\/","name":"Apuntes de San Luis","description":"","publisher":{"@id":"https:\/\/apuntesdesanluis.com\/#\/schema\/person\/b55151d52296fcce64d1a72538a70b90"},"potentialAction":[{"@type":"SearchAction","target":{"@type":"EntryPoint","urlTemplate":"https:\/\/apuntesdesanluis.com\/?s={search_term_string}"},"query-input":{"@type":"PropertyValueSpecification","valueRequired":true,"valueName":"search_term_string"}}],"inLanguage":"es-AR"},{"@type":["Person","Organization"],"@id":"https:\/\/apuntesdesanluis.com\/#\/schema\/person\/b55151d52296fcce64d1a72538a70b90","name":"apuntesdesanluis.com","image":{"@type":"ImageObject","inLanguage":"es-AR","@id":"https:\/\/apuntesdesanluis.com\/#\/schema\/person\/image\/","url":"https:\/\/apuntesdesanluis.com\/wp-content\/uploads\/2023\/07\/cropped-apuntesdesanluis.png","contentUrl":"https:\/\/apuntesdesanluis.com\/wp-content\/uploads\/2023\/07\/cropped-apuntesdesanluis.png","width":450,"height":112,"caption":"apuntesdesanluis.com"},"logo":{"@id":"https:\/\/apuntesdesanluis.com\/#\/schema\/person\/image\/"},"sameAs":["https:\/\/apuntesdesanluis.com"],"url":"https:\/\/apuntesdesanluis.com\/index.php\/author\/apuntesdesanluis-com\/"}]}},"featured_image_urls":{"full":["https:\/\/apuntesdesanluis.com\/wp-content\/uploads\/2024\/04\/TRIBUNALES.png",600,362,false],"thumbnail":["https:\/\/apuntesdesanluis.com\/wp-content\/uploads\/2024\/04\/TRIBUNALES-150x150.png",150,150,true],"medium":["https:\/\/apuntesdesanluis.com\/wp-content\/uploads\/2024\/04\/TRIBUNALES-300x181.png",300,181,true],"medium_large":["https:\/\/apuntesdesanluis.com\/wp-content\/uploads\/2024\/04\/TRIBUNALES.png",600,362,false],"large":["https:\/\/apuntesdesanluis.com\/wp-content\/uploads\/2024\/04\/TRIBUNALES.png",600,362,false],"1536x1536":["https:\/\/apuntesdesanluis.com\/wp-content\/uploads\/2024\/04\/TRIBUNALES.png",600,362,false],"2048x2048":["https:\/\/apuntesdesanluis.com\/wp-content\/uploads\/2024\/04\/TRIBUNALES.png",600,362,false],"newsever-slider-full":["https:\/\/apuntesdesanluis.com\/wp-content\/uploads\/2024\/04\/TRIBUNALES.png",600,362,false],"newsever-featured":["https:\/\/apuntesdesanluis.com\/wp-content\/uploads\/2024\/04\/TRIBUNALES.png",600,362,false],"newsever-medium":["https:\/\/apuntesdesanluis.com\/wp-content\/uploads\/2024\/04\/TRIBUNALES.png",600,362,false]},"author_info":{"display_name":"apuntesdesanluis.com","author_link":"https:\/\/apuntesdesanluis.com\/index.php\/author\/apuntesdesanluis-com\/"},"category_info":"<a href=\"https:\/\/apuntesdesanluis.com\/index.php\/category\/ciudad-provincia\/\" rel=\"category tag\">Ciudad\/Provincia<\/a>","tag_info":"Ciudad\/Provincia","comment_count":"0","_links":{"self":[{"href":"https:\/\/apuntesdesanluis.com\/index.php\/wp-json\/wp\/v2\/posts\/28615","targetHints":{"allow":["GET"]}}],"collection":[{"href":"https:\/\/apuntesdesanluis.com\/index.php\/wp-json\/wp\/v2\/posts"}],"about":[{"href":"https:\/\/apuntesdesanluis.com\/index.php\/wp-json\/wp\/v2\/types\/post"}],"author":[{"embeddable":true,"href":"https:\/\/apuntesdesanluis.com\/index.php\/wp-json\/wp\/v2\/users\/1"}],"replies":[{"embeddable":true,"href":"https:\/\/apuntesdesanluis.com\/index.php\/wp-json\/wp\/v2\/comments?post=28615"}],"version-history":[{"count":3,"href":"https:\/\/apuntesdesanluis.com\/index.php\/wp-json\/wp\/v2\/posts\/28615\/revisions"}],"predecessor-version":[{"id":28619,"href":"https:\/\/apuntesdesanluis.com\/index.php\/wp-json\/wp\/v2\/posts\/28615\/revisions\/28619"}],"wp:featuredmedia":[{"embeddable":true,"href":"https:\/\/apuntesdesanluis.com\/index.php\/wp-json\/wp\/v2\/media\/14176"}],"wp:attachment":[{"href":"https:\/\/apuntesdesanluis.com\/index.php\/wp-json\/wp\/v2\/media?parent=28615"}],"wp:term":[{"taxonomy":"category","embeddable":true,"href":"https:\/\/apuntesdesanluis.com\/index.php\/wp-json\/wp\/v2\/categories?post=28615"},{"taxonomy":"post_tag","embeddable":true,"href":"https:\/\/apuntesdesanluis.com\/index.php\/wp-json\/wp\/v2\/tags?post=28615"}],"curies":[{"name":"wp","href":"https:\/\/api.w.org\/{rel}","templated":true}]}}