{"id":28640,"date":"2025-02-03T20:53:41","date_gmt":"2025-02-03T23:53:41","guid":{"rendered":"https:\/\/apuntesdesanluis.com\/?p=28640"},"modified":"2025-02-03T22:52:27","modified_gmt":"2025-02-04T01:52:27","slug":"escandalo-en-tribunales-acusan-a-funcionario-provincial-de-agredir-a-una-mujer-video","status":"publish","type":"post","link":"https:\/\/apuntesdesanluis.com\/index.php\/2025\/02\/03\/escandalo-en-tribunales-acusan-a-funcionario-provincial-de-agredir-a-una-mujer-video\/","title":{"rendered":"ESC\u00c1NDALO EN TRIBUNALES: ACUSAN A FUNCIONARIO PROVINCIAL DE AGREDIR A UNA MUJER (Video)"},"content":{"rendered":"<h3>Los pasillos de los tribunales de Villa Mercedes se conmocionaron este lunes por la ma\u00f1ana, con un confuso y violento episodio que involucr\u00f3 a un funcionario provincial, dos empleadas judiciales y un abogado penalista.<\/h3>\n<h3>Se desconoce cu\u00e1l fue el origen del conflicto, lo cierto es que\u00a0el <strong>abogado Lucas Gieco,\u00a0<\/strong>Director del Registro Civil de Villa Mercedes,\u00a0<strong>comenz\u00f3 a discutir con la <\/strong>empleada <strong>Anal\u00eda Celdr\u00e1n. <\/strong>Luego intervino en su defensa su hermana, <strong>Mar\u00eda Silvia<\/strong>, y posteriormente se hizo presente su hermano, <strong>Pascual<\/strong>.<\/h3>\n<p><img fetchpriority=\"high\" decoding=\"async\" class=\"wp-image-28641 aligncenter\" src=\"https:\/\/apuntesdesanluis.com\/wp-content\/uploads\/2025\/02\/ani-celdran-300x221.png\" alt=\"\" width=\"600\" height=\"442\" srcset=\"https:\/\/apuntesdesanluis.com\/wp-content\/uploads\/2025\/02\/ani-celdran-300x221.png 300w, https:\/\/apuntesdesanluis.com\/wp-content\/uploads\/2025\/02\/ani-celdran.png 692w\" sizes=\"(max-width: 600px) 100vw, 600px\" \/><\/p>\n<h3>Una fuente indic\u00f3 que el funcionario habr\u00eda empujado a la primera, a lo que \u00e9sta reaccion\u00f3 ofuscada y comenz\u00f3 a filmarlo, mientras interven\u00edan otros empleados.<\/h3>\n<p><img decoding=\"async\" class=\"wp-image-28642 aligncenter\" src=\"https:\/\/apuntesdesanluis.com\/wp-content\/uploads\/2025\/02\/maria-silvia-y-ana-celdran-300x250.png\" alt=\"\" width=\"648\" height=\"540\" srcset=\"https:\/\/apuntesdesanluis.com\/wp-content\/uploads\/2025\/02\/maria-silvia-y-ana-celdran-300x250.png 300w, https:\/\/apuntesdesanluis.com\/wp-content\/uploads\/2025\/02\/maria-silvia-y-ana-celdran.png 544w\" sizes=\"(max-width: 648px) 100vw, 648px\" \/><\/p>\n<h4 style=\"text-align: center;\"><em>Mar\u00eda Silvia Celdr\u00e1n y su hermana Ana.<\/em><\/h4>\n<h3>En su denuncia a trav\u00e9s de las redes, la empleada asegur\u00f3 haber sido violentada por Gieco, quien habr\u00eda tenido conceptos agraviantes hacia el abogado penalista, Pascual Celdr\u00e1n, por defender a acusados en causas de violaci\u00f3n.<\/h3>\n<h3>Por su parte el funcionario afirma en el video que fue agredido por la espalda por su colega.<\/h3>\n<h3><img decoding=\"async\" class=\"wp-image-28643 aligncenter\" src=\"https:\/\/apuntesdesanluis.com\/wp-content\/uploads\/2025\/02\/lucas-gieco-y-pascual-celdran-300x159.png\" alt=\"\" width=\"626\" height=\"332\" srcset=\"https:\/\/apuntesdesanluis.com\/wp-content\/uploads\/2025\/02\/lucas-gieco-y-pascual-celdran-300x159.png 300w, https:\/\/apuntesdesanluis.com\/wp-content\/uploads\/2025\/02\/lucas-gieco-y-pascual-celdran.png 549w\" sizes=\"(max-width: 626px) 100vw, 626px\" \/><\/h3>\n<h4 style=\"text-align: center;\"><em>Lucas Giego y Pascual Celdr\u00e1n.<\/em><\/h4>\n<h3>Por ahora no ha habido ninguna comunicaci\u00f3n por parte del Poder Judicial ni tampoco del gobierno provincial.<\/h3>\n<h3>Un empleado de tribunales indic\u00f3 que en el pasillo donde se gener\u00f3 la trifulca existe una c\u00e1mara, motivo por el cual se cree que por tratarse de funcionarios p\u00fablicos, deber\u00eda iniciarse una actuaci\u00f3n de oficio para aclarar lo ocurrido y deslindar responsabilidades.<\/h3>\n<div style=\"width: 478px;\" class=\"wp-video\"><!--[if lt IE 9]><script>document.createElement('video');<\/script><![endif]-->\n<video class=\"wp-video-shortcode\" id=\"video-28640-1\" width=\"478\" height=\"850\" preload=\"metadata\" controls=\"controls\"><source type=\"video\/mp4\" src=\"https:\/\/apuntesdesanluis.com\/wp-content\/uploads\/2025\/02\/Lucas-gieco-discutiendo.mp4?_=1\" \/><a href=\"https:\/\/apuntesdesanluis.com\/wp-content\/uploads\/2025\/02\/Lucas-gieco-discutiendo.mp4\">https:\/\/apuntesdesanluis.com\/wp-content\/uploads\/2025\/02\/Lucas-gieco-discutiendo.mp4<\/a><\/video><\/div>\n<p>&nbsp;<\/p>\n<p>&nbsp;<\/p>\n<p>&nbsp;<\/p>\n<p>&nbsp;<\/p>\n","protected":false},"excerpt":{"rendered":"<p>Los pasillos de los tribunales de Villa Mercedes se conmocionaron este lunes por la ma\u00f1ana,&#8230;<\/p>\n","protected":false},"author":1,"featured_media":28647,"comment_status":"closed","ping_status":"closed","sticky":false,"template":"","format":"standard","meta":{"footnotes":""},"categories":[9],"tags":[],"class_list":["post-28640","post","type-post","status-publish","format-standard","has-post-thumbnail","hentry","category-opinion"],"yoast_head":"<!-- This site is optimized with the Yoast SEO plugin v26.1.1 - https:\/\/yoast.com\/wordpress\/plugins\/seo\/ -->\n<title>ESC\u00c1NDALO EN TRIBUNALES: ACUSAN A FUNCIONARIO PROVINCIAL DE AGREDIR A UNA MUJER (Video) - Apuntes de San Luis<\/title>\n<meta name=\"robots\" content=\"index, follow, max-snippet:-1, max-image-preview:large, max-video-preview:-1\" \/>\n<link rel=\"canonical\" href=\"https:\/\/apuntesdesanluis.com\/index.php\/2025\/02\/03\/escandalo-en-tribunales-acusan-a-funcionario-provincial-de-agredir-a-una-mujer-video\/\" \/>\n<meta property=\"og:locale\" content=\"es_ES\" \/>\n<meta property=\"og:type\" content=\"article\" \/>\n<meta property=\"og:title\" content=\"ESC\u00c1NDALO EN TRIBUNALES: ACUSAN A FUNCIONARIO PROVINCIAL DE AGREDIR A UNA MUJER (Video) - Apuntes de San Luis\" \/>\n<meta property=\"og:description\" content=\"Los pasillos de los tribunales de Villa Mercedes se conmocionaron este lunes por la ma\u00f1ana,...\" \/>\n<meta property=\"og:url\" content=\"https:\/\/apuntesdesanluis.com\/index.php\/2025\/02\/03\/escandalo-en-tribunales-acusan-a-funcionario-provincial-de-agredir-a-una-mujer-video\/\" \/>\n<meta property=\"og:site_name\" content=\"Apuntes de San Luis\" \/>\n<meta property=\"article:published_time\" content=\"2025-02-03T23:53:41+00:00\" \/>\n<meta property=\"article:modified_time\" content=\"2025-02-04T01:52:27+00:00\" \/>\n<meta property=\"og:image\" content=\"https:\/\/apuntesdesanluis.com\/wp-content\/uploads\/2025\/02\/lucas-gieco-portada.png\" \/>\n\t<meta property=\"og:image:width\" content=\"753\" \/>\n\t<meta property=\"og:image:height\" content=\"495\" \/>\n\t<meta property=\"og:image:type\" content=\"image\/png\" \/>\n<meta name=\"author\" content=\"apuntesdesanluis.com\" \/>\n<meta name=\"twitter:card\" content=\"summary_large_image\" \/>\n<meta name=\"twitter:label1\" content=\"Escrito por\" \/>\n\t<meta name=\"twitter:data1\" content=\"apuntesdesanluis.com\" \/>\n\t<meta name=\"twitter:label2\" content=\"Tiempo de lectura\" \/>\n\t<meta name=\"twitter:data2\" content=\"2 minutos\" \/>\n<script type=\"application\/ld+json\" class=\"yoast-schema-graph\">{\"@context\":\"https:\/\/schema.org\",\"@graph\":[{\"@type\":\"Article\",\"@id\":\"https:\/\/apuntesdesanluis.com\/index.php\/2025\/02\/03\/escandalo-en-tribunales-acusan-a-funcionario-provincial-de-agredir-a-una-mujer-video\/#article\",\"isPartOf\":{\"@id\":\"https:\/\/apuntesdesanluis.com\/index.php\/2025\/02\/03\/escandalo-en-tribunales-acusan-a-funcionario-provincial-de-agredir-a-una-mujer-video\/\"},\"author\":{\"name\":\"apuntesdesanluis.com\",\"@id\":\"https:\/\/apuntesdesanluis.com\/#\/schema\/person\/b55151d52296fcce64d1a72538a70b90\"},\"headline\":\"ESC\u00c1NDALO EN TRIBUNALES: ACUSAN A FUNCIONARIO PROVINCIAL DE AGREDIR A UNA MUJER (Video)\",\"datePublished\":\"2025-02-03T23:53:41+00:00\",\"dateModified\":\"2025-02-04T01:52:27+00:00\",\"mainEntityOfPage\":{\"@id\":\"https:\/\/apuntesdesanluis.com\/index.php\/2025\/02\/03\/escandalo-en-tribunales-acusan-a-funcionario-provincial-de-agredir-a-una-mujer-video\/\"},\"wordCount\":280,\"publisher\":{\"@id\":\"https:\/\/apuntesdesanluis.com\/#\/schema\/person\/b55151d52296fcce64d1a72538a70b90\"},\"image\":{\"@id\":\"https:\/\/apuntesdesanluis.com\/index.php\/2025\/02\/03\/escandalo-en-tribunales-acusan-a-funcionario-provincial-de-agredir-a-una-mujer-video\/#primaryimage\"},\"thumbnailUrl\":\"https:\/\/apuntesdesanluis.com\/wp-content\/uploads\/2025\/02\/lucas-gieco-portada.png\",\"articleSection\":[\"Opini\u00f3n\"],\"inLanguage\":\"es-AR\"},{\"@type\":\"WebPage\",\"@id\":\"https:\/\/apuntesdesanluis.com\/index.php\/2025\/02\/03\/escandalo-en-tribunales-acusan-a-funcionario-provincial-de-agredir-a-una-mujer-video\/\",\"url\":\"https:\/\/apuntesdesanluis.com\/index.php\/2025\/02\/03\/escandalo-en-tribunales-acusan-a-funcionario-provincial-de-agredir-a-una-mujer-video\/\",\"name\":\"ESC\u00c1NDALO EN TRIBUNALES: ACUSAN A FUNCIONARIO PROVINCIAL DE AGREDIR A UNA MUJER (Video) - Apuntes de San Luis\",\"isPartOf\":{\"@id\":\"https:\/\/apuntesdesanluis.com\/#website\"},\"primaryImageOfPage\":{\"@id\":\"https:\/\/apuntesdesanluis.com\/index.php\/2025\/02\/03\/escandalo-en-tribunales-acusan-a-funcionario-provincial-de-agredir-a-una-mujer-video\/#primaryimage\"},\"image\":{\"@id\":\"https:\/\/apuntesdesanluis.com\/index.php\/2025\/02\/03\/escandalo-en-tribunales-acusan-a-funcionario-provincial-de-agredir-a-una-mujer-video\/#primaryimage\"},\"thumbnailUrl\":\"https:\/\/apuntesdesanluis.com\/wp-content\/uploads\/2025\/02\/lucas-gieco-portada.png\",\"datePublished\":\"2025-02-03T23:53:41+00:00\",\"dateModified\":\"2025-02-04T01:52:27+00:00\",\"breadcrumb\":{\"@id\":\"https:\/\/apuntesdesanluis.com\/index.php\/2025\/02\/03\/escandalo-en-tribunales-acusan-a-funcionario-provincial-de-agredir-a-una-mujer-video\/#breadcrumb\"},\"inLanguage\":\"es-AR\",\"potentialAction\":[{\"@type\":\"ReadAction\",\"target\":[\"https:\/\/apuntesdesanluis.com\/index.php\/2025\/02\/03\/escandalo-en-tribunales-acusan-a-funcionario-provincial-de-agredir-a-una-mujer-video\/\"]}]},{\"@type\":\"ImageObject\",\"inLanguage\":\"es-AR\",\"@id\":\"https:\/\/apuntesdesanluis.com\/index.php\/2025\/02\/03\/escandalo-en-tribunales-acusan-a-funcionario-provincial-de-agredir-a-una-mujer-video\/#primaryimage\",\"url\":\"https:\/\/apuntesdesanluis.com\/wp-content\/uploads\/2025\/02\/lucas-gieco-portada.png\",\"contentUrl\":\"https:\/\/apuntesdesanluis.com\/wp-content\/uploads\/2025\/02\/lucas-gieco-portada.png\",\"width\":753,\"height\":495},{\"@type\":\"BreadcrumbList\",\"@id\":\"https:\/\/apuntesdesanluis.com\/index.php\/2025\/02\/03\/escandalo-en-tribunales-acusan-a-funcionario-provincial-de-agredir-a-una-mujer-video\/#breadcrumb\",\"itemListElement\":[{\"@type\":\"ListItem\",\"position\":1,\"name\":\"Inicio\",\"item\":\"https:\/\/apuntesdesanluis.com\/\"},{\"@type\":\"ListItem\",\"position\":2,\"name\":\"ESC\u00c1NDALO EN TRIBUNALES: ACUSAN A FUNCIONARIO PROVINCIAL DE AGREDIR A UNA MUJER (Video)\"}]},{\"@type\":\"WebSite\",\"@id\":\"https:\/\/apuntesdesanluis.com\/#website\",\"url\":\"https:\/\/apuntesdesanluis.com\/\",\"name\":\"Apuntes de San Luis\",\"description\":\"\",\"publisher\":{\"@id\":\"https:\/\/apuntesdesanluis.com\/#\/schema\/person\/b55151d52296fcce64d1a72538a70b90\"},\"potentialAction\":[{\"@type\":\"SearchAction\",\"target\":{\"@type\":\"EntryPoint\",\"urlTemplate\":\"https:\/\/apuntesdesanluis.com\/?s={search_term_string}\"},\"query-input\":{\"@type\":\"PropertyValueSpecification\",\"valueRequired\":true,\"valueName\":\"search_term_string\"}}],\"inLanguage\":\"es-AR\"},{\"@type\":[\"Person\",\"Organization\"],\"@id\":\"https:\/\/apuntesdesanluis.com\/#\/schema\/person\/b55151d52296fcce64d1a72538a70b90\",\"name\":\"apuntesdesanluis.com\",\"image\":{\"@type\":\"ImageObject\",\"inLanguage\":\"es-AR\",\"@id\":\"https:\/\/apuntesdesanluis.com\/#\/schema\/person\/image\/\",\"url\":\"https:\/\/apuntesdesanluis.com\/wp-content\/uploads\/2023\/07\/cropped-apuntesdesanluis.png\",\"contentUrl\":\"https:\/\/apuntesdesanluis.com\/wp-content\/uploads\/2023\/07\/cropped-apuntesdesanluis.png\",\"width\":450,\"height\":112,\"caption\":\"apuntesdesanluis.com\"},\"logo\":{\"@id\":\"https:\/\/apuntesdesanluis.com\/#\/schema\/person\/image\/\"},\"sameAs\":[\"https:\/\/apuntesdesanluis.com\"],\"url\":\"https:\/\/apuntesdesanluis.com\/index.php\/author\/apuntesdesanluis-com\/\"}]}<\/script>\n<!-- \/ Yoast SEO plugin. -->","yoast_head_json":{"title":"ESC\u00c1NDALO EN TRIBUNALES: ACUSAN A FUNCIONARIO PROVINCIAL DE AGREDIR A UNA MUJER (Video) - Apuntes de San Luis","robots":{"index":"index","follow":"follow","max-snippet":"max-snippet:-1","max-image-preview":"max-image-preview:large","max-video-preview":"max-video-preview:-1"},"canonical":"https:\/\/apuntesdesanluis.com\/index.php\/2025\/02\/03\/escandalo-en-tribunales-acusan-a-funcionario-provincial-de-agredir-a-una-mujer-video\/","og_locale":"es_ES","og_type":"article","og_title":"ESC\u00c1NDALO EN TRIBUNALES: ACUSAN A FUNCIONARIO PROVINCIAL DE AGREDIR A UNA MUJER (Video) - Apuntes de San Luis","og_description":"Los pasillos de los tribunales de Villa Mercedes se conmocionaron este lunes por la ma\u00f1ana,...","og_url":"https:\/\/apuntesdesanluis.com\/index.php\/2025\/02\/03\/escandalo-en-tribunales-acusan-a-funcionario-provincial-de-agredir-a-una-mujer-video\/","og_site_name":"Apuntes de San Luis","article_published_time":"2025-02-03T23:53:41+00:00","article_modified_time":"2025-02-04T01:52:27+00:00","og_image":[{"width":753,"height":495,"url":"https:\/\/apuntesdesanluis.com\/wp-content\/uploads\/2025\/02\/lucas-gieco-portada.png","type":"image\/png"}],"author":"apuntesdesanluis.com","twitter_card":"summary_large_image","twitter_misc":{"Escrito por":"apuntesdesanluis.com","Tiempo de lectura":"2 minutos"},"schema":{"@context":"https:\/\/schema.org","@graph":[{"@type":"Article","@id":"https:\/\/apuntesdesanluis.com\/index.php\/2025\/02\/03\/escandalo-en-tribunales-acusan-a-funcionario-provincial-de-agredir-a-una-mujer-video\/#article","isPartOf":{"@id":"https:\/\/apuntesdesanluis.com\/index.php\/2025\/02\/03\/escandalo-en-tribunales-acusan-a-funcionario-provincial-de-agredir-a-una-mujer-video\/"},"author":{"name":"apuntesdesanluis.com","@id":"https:\/\/apuntesdesanluis.com\/#\/schema\/person\/b55151d52296fcce64d1a72538a70b90"},"headline":"ESC\u00c1NDALO EN TRIBUNALES: ACUSAN A FUNCIONARIO PROVINCIAL DE AGREDIR A UNA MUJER (Video)","datePublished":"2025-02-03T23:53:41+00:00","dateModified":"2025-02-04T01:52:27+00:00","mainEntityOfPage":{"@id":"https:\/\/apuntesdesanluis.com\/index.php\/2025\/02\/03\/escandalo-en-tribunales-acusan-a-funcionario-provincial-de-agredir-a-una-mujer-video\/"},"wordCount":280,"publisher":{"@id":"https:\/\/apuntesdesanluis.com\/#\/schema\/person\/b55151d52296fcce64d1a72538a70b90"},"image":{"@id":"https:\/\/apuntesdesanluis.com\/index.php\/2025\/02\/03\/escandalo-en-tribunales-acusan-a-funcionario-provincial-de-agredir-a-una-mujer-video\/#primaryimage"},"thumbnailUrl":"https:\/\/apuntesdesanluis.com\/wp-content\/uploads\/2025\/02\/lucas-gieco-portada.png","articleSection":["Opini\u00f3n"],"inLanguage":"es-AR"},{"@type":"WebPage","@id":"https:\/\/apuntesdesanluis.com\/index.php\/2025\/02\/03\/escandalo-en-tribunales-acusan-a-funcionario-provincial-de-agredir-a-una-mujer-video\/","url":"https:\/\/apuntesdesanluis.com\/index.php\/2025\/02\/03\/escandalo-en-tribunales-acusan-a-funcionario-provincial-de-agredir-a-una-mujer-video\/","name":"ESC\u00c1NDALO EN TRIBUNALES: ACUSAN A FUNCIONARIO PROVINCIAL DE AGREDIR A UNA MUJER (Video) - Apuntes de San Luis","isPartOf":{"@id":"https:\/\/apuntesdesanluis.com\/#website"},"primaryImageOfPage":{"@id":"https:\/\/apuntesdesanluis.com\/index.php\/2025\/02\/03\/escandalo-en-tribunales-acusan-a-funcionario-provincial-de-agredir-a-una-mujer-video\/#primaryimage"},"image":{"@id":"https:\/\/apuntesdesanluis.com\/index.php\/2025\/02\/03\/escandalo-en-tribunales-acusan-a-funcionario-provincial-de-agredir-a-una-mujer-video\/#primaryimage"},"thumbnailUrl":"https:\/\/apuntesdesanluis.com\/wp-content\/uploads\/2025\/02\/lucas-gieco-portada.png","datePublished":"2025-02-03T23:53:41+00:00","dateModified":"2025-02-04T01:52:27+00:00","breadcrumb":{"@id":"https:\/\/apuntesdesanluis.com\/index.php\/2025\/02\/03\/escandalo-en-tribunales-acusan-a-funcionario-provincial-de-agredir-a-una-mujer-video\/#breadcrumb"},"inLanguage":"es-AR","potentialAction":[{"@type":"ReadAction","target":["https:\/\/apuntesdesanluis.com\/index.php\/2025\/02\/03\/escandalo-en-tribunales-acusan-a-funcionario-provincial-de-agredir-a-una-mujer-video\/"]}]},{"@type":"ImageObject","inLanguage":"es-AR","@id":"https:\/\/apuntesdesanluis.com\/index.php\/2025\/02\/03\/escandalo-en-tribunales-acusan-a-funcionario-provincial-de-agredir-a-una-mujer-video\/#primaryimage","url":"https:\/\/apuntesdesanluis.com\/wp-content\/uploads\/2025\/02\/lucas-gieco-portada.png","contentUrl":"https:\/\/apuntesdesanluis.com\/wp-content\/uploads\/2025\/02\/lucas-gieco-portada.png","width":753,"height":495},{"@type":"BreadcrumbList","@id":"https:\/\/apuntesdesanluis.com\/index.php\/2025\/02\/03\/escandalo-en-tribunales-acusan-a-funcionario-provincial-de-agredir-a-una-mujer-video\/#breadcrumb","itemListElement":[{"@type":"ListItem","position":1,"name":"Inicio","item":"https:\/\/apuntesdesanluis.com\/"},{"@type":"ListItem","position":2,"name":"ESC\u00c1NDALO EN TRIBUNALES: ACUSAN A FUNCIONARIO PROVINCIAL DE AGREDIR A UNA MUJER (Video)"}]},{"@type":"WebSite","@id":"https:\/\/apuntesdesanluis.com\/#website","url":"https:\/\/apuntesdesanluis.com\/","name":"Apuntes de San Luis","description":"","publisher":{"@id":"https:\/\/apuntesdesanluis.com\/#\/schema\/person\/b55151d52296fcce64d1a72538a70b90"},"potentialAction":[{"@type":"SearchAction","target":{"@type":"EntryPoint","urlTemplate":"https:\/\/apuntesdesanluis.com\/?s={search_term_string}"},"query-input":{"@type":"PropertyValueSpecification","valueRequired":true,"valueName":"search_term_string"}}],"inLanguage":"es-AR"},{"@type":["Person","Organization"],"@id":"https:\/\/apuntesdesanluis.com\/#\/schema\/person\/b55151d52296fcce64d1a72538a70b90","name":"apuntesdesanluis.com","image":{"@type":"ImageObject","inLanguage":"es-AR","@id":"https:\/\/apuntesdesanluis.com\/#\/schema\/person\/image\/","url":"https:\/\/apuntesdesanluis.com\/wp-content\/uploads\/2023\/07\/cropped-apuntesdesanluis.png","contentUrl":"https:\/\/apuntesdesanluis.com\/wp-content\/uploads\/2023\/07\/cropped-apuntesdesanluis.png","width":450,"height":112,"caption":"apuntesdesanluis.com"},"logo":{"@id":"https:\/\/apuntesdesanluis.com\/#\/schema\/person\/image\/"},"sameAs":["https:\/\/apuntesdesanluis.com"],"url":"https:\/\/apuntesdesanluis.com\/index.php\/author\/apuntesdesanluis-com\/"}]}},"featured_image_urls":{"full":["https:\/\/apuntesdesanluis.com\/wp-content\/uploads\/2025\/02\/lucas-gieco-portada.png",753,495,false],"thumbnail":["https:\/\/apuntesdesanluis.com\/wp-content\/uploads\/2025\/02\/lucas-gieco-portada-150x150.png",150,150,true],"medium":["https:\/\/apuntesdesanluis.com\/wp-content\/uploads\/2025\/02\/lucas-gieco-portada-300x197.png",300,197,true],"medium_large":["https:\/\/apuntesdesanluis.com\/wp-content\/uploads\/2025\/02\/lucas-gieco-portada.png",640,421,false],"large":["https:\/\/apuntesdesanluis.com\/wp-content\/uploads\/2025\/02\/lucas-gieco-portada.png",640,421,false],"1536x1536":["https:\/\/apuntesdesanluis.com\/wp-content\/uploads\/2025\/02\/lucas-gieco-portada.png",753,495,false],"2048x2048":["https:\/\/apuntesdesanluis.com\/wp-content\/uploads\/2025\/02\/lucas-gieco-portada.png",753,495,false],"newsever-slider-full":["https:\/\/apuntesdesanluis.com\/wp-content\/uploads\/2025\/02\/lucas-gieco-portada.png",753,495,false],"newsever-featured":["https:\/\/apuntesdesanluis.com\/wp-content\/uploads\/2025\/02\/lucas-gieco-portada.png",753,495,false],"newsever-medium":["https:\/\/apuntesdesanluis.com\/wp-content\/uploads\/2025\/02\/lucas-gieco-portada-720x475.png",720,475,true]},"author_info":{"display_name":"apuntesdesanluis.com","author_link":"https:\/\/apuntesdesanluis.com\/index.php\/author\/apuntesdesanluis-com\/"},"category_info":"<a href=\"https:\/\/apuntesdesanluis.com\/index.php\/category\/opinion\/\" rel=\"category tag\">Opini\u00f3n<\/a>","tag_info":"Opini\u00f3n","comment_count":"0","_links":{"self":[{"href":"https:\/\/apuntesdesanluis.com\/index.php\/wp-json\/wp\/v2\/posts\/28640","targetHints":{"allow":["GET"]}}],"collection":[{"href":"https:\/\/apuntesdesanluis.com\/index.php\/wp-json\/wp\/v2\/posts"}],"about":[{"href":"https:\/\/apuntesdesanluis.com\/index.php\/wp-json\/wp\/v2\/types\/post"}],"author":[{"embeddable":true,"href":"https:\/\/apuntesdesanluis.com\/index.php\/wp-json\/wp\/v2\/users\/1"}],"replies":[{"embeddable":true,"href":"https:\/\/apuntesdesanluis.com\/index.php\/wp-json\/wp\/v2\/comments?post=28640"}],"version-history":[{"count":5,"href":"https:\/\/apuntesdesanluis.com\/index.php\/wp-json\/wp\/v2\/posts\/28640\/revisions"}],"predecessor-version":[{"id":28655,"href":"https:\/\/apuntesdesanluis.com\/index.php\/wp-json\/wp\/v2\/posts\/28640\/revisions\/28655"}],"wp:featuredmedia":[{"embeddable":true,"href":"https:\/\/apuntesdesanluis.com\/index.php\/wp-json\/wp\/v2\/media\/28647"}],"wp:attachment":[{"href":"https:\/\/apuntesdesanluis.com\/index.php\/wp-json\/wp\/v2\/media?parent=28640"}],"wp:term":[{"taxonomy":"category","embeddable":true,"href":"https:\/\/apuntesdesanluis.com\/index.php\/wp-json\/wp\/v2\/categories?post=28640"},{"taxonomy":"post_tag","embeddable":true,"href":"https:\/\/apuntesdesanluis.com\/index.php\/wp-json\/wp\/v2\/tags?post=28640"}],"curies":[{"name":"wp","href":"https:\/\/api.w.org\/{rel}","templated":true}]}}