{"id":28658,"date":"2025-02-04T00:16:17","date_gmt":"2025-02-04T03:16:17","guid":{"rendered":"https:\/\/apuntesdesanluis.com\/?p=28658"},"modified":"2025-02-04T00:16:17","modified_gmt":"2025-02-04T03:16:17","slug":"diputados-formalizo-la-convocatoria-para-sesionar-el-jueves-con-foco-en-la-reforma-electoral","status":"publish","type":"post","link":"https:\/\/apuntesdesanluis.com\/index.php\/2025\/02\/04\/diputados-formalizo-la-convocatoria-para-sesionar-el-jueves-con-foco-en-la-reforma-electoral\/","title":{"rendered":"DIPUTADOS FORMALIZ\u00d3 LA CONVOCATORIA PARA SESIONAR EL JUEVES CON FOCO EN LA REFORMA ELECTORAL"},"content":{"rendered":"<h3>La C\u00e1mara de Diputados oficializ\u00f3 hoy el pedido de sesi\u00f3n para este jueves al mediod\u00eda, con eje central en el proyecto de fortalecimiento electoral que incluye la suspensi\u00f3n de las PASO, en el marco de un temario que tambi\u00e9n incluye el proyecto de juicio en ausencia y ley de reiterancia.<\/h3>\n<h3>El pedido de sesi\u00f3n oficial fue formulada una hora antes por el presidente del bloque de La Libertad Avanza, Gabriel Bornoroni, y otros legisladores de la bancada libertaria y del PRO.<\/h3>\n<h3>El oficialismo y sus aliados buscar\u00e1n obtener dictamen de mayor\u00eda en el plenario de las comisiones de Asuntos Constitucionales, Justicia y Presupuesto que se realizar\u00e1 ma\u00f1ana desde las 14 hs.<\/h3>\n<h3>Los n\u00fameros est\u00e1n muy ajustados de cara a la sesi\u00f3n pero el oficialismo conf\u00eda en conseguir los votos que le faltan en las pr\u00f3ximas horas.<\/h3>\n<h3>Para lograr la media sanci\u00f3n, se necesita una mayor\u00eda especial de 129 votos, por lo que la mira est\u00e1 puesta en la UCR, Encuentro Federal e incluso en Uni\u00f3n por la Patria.<\/h3>\n<h3>Adem\u00e1s de Bornoroni, firman el pedido de sesi\u00f3n especial los diputados nacionales Nadia M\u00e1rquez, Nicol\u00e1s Mayoraz, Manuel Quintar, Jos\u00e9 Luis Espert, Romina Diez, Cristian Ritondo, Silvana Giudici, Dami\u00e1n Arabia, Hern\u00e1n Lombardi, Alejandro Finocchiaro y Oscar Zago.<\/h3>\n<h3>El panorama todav\u00eda no est\u00e1 claro y depender\u00e1 en gran medida del saldo que arrojen las reuniones de los bloques de UP y la UCR que se desarrollaban a \u00faltima hora de este lunes.<\/h3>\n<h3>La UCR se encaminaba a dividirse, con los cinco radicales \u201cpeluca\u201d encabezando el pelot\u00f3n de los legisladores que acompa\u00f1ar\u00e1n la suspensi\u00f3n de las PASO.<\/h3>\n<h3>En Uni\u00f3n por la Patria, tampoco hay una postura unificada, aunque la tendencia mayoritaria era la de oponerse al proyecto del oficialismo.<\/h3>\n<h3>Seg\u00fan pudo saber la Agencia Noticias de un diputado nacional de UP, la idea es dar el debate interno y salir de la reuni\u00f3n con una postura unificada.<\/h3>\n<h3>\u201cDespu\u00e9s si alg\u00fan gobernador quiere romper, es cosa de ellos. Pero no ser\u00eda el esp\u00edritu dar libertad de acci\u00f3n\u201d, se\u00f1al\u00f3 el legislador peronista de una provincia del norte del pa\u00eds.<\/h3>\n<h3>El Frente Renovador de Sergio Massa, que tiene ocho integrantes en la C\u00e1mara baja, se hab\u00eda expresado tiempo atr\u00e1s a favor de eliminar las PASO, pero sostener con coherencia esa postura y apoyar un proyecto de Javier Milei podr\u00eda traerle un costo interno dif\u00edcil de sobrellevar en el futuro inmediato.<\/h3>\n<h3>La C\u00e1mpora, en tanto, se manten\u00eda expectante de las se\u00f1ales que diera al respecto la l\u00edder del espacio, Cristina Kirchner.<\/h3>\n<h3>En un primer momento, la ex presidenta vio en la supresi\u00f3n de las PASO una oportunidad de fortalecer su posici\u00f3n mediante el control de las listas del peronismo en los distritos m\u00e1s importantes, pero habr\u00eda cambiado de parecer ante la amenaza del gobernador Axel Kicillof de desdoblar la elecci\u00f3n bonaerense en caso de que se despejaran las primarias nacionales del calendario electoral.<\/h3>\n<h3>En el lote de diputados que analizan la posibilidad de apoyar el proyecto del Gobierno se encuentran aquellos que responden a los gobernadores de Catamarca, Santiago del Estero y La Rioja, Ra\u00fal Jalil, Gerardo Zamora y Ricardo Quintela, respectivamente.<\/h3>\n<h3>Otro bloque cuya definici\u00f3n ser\u00e1 clave es Encuentro Federal, encabezado por Miguel Angel Pichetto. Seg\u00fan pudo averiguar la Agencia Noticias Argentinas, esta bancada tambi\u00e9n votar\u00e1 dividida.<\/h3>\n<h3>Los cuatro cordobeses Juan Brugge, Carlos Guti\u00e9rrez, Ignacio Garc\u00eda Aresca y Alejandra Torres, quienes responden al gobernador Mart\u00edn Llaryora, estar\u00edan dispuestos a suspender las PASO, al igual que el enterriano Francisco Morchio y el chubutense Jorge \u201cLoma\u201d \u00c1vila.<\/h3>\n<h3>En cambio, los bonaerenses Emilio Monzo, Nicol\u00e1s Massot y\u00a0 Florencio Randazzo, la cordobesa Natalia de la Sota, el porte\u00f1o Ricardo L\u00f3pez Murphy, y los santafesinos M\u00f3nica Fein y Esteban Paul\u00f3n, prefieren mantener las PASO y no tratar este tema en un a\u00f1o electoral.<\/h3>\n<h3>El Frente de Izquierda, que en la \u00faltima d\u00e9cada viene utilizando la competencia de las PASO para salir fortalecida, votar\u00e1 decididamente en contra.<\/h3>\n<h3>Hasta ahora el oficialismo cuenta con 39 votos-ya que Menem no vota y solo lo hace si hay desempate-, 34 del PRO (solo hay dudas con los larretistas \u00c1lvaro Gonz\u00e1lez y H\u00e9ctor Baldassi, tres del MID, tres de Independencia (Tucum\u00e1n), dos de Producci\u00f3n y Trabajo (San Juan), y los monobloquistas Paula Omodeo (CREO), Lourdes Arrieta (FE) y Osvaldo Llancafilo (MPN).<\/h3>\n<h3>Adem\u00e1s es optimista en sumar a los ocho de Innovaci\u00f3n Federal, los seis de la Coalici\u00f3n C\u00edvica, la mayor\u00eda de los radicales d\u00edscolos de Democracia para Siempre, y los dos de Por Santa Cruz.<\/h3>\n<h3>La suspensi\u00f3n de las PASO de agosto obligar\u00eda a los partidos o alianzas a determinar si organizar\u00e1n elecciones internas con el padr\u00f3n de afiliados para definir candidatos, o si en cambio buscar\u00e1n consensuar las listas que se presentar\u00e1 en las elecciones legislativas de octubre.<\/h3>\n<h3>El Gobierno quiere acelerar la sanci\u00f3n de la ley de reforma electoral ya que si se efect\u00faan las PASO debe empezar cuanto antes el proceso de licitaci\u00f3n para concretar esos comicios, y por eso prioriz\u00f3 el tratamiento de ese proyecto en las sesiones extraordinarias que vencen el pr\u00f3ximo 21 de febrero.<\/h3>\n<h3>El temario establecido para las extraordinarias contempla tambi\u00e9n los proyectos de Ficha Limpia, Juicio en Ausencia, Reiterancia, ley Antimafia y ley de quebrantos, y los pliegos a la Corte Suprema de Ariel Lijo y Manuel Garc\u00eda Mansilla.<\/h3>\n<p>&nbsp;<\/p>\n<p>&nbsp;<\/p>\n<p>&nbsp;<\/p>\n<p>&nbsp;<\/p>\n<p>&nbsp;<\/p>\n<p>&nbsp;<\/p>\n<p>&nbsp;<\/p>\n","protected":false},"excerpt":{"rendered":"<p>La C\u00e1mara de Diputados oficializ\u00f3 hoy el pedido de sesi\u00f3n para este jueves al mediod\u00eda,&#8230;<\/p>\n","protected":false},"author":1,"featured_media":23611,"comment_status":"closed","ping_status":"closed","sticky":false,"template":"","format":"standard","meta":{"footnotes":""},"categories":[5],"tags":[],"class_list":["post-28658","post","type-post","status-publish","format-standard","has-post-thumbnail","hentry","category-nacionales-internacionales"],"yoast_head":"<!-- This site is optimized with the Yoast SEO plugin v26.1.1 - https:\/\/yoast.com\/wordpress\/plugins\/seo\/ -->\n<title>DIPUTADOS FORMALIZ\u00d3 LA CONVOCATORIA PARA SESIONAR EL JUEVES CON FOCO EN LA REFORMA ELECTORAL - Apuntes de San Luis<\/title>\n<meta name=\"robots\" content=\"index, follow, max-snippet:-1, max-image-preview:large, max-video-preview:-1\" \/>\n<link rel=\"canonical\" href=\"https:\/\/apuntesdesanluis.com\/index.php\/2025\/02\/04\/diputados-formalizo-la-convocatoria-para-sesionar-el-jueves-con-foco-en-la-reforma-electoral\/\" \/>\n<meta property=\"og:locale\" content=\"es_ES\" \/>\n<meta property=\"og:type\" content=\"article\" \/>\n<meta property=\"og:title\" content=\"DIPUTADOS FORMALIZ\u00d3 LA CONVOCATORIA PARA SESIONAR EL JUEVES CON FOCO EN LA REFORMA ELECTORAL - Apuntes de San Luis\" \/>\n<meta property=\"og:description\" content=\"La C\u00e1mara de Diputados oficializ\u00f3 hoy el pedido de sesi\u00f3n para este jueves al mediod\u00eda,...\" \/>\n<meta property=\"og:url\" content=\"https:\/\/apuntesdesanluis.com\/index.php\/2025\/02\/04\/diputados-formalizo-la-convocatoria-para-sesionar-el-jueves-con-foco-en-la-reforma-electoral\/\" \/>\n<meta property=\"og:site_name\" content=\"Apuntes de San Luis\" \/>\n<meta property=\"article:published_time\" content=\"2025-02-04T03:16:17+00:00\" \/>\n<meta property=\"og:image\" content=\"https:\/\/apuntesdesanluis.com\/wp-content\/uploads\/2024\/10\/camara-de-diputados.png\" \/>\n\t<meta property=\"og:image:width\" content=\"748\" \/>\n\t<meta property=\"og:image:height\" content=\"431\" \/>\n\t<meta property=\"og:image:type\" content=\"image\/png\" \/>\n<meta name=\"author\" content=\"apuntesdesanluis.com\" \/>\n<meta name=\"twitter:card\" content=\"summary_large_image\" \/>\n<meta name=\"twitter:label1\" content=\"Escrito por\" \/>\n\t<meta name=\"twitter:data1\" content=\"apuntesdesanluis.com\" \/>\n\t<meta name=\"twitter:label2\" content=\"Tiempo de lectura\" \/>\n\t<meta name=\"twitter:data2\" content=\"5 minutos\" \/>\n<script type=\"application\/ld+json\" class=\"yoast-schema-graph\">{\"@context\":\"https:\/\/schema.org\",\"@graph\":[{\"@type\":\"Article\",\"@id\":\"https:\/\/apuntesdesanluis.com\/index.php\/2025\/02\/04\/diputados-formalizo-la-convocatoria-para-sesionar-el-jueves-con-foco-en-la-reforma-electoral\/#article\",\"isPartOf\":{\"@id\":\"https:\/\/apuntesdesanluis.com\/index.php\/2025\/02\/04\/diputados-formalizo-la-convocatoria-para-sesionar-el-jueves-con-foco-en-la-reforma-electoral\/\"},\"author\":{\"name\":\"apuntesdesanluis.com\",\"@id\":\"https:\/\/apuntesdesanluis.com\/#\/schema\/person\/b55151d52296fcce64d1a72538a70b90\"},\"headline\":\"DIPUTADOS FORMALIZ\u00d3 LA CONVOCATORIA PARA SESIONAR EL JUEVES CON FOCO EN LA REFORMA ELECTORAL\",\"datePublished\":\"2025-02-04T03:16:17+00:00\",\"mainEntityOfPage\":{\"@id\":\"https:\/\/apuntesdesanluis.com\/index.php\/2025\/02\/04\/diputados-formalizo-la-convocatoria-para-sesionar-el-jueves-con-foco-en-la-reforma-electoral\/\"},\"wordCount\":973,\"publisher\":{\"@id\":\"https:\/\/apuntesdesanluis.com\/#\/schema\/person\/b55151d52296fcce64d1a72538a70b90\"},\"image\":{\"@id\":\"https:\/\/apuntesdesanluis.com\/index.php\/2025\/02\/04\/diputados-formalizo-la-convocatoria-para-sesionar-el-jueves-con-foco-en-la-reforma-electoral\/#primaryimage\"},\"thumbnailUrl\":\"https:\/\/apuntesdesanluis.com\/wp-content\/uploads\/2024\/10\/camara-de-diputados.png\",\"articleSection\":[\"Nacionales\/Internacionales\"],\"inLanguage\":\"es-AR\"},{\"@type\":\"WebPage\",\"@id\":\"https:\/\/apuntesdesanluis.com\/index.php\/2025\/02\/04\/diputados-formalizo-la-convocatoria-para-sesionar-el-jueves-con-foco-en-la-reforma-electoral\/\",\"url\":\"https:\/\/apuntesdesanluis.com\/index.php\/2025\/02\/04\/diputados-formalizo-la-convocatoria-para-sesionar-el-jueves-con-foco-en-la-reforma-electoral\/\",\"name\":\"DIPUTADOS FORMALIZ\u00d3 LA CONVOCATORIA PARA SESIONAR EL JUEVES CON FOCO EN LA REFORMA ELECTORAL - Apuntes de San Luis\",\"isPartOf\":{\"@id\":\"https:\/\/apuntesdesanluis.com\/#website\"},\"primaryImageOfPage\":{\"@id\":\"https:\/\/apuntesdesanluis.com\/index.php\/2025\/02\/04\/diputados-formalizo-la-convocatoria-para-sesionar-el-jueves-con-foco-en-la-reforma-electoral\/#primaryimage\"},\"image\":{\"@id\":\"https:\/\/apuntesdesanluis.com\/index.php\/2025\/02\/04\/diputados-formalizo-la-convocatoria-para-sesionar-el-jueves-con-foco-en-la-reforma-electoral\/#primaryimage\"},\"thumbnailUrl\":\"https:\/\/apuntesdesanluis.com\/wp-content\/uploads\/2024\/10\/camara-de-diputados.png\",\"datePublished\":\"2025-02-04T03:16:17+00:00\",\"breadcrumb\":{\"@id\":\"https:\/\/apuntesdesanluis.com\/index.php\/2025\/02\/04\/diputados-formalizo-la-convocatoria-para-sesionar-el-jueves-con-foco-en-la-reforma-electoral\/#breadcrumb\"},\"inLanguage\":\"es-AR\",\"potentialAction\":[{\"@type\":\"ReadAction\",\"target\":[\"https:\/\/apuntesdesanluis.com\/index.php\/2025\/02\/04\/diputados-formalizo-la-convocatoria-para-sesionar-el-jueves-con-foco-en-la-reforma-electoral\/\"]}]},{\"@type\":\"ImageObject\",\"inLanguage\":\"es-AR\",\"@id\":\"https:\/\/apuntesdesanluis.com\/index.php\/2025\/02\/04\/diputados-formalizo-la-convocatoria-para-sesionar-el-jueves-con-foco-en-la-reforma-electoral\/#primaryimage\",\"url\":\"https:\/\/apuntesdesanluis.com\/wp-content\/uploads\/2024\/10\/camara-de-diputados.png\",\"contentUrl\":\"https:\/\/apuntesdesanluis.com\/wp-content\/uploads\/2024\/10\/camara-de-diputados.png\",\"width\":748,\"height\":431},{\"@type\":\"BreadcrumbList\",\"@id\":\"https:\/\/apuntesdesanluis.com\/index.php\/2025\/02\/04\/diputados-formalizo-la-convocatoria-para-sesionar-el-jueves-con-foco-en-la-reforma-electoral\/#breadcrumb\",\"itemListElement\":[{\"@type\":\"ListItem\",\"position\":1,\"name\":\"Inicio\",\"item\":\"https:\/\/apuntesdesanluis.com\/\"},{\"@type\":\"ListItem\",\"position\":2,\"name\":\"DIPUTADOS FORMALIZ\u00d3 LA CONVOCATORIA PARA SESIONAR EL JUEVES CON FOCO EN LA REFORMA ELECTORAL\"}]},{\"@type\":\"WebSite\",\"@id\":\"https:\/\/apuntesdesanluis.com\/#website\",\"url\":\"https:\/\/apuntesdesanluis.com\/\",\"name\":\"Apuntes de San Luis\",\"description\":\"\",\"publisher\":{\"@id\":\"https:\/\/apuntesdesanluis.com\/#\/schema\/person\/b55151d52296fcce64d1a72538a70b90\"},\"potentialAction\":[{\"@type\":\"SearchAction\",\"target\":{\"@type\":\"EntryPoint\",\"urlTemplate\":\"https:\/\/apuntesdesanluis.com\/?s={search_term_string}\"},\"query-input\":{\"@type\":\"PropertyValueSpecification\",\"valueRequired\":true,\"valueName\":\"search_term_string\"}}],\"inLanguage\":\"es-AR\"},{\"@type\":[\"Person\",\"Organization\"],\"@id\":\"https:\/\/apuntesdesanluis.com\/#\/schema\/person\/b55151d52296fcce64d1a72538a70b90\",\"name\":\"apuntesdesanluis.com\",\"image\":{\"@type\":\"ImageObject\",\"inLanguage\":\"es-AR\",\"@id\":\"https:\/\/apuntesdesanluis.com\/#\/schema\/person\/image\/\",\"url\":\"https:\/\/apuntesdesanluis.com\/wp-content\/uploads\/2023\/07\/cropped-apuntesdesanluis.png\",\"contentUrl\":\"https:\/\/apuntesdesanluis.com\/wp-content\/uploads\/2023\/07\/cropped-apuntesdesanluis.png\",\"width\":450,\"height\":112,\"caption\":\"apuntesdesanluis.com\"},\"logo\":{\"@id\":\"https:\/\/apuntesdesanluis.com\/#\/schema\/person\/image\/\"},\"sameAs\":[\"https:\/\/apuntesdesanluis.com\"],\"url\":\"https:\/\/apuntesdesanluis.com\/index.php\/author\/apuntesdesanluis-com\/\"}]}<\/script>\n<!-- \/ Yoast SEO plugin. -->","yoast_head_json":{"title":"DIPUTADOS FORMALIZ\u00d3 LA CONVOCATORIA PARA SESIONAR EL JUEVES CON FOCO EN LA REFORMA ELECTORAL - Apuntes de San Luis","robots":{"index":"index","follow":"follow","max-snippet":"max-snippet:-1","max-image-preview":"max-image-preview:large","max-video-preview":"max-video-preview:-1"},"canonical":"https:\/\/apuntesdesanluis.com\/index.php\/2025\/02\/04\/diputados-formalizo-la-convocatoria-para-sesionar-el-jueves-con-foco-en-la-reforma-electoral\/","og_locale":"es_ES","og_type":"article","og_title":"DIPUTADOS FORMALIZ\u00d3 LA CONVOCATORIA PARA SESIONAR EL JUEVES CON FOCO EN LA REFORMA ELECTORAL - Apuntes de San Luis","og_description":"La C\u00e1mara de Diputados oficializ\u00f3 hoy el pedido de sesi\u00f3n para este jueves al mediod\u00eda,...","og_url":"https:\/\/apuntesdesanluis.com\/index.php\/2025\/02\/04\/diputados-formalizo-la-convocatoria-para-sesionar-el-jueves-con-foco-en-la-reforma-electoral\/","og_site_name":"Apuntes de San Luis","article_published_time":"2025-02-04T03:16:17+00:00","og_image":[{"width":748,"height":431,"url":"https:\/\/apuntesdesanluis.com\/wp-content\/uploads\/2024\/10\/camara-de-diputados.png","type":"image\/png"}],"author":"apuntesdesanluis.com","twitter_card":"summary_large_image","twitter_misc":{"Escrito por":"apuntesdesanluis.com","Tiempo de lectura":"5 minutos"},"schema":{"@context":"https:\/\/schema.org","@graph":[{"@type":"Article","@id":"https:\/\/apuntesdesanluis.com\/index.php\/2025\/02\/04\/diputados-formalizo-la-convocatoria-para-sesionar-el-jueves-con-foco-en-la-reforma-electoral\/#article","isPartOf":{"@id":"https:\/\/apuntesdesanluis.com\/index.php\/2025\/02\/04\/diputados-formalizo-la-convocatoria-para-sesionar-el-jueves-con-foco-en-la-reforma-electoral\/"},"author":{"name":"apuntesdesanluis.com","@id":"https:\/\/apuntesdesanluis.com\/#\/schema\/person\/b55151d52296fcce64d1a72538a70b90"},"headline":"DIPUTADOS FORMALIZ\u00d3 LA CONVOCATORIA PARA SESIONAR EL JUEVES CON FOCO EN LA REFORMA ELECTORAL","datePublished":"2025-02-04T03:16:17+00:00","mainEntityOfPage":{"@id":"https:\/\/apuntesdesanluis.com\/index.php\/2025\/02\/04\/diputados-formalizo-la-convocatoria-para-sesionar-el-jueves-con-foco-en-la-reforma-electoral\/"},"wordCount":973,"publisher":{"@id":"https:\/\/apuntesdesanluis.com\/#\/schema\/person\/b55151d52296fcce64d1a72538a70b90"},"image":{"@id":"https:\/\/apuntesdesanluis.com\/index.php\/2025\/02\/04\/diputados-formalizo-la-convocatoria-para-sesionar-el-jueves-con-foco-en-la-reforma-electoral\/#primaryimage"},"thumbnailUrl":"https:\/\/apuntesdesanluis.com\/wp-content\/uploads\/2024\/10\/camara-de-diputados.png","articleSection":["Nacionales\/Internacionales"],"inLanguage":"es-AR"},{"@type":"WebPage","@id":"https:\/\/apuntesdesanluis.com\/index.php\/2025\/02\/04\/diputados-formalizo-la-convocatoria-para-sesionar-el-jueves-con-foco-en-la-reforma-electoral\/","url":"https:\/\/apuntesdesanluis.com\/index.php\/2025\/02\/04\/diputados-formalizo-la-convocatoria-para-sesionar-el-jueves-con-foco-en-la-reforma-electoral\/","name":"DIPUTADOS FORMALIZ\u00d3 LA CONVOCATORIA PARA SESIONAR EL JUEVES CON FOCO EN LA REFORMA ELECTORAL - Apuntes de San Luis","isPartOf":{"@id":"https:\/\/apuntesdesanluis.com\/#website"},"primaryImageOfPage":{"@id":"https:\/\/apuntesdesanluis.com\/index.php\/2025\/02\/04\/diputados-formalizo-la-convocatoria-para-sesionar-el-jueves-con-foco-en-la-reforma-electoral\/#primaryimage"},"image":{"@id":"https:\/\/apuntesdesanluis.com\/index.php\/2025\/02\/04\/diputados-formalizo-la-convocatoria-para-sesionar-el-jueves-con-foco-en-la-reforma-electoral\/#primaryimage"},"thumbnailUrl":"https:\/\/apuntesdesanluis.com\/wp-content\/uploads\/2024\/10\/camara-de-diputados.png","datePublished":"2025-02-04T03:16:17+00:00","breadcrumb":{"@id":"https:\/\/apuntesdesanluis.com\/index.php\/2025\/02\/04\/diputados-formalizo-la-convocatoria-para-sesionar-el-jueves-con-foco-en-la-reforma-electoral\/#breadcrumb"},"inLanguage":"es-AR","potentialAction":[{"@type":"ReadAction","target":["https:\/\/apuntesdesanluis.com\/index.php\/2025\/02\/04\/diputados-formalizo-la-convocatoria-para-sesionar-el-jueves-con-foco-en-la-reforma-electoral\/"]}]},{"@type":"ImageObject","inLanguage":"es-AR","@id":"https:\/\/apuntesdesanluis.com\/index.php\/2025\/02\/04\/diputados-formalizo-la-convocatoria-para-sesionar-el-jueves-con-foco-en-la-reforma-electoral\/#primaryimage","url":"https:\/\/apuntesdesanluis.com\/wp-content\/uploads\/2024\/10\/camara-de-diputados.png","contentUrl":"https:\/\/apuntesdesanluis.com\/wp-content\/uploads\/2024\/10\/camara-de-diputados.png","width":748,"height":431},{"@type":"BreadcrumbList","@id":"https:\/\/apuntesdesanluis.com\/index.php\/2025\/02\/04\/diputados-formalizo-la-convocatoria-para-sesionar-el-jueves-con-foco-en-la-reforma-electoral\/#breadcrumb","itemListElement":[{"@type":"ListItem","position":1,"name":"Inicio","item":"https:\/\/apuntesdesanluis.com\/"},{"@type":"ListItem","position":2,"name":"DIPUTADOS FORMALIZ\u00d3 LA CONVOCATORIA PARA SESIONAR EL JUEVES CON FOCO EN LA REFORMA ELECTORAL"}]},{"@type":"WebSite","@id":"https:\/\/apuntesdesanluis.com\/#website","url":"https:\/\/apuntesdesanluis.com\/","name":"Apuntes de San Luis","description":"","publisher":{"@id":"https:\/\/apuntesdesanluis.com\/#\/schema\/person\/b55151d52296fcce64d1a72538a70b90"},"potentialAction":[{"@type":"SearchAction","target":{"@type":"EntryPoint","urlTemplate":"https:\/\/apuntesdesanluis.com\/?s={search_term_string}"},"query-input":{"@type":"PropertyValueSpecification","valueRequired":true,"valueName":"search_term_string"}}],"inLanguage":"es-AR"},{"@type":["Person","Organization"],"@id":"https:\/\/apuntesdesanluis.com\/#\/schema\/person\/b55151d52296fcce64d1a72538a70b90","name":"apuntesdesanluis.com","image":{"@type":"ImageObject","inLanguage":"es-AR","@id":"https:\/\/apuntesdesanluis.com\/#\/schema\/person\/image\/","url":"https:\/\/apuntesdesanluis.com\/wp-content\/uploads\/2023\/07\/cropped-apuntesdesanluis.png","contentUrl":"https:\/\/apuntesdesanluis.com\/wp-content\/uploads\/2023\/07\/cropped-apuntesdesanluis.png","width":450,"height":112,"caption":"apuntesdesanluis.com"},"logo":{"@id":"https:\/\/apuntesdesanluis.com\/#\/schema\/person\/image\/"},"sameAs":["https:\/\/apuntesdesanluis.com"],"url":"https:\/\/apuntesdesanluis.com\/index.php\/author\/apuntesdesanluis-com\/"}]}},"featured_image_urls":{"full":["https:\/\/apuntesdesanluis.com\/wp-content\/uploads\/2024\/10\/camara-de-diputados.png",748,431,false],"thumbnail":["https:\/\/apuntesdesanluis.com\/wp-content\/uploads\/2024\/10\/camara-de-diputados-150x150.png",150,150,true],"medium":["https:\/\/apuntesdesanluis.com\/wp-content\/uploads\/2024\/10\/camara-de-diputados-300x173.png",300,173,true],"medium_large":["https:\/\/apuntesdesanluis.com\/wp-content\/uploads\/2024\/10\/camara-de-diputados.png",640,369,false],"large":["https:\/\/apuntesdesanluis.com\/wp-content\/uploads\/2024\/10\/camara-de-diputados.png",640,369,false],"1536x1536":["https:\/\/apuntesdesanluis.com\/wp-content\/uploads\/2024\/10\/camara-de-diputados.png",748,431,false],"2048x2048":["https:\/\/apuntesdesanluis.com\/wp-content\/uploads\/2024\/10\/camara-de-diputados.png",748,431,false],"newsever-slider-full":["https:\/\/apuntesdesanluis.com\/wp-content\/uploads\/2024\/10\/camara-de-diputados.png",748,431,false],"newsever-featured":["https:\/\/apuntesdesanluis.com\/wp-content\/uploads\/2024\/10\/camara-de-diputados.png",748,431,false],"newsever-medium":["https:\/\/apuntesdesanluis.com\/wp-content\/uploads\/2024\/10\/camara-de-diputados-720x431.png",720,431,true]},"author_info":{"display_name":"apuntesdesanluis.com","author_link":"https:\/\/apuntesdesanluis.com\/index.php\/author\/apuntesdesanluis-com\/"},"category_info":"<a href=\"https:\/\/apuntesdesanluis.com\/index.php\/category\/nacionales-internacionales\/\" rel=\"category tag\">Nacionales\/Internacionales<\/a>","tag_info":"Nacionales\/Internacionales","comment_count":"0","_links":{"self":[{"href":"https:\/\/apuntesdesanluis.com\/index.php\/wp-json\/wp\/v2\/posts\/28658","targetHints":{"allow":["GET"]}}],"collection":[{"href":"https:\/\/apuntesdesanluis.com\/index.php\/wp-json\/wp\/v2\/posts"}],"about":[{"href":"https:\/\/apuntesdesanluis.com\/index.php\/wp-json\/wp\/v2\/types\/post"}],"author":[{"embeddable":true,"href":"https:\/\/apuntesdesanluis.com\/index.php\/wp-json\/wp\/v2\/users\/1"}],"replies":[{"embeddable":true,"href":"https:\/\/apuntesdesanluis.com\/index.php\/wp-json\/wp\/v2\/comments?post=28658"}],"version-history":[{"count":1,"href":"https:\/\/apuntesdesanluis.com\/index.php\/wp-json\/wp\/v2\/posts\/28658\/revisions"}],"predecessor-version":[{"id":28659,"href":"https:\/\/apuntesdesanluis.com\/index.php\/wp-json\/wp\/v2\/posts\/28658\/revisions\/28659"}],"wp:featuredmedia":[{"embeddable":true,"href":"https:\/\/apuntesdesanluis.com\/index.php\/wp-json\/wp\/v2\/media\/23611"}],"wp:attachment":[{"href":"https:\/\/apuntesdesanluis.com\/index.php\/wp-json\/wp\/v2\/media?parent=28658"}],"wp:term":[{"taxonomy":"category","embeddable":true,"href":"https:\/\/apuntesdesanluis.com\/index.php\/wp-json\/wp\/v2\/categories?post=28658"},{"taxonomy":"post_tag","embeddable":true,"href":"https:\/\/apuntesdesanluis.com\/index.php\/wp-json\/wp\/v2\/tags?post=28658"}],"curies":[{"name":"wp","href":"https:\/\/api.w.org\/{rel}","templated":true}]}}