{"id":28660,"date":"2025-02-04T00:23:42","date_gmt":"2025-02-04T03:23:42","guid":{"rendered":"https:\/\/apuntesdesanluis.com\/?p=28660"},"modified":"2025-02-04T00:23:42","modified_gmt":"2025-02-04T03:23:42","slug":"la-ideologia-de-genero-llevada-al-extremo-conduce-al-abuso-por-ende-son-pedofilos-insistio-milei","status":"publish","type":"post","link":"https:\/\/apuntesdesanluis.com\/index.php\/2025\/02\/04\/la-ideologia-de-genero-llevada-al-extremo-conduce-al-abuso-por-ende-son-pedofilos-insistio-milei\/","title":{"rendered":"\u201cLA IDEOLOG\u00cdA DE G\u00c9NERO LLEVADA AL EXTREMO CONDUCE AL ABUSO, POR ENDE, SON PED\u00d3FILOS\u201d, INSISTI\u00d3 MILEI"},"content":{"rendered":"<h3>El presidente <strong>Javier Milei<\/strong> calific\u00f3 la marcha anti fascista en su contra del s\u00e1bado de &#8220;pol\u00edtica&#8221; y, si bien dijo que fue malinterpretado, ratific\u00f3 su discurso en el Foro de Davos, al insistir en que &#8220;la ideolog\u00eda de g\u00e9nero llevada al extremo conduce a la pedofilia&#8221;.<\/h3>\n<h3>&#8220;La ideolog\u00eda de g\u00e9nero llevada al extremo conduce al abuso, por ende, son ped\u00f3filos&#8221;, recalc\u00f3 Milei.<\/h3>\n<h3>Al ser consultado sobre la marcha multitudinaria del s\u00e1bado, el Presidente cuestion\u00f3 que participaron dirigentes pol\u00edticos del &#8220;tren fantasma&#8221;.<\/h3>\n<h3>En ese marco, lanz\u00f3 cr\u00edticas puntuales al gobernador de Buenos Aires, <strong>Axel Kicillof<\/strong>: &#8220;La provincia es un ba\u00f1o de sangre y aparece a hacer ruido pol\u00edtico en una marcha\u201d.<\/h3>\n<h3>&#8220;Aparatearon la marcha y apareci\u00f3 el tren fantasma&#8221;, sostuvo Milei en declaraciones a LN+, en referencia tambi\u00e9n a Mart\u00edn Lousteau, M\u00e1ximo Kirchner, Cristina Kirchner y Horacio Rodr\u00edguez Larreta, entre otros.<\/h3>\n<h3>Sobre qu\u00e9 piensa del colectivo LGBT, Milei expres\u00f3: &#8220;Si vos ten\u00e9s una relaci\u00f3n homosexual \u00bfen qu\u00e9 me agred\u00eds? En nada. \u00bfEn qu\u00e9 afect\u00e1s a mi libertad? En nada. Yo no tengo nada que decir, hac\u00e9 lo que quieras, lo que me molesta es que quieras usar el Estado para imponer cosas, es el punto central que yo ataco en Davos&#8221;.<\/h3>\n<h3>\u201cMe da pena que sigan enga\u00f1ando a la gente. Es muy parecido a lo que pas\u00f3 con la marcha universitaria, inventaron una mentira, editaron parte de mi discurso en Davos. Hay un fragmento que yo dedico en todo lo que es demoler el edificio woke, una parte se lo dedico a los temas de g\u00e9nero. Eso dura un minuto y medio, ellos hicieron un fragmento de 14 segundos y le pusieron un remate de la parte final de ese bloque\u201d, se quej\u00f3 Milei.<\/h3>\n<h3>Al hablar de Kicillof, se\u00f1al\u00f3 que: &#8220;Hoy el feminismo radical es hombres contra mujeres, si vos no adher\u00eds a este formato que proponen entonces vos sos un mis\u00f3gino, aparece la etiqueta, y a partir de eso aparece la censura, la cancelaci\u00f3n, el wokismo es profundamente violento. Kicillof marcha porque tambi\u00e9n es parte de esa agenda woke. \u00c9l adhiere a Zaffaroni, es subvertir los valores. El victimario pasa a ser la v\u00edctima. La Provincia es tierra de nadie en favor de los delincuentes&#8221;.<\/h3>\n<h3>En ese sentido, Milei resalt\u00f3 que \u201cla provincia de Buenos Aires tiene 200 centros de hormonizaci\u00f3n&#8221;.<\/h3>\n<h3>\u201cMe parece un horror. Que le amputen los genitales a una criatura mientras le llenan a cabeza con que es una cosa distinta a lo que dice la biolog\u00eda\u2026 bueno eso de separar el g\u00e9nero de la biolog\u00eda no es gratis&#8221;, enfatiz\u00f3.<\/h3>\n<h3>Y agreg\u00f3: &#8220;Si vos a esa criatura le amputas el pene le generas un mont\u00f3n de problemas. Es irreversible, va a tener que vivir toda la vida hormonizado. Parece una atrocidad hacerle eso a los ni\u00f1os, que tome la decisi\u00f3n siendo un adulto responsable. Si lo quiere hacer de adulto que lo haga, te quer\u00e9s autopercibir foca y ser una foca, yo no tengo problema, pero no tengo que pagar la cuenta de eso. Eso no es un derecho, es un privilegio\u201d.<\/h3>\n<h3><\/h3>\n<h3><\/h3>\n<h3><\/h3>\n","protected":false},"excerpt":{"rendered":"<p>El presidente Javier Milei calific\u00f3 la marcha anti fascista en su contra del s\u00e1bado de&#8230;<\/p>\n","protected":false},"author":1,"featured_media":28661,"comment_status":"closed","ping_status":"closed","sticky":false,"template":"","format":"standard","meta":{"footnotes":""},"categories":[5],"tags":[],"class_list":["post-28660","post","type-post","status-publish","format-standard","has-post-thumbnail","hentry","category-nacionales-internacionales"],"yoast_head":"<!-- This site is optimized with the Yoast SEO plugin v26.1.1 - https:\/\/yoast.com\/wordpress\/plugins\/seo\/ -->\n<title>\u201cLA IDEOLOG\u00cdA DE G\u00c9NERO LLEVADA AL EXTREMO CONDUCE AL ABUSO, POR ENDE, SON PED\u00d3FILOS\u201d, INSISTI\u00d3 MILEI - Apuntes de San Luis<\/title>\n<meta name=\"robots\" content=\"index, follow, max-snippet:-1, max-image-preview:large, max-video-preview:-1\" \/>\n<link rel=\"canonical\" href=\"https:\/\/apuntesdesanluis.com\/index.php\/2025\/02\/04\/la-ideologia-de-genero-llevada-al-extremo-conduce-al-abuso-por-ende-son-pedofilos-insistio-milei\/\" \/>\n<meta property=\"og:locale\" content=\"es_ES\" \/>\n<meta property=\"og:type\" content=\"article\" \/>\n<meta property=\"og:title\" content=\"\u201cLA IDEOLOG\u00cdA DE G\u00c9NERO LLEVADA AL EXTREMO CONDUCE AL ABUSO, POR ENDE, SON PED\u00d3FILOS\u201d, INSISTI\u00d3 MILEI - Apuntes de San Luis\" \/>\n<meta property=\"og:description\" content=\"El presidente Javier Milei calific\u00f3 la marcha anti fascista en su contra del s\u00e1bado de...\" \/>\n<meta property=\"og:url\" content=\"https:\/\/apuntesdesanluis.com\/index.php\/2025\/02\/04\/la-ideologia-de-genero-llevada-al-extremo-conduce-al-abuso-por-ende-son-pedofilos-insistio-milei\/\" \/>\n<meta property=\"og:site_name\" content=\"Apuntes de San Luis\" \/>\n<meta property=\"article:published_time\" content=\"2025-02-04T03:23:42+00:00\" \/>\n<meta property=\"og:image\" content=\"https:\/\/apuntesdesanluis.com\/wp-content\/uploads\/2025\/02\/M-ILEI.png\" \/>\n\t<meta property=\"og:image:width\" content=\"719\" \/>\n\t<meta property=\"og:image:height\" content=\"451\" \/>\n\t<meta property=\"og:image:type\" content=\"image\/png\" \/>\n<meta name=\"author\" content=\"apuntesdesanluis.com\" \/>\n<meta name=\"twitter:card\" content=\"summary_large_image\" \/>\n<meta name=\"twitter:label1\" content=\"Escrito por\" \/>\n\t<meta name=\"twitter:data1\" content=\"apuntesdesanluis.com\" \/>\n\t<meta name=\"twitter:label2\" content=\"Tiempo de lectura\" \/>\n\t<meta name=\"twitter:data2\" content=\"3 minutos\" \/>\n<script type=\"application\/ld+json\" class=\"yoast-schema-graph\">{\"@context\":\"https:\/\/schema.org\",\"@graph\":[{\"@type\":\"Article\",\"@id\":\"https:\/\/apuntesdesanluis.com\/index.php\/2025\/02\/04\/la-ideologia-de-genero-llevada-al-extremo-conduce-al-abuso-por-ende-son-pedofilos-insistio-milei\/#article\",\"isPartOf\":{\"@id\":\"https:\/\/apuntesdesanluis.com\/index.php\/2025\/02\/04\/la-ideologia-de-genero-llevada-al-extremo-conduce-al-abuso-por-ende-son-pedofilos-insistio-milei\/\"},\"author\":{\"name\":\"apuntesdesanluis.com\",\"@id\":\"https:\/\/apuntesdesanluis.com\/#\/schema\/person\/b55151d52296fcce64d1a72538a70b90\"},\"headline\":\"\u201cLA IDEOLOG\u00cdA DE G\u00c9NERO LLEVADA AL EXTREMO CONDUCE AL ABUSO, POR ENDE, SON PED\u00d3FILOS\u201d, INSISTI\u00d3 MILEI\",\"datePublished\":\"2025-02-04T03:23:42+00:00\",\"mainEntityOfPage\":{\"@id\":\"https:\/\/apuntesdesanluis.com\/index.php\/2025\/02\/04\/la-ideologia-de-genero-llevada-al-extremo-conduce-al-abuso-por-ende-son-pedofilos-insistio-milei\/\"},\"wordCount\":558,\"publisher\":{\"@id\":\"https:\/\/apuntesdesanluis.com\/#\/schema\/person\/b55151d52296fcce64d1a72538a70b90\"},\"image\":{\"@id\":\"https:\/\/apuntesdesanluis.com\/index.php\/2025\/02\/04\/la-ideologia-de-genero-llevada-al-extremo-conduce-al-abuso-por-ende-son-pedofilos-insistio-milei\/#primaryimage\"},\"thumbnailUrl\":\"https:\/\/apuntesdesanluis.com\/wp-content\/uploads\/2025\/02\/M-ILEI.png\",\"articleSection\":[\"Nacionales\/Internacionales\"],\"inLanguage\":\"es-AR\"},{\"@type\":\"WebPage\",\"@id\":\"https:\/\/apuntesdesanluis.com\/index.php\/2025\/02\/04\/la-ideologia-de-genero-llevada-al-extremo-conduce-al-abuso-por-ende-son-pedofilos-insistio-milei\/\",\"url\":\"https:\/\/apuntesdesanluis.com\/index.php\/2025\/02\/04\/la-ideologia-de-genero-llevada-al-extremo-conduce-al-abuso-por-ende-son-pedofilos-insistio-milei\/\",\"name\":\"\u201cLA IDEOLOG\u00cdA DE G\u00c9NERO LLEVADA AL EXTREMO CONDUCE AL ABUSO, POR ENDE, SON PED\u00d3FILOS\u201d, INSISTI\u00d3 MILEI - Apuntes de San Luis\",\"isPartOf\":{\"@id\":\"https:\/\/apuntesdesanluis.com\/#website\"},\"primaryImageOfPage\":{\"@id\":\"https:\/\/apuntesdesanluis.com\/index.php\/2025\/02\/04\/la-ideologia-de-genero-llevada-al-extremo-conduce-al-abuso-por-ende-son-pedofilos-insistio-milei\/#primaryimage\"},\"image\":{\"@id\":\"https:\/\/apuntesdesanluis.com\/index.php\/2025\/02\/04\/la-ideologia-de-genero-llevada-al-extremo-conduce-al-abuso-por-ende-son-pedofilos-insistio-milei\/#primaryimage\"},\"thumbnailUrl\":\"https:\/\/apuntesdesanluis.com\/wp-content\/uploads\/2025\/02\/M-ILEI.png\",\"datePublished\":\"2025-02-04T03:23:42+00:00\",\"breadcrumb\":{\"@id\":\"https:\/\/apuntesdesanluis.com\/index.php\/2025\/02\/04\/la-ideologia-de-genero-llevada-al-extremo-conduce-al-abuso-por-ende-son-pedofilos-insistio-milei\/#breadcrumb\"},\"inLanguage\":\"es-AR\",\"potentialAction\":[{\"@type\":\"ReadAction\",\"target\":[\"https:\/\/apuntesdesanluis.com\/index.php\/2025\/02\/04\/la-ideologia-de-genero-llevada-al-extremo-conduce-al-abuso-por-ende-son-pedofilos-insistio-milei\/\"]}]},{\"@type\":\"ImageObject\",\"inLanguage\":\"es-AR\",\"@id\":\"https:\/\/apuntesdesanluis.com\/index.php\/2025\/02\/04\/la-ideologia-de-genero-llevada-al-extremo-conduce-al-abuso-por-ende-son-pedofilos-insistio-milei\/#primaryimage\",\"url\":\"https:\/\/apuntesdesanluis.com\/wp-content\/uploads\/2025\/02\/M-ILEI.png\",\"contentUrl\":\"https:\/\/apuntesdesanluis.com\/wp-content\/uploads\/2025\/02\/M-ILEI.png\",\"width\":719,\"height\":451},{\"@type\":\"BreadcrumbList\",\"@id\":\"https:\/\/apuntesdesanluis.com\/index.php\/2025\/02\/04\/la-ideologia-de-genero-llevada-al-extremo-conduce-al-abuso-por-ende-son-pedofilos-insistio-milei\/#breadcrumb\",\"itemListElement\":[{\"@type\":\"ListItem\",\"position\":1,\"name\":\"Inicio\",\"item\":\"https:\/\/apuntesdesanluis.com\/\"},{\"@type\":\"ListItem\",\"position\":2,\"name\":\"\u201cLA IDEOLOG\u00cdA DE G\u00c9NERO LLEVADA AL EXTREMO CONDUCE AL ABUSO, POR ENDE, SON PED\u00d3FILOS\u201d, INSISTI\u00d3 MILEI\"}]},{\"@type\":\"WebSite\",\"@id\":\"https:\/\/apuntesdesanluis.com\/#website\",\"url\":\"https:\/\/apuntesdesanluis.com\/\",\"name\":\"Apuntes de San Luis\",\"description\":\"\",\"publisher\":{\"@id\":\"https:\/\/apuntesdesanluis.com\/#\/schema\/person\/b55151d52296fcce64d1a72538a70b90\"},\"potentialAction\":[{\"@type\":\"SearchAction\",\"target\":{\"@type\":\"EntryPoint\",\"urlTemplate\":\"https:\/\/apuntesdesanluis.com\/?s={search_term_string}\"},\"query-input\":{\"@type\":\"PropertyValueSpecification\",\"valueRequired\":true,\"valueName\":\"search_term_string\"}}],\"inLanguage\":\"es-AR\"},{\"@type\":[\"Person\",\"Organization\"],\"@id\":\"https:\/\/apuntesdesanluis.com\/#\/schema\/person\/b55151d52296fcce64d1a72538a70b90\",\"name\":\"apuntesdesanluis.com\",\"image\":{\"@type\":\"ImageObject\",\"inLanguage\":\"es-AR\",\"@id\":\"https:\/\/apuntesdesanluis.com\/#\/schema\/person\/image\/\",\"url\":\"https:\/\/apuntesdesanluis.com\/wp-content\/uploads\/2023\/07\/cropped-apuntesdesanluis.png\",\"contentUrl\":\"https:\/\/apuntesdesanluis.com\/wp-content\/uploads\/2023\/07\/cropped-apuntesdesanluis.png\",\"width\":450,\"height\":112,\"caption\":\"apuntesdesanluis.com\"},\"logo\":{\"@id\":\"https:\/\/apuntesdesanluis.com\/#\/schema\/person\/image\/\"},\"sameAs\":[\"https:\/\/apuntesdesanluis.com\"],\"url\":\"https:\/\/apuntesdesanluis.com\/index.php\/author\/apuntesdesanluis-com\/\"}]}<\/script>\n<!-- \/ Yoast SEO plugin. -->","yoast_head_json":{"title":"\u201cLA IDEOLOG\u00cdA DE G\u00c9NERO LLEVADA AL EXTREMO CONDUCE AL ABUSO, POR ENDE, SON PED\u00d3FILOS\u201d, INSISTI\u00d3 MILEI - Apuntes de San Luis","robots":{"index":"index","follow":"follow","max-snippet":"max-snippet:-1","max-image-preview":"max-image-preview:large","max-video-preview":"max-video-preview:-1"},"canonical":"https:\/\/apuntesdesanluis.com\/index.php\/2025\/02\/04\/la-ideologia-de-genero-llevada-al-extremo-conduce-al-abuso-por-ende-son-pedofilos-insistio-milei\/","og_locale":"es_ES","og_type":"article","og_title":"\u201cLA IDEOLOG\u00cdA DE G\u00c9NERO LLEVADA AL EXTREMO CONDUCE AL ABUSO, POR ENDE, SON PED\u00d3FILOS\u201d, INSISTI\u00d3 MILEI - Apuntes de San Luis","og_description":"El presidente Javier Milei calific\u00f3 la marcha anti fascista en su contra del s\u00e1bado de...","og_url":"https:\/\/apuntesdesanluis.com\/index.php\/2025\/02\/04\/la-ideologia-de-genero-llevada-al-extremo-conduce-al-abuso-por-ende-son-pedofilos-insistio-milei\/","og_site_name":"Apuntes de San Luis","article_published_time":"2025-02-04T03:23:42+00:00","og_image":[{"width":719,"height":451,"url":"https:\/\/apuntesdesanluis.com\/wp-content\/uploads\/2025\/02\/M-ILEI.png","type":"image\/png"}],"author":"apuntesdesanluis.com","twitter_card":"summary_large_image","twitter_misc":{"Escrito por":"apuntesdesanluis.com","Tiempo de lectura":"3 minutos"},"schema":{"@context":"https:\/\/schema.org","@graph":[{"@type":"Article","@id":"https:\/\/apuntesdesanluis.com\/index.php\/2025\/02\/04\/la-ideologia-de-genero-llevada-al-extremo-conduce-al-abuso-por-ende-son-pedofilos-insistio-milei\/#article","isPartOf":{"@id":"https:\/\/apuntesdesanluis.com\/index.php\/2025\/02\/04\/la-ideologia-de-genero-llevada-al-extremo-conduce-al-abuso-por-ende-son-pedofilos-insistio-milei\/"},"author":{"name":"apuntesdesanluis.com","@id":"https:\/\/apuntesdesanluis.com\/#\/schema\/person\/b55151d52296fcce64d1a72538a70b90"},"headline":"\u201cLA IDEOLOG\u00cdA DE G\u00c9NERO LLEVADA AL EXTREMO CONDUCE AL ABUSO, POR ENDE, SON PED\u00d3FILOS\u201d, INSISTI\u00d3 MILEI","datePublished":"2025-02-04T03:23:42+00:00","mainEntityOfPage":{"@id":"https:\/\/apuntesdesanluis.com\/index.php\/2025\/02\/04\/la-ideologia-de-genero-llevada-al-extremo-conduce-al-abuso-por-ende-son-pedofilos-insistio-milei\/"},"wordCount":558,"publisher":{"@id":"https:\/\/apuntesdesanluis.com\/#\/schema\/person\/b55151d52296fcce64d1a72538a70b90"},"image":{"@id":"https:\/\/apuntesdesanluis.com\/index.php\/2025\/02\/04\/la-ideologia-de-genero-llevada-al-extremo-conduce-al-abuso-por-ende-son-pedofilos-insistio-milei\/#primaryimage"},"thumbnailUrl":"https:\/\/apuntesdesanluis.com\/wp-content\/uploads\/2025\/02\/M-ILEI.png","articleSection":["Nacionales\/Internacionales"],"inLanguage":"es-AR"},{"@type":"WebPage","@id":"https:\/\/apuntesdesanluis.com\/index.php\/2025\/02\/04\/la-ideologia-de-genero-llevada-al-extremo-conduce-al-abuso-por-ende-son-pedofilos-insistio-milei\/","url":"https:\/\/apuntesdesanluis.com\/index.php\/2025\/02\/04\/la-ideologia-de-genero-llevada-al-extremo-conduce-al-abuso-por-ende-son-pedofilos-insistio-milei\/","name":"\u201cLA IDEOLOG\u00cdA DE G\u00c9NERO LLEVADA AL EXTREMO CONDUCE AL ABUSO, POR ENDE, SON PED\u00d3FILOS\u201d, INSISTI\u00d3 MILEI - Apuntes de San Luis","isPartOf":{"@id":"https:\/\/apuntesdesanluis.com\/#website"},"primaryImageOfPage":{"@id":"https:\/\/apuntesdesanluis.com\/index.php\/2025\/02\/04\/la-ideologia-de-genero-llevada-al-extremo-conduce-al-abuso-por-ende-son-pedofilos-insistio-milei\/#primaryimage"},"image":{"@id":"https:\/\/apuntesdesanluis.com\/index.php\/2025\/02\/04\/la-ideologia-de-genero-llevada-al-extremo-conduce-al-abuso-por-ende-son-pedofilos-insistio-milei\/#primaryimage"},"thumbnailUrl":"https:\/\/apuntesdesanluis.com\/wp-content\/uploads\/2025\/02\/M-ILEI.png","datePublished":"2025-02-04T03:23:42+00:00","breadcrumb":{"@id":"https:\/\/apuntesdesanluis.com\/index.php\/2025\/02\/04\/la-ideologia-de-genero-llevada-al-extremo-conduce-al-abuso-por-ende-son-pedofilos-insistio-milei\/#breadcrumb"},"inLanguage":"es-AR","potentialAction":[{"@type":"ReadAction","target":["https:\/\/apuntesdesanluis.com\/index.php\/2025\/02\/04\/la-ideologia-de-genero-llevada-al-extremo-conduce-al-abuso-por-ende-son-pedofilos-insistio-milei\/"]}]},{"@type":"ImageObject","inLanguage":"es-AR","@id":"https:\/\/apuntesdesanluis.com\/index.php\/2025\/02\/04\/la-ideologia-de-genero-llevada-al-extremo-conduce-al-abuso-por-ende-son-pedofilos-insistio-milei\/#primaryimage","url":"https:\/\/apuntesdesanluis.com\/wp-content\/uploads\/2025\/02\/M-ILEI.png","contentUrl":"https:\/\/apuntesdesanluis.com\/wp-content\/uploads\/2025\/02\/M-ILEI.png","width":719,"height":451},{"@type":"BreadcrumbList","@id":"https:\/\/apuntesdesanluis.com\/index.php\/2025\/02\/04\/la-ideologia-de-genero-llevada-al-extremo-conduce-al-abuso-por-ende-son-pedofilos-insistio-milei\/#breadcrumb","itemListElement":[{"@type":"ListItem","position":1,"name":"Inicio","item":"https:\/\/apuntesdesanluis.com\/"},{"@type":"ListItem","position":2,"name":"\u201cLA IDEOLOG\u00cdA DE G\u00c9NERO LLEVADA AL EXTREMO CONDUCE AL ABUSO, POR ENDE, SON PED\u00d3FILOS\u201d, INSISTI\u00d3 MILEI"}]},{"@type":"WebSite","@id":"https:\/\/apuntesdesanluis.com\/#website","url":"https:\/\/apuntesdesanluis.com\/","name":"Apuntes de San Luis","description":"","publisher":{"@id":"https:\/\/apuntesdesanluis.com\/#\/schema\/person\/b55151d52296fcce64d1a72538a70b90"},"potentialAction":[{"@type":"SearchAction","target":{"@type":"EntryPoint","urlTemplate":"https:\/\/apuntesdesanluis.com\/?s={search_term_string}"},"query-input":{"@type":"PropertyValueSpecification","valueRequired":true,"valueName":"search_term_string"}}],"inLanguage":"es-AR"},{"@type":["Person","Organization"],"@id":"https:\/\/apuntesdesanluis.com\/#\/schema\/person\/b55151d52296fcce64d1a72538a70b90","name":"apuntesdesanluis.com","image":{"@type":"ImageObject","inLanguage":"es-AR","@id":"https:\/\/apuntesdesanluis.com\/#\/schema\/person\/image\/","url":"https:\/\/apuntesdesanluis.com\/wp-content\/uploads\/2023\/07\/cropped-apuntesdesanluis.png","contentUrl":"https:\/\/apuntesdesanluis.com\/wp-content\/uploads\/2023\/07\/cropped-apuntesdesanluis.png","width":450,"height":112,"caption":"apuntesdesanluis.com"},"logo":{"@id":"https:\/\/apuntesdesanluis.com\/#\/schema\/person\/image\/"},"sameAs":["https:\/\/apuntesdesanluis.com"],"url":"https:\/\/apuntesdesanluis.com\/index.php\/author\/apuntesdesanluis-com\/"}]}},"featured_image_urls":{"full":["https:\/\/apuntesdesanluis.com\/wp-content\/uploads\/2025\/02\/M-ILEI.png",719,451,false],"thumbnail":["https:\/\/apuntesdesanluis.com\/wp-content\/uploads\/2025\/02\/M-ILEI-150x150.png",150,150,true],"medium":["https:\/\/apuntesdesanluis.com\/wp-content\/uploads\/2025\/02\/M-ILEI-300x188.png",300,188,true],"medium_large":["https:\/\/apuntesdesanluis.com\/wp-content\/uploads\/2025\/02\/M-ILEI.png",640,401,false],"large":["https:\/\/apuntesdesanluis.com\/wp-content\/uploads\/2025\/02\/M-ILEI.png",640,401,false],"1536x1536":["https:\/\/apuntesdesanluis.com\/wp-content\/uploads\/2025\/02\/M-ILEI.png",719,451,false],"2048x2048":["https:\/\/apuntesdesanluis.com\/wp-content\/uploads\/2025\/02\/M-ILEI.png",719,451,false],"newsever-slider-full":["https:\/\/apuntesdesanluis.com\/wp-content\/uploads\/2025\/02\/M-ILEI.png",719,451,false],"newsever-featured":["https:\/\/apuntesdesanluis.com\/wp-content\/uploads\/2025\/02\/M-ILEI.png",719,451,false],"newsever-medium":["https:\/\/apuntesdesanluis.com\/wp-content\/uploads\/2025\/02\/M-ILEI.png",719,451,false]},"author_info":{"display_name":"apuntesdesanluis.com","author_link":"https:\/\/apuntesdesanluis.com\/index.php\/author\/apuntesdesanluis-com\/"},"category_info":"<a href=\"https:\/\/apuntesdesanluis.com\/index.php\/category\/nacionales-internacionales\/\" rel=\"category tag\">Nacionales\/Internacionales<\/a>","tag_info":"Nacionales\/Internacionales","comment_count":"0","_links":{"self":[{"href":"https:\/\/apuntesdesanluis.com\/index.php\/wp-json\/wp\/v2\/posts\/28660","targetHints":{"allow":["GET"]}}],"collection":[{"href":"https:\/\/apuntesdesanluis.com\/index.php\/wp-json\/wp\/v2\/posts"}],"about":[{"href":"https:\/\/apuntesdesanluis.com\/index.php\/wp-json\/wp\/v2\/types\/post"}],"author":[{"embeddable":true,"href":"https:\/\/apuntesdesanluis.com\/index.php\/wp-json\/wp\/v2\/users\/1"}],"replies":[{"embeddable":true,"href":"https:\/\/apuntesdesanluis.com\/index.php\/wp-json\/wp\/v2\/comments?post=28660"}],"version-history":[{"count":1,"href":"https:\/\/apuntesdesanluis.com\/index.php\/wp-json\/wp\/v2\/posts\/28660\/revisions"}],"predecessor-version":[{"id":28662,"href":"https:\/\/apuntesdesanluis.com\/index.php\/wp-json\/wp\/v2\/posts\/28660\/revisions\/28662"}],"wp:featuredmedia":[{"embeddable":true,"href":"https:\/\/apuntesdesanluis.com\/index.php\/wp-json\/wp\/v2\/media\/28661"}],"wp:attachment":[{"href":"https:\/\/apuntesdesanluis.com\/index.php\/wp-json\/wp\/v2\/media?parent=28660"}],"wp:term":[{"taxonomy":"category","embeddable":true,"href":"https:\/\/apuntesdesanluis.com\/index.php\/wp-json\/wp\/v2\/categories?post=28660"},{"taxonomy":"post_tag","embeddable":true,"href":"https:\/\/apuntesdesanluis.com\/index.php\/wp-json\/wp\/v2\/tags?post=28660"}],"curies":[{"name":"wp","href":"https:\/\/api.w.org\/{rel}","templated":true}]}}