{"id":28663,"date":"2025-02-04T00:35:24","date_gmt":"2025-02-04T03:35:24","guid":{"rendered":"https:\/\/apuntesdesanluis.com\/?p=28663"},"modified":"2025-02-04T00:35:24","modified_gmt":"2025-02-04T03:35:24","slug":"anses-rechazo-el-pedido-de-ck-y-amado-boudou-para-recuperar-nuevamente-la-jubilacion-de-privilegio","status":"publish","type":"post","link":"https:\/\/apuntesdesanluis.com\/index.php\/2025\/02\/04\/anses-rechazo-el-pedido-de-ck-y-amado-boudou-para-recuperar-nuevamente-la-jubilacion-de-privilegio\/","title":{"rendered":"ANSES RECHAZ\u00d3 EL PEDIDO DE CK Y AMADO BOUDOU PARA RECUPERAR NUEVAMENTE LA JUBILACI\u00d3N DE PRIVILEGIO"},"content":{"rendered":"<h3>La <strong>Administraci\u00f3n Nacional de la Seguridad Social (Anses)<\/strong> rechaz\u00f3 el pedido de la ex presidenta <strong>Cristina Kirchner<\/strong> y del ex vicepresidente <strong>Amado Boudou <\/strong>para volver a cobrar las jubilaciones de privilegio que antes percib\u00edan.<\/h3>\n<h3>De esta manera, la ex mandataria no cobrar\u00e1 los 32 millones de pesos mensuales que ven\u00eda pidiendo de su jubilaci\u00f3n.<\/h3>\n<h3>&#8220;Deni\u00e9gase el Recurso de Reconsideraci\u00f3n interpuesto por Cristina Kirchner por el cual se dispuso la baja de las asignaciones mensuales vitalicias de privilegio en virtud de contar con una sentencia definitiva por la comisi\u00f3n de un delito contra la Administraci\u00f3n P\u00fablica&#8221;, se\u00f1al\u00f3 el organismo.<\/h3>\n<h3>La asignaci\u00f3n hab\u00eda sido suspendida tras la ratificaci\u00f3n de la condena por corrupci\u00f3n en la causa Vialidad.<\/h3>\n<h3>La ex mandataria podr\u00e1 recurrir a la Justicia Federal de la Seguridad Social para determinar que le devuelvan el privilegio.<\/h3>\n<h3>&#8220;La pensi\u00f3n de los ex presidentes no se otorga por el buen desempe\u00f1o, sino por el m\u00e9rito de haber sido elegidos por el pueblo como presidentes de la Naci\u00f3n. El mal desempe\u00f1o solo lo puede juzgar el Congreso de la Naci\u00f3n a trav\u00e9s del proceso constitucional de juicio pol\u00edtico, durante el ejercicio del mandato&#8221;, indic\u00f3 en su momento Cristina Kirchner en redes sociales.<\/h3>\n<h3>El apoderado de la ex mandataria, Facundo Fern\u00e1ndez Pastor, present\u00f3 en dicha ocasi\u00f3n un recurso administrativo de nulidad ante la Anses para recuperar la jubilaci\u00f3n de privilegio y argument\u00f3 que la medida &#8220;viola derechos y garant\u00edas consagrados en la Constituci\u00f3n Nacional&#8221;.<\/h3>\n<h3>En noviembre de 2024, el Gobierno dio de baja la jubilaci\u00f3n de privilegio de Cristina Kirchner y lo oficializ\u00f3 por medio del Bolet\u00edn Oficial.<\/h3>\n<h3>En ese entonces, el vocero presidencial, Manuel Adorni, explic\u00f3 que la medida &#8220;significa para los argentinos un ahorro de unos $21.827.624&#8221; y anunci\u00f3 la anulaci\u00f3n de la pensi\u00f3n del ex presidente N\u00e9stor Kirchner que tambi\u00e9n cobraba Cristina Kirchner.<\/h3>\n<h3>En tanto, desde el Ministerio de Capital Humano, a cargo de Sandra Pettovello, se\u00f1alaron que &#8220;la baja no constituye una sanci\u00f3n accesoria a la condena penal que le fuera impuesta por la Justicia, sino una necesaria consecuencia por la indignidad pol\u00edtica que implica haber sido considerada autora penalmente responsable del delito de administraci\u00f3n fraudulenta&#8221;.<\/h3>\n<h3>En relaci\u00f3n a Boudou, el Gobierno le quit\u00f3 la jubilaci\u00f3n de privilegio d\u00edas despu\u00e9s de la situaci\u00f3n de Cristina Kirchner, en una medida que qued\u00f3 ratificada en el Bolet\u00edn Oficial.<\/h3>\n<h3>&#8220;El hecho de haber sido encontrado culpable de un delito contra la administraci\u00f3n p\u00fablica en el ejercicio de su funci\u00f3n p\u00fablica, tornaba inadmisible que pudiera seguir percibiendo, de modo directo o derivado, asignaciones de privilegio de las que resultaba beneficiaria&#8221;, detall\u00f3 la Anses en el documento.<\/h3>\n<h3>Luego de conocerse esa medida, Boudou present\u00f3 un recurso administrativo para solicitar que se d\u00e9 marcha atr\u00e1s y recuperar la asignaci\u00f3n, pero desde la administraci\u00f3n volvieron a neg\u00e1rsela y, adem\u00e1s, le exigieron la devoluci\u00f3n de 280 millones de pesos que cobr\u00f3 de la asignaci\u00f3n.<\/h3>\n<h3>&#8220;Deni\u00e9gase el Recurso de Reconsideraci\u00f3n interpuesto por Amado Boudou. Promu\u00e9vanse las acciones correspondientes a los efectos del recupero de los fondos percibidos durante su vigencia&#8221;, precis\u00f3 el organismo.<\/h3>\n<h3>El Ministerio de Capital Humano se\u00f1al\u00f3 que, por medio de la administraci\u00f3n, rechaz\u00f3 el recurso presentado por Boudou y confirm\u00f3 que buscar\u00e1n &#8220;recuperar las prestaciones percibidas indebidamente&#8221; por el ex vicepresidente.<\/h3>\n<h3>&#8220;La resoluci\u00f3n que oportunamente revoc\u00f3 su asignaci\u00f3n sostiene que este beneficio responde a un r\u00e9gimen excepcional y que, a diferencia de las dem\u00e1s prestaciones del SIPA, no tiene ning\u00fan requisito ni de edad, ni de tiempo de servicio con aportes, ni de permanencia m\u00ednima en el cargo, sino que es un privilegio que se otorga en reconocimiento al honor, al m\u00e9rito y al buen desempe\u00f1o de presidentes y vicepresidentes&#8221;, se\u00f1al\u00f3 la cartera que encabeza Pettovello.<\/h3>\n<h3>Asimismo, a\u00f1adi\u00f3: &#8220;El ex vicepresidente tiene una condena firme ratificada, primero por la C\u00e1mara Federal de Casaci\u00f3n Penal y, luego, por la Corte Suprema de Justicia, por un delito cometido en ejercicio de sus funciones como vicepresidente de la Naci\u00f3n&#8221;.<\/h3>\n<h3>En ese sentido, el organismo evalu\u00f3 que Boudou no cumple con el &#8220;\u00fanico requisito exigido&#8221; para recibir la jubilaci\u00f3n de privilegio: &#8220;Honorabilidad, m\u00e9rito y buen desempe\u00f1o&#8221;.<\/h3>\n<h3><\/h3>\n<h3><\/h3>\n<p>&nbsp;<\/p>\n","protected":false},"excerpt":{"rendered":"<p>La Administraci\u00f3n Nacional de la Seguridad Social (Anses) rechaz\u00f3 el pedido de la ex presidenta&#8230;<\/p>\n","protected":false},"author":1,"featured_media":28664,"comment_status":"closed","ping_status":"closed","sticky":false,"template":"","format":"standard","meta":{"footnotes":""},"categories":[5],"tags":[],"class_list":["post-28663","post","type-post","status-publish","format-standard","has-post-thumbnail","hentry","category-nacionales-internacionales"],"yoast_head":"<!-- This site is optimized with the Yoast SEO plugin v26.1.1 - https:\/\/yoast.com\/wordpress\/plugins\/seo\/ -->\n<title>ANSES RECHAZ\u00d3 EL PEDIDO DE CK Y AMADO BOUDOU PARA RECUPERAR NUEVAMENTE LA JUBILACI\u00d3N DE PRIVILEGIO - Apuntes de San Luis<\/title>\n<meta name=\"robots\" content=\"index, follow, max-snippet:-1, max-image-preview:large, max-video-preview:-1\" \/>\n<link rel=\"canonical\" href=\"https:\/\/apuntesdesanluis.com\/index.php\/2025\/02\/04\/anses-rechazo-el-pedido-de-ck-y-amado-boudou-para-recuperar-nuevamente-la-jubilacion-de-privilegio\/\" \/>\n<meta property=\"og:locale\" content=\"es_ES\" \/>\n<meta property=\"og:type\" content=\"article\" \/>\n<meta property=\"og:title\" content=\"ANSES RECHAZ\u00d3 EL PEDIDO DE CK Y AMADO BOUDOU PARA RECUPERAR NUEVAMENTE LA JUBILACI\u00d3N DE PRIVILEGIO - Apuntes de San Luis\" \/>\n<meta property=\"og:description\" content=\"La Administraci\u00f3n Nacional de la Seguridad Social (Anses) rechaz\u00f3 el pedido de la ex presidenta...\" \/>\n<meta property=\"og:url\" content=\"https:\/\/apuntesdesanluis.com\/index.php\/2025\/02\/04\/anses-rechazo-el-pedido-de-ck-y-amado-boudou-para-recuperar-nuevamente-la-jubilacion-de-privilegio\/\" \/>\n<meta property=\"og:site_name\" content=\"Apuntes de San Luis\" \/>\n<meta property=\"article:published_time\" content=\"2025-02-04T03:35:24+00:00\" \/>\n<meta property=\"og:image\" content=\"https:\/\/apuntesdesanluis.com\/wp-content\/uploads\/2025\/02\/cristina-y-boudeou.png\" \/>\n\t<meta property=\"og:image:width\" content=\"826\" \/>\n\t<meta property=\"og:image:height\" content=\"481\" \/>\n\t<meta property=\"og:image:type\" content=\"image\/png\" \/>\n<meta name=\"author\" content=\"apuntesdesanluis.com\" \/>\n<meta name=\"twitter:card\" content=\"summary_large_image\" \/>\n<meta name=\"twitter:label1\" content=\"Escrito por\" \/>\n\t<meta name=\"twitter:data1\" content=\"apuntesdesanluis.com\" \/>\n\t<meta name=\"twitter:label2\" content=\"Tiempo de lectura\" \/>\n\t<meta name=\"twitter:data2\" content=\"4 minutos\" \/>\n<script type=\"application\/ld+json\" class=\"yoast-schema-graph\">{\"@context\":\"https:\/\/schema.org\",\"@graph\":[{\"@type\":\"Article\",\"@id\":\"https:\/\/apuntesdesanluis.com\/index.php\/2025\/02\/04\/anses-rechazo-el-pedido-de-ck-y-amado-boudou-para-recuperar-nuevamente-la-jubilacion-de-privilegio\/#article\",\"isPartOf\":{\"@id\":\"https:\/\/apuntesdesanluis.com\/index.php\/2025\/02\/04\/anses-rechazo-el-pedido-de-ck-y-amado-boudou-para-recuperar-nuevamente-la-jubilacion-de-privilegio\/\"},\"author\":{\"name\":\"apuntesdesanluis.com\",\"@id\":\"https:\/\/apuntesdesanluis.com\/#\/schema\/person\/b55151d52296fcce64d1a72538a70b90\"},\"headline\":\"ANSES RECHAZ\u00d3 EL PEDIDO DE CK Y AMADO BOUDOU PARA RECUPERAR NUEVAMENTE LA JUBILACI\u00d3N DE PRIVILEGIO\",\"datePublished\":\"2025-02-04T03:35:24+00:00\",\"mainEntityOfPage\":{\"@id\":\"https:\/\/apuntesdesanluis.com\/index.php\/2025\/02\/04\/anses-rechazo-el-pedido-de-ck-y-amado-boudou-para-recuperar-nuevamente-la-jubilacion-de-privilegio\/\"},\"wordCount\":765,\"publisher\":{\"@id\":\"https:\/\/apuntesdesanluis.com\/#\/schema\/person\/b55151d52296fcce64d1a72538a70b90\"},\"image\":{\"@id\":\"https:\/\/apuntesdesanluis.com\/index.php\/2025\/02\/04\/anses-rechazo-el-pedido-de-ck-y-amado-boudou-para-recuperar-nuevamente-la-jubilacion-de-privilegio\/#primaryimage\"},\"thumbnailUrl\":\"https:\/\/apuntesdesanluis.com\/wp-content\/uploads\/2025\/02\/cristina-y-boudeou.png\",\"articleSection\":[\"Nacionales\/Internacionales\"],\"inLanguage\":\"es-AR\"},{\"@type\":\"WebPage\",\"@id\":\"https:\/\/apuntesdesanluis.com\/index.php\/2025\/02\/04\/anses-rechazo-el-pedido-de-ck-y-amado-boudou-para-recuperar-nuevamente-la-jubilacion-de-privilegio\/\",\"url\":\"https:\/\/apuntesdesanluis.com\/index.php\/2025\/02\/04\/anses-rechazo-el-pedido-de-ck-y-amado-boudou-para-recuperar-nuevamente-la-jubilacion-de-privilegio\/\",\"name\":\"ANSES RECHAZ\u00d3 EL PEDIDO DE CK Y AMADO BOUDOU PARA RECUPERAR NUEVAMENTE LA JUBILACI\u00d3N DE PRIVILEGIO - Apuntes de San Luis\",\"isPartOf\":{\"@id\":\"https:\/\/apuntesdesanluis.com\/#website\"},\"primaryImageOfPage\":{\"@id\":\"https:\/\/apuntesdesanluis.com\/index.php\/2025\/02\/04\/anses-rechazo-el-pedido-de-ck-y-amado-boudou-para-recuperar-nuevamente-la-jubilacion-de-privilegio\/#primaryimage\"},\"image\":{\"@id\":\"https:\/\/apuntesdesanluis.com\/index.php\/2025\/02\/04\/anses-rechazo-el-pedido-de-ck-y-amado-boudou-para-recuperar-nuevamente-la-jubilacion-de-privilegio\/#primaryimage\"},\"thumbnailUrl\":\"https:\/\/apuntesdesanluis.com\/wp-content\/uploads\/2025\/02\/cristina-y-boudeou.png\",\"datePublished\":\"2025-02-04T03:35:24+00:00\",\"breadcrumb\":{\"@id\":\"https:\/\/apuntesdesanluis.com\/index.php\/2025\/02\/04\/anses-rechazo-el-pedido-de-ck-y-amado-boudou-para-recuperar-nuevamente-la-jubilacion-de-privilegio\/#breadcrumb\"},\"inLanguage\":\"es-AR\",\"potentialAction\":[{\"@type\":\"ReadAction\",\"target\":[\"https:\/\/apuntesdesanluis.com\/index.php\/2025\/02\/04\/anses-rechazo-el-pedido-de-ck-y-amado-boudou-para-recuperar-nuevamente-la-jubilacion-de-privilegio\/\"]}]},{\"@type\":\"ImageObject\",\"inLanguage\":\"es-AR\",\"@id\":\"https:\/\/apuntesdesanluis.com\/index.php\/2025\/02\/04\/anses-rechazo-el-pedido-de-ck-y-amado-boudou-para-recuperar-nuevamente-la-jubilacion-de-privilegio\/#primaryimage\",\"url\":\"https:\/\/apuntesdesanluis.com\/wp-content\/uploads\/2025\/02\/cristina-y-boudeou.png\",\"contentUrl\":\"https:\/\/apuntesdesanluis.com\/wp-content\/uploads\/2025\/02\/cristina-y-boudeou.png\",\"width\":826,\"height\":481},{\"@type\":\"BreadcrumbList\",\"@id\":\"https:\/\/apuntesdesanluis.com\/index.php\/2025\/02\/04\/anses-rechazo-el-pedido-de-ck-y-amado-boudou-para-recuperar-nuevamente-la-jubilacion-de-privilegio\/#breadcrumb\",\"itemListElement\":[{\"@type\":\"ListItem\",\"position\":1,\"name\":\"Inicio\",\"item\":\"https:\/\/apuntesdesanluis.com\/\"},{\"@type\":\"ListItem\",\"position\":2,\"name\":\"ANSES RECHAZ\u00d3 EL PEDIDO DE CK Y AMADO BOUDOU PARA RECUPERAR NUEVAMENTE LA JUBILACI\u00d3N DE PRIVILEGIO\"}]},{\"@type\":\"WebSite\",\"@id\":\"https:\/\/apuntesdesanluis.com\/#website\",\"url\":\"https:\/\/apuntesdesanluis.com\/\",\"name\":\"Apuntes de San Luis\",\"description\":\"\",\"publisher\":{\"@id\":\"https:\/\/apuntesdesanluis.com\/#\/schema\/person\/b55151d52296fcce64d1a72538a70b90\"},\"potentialAction\":[{\"@type\":\"SearchAction\",\"target\":{\"@type\":\"EntryPoint\",\"urlTemplate\":\"https:\/\/apuntesdesanluis.com\/?s={search_term_string}\"},\"query-input\":{\"@type\":\"PropertyValueSpecification\",\"valueRequired\":true,\"valueName\":\"search_term_string\"}}],\"inLanguage\":\"es-AR\"},{\"@type\":[\"Person\",\"Organization\"],\"@id\":\"https:\/\/apuntesdesanluis.com\/#\/schema\/person\/b55151d52296fcce64d1a72538a70b90\",\"name\":\"apuntesdesanluis.com\",\"image\":{\"@type\":\"ImageObject\",\"inLanguage\":\"es-AR\",\"@id\":\"https:\/\/apuntesdesanluis.com\/#\/schema\/person\/image\/\",\"url\":\"https:\/\/apuntesdesanluis.com\/wp-content\/uploads\/2023\/07\/cropped-apuntesdesanluis.png\",\"contentUrl\":\"https:\/\/apuntesdesanluis.com\/wp-content\/uploads\/2023\/07\/cropped-apuntesdesanluis.png\",\"width\":450,\"height\":112,\"caption\":\"apuntesdesanluis.com\"},\"logo\":{\"@id\":\"https:\/\/apuntesdesanluis.com\/#\/schema\/person\/image\/\"},\"sameAs\":[\"https:\/\/apuntesdesanluis.com\"],\"url\":\"https:\/\/apuntesdesanluis.com\/index.php\/author\/apuntesdesanluis-com\/\"}]}<\/script>\n<!-- \/ Yoast SEO plugin. -->","yoast_head_json":{"title":"ANSES RECHAZ\u00d3 EL PEDIDO DE CK Y AMADO BOUDOU PARA RECUPERAR NUEVAMENTE LA JUBILACI\u00d3N DE PRIVILEGIO - Apuntes de San Luis","robots":{"index":"index","follow":"follow","max-snippet":"max-snippet:-1","max-image-preview":"max-image-preview:large","max-video-preview":"max-video-preview:-1"},"canonical":"https:\/\/apuntesdesanluis.com\/index.php\/2025\/02\/04\/anses-rechazo-el-pedido-de-ck-y-amado-boudou-para-recuperar-nuevamente-la-jubilacion-de-privilegio\/","og_locale":"es_ES","og_type":"article","og_title":"ANSES RECHAZ\u00d3 EL PEDIDO DE CK Y AMADO BOUDOU PARA RECUPERAR NUEVAMENTE LA JUBILACI\u00d3N DE PRIVILEGIO - Apuntes de San Luis","og_description":"La Administraci\u00f3n Nacional de la Seguridad Social (Anses) rechaz\u00f3 el pedido de la ex presidenta...","og_url":"https:\/\/apuntesdesanluis.com\/index.php\/2025\/02\/04\/anses-rechazo-el-pedido-de-ck-y-amado-boudou-para-recuperar-nuevamente-la-jubilacion-de-privilegio\/","og_site_name":"Apuntes de San Luis","article_published_time":"2025-02-04T03:35:24+00:00","og_image":[{"width":826,"height":481,"url":"https:\/\/apuntesdesanluis.com\/wp-content\/uploads\/2025\/02\/cristina-y-boudeou.png","type":"image\/png"}],"author":"apuntesdesanluis.com","twitter_card":"summary_large_image","twitter_misc":{"Escrito por":"apuntesdesanluis.com","Tiempo de lectura":"4 minutos"},"schema":{"@context":"https:\/\/schema.org","@graph":[{"@type":"Article","@id":"https:\/\/apuntesdesanluis.com\/index.php\/2025\/02\/04\/anses-rechazo-el-pedido-de-ck-y-amado-boudou-para-recuperar-nuevamente-la-jubilacion-de-privilegio\/#article","isPartOf":{"@id":"https:\/\/apuntesdesanluis.com\/index.php\/2025\/02\/04\/anses-rechazo-el-pedido-de-ck-y-amado-boudou-para-recuperar-nuevamente-la-jubilacion-de-privilegio\/"},"author":{"name":"apuntesdesanluis.com","@id":"https:\/\/apuntesdesanluis.com\/#\/schema\/person\/b55151d52296fcce64d1a72538a70b90"},"headline":"ANSES RECHAZ\u00d3 EL PEDIDO DE CK Y AMADO BOUDOU PARA RECUPERAR NUEVAMENTE LA JUBILACI\u00d3N DE PRIVILEGIO","datePublished":"2025-02-04T03:35:24+00:00","mainEntityOfPage":{"@id":"https:\/\/apuntesdesanluis.com\/index.php\/2025\/02\/04\/anses-rechazo-el-pedido-de-ck-y-amado-boudou-para-recuperar-nuevamente-la-jubilacion-de-privilegio\/"},"wordCount":765,"publisher":{"@id":"https:\/\/apuntesdesanluis.com\/#\/schema\/person\/b55151d52296fcce64d1a72538a70b90"},"image":{"@id":"https:\/\/apuntesdesanluis.com\/index.php\/2025\/02\/04\/anses-rechazo-el-pedido-de-ck-y-amado-boudou-para-recuperar-nuevamente-la-jubilacion-de-privilegio\/#primaryimage"},"thumbnailUrl":"https:\/\/apuntesdesanluis.com\/wp-content\/uploads\/2025\/02\/cristina-y-boudeou.png","articleSection":["Nacionales\/Internacionales"],"inLanguage":"es-AR"},{"@type":"WebPage","@id":"https:\/\/apuntesdesanluis.com\/index.php\/2025\/02\/04\/anses-rechazo-el-pedido-de-ck-y-amado-boudou-para-recuperar-nuevamente-la-jubilacion-de-privilegio\/","url":"https:\/\/apuntesdesanluis.com\/index.php\/2025\/02\/04\/anses-rechazo-el-pedido-de-ck-y-amado-boudou-para-recuperar-nuevamente-la-jubilacion-de-privilegio\/","name":"ANSES RECHAZ\u00d3 EL PEDIDO DE CK Y AMADO BOUDOU PARA RECUPERAR NUEVAMENTE LA JUBILACI\u00d3N DE PRIVILEGIO - Apuntes de San Luis","isPartOf":{"@id":"https:\/\/apuntesdesanluis.com\/#website"},"primaryImageOfPage":{"@id":"https:\/\/apuntesdesanluis.com\/index.php\/2025\/02\/04\/anses-rechazo-el-pedido-de-ck-y-amado-boudou-para-recuperar-nuevamente-la-jubilacion-de-privilegio\/#primaryimage"},"image":{"@id":"https:\/\/apuntesdesanluis.com\/index.php\/2025\/02\/04\/anses-rechazo-el-pedido-de-ck-y-amado-boudou-para-recuperar-nuevamente-la-jubilacion-de-privilegio\/#primaryimage"},"thumbnailUrl":"https:\/\/apuntesdesanluis.com\/wp-content\/uploads\/2025\/02\/cristina-y-boudeou.png","datePublished":"2025-02-04T03:35:24+00:00","breadcrumb":{"@id":"https:\/\/apuntesdesanluis.com\/index.php\/2025\/02\/04\/anses-rechazo-el-pedido-de-ck-y-amado-boudou-para-recuperar-nuevamente-la-jubilacion-de-privilegio\/#breadcrumb"},"inLanguage":"es-AR","potentialAction":[{"@type":"ReadAction","target":["https:\/\/apuntesdesanluis.com\/index.php\/2025\/02\/04\/anses-rechazo-el-pedido-de-ck-y-amado-boudou-para-recuperar-nuevamente-la-jubilacion-de-privilegio\/"]}]},{"@type":"ImageObject","inLanguage":"es-AR","@id":"https:\/\/apuntesdesanluis.com\/index.php\/2025\/02\/04\/anses-rechazo-el-pedido-de-ck-y-amado-boudou-para-recuperar-nuevamente-la-jubilacion-de-privilegio\/#primaryimage","url":"https:\/\/apuntesdesanluis.com\/wp-content\/uploads\/2025\/02\/cristina-y-boudeou.png","contentUrl":"https:\/\/apuntesdesanluis.com\/wp-content\/uploads\/2025\/02\/cristina-y-boudeou.png","width":826,"height":481},{"@type":"BreadcrumbList","@id":"https:\/\/apuntesdesanluis.com\/index.php\/2025\/02\/04\/anses-rechazo-el-pedido-de-ck-y-amado-boudou-para-recuperar-nuevamente-la-jubilacion-de-privilegio\/#breadcrumb","itemListElement":[{"@type":"ListItem","position":1,"name":"Inicio","item":"https:\/\/apuntesdesanluis.com\/"},{"@type":"ListItem","position":2,"name":"ANSES RECHAZ\u00d3 EL PEDIDO DE CK Y AMADO BOUDOU PARA RECUPERAR NUEVAMENTE LA JUBILACI\u00d3N DE PRIVILEGIO"}]},{"@type":"WebSite","@id":"https:\/\/apuntesdesanluis.com\/#website","url":"https:\/\/apuntesdesanluis.com\/","name":"Apuntes de San Luis","description":"","publisher":{"@id":"https:\/\/apuntesdesanluis.com\/#\/schema\/person\/b55151d52296fcce64d1a72538a70b90"},"potentialAction":[{"@type":"SearchAction","target":{"@type":"EntryPoint","urlTemplate":"https:\/\/apuntesdesanluis.com\/?s={search_term_string}"},"query-input":{"@type":"PropertyValueSpecification","valueRequired":true,"valueName":"search_term_string"}}],"inLanguage":"es-AR"},{"@type":["Person","Organization"],"@id":"https:\/\/apuntesdesanluis.com\/#\/schema\/person\/b55151d52296fcce64d1a72538a70b90","name":"apuntesdesanluis.com","image":{"@type":"ImageObject","inLanguage":"es-AR","@id":"https:\/\/apuntesdesanluis.com\/#\/schema\/person\/image\/","url":"https:\/\/apuntesdesanluis.com\/wp-content\/uploads\/2023\/07\/cropped-apuntesdesanluis.png","contentUrl":"https:\/\/apuntesdesanluis.com\/wp-content\/uploads\/2023\/07\/cropped-apuntesdesanluis.png","width":450,"height":112,"caption":"apuntesdesanluis.com"},"logo":{"@id":"https:\/\/apuntesdesanluis.com\/#\/schema\/person\/image\/"},"sameAs":["https:\/\/apuntesdesanluis.com"],"url":"https:\/\/apuntesdesanluis.com\/index.php\/author\/apuntesdesanluis-com\/"}]}},"featured_image_urls":{"full":["https:\/\/apuntesdesanluis.com\/wp-content\/uploads\/2025\/02\/cristina-y-boudeou.png",826,481,false],"thumbnail":["https:\/\/apuntesdesanluis.com\/wp-content\/uploads\/2025\/02\/cristina-y-boudeou-150x150.png",150,150,true],"medium":["https:\/\/apuntesdesanluis.com\/wp-content\/uploads\/2025\/02\/cristina-y-boudeou-300x175.png",300,175,true],"medium_large":["https:\/\/apuntesdesanluis.com\/wp-content\/uploads\/2025\/02\/cristina-y-boudeou-768x447.png",640,373,true],"large":["https:\/\/apuntesdesanluis.com\/wp-content\/uploads\/2025\/02\/cristina-y-boudeou.png",640,373,false],"1536x1536":["https:\/\/apuntesdesanluis.com\/wp-content\/uploads\/2025\/02\/cristina-y-boudeou.png",826,481,false],"2048x2048":["https:\/\/apuntesdesanluis.com\/wp-content\/uploads\/2025\/02\/cristina-y-boudeou.png",826,481,false],"newsever-slider-full":["https:\/\/apuntesdesanluis.com\/wp-content\/uploads\/2025\/02\/cristina-y-boudeou.png",826,481,false],"newsever-featured":["https:\/\/apuntesdesanluis.com\/wp-content\/uploads\/2025\/02\/cristina-y-boudeou.png",826,481,false],"newsever-medium":["https:\/\/apuntesdesanluis.com\/wp-content\/uploads\/2025\/02\/cristina-y-boudeou-720x475.png",720,475,true]},"author_info":{"display_name":"apuntesdesanluis.com","author_link":"https:\/\/apuntesdesanluis.com\/index.php\/author\/apuntesdesanluis-com\/"},"category_info":"<a href=\"https:\/\/apuntesdesanluis.com\/index.php\/category\/nacionales-internacionales\/\" rel=\"category tag\">Nacionales\/Internacionales<\/a>","tag_info":"Nacionales\/Internacionales","comment_count":"0","_links":{"self":[{"href":"https:\/\/apuntesdesanluis.com\/index.php\/wp-json\/wp\/v2\/posts\/28663","targetHints":{"allow":["GET"]}}],"collection":[{"href":"https:\/\/apuntesdesanluis.com\/index.php\/wp-json\/wp\/v2\/posts"}],"about":[{"href":"https:\/\/apuntesdesanluis.com\/index.php\/wp-json\/wp\/v2\/types\/post"}],"author":[{"embeddable":true,"href":"https:\/\/apuntesdesanluis.com\/index.php\/wp-json\/wp\/v2\/users\/1"}],"replies":[{"embeddable":true,"href":"https:\/\/apuntesdesanluis.com\/index.php\/wp-json\/wp\/v2\/comments?post=28663"}],"version-history":[{"count":1,"href":"https:\/\/apuntesdesanluis.com\/index.php\/wp-json\/wp\/v2\/posts\/28663\/revisions"}],"predecessor-version":[{"id":28665,"href":"https:\/\/apuntesdesanluis.com\/index.php\/wp-json\/wp\/v2\/posts\/28663\/revisions\/28665"}],"wp:featuredmedia":[{"embeddable":true,"href":"https:\/\/apuntesdesanluis.com\/index.php\/wp-json\/wp\/v2\/media\/28664"}],"wp:attachment":[{"href":"https:\/\/apuntesdesanluis.com\/index.php\/wp-json\/wp\/v2\/media?parent=28663"}],"wp:term":[{"taxonomy":"category","embeddable":true,"href":"https:\/\/apuntesdesanluis.com\/index.php\/wp-json\/wp\/v2\/categories?post=28663"},{"taxonomy":"post_tag","embeddable":true,"href":"https:\/\/apuntesdesanluis.com\/index.php\/wp-json\/wp\/v2\/tags?post=28663"}],"curies":[{"name":"wp","href":"https:\/\/api.w.org\/{rel}","templated":true}]}}