{"id":28666,"date":"2025-02-04T00:51:11","date_gmt":"2025-02-04T03:51:11","guid":{"rendered":"https:\/\/apuntesdesanluis.com\/?p=28666"},"modified":"2025-02-04T00:51:11","modified_gmt":"2025-02-04T03:51:11","slug":"un-acuerdo-sobre-la-hora-entre-ee-uu-y-mexico-atenua-la-caida-en-mercados-se-sumo-luego-canada","status":"publish","type":"post","link":"https:\/\/apuntesdesanluis.com\/index.php\/2025\/02\/04\/un-acuerdo-sobre-la-hora-entre-ee-uu-y-mexico-atenua-la-caida-en-mercados-se-sumo-luego-canada\/","title":{"rendered":"UN ACUERDO SOBRE LA HORA ENTRE EE.UU Y M\u00c9XICO ATEN\u00daA LA CA\u00cdDA EN MERCADOS: SE SUM\u00d3 LUEGO CANAD\u00c1"},"content":{"rendered":"<h3>Un acuerdo de \u00faltimo minuto entre <strong>Estados Unidos<\/strong> y <strong>M\u00e9xico <\/strong>atenu\u00f3 la fuerte ca\u00edda en las acciones por las medidas proteccionistas de Donald Trump, que pretende subir los aranceles a sus principales socios comerciales.<\/h3>\n<h3>Luego de este anuncio, el primer ministro canadiense, <strong>Justin Trudeau<\/strong>, tambi\u00e9n logr\u00f3 que se decidiera dar marcha atr\u00e1s con esta medida, al menos por 30 d\u00edas.<\/h3>\n<h3>Seg\u00fan explic\u00f3 el premier de Canad\u00e1, desde su gobierno est\u00e1n implementando un importante plan fronterizo, al cual destinaron 1.300 millones de d\u00f3lares, para detener el flujo de fentanilo.<\/h3>\n<h3>Trump hab\u00eda decidido imponer aranceles a las importaciones al argumentar que &#8220;producen fentanilo ilegal y permiten distribuirlo&#8221; en Estados Unidos.<\/h3>\n<h3>La guerra comercial abierta por Trump al anunciar nuevos aranceles a los tres principales socios del pa\u00eds, <strong>M\u00e9xico, Canad\u00e1 y China<\/strong>, derrumb\u00f3 a los mercados, envueltos en un estado de p\u00e1nico ante la posibilidad de que m\u00e1s de tres d\u00e9cadas de integraci\u00f3n econ\u00f3mica est\u00e9n a punto de colapsar.<\/h3>\n<p><img fetchpriority=\"high\" decoding=\"async\" class=\"wp-image-28668 aligncenter\" src=\"https:\/\/apuntesdesanluis.com\/wp-content\/uploads\/2025\/02\/trump-300x171.png\" alt=\"\" width=\"714\" height=\"407\" srcset=\"https:\/\/apuntesdesanluis.com\/wp-content\/uploads\/2025\/02\/trump-300x171.png 300w, https:\/\/apuntesdesanluis.com\/wp-content\/uploads\/2025\/02\/trump-768x438.png 768w, https:\/\/apuntesdesanluis.com\/wp-content\/uploads\/2025\/02\/trump.png 772w\" sizes=\"(max-width: 714px) 100vw, 714px\" \/><\/p>\n<h3>Una conversaci\u00f3n telef\u00f3nica entre Trump y la presidenta de M\u00e9xico, <strong>Claudia Sheinbaum<\/strong>, logr\u00f3 cerrar un primer acuerdo y ofreci\u00f3 una pausa y una dosis de alivio al conflicto.<\/h3>\n<h3>Trump acept\u00f3 suspender por un mes sus aranceles a cambio del env\u00edo de 10.000 soldados por parte del gobierno de M\u00e9xico a la frontera sur para frenar el tr\u00e1fico de fentanilo y el cruce de migrantes sin papeles.<\/h3>\n<h3>La nueva administraci\u00f3n norteamericana mantiene adem\u00e1s frentes abiertos con China y la Uni\u00f3n Europea.<\/h3>\n<h3>La perspectiva de una guerra comercial derrumb\u00f3 el \u00e1nimo de los inversores y desat\u00f3 una ola de ventas que ti\u00f1\u00f3 de rojo las pantallas de los mercados burs\u00e1tiles desde Asia hasta Wall Street.<\/h3>\n<h3><\/h3>\n<h3><\/h3>\n<p>&nbsp;<\/p>\n","protected":false},"excerpt":{"rendered":"<p>Un acuerdo de \u00faltimo minuto entre Estados Unidos y M\u00e9xico atenu\u00f3 la fuerte ca\u00edda en&#8230;<\/p>\n","protected":false},"author":1,"featured_media":28667,"comment_status":"closed","ping_status":"closed","sticky":false,"template":"","format":"standard","meta":{"footnotes":""},"categories":[5],"tags":[],"class_list":["post-28666","post","type-post","status-publish","format-standard","has-post-thumbnail","hentry","category-nacionales-internacionales"],"yoast_head":"<!-- This site is optimized with the Yoast SEO plugin v26.1.1 - https:\/\/yoast.com\/wordpress\/plugins\/seo\/ -->\n<title>UN ACUERDO SOBRE LA HORA ENTRE EE.UU Y M\u00c9XICO ATEN\u00daA LA CA\u00cdDA EN MERCADOS: SE SUM\u00d3 LUEGO CANAD\u00c1 - Apuntes de San Luis<\/title>\n<meta name=\"robots\" content=\"index, follow, max-snippet:-1, max-image-preview:large, max-video-preview:-1\" \/>\n<link rel=\"canonical\" href=\"https:\/\/apuntesdesanluis.com\/index.php\/2025\/02\/04\/un-acuerdo-sobre-la-hora-entre-ee-uu-y-mexico-atenua-la-caida-en-mercados-se-sumo-luego-canada\/\" \/>\n<meta property=\"og:locale\" content=\"es_ES\" \/>\n<meta property=\"og:type\" content=\"article\" \/>\n<meta property=\"og:title\" content=\"UN ACUERDO SOBRE LA HORA ENTRE EE.UU Y M\u00c9XICO ATEN\u00daA LA CA\u00cdDA EN MERCADOS: SE SUM\u00d3 LUEGO CANAD\u00c1 - Apuntes de San Luis\" \/>\n<meta property=\"og:description\" content=\"Un acuerdo de \u00faltimo minuto entre Estados Unidos y M\u00e9xico atenu\u00f3 la fuerte ca\u00edda en...\" \/>\n<meta property=\"og:url\" content=\"https:\/\/apuntesdesanluis.com\/index.php\/2025\/02\/04\/un-acuerdo-sobre-la-hora-entre-ee-uu-y-mexico-atenua-la-caida-en-mercados-se-sumo-luego-canada\/\" \/>\n<meta property=\"og:site_name\" content=\"Apuntes de San Luis\" \/>\n<meta property=\"article:published_time\" content=\"2025-02-04T03:51:11+00:00\" \/>\n<meta property=\"og:image\" content=\"https:\/\/apuntesdesanluis.com\/wp-content\/uploads\/2025\/02\/TRUMP-Y-MEXICO.png\" \/>\n\t<meta property=\"og:image:width\" content=\"691\" \/>\n\t<meta property=\"og:image:height\" content=\"352\" \/>\n\t<meta property=\"og:image:type\" content=\"image\/png\" \/>\n<meta name=\"author\" content=\"apuntesdesanluis.com\" \/>\n<meta name=\"twitter:card\" content=\"summary_large_image\" \/>\n<meta name=\"twitter:label1\" content=\"Escrito por\" \/>\n\t<meta name=\"twitter:data1\" content=\"apuntesdesanluis.com\" \/>\n\t<meta name=\"twitter:label2\" content=\"Tiempo de lectura\" \/>\n\t<meta name=\"twitter:data2\" content=\"2 minutos\" \/>\n<script type=\"application\/ld+json\" class=\"yoast-schema-graph\">{\"@context\":\"https:\/\/schema.org\",\"@graph\":[{\"@type\":\"Article\",\"@id\":\"https:\/\/apuntesdesanluis.com\/index.php\/2025\/02\/04\/un-acuerdo-sobre-la-hora-entre-ee-uu-y-mexico-atenua-la-caida-en-mercados-se-sumo-luego-canada\/#article\",\"isPartOf\":{\"@id\":\"https:\/\/apuntesdesanluis.com\/index.php\/2025\/02\/04\/un-acuerdo-sobre-la-hora-entre-ee-uu-y-mexico-atenua-la-caida-en-mercados-se-sumo-luego-canada\/\"},\"author\":{\"name\":\"apuntesdesanluis.com\",\"@id\":\"https:\/\/apuntesdesanluis.com\/#\/schema\/person\/b55151d52296fcce64d1a72538a70b90\"},\"headline\":\"UN ACUERDO SOBRE LA HORA ENTRE EE.UU Y M\u00c9XICO ATEN\u00daA LA CA\u00cdDA EN MERCADOS: SE SUM\u00d3 LUEGO CANAD\u00c1\",\"datePublished\":\"2025-02-04T03:51:11+00:00\",\"mainEntityOfPage\":{\"@id\":\"https:\/\/apuntesdesanluis.com\/index.php\/2025\/02\/04\/un-acuerdo-sobre-la-hora-entre-ee-uu-y-mexico-atenua-la-caida-en-mercados-se-sumo-luego-canada\/\"},\"wordCount\":316,\"publisher\":{\"@id\":\"https:\/\/apuntesdesanluis.com\/#\/schema\/person\/b55151d52296fcce64d1a72538a70b90\"},\"image\":{\"@id\":\"https:\/\/apuntesdesanluis.com\/index.php\/2025\/02\/04\/un-acuerdo-sobre-la-hora-entre-ee-uu-y-mexico-atenua-la-caida-en-mercados-se-sumo-luego-canada\/#primaryimage\"},\"thumbnailUrl\":\"https:\/\/apuntesdesanluis.com\/wp-content\/uploads\/2025\/02\/TRUMP-Y-MEXICO.png\",\"articleSection\":[\"Nacionales\/Internacionales\"],\"inLanguage\":\"es-AR\"},{\"@type\":\"WebPage\",\"@id\":\"https:\/\/apuntesdesanluis.com\/index.php\/2025\/02\/04\/un-acuerdo-sobre-la-hora-entre-ee-uu-y-mexico-atenua-la-caida-en-mercados-se-sumo-luego-canada\/\",\"url\":\"https:\/\/apuntesdesanluis.com\/index.php\/2025\/02\/04\/un-acuerdo-sobre-la-hora-entre-ee-uu-y-mexico-atenua-la-caida-en-mercados-se-sumo-luego-canada\/\",\"name\":\"UN ACUERDO SOBRE LA HORA ENTRE EE.UU Y M\u00c9XICO ATEN\u00daA LA CA\u00cdDA EN MERCADOS: SE SUM\u00d3 LUEGO CANAD\u00c1 - Apuntes de San Luis\",\"isPartOf\":{\"@id\":\"https:\/\/apuntesdesanluis.com\/#website\"},\"primaryImageOfPage\":{\"@id\":\"https:\/\/apuntesdesanluis.com\/index.php\/2025\/02\/04\/un-acuerdo-sobre-la-hora-entre-ee-uu-y-mexico-atenua-la-caida-en-mercados-se-sumo-luego-canada\/#primaryimage\"},\"image\":{\"@id\":\"https:\/\/apuntesdesanluis.com\/index.php\/2025\/02\/04\/un-acuerdo-sobre-la-hora-entre-ee-uu-y-mexico-atenua-la-caida-en-mercados-se-sumo-luego-canada\/#primaryimage\"},\"thumbnailUrl\":\"https:\/\/apuntesdesanluis.com\/wp-content\/uploads\/2025\/02\/TRUMP-Y-MEXICO.png\",\"datePublished\":\"2025-02-04T03:51:11+00:00\",\"breadcrumb\":{\"@id\":\"https:\/\/apuntesdesanluis.com\/index.php\/2025\/02\/04\/un-acuerdo-sobre-la-hora-entre-ee-uu-y-mexico-atenua-la-caida-en-mercados-se-sumo-luego-canada\/#breadcrumb\"},\"inLanguage\":\"es-AR\",\"potentialAction\":[{\"@type\":\"ReadAction\",\"target\":[\"https:\/\/apuntesdesanluis.com\/index.php\/2025\/02\/04\/un-acuerdo-sobre-la-hora-entre-ee-uu-y-mexico-atenua-la-caida-en-mercados-se-sumo-luego-canada\/\"]}]},{\"@type\":\"ImageObject\",\"inLanguage\":\"es-AR\",\"@id\":\"https:\/\/apuntesdesanluis.com\/index.php\/2025\/02\/04\/un-acuerdo-sobre-la-hora-entre-ee-uu-y-mexico-atenua-la-caida-en-mercados-se-sumo-luego-canada\/#primaryimage\",\"url\":\"https:\/\/apuntesdesanluis.com\/wp-content\/uploads\/2025\/02\/TRUMP-Y-MEXICO.png\",\"contentUrl\":\"https:\/\/apuntesdesanluis.com\/wp-content\/uploads\/2025\/02\/TRUMP-Y-MEXICO.png\",\"width\":691,\"height\":352},{\"@type\":\"BreadcrumbList\",\"@id\":\"https:\/\/apuntesdesanluis.com\/index.php\/2025\/02\/04\/un-acuerdo-sobre-la-hora-entre-ee-uu-y-mexico-atenua-la-caida-en-mercados-se-sumo-luego-canada\/#breadcrumb\",\"itemListElement\":[{\"@type\":\"ListItem\",\"position\":1,\"name\":\"Inicio\",\"item\":\"https:\/\/apuntesdesanluis.com\/\"},{\"@type\":\"ListItem\",\"position\":2,\"name\":\"UN ACUERDO SOBRE LA HORA ENTRE EE.UU Y M\u00c9XICO ATEN\u00daA LA CA\u00cdDA EN MERCADOS: SE SUM\u00d3 LUEGO CANAD\u00c1\"}]},{\"@type\":\"WebSite\",\"@id\":\"https:\/\/apuntesdesanluis.com\/#website\",\"url\":\"https:\/\/apuntesdesanluis.com\/\",\"name\":\"Apuntes de San Luis\",\"description\":\"\",\"publisher\":{\"@id\":\"https:\/\/apuntesdesanluis.com\/#\/schema\/person\/b55151d52296fcce64d1a72538a70b90\"},\"potentialAction\":[{\"@type\":\"SearchAction\",\"target\":{\"@type\":\"EntryPoint\",\"urlTemplate\":\"https:\/\/apuntesdesanluis.com\/?s={search_term_string}\"},\"query-input\":{\"@type\":\"PropertyValueSpecification\",\"valueRequired\":true,\"valueName\":\"search_term_string\"}}],\"inLanguage\":\"es-AR\"},{\"@type\":[\"Person\",\"Organization\"],\"@id\":\"https:\/\/apuntesdesanluis.com\/#\/schema\/person\/b55151d52296fcce64d1a72538a70b90\",\"name\":\"apuntesdesanluis.com\",\"image\":{\"@type\":\"ImageObject\",\"inLanguage\":\"es-AR\",\"@id\":\"https:\/\/apuntesdesanluis.com\/#\/schema\/person\/image\/\",\"url\":\"https:\/\/apuntesdesanluis.com\/wp-content\/uploads\/2023\/07\/cropped-apuntesdesanluis.png\",\"contentUrl\":\"https:\/\/apuntesdesanluis.com\/wp-content\/uploads\/2023\/07\/cropped-apuntesdesanluis.png\",\"width\":450,\"height\":112,\"caption\":\"apuntesdesanluis.com\"},\"logo\":{\"@id\":\"https:\/\/apuntesdesanluis.com\/#\/schema\/person\/image\/\"},\"sameAs\":[\"https:\/\/apuntesdesanluis.com\"],\"url\":\"https:\/\/apuntesdesanluis.com\/index.php\/author\/apuntesdesanluis-com\/\"}]}<\/script>\n<!-- \/ Yoast SEO plugin. -->","yoast_head_json":{"title":"UN ACUERDO SOBRE LA HORA ENTRE EE.UU Y M\u00c9XICO ATEN\u00daA LA CA\u00cdDA EN MERCADOS: SE SUM\u00d3 LUEGO CANAD\u00c1 - Apuntes de San Luis","robots":{"index":"index","follow":"follow","max-snippet":"max-snippet:-1","max-image-preview":"max-image-preview:large","max-video-preview":"max-video-preview:-1"},"canonical":"https:\/\/apuntesdesanluis.com\/index.php\/2025\/02\/04\/un-acuerdo-sobre-la-hora-entre-ee-uu-y-mexico-atenua-la-caida-en-mercados-se-sumo-luego-canada\/","og_locale":"es_ES","og_type":"article","og_title":"UN ACUERDO SOBRE LA HORA ENTRE EE.UU Y M\u00c9XICO ATEN\u00daA LA CA\u00cdDA EN MERCADOS: SE SUM\u00d3 LUEGO CANAD\u00c1 - Apuntes de San Luis","og_description":"Un acuerdo de \u00faltimo minuto entre Estados Unidos y M\u00e9xico atenu\u00f3 la fuerte ca\u00edda en...","og_url":"https:\/\/apuntesdesanluis.com\/index.php\/2025\/02\/04\/un-acuerdo-sobre-la-hora-entre-ee-uu-y-mexico-atenua-la-caida-en-mercados-se-sumo-luego-canada\/","og_site_name":"Apuntes de San Luis","article_published_time":"2025-02-04T03:51:11+00:00","og_image":[{"width":691,"height":352,"url":"https:\/\/apuntesdesanluis.com\/wp-content\/uploads\/2025\/02\/TRUMP-Y-MEXICO.png","type":"image\/png"}],"author":"apuntesdesanluis.com","twitter_card":"summary_large_image","twitter_misc":{"Escrito por":"apuntesdesanluis.com","Tiempo de lectura":"2 minutos"},"schema":{"@context":"https:\/\/schema.org","@graph":[{"@type":"Article","@id":"https:\/\/apuntesdesanluis.com\/index.php\/2025\/02\/04\/un-acuerdo-sobre-la-hora-entre-ee-uu-y-mexico-atenua-la-caida-en-mercados-se-sumo-luego-canada\/#article","isPartOf":{"@id":"https:\/\/apuntesdesanluis.com\/index.php\/2025\/02\/04\/un-acuerdo-sobre-la-hora-entre-ee-uu-y-mexico-atenua-la-caida-en-mercados-se-sumo-luego-canada\/"},"author":{"name":"apuntesdesanluis.com","@id":"https:\/\/apuntesdesanluis.com\/#\/schema\/person\/b55151d52296fcce64d1a72538a70b90"},"headline":"UN ACUERDO SOBRE LA HORA ENTRE EE.UU Y M\u00c9XICO ATEN\u00daA LA CA\u00cdDA EN MERCADOS: SE SUM\u00d3 LUEGO CANAD\u00c1","datePublished":"2025-02-04T03:51:11+00:00","mainEntityOfPage":{"@id":"https:\/\/apuntesdesanluis.com\/index.php\/2025\/02\/04\/un-acuerdo-sobre-la-hora-entre-ee-uu-y-mexico-atenua-la-caida-en-mercados-se-sumo-luego-canada\/"},"wordCount":316,"publisher":{"@id":"https:\/\/apuntesdesanluis.com\/#\/schema\/person\/b55151d52296fcce64d1a72538a70b90"},"image":{"@id":"https:\/\/apuntesdesanluis.com\/index.php\/2025\/02\/04\/un-acuerdo-sobre-la-hora-entre-ee-uu-y-mexico-atenua-la-caida-en-mercados-se-sumo-luego-canada\/#primaryimage"},"thumbnailUrl":"https:\/\/apuntesdesanluis.com\/wp-content\/uploads\/2025\/02\/TRUMP-Y-MEXICO.png","articleSection":["Nacionales\/Internacionales"],"inLanguage":"es-AR"},{"@type":"WebPage","@id":"https:\/\/apuntesdesanluis.com\/index.php\/2025\/02\/04\/un-acuerdo-sobre-la-hora-entre-ee-uu-y-mexico-atenua-la-caida-en-mercados-se-sumo-luego-canada\/","url":"https:\/\/apuntesdesanluis.com\/index.php\/2025\/02\/04\/un-acuerdo-sobre-la-hora-entre-ee-uu-y-mexico-atenua-la-caida-en-mercados-se-sumo-luego-canada\/","name":"UN ACUERDO SOBRE LA HORA ENTRE EE.UU Y M\u00c9XICO ATEN\u00daA LA CA\u00cdDA EN MERCADOS: SE SUM\u00d3 LUEGO CANAD\u00c1 - Apuntes de San Luis","isPartOf":{"@id":"https:\/\/apuntesdesanluis.com\/#website"},"primaryImageOfPage":{"@id":"https:\/\/apuntesdesanluis.com\/index.php\/2025\/02\/04\/un-acuerdo-sobre-la-hora-entre-ee-uu-y-mexico-atenua-la-caida-en-mercados-se-sumo-luego-canada\/#primaryimage"},"image":{"@id":"https:\/\/apuntesdesanluis.com\/index.php\/2025\/02\/04\/un-acuerdo-sobre-la-hora-entre-ee-uu-y-mexico-atenua-la-caida-en-mercados-se-sumo-luego-canada\/#primaryimage"},"thumbnailUrl":"https:\/\/apuntesdesanluis.com\/wp-content\/uploads\/2025\/02\/TRUMP-Y-MEXICO.png","datePublished":"2025-02-04T03:51:11+00:00","breadcrumb":{"@id":"https:\/\/apuntesdesanluis.com\/index.php\/2025\/02\/04\/un-acuerdo-sobre-la-hora-entre-ee-uu-y-mexico-atenua-la-caida-en-mercados-se-sumo-luego-canada\/#breadcrumb"},"inLanguage":"es-AR","potentialAction":[{"@type":"ReadAction","target":["https:\/\/apuntesdesanluis.com\/index.php\/2025\/02\/04\/un-acuerdo-sobre-la-hora-entre-ee-uu-y-mexico-atenua-la-caida-en-mercados-se-sumo-luego-canada\/"]}]},{"@type":"ImageObject","inLanguage":"es-AR","@id":"https:\/\/apuntesdesanluis.com\/index.php\/2025\/02\/04\/un-acuerdo-sobre-la-hora-entre-ee-uu-y-mexico-atenua-la-caida-en-mercados-se-sumo-luego-canada\/#primaryimage","url":"https:\/\/apuntesdesanluis.com\/wp-content\/uploads\/2025\/02\/TRUMP-Y-MEXICO.png","contentUrl":"https:\/\/apuntesdesanluis.com\/wp-content\/uploads\/2025\/02\/TRUMP-Y-MEXICO.png","width":691,"height":352},{"@type":"BreadcrumbList","@id":"https:\/\/apuntesdesanluis.com\/index.php\/2025\/02\/04\/un-acuerdo-sobre-la-hora-entre-ee-uu-y-mexico-atenua-la-caida-en-mercados-se-sumo-luego-canada\/#breadcrumb","itemListElement":[{"@type":"ListItem","position":1,"name":"Inicio","item":"https:\/\/apuntesdesanluis.com\/"},{"@type":"ListItem","position":2,"name":"UN ACUERDO SOBRE LA HORA ENTRE EE.UU Y M\u00c9XICO ATEN\u00daA LA CA\u00cdDA EN MERCADOS: SE SUM\u00d3 LUEGO CANAD\u00c1"}]},{"@type":"WebSite","@id":"https:\/\/apuntesdesanluis.com\/#website","url":"https:\/\/apuntesdesanluis.com\/","name":"Apuntes de San Luis","description":"","publisher":{"@id":"https:\/\/apuntesdesanluis.com\/#\/schema\/person\/b55151d52296fcce64d1a72538a70b90"},"potentialAction":[{"@type":"SearchAction","target":{"@type":"EntryPoint","urlTemplate":"https:\/\/apuntesdesanluis.com\/?s={search_term_string}"},"query-input":{"@type":"PropertyValueSpecification","valueRequired":true,"valueName":"search_term_string"}}],"inLanguage":"es-AR"},{"@type":["Person","Organization"],"@id":"https:\/\/apuntesdesanluis.com\/#\/schema\/person\/b55151d52296fcce64d1a72538a70b90","name":"apuntesdesanluis.com","image":{"@type":"ImageObject","inLanguage":"es-AR","@id":"https:\/\/apuntesdesanluis.com\/#\/schema\/person\/image\/","url":"https:\/\/apuntesdesanluis.com\/wp-content\/uploads\/2023\/07\/cropped-apuntesdesanluis.png","contentUrl":"https:\/\/apuntesdesanluis.com\/wp-content\/uploads\/2023\/07\/cropped-apuntesdesanluis.png","width":450,"height":112,"caption":"apuntesdesanluis.com"},"logo":{"@id":"https:\/\/apuntesdesanluis.com\/#\/schema\/person\/image\/"},"sameAs":["https:\/\/apuntesdesanluis.com"],"url":"https:\/\/apuntesdesanluis.com\/index.php\/author\/apuntesdesanluis-com\/"}]}},"featured_image_urls":{"full":["https:\/\/apuntesdesanluis.com\/wp-content\/uploads\/2025\/02\/TRUMP-Y-MEXICO.png",691,352,false],"thumbnail":["https:\/\/apuntesdesanluis.com\/wp-content\/uploads\/2025\/02\/TRUMP-Y-MEXICO-150x150.png",150,150,true],"medium":["https:\/\/apuntesdesanluis.com\/wp-content\/uploads\/2025\/02\/TRUMP-Y-MEXICO-300x153.png",300,153,true],"medium_large":["https:\/\/apuntesdesanluis.com\/wp-content\/uploads\/2025\/02\/TRUMP-Y-MEXICO.png",640,326,false],"large":["https:\/\/apuntesdesanluis.com\/wp-content\/uploads\/2025\/02\/TRUMP-Y-MEXICO.png",640,326,false],"1536x1536":["https:\/\/apuntesdesanluis.com\/wp-content\/uploads\/2025\/02\/TRUMP-Y-MEXICO.png",691,352,false],"2048x2048":["https:\/\/apuntesdesanluis.com\/wp-content\/uploads\/2025\/02\/TRUMP-Y-MEXICO.png",691,352,false],"newsever-slider-full":["https:\/\/apuntesdesanluis.com\/wp-content\/uploads\/2025\/02\/TRUMP-Y-MEXICO.png",691,352,false],"newsever-featured":["https:\/\/apuntesdesanluis.com\/wp-content\/uploads\/2025\/02\/TRUMP-Y-MEXICO.png",691,352,false],"newsever-medium":["https:\/\/apuntesdesanluis.com\/wp-content\/uploads\/2025\/02\/TRUMP-Y-MEXICO.png",691,352,false]},"author_info":{"display_name":"apuntesdesanluis.com","author_link":"https:\/\/apuntesdesanluis.com\/index.php\/author\/apuntesdesanluis-com\/"},"category_info":"<a href=\"https:\/\/apuntesdesanluis.com\/index.php\/category\/nacionales-internacionales\/\" rel=\"category tag\">Nacionales\/Internacionales<\/a>","tag_info":"Nacionales\/Internacionales","comment_count":"0","_links":{"self":[{"href":"https:\/\/apuntesdesanluis.com\/index.php\/wp-json\/wp\/v2\/posts\/28666","targetHints":{"allow":["GET"]}}],"collection":[{"href":"https:\/\/apuntesdesanluis.com\/index.php\/wp-json\/wp\/v2\/posts"}],"about":[{"href":"https:\/\/apuntesdesanluis.com\/index.php\/wp-json\/wp\/v2\/types\/post"}],"author":[{"embeddable":true,"href":"https:\/\/apuntesdesanluis.com\/index.php\/wp-json\/wp\/v2\/users\/1"}],"replies":[{"embeddable":true,"href":"https:\/\/apuntesdesanluis.com\/index.php\/wp-json\/wp\/v2\/comments?post=28666"}],"version-history":[{"count":1,"href":"https:\/\/apuntesdesanluis.com\/index.php\/wp-json\/wp\/v2\/posts\/28666\/revisions"}],"predecessor-version":[{"id":28669,"href":"https:\/\/apuntesdesanluis.com\/index.php\/wp-json\/wp\/v2\/posts\/28666\/revisions\/28669"}],"wp:featuredmedia":[{"embeddable":true,"href":"https:\/\/apuntesdesanluis.com\/index.php\/wp-json\/wp\/v2\/media\/28667"}],"wp:attachment":[{"href":"https:\/\/apuntesdesanluis.com\/index.php\/wp-json\/wp\/v2\/media?parent=28666"}],"wp:term":[{"taxonomy":"category","embeddable":true,"href":"https:\/\/apuntesdesanluis.com\/index.php\/wp-json\/wp\/v2\/categories?post=28666"},{"taxonomy":"post_tag","embeddable":true,"href":"https:\/\/apuntesdesanluis.com\/index.php\/wp-json\/wp\/v2\/tags?post=28666"}],"curies":[{"name":"wp","href":"https:\/\/api.w.org\/{rel}","templated":true}]}}