{"id":28670,"date":"2025-02-04T01:00:54","date_gmt":"2025-02-04T04:00:54","guid":{"rendered":"https:\/\/apuntesdesanluis.com\/?p=28670"},"modified":"2025-02-04T01:00:54","modified_gmt":"2025-02-04T04:00:54","slug":"grilla-completa-de-la-fiesta-nacional-valle-del-sol-que-promete-ser-inolvidable","status":"publish","type":"post","link":"https:\/\/apuntesdesanluis.com\/index.php\/2025\/02\/04\/grilla-completa-de-la-fiesta-nacional-valle-del-sol-que-promete-ser-inolvidable\/","title":{"rendered":"GRILLA COMPLETA DE LA FIESTA NACIONAL VALLE DEL SOL QUE PROMETE SER INOLVIDABLE"},"content":{"rendered":"<h3>Este jueves inicia el Festival de los merlinos, que promete cuatro noches de espect\u00e1culo con grillas de alto nivel. La cita reunir\u00e1 a artistas nacionales de\u00a0renombre como <strong>Luck Ra, Soledad Pastorutti, Los Caligaris, D\u00fao Coplanacu y Ahyre<\/strong>, complementados por una amplia variedad de talentos locales.<\/h3>\n<p><img fetchpriority=\"high\" decoding=\"async\" class=\"wp-image-27780 aligncenter\" src=\"https:\/\/apuntesdesanluis.com\/wp-content\/uploads\/2025\/01\/luck-ra-y-soledad-300x224.jpg\" alt=\"\" width=\"694\" height=\"518\" srcset=\"https:\/\/apuntesdesanluis.com\/wp-content\/uploads\/2025\/01\/luck-ra-y-soledad-300x224.jpg 300w, https:\/\/apuntesdesanluis.com\/wp-content\/uploads\/2025\/01\/luck-ra-y-soledad-768x573.jpg 768w, https:\/\/apuntesdesanluis.com\/wp-content\/uploads\/2025\/01\/luck-ra-y-soledad.jpg 800w\" sizes=\"(max-width: 694px) 100vw, 694px\" \/><\/p>\n<h3>La Villa de Merlo se vestir\u00e1 de tradici\u00f3n del <strong>6 al 9 de febrero<\/strong> para celebrar la 52\u00b0 edici\u00f3n de la Fiesta Nacional Valle del Sol. El tradicional evento tendr\u00e1 lugar en el Balneario Municipal, ubicado en Av. del Deporte y El Cipr\u00e9s, contando con la presencia de destacados artistas nacionales y locales que brillar\u00e1n en el escenario mayor \u201cAntonio Esteban Ag\u00fcero\u201d.<\/h3>\n<h3>La venta de entradas se contin\u00faa realizando con dos opciones para brindar mayor accesibilidad y rapidez: De manera presencial en diferentes puntos de venta de la provincia (hasta el jueves por la ma\u00f1ana) y tambi\u00e9n a trav\u00e9s de la <a href=\"https:\/\/villademerlo.boleteriadigital.com.ar\/\">plataforma online<\/a>. Menores de 8 a\u00f1os no abonan. Cabe destacar que las personas con discapacidad, presentando su Certificado \u00danico de Discapacidad (CUD), podr\u00e1n ingresar de manera gratuita con un acompa\u00f1ante.<\/h3>\n<h3>Puntos de venta f\u00edsicos: Villa de Merlo (Municipalidad de Villa de Merlo &#8211; Casa Museo Palmira Scrosoppi); Villa Mercedes (Casa de la M\u00fasica); San Luis (Cine Teatro San Luis); La Toma (Yo Bar); Concar\u00e1n (Maxi Kiosco &#8220;Los Cocos&#8221;); Tilisarao (Kiosko Wuildan); Naschel (FM Tiempo); Santa Rosa del Conlara (FM Centro); Villa Dolores (My Phone).\u00a0<strong>\u00a0<\/strong><\/h3>\n<h3><strong>Desde el jueves 6 hasta el domingo 9 la boleter\u00eda del Balneario Municipal se encontrar\u00e1 abierta a partir de las 17 hs. El costo de las entradas no cambia.<\/strong><\/h3>\n<h3>El Municipio en su compromiso con la sostenibilidad, ha implementado diversas iniciativas para reducir el impacto ambiental en sus eventos. Desde la 50\u00b0 edici\u00f3n de la Fiesta Nacional Valle del Sol, se introdujo el sistema de eco vasos reutilizables, una medida que busca minimizar el uso de pl\u00e1sticos descartables y fomentar el consumo responsable. Este a\u00f1o, se continuar\u00e1 con esta propuesta, reafirmando el compromiso del municipio con el cuidado del medio ambiente, promoviendo una cultura m\u00e1s consciente y sostenible entre los asistentes.<\/h3>\n<h3>A partir de las 20 hs. la m\u00fasica y la danza se fusionan para brindar cuatro noches inolvidables. Aqu\u00ed te compartimos la grilla de artista (no en orden cronol\u00f3gico) :<strong>\u00a0\u00a0<\/strong><\/h3>\n<h3><span style=\"color: #3366ff;\"><strong>JUEVES 6<\/strong><\/span><strong>\u00a0<\/strong><\/h3>\n<ul>\n<li>\n<h3>Apertura: \u201cLlamado al Sol &#8211; Valle Sagrado\u201d Pasos de Fuego &#8211; Combinaci\u00f3n Nativa<\/h3>\n<\/li>\n<li>\n<h3>Manyines de Cuyo<\/h3>\n<\/li>\n<li>\n<h3>Norte Libre<\/h3>\n<\/li>\n<li>\n<h3>Javier Gonz\u00e1lez<\/h3>\n<\/li>\n<li>\n<h3>Herencia Chamamecera<\/h3>\n<\/li>\n<li>\n<h3>El Salta y Las Lindas<\/h3>\n<\/li>\n<li>\n<h3>La Vanguardia Rural<\/h3>\n<\/li>\n<li>\n<h3>Ballet Qhispikay<\/h3>\n<\/li>\n<li>\n<h3>Arambaleba<\/h3>\n<\/li>\n<li>\n<h3>Repika2<\/h3>\n<\/li>\n<li>\n<h3>Bicho Caminante<\/h3>\n<\/li>\n<li>\n<h3>Jimena Pogliano (Ganadora Pre Festival: Canto Solista )<\/h3>\n<\/li>\n<li>\n<h3>Bramidos<\/h3>\n<\/li>\n<li>\n<h3>Agustina R\u00edos y Marcelo Roldan (Ganadores Pre Festival: Pareja de Danza) <strong>&#8211; Luck Ra<\/strong><\/h3>\n<\/li>\n<\/ul>\n<h3><span style=\"color: #3366ff;\"><strong>VIERNES 7<\/strong><\/span><\/h3>\n<ul>\n<li>\n<h3>Apertura \u201cHijos de la Tierra\u201d Compa\u00f1\u00eda Flora<\/h3>\n<\/li>\n<li>\n<h3>Carolina Centuri\u00f3n<\/h3>\n<\/li>\n<li>\n<h3>Naure Duo<\/h3>\n<\/li>\n<li>\n<h3><strong>Orellana Lucca <\/strong><\/h3>\n<\/li>\n<li>\n<h3>Sonia Amaya<\/h3>\n<\/li>\n<li>\n<h3>Nakasato (Ganador Pre Festival: Tema In\u00e9dito)<\/h3>\n<\/li>\n<li>\n<h3>Ballet Grito de Mi Tierra<\/h3>\n<\/li>\n<li>\n<h3>Homenaje Aniversario Antonio Esteban Ag\u00fcero<\/h3>\n<\/li>\n<li>\n<h3>Ballet Llastay<\/h3>\n<\/li>\n<li>\n<h3>Rub\u00e9n Gallardo<\/h3>\n<\/li>\n<li>\n<h3>Ballet Caminantes del Folclore &#8211; Menci\u00f3n Especial Pre Festival: danza grupal &#8211; <strong>Soledad Pastorutti\u00a0<\/strong><\/h3>\n<\/li>\n<\/ul>\n<h3><span style=\"color: #3366ff;\"><strong>S\u00c1BADO 8<\/strong><\/span><\/h3>\n<ul>\n<li>\n<h3>Apertura \u201cHijos de la Tierra\u201d Compa\u00f1\u00eda Flora<\/h3>\n<\/li>\n<li>\n<h3><strong>Los Caligaris <\/strong><\/h3>\n<\/li>\n<li>\n<h3>Las Voces de Merlo<\/h3>\n<\/li>\n<li>\n<h3>Daniel Gonzalez<\/h3>\n<\/li>\n<li>\n<h3>El Ventarr\u00f3n Malambo<\/h3>\n<\/li>\n<li>\n<h3>Alberto Altamirano<\/h3>\n<\/li>\n<li>\n<h3><strong>D\u00fao Coplanacu <\/strong><\/h3>\n<\/li>\n<li>\n<h3>La Callejera<\/h3>\n<\/li>\n<li>\n<h3>Astiyas del Mismo Palo<\/h3>\n<\/li>\n<li>\n<h3>Ricardo Aguilera y Am\u00e9rico Moroso Orquesta<\/h3>\n<\/li>\n<li>\n<h3>Estaci\u00f3n 67 (Ganadores Pre Festival: Canto Grupal)<\/h3>\n<\/li>\n<li>\n<h3>Zaira Gallo y Ariel Hernandez D\u00fao<\/h3>\n<\/li>\n<li>\n<h3>Argentina es una Danza<\/h3>\n<\/li>\n<li>\n<h3>Paisano Brand\u00e1n<strong>\u00a0<\/strong><\/h3>\n<\/li>\n<\/ul>\n<h3><span style=\"color: #3366ff;\"><strong>DOMINGO 9<\/strong><strong>\u00a0<\/strong><\/span><\/h3>\n<ul>\n<li>\n<h3>Apertura \u201cHijos de la Tierra\u201d Compa\u00f1\u00eda Flora<\/h3>\n<\/li>\n<li>\n<h3><strong>Ahyre <\/strong><\/h3>\n<\/li>\n<li>\n<h3>Los Coyuyos<\/h3>\n<\/li>\n<li>\n<h3>com<\/h3>\n<\/li>\n<li>\n<h3>Alberto Aldemaro, Mart\u00edn Aldasoro y Laura Ludue\u00f1a<\/h3>\n<\/li>\n<li>\n<h3><strong>Paquito Oca\u00f1o<\/strong><\/h3>\n<\/li>\n<li>\n<h3><strong>Juanjo Abreg\u00fa <\/strong><\/h3>\n<\/li>\n<li>\n<h3>Entrega Sol de Oro<\/h3>\n<\/li>\n<li>\n<h3>Norma Ferrer<\/h3>\n<\/li>\n<li>\n<h3>Betania Hernandez y Diego Vel\u00e9z<\/h3>\n<\/li>\n<li>\n<h3>Grupo Origen<\/h3>\n<\/li>\n<li>\n<h3>100 Guitarras Mercedinas<\/h3>\n<\/li>\n<li>\n<h3>Ballet Tinkuy<\/h3>\n<\/li>\n<li>\n<h3>Estudio de Danza Kalem (Ganadores Pre Festival: Danza Grupal)<\/h3>\n<\/li>\n<\/ul>\n<h3><\/h3>\n<h3><\/h3>\n","protected":false},"excerpt":{"rendered":"<p>Este jueves inicia el Festival de los merlinos, que promete cuatro noches de espect\u00e1culo con&#8230;<\/p>\n","protected":false},"author":1,"featured_media":28671,"comment_status":"closed","ping_status":"closed","sticky":false,"template":"","format":"standard","meta":{"footnotes":""},"categories":[6],"tags":[],"class_list":["post-28670","post","type-post","status-publish","format-standard","has-post-thumbnail","hentry","category-ciudad-provincia"],"yoast_head":"<!-- This site is optimized with the Yoast SEO plugin v26.1.1 - https:\/\/yoast.com\/wordpress\/plugins\/seo\/ -->\n<title>GRILLA COMPLETA DE LA FIESTA NACIONAL VALLE DEL SOL QUE PROMETE SER INOLVIDABLE - Apuntes de San Luis<\/title>\n<meta name=\"robots\" content=\"index, follow, max-snippet:-1, max-image-preview:large, max-video-preview:-1\" \/>\n<link rel=\"canonical\" href=\"https:\/\/apuntesdesanluis.com\/index.php\/2025\/02\/04\/grilla-completa-de-la-fiesta-nacional-valle-del-sol-que-promete-ser-inolvidable\/\" \/>\n<meta property=\"og:locale\" content=\"es_ES\" \/>\n<meta property=\"og:type\" content=\"article\" \/>\n<meta property=\"og:title\" content=\"GRILLA COMPLETA DE LA FIESTA NACIONAL VALLE DEL SOL QUE PROMETE SER INOLVIDABLE - Apuntes de San Luis\" \/>\n<meta property=\"og:description\" content=\"Este jueves inicia el Festival de los merlinos, que promete cuatro noches de espect\u00e1culo con...\" \/>\n<meta property=\"og:url\" content=\"https:\/\/apuntesdesanluis.com\/index.php\/2025\/02\/04\/grilla-completa-de-la-fiesta-nacional-valle-del-sol-que-promete-ser-inolvidable\/\" \/>\n<meta property=\"og:site_name\" content=\"Apuntes de San Luis\" \/>\n<meta property=\"article:published_time\" content=\"2025-02-04T04:00:54+00:00\" \/>\n<meta property=\"og:image\" content=\"https:\/\/apuntesdesanluis.com\/wp-content\/uploads\/2025\/02\/Imagen-de-WhatsApp-2025-02-03-a-las-13.56.32_41b6c2d9.jpg\" \/>\n\t<meta property=\"og:image:width\" content=\"1280\" \/>\n\t<meta property=\"og:image:height\" content=\"597\" \/>\n\t<meta property=\"og:image:type\" content=\"image\/jpeg\" \/>\n<meta name=\"author\" content=\"apuntesdesanluis.com\" \/>\n<meta name=\"twitter:card\" content=\"summary_large_image\" \/>\n<meta name=\"twitter:label1\" content=\"Escrito por\" \/>\n\t<meta name=\"twitter:data1\" content=\"apuntesdesanluis.com\" \/>\n\t<meta name=\"twitter:label2\" content=\"Tiempo de lectura\" \/>\n\t<meta name=\"twitter:data2\" content=\"4 minutos\" \/>\n<script type=\"application\/ld+json\" class=\"yoast-schema-graph\">{\"@context\":\"https:\/\/schema.org\",\"@graph\":[{\"@type\":\"Article\",\"@id\":\"https:\/\/apuntesdesanluis.com\/index.php\/2025\/02\/04\/grilla-completa-de-la-fiesta-nacional-valle-del-sol-que-promete-ser-inolvidable\/#article\",\"isPartOf\":{\"@id\":\"https:\/\/apuntesdesanluis.com\/index.php\/2025\/02\/04\/grilla-completa-de-la-fiesta-nacional-valle-del-sol-que-promete-ser-inolvidable\/\"},\"author\":{\"name\":\"apuntesdesanluis.com\",\"@id\":\"https:\/\/apuntesdesanluis.com\/#\/schema\/person\/b55151d52296fcce64d1a72538a70b90\"},\"headline\":\"GRILLA COMPLETA DE LA FIESTA NACIONAL VALLE DEL SOL QUE PROMETE SER INOLVIDABLE\",\"datePublished\":\"2025-02-04T04:00:54+00:00\",\"mainEntityOfPage\":{\"@id\":\"https:\/\/apuntesdesanluis.com\/index.php\/2025\/02\/04\/grilla-completa-de-la-fiesta-nacional-valle-del-sol-que-promete-ser-inolvidable\/\"},\"wordCount\":632,\"publisher\":{\"@id\":\"https:\/\/apuntesdesanluis.com\/#\/schema\/person\/b55151d52296fcce64d1a72538a70b90\"},\"image\":{\"@id\":\"https:\/\/apuntesdesanluis.com\/index.php\/2025\/02\/04\/grilla-completa-de-la-fiesta-nacional-valle-del-sol-que-promete-ser-inolvidable\/#primaryimage\"},\"thumbnailUrl\":\"https:\/\/apuntesdesanluis.com\/wp-content\/uploads\/2025\/02\/Imagen-de-WhatsApp-2025-02-03-a-las-13.56.32_41b6c2d9.jpg\",\"articleSection\":[\"Ciudad\/Provincia\"],\"inLanguage\":\"es-AR\"},{\"@type\":\"WebPage\",\"@id\":\"https:\/\/apuntesdesanluis.com\/index.php\/2025\/02\/04\/grilla-completa-de-la-fiesta-nacional-valle-del-sol-que-promete-ser-inolvidable\/\",\"url\":\"https:\/\/apuntesdesanluis.com\/index.php\/2025\/02\/04\/grilla-completa-de-la-fiesta-nacional-valle-del-sol-que-promete-ser-inolvidable\/\",\"name\":\"GRILLA COMPLETA DE LA FIESTA NACIONAL VALLE DEL SOL QUE PROMETE SER INOLVIDABLE - Apuntes de San Luis\",\"isPartOf\":{\"@id\":\"https:\/\/apuntesdesanluis.com\/#website\"},\"primaryImageOfPage\":{\"@id\":\"https:\/\/apuntesdesanluis.com\/index.php\/2025\/02\/04\/grilla-completa-de-la-fiesta-nacional-valle-del-sol-que-promete-ser-inolvidable\/#primaryimage\"},\"image\":{\"@id\":\"https:\/\/apuntesdesanluis.com\/index.php\/2025\/02\/04\/grilla-completa-de-la-fiesta-nacional-valle-del-sol-que-promete-ser-inolvidable\/#primaryimage\"},\"thumbnailUrl\":\"https:\/\/apuntesdesanluis.com\/wp-content\/uploads\/2025\/02\/Imagen-de-WhatsApp-2025-02-03-a-las-13.56.32_41b6c2d9.jpg\",\"datePublished\":\"2025-02-04T04:00:54+00:00\",\"breadcrumb\":{\"@id\":\"https:\/\/apuntesdesanluis.com\/index.php\/2025\/02\/04\/grilla-completa-de-la-fiesta-nacional-valle-del-sol-que-promete-ser-inolvidable\/#breadcrumb\"},\"inLanguage\":\"es-AR\",\"potentialAction\":[{\"@type\":\"ReadAction\",\"target\":[\"https:\/\/apuntesdesanluis.com\/index.php\/2025\/02\/04\/grilla-completa-de-la-fiesta-nacional-valle-del-sol-que-promete-ser-inolvidable\/\"]}]},{\"@type\":\"ImageObject\",\"inLanguage\":\"es-AR\",\"@id\":\"https:\/\/apuntesdesanluis.com\/index.php\/2025\/02\/04\/grilla-completa-de-la-fiesta-nacional-valle-del-sol-que-promete-ser-inolvidable\/#primaryimage\",\"url\":\"https:\/\/apuntesdesanluis.com\/wp-content\/uploads\/2025\/02\/Imagen-de-WhatsApp-2025-02-03-a-las-13.56.32_41b6c2d9.jpg\",\"contentUrl\":\"https:\/\/apuntesdesanluis.com\/wp-content\/uploads\/2025\/02\/Imagen-de-WhatsApp-2025-02-03-a-las-13.56.32_41b6c2d9.jpg\",\"width\":1280,\"height\":597},{\"@type\":\"BreadcrumbList\",\"@id\":\"https:\/\/apuntesdesanluis.com\/index.php\/2025\/02\/04\/grilla-completa-de-la-fiesta-nacional-valle-del-sol-que-promete-ser-inolvidable\/#breadcrumb\",\"itemListElement\":[{\"@type\":\"ListItem\",\"position\":1,\"name\":\"Inicio\",\"item\":\"https:\/\/apuntesdesanluis.com\/\"},{\"@type\":\"ListItem\",\"position\":2,\"name\":\"GRILLA COMPLETA DE LA FIESTA NACIONAL VALLE DEL SOL QUE PROMETE SER INOLVIDABLE\"}]},{\"@type\":\"WebSite\",\"@id\":\"https:\/\/apuntesdesanluis.com\/#website\",\"url\":\"https:\/\/apuntesdesanluis.com\/\",\"name\":\"Apuntes de San Luis\",\"description\":\"\",\"publisher\":{\"@id\":\"https:\/\/apuntesdesanluis.com\/#\/schema\/person\/b55151d52296fcce64d1a72538a70b90\"},\"potentialAction\":[{\"@type\":\"SearchAction\",\"target\":{\"@type\":\"EntryPoint\",\"urlTemplate\":\"https:\/\/apuntesdesanluis.com\/?s={search_term_string}\"},\"query-input\":{\"@type\":\"PropertyValueSpecification\",\"valueRequired\":true,\"valueName\":\"search_term_string\"}}],\"inLanguage\":\"es-AR\"},{\"@type\":[\"Person\",\"Organization\"],\"@id\":\"https:\/\/apuntesdesanluis.com\/#\/schema\/person\/b55151d52296fcce64d1a72538a70b90\",\"name\":\"apuntesdesanluis.com\",\"image\":{\"@type\":\"ImageObject\",\"inLanguage\":\"es-AR\",\"@id\":\"https:\/\/apuntesdesanluis.com\/#\/schema\/person\/image\/\",\"url\":\"https:\/\/apuntesdesanluis.com\/wp-content\/uploads\/2023\/07\/cropped-apuntesdesanluis.png\",\"contentUrl\":\"https:\/\/apuntesdesanluis.com\/wp-content\/uploads\/2023\/07\/cropped-apuntesdesanluis.png\",\"width\":450,\"height\":112,\"caption\":\"apuntesdesanluis.com\"},\"logo\":{\"@id\":\"https:\/\/apuntesdesanluis.com\/#\/schema\/person\/image\/\"},\"sameAs\":[\"https:\/\/apuntesdesanluis.com\"],\"url\":\"https:\/\/apuntesdesanluis.com\/index.php\/author\/apuntesdesanluis-com\/\"}]}<\/script>\n<!-- \/ Yoast SEO plugin. -->","yoast_head_json":{"title":"GRILLA COMPLETA DE LA FIESTA NACIONAL VALLE DEL SOL QUE PROMETE SER INOLVIDABLE - Apuntes de San Luis","robots":{"index":"index","follow":"follow","max-snippet":"max-snippet:-1","max-image-preview":"max-image-preview:large","max-video-preview":"max-video-preview:-1"},"canonical":"https:\/\/apuntesdesanluis.com\/index.php\/2025\/02\/04\/grilla-completa-de-la-fiesta-nacional-valle-del-sol-que-promete-ser-inolvidable\/","og_locale":"es_ES","og_type":"article","og_title":"GRILLA COMPLETA DE LA FIESTA NACIONAL VALLE DEL SOL QUE PROMETE SER INOLVIDABLE - Apuntes de San Luis","og_description":"Este jueves inicia el Festival de los merlinos, que promete cuatro noches de espect\u00e1culo con...","og_url":"https:\/\/apuntesdesanluis.com\/index.php\/2025\/02\/04\/grilla-completa-de-la-fiesta-nacional-valle-del-sol-que-promete-ser-inolvidable\/","og_site_name":"Apuntes de San Luis","article_published_time":"2025-02-04T04:00:54+00:00","og_image":[{"width":1280,"height":597,"url":"https:\/\/apuntesdesanluis.com\/wp-content\/uploads\/2025\/02\/Imagen-de-WhatsApp-2025-02-03-a-las-13.56.32_41b6c2d9.jpg","type":"image\/jpeg"}],"author":"apuntesdesanluis.com","twitter_card":"summary_large_image","twitter_misc":{"Escrito por":"apuntesdesanluis.com","Tiempo de lectura":"4 minutos"},"schema":{"@context":"https:\/\/schema.org","@graph":[{"@type":"Article","@id":"https:\/\/apuntesdesanluis.com\/index.php\/2025\/02\/04\/grilla-completa-de-la-fiesta-nacional-valle-del-sol-que-promete-ser-inolvidable\/#article","isPartOf":{"@id":"https:\/\/apuntesdesanluis.com\/index.php\/2025\/02\/04\/grilla-completa-de-la-fiesta-nacional-valle-del-sol-que-promete-ser-inolvidable\/"},"author":{"name":"apuntesdesanluis.com","@id":"https:\/\/apuntesdesanluis.com\/#\/schema\/person\/b55151d52296fcce64d1a72538a70b90"},"headline":"GRILLA COMPLETA DE LA FIESTA NACIONAL VALLE DEL SOL QUE PROMETE SER INOLVIDABLE","datePublished":"2025-02-04T04:00:54+00:00","mainEntityOfPage":{"@id":"https:\/\/apuntesdesanluis.com\/index.php\/2025\/02\/04\/grilla-completa-de-la-fiesta-nacional-valle-del-sol-que-promete-ser-inolvidable\/"},"wordCount":632,"publisher":{"@id":"https:\/\/apuntesdesanluis.com\/#\/schema\/person\/b55151d52296fcce64d1a72538a70b90"},"image":{"@id":"https:\/\/apuntesdesanluis.com\/index.php\/2025\/02\/04\/grilla-completa-de-la-fiesta-nacional-valle-del-sol-que-promete-ser-inolvidable\/#primaryimage"},"thumbnailUrl":"https:\/\/apuntesdesanluis.com\/wp-content\/uploads\/2025\/02\/Imagen-de-WhatsApp-2025-02-03-a-las-13.56.32_41b6c2d9.jpg","articleSection":["Ciudad\/Provincia"],"inLanguage":"es-AR"},{"@type":"WebPage","@id":"https:\/\/apuntesdesanluis.com\/index.php\/2025\/02\/04\/grilla-completa-de-la-fiesta-nacional-valle-del-sol-que-promete-ser-inolvidable\/","url":"https:\/\/apuntesdesanluis.com\/index.php\/2025\/02\/04\/grilla-completa-de-la-fiesta-nacional-valle-del-sol-que-promete-ser-inolvidable\/","name":"GRILLA COMPLETA DE LA FIESTA NACIONAL VALLE DEL SOL QUE PROMETE SER INOLVIDABLE - Apuntes de San Luis","isPartOf":{"@id":"https:\/\/apuntesdesanluis.com\/#website"},"primaryImageOfPage":{"@id":"https:\/\/apuntesdesanluis.com\/index.php\/2025\/02\/04\/grilla-completa-de-la-fiesta-nacional-valle-del-sol-que-promete-ser-inolvidable\/#primaryimage"},"image":{"@id":"https:\/\/apuntesdesanluis.com\/index.php\/2025\/02\/04\/grilla-completa-de-la-fiesta-nacional-valle-del-sol-que-promete-ser-inolvidable\/#primaryimage"},"thumbnailUrl":"https:\/\/apuntesdesanluis.com\/wp-content\/uploads\/2025\/02\/Imagen-de-WhatsApp-2025-02-03-a-las-13.56.32_41b6c2d9.jpg","datePublished":"2025-02-04T04:00:54+00:00","breadcrumb":{"@id":"https:\/\/apuntesdesanluis.com\/index.php\/2025\/02\/04\/grilla-completa-de-la-fiesta-nacional-valle-del-sol-que-promete-ser-inolvidable\/#breadcrumb"},"inLanguage":"es-AR","potentialAction":[{"@type":"ReadAction","target":["https:\/\/apuntesdesanluis.com\/index.php\/2025\/02\/04\/grilla-completa-de-la-fiesta-nacional-valle-del-sol-que-promete-ser-inolvidable\/"]}]},{"@type":"ImageObject","inLanguage":"es-AR","@id":"https:\/\/apuntesdesanluis.com\/index.php\/2025\/02\/04\/grilla-completa-de-la-fiesta-nacional-valle-del-sol-que-promete-ser-inolvidable\/#primaryimage","url":"https:\/\/apuntesdesanluis.com\/wp-content\/uploads\/2025\/02\/Imagen-de-WhatsApp-2025-02-03-a-las-13.56.32_41b6c2d9.jpg","contentUrl":"https:\/\/apuntesdesanluis.com\/wp-content\/uploads\/2025\/02\/Imagen-de-WhatsApp-2025-02-03-a-las-13.56.32_41b6c2d9.jpg","width":1280,"height":597},{"@type":"BreadcrumbList","@id":"https:\/\/apuntesdesanluis.com\/index.php\/2025\/02\/04\/grilla-completa-de-la-fiesta-nacional-valle-del-sol-que-promete-ser-inolvidable\/#breadcrumb","itemListElement":[{"@type":"ListItem","position":1,"name":"Inicio","item":"https:\/\/apuntesdesanluis.com\/"},{"@type":"ListItem","position":2,"name":"GRILLA COMPLETA DE LA FIESTA NACIONAL VALLE DEL SOL QUE PROMETE SER INOLVIDABLE"}]},{"@type":"WebSite","@id":"https:\/\/apuntesdesanluis.com\/#website","url":"https:\/\/apuntesdesanluis.com\/","name":"Apuntes de San Luis","description":"","publisher":{"@id":"https:\/\/apuntesdesanluis.com\/#\/schema\/person\/b55151d52296fcce64d1a72538a70b90"},"potentialAction":[{"@type":"SearchAction","target":{"@type":"EntryPoint","urlTemplate":"https:\/\/apuntesdesanluis.com\/?s={search_term_string}"},"query-input":{"@type":"PropertyValueSpecification","valueRequired":true,"valueName":"search_term_string"}}],"inLanguage":"es-AR"},{"@type":["Person","Organization"],"@id":"https:\/\/apuntesdesanluis.com\/#\/schema\/person\/b55151d52296fcce64d1a72538a70b90","name":"apuntesdesanluis.com","image":{"@type":"ImageObject","inLanguage":"es-AR","@id":"https:\/\/apuntesdesanluis.com\/#\/schema\/person\/image\/","url":"https:\/\/apuntesdesanluis.com\/wp-content\/uploads\/2023\/07\/cropped-apuntesdesanluis.png","contentUrl":"https:\/\/apuntesdesanluis.com\/wp-content\/uploads\/2023\/07\/cropped-apuntesdesanluis.png","width":450,"height":112,"caption":"apuntesdesanluis.com"},"logo":{"@id":"https:\/\/apuntesdesanluis.com\/#\/schema\/person\/image\/"},"sameAs":["https:\/\/apuntesdesanluis.com"],"url":"https:\/\/apuntesdesanluis.com\/index.php\/author\/apuntesdesanluis-com\/"}]}},"featured_image_urls":{"full":["https:\/\/apuntesdesanluis.com\/wp-content\/uploads\/2025\/02\/Imagen-de-WhatsApp-2025-02-03-a-las-13.56.32_41b6c2d9.jpg",1280,597,false],"thumbnail":["https:\/\/apuntesdesanluis.com\/wp-content\/uploads\/2025\/02\/Imagen-de-WhatsApp-2025-02-03-a-las-13.56.32_41b6c2d9-150x150.jpg",150,150,true],"medium":["https:\/\/apuntesdesanluis.com\/wp-content\/uploads\/2025\/02\/Imagen-de-WhatsApp-2025-02-03-a-las-13.56.32_41b6c2d9-300x140.jpg",300,140,true],"medium_large":["https:\/\/apuntesdesanluis.com\/wp-content\/uploads\/2025\/02\/Imagen-de-WhatsApp-2025-02-03-a-las-13.56.32_41b6c2d9-768x358.jpg",640,298,true],"large":["https:\/\/apuntesdesanluis.com\/wp-content\/uploads\/2025\/02\/Imagen-de-WhatsApp-2025-02-03-a-las-13.56.32_41b6c2d9-1024x478.jpg",640,299,true],"1536x1536":["https:\/\/apuntesdesanluis.com\/wp-content\/uploads\/2025\/02\/Imagen-de-WhatsApp-2025-02-03-a-las-13.56.32_41b6c2d9.jpg",1280,597,false],"2048x2048":["https:\/\/apuntesdesanluis.com\/wp-content\/uploads\/2025\/02\/Imagen-de-WhatsApp-2025-02-03-a-las-13.56.32_41b6c2d9.jpg",1280,597,false],"newsever-slider-full":["https:\/\/apuntesdesanluis.com\/wp-content\/uploads\/2025\/02\/Imagen-de-WhatsApp-2025-02-03-a-las-13.56.32_41b6c2d9.jpg",1280,597,false],"newsever-featured":["https:\/\/apuntesdesanluis.com\/wp-content\/uploads\/2025\/02\/Imagen-de-WhatsApp-2025-02-03-a-las-13.56.32_41b6c2d9-1024x478.jpg",1024,478,true],"newsever-medium":["https:\/\/apuntesdesanluis.com\/wp-content\/uploads\/2025\/02\/Imagen-de-WhatsApp-2025-02-03-a-las-13.56.32_41b6c2d9-720x475.jpg",720,475,true]},"author_info":{"display_name":"apuntesdesanluis.com","author_link":"https:\/\/apuntesdesanluis.com\/index.php\/author\/apuntesdesanluis-com\/"},"category_info":"<a href=\"https:\/\/apuntesdesanluis.com\/index.php\/category\/ciudad-provincia\/\" rel=\"category tag\">Ciudad\/Provincia<\/a>","tag_info":"Ciudad\/Provincia","comment_count":"0","_links":{"self":[{"href":"https:\/\/apuntesdesanluis.com\/index.php\/wp-json\/wp\/v2\/posts\/28670","targetHints":{"allow":["GET"]}}],"collection":[{"href":"https:\/\/apuntesdesanluis.com\/index.php\/wp-json\/wp\/v2\/posts"}],"about":[{"href":"https:\/\/apuntesdesanluis.com\/index.php\/wp-json\/wp\/v2\/types\/post"}],"author":[{"embeddable":true,"href":"https:\/\/apuntesdesanluis.com\/index.php\/wp-json\/wp\/v2\/users\/1"}],"replies":[{"embeddable":true,"href":"https:\/\/apuntesdesanluis.com\/index.php\/wp-json\/wp\/v2\/comments?post=28670"}],"version-history":[{"count":1,"href":"https:\/\/apuntesdesanluis.com\/index.php\/wp-json\/wp\/v2\/posts\/28670\/revisions"}],"predecessor-version":[{"id":28672,"href":"https:\/\/apuntesdesanluis.com\/index.php\/wp-json\/wp\/v2\/posts\/28670\/revisions\/28672"}],"wp:featuredmedia":[{"embeddable":true,"href":"https:\/\/apuntesdesanluis.com\/index.php\/wp-json\/wp\/v2\/media\/28671"}],"wp:attachment":[{"href":"https:\/\/apuntesdesanluis.com\/index.php\/wp-json\/wp\/v2\/media?parent=28670"}],"wp:term":[{"taxonomy":"category","embeddable":true,"href":"https:\/\/apuntesdesanluis.com\/index.php\/wp-json\/wp\/v2\/categories?post=28670"},{"taxonomy":"post_tag","embeddable":true,"href":"https:\/\/apuntesdesanluis.com\/index.php\/wp-json\/wp\/v2\/tags?post=28670"}],"curies":[{"name":"wp","href":"https:\/\/api.w.org\/{rel}","templated":true}]}}