{"id":28677,"date":"2025-02-04T19:26:21","date_gmt":"2025-02-04T22:26:21","guid":{"rendered":"https:\/\/apuntesdesanluis.com\/?p=28677"},"modified":"2025-02-04T19:26:21","modified_gmt":"2025-02-04T22:26:21","slug":"las-clases-comienzan-el-24-para-nivel-primario-y-el-27-para-nivel-medio","status":"publish","type":"post","link":"https:\/\/apuntesdesanluis.com\/index.php\/2025\/02\/04\/las-clases-comienzan-el-24-para-nivel-primario-y-el-27-para-nivel-medio\/","title":{"rendered":"LAS CLASES COMIENZAN EL 24 PARA NIVEL PRIMARIO Y EL 27 PARA NIVEL MEDIO"},"content":{"rendered":"<h3>El <strong>calendario escolar<\/strong> marca el inicio de un nuevo a\u00f1o educativo en la provincia de San Luis, con expectativas renovadas y el compromiso de toda la comunidad escolar. De acuerdo con el Decreto N\u00ba13183 -ME-2024, el comienzo de clases ser\u00e1 escalonado seg\u00fan los niveles educativos.<\/h3>\n<h3>Antes de la llegada de los estudiantes para el primer d\u00eda de clases, el <strong>personal jer\u00e1rquico, docente y administrativo <\/strong>de todos los niveles se presentar\u00e1 en sus establecimientos el mi\u00e9rcoles <strong>19 de febrero<\/strong> para comenzar con las tareas preparatorias.<\/h3>\n<p><img fetchpriority=\"high\" decoding=\"async\" class=\"wp-image-28679 aligncenter\" src=\"https:\/\/apuntesdesanluis.com\/wp-content\/uploads\/2025\/02\/ciclo-escolar-300x201.png\" alt=\"\" width=\"616\" height=\"413\" srcset=\"https:\/\/apuntesdesanluis.com\/wp-content\/uploads\/2025\/02\/ciclo-escolar-300x201.png 300w, https:\/\/apuntesdesanluis.com\/wp-content\/uploads\/2025\/02\/ciclo-escolar.png 700w\" sizes=\"(max-width: 616px) 100vw, 616px\" \/><\/p>\n<h3>El lunes <strong>24 de febrero<\/strong> dar\u00e1n inicio las clases para los <strong>niveles Inicial y Primario<\/strong>, mientras que los estudiantes del <strong>nivel Secundario<\/strong> volver\u00e1n a las aulas el jueves <strong>27 de febrero<\/strong>.<\/h3>\n<p><img decoding=\"async\" class=\"wp-image-28678 aligncenter\" src=\"https:\/\/apuntesdesanluis.com\/wp-content\/uploads\/2025\/02\/presentacion-personal-300x156.png\" alt=\"\" width=\"619\" height=\"322\" srcset=\"https:\/\/apuntesdesanluis.com\/wp-content\/uploads\/2025\/02\/presentacion-personal-300x156.png 300w, https:\/\/apuntesdesanluis.com\/wp-content\/uploads\/2025\/02\/presentacion-personal.png 592w\" sizes=\"(max-width: 619px) 100vw, 619px\" \/><\/p>\n<h3>El receso invernal est\u00e1 programado desde el lunes 7 hasta el viernes 18 de julio. Durante este per\u00edodo, las instituciones educativas de toda la provincia pausar\u00e1n sus actividades para retomar con energ\u00edas renovadas el segundo semestre del ciclo lectivo.<\/h3>\n<h3>En cuanto a la fecha de finalizaci\u00f3n del periodo \u00e1ulico para toda la comunidad educativa, ser\u00e1 el viernes 19 de diciembre de 2025.<\/h3>\n<h3><strong>Sobre los ex\u00e1menes:<\/strong><\/h3>\n<h3><strong>1\u00b0 Instancia \u2013 2025<\/strong><\/h3>\n<h3>Nivel Primario: del 19 de febrero de 2025 al 21 de febrero de 2025.<\/h3>\n<h3>Nivel Secundario: del 19 de febrero de 2025 al 26 de febrero de 2025. Regulares, previos, libres y de equivalencias.<\/h3>\n<h3><strong>2\u00b0 Instancia \u2013 2025<\/strong><\/h3>\n<h3>Nivel Secundario: del 21 de julio de 2025 al 25 de julio de 2025. Previos, libres y de equivalencias (sin suspensi\u00f3n de actividades).<\/h3>\n<h3><strong>3\u00b0 Instancia \u2013 2025<\/strong><\/h3>\n<h3>Nivel Primario: del 09 de diciembre de 2025 al 16 de diciembre de 2025 per\u00edodo de recuperaci\u00f3n.<\/h3>\n<h3>Nivel Secundario: del 2 de diciembre de 2025 al 5 de diciembre de 2025, previos (sin suspensi\u00f3n de actividades). Del 9 de diciembre de 2025 al 16 de diciembre de 2025: regulares, libres y de equivalencias (con desarrollo de actividades de estrategias mixtas).<\/h3>\n<h3>Con estas fechas establecidas, San Luis se prepara para un nuevo a\u00f1o de aprendizaje, con el desaf\u00edo de seguir fortaleciendo la educaci\u00f3n en cada rinc\u00f3n de la provincia.<\/h3>\n<h3>Para visualizar el Calendario Escolar \u00danico completo, ingresar a la p\u00e1gina web del ministerio de Educaci\u00f3n: <a href=\"https:\/\/sanluis.gov.ar\/educacion\/\">https:\/\/sanluis.gov.ar\/educacion\/<\/a><\/h3>\n<h3><\/h3>\n<h3><\/h3>\n<p>&nbsp;<\/p>\n","protected":false},"excerpt":{"rendered":"<p>El calendario escolar marca el inicio de un nuevo a\u00f1o educativo en la provincia de&#8230;<\/p>\n","protected":false},"author":1,"featured_media":28680,"comment_status":"closed","ping_status":"closed","sticky":false,"template":"","format":"standard","meta":{"footnotes":""},"categories":[6],"tags":[],"class_list":["post-28677","post","type-post","status-publish","format-standard","has-post-thumbnail","hentry","category-ciudad-provincia"],"yoast_head":"<!-- This site is optimized with the Yoast SEO plugin v26.1.1 - https:\/\/yoast.com\/wordpress\/plugins\/seo\/ -->\n<title>LAS CLASES COMIENZAN EL 24 PARA NIVEL PRIMARIO Y EL 27 PARA NIVEL MEDIO - Apuntes de San Luis<\/title>\n<meta name=\"robots\" content=\"index, follow, max-snippet:-1, max-image-preview:large, max-video-preview:-1\" \/>\n<link rel=\"canonical\" href=\"https:\/\/apuntesdesanluis.com\/index.php\/2025\/02\/04\/las-clases-comienzan-el-24-para-nivel-primario-y-el-27-para-nivel-medio\/\" \/>\n<meta property=\"og:locale\" content=\"es_ES\" \/>\n<meta property=\"og:type\" content=\"article\" \/>\n<meta property=\"og:title\" content=\"LAS CLASES COMIENZAN EL 24 PARA NIVEL PRIMARIO Y EL 27 PARA NIVEL MEDIO - Apuntes de San Luis\" \/>\n<meta property=\"og:description\" content=\"El calendario escolar marca el inicio de un nuevo a\u00f1o educativo en la provincia de...\" \/>\n<meta property=\"og:url\" content=\"https:\/\/apuntesdesanluis.com\/index.php\/2025\/02\/04\/las-clases-comienzan-el-24-para-nivel-primario-y-el-27-para-nivel-medio\/\" \/>\n<meta property=\"og:site_name\" content=\"Apuntes de San Luis\" \/>\n<meta property=\"article:published_time\" content=\"2025-02-04T22:26:21+00:00\" \/>\n<meta property=\"og:image\" content=\"https:\/\/apuntesdesanluis.com\/wp-content\/uploads\/2025\/02\/COMIENZO-DE-CLASES.png\" \/>\n\t<meta property=\"og:image:width\" content=\"554\" \/>\n\t<meta property=\"og:image:height\" content=\"341\" \/>\n\t<meta property=\"og:image:type\" content=\"image\/png\" \/>\n<meta name=\"author\" content=\"apuntesdesanluis.com\" \/>\n<meta name=\"twitter:card\" content=\"summary_large_image\" \/>\n<meta name=\"twitter:label1\" content=\"Escrito por\" \/>\n\t<meta name=\"twitter:data1\" content=\"apuntesdesanluis.com\" \/>\n\t<meta name=\"twitter:label2\" content=\"Tiempo de lectura\" \/>\n\t<meta name=\"twitter:data2\" content=\"3 minutos\" \/>\n<script type=\"application\/ld+json\" class=\"yoast-schema-graph\">{\"@context\":\"https:\/\/schema.org\",\"@graph\":[{\"@type\":\"Article\",\"@id\":\"https:\/\/apuntesdesanluis.com\/index.php\/2025\/02\/04\/las-clases-comienzan-el-24-para-nivel-primario-y-el-27-para-nivel-medio\/#article\",\"isPartOf\":{\"@id\":\"https:\/\/apuntesdesanluis.com\/index.php\/2025\/02\/04\/las-clases-comienzan-el-24-para-nivel-primario-y-el-27-para-nivel-medio\/\"},\"author\":{\"name\":\"apuntesdesanluis.com\",\"@id\":\"https:\/\/apuntesdesanluis.com\/#\/schema\/person\/b55151d52296fcce64d1a72538a70b90\"},\"headline\":\"LAS CLASES COMIENZAN EL 24 PARA NIVEL PRIMARIO Y EL 27 PARA NIVEL MEDIO\",\"datePublished\":\"2025-02-04T22:26:21+00:00\",\"mainEntityOfPage\":{\"@id\":\"https:\/\/apuntesdesanluis.com\/index.php\/2025\/02\/04\/las-clases-comienzan-el-24-para-nivel-primario-y-el-27-para-nivel-medio\/\"},\"wordCount\":353,\"publisher\":{\"@id\":\"https:\/\/apuntesdesanluis.com\/#\/schema\/person\/b55151d52296fcce64d1a72538a70b90\"},\"image\":{\"@id\":\"https:\/\/apuntesdesanluis.com\/index.php\/2025\/02\/04\/las-clases-comienzan-el-24-para-nivel-primario-y-el-27-para-nivel-medio\/#primaryimage\"},\"thumbnailUrl\":\"https:\/\/apuntesdesanluis.com\/wp-content\/uploads\/2025\/02\/COMIENZO-DE-CLASES.png\",\"articleSection\":[\"Ciudad\/Provincia\"],\"inLanguage\":\"es-AR\"},{\"@type\":\"WebPage\",\"@id\":\"https:\/\/apuntesdesanluis.com\/index.php\/2025\/02\/04\/las-clases-comienzan-el-24-para-nivel-primario-y-el-27-para-nivel-medio\/\",\"url\":\"https:\/\/apuntesdesanluis.com\/index.php\/2025\/02\/04\/las-clases-comienzan-el-24-para-nivel-primario-y-el-27-para-nivel-medio\/\",\"name\":\"LAS CLASES COMIENZAN EL 24 PARA NIVEL PRIMARIO Y EL 27 PARA NIVEL MEDIO - Apuntes de San Luis\",\"isPartOf\":{\"@id\":\"https:\/\/apuntesdesanluis.com\/#website\"},\"primaryImageOfPage\":{\"@id\":\"https:\/\/apuntesdesanluis.com\/index.php\/2025\/02\/04\/las-clases-comienzan-el-24-para-nivel-primario-y-el-27-para-nivel-medio\/#primaryimage\"},\"image\":{\"@id\":\"https:\/\/apuntesdesanluis.com\/index.php\/2025\/02\/04\/las-clases-comienzan-el-24-para-nivel-primario-y-el-27-para-nivel-medio\/#primaryimage\"},\"thumbnailUrl\":\"https:\/\/apuntesdesanluis.com\/wp-content\/uploads\/2025\/02\/COMIENZO-DE-CLASES.png\",\"datePublished\":\"2025-02-04T22:26:21+00:00\",\"breadcrumb\":{\"@id\":\"https:\/\/apuntesdesanluis.com\/index.php\/2025\/02\/04\/las-clases-comienzan-el-24-para-nivel-primario-y-el-27-para-nivel-medio\/#breadcrumb\"},\"inLanguage\":\"es-AR\",\"potentialAction\":[{\"@type\":\"ReadAction\",\"target\":[\"https:\/\/apuntesdesanluis.com\/index.php\/2025\/02\/04\/las-clases-comienzan-el-24-para-nivel-primario-y-el-27-para-nivel-medio\/\"]}]},{\"@type\":\"ImageObject\",\"inLanguage\":\"es-AR\",\"@id\":\"https:\/\/apuntesdesanluis.com\/index.php\/2025\/02\/04\/las-clases-comienzan-el-24-para-nivel-primario-y-el-27-para-nivel-medio\/#primaryimage\",\"url\":\"https:\/\/apuntesdesanluis.com\/wp-content\/uploads\/2025\/02\/COMIENZO-DE-CLASES.png\",\"contentUrl\":\"https:\/\/apuntesdesanluis.com\/wp-content\/uploads\/2025\/02\/COMIENZO-DE-CLASES.png\",\"width\":554,\"height\":341},{\"@type\":\"BreadcrumbList\",\"@id\":\"https:\/\/apuntesdesanluis.com\/index.php\/2025\/02\/04\/las-clases-comienzan-el-24-para-nivel-primario-y-el-27-para-nivel-medio\/#breadcrumb\",\"itemListElement\":[{\"@type\":\"ListItem\",\"position\":1,\"name\":\"Inicio\",\"item\":\"https:\/\/apuntesdesanluis.com\/\"},{\"@type\":\"ListItem\",\"position\":2,\"name\":\"LAS CLASES COMIENZAN EL 24 PARA NIVEL PRIMARIO Y EL 27 PARA NIVEL MEDIO\"}]},{\"@type\":\"WebSite\",\"@id\":\"https:\/\/apuntesdesanluis.com\/#website\",\"url\":\"https:\/\/apuntesdesanluis.com\/\",\"name\":\"Apuntes de San Luis\",\"description\":\"\",\"publisher\":{\"@id\":\"https:\/\/apuntesdesanluis.com\/#\/schema\/person\/b55151d52296fcce64d1a72538a70b90\"},\"potentialAction\":[{\"@type\":\"SearchAction\",\"target\":{\"@type\":\"EntryPoint\",\"urlTemplate\":\"https:\/\/apuntesdesanluis.com\/?s={search_term_string}\"},\"query-input\":{\"@type\":\"PropertyValueSpecification\",\"valueRequired\":true,\"valueName\":\"search_term_string\"}}],\"inLanguage\":\"es-AR\"},{\"@type\":[\"Person\",\"Organization\"],\"@id\":\"https:\/\/apuntesdesanluis.com\/#\/schema\/person\/b55151d52296fcce64d1a72538a70b90\",\"name\":\"apuntesdesanluis.com\",\"image\":{\"@type\":\"ImageObject\",\"inLanguage\":\"es-AR\",\"@id\":\"https:\/\/apuntesdesanluis.com\/#\/schema\/person\/image\/\",\"url\":\"https:\/\/apuntesdesanluis.com\/wp-content\/uploads\/2023\/07\/cropped-apuntesdesanluis.png\",\"contentUrl\":\"https:\/\/apuntesdesanluis.com\/wp-content\/uploads\/2023\/07\/cropped-apuntesdesanluis.png\",\"width\":450,\"height\":112,\"caption\":\"apuntesdesanluis.com\"},\"logo\":{\"@id\":\"https:\/\/apuntesdesanluis.com\/#\/schema\/person\/image\/\"},\"sameAs\":[\"https:\/\/apuntesdesanluis.com\"],\"url\":\"https:\/\/apuntesdesanluis.com\/index.php\/author\/apuntesdesanluis-com\/\"}]}<\/script>\n<!-- \/ Yoast SEO plugin. -->","yoast_head_json":{"title":"LAS CLASES COMIENZAN EL 24 PARA NIVEL PRIMARIO Y EL 27 PARA NIVEL MEDIO - Apuntes de San Luis","robots":{"index":"index","follow":"follow","max-snippet":"max-snippet:-1","max-image-preview":"max-image-preview:large","max-video-preview":"max-video-preview:-1"},"canonical":"https:\/\/apuntesdesanluis.com\/index.php\/2025\/02\/04\/las-clases-comienzan-el-24-para-nivel-primario-y-el-27-para-nivel-medio\/","og_locale":"es_ES","og_type":"article","og_title":"LAS CLASES COMIENZAN EL 24 PARA NIVEL PRIMARIO Y EL 27 PARA NIVEL MEDIO - Apuntes de San Luis","og_description":"El calendario escolar marca el inicio de un nuevo a\u00f1o educativo en la provincia de...","og_url":"https:\/\/apuntesdesanluis.com\/index.php\/2025\/02\/04\/las-clases-comienzan-el-24-para-nivel-primario-y-el-27-para-nivel-medio\/","og_site_name":"Apuntes de San Luis","article_published_time":"2025-02-04T22:26:21+00:00","og_image":[{"width":554,"height":341,"url":"https:\/\/apuntesdesanluis.com\/wp-content\/uploads\/2025\/02\/COMIENZO-DE-CLASES.png","type":"image\/png"}],"author":"apuntesdesanluis.com","twitter_card":"summary_large_image","twitter_misc":{"Escrito por":"apuntesdesanluis.com","Tiempo de lectura":"3 minutos"},"schema":{"@context":"https:\/\/schema.org","@graph":[{"@type":"Article","@id":"https:\/\/apuntesdesanluis.com\/index.php\/2025\/02\/04\/las-clases-comienzan-el-24-para-nivel-primario-y-el-27-para-nivel-medio\/#article","isPartOf":{"@id":"https:\/\/apuntesdesanluis.com\/index.php\/2025\/02\/04\/las-clases-comienzan-el-24-para-nivel-primario-y-el-27-para-nivel-medio\/"},"author":{"name":"apuntesdesanluis.com","@id":"https:\/\/apuntesdesanluis.com\/#\/schema\/person\/b55151d52296fcce64d1a72538a70b90"},"headline":"LAS CLASES COMIENZAN EL 24 PARA NIVEL PRIMARIO Y EL 27 PARA NIVEL MEDIO","datePublished":"2025-02-04T22:26:21+00:00","mainEntityOfPage":{"@id":"https:\/\/apuntesdesanluis.com\/index.php\/2025\/02\/04\/las-clases-comienzan-el-24-para-nivel-primario-y-el-27-para-nivel-medio\/"},"wordCount":353,"publisher":{"@id":"https:\/\/apuntesdesanluis.com\/#\/schema\/person\/b55151d52296fcce64d1a72538a70b90"},"image":{"@id":"https:\/\/apuntesdesanluis.com\/index.php\/2025\/02\/04\/las-clases-comienzan-el-24-para-nivel-primario-y-el-27-para-nivel-medio\/#primaryimage"},"thumbnailUrl":"https:\/\/apuntesdesanluis.com\/wp-content\/uploads\/2025\/02\/COMIENZO-DE-CLASES.png","articleSection":["Ciudad\/Provincia"],"inLanguage":"es-AR"},{"@type":"WebPage","@id":"https:\/\/apuntesdesanluis.com\/index.php\/2025\/02\/04\/las-clases-comienzan-el-24-para-nivel-primario-y-el-27-para-nivel-medio\/","url":"https:\/\/apuntesdesanluis.com\/index.php\/2025\/02\/04\/las-clases-comienzan-el-24-para-nivel-primario-y-el-27-para-nivel-medio\/","name":"LAS CLASES COMIENZAN EL 24 PARA NIVEL PRIMARIO Y EL 27 PARA NIVEL MEDIO - Apuntes de San Luis","isPartOf":{"@id":"https:\/\/apuntesdesanluis.com\/#website"},"primaryImageOfPage":{"@id":"https:\/\/apuntesdesanluis.com\/index.php\/2025\/02\/04\/las-clases-comienzan-el-24-para-nivel-primario-y-el-27-para-nivel-medio\/#primaryimage"},"image":{"@id":"https:\/\/apuntesdesanluis.com\/index.php\/2025\/02\/04\/las-clases-comienzan-el-24-para-nivel-primario-y-el-27-para-nivel-medio\/#primaryimage"},"thumbnailUrl":"https:\/\/apuntesdesanluis.com\/wp-content\/uploads\/2025\/02\/COMIENZO-DE-CLASES.png","datePublished":"2025-02-04T22:26:21+00:00","breadcrumb":{"@id":"https:\/\/apuntesdesanluis.com\/index.php\/2025\/02\/04\/las-clases-comienzan-el-24-para-nivel-primario-y-el-27-para-nivel-medio\/#breadcrumb"},"inLanguage":"es-AR","potentialAction":[{"@type":"ReadAction","target":["https:\/\/apuntesdesanluis.com\/index.php\/2025\/02\/04\/las-clases-comienzan-el-24-para-nivel-primario-y-el-27-para-nivel-medio\/"]}]},{"@type":"ImageObject","inLanguage":"es-AR","@id":"https:\/\/apuntesdesanluis.com\/index.php\/2025\/02\/04\/las-clases-comienzan-el-24-para-nivel-primario-y-el-27-para-nivel-medio\/#primaryimage","url":"https:\/\/apuntesdesanluis.com\/wp-content\/uploads\/2025\/02\/COMIENZO-DE-CLASES.png","contentUrl":"https:\/\/apuntesdesanluis.com\/wp-content\/uploads\/2025\/02\/COMIENZO-DE-CLASES.png","width":554,"height":341},{"@type":"BreadcrumbList","@id":"https:\/\/apuntesdesanluis.com\/index.php\/2025\/02\/04\/las-clases-comienzan-el-24-para-nivel-primario-y-el-27-para-nivel-medio\/#breadcrumb","itemListElement":[{"@type":"ListItem","position":1,"name":"Inicio","item":"https:\/\/apuntesdesanluis.com\/"},{"@type":"ListItem","position":2,"name":"LAS CLASES COMIENZAN EL 24 PARA NIVEL PRIMARIO Y EL 27 PARA NIVEL MEDIO"}]},{"@type":"WebSite","@id":"https:\/\/apuntesdesanluis.com\/#website","url":"https:\/\/apuntesdesanluis.com\/","name":"Apuntes de San Luis","description":"","publisher":{"@id":"https:\/\/apuntesdesanluis.com\/#\/schema\/person\/b55151d52296fcce64d1a72538a70b90"},"potentialAction":[{"@type":"SearchAction","target":{"@type":"EntryPoint","urlTemplate":"https:\/\/apuntesdesanluis.com\/?s={search_term_string}"},"query-input":{"@type":"PropertyValueSpecification","valueRequired":true,"valueName":"search_term_string"}}],"inLanguage":"es-AR"},{"@type":["Person","Organization"],"@id":"https:\/\/apuntesdesanluis.com\/#\/schema\/person\/b55151d52296fcce64d1a72538a70b90","name":"apuntesdesanluis.com","image":{"@type":"ImageObject","inLanguage":"es-AR","@id":"https:\/\/apuntesdesanluis.com\/#\/schema\/person\/image\/","url":"https:\/\/apuntesdesanluis.com\/wp-content\/uploads\/2023\/07\/cropped-apuntesdesanluis.png","contentUrl":"https:\/\/apuntesdesanluis.com\/wp-content\/uploads\/2023\/07\/cropped-apuntesdesanluis.png","width":450,"height":112,"caption":"apuntesdesanluis.com"},"logo":{"@id":"https:\/\/apuntesdesanluis.com\/#\/schema\/person\/image\/"},"sameAs":["https:\/\/apuntesdesanluis.com"],"url":"https:\/\/apuntesdesanluis.com\/index.php\/author\/apuntesdesanluis-com\/"}]}},"featured_image_urls":{"full":["https:\/\/apuntesdesanluis.com\/wp-content\/uploads\/2025\/02\/COMIENZO-DE-CLASES.png",554,341,false],"thumbnail":["https:\/\/apuntesdesanluis.com\/wp-content\/uploads\/2025\/02\/COMIENZO-DE-CLASES-150x150.png",150,150,true],"medium":["https:\/\/apuntesdesanluis.com\/wp-content\/uploads\/2025\/02\/COMIENZO-DE-CLASES-300x185.png",300,185,true],"medium_large":["https:\/\/apuntesdesanluis.com\/wp-content\/uploads\/2025\/02\/COMIENZO-DE-CLASES.png",554,341,false],"large":["https:\/\/apuntesdesanluis.com\/wp-content\/uploads\/2025\/02\/COMIENZO-DE-CLASES.png",554,341,false],"1536x1536":["https:\/\/apuntesdesanluis.com\/wp-content\/uploads\/2025\/02\/COMIENZO-DE-CLASES.png",554,341,false],"2048x2048":["https:\/\/apuntesdesanluis.com\/wp-content\/uploads\/2025\/02\/COMIENZO-DE-CLASES.png",554,341,false],"newsever-slider-full":["https:\/\/apuntesdesanluis.com\/wp-content\/uploads\/2025\/02\/COMIENZO-DE-CLASES.png",554,341,false],"newsever-featured":["https:\/\/apuntesdesanluis.com\/wp-content\/uploads\/2025\/02\/COMIENZO-DE-CLASES.png",554,341,false],"newsever-medium":["https:\/\/apuntesdesanluis.com\/wp-content\/uploads\/2025\/02\/COMIENZO-DE-CLASES.png",554,341,false]},"author_info":{"display_name":"apuntesdesanluis.com","author_link":"https:\/\/apuntesdesanluis.com\/index.php\/author\/apuntesdesanluis-com\/"},"category_info":"<a href=\"https:\/\/apuntesdesanluis.com\/index.php\/category\/ciudad-provincia\/\" rel=\"category tag\">Ciudad\/Provincia<\/a>","tag_info":"Ciudad\/Provincia","comment_count":"0","_links":{"self":[{"href":"https:\/\/apuntesdesanluis.com\/index.php\/wp-json\/wp\/v2\/posts\/28677","targetHints":{"allow":["GET"]}}],"collection":[{"href":"https:\/\/apuntesdesanluis.com\/index.php\/wp-json\/wp\/v2\/posts"}],"about":[{"href":"https:\/\/apuntesdesanluis.com\/index.php\/wp-json\/wp\/v2\/types\/post"}],"author":[{"embeddable":true,"href":"https:\/\/apuntesdesanluis.com\/index.php\/wp-json\/wp\/v2\/users\/1"}],"replies":[{"embeddable":true,"href":"https:\/\/apuntesdesanluis.com\/index.php\/wp-json\/wp\/v2\/comments?post=28677"}],"version-history":[{"count":1,"href":"https:\/\/apuntesdesanluis.com\/index.php\/wp-json\/wp\/v2\/posts\/28677\/revisions"}],"predecessor-version":[{"id":28681,"href":"https:\/\/apuntesdesanluis.com\/index.php\/wp-json\/wp\/v2\/posts\/28677\/revisions\/28681"}],"wp:featuredmedia":[{"embeddable":true,"href":"https:\/\/apuntesdesanluis.com\/index.php\/wp-json\/wp\/v2\/media\/28680"}],"wp:attachment":[{"href":"https:\/\/apuntesdesanluis.com\/index.php\/wp-json\/wp\/v2\/media?parent=28677"}],"wp:term":[{"taxonomy":"category","embeddable":true,"href":"https:\/\/apuntesdesanluis.com\/index.php\/wp-json\/wp\/v2\/categories?post=28677"},{"taxonomy":"post_tag","embeddable":true,"href":"https:\/\/apuntesdesanluis.com\/index.php\/wp-json\/wp\/v2\/tags?post=28677"}],"curies":[{"name":"wp","href":"https:\/\/api.w.org\/{rel}","templated":true}]}}