{"id":2868,"date":"2023-09-07T01:08:07","date_gmt":"2023-09-07T04:08:07","guid":{"rendered":"https:\/\/apuntesdesanluis.com\/?p=2868"},"modified":"2023-09-07T01:08:07","modified_gmt":"2023-09-07T04:08:07","slug":"unlc-aprobaron-protocolo-de-actuacion-ante-situaciones-de-discriminacion-y-violencias-por-motivos-de-genero","status":"publish","type":"post","link":"https:\/\/apuntesdesanluis.com\/index.php\/2023\/09\/07\/unlc-aprobaron-protocolo-de-actuacion-ante-situaciones-de-discriminacion-y-violencias-por-motivos-de-genero\/","title":{"rendered":"UNLC: APROBARON PROTOCOLO DE ACTUACI\u00d3N ANTE SITUACIONES DE DISCRIMINACI\u00d3N Y VIOLENCIAS POR MOTIVOS DE G\u00c9NERO"},"content":{"rendered":"<h3 class=\"yiv7409174924ydp6329976emsonormal\" style=\"text-align: justify; background: white;\"><span style=\"font-family: 'Arial','sans-serif'; color: #1d2228;\">Con la aprobaci\u00f3n por unanimidad del Consejo Superior de la <strong>Universidad Nacional de Los Comechingones<\/strong>, esta instituci\u00f3n da un paso fundamental en pos de garantizar \u201cuna vida libre de discriminaci\u00f3n y violencia para toda su comunidad\u201d.<\/span><\/h3>\n<h3 class=\"yiv7409174924ydp6329976emsonormal\" style=\"text-align: justify; background: white;\"><span style=\"font-family: 'Arial','sans-serif'; color: #1d2228;\">El proyecto aprobado el 29 de agosto pasado fue elaborado y presentado por el Programa de G\u00e9nero y Diversidad, junto con el equipo que integra en la actualidad el Instituto de Estudios Interdisciplinarios para el Desarrollo Sostenible (de la entonces Secretar\u00eda de Investigaci\u00f3n, Internacionales y Posgrado), y el Grupo de Trabajo Interclaustros en G\u00e9nero y Diversidad de la UNLC (conformado por docentes, no docentes y estudiantes). Cabe destacar que antes de ser tratado por el Consejo Superior, el documento fue presentado en distintos encuentros organizados por claustros: autoridades, docentes, no docentes y estudiantes, propiciando una instancia informativa y de intercambio con la comunidad educativa.<\/span><\/h3>\n<h3 class=\"yiv7409174924ydp6329976emsonormal\" style=\"text-align: justify; background: white;\"><span style=\"font-family: 'Arial','sans-serif'; color: #1d2228;\">El mismo establece la conformaci\u00f3n de un Equipo T\u00e9cnico Interdisciplinario de Orientaci\u00f3n y Acompa\u00f1amiento ante las violencias sexistas (ETI) querecepcionar\u00e1 consultas y\/o denuncias sobre situaciones de discriminaci\u00f3n y violencias por motivos de g\u00e9nero, evaluando la pertinencia de las situaciones planteadas y el abordaje institucional que correspondiere, garantizando un acompa\u00f1amiento y asesoramiento integral a la persona denunciante durante todo el proceso.<\/span><\/h3>\n<h3 class=\"yiv7409174924ydp6329976emsonormal\" style=\"text-align: justify; background: white;\"><span style=\"font-family: 'Arial','sans-serif'; color: #1d2228;\">Con este avance significativo la Universidad Nacional de los Comechingones busca promover y llevar a cabo pol\u00edticas y acciones concretas que aseguren una vida libre de discriminaci\u00f3n y violencia para toda su comunidad, abordando las violencias sexistas de manera integral, mediante acciones que no s\u00f3lo impliquen intervenciones puntuales en casos singulares, sino que favorezcan transformaciones profundas.<\/span><\/h3>\n<h3 class=\"yiv7409174924ydp6329976emsonormal\" style=\"text-align: justify; background: white;\"><strong><span style=\"font-family: 'Arial','sans-serif'; color: #1d2228;\">FIRMA DE CONVENIO CON UNIVERSIDAD DE BRASIL<\/span><\/strong><\/h3>\n<h3 class=\"yiv7409174924ydp6329976emsonormal\" style=\"text-align: justify; background: white;\"><span style=\"font-family: 'Arial','sans-serif'; color: #1d2228;\">Por otro lado, dentro de las acciones de internacionalizaci\u00f3n de la Educaci\u00f3n Superior emprendidas por la entonces Secretar\u00eda de Investigaci\u00f3n, Internacionales y Posgrado, y proseguidas en la actualidad desde el Instituto de Estudios Interdisciplinarios para el Desarrollo Sostenible, la Universidad Nacional de los Comechingones suscribi\u00f3 un acuerdo de cooperaci\u00f3n con la Universidad Estatal de Campinas.<\/span><\/h3>\n<h3 class=\"yiv7409174924ydp6329976emsonormal\" style=\"text-align: justify; background: white;\"><span style=\"font-family: 'Arial','sans-serif'; color: #1d2228;\"> <img fetchpriority=\"high\" decoding=\"async\" class=\"wp-image-2870 aligncenter\" src=\"https:\/\/apuntesdesanluis.com\/wp-content\/uploads\/2023\/09\/univerrsidades-300x132.png\" alt=\"\" width=\"775\" height=\"341\" srcset=\"https:\/\/apuntesdesanluis.com\/wp-content\/uploads\/2023\/09\/univerrsidades-300x132.png 300w, https:\/\/apuntesdesanluis.com\/wp-content\/uploads\/2023\/09\/univerrsidades-768x339.png 768w, https:\/\/apuntesdesanluis.com\/wp-content\/uploads\/2023\/09\/univerrsidades.png 896w\" sizes=\"(max-width: 775px) 100vw, 775px\" \/><\/span><\/h3>\n<h3 class=\"yiv7409174924ydp6329976emsonormal\" style=\"text-align: justify; background: white;\"><span style=\"font-family: 'Arial','sans-serif'; color: #1d2228;\">La UNICAMP, es una de las m\u00e1s grandes e importantes universidades p\u00fablicas de Brasil y de Latinoam\u00e9rica, est\u00e1 ubicada en el estado de S\u00e3o Paulo, donde se radican la mayor cantidad de establecimientos productivos del pa\u00eds y donde se genera el mayor porcentaje del producto bruto interno. Naci\u00f3 en la d\u00e9cada del 60\u2019, al calor del proceso de industrializaci\u00f3n brasilero, y estructur\u00f3 su oferta acad\u00e9mica y de investigaci\u00f3n con las necesidades derivadas del desarrollo tecnol\u00f3gico, econ\u00f3mico y social.<\/span><\/h3>\n<h3 class=\"yiv7409174924ydp6329976emsonormal\" style=\"text-align: justify; background: white;\"><span style=\"font-family: 'Arial','sans-serif'; color: #1d2228;\">La Universidad tiene cerca de 34.000 estudiantes matriculados en 66 cursos de graduaci\u00f3n y 153 programas de posgrado; cuenta con tres campus \u2014Campinas, Piracicaba y Limeira\u2014 y comprende 24 unidades de ense\u00f1anza e investigaci\u00f3n. Posee tambi\u00e9n un vasto complejo de salud (con dos grandes unidades hospitalarias en el campus de Campinas), adem\u00e1s de 23 centros y centros interdisciplinarios, dos colegios t\u00e9cnicos y una serie de unidades de apoyo. Mantiene el liderazgo entre las universidades brasile\u00f1as en cuanto a patentes y n\u00famero de art\u00edculos publicados anualmente per c\u00e1pita en revistas indexadas en la base de datos ISI\/WoS (V\u00e9ase).<\/span><\/h3>\n<h3 class=\"yiv7409174924ydp6329976emsonormal\" style=\"text-align: justify; background: white;\"><span style=\"font-family: 'Arial','sans-serif'; color: #1d2228;\">Es de destacar que, como parte de los esfuerzos por acercar la oferta acad\u00e9mica de ambas instituciones, en 2023 se lanz\u00f3 la traducci\u00f3n de la p\u00e1gina web de la UNLC al idioma ingl\u00e9s y al portugu\u00e9s. <\/span><\/h3>\n<h3 class=\"yiv7409174924ydp6329976emsonormal\" style=\"text-align: justify; background: white;\"><span style=\"font-family: 'Arial','sans-serif'; color: #1d2228;\">La vinculaci\u00f3n de esta Casa de Altos Estudios radicada en Merlo, con una prestigiosa Instituci\u00f3n como la UNICAMP, seguramente traer\u00e1 grandes beneficios a la comunidad universitaria de la regi\u00f3n.<\/span><\/h3>\n","protected":false},"excerpt":{"rendered":"<p>Con la aprobaci\u00f3n por unanimidad del Consejo Superior de la Universidad Nacional de Los Comechingones,&#8230;<\/p>\n","protected":false},"author":1,"featured_media":2869,"comment_status":"closed","ping_status":"closed","sticky":false,"template":"","format":"standard","meta":{"footnotes":""},"categories":[6],"tags":[],"class_list":["post-2868","post","type-post","status-publish","format-standard","has-post-thumbnail","hentry","category-ciudad-provincia"],"yoast_head":"<!-- This site is optimized with the Yoast SEO plugin v26.1.1 - https:\/\/yoast.com\/wordpress\/plugins\/seo\/ -->\n<title>UNLC: APROBARON PROTOCOLO DE ACTUACI\u00d3N ANTE SITUACIONES DE DISCRIMINACI\u00d3N Y VIOLENCIAS POR MOTIVOS DE G\u00c9NERO - Apuntes de San Luis<\/title>\n<meta name=\"robots\" content=\"index, follow, max-snippet:-1, max-image-preview:large, max-video-preview:-1\" \/>\n<link rel=\"canonical\" href=\"https:\/\/apuntesdesanluis.com\/index.php\/2023\/09\/07\/unlc-aprobaron-protocolo-de-actuacion-ante-situaciones-de-discriminacion-y-violencias-por-motivos-de-genero\/\" \/>\n<meta property=\"og:locale\" content=\"es_ES\" \/>\n<meta property=\"og:type\" content=\"article\" \/>\n<meta property=\"og:title\" content=\"UNLC: APROBARON PROTOCOLO DE ACTUACI\u00d3N ANTE SITUACIONES DE DISCRIMINACI\u00d3N Y VIOLENCIAS POR MOTIVOS DE G\u00c9NERO - Apuntes de San Luis\" \/>\n<meta property=\"og:description\" content=\"Con la aprobaci\u00f3n por unanimidad del Consejo Superior de la Universidad Nacional de Los Comechingones,...\" \/>\n<meta property=\"og:url\" content=\"https:\/\/apuntesdesanluis.com\/index.php\/2023\/09\/07\/unlc-aprobaron-protocolo-de-actuacion-ante-situaciones-de-discriminacion-y-violencias-por-motivos-de-genero\/\" \/>\n<meta property=\"og:site_name\" content=\"Apuntes de San Luis\" \/>\n<meta property=\"article:published_time\" content=\"2023-09-07T04:08:07+00:00\" \/>\n<meta property=\"og:image\" content=\"https:\/\/apuntesdesanluis.com\/wp-content\/uploads\/2023\/09\/protocolo.png\" \/>\n\t<meta property=\"og:image:width\" content=\"1008\" \/>\n\t<meta property=\"og:image:height\" content=\"621\" \/>\n\t<meta property=\"og:image:type\" content=\"image\/png\" \/>\n<meta name=\"author\" content=\"apuntesdesanluis.com\" \/>\n<meta name=\"twitter:card\" content=\"summary_large_image\" \/>\n<meta name=\"twitter:label1\" content=\"Escrito por\" \/>\n\t<meta name=\"twitter:data1\" content=\"apuntesdesanluis.com\" \/>\n\t<meta name=\"twitter:label2\" content=\"Tiempo de lectura\" \/>\n\t<meta name=\"twitter:data2\" content=\"3 minutos\" \/>\n<script type=\"application\/ld+json\" class=\"yoast-schema-graph\">{\"@context\":\"https:\/\/schema.org\",\"@graph\":[{\"@type\":\"Article\",\"@id\":\"https:\/\/apuntesdesanluis.com\/index.php\/2023\/09\/07\/unlc-aprobaron-protocolo-de-actuacion-ante-situaciones-de-discriminacion-y-violencias-por-motivos-de-genero\/#article\",\"isPartOf\":{\"@id\":\"https:\/\/apuntesdesanluis.com\/index.php\/2023\/09\/07\/unlc-aprobaron-protocolo-de-actuacion-ante-situaciones-de-discriminacion-y-violencias-por-motivos-de-genero\/\"},\"author\":{\"name\":\"apuntesdesanluis.com\",\"@id\":\"https:\/\/apuntesdesanluis.com\/#\/schema\/person\/b55151d52296fcce64d1a72538a70b90\"},\"headline\":\"UNLC: APROBARON PROTOCOLO DE ACTUACI\u00d3N ANTE SITUACIONES DE DISCRIMINACI\u00d3N Y VIOLENCIAS POR MOTIVOS DE G\u00c9NERO\",\"datePublished\":\"2023-09-07T04:08:07+00:00\",\"mainEntityOfPage\":{\"@id\":\"https:\/\/apuntesdesanluis.com\/index.php\/2023\/09\/07\/unlc-aprobaron-protocolo-de-actuacion-ante-situaciones-de-discriminacion-y-violencias-por-motivos-de-genero\/\"},\"wordCount\":622,\"publisher\":{\"@id\":\"https:\/\/apuntesdesanluis.com\/#\/schema\/person\/b55151d52296fcce64d1a72538a70b90\"},\"image\":{\"@id\":\"https:\/\/apuntesdesanluis.com\/index.php\/2023\/09\/07\/unlc-aprobaron-protocolo-de-actuacion-ante-situaciones-de-discriminacion-y-violencias-por-motivos-de-genero\/#primaryimage\"},\"thumbnailUrl\":\"https:\/\/apuntesdesanluis.com\/wp-content\/uploads\/2023\/09\/protocolo.png\",\"articleSection\":[\"Ciudad\/Provincia\"],\"inLanguage\":\"es-AR\"},{\"@type\":\"WebPage\",\"@id\":\"https:\/\/apuntesdesanluis.com\/index.php\/2023\/09\/07\/unlc-aprobaron-protocolo-de-actuacion-ante-situaciones-de-discriminacion-y-violencias-por-motivos-de-genero\/\",\"url\":\"https:\/\/apuntesdesanluis.com\/index.php\/2023\/09\/07\/unlc-aprobaron-protocolo-de-actuacion-ante-situaciones-de-discriminacion-y-violencias-por-motivos-de-genero\/\",\"name\":\"UNLC: APROBARON PROTOCOLO DE ACTUACI\u00d3N ANTE SITUACIONES DE DISCRIMINACI\u00d3N Y VIOLENCIAS POR MOTIVOS DE G\u00c9NERO - Apuntes de San Luis\",\"isPartOf\":{\"@id\":\"https:\/\/apuntesdesanluis.com\/#website\"},\"primaryImageOfPage\":{\"@id\":\"https:\/\/apuntesdesanluis.com\/index.php\/2023\/09\/07\/unlc-aprobaron-protocolo-de-actuacion-ante-situaciones-de-discriminacion-y-violencias-por-motivos-de-genero\/#primaryimage\"},\"image\":{\"@id\":\"https:\/\/apuntesdesanluis.com\/index.php\/2023\/09\/07\/unlc-aprobaron-protocolo-de-actuacion-ante-situaciones-de-discriminacion-y-violencias-por-motivos-de-genero\/#primaryimage\"},\"thumbnailUrl\":\"https:\/\/apuntesdesanluis.com\/wp-content\/uploads\/2023\/09\/protocolo.png\",\"datePublished\":\"2023-09-07T04:08:07+00:00\",\"breadcrumb\":{\"@id\":\"https:\/\/apuntesdesanluis.com\/index.php\/2023\/09\/07\/unlc-aprobaron-protocolo-de-actuacion-ante-situaciones-de-discriminacion-y-violencias-por-motivos-de-genero\/#breadcrumb\"},\"inLanguage\":\"es-AR\",\"potentialAction\":[{\"@type\":\"ReadAction\",\"target\":[\"https:\/\/apuntesdesanluis.com\/index.php\/2023\/09\/07\/unlc-aprobaron-protocolo-de-actuacion-ante-situaciones-de-discriminacion-y-violencias-por-motivos-de-genero\/\"]}]},{\"@type\":\"ImageObject\",\"inLanguage\":\"es-AR\",\"@id\":\"https:\/\/apuntesdesanluis.com\/index.php\/2023\/09\/07\/unlc-aprobaron-protocolo-de-actuacion-ante-situaciones-de-discriminacion-y-violencias-por-motivos-de-genero\/#primaryimage\",\"url\":\"https:\/\/apuntesdesanluis.com\/wp-content\/uploads\/2023\/09\/protocolo.png\",\"contentUrl\":\"https:\/\/apuntesdesanluis.com\/wp-content\/uploads\/2023\/09\/protocolo.png\",\"width\":1008,\"height\":621},{\"@type\":\"BreadcrumbList\",\"@id\":\"https:\/\/apuntesdesanluis.com\/index.php\/2023\/09\/07\/unlc-aprobaron-protocolo-de-actuacion-ante-situaciones-de-discriminacion-y-violencias-por-motivos-de-genero\/#breadcrumb\",\"itemListElement\":[{\"@type\":\"ListItem\",\"position\":1,\"name\":\"Inicio\",\"item\":\"https:\/\/apuntesdesanluis.com\/\"},{\"@type\":\"ListItem\",\"position\":2,\"name\":\"UNLC: APROBARON PROTOCOLO DE ACTUACI\u00d3N ANTE SITUACIONES DE DISCRIMINACI\u00d3N Y VIOLENCIAS POR MOTIVOS DE G\u00c9NERO\"}]},{\"@type\":\"WebSite\",\"@id\":\"https:\/\/apuntesdesanluis.com\/#website\",\"url\":\"https:\/\/apuntesdesanluis.com\/\",\"name\":\"Apuntes de San Luis\",\"description\":\"\",\"publisher\":{\"@id\":\"https:\/\/apuntesdesanluis.com\/#\/schema\/person\/b55151d52296fcce64d1a72538a70b90\"},\"potentialAction\":[{\"@type\":\"SearchAction\",\"target\":{\"@type\":\"EntryPoint\",\"urlTemplate\":\"https:\/\/apuntesdesanluis.com\/?s={search_term_string}\"},\"query-input\":{\"@type\":\"PropertyValueSpecification\",\"valueRequired\":true,\"valueName\":\"search_term_string\"}}],\"inLanguage\":\"es-AR\"},{\"@type\":[\"Person\",\"Organization\"],\"@id\":\"https:\/\/apuntesdesanluis.com\/#\/schema\/person\/b55151d52296fcce64d1a72538a70b90\",\"name\":\"apuntesdesanluis.com\",\"image\":{\"@type\":\"ImageObject\",\"inLanguage\":\"es-AR\",\"@id\":\"https:\/\/apuntesdesanluis.com\/#\/schema\/person\/image\/\",\"url\":\"https:\/\/apuntesdesanluis.com\/wp-content\/uploads\/2023\/07\/cropped-apuntesdesanluis.png\",\"contentUrl\":\"https:\/\/apuntesdesanluis.com\/wp-content\/uploads\/2023\/07\/cropped-apuntesdesanluis.png\",\"width\":450,\"height\":112,\"caption\":\"apuntesdesanluis.com\"},\"logo\":{\"@id\":\"https:\/\/apuntesdesanluis.com\/#\/schema\/person\/image\/\"},\"sameAs\":[\"https:\/\/apuntesdesanluis.com\"],\"url\":\"https:\/\/apuntesdesanluis.com\/index.php\/author\/apuntesdesanluis-com\/\"}]}<\/script>\n<!-- \/ Yoast SEO plugin. -->","yoast_head_json":{"title":"UNLC: APROBARON PROTOCOLO DE ACTUACI\u00d3N ANTE SITUACIONES DE DISCRIMINACI\u00d3N Y VIOLENCIAS POR MOTIVOS DE G\u00c9NERO - Apuntes de San Luis","robots":{"index":"index","follow":"follow","max-snippet":"max-snippet:-1","max-image-preview":"max-image-preview:large","max-video-preview":"max-video-preview:-1"},"canonical":"https:\/\/apuntesdesanluis.com\/index.php\/2023\/09\/07\/unlc-aprobaron-protocolo-de-actuacion-ante-situaciones-de-discriminacion-y-violencias-por-motivos-de-genero\/","og_locale":"es_ES","og_type":"article","og_title":"UNLC: APROBARON PROTOCOLO DE ACTUACI\u00d3N ANTE SITUACIONES DE DISCRIMINACI\u00d3N Y VIOLENCIAS POR MOTIVOS DE G\u00c9NERO - Apuntes de San Luis","og_description":"Con la aprobaci\u00f3n por unanimidad del Consejo Superior de la Universidad Nacional de Los Comechingones,...","og_url":"https:\/\/apuntesdesanluis.com\/index.php\/2023\/09\/07\/unlc-aprobaron-protocolo-de-actuacion-ante-situaciones-de-discriminacion-y-violencias-por-motivos-de-genero\/","og_site_name":"Apuntes de San Luis","article_published_time":"2023-09-07T04:08:07+00:00","og_image":[{"width":1008,"height":621,"url":"https:\/\/apuntesdesanluis.com\/wp-content\/uploads\/2023\/09\/protocolo.png","type":"image\/png"}],"author":"apuntesdesanluis.com","twitter_card":"summary_large_image","twitter_misc":{"Escrito por":"apuntesdesanluis.com","Tiempo de lectura":"3 minutos"},"schema":{"@context":"https:\/\/schema.org","@graph":[{"@type":"Article","@id":"https:\/\/apuntesdesanluis.com\/index.php\/2023\/09\/07\/unlc-aprobaron-protocolo-de-actuacion-ante-situaciones-de-discriminacion-y-violencias-por-motivos-de-genero\/#article","isPartOf":{"@id":"https:\/\/apuntesdesanluis.com\/index.php\/2023\/09\/07\/unlc-aprobaron-protocolo-de-actuacion-ante-situaciones-de-discriminacion-y-violencias-por-motivos-de-genero\/"},"author":{"name":"apuntesdesanluis.com","@id":"https:\/\/apuntesdesanluis.com\/#\/schema\/person\/b55151d52296fcce64d1a72538a70b90"},"headline":"UNLC: APROBARON PROTOCOLO DE ACTUACI\u00d3N ANTE SITUACIONES DE DISCRIMINACI\u00d3N Y VIOLENCIAS POR MOTIVOS DE G\u00c9NERO","datePublished":"2023-09-07T04:08:07+00:00","mainEntityOfPage":{"@id":"https:\/\/apuntesdesanluis.com\/index.php\/2023\/09\/07\/unlc-aprobaron-protocolo-de-actuacion-ante-situaciones-de-discriminacion-y-violencias-por-motivos-de-genero\/"},"wordCount":622,"publisher":{"@id":"https:\/\/apuntesdesanluis.com\/#\/schema\/person\/b55151d52296fcce64d1a72538a70b90"},"image":{"@id":"https:\/\/apuntesdesanluis.com\/index.php\/2023\/09\/07\/unlc-aprobaron-protocolo-de-actuacion-ante-situaciones-de-discriminacion-y-violencias-por-motivos-de-genero\/#primaryimage"},"thumbnailUrl":"https:\/\/apuntesdesanluis.com\/wp-content\/uploads\/2023\/09\/protocolo.png","articleSection":["Ciudad\/Provincia"],"inLanguage":"es-AR"},{"@type":"WebPage","@id":"https:\/\/apuntesdesanluis.com\/index.php\/2023\/09\/07\/unlc-aprobaron-protocolo-de-actuacion-ante-situaciones-de-discriminacion-y-violencias-por-motivos-de-genero\/","url":"https:\/\/apuntesdesanluis.com\/index.php\/2023\/09\/07\/unlc-aprobaron-protocolo-de-actuacion-ante-situaciones-de-discriminacion-y-violencias-por-motivos-de-genero\/","name":"UNLC: APROBARON PROTOCOLO DE ACTUACI\u00d3N ANTE SITUACIONES DE DISCRIMINACI\u00d3N Y VIOLENCIAS POR MOTIVOS DE G\u00c9NERO - Apuntes de San Luis","isPartOf":{"@id":"https:\/\/apuntesdesanluis.com\/#website"},"primaryImageOfPage":{"@id":"https:\/\/apuntesdesanluis.com\/index.php\/2023\/09\/07\/unlc-aprobaron-protocolo-de-actuacion-ante-situaciones-de-discriminacion-y-violencias-por-motivos-de-genero\/#primaryimage"},"image":{"@id":"https:\/\/apuntesdesanluis.com\/index.php\/2023\/09\/07\/unlc-aprobaron-protocolo-de-actuacion-ante-situaciones-de-discriminacion-y-violencias-por-motivos-de-genero\/#primaryimage"},"thumbnailUrl":"https:\/\/apuntesdesanluis.com\/wp-content\/uploads\/2023\/09\/protocolo.png","datePublished":"2023-09-07T04:08:07+00:00","breadcrumb":{"@id":"https:\/\/apuntesdesanluis.com\/index.php\/2023\/09\/07\/unlc-aprobaron-protocolo-de-actuacion-ante-situaciones-de-discriminacion-y-violencias-por-motivos-de-genero\/#breadcrumb"},"inLanguage":"es-AR","potentialAction":[{"@type":"ReadAction","target":["https:\/\/apuntesdesanluis.com\/index.php\/2023\/09\/07\/unlc-aprobaron-protocolo-de-actuacion-ante-situaciones-de-discriminacion-y-violencias-por-motivos-de-genero\/"]}]},{"@type":"ImageObject","inLanguage":"es-AR","@id":"https:\/\/apuntesdesanluis.com\/index.php\/2023\/09\/07\/unlc-aprobaron-protocolo-de-actuacion-ante-situaciones-de-discriminacion-y-violencias-por-motivos-de-genero\/#primaryimage","url":"https:\/\/apuntesdesanluis.com\/wp-content\/uploads\/2023\/09\/protocolo.png","contentUrl":"https:\/\/apuntesdesanluis.com\/wp-content\/uploads\/2023\/09\/protocolo.png","width":1008,"height":621},{"@type":"BreadcrumbList","@id":"https:\/\/apuntesdesanluis.com\/index.php\/2023\/09\/07\/unlc-aprobaron-protocolo-de-actuacion-ante-situaciones-de-discriminacion-y-violencias-por-motivos-de-genero\/#breadcrumb","itemListElement":[{"@type":"ListItem","position":1,"name":"Inicio","item":"https:\/\/apuntesdesanluis.com\/"},{"@type":"ListItem","position":2,"name":"UNLC: APROBARON PROTOCOLO DE ACTUACI\u00d3N ANTE SITUACIONES DE DISCRIMINACI\u00d3N Y VIOLENCIAS POR MOTIVOS DE G\u00c9NERO"}]},{"@type":"WebSite","@id":"https:\/\/apuntesdesanluis.com\/#website","url":"https:\/\/apuntesdesanluis.com\/","name":"Apuntes de San Luis","description":"","publisher":{"@id":"https:\/\/apuntesdesanluis.com\/#\/schema\/person\/b55151d52296fcce64d1a72538a70b90"},"potentialAction":[{"@type":"SearchAction","target":{"@type":"EntryPoint","urlTemplate":"https:\/\/apuntesdesanluis.com\/?s={search_term_string}"},"query-input":{"@type":"PropertyValueSpecification","valueRequired":true,"valueName":"search_term_string"}}],"inLanguage":"es-AR"},{"@type":["Person","Organization"],"@id":"https:\/\/apuntesdesanluis.com\/#\/schema\/person\/b55151d52296fcce64d1a72538a70b90","name":"apuntesdesanluis.com","image":{"@type":"ImageObject","inLanguage":"es-AR","@id":"https:\/\/apuntesdesanluis.com\/#\/schema\/person\/image\/","url":"https:\/\/apuntesdesanluis.com\/wp-content\/uploads\/2023\/07\/cropped-apuntesdesanluis.png","contentUrl":"https:\/\/apuntesdesanluis.com\/wp-content\/uploads\/2023\/07\/cropped-apuntesdesanluis.png","width":450,"height":112,"caption":"apuntesdesanluis.com"},"logo":{"@id":"https:\/\/apuntesdesanluis.com\/#\/schema\/person\/image\/"},"sameAs":["https:\/\/apuntesdesanluis.com"],"url":"https:\/\/apuntesdesanluis.com\/index.php\/author\/apuntesdesanluis-com\/"}]}},"featured_image_urls":{"full":["https:\/\/apuntesdesanluis.com\/wp-content\/uploads\/2023\/09\/protocolo.png",1008,621,false],"thumbnail":["https:\/\/apuntesdesanluis.com\/wp-content\/uploads\/2023\/09\/protocolo-150x150.png",150,150,true],"medium":["https:\/\/apuntesdesanluis.com\/wp-content\/uploads\/2023\/09\/protocolo-300x185.png",300,185,true],"medium_large":["https:\/\/apuntesdesanluis.com\/wp-content\/uploads\/2023\/09\/protocolo-768x473.png",640,394,true],"large":["https:\/\/apuntesdesanluis.com\/wp-content\/uploads\/2023\/09\/protocolo.png",640,394,false],"1536x1536":["https:\/\/apuntesdesanluis.com\/wp-content\/uploads\/2023\/09\/protocolo.png",1008,621,false],"2048x2048":["https:\/\/apuntesdesanluis.com\/wp-content\/uploads\/2023\/09\/protocolo.png",1008,621,false],"newsever-slider-full":["https:\/\/apuntesdesanluis.com\/wp-content\/uploads\/2023\/09\/protocolo.png",1008,621,false],"newsever-featured":["https:\/\/apuntesdesanluis.com\/wp-content\/uploads\/2023\/09\/protocolo.png",1008,621,false],"newsever-medium":["https:\/\/apuntesdesanluis.com\/wp-content\/uploads\/2023\/09\/protocolo-720x475.png",720,475,true]},"author_info":{"display_name":"apuntesdesanluis.com","author_link":"https:\/\/apuntesdesanluis.com\/index.php\/author\/apuntesdesanluis-com\/"},"category_info":"<a href=\"https:\/\/apuntesdesanluis.com\/index.php\/category\/ciudad-provincia\/\" rel=\"category tag\">Ciudad\/Provincia<\/a>","tag_info":"Ciudad\/Provincia","comment_count":"0","_links":{"self":[{"href":"https:\/\/apuntesdesanluis.com\/index.php\/wp-json\/wp\/v2\/posts\/2868","targetHints":{"allow":["GET"]}}],"collection":[{"href":"https:\/\/apuntesdesanluis.com\/index.php\/wp-json\/wp\/v2\/posts"}],"about":[{"href":"https:\/\/apuntesdesanluis.com\/index.php\/wp-json\/wp\/v2\/types\/post"}],"author":[{"embeddable":true,"href":"https:\/\/apuntesdesanluis.com\/index.php\/wp-json\/wp\/v2\/users\/1"}],"replies":[{"embeddable":true,"href":"https:\/\/apuntesdesanluis.com\/index.php\/wp-json\/wp\/v2\/comments?post=2868"}],"version-history":[{"count":1,"href":"https:\/\/apuntesdesanluis.com\/index.php\/wp-json\/wp\/v2\/posts\/2868\/revisions"}],"predecessor-version":[{"id":2871,"href":"https:\/\/apuntesdesanluis.com\/index.php\/wp-json\/wp\/v2\/posts\/2868\/revisions\/2871"}],"wp:featuredmedia":[{"embeddable":true,"href":"https:\/\/apuntesdesanluis.com\/index.php\/wp-json\/wp\/v2\/media\/2869"}],"wp:attachment":[{"href":"https:\/\/apuntesdesanluis.com\/index.php\/wp-json\/wp\/v2\/media?parent=2868"}],"wp:term":[{"taxonomy":"category","embeddable":true,"href":"https:\/\/apuntesdesanluis.com\/index.php\/wp-json\/wp\/v2\/categories?post=2868"},{"taxonomy":"post_tag","embeddable":true,"href":"https:\/\/apuntesdesanluis.com\/index.php\/wp-json\/wp\/v2\/tags?post=2868"}],"curies":[{"name":"wp","href":"https:\/\/api.w.org\/{rel}","templated":true}]}}