{"id":28682,"date":"2025-02-04T19:33:51","date_gmt":"2025-02-04T22:33:51","guid":{"rendered":"https:\/\/apuntesdesanluis.com\/?p=28682"},"modified":"2025-02-04T19:33:51","modified_gmt":"2025-02-04T22:33:51","slug":"padron-provisorio-de-electores-para-las-elecciones-del-11-de-mayo","status":"publish","type":"post","link":"https:\/\/apuntesdesanluis.com\/index.php\/2025\/02\/04\/padron-provisorio-de-electores-para-las-elecciones-del-11-de-mayo\/","title":{"rendered":"PADR\u00d3N PROVISORIO DE ELECTORES PARA LAS ELECCIONES DEL 11 DE MAYO"},"content":{"rendered":"<h3>La <strong>Secretar\u00eda Electoral Provincial<\/strong> comunic\u00f3 que ya se encuentra disponible el <strong>Padr\u00f3n Provisorio de Electores<\/strong> para ser consultado por la ciudadan\u00eda de San Luis, seg\u00fan Cronograma Electoral fijado para las elecciones provinciales a desarrollarse el 11 de mayo de este a\u00f1o.<\/h3>\n<h3>Dicho acceso para consulta <strong>estar\u00e1 habilitado por quince d\u00edas corridos, hasta el mi\u00e9rcoles 19 de febrero<\/strong> del corriente a\u00f1o (Art. 27 C\u00f3digo Electoral Nacional).<\/h3>\n<h3>Para acceder al Padr\u00f3n Provisorio de Electores, ingresar en:<\/h3>\n<h3><a href=\"https:\/\/padronprovisorio.justiciasanluis.gov.ar\/\">https:\/\/padronprovisorio.justiciasanluis.gov.ar\/<\/a><\/h3>\n<h3>La referida publicaci\u00f3n se efect\u00faa en cumplimiento al Art. 26 del C\u00f3digo Electoral Nacional que establece: \u201cDifusi\u00f3n de padrones provisionales. La C\u00e1mara Nacional Electoral dispondr\u00e1 la publicaci\u00f3n de los padrones provisionales y de residentes en el exterior diez (10) d\u00edas despu\u00e9s de la fecha de cierre del registro para cada elecci\u00f3n, en su sitio web y\/o por otros medios que considere convenientes, con las previsiones legales de privacidad correspondientes, para ser susceptible de correcciones por parte de los electores inscritos en \u00e9l. Se deber\u00e1 dar a publicidad la forma para realizar eventuales denuncias y reclamos, as\u00ed como tambi\u00e9n las consultas al padr\u00f3n provisional.\u201d<\/h3>\n<h3>Los ciudadanos\/as que requieran realizar alg\u00fan reclamo sobre sus datos consignados en el referido padr\u00f3n, podr\u00e1n hacerlo ante la Secretar\u00eda Electoral Provincial ubicada en calle San Mart\u00edn 329, ciudad de San Luis (frente a Plaza Independencia), en el horario de 8:00 a 14:00hs. Si bien, dichos reclamos deben hacerse ante la Justicia Electoral Nacional, la Secretar\u00eda Electoral Provincial los recepcionar\u00e1 y, luego, los comunicar\u00e1 a la Secretar\u00eda Electoral Nacional.<\/h3>\n<h3><\/h3>\n<h3><\/h3>\n","protected":false},"excerpt":{"rendered":"<p>La Secretar\u00eda Electoral Provincial comunic\u00f3 que ya se encuentra disponible el Padr\u00f3n Provisorio de Electores&#8230;<\/p>\n","protected":false},"author":1,"featured_media":28683,"comment_status":"closed","ping_status":"closed","sticky":false,"template":"","format":"standard","meta":{"footnotes":""},"categories":[6],"tags":[],"class_list":["post-28682","post","type-post","status-publish","format-standard","has-post-thumbnail","hentry","category-ciudad-provincia"],"yoast_head":"<!-- This site is optimized with the Yoast SEO plugin v26.1.1 - https:\/\/yoast.com\/wordpress\/plugins\/seo\/ -->\n<title>PADR\u00d3N PROVISORIO DE ELECTORES PARA LAS ELECCIONES DEL 11 DE MAYO - Apuntes de San Luis<\/title>\n<meta name=\"robots\" content=\"index, follow, max-snippet:-1, max-image-preview:large, max-video-preview:-1\" \/>\n<link rel=\"canonical\" href=\"https:\/\/apuntesdesanluis.com\/index.php\/2025\/02\/04\/padron-provisorio-de-electores-para-las-elecciones-del-11-de-mayo\/\" \/>\n<meta property=\"og:locale\" content=\"es_ES\" \/>\n<meta property=\"og:type\" content=\"article\" \/>\n<meta property=\"og:title\" content=\"PADR\u00d3N PROVISORIO DE ELECTORES PARA LAS ELECCIONES DEL 11 DE MAYO - Apuntes de San Luis\" \/>\n<meta property=\"og:description\" content=\"La Secretar\u00eda Electoral Provincial comunic\u00f3 que ya se encuentra disponible el Padr\u00f3n Provisorio de Electores...\" \/>\n<meta property=\"og:url\" content=\"https:\/\/apuntesdesanluis.com\/index.php\/2025\/02\/04\/padron-provisorio-de-electores-para-las-elecciones-del-11-de-mayo\/\" \/>\n<meta property=\"og:site_name\" content=\"Apuntes de San Luis\" \/>\n<meta property=\"article:published_time\" content=\"2025-02-04T22:33:51+00:00\" \/>\n<meta property=\"og:image\" content=\"https:\/\/apuntesdesanluis.com\/wp-content\/uploads\/2025\/02\/PADRON.png\" \/>\n\t<meta property=\"og:image:width\" content=\"552\" \/>\n\t<meta property=\"og:image:height\" content=\"313\" \/>\n\t<meta property=\"og:image:type\" content=\"image\/png\" \/>\n<meta name=\"author\" content=\"apuntesdesanluis.com\" \/>\n<meta name=\"twitter:card\" content=\"summary_large_image\" \/>\n<meta name=\"twitter:label1\" content=\"Escrito por\" \/>\n\t<meta name=\"twitter:data1\" content=\"apuntesdesanluis.com\" \/>\n\t<meta name=\"twitter:label2\" content=\"Tiempo de lectura\" \/>\n\t<meta name=\"twitter:data2\" content=\"2 minutos\" \/>\n<script type=\"application\/ld+json\" class=\"yoast-schema-graph\">{\"@context\":\"https:\/\/schema.org\",\"@graph\":[{\"@type\":\"Article\",\"@id\":\"https:\/\/apuntesdesanluis.com\/index.php\/2025\/02\/04\/padron-provisorio-de-electores-para-las-elecciones-del-11-de-mayo\/#article\",\"isPartOf\":{\"@id\":\"https:\/\/apuntesdesanluis.com\/index.php\/2025\/02\/04\/padron-provisorio-de-electores-para-las-elecciones-del-11-de-mayo\/\"},\"author\":{\"name\":\"apuntesdesanluis.com\",\"@id\":\"https:\/\/apuntesdesanluis.com\/#\/schema\/person\/b55151d52296fcce64d1a72538a70b90\"},\"headline\":\"PADR\u00d3N PROVISORIO DE ELECTORES PARA LAS ELECCIONES DEL 11 DE MAYO\",\"datePublished\":\"2025-02-04T22:33:51+00:00\",\"mainEntityOfPage\":{\"@id\":\"https:\/\/apuntesdesanluis.com\/index.php\/2025\/02\/04\/padron-provisorio-de-electores-para-las-elecciones-del-11-de-mayo\/\"},\"wordCount\":285,\"publisher\":{\"@id\":\"https:\/\/apuntesdesanluis.com\/#\/schema\/person\/b55151d52296fcce64d1a72538a70b90\"},\"image\":{\"@id\":\"https:\/\/apuntesdesanluis.com\/index.php\/2025\/02\/04\/padron-provisorio-de-electores-para-las-elecciones-del-11-de-mayo\/#primaryimage\"},\"thumbnailUrl\":\"https:\/\/apuntesdesanluis.com\/wp-content\/uploads\/2025\/02\/PADRON.png\",\"articleSection\":[\"Ciudad\/Provincia\"],\"inLanguage\":\"es-AR\"},{\"@type\":\"WebPage\",\"@id\":\"https:\/\/apuntesdesanluis.com\/index.php\/2025\/02\/04\/padron-provisorio-de-electores-para-las-elecciones-del-11-de-mayo\/\",\"url\":\"https:\/\/apuntesdesanluis.com\/index.php\/2025\/02\/04\/padron-provisorio-de-electores-para-las-elecciones-del-11-de-mayo\/\",\"name\":\"PADR\u00d3N PROVISORIO DE ELECTORES PARA LAS ELECCIONES DEL 11 DE MAYO - Apuntes de San Luis\",\"isPartOf\":{\"@id\":\"https:\/\/apuntesdesanluis.com\/#website\"},\"primaryImageOfPage\":{\"@id\":\"https:\/\/apuntesdesanluis.com\/index.php\/2025\/02\/04\/padron-provisorio-de-electores-para-las-elecciones-del-11-de-mayo\/#primaryimage\"},\"image\":{\"@id\":\"https:\/\/apuntesdesanluis.com\/index.php\/2025\/02\/04\/padron-provisorio-de-electores-para-las-elecciones-del-11-de-mayo\/#primaryimage\"},\"thumbnailUrl\":\"https:\/\/apuntesdesanluis.com\/wp-content\/uploads\/2025\/02\/PADRON.png\",\"datePublished\":\"2025-02-04T22:33:51+00:00\",\"breadcrumb\":{\"@id\":\"https:\/\/apuntesdesanluis.com\/index.php\/2025\/02\/04\/padron-provisorio-de-electores-para-las-elecciones-del-11-de-mayo\/#breadcrumb\"},\"inLanguage\":\"es-AR\",\"potentialAction\":[{\"@type\":\"ReadAction\",\"target\":[\"https:\/\/apuntesdesanluis.com\/index.php\/2025\/02\/04\/padron-provisorio-de-electores-para-las-elecciones-del-11-de-mayo\/\"]}]},{\"@type\":\"ImageObject\",\"inLanguage\":\"es-AR\",\"@id\":\"https:\/\/apuntesdesanluis.com\/index.php\/2025\/02\/04\/padron-provisorio-de-electores-para-las-elecciones-del-11-de-mayo\/#primaryimage\",\"url\":\"https:\/\/apuntesdesanluis.com\/wp-content\/uploads\/2025\/02\/PADRON.png\",\"contentUrl\":\"https:\/\/apuntesdesanluis.com\/wp-content\/uploads\/2025\/02\/PADRON.png\",\"width\":552,\"height\":313},{\"@type\":\"BreadcrumbList\",\"@id\":\"https:\/\/apuntesdesanluis.com\/index.php\/2025\/02\/04\/padron-provisorio-de-electores-para-las-elecciones-del-11-de-mayo\/#breadcrumb\",\"itemListElement\":[{\"@type\":\"ListItem\",\"position\":1,\"name\":\"Inicio\",\"item\":\"https:\/\/apuntesdesanluis.com\/\"},{\"@type\":\"ListItem\",\"position\":2,\"name\":\"PADR\u00d3N PROVISORIO DE ELECTORES PARA LAS ELECCIONES DEL 11 DE MAYO\"}]},{\"@type\":\"WebSite\",\"@id\":\"https:\/\/apuntesdesanluis.com\/#website\",\"url\":\"https:\/\/apuntesdesanluis.com\/\",\"name\":\"Apuntes de San Luis\",\"description\":\"\",\"publisher\":{\"@id\":\"https:\/\/apuntesdesanluis.com\/#\/schema\/person\/b55151d52296fcce64d1a72538a70b90\"},\"potentialAction\":[{\"@type\":\"SearchAction\",\"target\":{\"@type\":\"EntryPoint\",\"urlTemplate\":\"https:\/\/apuntesdesanluis.com\/?s={search_term_string}\"},\"query-input\":{\"@type\":\"PropertyValueSpecification\",\"valueRequired\":true,\"valueName\":\"search_term_string\"}}],\"inLanguage\":\"es-AR\"},{\"@type\":[\"Person\",\"Organization\"],\"@id\":\"https:\/\/apuntesdesanluis.com\/#\/schema\/person\/b55151d52296fcce64d1a72538a70b90\",\"name\":\"apuntesdesanluis.com\",\"image\":{\"@type\":\"ImageObject\",\"inLanguage\":\"es-AR\",\"@id\":\"https:\/\/apuntesdesanluis.com\/#\/schema\/person\/image\/\",\"url\":\"https:\/\/apuntesdesanluis.com\/wp-content\/uploads\/2023\/07\/cropped-apuntesdesanluis.png\",\"contentUrl\":\"https:\/\/apuntesdesanluis.com\/wp-content\/uploads\/2023\/07\/cropped-apuntesdesanluis.png\",\"width\":450,\"height\":112,\"caption\":\"apuntesdesanluis.com\"},\"logo\":{\"@id\":\"https:\/\/apuntesdesanluis.com\/#\/schema\/person\/image\/\"},\"sameAs\":[\"https:\/\/apuntesdesanluis.com\"],\"url\":\"https:\/\/apuntesdesanluis.com\/index.php\/author\/apuntesdesanluis-com\/\"}]}<\/script>\n<!-- \/ Yoast SEO plugin. -->","yoast_head_json":{"title":"PADR\u00d3N PROVISORIO DE ELECTORES PARA LAS ELECCIONES DEL 11 DE MAYO - Apuntes de San Luis","robots":{"index":"index","follow":"follow","max-snippet":"max-snippet:-1","max-image-preview":"max-image-preview:large","max-video-preview":"max-video-preview:-1"},"canonical":"https:\/\/apuntesdesanluis.com\/index.php\/2025\/02\/04\/padron-provisorio-de-electores-para-las-elecciones-del-11-de-mayo\/","og_locale":"es_ES","og_type":"article","og_title":"PADR\u00d3N PROVISORIO DE ELECTORES PARA LAS ELECCIONES DEL 11 DE MAYO - Apuntes de San Luis","og_description":"La Secretar\u00eda Electoral Provincial comunic\u00f3 que ya se encuentra disponible el Padr\u00f3n Provisorio de Electores...","og_url":"https:\/\/apuntesdesanluis.com\/index.php\/2025\/02\/04\/padron-provisorio-de-electores-para-las-elecciones-del-11-de-mayo\/","og_site_name":"Apuntes de San Luis","article_published_time":"2025-02-04T22:33:51+00:00","og_image":[{"width":552,"height":313,"url":"https:\/\/apuntesdesanluis.com\/wp-content\/uploads\/2025\/02\/PADRON.png","type":"image\/png"}],"author":"apuntesdesanluis.com","twitter_card":"summary_large_image","twitter_misc":{"Escrito por":"apuntesdesanluis.com","Tiempo de lectura":"2 minutos"},"schema":{"@context":"https:\/\/schema.org","@graph":[{"@type":"Article","@id":"https:\/\/apuntesdesanluis.com\/index.php\/2025\/02\/04\/padron-provisorio-de-electores-para-las-elecciones-del-11-de-mayo\/#article","isPartOf":{"@id":"https:\/\/apuntesdesanluis.com\/index.php\/2025\/02\/04\/padron-provisorio-de-electores-para-las-elecciones-del-11-de-mayo\/"},"author":{"name":"apuntesdesanluis.com","@id":"https:\/\/apuntesdesanluis.com\/#\/schema\/person\/b55151d52296fcce64d1a72538a70b90"},"headline":"PADR\u00d3N PROVISORIO DE ELECTORES PARA LAS ELECCIONES DEL 11 DE MAYO","datePublished":"2025-02-04T22:33:51+00:00","mainEntityOfPage":{"@id":"https:\/\/apuntesdesanluis.com\/index.php\/2025\/02\/04\/padron-provisorio-de-electores-para-las-elecciones-del-11-de-mayo\/"},"wordCount":285,"publisher":{"@id":"https:\/\/apuntesdesanluis.com\/#\/schema\/person\/b55151d52296fcce64d1a72538a70b90"},"image":{"@id":"https:\/\/apuntesdesanluis.com\/index.php\/2025\/02\/04\/padron-provisorio-de-electores-para-las-elecciones-del-11-de-mayo\/#primaryimage"},"thumbnailUrl":"https:\/\/apuntesdesanluis.com\/wp-content\/uploads\/2025\/02\/PADRON.png","articleSection":["Ciudad\/Provincia"],"inLanguage":"es-AR"},{"@type":"WebPage","@id":"https:\/\/apuntesdesanluis.com\/index.php\/2025\/02\/04\/padron-provisorio-de-electores-para-las-elecciones-del-11-de-mayo\/","url":"https:\/\/apuntesdesanluis.com\/index.php\/2025\/02\/04\/padron-provisorio-de-electores-para-las-elecciones-del-11-de-mayo\/","name":"PADR\u00d3N PROVISORIO DE ELECTORES PARA LAS ELECCIONES DEL 11 DE MAYO - Apuntes de San Luis","isPartOf":{"@id":"https:\/\/apuntesdesanluis.com\/#website"},"primaryImageOfPage":{"@id":"https:\/\/apuntesdesanluis.com\/index.php\/2025\/02\/04\/padron-provisorio-de-electores-para-las-elecciones-del-11-de-mayo\/#primaryimage"},"image":{"@id":"https:\/\/apuntesdesanluis.com\/index.php\/2025\/02\/04\/padron-provisorio-de-electores-para-las-elecciones-del-11-de-mayo\/#primaryimage"},"thumbnailUrl":"https:\/\/apuntesdesanluis.com\/wp-content\/uploads\/2025\/02\/PADRON.png","datePublished":"2025-02-04T22:33:51+00:00","breadcrumb":{"@id":"https:\/\/apuntesdesanluis.com\/index.php\/2025\/02\/04\/padron-provisorio-de-electores-para-las-elecciones-del-11-de-mayo\/#breadcrumb"},"inLanguage":"es-AR","potentialAction":[{"@type":"ReadAction","target":["https:\/\/apuntesdesanluis.com\/index.php\/2025\/02\/04\/padron-provisorio-de-electores-para-las-elecciones-del-11-de-mayo\/"]}]},{"@type":"ImageObject","inLanguage":"es-AR","@id":"https:\/\/apuntesdesanluis.com\/index.php\/2025\/02\/04\/padron-provisorio-de-electores-para-las-elecciones-del-11-de-mayo\/#primaryimage","url":"https:\/\/apuntesdesanluis.com\/wp-content\/uploads\/2025\/02\/PADRON.png","contentUrl":"https:\/\/apuntesdesanluis.com\/wp-content\/uploads\/2025\/02\/PADRON.png","width":552,"height":313},{"@type":"BreadcrumbList","@id":"https:\/\/apuntesdesanluis.com\/index.php\/2025\/02\/04\/padron-provisorio-de-electores-para-las-elecciones-del-11-de-mayo\/#breadcrumb","itemListElement":[{"@type":"ListItem","position":1,"name":"Inicio","item":"https:\/\/apuntesdesanluis.com\/"},{"@type":"ListItem","position":2,"name":"PADR\u00d3N PROVISORIO DE ELECTORES PARA LAS ELECCIONES DEL 11 DE MAYO"}]},{"@type":"WebSite","@id":"https:\/\/apuntesdesanluis.com\/#website","url":"https:\/\/apuntesdesanluis.com\/","name":"Apuntes de San Luis","description":"","publisher":{"@id":"https:\/\/apuntesdesanluis.com\/#\/schema\/person\/b55151d52296fcce64d1a72538a70b90"},"potentialAction":[{"@type":"SearchAction","target":{"@type":"EntryPoint","urlTemplate":"https:\/\/apuntesdesanluis.com\/?s={search_term_string}"},"query-input":{"@type":"PropertyValueSpecification","valueRequired":true,"valueName":"search_term_string"}}],"inLanguage":"es-AR"},{"@type":["Person","Organization"],"@id":"https:\/\/apuntesdesanluis.com\/#\/schema\/person\/b55151d52296fcce64d1a72538a70b90","name":"apuntesdesanluis.com","image":{"@type":"ImageObject","inLanguage":"es-AR","@id":"https:\/\/apuntesdesanluis.com\/#\/schema\/person\/image\/","url":"https:\/\/apuntesdesanluis.com\/wp-content\/uploads\/2023\/07\/cropped-apuntesdesanluis.png","contentUrl":"https:\/\/apuntesdesanluis.com\/wp-content\/uploads\/2023\/07\/cropped-apuntesdesanluis.png","width":450,"height":112,"caption":"apuntesdesanluis.com"},"logo":{"@id":"https:\/\/apuntesdesanluis.com\/#\/schema\/person\/image\/"},"sameAs":["https:\/\/apuntesdesanluis.com"],"url":"https:\/\/apuntesdesanluis.com\/index.php\/author\/apuntesdesanluis-com\/"}]}},"featured_image_urls":{"full":["https:\/\/apuntesdesanluis.com\/wp-content\/uploads\/2025\/02\/PADRON.png",552,313,false],"thumbnail":["https:\/\/apuntesdesanluis.com\/wp-content\/uploads\/2025\/02\/PADRON-150x150.png",150,150,true],"medium":["https:\/\/apuntesdesanluis.com\/wp-content\/uploads\/2025\/02\/PADRON-300x170.png",300,170,true],"medium_large":["https:\/\/apuntesdesanluis.com\/wp-content\/uploads\/2025\/02\/PADRON.png",552,313,false],"large":["https:\/\/apuntesdesanluis.com\/wp-content\/uploads\/2025\/02\/PADRON.png",552,313,false],"1536x1536":["https:\/\/apuntesdesanluis.com\/wp-content\/uploads\/2025\/02\/PADRON.png",552,313,false],"2048x2048":["https:\/\/apuntesdesanluis.com\/wp-content\/uploads\/2025\/02\/PADRON.png",552,313,false],"newsever-slider-full":["https:\/\/apuntesdesanluis.com\/wp-content\/uploads\/2025\/02\/PADRON.png",552,313,false],"newsever-featured":["https:\/\/apuntesdesanluis.com\/wp-content\/uploads\/2025\/02\/PADRON.png",552,313,false],"newsever-medium":["https:\/\/apuntesdesanluis.com\/wp-content\/uploads\/2025\/02\/PADRON.png",552,313,false]},"author_info":{"display_name":"apuntesdesanluis.com","author_link":"https:\/\/apuntesdesanluis.com\/index.php\/author\/apuntesdesanluis-com\/"},"category_info":"<a href=\"https:\/\/apuntesdesanluis.com\/index.php\/category\/ciudad-provincia\/\" rel=\"category tag\">Ciudad\/Provincia<\/a>","tag_info":"Ciudad\/Provincia","comment_count":"0","_links":{"self":[{"href":"https:\/\/apuntesdesanluis.com\/index.php\/wp-json\/wp\/v2\/posts\/28682","targetHints":{"allow":["GET"]}}],"collection":[{"href":"https:\/\/apuntesdesanluis.com\/index.php\/wp-json\/wp\/v2\/posts"}],"about":[{"href":"https:\/\/apuntesdesanluis.com\/index.php\/wp-json\/wp\/v2\/types\/post"}],"author":[{"embeddable":true,"href":"https:\/\/apuntesdesanluis.com\/index.php\/wp-json\/wp\/v2\/users\/1"}],"replies":[{"embeddable":true,"href":"https:\/\/apuntesdesanluis.com\/index.php\/wp-json\/wp\/v2\/comments?post=28682"}],"version-history":[{"count":1,"href":"https:\/\/apuntesdesanluis.com\/index.php\/wp-json\/wp\/v2\/posts\/28682\/revisions"}],"predecessor-version":[{"id":28684,"href":"https:\/\/apuntesdesanluis.com\/index.php\/wp-json\/wp\/v2\/posts\/28682\/revisions\/28684"}],"wp:featuredmedia":[{"embeddable":true,"href":"https:\/\/apuntesdesanluis.com\/index.php\/wp-json\/wp\/v2\/media\/28683"}],"wp:attachment":[{"href":"https:\/\/apuntesdesanluis.com\/index.php\/wp-json\/wp\/v2\/media?parent=28682"}],"wp:term":[{"taxonomy":"category","embeddable":true,"href":"https:\/\/apuntesdesanluis.com\/index.php\/wp-json\/wp\/v2\/categories?post=28682"},{"taxonomy":"post_tag","embeddable":true,"href":"https:\/\/apuntesdesanluis.com\/index.php\/wp-json\/wp\/v2\/tags?post=28682"}],"curies":[{"name":"wp","href":"https:\/\/api.w.org\/{rel}","templated":true}]}}