{"id":28764,"date":"2025-02-05T20:02:57","date_gmt":"2025-02-05T23:02:57","guid":{"rendered":"https:\/\/apuntesdesanluis.com\/?p=28764"},"modified":"2025-02-05T20:02:57","modified_gmt":"2025-02-05T23:02:57","slug":"tragedia-en-una-escuela-de-verano-de-mendoza-murio-ahogado-un-nene-de-5-anos","status":"publish","type":"post","link":"https:\/\/apuntesdesanluis.com\/index.php\/2025\/02\/05\/tragedia-en-una-escuela-de-verano-de-mendoza-murio-ahogado-un-nene-de-5-anos\/","title":{"rendered":"TRAGEDIA EN UNA ESCUELA DE VERANO DE MENDOZA: MURI\u00d3 AHOGADO UN NENE DE 5 A\u00d1OS"},"content":{"rendered":"<h3>Un nene de cinco a\u00f1os muri\u00f3 ahogado en una escuela de verano de la ciudad mendocina de <strong>Luj\u00e1n de Cuyo<\/strong>.<\/h3>\n<h3>Seg\u00fan inform\u00f3 el portal del diario Los Andes, una llamada al 911 alert\u00f3 sobre un menor que cay\u00f3 a una pileta en el <strong>Club Mariland<\/strong>, situado en la calle Terrada y avenida Malabia, y mostraba signos de ahogamiento.<\/h3>\n<h3>La ambulancia arrib\u00f3 al lugar de los hechos en tan solo diez minutos y el personal de salud empez\u00f3 con las maniobras de reanimaci\u00f3n, aunque luego constataron el deceso del damnificado.<\/h3>\n<h3>La Justicia investiga las circunstancias de la tragedia, al tiempo que el club comunic\u00f3 a trav\u00e9s de una historia de Instagram que la entidad permanecer\u00e1 cerrada durante esta jornada.<\/h3>\n<h3>En este contexto, el Ministerio P\u00fablico Fiscal de Mendoza anunci\u00f3 que solicit\u00f3 informes sobre la habilitaci\u00f3n municipal del club.<\/h3>\n<h3>El MPF indic\u00f3 que dio intervenci\u00f3n a los equipos especializados que forman parte de los Cuerpos de Atenci\u00f3n y Ayuda a las V\u00edctimas. El fin de la medida es ofrecer contenci\u00f3n psicol\u00f3gica a la familia y seres queridos del ni\u00f1o de cinco a\u00f1os, al tiempo que la iniciativa tambi\u00e9n alcanza a la comunidad que utiliza las instalaciones del Mariland.<\/h3>\n<p>&nbsp;<\/p>\n<p>&nbsp;<\/p>\n<p>&nbsp;<\/p>\n","protected":false},"excerpt":{"rendered":"<p>Un nene de cinco a\u00f1os muri\u00f3 ahogado en una escuela de verano de la ciudad&#8230;<\/p>\n","protected":false},"author":1,"featured_media":28765,"comment_status":"closed","ping_status":"closed","sticky":false,"template":"","format":"standard","meta":{"footnotes":""},"categories":[5],"tags":[],"class_list":["post-28764","post","type-post","status-publish","format-standard","has-post-thumbnail","hentry","category-nacionales-internacionales"],"yoast_head":"<!-- This site is optimized with the Yoast SEO plugin v26.1.1 - https:\/\/yoast.com\/wordpress\/plugins\/seo\/ -->\n<title>TRAGEDIA EN UNA ESCUELA DE VERANO DE MENDOZA: MURI\u00d3 AHOGADO UN NENE DE 5 A\u00d1OS - Apuntes de San Luis<\/title>\n<meta name=\"robots\" content=\"index, follow, max-snippet:-1, max-image-preview:large, max-video-preview:-1\" \/>\n<link rel=\"canonical\" href=\"https:\/\/apuntesdesanluis.com\/index.php\/2025\/02\/05\/tragedia-en-una-escuela-de-verano-de-mendoza-murio-ahogado-un-nene-de-5-anos\/\" \/>\n<meta property=\"og:locale\" content=\"es_ES\" \/>\n<meta property=\"og:type\" content=\"article\" \/>\n<meta property=\"og:title\" content=\"TRAGEDIA EN UNA ESCUELA DE VERANO DE MENDOZA: MURI\u00d3 AHOGADO UN NENE DE 5 A\u00d1OS - Apuntes de San Luis\" \/>\n<meta property=\"og:description\" content=\"Un nene de cinco a\u00f1os muri\u00f3 ahogado en una escuela de verano de la ciudad...\" \/>\n<meta property=\"og:url\" content=\"https:\/\/apuntesdesanluis.com\/index.php\/2025\/02\/05\/tragedia-en-una-escuela-de-verano-de-mendoza-murio-ahogado-un-nene-de-5-anos\/\" \/>\n<meta property=\"og:site_name\" content=\"Apuntes de San Luis\" \/>\n<meta property=\"article:published_time\" content=\"2025-02-05T23:02:57+00:00\" \/>\n<meta property=\"og:image\" content=\"https:\/\/apuntesdesanluis.com\/wp-content\/uploads\/2025\/02\/club.png\" \/>\n\t<meta property=\"og:image:width\" content=\"728\" \/>\n\t<meta property=\"og:image:height\" content=\"449\" \/>\n\t<meta property=\"og:image:type\" content=\"image\/png\" \/>\n<meta name=\"author\" content=\"apuntesdesanluis.com\" \/>\n<meta name=\"twitter:card\" content=\"summary_large_image\" \/>\n<meta name=\"twitter:label1\" content=\"Escrito por\" \/>\n\t<meta name=\"twitter:data1\" content=\"apuntesdesanluis.com\" \/>\n\t<meta name=\"twitter:label2\" content=\"Tiempo de lectura\" \/>\n\t<meta name=\"twitter:data2\" content=\"2 minutos\" \/>\n<script type=\"application\/ld+json\" class=\"yoast-schema-graph\">{\"@context\":\"https:\/\/schema.org\",\"@graph\":[{\"@type\":\"Article\",\"@id\":\"https:\/\/apuntesdesanluis.com\/index.php\/2025\/02\/05\/tragedia-en-una-escuela-de-verano-de-mendoza-murio-ahogado-un-nene-de-5-anos\/#article\",\"isPartOf\":{\"@id\":\"https:\/\/apuntesdesanluis.com\/index.php\/2025\/02\/05\/tragedia-en-una-escuela-de-verano-de-mendoza-murio-ahogado-un-nene-de-5-anos\/\"},\"author\":{\"name\":\"apuntesdesanluis.com\",\"@id\":\"https:\/\/apuntesdesanluis.com\/#\/schema\/person\/b55151d52296fcce64d1a72538a70b90\"},\"headline\":\"TRAGEDIA EN UNA ESCUELA DE VERANO DE MENDOZA: MURI\u00d3 AHOGADO UN NENE DE 5 A\u00d1OS\",\"datePublished\":\"2025-02-05T23:02:57+00:00\",\"mainEntityOfPage\":{\"@id\":\"https:\/\/apuntesdesanluis.com\/index.php\/2025\/02\/05\/tragedia-en-una-escuela-de-verano-de-mendoza-murio-ahogado-un-nene-de-5-anos\/\"},\"wordCount\":228,\"publisher\":{\"@id\":\"https:\/\/apuntesdesanluis.com\/#\/schema\/person\/b55151d52296fcce64d1a72538a70b90\"},\"image\":{\"@id\":\"https:\/\/apuntesdesanluis.com\/index.php\/2025\/02\/05\/tragedia-en-una-escuela-de-verano-de-mendoza-murio-ahogado-un-nene-de-5-anos\/#primaryimage\"},\"thumbnailUrl\":\"https:\/\/apuntesdesanluis.com\/wp-content\/uploads\/2025\/02\/club.png\",\"articleSection\":[\"Nacionales\/Internacionales\"],\"inLanguage\":\"es-AR\"},{\"@type\":\"WebPage\",\"@id\":\"https:\/\/apuntesdesanluis.com\/index.php\/2025\/02\/05\/tragedia-en-una-escuela-de-verano-de-mendoza-murio-ahogado-un-nene-de-5-anos\/\",\"url\":\"https:\/\/apuntesdesanluis.com\/index.php\/2025\/02\/05\/tragedia-en-una-escuela-de-verano-de-mendoza-murio-ahogado-un-nene-de-5-anos\/\",\"name\":\"TRAGEDIA EN UNA ESCUELA DE VERANO DE MENDOZA: MURI\u00d3 AHOGADO UN NENE DE 5 A\u00d1OS - Apuntes de San Luis\",\"isPartOf\":{\"@id\":\"https:\/\/apuntesdesanluis.com\/#website\"},\"primaryImageOfPage\":{\"@id\":\"https:\/\/apuntesdesanluis.com\/index.php\/2025\/02\/05\/tragedia-en-una-escuela-de-verano-de-mendoza-murio-ahogado-un-nene-de-5-anos\/#primaryimage\"},\"image\":{\"@id\":\"https:\/\/apuntesdesanluis.com\/index.php\/2025\/02\/05\/tragedia-en-una-escuela-de-verano-de-mendoza-murio-ahogado-un-nene-de-5-anos\/#primaryimage\"},\"thumbnailUrl\":\"https:\/\/apuntesdesanluis.com\/wp-content\/uploads\/2025\/02\/club.png\",\"datePublished\":\"2025-02-05T23:02:57+00:00\",\"breadcrumb\":{\"@id\":\"https:\/\/apuntesdesanluis.com\/index.php\/2025\/02\/05\/tragedia-en-una-escuela-de-verano-de-mendoza-murio-ahogado-un-nene-de-5-anos\/#breadcrumb\"},\"inLanguage\":\"es-AR\",\"potentialAction\":[{\"@type\":\"ReadAction\",\"target\":[\"https:\/\/apuntesdesanluis.com\/index.php\/2025\/02\/05\/tragedia-en-una-escuela-de-verano-de-mendoza-murio-ahogado-un-nene-de-5-anos\/\"]}]},{\"@type\":\"ImageObject\",\"inLanguage\":\"es-AR\",\"@id\":\"https:\/\/apuntesdesanluis.com\/index.php\/2025\/02\/05\/tragedia-en-una-escuela-de-verano-de-mendoza-murio-ahogado-un-nene-de-5-anos\/#primaryimage\",\"url\":\"https:\/\/apuntesdesanluis.com\/wp-content\/uploads\/2025\/02\/club.png\",\"contentUrl\":\"https:\/\/apuntesdesanluis.com\/wp-content\/uploads\/2025\/02\/club.png\",\"width\":728,\"height\":449},{\"@type\":\"BreadcrumbList\",\"@id\":\"https:\/\/apuntesdesanluis.com\/index.php\/2025\/02\/05\/tragedia-en-una-escuela-de-verano-de-mendoza-murio-ahogado-un-nene-de-5-anos\/#breadcrumb\",\"itemListElement\":[{\"@type\":\"ListItem\",\"position\":1,\"name\":\"Inicio\",\"item\":\"https:\/\/apuntesdesanluis.com\/\"},{\"@type\":\"ListItem\",\"position\":2,\"name\":\"TRAGEDIA EN UNA ESCUELA DE VERANO DE MENDOZA: MURI\u00d3 AHOGADO UN NENE DE 5 A\u00d1OS\"}]},{\"@type\":\"WebSite\",\"@id\":\"https:\/\/apuntesdesanluis.com\/#website\",\"url\":\"https:\/\/apuntesdesanluis.com\/\",\"name\":\"Apuntes de San Luis\",\"description\":\"\",\"publisher\":{\"@id\":\"https:\/\/apuntesdesanluis.com\/#\/schema\/person\/b55151d52296fcce64d1a72538a70b90\"},\"potentialAction\":[{\"@type\":\"SearchAction\",\"target\":{\"@type\":\"EntryPoint\",\"urlTemplate\":\"https:\/\/apuntesdesanluis.com\/?s={search_term_string}\"},\"query-input\":{\"@type\":\"PropertyValueSpecification\",\"valueRequired\":true,\"valueName\":\"search_term_string\"}}],\"inLanguage\":\"es-AR\"},{\"@type\":[\"Person\",\"Organization\"],\"@id\":\"https:\/\/apuntesdesanluis.com\/#\/schema\/person\/b55151d52296fcce64d1a72538a70b90\",\"name\":\"apuntesdesanluis.com\",\"image\":{\"@type\":\"ImageObject\",\"inLanguage\":\"es-AR\",\"@id\":\"https:\/\/apuntesdesanluis.com\/#\/schema\/person\/image\/\",\"url\":\"https:\/\/apuntesdesanluis.com\/wp-content\/uploads\/2023\/07\/cropped-apuntesdesanluis.png\",\"contentUrl\":\"https:\/\/apuntesdesanluis.com\/wp-content\/uploads\/2023\/07\/cropped-apuntesdesanluis.png\",\"width\":450,\"height\":112,\"caption\":\"apuntesdesanluis.com\"},\"logo\":{\"@id\":\"https:\/\/apuntesdesanluis.com\/#\/schema\/person\/image\/\"},\"sameAs\":[\"https:\/\/apuntesdesanluis.com\"],\"url\":\"https:\/\/apuntesdesanluis.com\/index.php\/author\/apuntesdesanluis-com\/\"}]}<\/script>\n<!-- \/ Yoast SEO plugin. -->","yoast_head_json":{"title":"TRAGEDIA EN UNA ESCUELA DE VERANO DE MENDOZA: MURI\u00d3 AHOGADO UN NENE DE 5 A\u00d1OS - Apuntes de San Luis","robots":{"index":"index","follow":"follow","max-snippet":"max-snippet:-1","max-image-preview":"max-image-preview:large","max-video-preview":"max-video-preview:-1"},"canonical":"https:\/\/apuntesdesanluis.com\/index.php\/2025\/02\/05\/tragedia-en-una-escuela-de-verano-de-mendoza-murio-ahogado-un-nene-de-5-anos\/","og_locale":"es_ES","og_type":"article","og_title":"TRAGEDIA EN UNA ESCUELA DE VERANO DE MENDOZA: MURI\u00d3 AHOGADO UN NENE DE 5 A\u00d1OS - Apuntes de San Luis","og_description":"Un nene de cinco a\u00f1os muri\u00f3 ahogado en una escuela de verano de la ciudad...","og_url":"https:\/\/apuntesdesanluis.com\/index.php\/2025\/02\/05\/tragedia-en-una-escuela-de-verano-de-mendoza-murio-ahogado-un-nene-de-5-anos\/","og_site_name":"Apuntes de San Luis","article_published_time":"2025-02-05T23:02:57+00:00","og_image":[{"width":728,"height":449,"url":"https:\/\/apuntesdesanluis.com\/wp-content\/uploads\/2025\/02\/club.png","type":"image\/png"}],"author":"apuntesdesanluis.com","twitter_card":"summary_large_image","twitter_misc":{"Escrito por":"apuntesdesanluis.com","Tiempo de lectura":"2 minutos"},"schema":{"@context":"https:\/\/schema.org","@graph":[{"@type":"Article","@id":"https:\/\/apuntesdesanluis.com\/index.php\/2025\/02\/05\/tragedia-en-una-escuela-de-verano-de-mendoza-murio-ahogado-un-nene-de-5-anos\/#article","isPartOf":{"@id":"https:\/\/apuntesdesanluis.com\/index.php\/2025\/02\/05\/tragedia-en-una-escuela-de-verano-de-mendoza-murio-ahogado-un-nene-de-5-anos\/"},"author":{"name":"apuntesdesanluis.com","@id":"https:\/\/apuntesdesanluis.com\/#\/schema\/person\/b55151d52296fcce64d1a72538a70b90"},"headline":"TRAGEDIA EN UNA ESCUELA DE VERANO DE MENDOZA: MURI\u00d3 AHOGADO UN NENE DE 5 A\u00d1OS","datePublished":"2025-02-05T23:02:57+00:00","mainEntityOfPage":{"@id":"https:\/\/apuntesdesanluis.com\/index.php\/2025\/02\/05\/tragedia-en-una-escuela-de-verano-de-mendoza-murio-ahogado-un-nene-de-5-anos\/"},"wordCount":228,"publisher":{"@id":"https:\/\/apuntesdesanluis.com\/#\/schema\/person\/b55151d52296fcce64d1a72538a70b90"},"image":{"@id":"https:\/\/apuntesdesanluis.com\/index.php\/2025\/02\/05\/tragedia-en-una-escuela-de-verano-de-mendoza-murio-ahogado-un-nene-de-5-anos\/#primaryimage"},"thumbnailUrl":"https:\/\/apuntesdesanluis.com\/wp-content\/uploads\/2025\/02\/club.png","articleSection":["Nacionales\/Internacionales"],"inLanguage":"es-AR"},{"@type":"WebPage","@id":"https:\/\/apuntesdesanluis.com\/index.php\/2025\/02\/05\/tragedia-en-una-escuela-de-verano-de-mendoza-murio-ahogado-un-nene-de-5-anos\/","url":"https:\/\/apuntesdesanluis.com\/index.php\/2025\/02\/05\/tragedia-en-una-escuela-de-verano-de-mendoza-murio-ahogado-un-nene-de-5-anos\/","name":"TRAGEDIA EN UNA ESCUELA DE VERANO DE MENDOZA: MURI\u00d3 AHOGADO UN NENE DE 5 A\u00d1OS - Apuntes de San Luis","isPartOf":{"@id":"https:\/\/apuntesdesanluis.com\/#website"},"primaryImageOfPage":{"@id":"https:\/\/apuntesdesanluis.com\/index.php\/2025\/02\/05\/tragedia-en-una-escuela-de-verano-de-mendoza-murio-ahogado-un-nene-de-5-anos\/#primaryimage"},"image":{"@id":"https:\/\/apuntesdesanluis.com\/index.php\/2025\/02\/05\/tragedia-en-una-escuela-de-verano-de-mendoza-murio-ahogado-un-nene-de-5-anos\/#primaryimage"},"thumbnailUrl":"https:\/\/apuntesdesanluis.com\/wp-content\/uploads\/2025\/02\/club.png","datePublished":"2025-02-05T23:02:57+00:00","breadcrumb":{"@id":"https:\/\/apuntesdesanluis.com\/index.php\/2025\/02\/05\/tragedia-en-una-escuela-de-verano-de-mendoza-murio-ahogado-un-nene-de-5-anos\/#breadcrumb"},"inLanguage":"es-AR","potentialAction":[{"@type":"ReadAction","target":["https:\/\/apuntesdesanluis.com\/index.php\/2025\/02\/05\/tragedia-en-una-escuela-de-verano-de-mendoza-murio-ahogado-un-nene-de-5-anos\/"]}]},{"@type":"ImageObject","inLanguage":"es-AR","@id":"https:\/\/apuntesdesanluis.com\/index.php\/2025\/02\/05\/tragedia-en-una-escuela-de-verano-de-mendoza-murio-ahogado-un-nene-de-5-anos\/#primaryimage","url":"https:\/\/apuntesdesanluis.com\/wp-content\/uploads\/2025\/02\/club.png","contentUrl":"https:\/\/apuntesdesanluis.com\/wp-content\/uploads\/2025\/02\/club.png","width":728,"height":449},{"@type":"BreadcrumbList","@id":"https:\/\/apuntesdesanluis.com\/index.php\/2025\/02\/05\/tragedia-en-una-escuela-de-verano-de-mendoza-murio-ahogado-un-nene-de-5-anos\/#breadcrumb","itemListElement":[{"@type":"ListItem","position":1,"name":"Inicio","item":"https:\/\/apuntesdesanluis.com\/"},{"@type":"ListItem","position":2,"name":"TRAGEDIA EN UNA ESCUELA DE VERANO DE MENDOZA: MURI\u00d3 AHOGADO UN NENE DE 5 A\u00d1OS"}]},{"@type":"WebSite","@id":"https:\/\/apuntesdesanluis.com\/#website","url":"https:\/\/apuntesdesanluis.com\/","name":"Apuntes de San Luis","description":"","publisher":{"@id":"https:\/\/apuntesdesanluis.com\/#\/schema\/person\/b55151d52296fcce64d1a72538a70b90"},"potentialAction":[{"@type":"SearchAction","target":{"@type":"EntryPoint","urlTemplate":"https:\/\/apuntesdesanluis.com\/?s={search_term_string}"},"query-input":{"@type":"PropertyValueSpecification","valueRequired":true,"valueName":"search_term_string"}}],"inLanguage":"es-AR"},{"@type":["Person","Organization"],"@id":"https:\/\/apuntesdesanluis.com\/#\/schema\/person\/b55151d52296fcce64d1a72538a70b90","name":"apuntesdesanluis.com","image":{"@type":"ImageObject","inLanguage":"es-AR","@id":"https:\/\/apuntesdesanluis.com\/#\/schema\/person\/image\/","url":"https:\/\/apuntesdesanluis.com\/wp-content\/uploads\/2023\/07\/cropped-apuntesdesanluis.png","contentUrl":"https:\/\/apuntesdesanluis.com\/wp-content\/uploads\/2023\/07\/cropped-apuntesdesanluis.png","width":450,"height":112,"caption":"apuntesdesanluis.com"},"logo":{"@id":"https:\/\/apuntesdesanluis.com\/#\/schema\/person\/image\/"},"sameAs":["https:\/\/apuntesdesanluis.com"],"url":"https:\/\/apuntesdesanluis.com\/index.php\/author\/apuntesdesanluis-com\/"}]}},"featured_image_urls":{"full":["https:\/\/apuntesdesanluis.com\/wp-content\/uploads\/2025\/02\/club.png",728,449,false],"thumbnail":["https:\/\/apuntesdesanluis.com\/wp-content\/uploads\/2025\/02\/club-150x150.png",150,150,true],"medium":["https:\/\/apuntesdesanluis.com\/wp-content\/uploads\/2025\/02\/club-300x185.png",300,185,true],"medium_large":["https:\/\/apuntesdesanluis.com\/wp-content\/uploads\/2025\/02\/club.png",640,395,false],"large":["https:\/\/apuntesdesanluis.com\/wp-content\/uploads\/2025\/02\/club.png",640,395,false],"1536x1536":["https:\/\/apuntesdesanluis.com\/wp-content\/uploads\/2025\/02\/club.png",728,449,false],"2048x2048":["https:\/\/apuntesdesanluis.com\/wp-content\/uploads\/2025\/02\/club.png",728,449,false],"newsever-slider-full":["https:\/\/apuntesdesanluis.com\/wp-content\/uploads\/2025\/02\/club.png",728,449,false],"newsever-featured":["https:\/\/apuntesdesanluis.com\/wp-content\/uploads\/2025\/02\/club.png",728,449,false],"newsever-medium":["https:\/\/apuntesdesanluis.com\/wp-content\/uploads\/2025\/02\/club-720x449.png",720,449,true]},"author_info":{"display_name":"apuntesdesanluis.com","author_link":"https:\/\/apuntesdesanluis.com\/index.php\/author\/apuntesdesanluis-com\/"},"category_info":"<a href=\"https:\/\/apuntesdesanluis.com\/index.php\/category\/nacionales-internacionales\/\" rel=\"category tag\">Nacionales\/Internacionales<\/a>","tag_info":"Nacionales\/Internacionales","comment_count":"0","_links":{"self":[{"href":"https:\/\/apuntesdesanluis.com\/index.php\/wp-json\/wp\/v2\/posts\/28764","targetHints":{"allow":["GET"]}}],"collection":[{"href":"https:\/\/apuntesdesanluis.com\/index.php\/wp-json\/wp\/v2\/posts"}],"about":[{"href":"https:\/\/apuntesdesanluis.com\/index.php\/wp-json\/wp\/v2\/types\/post"}],"author":[{"embeddable":true,"href":"https:\/\/apuntesdesanluis.com\/index.php\/wp-json\/wp\/v2\/users\/1"}],"replies":[{"embeddable":true,"href":"https:\/\/apuntesdesanluis.com\/index.php\/wp-json\/wp\/v2\/comments?post=28764"}],"version-history":[{"count":1,"href":"https:\/\/apuntesdesanluis.com\/index.php\/wp-json\/wp\/v2\/posts\/28764\/revisions"}],"predecessor-version":[{"id":28766,"href":"https:\/\/apuntesdesanluis.com\/index.php\/wp-json\/wp\/v2\/posts\/28764\/revisions\/28766"}],"wp:featuredmedia":[{"embeddable":true,"href":"https:\/\/apuntesdesanluis.com\/index.php\/wp-json\/wp\/v2\/media\/28765"}],"wp:attachment":[{"href":"https:\/\/apuntesdesanluis.com\/index.php\/wp-json\/wp\/v2\/media?parent=28764"}],"wp:term":[{"taxonomy":"category","embeddable":true,"href":"https:\/\/apuntesdesanluis.com\/index.php\/wp-json\/wp\/v2\/categories?post=28764"},{"taxonomy":"post_tag","embeddable":true,"href":"https:\/\/apuntesdesanluis.com\/index.php\/wp-json\/wp\/v2\/tags?post=28764"}],"curies":[{"name":"wp","href":"https:\/\/api.w.org\/{rel}","templated":true}]}}