{"id":28775,"date":"2025-02-05T20:50:49","date_gmt":"2025-02-05T23:50:49","guid":{"rendered":"https:\/\/apuntesdesanluis.com\/?p=28775"},"modified":"2025-02-05T20:50:49","modified_gmt":"2025-02-05T23:50:49","slug":"triste-noticia-fallecio-la-nenita-accidentada-en-ruta-55","status":"publish","type":"post","link":"https:\/\/apuntesdesanluis.com\/index.php\/2025\/02\/05\/triste-noticia-fallecio-la-nenita-accidentada-en-ruta-55\/","title":{"rendered":"TRISTE NOTICIA: FALLECI\u00d3 LA NENITA ACCIDENTADA EN RUTA 55"},"content":{"rendered":"<h3>La ni\u00f1a de dos a\u00f1os y medio que result\u00f3 gravemente herida en un accidente automovil\u00edstico que se produjo a 10 km al norte del peaje en la Ruta 55 (norte), el pasado martes, falleci\u00f3 la siesta de este mi\u00e9rcoles.<\/h3>\n<h3>La peque\u00f1a, que se encontraba internada en el Hospital Pedi\u00e1trico de San Luis, sufri\u00f3 severos traumatismos producto del siniestro.<\/h3>\n<h3>En el veh\u00edculo, un Fiat Uno, viajaba una mujer, de 34 a\u00f1os, con domicilio en la localidad de Villa de Merlo, junto a sus dos hijos mellizos de aproximadamente 2 a\u00f1os y medio.<\/h3>\n<p><img fetchpriority=\"high\" decoding=\"async\" class=\"wp-image-28697 aligncenter\" src=\"https:\/\/apuntesdesanluis.com\/wp-content\/uploads\/2025\/02\/Imagen-de-WhatsApp-2025-02-04-a-las-17.37.35_c4c6bc45-300x199.jpg\" alt=\"\" width=\"751\" height=\"498\" srcset=\"https:\/\/apuntesdesanluis.com\/wp-content\/uploads\/2025\/02\/Imagen-de-WhatsApp-2025-02-04-a-las-17.37.35_c4c6bc45-300x199.jpg 300w, https:\/\/apuntesdesanluis.com\/wp-content\/uploads\/2025\/02\/Imagen-de-WhatsApp-2025-02-04-a-las-17.37.35_c4c6bc45.jpg 674w\" sizes=\"(max-width: 751px) 100vw, 751px\" \/><\/p>\n<h3><\/h3>\n<p>&nbsp;<\/p>\n<p>&nbsp;<\/p>\n<p>&nbsp;<\/p>\n<h3><\/h3>\n<p>&nbsp;<\/p>\n","protected":false},"excerpt":{"rendered":"<p>La ni\u00f1a de dos a\u00f1os y medio que result\u00f3 gravemente herida en un accidente automovil\u00edstico&#8230;<\/p>\n","protected":false},"author":1,"featured_media":28696,"comment_status":"closed","ping_status":"closed","sticky":false,"template":"","format":"standard","meta":{"footnotes":""},"categories":[6],"tags":[],"class_list":["post-28775","post","type-post","status-publish","format-standard","has-post-thumbnail","hentry","category-ciudad-provincia"],"yoast_head":"<!-- This site is optimized with the Yoast SEO plugin v26.1.1 - https:\/\/yoast.com\/wordpress\/plugins\/seo\/ -->\n<title>TRISTE NOTICIA: FALLECI\u00d3 LA NENITA ACCIDENTADA EN RUTA 55 - Apuntes de San Luis<\/title>\n<meta name=\"robots\" content=\"index, follow, max-snippet:-1, max-image-preview:large, max-video-preview:-1\" \/>\n<link rel=\"canonical\" href=\"https:\/\/apuntesdesanluis.com\/index.php\/2025\/02\/05\/triste-noticia-fallecio-la-nenita-accidentada-en-ruta-55\/\" \/>\n<meta property=\"og:locale\" content=\"es_ES\" \/>\n<meta property=\"og:type\" content=\"article\" \/>\n<meta property=\"og:title\" content=\"TRISTE NOTICIA: FALLECI\u00d3 LA NENITA ACCIDENTADA EN RUTA 55 - Apuntes de San Luis\" \/>\n<meta property=\"og:description\" content=\"La ni\u00f1a de dos a\u00f1os y medio que result\u00f3 gravemente herida en un accidente automovil\u00edstico...\" \/>\n<meta property=\"og:url\" content=\"https:\/\/apuntesdesanluis.com\/index.php\/2025\/02\/05\/triste-noticia-fallecio-la-nenita-accidentada-en-ruta-55\/\" \/>\n<meta property=\"og:site_name\" content=\"Apuntes de San Luis\" \/>\n<meta property=\"article:published_time\" content=\"2025-02-05T23:50:49+00:00\" \/>\n<meta property=\"og:image\" content=\"https:\/\/apuntesdesanluis.com\/wp-content\/uploads\/2025\/02\/Imagen-de-WhatsApp-2025-02-04-a-las-17.37.36_89a0c1eb.jpg\" \/>\n\t<meta property=\"og:image:width\" content=\"774\" \/>\n\t<meta property=\"og:image:height\" content=\"450\" \/>\n\t<meta property=\"og:image:type\" content=\"image\/jpeg\" \/>\n<meta name=\"author\" content=\"apuntesdesanluis.com\" \/>\n<meta name=\"twitter:card\" content=\"summary_large_image\" \/>\n<meta name=\"twitter:label1\" content=\"Escrito por\" \/>\n\t<meta name=\"twitter:data1\" content=\"apuntesdesanluis.com\" \/>\n\t<meta name=\"twitter:label2\" content=\"Tiempo de lectura\" \/>\n\t<meta name=\"twitter:data2\" content=\"1 minuto\" \/>\n<script type=\"application\/ld+json\" class=\"yoast-schema-graph\">{\"@context\":\"https:\/\/schema.org\",\"@graph\":[{\"@type\":\"Article\",\"@id\":\"https:\/\/apuntesdesanluis.com\/index.php\/2025\/02\/05\/triste-noticia-fallecio-la-nenita-accidentada-en-ruta-55\/#article\",\"isPartOf\":{\"@id\":\"https:\/\/apuntesdesanluis.com\/index.php\/2025\/02\/05\/triste-noticia-fallecio-la-nenita-accidentada-en-ruta-55\/\"},\"author\":{\"name\":\"apuntesdesanluis.com\",\"@id\":\"https:\/\/apuntesdesanluis.com\/#\/schema\/person\/b55151d52296fcce64d1a72538a70b90\"},\"headline\":\"TRISTE NOTICIA: FALLECI\u00d3 LA NENITA ACCIDENTADA EN RUTA 55\",\"datePublished\":\"2025-02-05T23:50:49+00:00\",\"mainEntityOfPage\":{\"@id\":\"https:\/\/apuntesdesanluis.com\/index.php\/2025\/02\/05\/triste-noticia-fallecio-la-nenita-accidentada-en-ruta-55\/\"},\"wordCount\":108,\"publisher\":{\"@id\":\"https:\/\/apuntesdesanluis.com\/#\/schema\/person\/b55151d52296fcce64d1a72538a70b90\"},\"image\":{\"@id\":\"https:\/\/apuntesdesanluis.com\/index.php\/2025\/02\/05\/triste-noticia-fallecio-la-nenita-accidentada-en-ruta-55\/#primaryimage\"},\"thumbnailUrl\":\"https:\/\/apuntesdesanluis.com\/wp-content\/uploads\/2025\/02\/Imagen-de-WhatsApp-2025-02-04-a-las-17.37.36_89a0c1eb.jpg\",\"articleSection\":[\"Ciudad\/Provincia\"],\"inLanguage\":\"es-AR\"},{\"@type\":\"WebPage\",\"@id\":\"https:\/\/apuntesdesanluis.com\/index.php\/2025\/02\/05\/triste-noticia-fallecio-la-nenita-accidentada-en-ruta-55\/\",\"url\":\"https:\/\/apuntesdesanluis.com\/index.php\/2025\/02\/05\/triste-noticia-fallecio-la-nenita-accidentada-en-ruta-55\/\",\"name\":\"TRISTE NOTICIA: FALLECI\u00d3 LA NENITA ACCIDENTADA EN RUTA 55 - Apuntes de San Luis\",\"isPartOf\":{\"@id\":\"https:\/\/apuntesdesanluis.com\/#website\"},\"primaryImageOfPage\":{\"@id\":\"https:\/\/apuntesdesanluis.com\/index.php\/2025\/02\/05\/triste-noticia-fallecio-la-nenita-accidentada-en-ruta-55\/#primaryimage\"},\"image\":{\"@id\":\"https:\/\/apuntesdesanluis.com\/index.php\/2025\/02\/05\/triste-noticia-fallecio-la-nenita-accidentada-en-ruta-55\/#primaryimage\"},\"thumbnailUrl\":\"https:\/\/apuntesdesanluis.com\/wp-content\/uploads\/2025\/02\/Imagen-de-WhatsApp-2025-02-04-a-las-17.37.36_89a0c1eb.jpg\",\"datePublished\":\"2025-02-05T23:50:49+00:00\",\"breadcrumb\":{\"@id\":\"https:\/\/apuntesdesanluis.com\/index.php\/2025\/02\/05\/triste-noticia-fallecio-la-nenita-accidentada-en-ruta-55\/#breadcrumb\"},\"inLanguage\":\"es-AR\",\"potentialAction\":[{\"@type\":\"ReadAction\",\"target\":[\"https:\/\/apuntesdesanluis.com\/index.php\/2025\/02\/05\/triste-noticia-fallecio-la-nenita-accidentada-en-ruta-55\/\"]}]},{\"@type\":\"ImageObject\",\"inLanguage\":\"es-AR\",\"@id\":\"https:\/\/apuntesdesanluis.com\/index.php\/2025\/02\/05\/triste-noticia-fallecio-la-nenita-accidentada-en-ruta-55\/#primaryimage\",\"url\":\"https:\/\/apuntesdesanluis.com\/wp-content\/uploads\/2025\/02\/Imagen-de-WhatsApp-2025-02-04-a-las-17.37.36_89a0c1eb.jpg\",\"contentUrl\":\"https:\/\/apuntesdesanluis.com\/wp-content\/uploads\/2025\/02\/Imagen-de-WhatsApp-2025-02-04-a-las-17.37.36_89a0c1eb.jpg\",\"width\":774,\"height\":450},{\"@type\":\"BreadcrumbList\",\"@id\":\"https:\/\/apuntesdesanluis.com\/index.php\/2025\/02\/05\/triste-noticia-fallecio-la-nenita-accidentada-en-ruta-55\/#breadcrumb\",\"itemListElement\":[{\"@type\":\"ListItem\",\"position\":1,\"name\":\"Inicio\",\"item\":\"https:\/\/apuntesdesanluis.com\/\"},{\"@type\":\"ListItem\",\"position\":2,\"name\":\"TRISTE NOTICIA: FALLECI\u00d3 LA NENITA ACCIDENTADA EN RUTA 55\"}]},{\"@type\":\"WebSite\",\"@id\":\"https:\/\/apuntesdesanluis.com\/#website\",\"url\":\"https:\/\/apuntesdesanluis.com\/\",\"name\":\"Apuntes de San Luis\",\"description\":\"\",\"publisher\":{\"@id\":\"https:\/\/apuntesdesanluis.com\/#\/schema\/person\/b55151d52296fcce64d1a72538a70b90\"},\"potentialAction\":[{\"@type\":\"SearchAction\",\"target\":{\"@type\":\"EntryPoint\",\"urlTemplate\":\"https:\/\/apuntesdesanluis.com\/?s={search_term_string}\"},\"query-input\":{\"@type\":\"PropertyValueSpecification\",\"valueRequired\":true,\"valueName\":\"search_term_string\"}}],\"inLanguage\":\"es-AR\"},{\"@type\":[\"Person\",\"Organization\"],\"@id\":\"https:\/\/apuntesdesanluis.com\/#\/schema\/person\/b55151d52296fcce64d1a72538a70b90\",\"name\":\"apuntesdesanluis.com\",\"image\":{\"@type\":\"ImageObject\",\"inLanguage\":\"es-AR\",\"@id\":\"https:\/\/apuntesdesanluis.com\/#\/schema\/person\/image\/\",\"url\":\"https:\/\/apuntesdesanluis.com\/wp-content\/uploads\/2023\/07\/cropped-apuntesdesanluis.png\",\"contentUrl\":\"https:\/\/apuntesdesanluis.com\/wp-content\/uploads\/2023\/07\/cropped-apuntesdesanluis.png\",\"width\":450,\"height\":112,\"caption\":\"apuntesdesanluis.com\"},\"logo\":{\"@id\":\"https:\/\/apuntesdesanluis.com\/#\/schema\/person\/image\/\"},\"sameAs\":[\"https:\/\/apuntesdesanluis.com\"],\"url\":\"https:\/\/apuntesdesanluis.com\/index.php\/author\/apuntesdesanluis-com\/\"}]}<\/script>\n<!-- \/ Yoast SEO plugin. -->","yoast_head_json":{"title":"TRISTE NOTICIA: FALLECI\u00d3 LA NENITA ACCIDENTADA EN RUTA 55 - Apuntes de San Luis","robots":{"index":"index","follow":"follow","max-snippet":"max-snippet:-1","max-image-preview":"max-image-preview:large","max-video-preview":"max-video-preview:-1"},"canonical":"https:\/\/apuntesdesanluis.com\/index.php\/2025\/02\/05\/triste-noticia-fallecio-la-nenita-accidentada-en-ruta-55\/","og_locale":"es_ES","og_type":"article","og_title":"TRISTE NOTICIA: FALLECI\u00d3 LA NENITA ACCIDENTADA EN RUTA 55 - Apuntes de San Luis","og_description":"La ni\u00f1a de dos a\u00f1os y medio que result\u00f3 gravemente herida en un accidente automovil\u00edstico...","og_url":"https:\/\/apuntesdesanluis.com\/index.php\/2025\/02\/05\/triste-noticia-fallecio-la-nenita-accidentada-en-ruta-55\/","og_site_name":"Apuntes de San Luis","article_published_time":"2025-02-05T23:50:49+00:00","og_image":[{"width":774,"height":450,"url":"https:\/\/apuntesdesanluis.com\/wp-content\/uploads\/2025\/02\/Imagen-de-WhatsApp-2025-02-04-a-las-17.37.36_89a0c1eb.jpg","type":"image\/jpeg"}],"author":"apuntesdesanluis.com","twitter_card":"summary_large_image","twitter_misc":{"Escrito por":"apuntesdesanluis.com","Tiempo de lectura":"1 minuto"},"schema":{"@context":"https:\/\/schema.org","@graph":[{"@type":"Article","@id":"https:\/\/apuntesdesanluis.com\/index.php\/2025\/02\/05\/triste-noticia-fallecio-la-nenita-accidentada-en-ruta-55\/#article","isPartOf":{"@id":"https:\/\/apuntesdesanluis.com\/index.php\/2025\/02\/05\/triste-noticia-fallecio-la-nenita-accidentada-en-ruta-55\/"},"author":{"name":"apuntesdesanluis.com","@id":"https:\/\/apuntesdesanluis.com\/#\/schema\/person\/b55151d52296fcce64d1a72538a70b90"},"headline":"TRISTE NOTICIA: FALLECI\u00d3 LA NENITA ACCIDENTADA EN RUTA 55","datePublished":"2025-02-05T23:50:49+00:00","mainEntityOfPage":{"@id":"https:\/\/apuntesdesanluis.com\/index.php\/2025\/02\/05\/triste-noticia-fallecio-la-nenita-accidentada-en-ruta-55\/"},"wordCount":108,"publisher":{"@id":"https:\/\/apuntesdesanluis.com\/#\/schema\/person\/b55151d52296fcce64d1a72538a70b90"},"image":{"@id":"https:\/\/apuntesdesanluis.com\/index.php\/2025\/02\/05\/triste-noticia-fallecio-la-nenita-accidentada-en-ruta-55\/#primaryimage"},"thumbnailUrl":"https:\/\/apuntesdesanluis.com\/wp-content\/uploads\/2025\/02\/Imagen-de-WhatsApp-2025-02-04-a-las-17.37.36_89a0c1eb.jpg","articleSection":["Ciudad\/Provincia"],"inLanguage":"es-AR"},{"@type":"WebPage","@id":"https:\/\/apuntesdesanluis.com\/index.php\/2025\/02\/05\/triste-noticia-fallecio-la-nenita-accidentada-en-ruta-55\/","url":"https:\/\/apuntesdesanluis.com\/index.php\/2025\/02\/05\/triste-noticia-fallecio-la-nenita-accidentada-en-ruta-55\/","name":"TRISTE NOTICIA: FALLECI\u00d3 LA NENITA ACCIDENTADA EN RUTA 55 - Apuntes de San Luis","isPartOf":{"@id":"https:\/\/apuntesdesanluis.com\/#website"},"primaryImageOfPage":{"@id":"https:\/\/apuntesdesanluis.com\/index.php\/2025\/02\/05\/triste-noticia-fallecio-la-nenita-accidentada-en-ruta-55\/#primaryimage"},"image":{"@id":"https:\/\/apuntesdesanluis.com\/index.php\/2025\/02\/05\/triste-noticia-fallecio-la-nenita-accidentada-en-ruta-55\/#primaryimage"},"thumbnailUrl":"https:\/\/apuntesdesanluis.com\/wp-content\/uploads\/2025\/02\/Imagen-de-WhatsApp-2025-02-04-a-las-17.37.36_89a0c1eb.jpg","datePublished":"2025-02-05T23:50:49+00:00","breadcrumb":{"@id":"https:\/\/apuntesdesanluis.com\/index.php\/2025\/02\/05\/triste-noticia-fallecio-la-nenita-accidentada-en-ruta-55\/#breadcrumb"},"inLanguage":"es-AR","potentialAction":[{"@type":"ReadAction","target":["https:\/\/apuntesdesanluis.com\/index.php\/2025\/02\/05\/triste-noticia-fallecio-la-nenita-accidentada-en-ruta-55\/"]}]},{"@type":"ImageObject","inLanguage":"es-AR","@id":"https:\/\/apuntesdesanluis.com\/index.php\/2025\/02\/05\/triste-noticia-fallecio-la-nenita-accidentada-en-ruta-55\/#primaryimage","url":"https:\/\/apuntesdesanluis.com\/wp-content\/uploads\/2025\/02\/Imagen-de-WhatsApp-2025-02-04-a-las-17.37.36_89a0c1eb.jpg","contentUrl":"https:\/\/apuntesdesanluis.com\/wp-content\/uploads\/2025\/02\/Imagen-de-WhatsApp-2025-02-04-a-las-17.37.36_89a0c1eb.jpg","width":774,"height":450},{"@type":"BreadcrumbList","@id":"https:\/\/apuntesdesanluis.com\/index.php\/2025\/02\/05\/triste-noticia-fallecio-la-nenita-accidentada-en-ruta-55\/#breadcrumb","itemListElement":[{"@type":"ListItem","position":1,"name":"Inicio","item":"https:\/\/apuntesdesanluis.com\/"},{"@type":"ListItem","position":2,"name":"TRISTE NOTICIA: FALLECI\u00d3 LA NENITA ACCIDENTADA EN RUTA 55"}]},{"@type":"WebSite","@id":"https:\/\/apuntesdesanluis.com\/#website","url":"https:\/\/apuntesdesanluis.com\/","name":"Apuntes de San Luis","description":"","publisher":{"@id":"https:\/\/apuntesdesanluis.com\/#\/schema\/person\/b55151d52296fcce64d1a72538a70b90"},"potentialAction":[{"@type":"SearchAction","target":{"@type":"EntryPoint","urlTemplate":"https:\/\/apuntesdesanluis.com\/?s={search_term_string}"},"query-input":{"@type":"PropertyValueSpecification","valueRequired":true,"valueName":"search_term_string"}}],"inLanguage":"es-AR"},{"@type":["Person","Organization"],"@id":"https:\/\/apuntesdesanluis.com\/#\/schema\/person\/b55151d52296fcce64d1a72538a70b90","name":"apuntesdesanluis.com","image":{"@type":"ImageObject","inLanguage":"es-AR","@id":"https:\/\/apuntesdesanluis.com\/#\/schema\/person\/image\/","url":"https:\/\/apuntesdesanluis.com\/wp-content\/uploads\/2023\/07\/cropped-apuntesdesanluis.png","contentUrl":"https:\/\/apuntesdesanluis.com\/wp-content\/uploads\/2023\/07\/cropped-apuntesdesanluis.png","width":450,"height":112,"caption":"apuntesdesanluis.com"},"logo":{"@id":"https:\/\/apuntesdesanluis.com\/#\/schema\/person\/image\/"},"sameAs":["https:\/\/apuntesdesanluis.com"],"url":"https:\/\/apuntesdesanluis.com\/index.php\/author\/apuntesdesanluis-com\/"}]}},"featured_image_urls":{"full":["https:\/\/apuntesdesanluis.com\/wp-content\/uploads\/2025\/02\/Imagen-de-WhatsApp-2025-02-04-a-las-17.37.36_89a0c1eb.jpg",774,450,false],"thumbnail":["https:\/\/apuntesdesanluis.com\/wp-content\/uploads\/2025\/02\/Imagen-de-WhatsApp-2025-02-04-a-las-17.37.36_89a0c1eb-150x150.jpg",150,150,true],"medium":["https:\/\/apuntesdesanluis.com\/wp-content\/uploads\/2025\/02\/Imagen-de-WhatsApp-2025-02-04-a-las-17.37.36_89a0c1eb-300x174.jpg",300,174,true],"medium_large":["https:\/\/apuntesdesanluis.com\/wp-content\/uploads\/2025\/02\/Imagen-de-WhatsApp-2025-02-04-a-las-17.37.36_89a0c1eb-768x447.jpg",640,373,true],"large":["https:\/\/apuntesdesanluis.com\/wp-content\/uploads\/2025\/02\/Imagen-de-WhatsApp-2025-02-04-a-las-17.37.36_89a0c1eb.jpg",640,372,false],"1536x1536":["https:\/\/apuntesdesanluis.com\/wp-content\/uploads\/2025\/02\/Imagen-de-WhatsApp-2025-02-04-a-las-17.37.36_89a0c1eb.jpg",774,450,false],"2048x2048":["https:\/\/apuntesdesanluis.com\/wp-content\/uploads\/2025\/02\/Imagen-de-WhatsApp-2025-02-04-a-las-17.37.36_89a0c1eb.jpg",774,450,false],"newsever-slider-full":["https:\/\/apuntesdesanluis.com\/wp-content\/uploads\/2025\/02\/Imagen-de-WhatsApp-2025-02-04-a-las-17.37.36_89a0c1eb.jpg",774,450,false],"newsever-featured":["https:\/\/apuntesdesanluis.com\/wp-content\/uploads\/2025\/02\/Imagen-de-WhatsApp-2025-02-04-a-las-17.37.36_89a0c1eb.jpg",774,450,false],"newsever-medium":["https:\/\/apuntesdesanluis.com\/wp-content\/uploads\/2025\/02\/Imagen-de-WhatsApp-2025-02-04-a-las-17.37.36_89a0c1eb-720x450.jpg",720,450,true]},"author_info":{"display_name":"apuntesdesanluis.com","author_link":"https:\/\/apuntesdesanluis.com\/index.php\/author\/apuntesdesanluis-com\/"},"category_info":"<a href=\"https:\/\/apuntesdesanluis.com\/index.php\/category\/ciudad-provincia\/\" rel=\"category tag\">Ciudad\/Provincia<\/a>","tag_info":"Ciudad\/Provincia","comment_count":"0","_links":{"self":[{"href":"https:\/\/apuntesdesanluis.com\/index.php\/wp-json\/wp\/v2\/posts\/28775","targetHints":{"allow":["GET"]}}],"collection":[{"href":"https:\/\/apuntesdesanluis.com\/index.php\/wp-json\/wp\/v2\/posts"}],"about":[{"href":"https:\/\/apuntesdesanluis.com\/index.php\/wp-json\/wp\/v2\/types\/post"}],"author":[{"embeddable":true,"href":"https:\/\/apuntesdesanluis.com\/index.php\/wp-json\/wp\/v2\/users\/1"}],"replies":[{"embeddable":true,"href":"https:\/\/apuntesdesanluis.com\/index.php\/wp-json\/wp\/v2\/comments?post=28775"}],"version-history":[{"count":1,"href":"https:\/\/apuntesdesanluis.com\/index.php\/wp-json\/wp\/v2\/posts\/28775\/revisions"}],"predecessor-version":[{"id":28776,"href":"https:\/\/apuntesdesanluis.com\/index.php\/wp-json\/wp\/v2\/posts\/28775\/revisions\/28776"}],"wp:featuredmedia":[{"embeddable":true,"href":"https:\/\/apuntesdesanluis.com\/index.php\/wp-json\/wp\/v2\/media\/28696"}],"wp:attachment":[{"href":"https:\/\/apuntesdesanluis.com\/index.php\/wp-json\/wp\/v2\/media?parent=28775"}],"wp:term":[{"taxonomy":"category","embeddable":true,"href":"https:\/\/apuntesdesanluis.com\/index.php\/wp-json\/wp\/v2\/categories?post=28775"},{"taxonomy":"post_tag","embeddable":true,"href":"https:\/\/apuntesdesanluis.com\/index.php\/wp-json\/wp\/v2\/tags?post=28775"}],"curies":[{"name":"wp","href":"https:\/\/api.w.org\/{rel}","templated":true}]}}