{"id":2879,"date":"2023-09-07T09:40:25","date_gmt":"2023-09-07T12:40:25","guid":{"rendered":"https:\/\/apuntesdesanluis.com\/?p=2879"},"modified":"2023-09-07T09:41:23","modified_gmt":"2023-09-07T12:41:23","slug":"abdala-confirmo-que-el-tour-de-la-libertad-de-javier-milei-llega-a-san-luis","status":"publish","type":"post","link":"https:\/\/apuntesdesanluis.com\/index.php\/2023\/09\/07\/abdala-confirmo-que-el-tour-de-la-libertad-de-javier-milei-llega-a-san-luis\/","title":{"rendered":"ABDALA CONFIRM\u00d3 QUE EL TOUR DE LA LIBERTAD DE JAVIER MILEI LLEGA A SAN LUIS"},"content":{"rendered":"<h3>El candidato a senador nacional por La Libertad Avanza, <strong>Bartolo Abdala<\/strong>, confirm\u00f3 que el diputado nacional <strong>Javier Milei<\/strong> visitar\u00e1 por primera vez nuestra provincia el pr\u00f3ximo s\u00e1bado 16, en el marco de su campa\u00f1a presidencial.<\/h3>\n<h3>\u201cEn estos momentos estamos definiendo el programa, es probable que hagamos una caminata por el centro, en horas de la tarde, tambi\u00e9n una caravana&#8221;,\u00a0indic\u00f3 el ex diputado provincial, agregando que analizar\u00e1n si hay espacio para que brinde una conferencia de prensa.<\/h3>\n<h3>\u201cMilei llegar\u00e1 el s\u00e1bado acompa\u00f1ado por su hermana Karina, el principal armador Carlos Kikuchi y probablemente el operador Julio Serna, en un vuelo comercial. Pernoctar\u00e1 el s\u00e1bado en San Luis y regresar\u00e1 el domingo a Capital Federal\u201d, detall\u00f3 Abdala.<\/h3>\n<h3>El \u00e1nimo de los libertarios puntanos est\u00e1 en lo m\u00e1s alto, luego del resultado obtenido en las elecciones PASO de agosto pasado, donde Milei result\u00f3 el candidato m\u00e1s votado, con casi 50% de los votos, relegando al segundo lugar a Patricia Bullrich y al tercero a Uni\u00f3n por la Patria.<\/h3>\n<h3>A pesar de ser el \u00fanico de los cuatro principales candidatos presidenciales que nunca visit\u00f3 San Luis (como s\u00ed lo hicieron Larreta, Bullrich y Massa), el economista obtuvo en esta provincia y en Salta los mayores \u00edndices de adhesi\u00f3n electoral del pa\u00eds.<\/h3>\n<p>&nbsp;<\/p>\n<p>&nbsp;<\/p>\n<p>&nbsp;<\/p>\n","protected":false},"excerpt":{"rendered":"<p>El candidato a senador nacional por La Libertad Avanza, Bartolo Abdala, confirm\u00f3 que el diputado&#8230;<\/p>\n","protected":false},"author":1,"featured_media":2880,"comment_status":"closed","ping_status":"closed","sticky":false,"template":"","format":"standard","meta":{"footnotes":""},"categories":[6],"tags":[],"class_list":["post-2879","post","type-post","status-publish","format-standard","has-post-thumbnail","hentry","category-ciudad-provincia"],"yoast_head":"<!-- This site is optimized with the Yoast SEO plugin v26.1.1 - https:\/\/yoast.com\/wordpress\/plugins\/seo\/ -->\n<title>ABDALA CONFIRM\u00d3 QUE EL TOUR DE LA LIBERTAD DE JAVIER MILEI LLEGA A SAN LUIS - Apuntes de San Luis<\/title>\n<meta name=\"robots\" content=\"index, follow, max-snippet:-1, max-image-preview:large, max-video-preview:-1\" \/>\n<link rel=\"canonical\" href=\"https:\/\/apuntesdesanluis.com\/index.php\/2023\/09\/07\/abdala-confirmo-que-el-tour-de-la-libertad-de-javier-milei-llega-a-san-luis\/\" \/>\n<meta property=\"og:locale\" content=\"es_ES\" \/>\n<meta property=\"og:type\" content=\"article\" \/>\n<meta property=\"og:title\" content=\"ABDALA CONFIRM\u00d3 QUE EL TOUR DE LA LIBERTAD DE JAVIER MILEI LLEGA A SAN LUIS - Apuntes de San Luis\" \/>\n<meta property=\"og:description\" content=\"El candidato a senador nacional por La Libertad Avanza, Bartolo Abdala, confirm\u00f3 que el diputado...\" \/>\n<meta property=\"og:url\" content=\"https:\/\/apuntesdesanluis.com\/index.php\/2023\/09\/07\/abdala-confirmo-que-el-tour-de-la-libertad-de-javier-milei-llega-a-san-luis\/\" \/>\n<meta property=\"og:site_name\" content=\"Apuntes de San Luis\" \/>\n<meta property=\"article:published_time\" content=\"2023-09-07T12:40:25+00:00\" \/>\n<meta property=\"article:modified_time\" content=\"2023-09-07T12:41:23+00:00\" \/>\n<meta property=\"og:image\" content=\"https:\/\/apuntesdesanluis.com\/wp-content\/uploads\/2023\/09\/milei-1.png\" \/>\n\t<meta property=\"og:image:width\" content=\"713\" \/>\n\t<meta property=\"og:image:height\" content=\"403\" \/>\n\t<meta property=\"og:image:type\" content=\"image\/png\" \/>\n<meta name=\"author\" content=\"apuntesdesanluis.com\" \/>\n<meta name=\"twitter:card\" content=\"summary_large_image\" \/>\n<meta name=\"twitter:label1\" content=\"Escrito por\" \/>\n\t<meta name=\"twitter:data1\" content=\"apuntesdesanluis.com\" \/>\n\t<meta name=\"twitter:label2\" content=\"Tiempo de lectura\" \/>\n\t<meta name=\"twitter:data2\" content=\"1 minuto\" \/>\n<script type=\"application\/ld+json\" class=\"yoast-schema-graph\">{\"@context\":\"https:\/\/schema.org\",\"@graph\":[{\"@type\":\"Article\",\"@id\":\"https:\/\/apuntesdesanluis.com\/index.php\/2023\/09\/07\/abdala-confirmo-que-el-tour-de-la-libertad-de-javier-milei-llega-a-san-luis\/#article\",\"isPartOf\":{\"@id\":\"https:\/\/apuntesdesanluis.com\/index.php\/2023\/09\/07\/abdala-confirmo-que-el-tour-de-la-libertad-de-javier-milei-llega-a-san-luis\/\"},\"author\":{\"name\":\"apuntesdesanluis.com\",\"@id\":\"https:\/\/apuntesdesanluis.com\/#\/schema\/person\/b55151d52296fcce64d1a72538a70b90\"},\"headline\":\"ABDALA CONFIRM\u00d3 QUE EL TOUR DE LA LIBERTAD DE JAVIER MILEI LLEGA A SAN LUIS\",\"datePublished\":\"2023-09-07T12:40:25+00:00\",\"dateModified\":\"2023-09-07T12:41:23+00:00\",\"mainEntityOfPage\":{\"@id\":\"https:\/\/apuntesdesanluis.com\/index.php\/2023\/09\/07\/abdala-confirmo-que-el-tour-de-la-libertad-de-javier-milei-llega-a-san-luis\/\"},\"wordCount\":237,\"publisher\":{\"@id\":\"https:\/\/apuntesdesanluis.com\/#\/schema\/person\/b55151d52296fcce64d1a72538a70b90\"},\"image\":{\"@id\":\"https:\/\/apuntesdesanluis.com\/index.php\/2023\/09\/07\/abdala-confirmo-que-el-tour-de-la-libertad-de-javier-milei-llega-a-san-luis\/#primaryimage\"},\"thumbnailUrl\":\"https:\/\/apuntesdesanluis.com\/wp-content\/uploads\/2023\/09\/milei-1.png\",\"articleSection\":[\"Ciudad\/Provincia\"],\"inLanguage\":\"es-AR\"},{\"@type\":\"WebPage\",\"@id\":\"https:\/\/apuntesdesanluis.com\/index.php\/2023\/09\/07\/abdala-confirmo-que-el-tour-de-la-libertad-de-javier-milei-llega-a-san-luis\/\",\"url\":\"https:\/\/apuntesdesanluis.com\/index.php\/2023\/09\/07\/abdala-confirmo-que-el-tour-de-la-libertad-de-javier-milei-llega-a-san-luis\/\",\"name\":\"ABDALA CONFIRM\u00d3 QUE EL TOUR DE LA LIBERTAD DE JAVIER MILEI LLEGA A SAN LUIS - Apuntes de San Luis\",\"isPartOf\":{\"@id\":\"https:\/\/apuntesdesanluis.com\/#website\"},\"primaryImageOfPage\":{\"@id\":\"https:\/\/apuntesdesanluis.com\/index.php\/2023\/09\/07\/abdala-confirmo-que-el-tour-de-la-libertad-de-javier-milei-llega-a-san-luis\/#primaryimage\"},\"image\":{\"@id\":\"https:\/\/apuntesdesanluis.com\/index.php\/2023\/09\/07\/abdala-confirmo-que-el-tour-de-la-libertad-de-javier-milei-llega-a-san-luis\/#primaryimage\"},\"thumbnailUrl\":\"https:\/\/apuntesdesanluis.com\/wp-content\/uploads\/2023\/09\/milei-1.png\",\"datePublished\":\"2023-09-07T12:40:25+00:00\",\"dateModified\":\"2023-09-07T12:41:23+00:00\",\"breadcrumb\":{\"@id\":\"https:\/\/apuntesdesanluis.com\/index.php\/2023\/09\/07\/abdala-confirmo-que-el-tour-de-la-libertad-de-javier-milei-llega-a-san-luis\/#breadcrumb\"},\"inLanguage\":\"es-AR\",\"potentialAction\":[{\"@type\":\"ReadAction\",\"target\":[\"https:\/\/apuntesdesanluis.com\/index.php\/2023\/09\/07\/abdala-confirmo-que-el-tour-de-la-libertad-de-javier-milei-llega-a-san-luis\/\"]}]},{\"@type\":\"ImageObject\",\"inLanguage\":\"es-AR\",\"@id\":\"https:\/\/apuntesdesanluis.com\/index.php\/2023\/09\/07\/abdala-confirmo-que-el-tour-de-la-libertad-de-javier-milei-llega-a-san-luis\/#primaryimage\",\"url\":\"https:\/\/apuntesdesanluis.com\/wp-content\/uploads\/2023\/09\/milei-1.png\",\"contentUrl\":\"https:\/\/apuntesdesanluis.com\/wp-content\/uploads\/2023\/09\/milei-1.png\",\"width\":713,\"height\":403},{\"@type\":\"BreadcrumbList\",\"@id\":\"https:\/\/apuntesdesanluis.com\/index.php\/2023\/09\/07\/abdala-confirmo-que-el-tour-de-la-libertad-de-javier-milei-llega-a-san-luis\/#breadcrumb\",\"itemListElement\":[{\"@type\":\"ListItem\",\"position\":1,\"name\":\"Inicio\",\"item\":\"https:\/\/apuntesdesanluis.com\/\"},{\"@type\":\"ListItem\",\"position\":2,\"name\":\"ABDALA CONFIRM\u00d3 QUE EL TOUR DE LA LIBERTAD DE JAVIER MILEI LLEGA A SAN LUIS\"}]},{\"@type\":\"WebSite\",\"@id\":\"https:\/\/apuntesdesanluis.com\/#website\",\"url\":\"https:\/\/apuntesdesanluis.com\/\",\"name\":\"Apuntes de San Luis\",\"description\":\"\",\"publisher\":{\"@id\":\"https:\/\/apuntesdesanluis.com\/#\/schema\/person\/b55151d52296fcce64d1a72538a70b90\"},\"potentialAction\":[{\"@type\":\"SearchAction\",\"target\":{\"@type\":\"EntryPoint\",\"urlTemplate\":\"https:\/\/apuntesdesanluis.com\/?s={search_term_string}\"},\"query-input\":{\"@type\":\"PropertyValueSpecification\",\"valueRequired\":true,\"valueName\":\"search_term_string\"}}],\"inLanguage\":\"es-AR\"},{\"@type\":[\"Person\",\"Organization\"],\"@id\":\"https:\/\/apuntesdesanluis.com\/#\/schema\/person\/b55151d52296fcce64d1a72538a70b90\",\"name\":\"apuntesdesanluis.com\",\"image\":{\"@type\":\"ImageObject\",\"inLanguage\":\"es-AR\",\"@id\":\"https:\/\/apuntesdesanluis.com\/#\/schema\/person\/image\/\",\"url\":\"https:\/\/apuntesdesanluis.com\/wp-content\/uploads\/2023\/07\/cropped-apuntesdesanluis.png\",\"contentUrl\":\"https:\/\/apuntesdesanluis.com\/wp-content\/uploads\/2023\/07\/cropped-apuntesdesanluis.png\",\"width\":450,\"height\":112,\"caption\":\"apuntesdesanluis.com\"},\"logo\":{\"@id\":\"https:\/\/apuntesdesanluis.com\/#\/schema\/person\/image\/\"},\"sameAs\":[\"https:\/\/apuntesdesanluis.com\"],\"url\":\"https:\/\/apuntesdesanluis.com\/index.php\/author\/apuntesdesanluis-com\/\"}]}<\/script>\n<!-- \/ Yoast SEO plugin. -->","yoast_head_json":{"title":"ABDALA CONFIRM\u00d3 QUE EL TOUR DE LA LIBERTAD DE JAVIER MILEI LLEGA A SAN LUIS - Apuntes de San Luis","robots":{"index":"index","follow":"follow","max-snippet":"max-snippet:-1","max-image-preview":"max-image-preview:large","max-video-preview":"max-video-preview:-1"},"canonical":"https:\/\/apuntesdesanluis.com\/index.php\/2023\/09\/07\/abdala-confirmo-que-el-tour-de-la-libertad-de-javier-milei-llega-a-san-luis\/","og_locale":"es_ES","og_type":"article","og_title":"ABDALA CONFIRM\u00d3 QUE EL TOUR DE LA LIBERTAD DE JAVIER MILEI LLEGA A SAN LUIS - Apuntes de San Luis","og_description":"El candidato a senador nacional por La Libertad Avanza, Bartolo Abdala, confirm\u00f3 que el diputado...","og_url":"https:\/\/apuntesdesanluis.com\/index.php\/2023\/09\/07\/abdala-confirmo-que-el-tour-de-la-libertad-de-javier-milei-llega-a-san-luis\/","og_site_name":"Apuntes de San Luis","article_published_time":"2023-09-07T12:40:25+00:00","article_modified_time":"2023-09-07T12:41:23+00:00","og_image":[{"width":713,"height":403,"url":"https:\/\/apuntesdesanluis.com\/wp-content\/uploads\/2023\/09\/milei-1.png","type":"image\/png"}],"author":"apuntesdesanluis.com","twitter_card":"summary_large_image","twitter_misc":{"Escrito por":"apuntesdesanluis.com","Tiempo de lectura":"1 minuto"},"schema":{"@context":"https:\/\/schema.org","@graph":[{"@type":"Article","@id":"https:\/\/apuntesdesanluis.com\/index.php\/2023\/09\/07\/abdala-confirmo-que-el-tour-de-la-libertad-de-javier-milei-llega-a-san-luis\/#article","isPartOf":{"@id":"https:\/\/apuntesdesanluis.com\/index.php\/2023\/09\/07\/abdala-confirmo-que-el-tour-de-la-libertad-de-javier-milei-llega-a-san-luis\/"},"author":{"name":"apuntesdesanluis.com","@id":"https:\/\/apuntesdesanluis.com\/#\/schema\/person\/b55151d52296fcce64d1a72538a70b90"},"headline":"ABDALA CONFIRM\u00d3 QUE EL TOUR DE LA LIBERTAD DE JAVIER MILEI LLEGA A SAN LUIS","datePublished":"2023-09-07T12:40:25+00:00","dateModified":"2023-09-07T12:41:23+00:00","mainEntityOfPage":{"@id":"https:\/\/apuntesdesanluis.com\/index.php\/2023\/09\/07\/abdala-confirmo-que-el-tour-de-la-libertad-de-javier-milei-llega-a-san-luis\/"},"wordCount":237,"publisher":{"@id":"https:\/\/apuntesdesanluis.com\/#\/schema\/person\/b55151d52296fcce64d1a72538a70b90"},"image":{"@id":"https:\/\/apuntesdesanluis.com\/index.php\/2023\/09\/07\/abdala-confirmo-que-el-tour-de-la-libertad-de-javier-milei-llega-a-san-luis\/#primaryimage"},"thumbnailUrl":"https:\/\/apuntesdesanluis.com\/wp-content\/uploads\/2023\/09\/milei-1.png","articleSection":["Ciudad\/Provincia"],"inLanguage":"es-AR"},{"@type":"WebPage","@id":"https:\/\/apuntesdesanluis.com\/index.php\/2023\/09\/07\/abdala-confirmo-que-el-tour-de-la-libertad-de-javier-milei-llega-a-san-luis\/","url":"https:\/\/apuntesdesanluis.com\/index.php\/2023\/09\/07\/abdala-confirmo-que-el-tour-de-la-libertad-de-javier-milei-llega-a-san-luis\/","name":"ABDALA CONFIRM\u00d3 QUE EL TOUR DE LA LIBERTAD DE JAVIER MILEI LLEGA A SAN LUIS - Apuntes de San Luis","isPartOf":{"@id":"https:\/\/apuntesdesanluis.com\/#website"},"primaryImageOfPage":{"@id":"https:\/\/apuntesdesanluis.com\/index.php\/2023\/09\/07\/abdala-confirmo-que-el-tour-de-la-libertad-de-javier-milei-llega-a-san-luis\/#primaryimage"},"image":{"@id":"https:\/\/apuntesdesanluis.com\/index.php\/2023\/09\/07\/abdala-confirmo-que-el-tour-de-la-libertad-de-javier-milei-llega-a-san-luis\/#primaryimage"},"thumbnailUrl":"https:\/\/apuntesdesanluis.com\/wp-content\/uploads\/2023\/09\/milei-1.png","datePublished":"2023-09-07T12:40:25+00:00","dateModified":"2023-09-07T12:41:23+00:00","breadcrumb":{"@id":"https:\/\/apuntesdesanluis.com\/index.php\/2023\/09\/07\/abdala-confirmo-que-el-tour-de-la-libertad-de-javier-milei-llega-a-san-luis\/#breadcrumb"},"inLanguage":"es-AR","potentialAction":[{"@type":"ReadAction","target":["https:\/\/apuntesdesanluis.com\/index.php\/2023\/09\/07\/abdala-confirmo-que-el-tour-de-la-libertad-de-javier-milei-llega-a-san-luis\/"]}]},{"@type":"ImageObject","inLanguage":"es-AR","@id":"https:\/\/apuntesdesanluis.com\/index.php\/2023\/09\/07\/abdala-confirmo-que-el-tour-de-la-libertad-de-javier-milei-llega-a-san-luis\/#primaryimage","url":"https:\/\/apuntesdesanluis.com\/wp-content\/uploads\/2023\/09\/milei-1.png","contentUrl":"https:\/\/apuntesdesanluis.com\/wp-content\/uploads\/2023\/09\/milei-1.png","width":713,"height":403},{"@type":"BreadcrumbList","@id":"https:\/\/apuntesdesanluis.com\/index.php\/2023\/09\/07\/abdala-confirmo-que-el-tour-de-la-libertad-de-javier-milei-llega-a-san-luis\/#breadcrumb","itemListElement":[{"@type":"ListItem","position":1,"name":"Inicio","item":"https:\/\/apuntesdesanluis.com\/"},{"@type":"ListItem","position":2,"name":"ABDALA CONFIRM\u00d3 QUE EL TOUR DE LA LIBERTAD DE JAVIER MILEI LLEGA A SAN LUIS"}]},{"@type":"WebSite","@id":"https:\/\/apuntesdesanluis.com\/#website","url":"https:\/\/apuntesdesanluis.com\/","name":"Apuntes de San Luis","description":"","publisher":{"@id":"https:\/\/apuntesdesanluis.com\/#\/schema\/person\/b55151d52296fcce64d1a72538a70b90"},"potentialAction":[{"@type":"SearchAction","target":{"@type":"EntryPoint","urlTemplate":"https:\/\/apuntesdesanluis.com\/?s={search_term_string}"},"query-input":{"@type":"PropertyValueSpecification","valueRequired":true,"valueName":"search_term_string"}}],"inLanguage":"es-AR"},{"@type":["Person","Organization"],"@id":"https:\/\/apuntesdesanluis.com\/#\/schema\/person\/b55151d52296fcce64d1a72538a70b90","name":"apuntesdesanluis.com","image":{"@type":"ImageObject","inLanguage":"es-AR","@id":"https:\/\/apuntesdesanluis.com\/#\/schema\/person\/image\/","url":"https:\/\/apuntesdesanluis.com\/wp-content\/uploads\/2023\/07\/cropped-apuntesdesanluis.png","contentUrl":"https:\/\/apuntesdesanluis.com\/wp-content\/uploads\/2023\/07\/cropped-apuntesdesanluis.png","width":450,"height":112,"caption":"apuntesdesanluis.com"},"logo":{"@id":"https:\/\/apuntesdesanluis.com\/#\/schema\/person\/image\/"},"sameAs":["https:\/\/apuntesdesanluis.com"],"url":"https:\/\/apuntesdesanluis.com\/index.php\/author\/apuntesdesanluis-com\/"}]}},"featured_image_urls":{"full":["https:\/\/apuntesdesanluis.com\/wp-content\/uploads\/2023\/09\/milei-1.png",713,403,false],"thumbnail":["https:\/\/apuntesdesanluis.com\/wp-content\/uploads\/2023\/09\/milei-1-150x150.png",150,150,true],"medium":["https:\/\/apuntesdesanluis.com\/wp-content\/uploads\/2023\/09\/milei-1-300x170.png",300,170,true],"medium_large":["https:\/\/apuntesdesanluis.com\/wp-content\/uploads\/2023\/09\/milei-1.png",640,362,false],"large":["https:\/\/apuntesdesanluis.com\/wp-content\/uploads\/2023\/09\/milei-1.png",640,362,false],"1536x1536":["https:\/\/apuntesdesanluis.com\/wp-content\/uploads\/2023\/09\/milei-1.png",713,403,false],"2048x2048":["https:\/\/apuntesdesanluis.com\/wp-content\/uploads\/2023\/09\/milei-1.png",713,403,false],"newsever-slider-full":["https:\/\/apuntesdesanluis.com\/wp-content\/uploads\/2023\/09\/milei-1.png",713,403,false],"newsever-featured":["https:\/\/apuntesdesanluis.com\/wp-content\/uploads\/2023\/09\/milei-1.png",713,403,false],"newsever-medium":["https:\/\/apuntesdesanluis.com\/wp-content\/uploads\/2023\/09\/milei-1.png",713,403,false]},"author_info":{"display_name":"apuntesdesanluis.com","author_link":"https:\/\/apuntesdesanluis.com\/index.php\/author\/apuntesdesanluis-com\/"},"category_info":"<a href=\"https:\/\/apuntesdesanluis.com\/index.php\/category\/ciudad-provincia\/\" rel=\"category tag\">Ciudad\/Provincia<\/a>","tag_info":"Ciudad\/Provincia","comment_count":"0","_links":{"self":[{"href":"https:\/\/apuntesdesanluis.com\/index.php\/wp-json\/wp\/v2\/posts\/2879","targetHints":{"allow":["GET"]}}],"collection":[{"href":"https:\/\/apuntesdesanluis.com\/index.php\/wp-json\/wp\/v2\/posts"}],"about":[{"href":"https:\/\/apuntesdesanluis.com\/index.php\/wp-json\/wp\/v2\/types\/post"}],"author":[{"embeddable":true,"href":"https:\/\/apuntesdesanluis.com\/index.php\/wp-json\/wp\/v2\/users\/1"}],"replies":[{"embeddable":true,"href":"https:\/\/apuntesdesanluis.com\/index.php\/wp-json\/wp\/v2\/comments?post=2879"}],"version-history":[{"count":2,"href":"https:\/\/apuntesdesanluis.com\/index.php\/wp-json\/wp\/v2\/posts\/2879\/revisions"}],"predecessor-version":[{"id":2882,"href":"https:\/\/apuntesdesanluis.com\/index.php\/wp-json\/wp\/v2\/posts\/2879\/revisions\/2882"}],"wp:featuredmedia":[{"embeddable":true,"href":"https:\/\/apuntesdesanluis.com\/index.php\/wp-json\/wp\/v2\/media\/2880"}],"wp:attachment":[{"href":"https:\/\/apuntesdesanluis.com\/index.php\/wp-json\/wp\/v2\/media?parent=2879"}],"wp:term":[{"taxonomy":"category","embeddable":true,"href":"https:\/\/apuntesdesanluis.com\/index.php\/wp-json\/wp\/v2\/categories?post=2879"},{"taxonomy":"post_tag","embeddable":true,"href":"https:\/\/apuntesdesanluis.com\/index.php\/wp-json\/wp\/v2\/tags?post=2879"}],"curies":[{"name":"wp","href":"https:\/\/api.w.org\/{rel}","templated":true}]}}