{"id":28790,"date":"2025-02-05T20:03:20","date_gmt":"2025-02-05T23:03:20","guid":{"rendered":"https:\/\/apuntesdesanluis.com\/?p=28790"},"modified":"2025-02-06T10:10:59","modified_gmt":"2025-02-06T13:10:59","slug":"se-presento-en-sociedad-el-frente-por-la-justicia-social","status":"publish","type":"post","link":"https:\/\/apuntesdesanluis.com\/index.php\/2025\/02\/05\/se-presento-en-sociedad-el-frente-por-la-justicia-social\/","title":{"rendered":"SE PRESENT\u00d3 EN SOCIEDAD EL FRENTE POR LA JUSTICIA SOCIAL"},"content":{"rendered":"<h3>Se present\u00f3 este mi\u00e9rcoles en San Luis el frente electoral anti Milei, denominado <strong>\u201cJusticia Social\u201d<\/strong>, que agrupa a representantes de diversos partidos y organizaciones, y cuyo posicionamiento pol\u00edtico es su oposici\u00f3n al gobierno de <strong>Javier Milei<\/strong> y hacia la gesti\u00f3n del gobernador <strong>Claudio Poggi<\/strong>.<\/h3>\n<h3>Teniendo como norte las elecciones del 11 de mayo, el lanzamiento de este frente impacta directamente en el volumen pol\u00edtico del PJ, dado que en su mayor\u00eda los sectores que lo componen supieron integrar las sucesivas coaliciones electorales de cu\u00f1o peronista, impulsadas por los anteriores gobiernos.<\/h3>\n<h3>Durante la conferencia de prensa, los participantes enfatizaron la necesidad de abrir nuevos debates y construir un proyecto pol\u00edtico a futuro, m\u00e1s all\u00e1 de las pr\u00f3ximas elecciones del 11 de mayo.<\/h3>\n<h3>Seg\u00fan sus dirigentes, el frente busca \u201cofrecer alternativas y dar contenci\u00f3n al pueblo\u201d, enfrentando lo que consideran pol\u00edticas perjudiciales tanto a nivel nacional como provincial.<\/h3>\n<h3>En lo que aparece como una escisi\u00f3n del PJ, el Frente por la Justicia Social est\u00e1 integrado por el\u00a0 <strong>Movimiento de Unidad Vecinal Provincial<\/strong> (Luis \u201cPiri\u201d Macagno), <strong>Partido del Trabajo y del Pueblo<\/strong> (Diego Costa), <strong>Partido Comunista<\/strong> (Claudia San Mart\u00edn), <strong>Asociaci\u00f3n Trabajadores del Estado y la Central de Trabajadores Aut\u00f3nomas<\/strong> (Fernando Gatica), <strong>Partido Tierra, Techo y Trabajo<\/strong> (Mariela Cross) y el <strong>Partido de Lealtad Sanluise\u00f1a<\/strong> (Guillermo Limbrici).<\/h3>\n<h3>Otros referentes presentes fueron el <strong>Daniel Sosa<\/strong> (Movimiento Evita), el ex diputado provincial <strong>Juan Larrea<\/strong> (Partido Comunista) y la ex funcionaria municipal en la gesti\u00f3n Ponce, <strong>Dolores Lucero Belgrano<\/strong>, entre otros.<\/h3>\n<h3>Gatica expres\u00f3 que el \u201cfrente que va a luchar y que va a confrontar de lleno contra las pol\u00edticas del gobierno de Milei, contra las pol\u00edticas del Gobierno provincial y contra todos aquellos que hoy tienen una gran responsabilidad de sacar a nuestro pueblo de esta situaci\u00f3n de hambre, desocupaci\u00f3n y necesidades\u201d.<\/h3>\n<h3>Por su parte Macagno se\u00f1al\u00f3 sentir \u201corgullo de compartir este espacio con compa\u00f1eros leales, honestos trabajadores y con una conciencia social que no se encuentra en otros espacios\u201d.<\/h3>\n<h3>El ex ministro de Turismo de Alberto Rodr\u00edguez Sa\u00e1 explic\u00f3 que \u201cla llegada de Milei es lo peor que le ha pasado a la Argentina desde la dictadura a la fecha\u201d. En tanto que \u201cla llegada de Poggi en la provincia ha sido un desastre, no solo ha avalado, sino que ha profundizado algunas de las pol\u00edticas que ha llevado adelante Milei a nivel nacional, todo lo que tiene que ver con destrucci\u00f3n del empleo, aumento de la pobreza, destrucci\u00f3n del aparato productivo y eso se traduce tambi\u00e9n en San Luis\u201d, fustig\u00f3, a\u00f1adiendo que el ajuste lo est\u00e1n pagando los trabajadores p\u00fablicos provinciales.<\/h3>\n<h3><\/h3>\n<h3><\/h3>\n<p>&nbsp;<\/p>\n","protected":false},"excerpt":{"rendered":"<p>Se present\u00f3 este mi\u00e9rcoles en San Luis el frente electoral anti Milei, denominado \u201cJusticia Social\u201d,&#8230;<\/p>\n","protected":false},"author":1,"featured_media":28791,"comment_status":"closed","ping_status":"closed","sticky":false,"template":"","format":"standard","meta":{"footnotes":""},"categories":[6],"tags":[],"class_list":["post-28790","post","type-post","status-publish","format-standard","has-post-thumbnail","hentry","category-ciudad-provincia"],"yoast_head":"<!-- This site is optimized with the Yoast SEO plugin v26.1.1 - https:\/\/yoast.com\/wordpress\/plugins\/seo\/ -->\n<title>SE PRESENT\u00d3 EN SOCIEDAD EL FRENTE POR LA JUSTICIA SOCIAL - Apuntes de San Luis<\/title>\n<meta name=\"robots\" content=\"index, follow, max-snippet:-1, max-image-preview:large, max-video-preview:-1\" \/>\n<link rel=\"canonical\" href=\"https:\/\/apuntesdesanluis.com\/index.php\/2025\/02\/05\/se-presento-en-sociedad-el-frente-por-la-justicia-social\/\" \/>\n<meta property=\"og:locale\" content=\"es_ES\" \/>\n<meta property=\"og:type\" content=\"article\" \/>\n<meta property=\"og:title\" content=\"SE PRESENT\u00d3 EN SOCIEDAD EL FRENTE POR LA JUSTICIA SOCIAL - Apuntes de San Luis\" \/>\n<meta property=\"og:description\" content=\"Se present\u00f3 este mi\u00e9rcoles en San Luis el frente electoral anti Milei, denominado \u201cJusticia Social\u201d,...\" \/>\n<meta property=\"og:url\" content=\"https:\/\/apuntesdesanluis.com\/index.php\/2025\/02\/05\/se-presento-en-sociedad-el-frente-por-la-justicia-social\/\" \/>\n<meta property=\"og:site_name\" content=\"Apuntes de San Luis\" \/>\n<meta property=\"article:published_time\" content=\"2025-02-05T23:03:20+00:00\" \/>\n<meta property=\"article:modified_time\" content=\"2025-02-06T13:10:59+00:00\" \/>\n<meta property=\"og:image\" content=\"https:\/\/apuntesdesanluis.com\/wp-content\/uploads\/2025\/02\/frente-antimilei.png\" \/>\n\t<meta property=\"og:image:width\" content=\"800\" \/>\n\t<meta property=\"og:image:height\" content=\"503\" \/>\n\t<meta property=\"og:image:type\" content=\"image\/png\" \/>\n<meta name=\"author\" content=\"apuntesdesanluis.com\" \/>\n<meta name=\"twitter:card\" content=\"summary_large_image\" \/>\n<meta name=\"twitter:label1\" content=\"Escrito por\" \/>\n\t<meta name=\"twitter:data1\" content=\"apuntesdesanluis.com\" \/>\n\t<meta name=\"twitter:label2\" content=\"Tiempo de lectura\" \/>\n\t<meta name=\"twitter:data2\" content=\"3 minutos\" \/>\n<script type=\"application\/ld+json\" class=\"yoast-schema-graph\">{\"@context\":\"https:\/\/schema.org\",\"@graph\":[{\"@type\":\"Article\",\"@id\":\"https:\/\/apuntesdesanluis.com\/index.php\/2025\/02\/05\/se-presento-en-sociedad-el-frente-por-la-justicia-social\/#article\",\"isPartOf\":{\"@id\":\"https:\/\/apuntesdesanluis.com\/index.php\/2025\/02\/05\/se-presento-en-sociedad-el-frente-por-la-justicia-social\/\"},\"author\":{\"name\":\"apuntesdesanluis.com\",\"@id\":\"https:\/\/apuntesdesanluis.com\/#\/schema\/person\/b55151d52296fcce64d1a72538a70b90\"},\"headline\":\"SE PRESENT\u00d3 EN SOCIEDAD EL FRENTE POR LA JUSTICIA SOCIAL\",\"datePublished\":\"2025-02-05T23:03:20+00:00\",\"dateModified\":\"2025-02-06T13:10:59+00:00\",\"mainEntityOfPage\":{\"@id\":\"https:\/\/apuntesdesanluis.com\/index.php\/2025\/02\/05\/se-presento-en-sociedad-el-frente-por-la-justicia-social\/\"},\"wordCount\":469,\"publisher\":{\"@id\":\"https:\/\/apuntesdesanluis.com\/#\/schema\/person\/b55151d52296fcce64d1a72538a70b90\"},\"image\":{\"@id\":\"https:\/\/apuntesdesanluis.com\/index.php\/2025\/02\/05\/se-presento-en-sociedad-el-frente-por-la-justicia-social\/#primaryimage\"},\"thumbnailUrl\":\"https:\/\/apuntesdesanluis.com\/wp-content\/uploads\/2025\/02\/frente-antimilei.png\",\"articleSection\":[\"Ciudad\/Provincia\"],\"inLanguage\":\"es-AR\"},{\"@type\":\"WebPage\",\"@id\":\"https:\/\/apuntesdesanluis.com\/index.php\/2025\/02\/05\/se-presento-en-sociedad-el-frente-por-la-justicia-social\/\",\"url\":\"https:\/\/apuntesdesanluis.com\/index.php\/2025\/02\/05\/se-presento-en-sociedad-el-frente-por-la-justicia-social\/\",\"name\":\"SE PRESENT\u00d3 EN SOCIEDAD EL FRENTE POR LA JUSTICIA SOCIAL - Apuntes de San Luis\",\"isPartOf\":{\"@id\":\"https:\/\/apuntesdesanluis.com\/#website\"},\"primaryImageOfPage\":{\"@id\":\"https:\/\/apuntesdesanluis.com\/index.php\/2025\/02\/05\/se-presento-en-sociedad-el-frente-por-la-justicia-social\/#primaryimage\"},\"image\":{\"@id\":\"https:\/\/apuntesdesanluis.com\/index.php\/2025\/02\/05\/se-presento-en-sociedad-el-frente-por-la-justicia-social\/#primaryimage\"},\"thumbnailUrl\":\"https:\/\/apuntesdesanluis.com\/wp-content\/uploads\/2025\/02\/frente-antimilei.png\",\"datePublished\":\"2025-02-05T23:03:20+00:00\",\"dateModified\":\"2025-02-06T13:10:59+00:00\",\"breadcrumb\":{\"@id\":\"https:\/\/apuntesdesanluis.com\/index.php\/2025\/02\/05\/se-presento-en-sociedad-el-frente-por-la-justicia-social\/#breadcrumb\"},\"inLanguage\":\"es-AR\",\"potentialAction\":[{\"@type\":\"ReadAction\",\"target\":[\"https:\/\/apuntesdesanluis.com\/index.php\/2025\/02\/05\/se-presento-en-sociedad-el-frente-por-la-justicia-social\/\"]}]},{\"@type\":\"ImageObject\",\"inLanguage\":\"es-AR\",\"@id\":\"https:\/\/apuntesdesanluis.com\/index.php\/2025\/02\/05\/se-presento-en-sociedad-el-frente-por-la-justicia-social\/#primaryimage\",\"url\":\"https:\/\/apuntesdesanluis.com\/wp-content\/uploads\/2025\/02\/frente-antimilei.png\",\"contentUrl\":\"https:\/\/apuntesdesanluis.com\/wp-content\/uploads\/2025\/02\/frente-antimilei.png\",\"width\":800,\"height\":503},{\"@type\":\"BreadcrumbList\",\"@id\":\"https:\/\/apuntesdesanluis.com\/index.php\/2025\/02\/05\/se-presento-en-sociedad-el-frente-por-la-justicia-social\/#breadcrumb\",\"itemListElement\":[{\"@type\":\"ListItem\",\"position\":1,\"name\":\"Inicio\",\"item\":\"https:\/\/apuntesdesanluis.com\/\"},{\"@type\":\"ListItem\",\"position\":2,\"name\":\"SE PRESENT\u00d3 EN SOCIEDAD EL FRENTE POR LA JUSTICIA SOCIAL\"}]},{\"@type\":\"WebSite\",\"@id\":\"https:\/\/apuntesdesanluis.com\/#website\",\"url\":\"https:\/\/apuntesdesanluis.com\/\",\"name\":\"Apuntes de San Luis\",\"description\":\"\",\"publisher\":{\"@id\":\"https:\/\/apuntesdesanluis.com\/#\/schema\/person\/b55151d52296fcce64d1a72538a70b90\"},\"potentialAction\":[{\"@type\":\"SearchAction\",\"target\":{\"@type\":\"EntryPoint\",\"urlTemplate\":\"https:\/\/apuntesdesanluis.com\/?s={search_term_string}\"},\"query-input\":{\"@type\":\"PropertyValueSpecification\",\"valueRequired\":true,\"valueName\":\"search_term_string\"}}],\"inLanguage\":\"es-AR\"},{\"@type\":[\"Person\",\"Organization\"],\"@id\":\"https:\/\/apuntesdesanluis.com\/#\/schema\/person\/b55151d52296fcce64d1a72538a70b90\",\"name\":\"apuntesdesanluis.com\",\"image\":{\"@type\":\"ImageObject\",\"inLanguage\":\"es-AR\",\"@id\":\"https:\/\/apuntesdesanluis.com\/#\/schema\/person\/image\/\",\"url\":\"https:\/\/apuntesdesanluis.com\/wp-content\/uploads\/2023\/07\/cropped-apuntesdesanluis.png\",\"contentUrl\":\"https:\/\/apuntesdesanluis.com\/wp-content\/uploads\/2023\/07\/cropped-apuntesdesanluis.png\",\"width\":450,\"height\":112,\"caption\":\"apuntesdesanluis.com\"},\"logo\":{\"@id\":\"https:\/\/apuntesdesanluis.com\/#\/schema\/person\/image\/\"},\"sameAs\":[\"https:\/\/apuntesdesanluis.com\"],\"url\":\"https:\/\/apuntesdesanluis.com\/index.php\/author\/apuntesdesanluis-com\/\"}]}<\/script>\n<!-- \/ Yoast SEO plugin. -->","yoast_head_json":{"title":"SE PRESENT\u00d3 EN SOCIEDAD EL FRENTE POR LA JUSTICIA SOCIAL - Apuntes de San Luis","robots":{"index":"index","follow":"follow","max-snippet":"max-snippet:-1","max-image-preview":"max-image-preview:large","max-video-preview":"max-video-preview:-1"},"canonical":"https:\/\/apuntesdesanluis.com\/index.php\/2025\/02\/05\/se-presento-en-sociedad-el-frente-por-la-justicia-social\/","og_locale":"es_ES","og_type":"article","og_title":"SE PRESENT\u00d3 EN SOCIEDAD EL FRENTE POR LA JUSTICIA SOCIAL - Apuntes de San Luis","og_description":"Se present\u00f3 este mi\u00e9rcoles en San Luis el frente electoral anti Milei, denominado \u201cJusticia Social\u201d,...","og_url":"https:\/\/apuntesdesanluis.com\/index.php\/2025\/02\/05\/se-presento-en-sociedad-el-frente-por-la-justicia-social\/","og_site_name":"Apuntes de San Luis","article_published_time":"2025-02-05T23:03:20+00:00","article_modified_time":"2025-02-06T13:10:59+00:00","og_image":[{"width":800,"height":503,"url":"https:\/\/apuntesdesanluis.com\/wp-content\/uploads\/2025\/02\/frente-antimilei.png","type":"image\/png"}],"author":"apuntesdesanluis.com","twitter_card":"summary_large_image","twitter_misc":{"Escrito por":"apuntesdesanluis.com","Tiempo de lectura":"3 minutos"},"schema":{"@context":"https:\/\/schema.org","@graph":[{"@type":"Article","@id":"https:\/\/apuntesdesanluis.com\/index.php\/2025\/02\/05\/se-presento-en-sociedad-el-frente-por-la-justicia-social\/#article","isPartOf":{"@id":"https:\/\/apuntesdesanluis.com\/index.php\/2025\/02\/05\/se-presento-en-sociedad-el-frente-por-la-justicia-social\/"},"author":{"name":"apuntesdesanluis.com","@id":"https:\/\/apuntesdesanluis.com\/#\/schema\/person\/b55151d52296fcce64d1a72538a70b90"},"headline":"SE PRESENT\u00d3 EN SOCIEDAD EL FRENTE POR LA JUSTICIA SOCIAL","datePublished":"2025-02-05T23:03:20+00:00","dateModified":"2025-02-06T13:10:59+00:00","mainEntityOfPage":{"@id":"https:\/\/apuntesdesanluis.com\/index.php\/2025\/02\/05\/se-presento-en-sociedad-el-frente-por-la-justicia-social\/"},"wordCount":469,"publisher":{"@id":"https:\/\/apuntesdesanluis.com\/#\/schema\/person\/b55151d52296fcce64d1a72538a70b90"},"image":{"@id":"https:\/\/apuntesdesanluis.com\/index.php\/2025\/02\/05\/se-presento-en-sociedad-el-frente-por-la-justicia-social\/#primaryimage"},"thumbnailUrl":"https:\/\/apuntesdesanluis.com\/wp-content\/uploads\/2025\/02\/frente-antimilei.png","articleSection":["Ciudad\/Provincia"],"inLanguage":"es-AR"},{"@type":"WebPage","@id":"https:\/\/apuntesdesanluis.com\/index.php\/2025\/02\/05\/se-presento-en-sociedad-el-frente-por-la-justicia-social\/","url":"https:\/\/apuntesdesanluis.com\/index.php\/2025\/02\/05\/se-presento-en-sociedad-el-frente-por-la-justicia-social\/","name":"SE PRESENT\u00d3 EN SOCIEDAD EL FRENTE POR LA JUSTICIA SOCIAL - Apuntes de San Luis","isPartOf":{"@id":"https:\/\/apuntesdesanluis.com\/#website"},"primaryImageOfPage":{"@id":"https:\/\/apuntesdesanluis.com\/index.php\/2025\/02\/05\/se-presento-en-sociedad-el-frente-por-la-justicia-social\/#primaryimage"},"image":{"@id":"https:\/\/apuntesdesanluis.com\/index.php\/2025\/02\/05\/se-presento-en-sociedad-el-frente-por-la-justicia-social\/#primaryimage"},"thumbnailUrl":"https:\/\/apuntesdesanluis.com\/wp-content\/uploads\/2025\/02\/frente-antimilei.png","datePublished":"2025-02-05T23:03:20+00:00","dateModified":"2025-02-06T13:10:59+00:00","breadcrumb":{"@id":"https:\/\/apuntesdesanluis.com\/index.php\/2025\/02\/05\/se-presento-en-sociedad-el-frente-por-la-justicia-social\/#breadcrumb"},"inLanguage":"es-AR","potentialAction":[{"@type":"ReadAction","target":["https:\/\/apuntesdesanluis.com\/index.php\/2025\/02\/05\/se-presento-en-sociedad-el-frente-por-la-justicia-social\/"]}]},{"@type":"ImageObject","inLanguage":"es-AR","@id":"https:\/\/apuntesdesanluis.com\/index.php\/2025\/02\/05\/se-presento-en-sociedad-el-frente-por-la-justicia-social\/#primaryimage","url":"https:\/\/apuntesdesanluis.com\/wp-content\/uploads\/2025\/02\/frente-antimilei.png","contentUrl":"https:\/\/apuntesdesanluis.com\/wp-content\/uploads\/2025\/02\/frente-antimilei.png","width":800,"height":503},{"@type":"BreadcrumbList","@id":"https:\/\/apuntesdesanluis.com\/index.php\/2025\/02\/05\/se-presento-en-sociedad-el-frente-por-la-justicia-social\/#breadcrumb","itemListElement":[{"@type":"ListItem","position":1,"name":"Inicio","item":"https:\/\/apuntesdesanluis.com\/"},{"@type":"ListItem","position":2,"name":"SE PRESENT\u00d3 EN SOCIEDAD EL FRENTE POR LA JUSTICIA SOCIAL"}]},{"@type":"WebSite","@id":"https:\/\/apuntesdesanluis.com\/#website","url":"https:\/\/apuntesdesanluis.com\/","name":"Apuntes de San Luis","description":"","publisher":{"@id":"https:\/\/apuntesdesanluis.com\/#\/schema\/person\/b55151d52296fcce64d1a72538a70b90"},"potentialAction":[{"@type":"SearchAction","target":{"@type":"EntryPoint","urlTemplate":"https:\/\/apuntesdesanluis.com\/?s={search_term_string}"},"query-input":{"@type":"PropertyValueSpecification","valueRequired":true,"valueName":"search_term_string"}}],"inLanguage":"es-AR"},{"@type":["Person","Organization"],"@id":"https:\/\/apuntesdesanluis.com\/#\/schema\/person\/b55151d52296fcce64d1a72538a70b90","name":"apuntesdesanluis.com","image":{"@type":"ImageObject","inLanguage":"es-AR","@id":"https:\/\/apuntesdesanluis.com\/#\/schema\/person\/image\/","url":"https:\/\/apuntesdesanluis.com\/wp-content\/uploads\/2023\/07\/cropped-apuntesdesanluis.png","contentUrl":"https:\/\/apuntesdesanluis.com\/wp-content\/uploads\/2023\/07\/cropped-apuntesdesanluis.png","width":450,"height":112,"caption":"apuntesdesanluis.com"},"logo":{"@id":"https:\/\/apuntesdesanluis.com\/#\/schema\/person\/image\/"},"sameAs":["https:\/\/apuntesdesanluis.com"],"url":"https:\/\/apuntesdesanluis.com\/index.php\/author\/apuntesdesanluis-com\/"}]}},"featured_image_urls":{"full":["https:\/\/apuntesdesanluis.com\/wp-content\/uploads\/2025\/02\/frente-antimilei.png",800,503,false],"thumbnail":["https:\/\/apuntesdesanluis.com\/wp-content\/uploads\/2025\/02\/frente-antimilei-150x150.png",150,150,true],"medium":["https:\/\/apuntesdesanluis.com\/wp-content\/uploads\/2025\/02\/frente-antimilei-300x189.png",300,189,true],"medium_large":["https:\/\/apuntesdesanluis.com\/wp-content\/uploads\/2025\/02\/frente-antimilei-768x483.png",640,403,true],"large":["https:\/\/apuntesdesanluis.com\/wp-content\/uploads\/2025\/02\/frente-antimilei.png",640,402,false],"1536x1536":["https:\/\/apuntesdesanluis.com\/wp-content\/uploads\/2025\/02\/frente-antimilei.png",800,503,false],"2048x2048":["https:\/\/apuntesdesanluis.com\/wp-content\/uploads\/2025\/02\/frente-antimilei.png",800,503,false],"newsever-slider-full":["https:\/\/apuntesdesanluis.com\/wp-content\/uploads\/2025\/02\/frente-antimilei.png",800,503,false],"newsever-featured":["https:\/\/apuntesdesanluis.com\/wp-content\/uploads\/2025\/02\/frente-antimilei.png",800,503,false],"newsever-medium":["https:\/\/apuntesdesanluis.com\/wp-content\/uploads\/2025\/02\/frente-antimilei-720x475.png",720,475,true]},"author_info":{"display_name":"apuntesdesanluis.com","author_link":"https:\/\/apuntesdesanluis.com\/index.php\/author\/apuntesdesanluis-com\/"},"category_info":"<a href=\"https:\/\/apuntesdesanluis.com\/index.php\/category\/ciudad-provincia\/\" rel=\"category tag\">Ciudad\/Provincia<\/a>","tag_info":"Ciudad\/Provincia","comment_count":"0","_links":{"self":[{"href":"https:\/\/apuntesdesanluis.com\/index.php\/wp-json\/wp\/v2\/posts\/28790","targetHints":{"allow":["GET"]}}],"collection":[{"href":"https:\/\/apuntesdesanluis.com\/index.php\/wp-json\/wp\/v2\/posts"}],"about":[{"href":"https:\/\/apuntesdesanluis.com\/index.php\/wp-json\/wp\/v2\/types\/post"}],"author":[{"embeddable":true,"href":"https:\/\/apuntesdesanluis.com\/index.php\/wp-json\/wp\/v2\/users\/1"}],"replies":[{"embeddable":true,"href":"https:\/\/apuntesdesanluis.com\/index.php\/wp-json\/wp\/v2\/comments?post=28790"}],"version-history":[{"count":3,"href":"https:\/\/apuntesdesanluis.com\/index.php\/wp-json\/wp\/v2\/posts\/28790\/revisions"}],"predecessor-version":[{"id":28794,"href":"https:\/\/apuntesdesanluis.com\/index.php\/wp-json\/wp\/v2\/posts\/28790\/revisions\/28794"}],"wp:featuredmedia":[{"embeddable":true,"href":"https:\/\/apuntesdesanluis.com\/index.php\/wp-json\/wp\/v2\/media\/28791"}],"wp:attachment":[{"href":"https:\/\/apuntesdesanluis.com\/index.php\/wp-json\/wp\/v2\/media?parent=28790"}],"wp:term":[{"taxonomy":"category","embeddable":true,"href":"https:\/\/apuntesdesanluis.com\/index.php\/wp-json\/wp\/v2\/categories?post=28790"},{"taxonomy":"post_tag","embeddable":true,"href":"https:\/\/apuntesdesanluis.com\/index.php\/wp-json\/wp\/v2\/tags?post=28790"}],"curies":[{"name":"wp","href":"https:\/\/api.w.org\/{rel}","templated":true}]}}