{"id":28795,"date":"2025-02-06T17:27:01","date_gmt":"2025-02-06T20:27:01","guid":{"rendered":"https:\/\/apuntesdesanluis.com\/?p=28795"},"modified":"2025-02-06T17:27:01","modified_gmt":"2025-02-06T20:27:01","slug":"por-primera-vez-los-estudiantes-tendran-el-boleto-educativo-interurbano-sin-costo","status":"publish","type":"post","link":"https:\/\/apuntesdesanluis.com\/index.php\/2025\/02\/06\/por-primera-vez-los-estudiantes-tendran-el-boleto-educativo-interurbano-sin-costo\/","title":{"rendered":"POR PRIMERA VEZ, LOS ESTUDIANTES TENDR\u00c1N EL BOLETO EDUCATIVO INTERURBANO SIN COSTO"},"content":{"rendered":"<h3>Este jueves, el gobernador <strong>Claudio Poggi<\/strong> encabez\u00f3 la presentaci\u00f3n del programa, que bonifica al ciento por ciento el pasaje de los alumnos para trasladarse a la escuela en la que estudian, en caso que est\u00e9 en una ciudad o localidad distinta a su domicilio. Alcanza a m\u00e1s de 2.500 estudiantes de todos los niveles menos a universitarios.<\/h3>\n<h3>Junto al secretario de Transporte, <strong>V\u00edctor Cianchino<\/strong>, el Primer Mandatario present\u00f3 el <strong>Boleto Educativo Interurbano (BEI),<\/strong> que se implementa por primera vez en la historia de San Luis, como una forma de garantizar a ni\u00f1os y adolescentes el acceso a la educaci\u00f3n, eliminando la barrera de la imposibilidad de trasladarse. Alcanza a 2.539 estudiantes de los niveles Inicial, Primario y Secundario. Para el Ejecutivo provincial, este programa implica una inversi\u00f3n de $2.705 millones.<\/h3>\n<h3>Desde este <strong>viernes 7<\/strong> se podr\u00e1 comenzar a gestionar de modo online. \u201cEsta medida se enmarca en la pol\u00edtica p\u00fablica m\u00e1s importante que promovemos desde el Gobierno de San Luis, que es la educaci\u00f3n. La verdad es que no son muchos los dirigentes y los empresarios en el pa\u00eds que hablen de educaci\u00f3n\u201d, asegur\u00f3 Poggi, antes de confirmar que en su gesti\u00f3n s\u00ed lo har\u00e1, y mucho.<\/h3>\n<h3>Luego, mencion\u00f3 las acciones que, desde diciembre de 2023, la Provincia ha implementado para asegurar el ingreso y permanencia de los estudiantes en el sistema educativo provincial y ofrecerles las mejores condiciones para el aprendizaje, entre ellas, la universalizaci\u00f3n de la sala de 3 a\u00f1os, el Plan Alimentario Nutricional Escolar (PANE), los concursos y capacitaciones para aspirantes a dirigir escuelas y las mejoras en la infraestructura escolar.<\/h3>\n<p><iframe title=\"Victor Cianchino, Secretario de Transporte\" width=\"640\" height=\"360\" src=\"https:\/\/www.youtube.com\/embed\/Sc8lq9nTYck?feature=oembed\" frameborder=\"0\" allow=\"accelerometer; autoplay; clipboard-write; encrypted-media; gyroscope; picture-in-picture; web-share\" referrerpolicy=\"strict-origin-when-cross-origin\" allowfullscreen><\/iframe><\/p>\n<h3>El BEI \u201ces para los chicos que viven en un lugar y tienen que movilizarse porque estudian en otro. Es una noticia que quer\u00edamos compartir con ustedes, porque la verdad es que forma parte de las pol\u00edticas p\u00fablicas que tienden a hacer m\u00e1s accesible el conocimiento y la educaci\u00f3n, convencidos de que \u00e9se es el camino\u201d, expres\u00f3 Poggi. Lo escuchaban en la sala intendentes, algunos de los cuales recordaron que esta es una medida largamente solicitada y anhelada, empresarios del transporte y representantes gremiales de ese rubro.<\/h3>\n<h3>Con el BEI, cada estudiante podr\u00e1 tener al boleto con un descuento del 100% en pasajes de corta distancia. Abarca a los alumnos de las instituciones educativas p\u00fablicas de gesti\u00f3n estatal y de gesti\u00f3n privada con aporte estatal que integran el sistema educativo p\u00fablico en la provincia.<\/h3>\n<p><img fetchpriority=\"high\" decoding=\"async\" class=\"wp-image-28797 aligncenter\" src=\"https:\/\/apuntesdesanluis.com\/wp-content\/uploads\/2025\/02\/gianchino-300x208.png\" alt=\"\" width=\"623\" height=\"432\" srcset=\"https:\/\/apuntesdesanluis.com\/wp-content\/uploads\/2025\/02\/gianchino-300x208.png 300w, https:\/\/apuntesdesanluis.com\/wp-content\/uploads\/2025\/02\/gianchino-768x531.png 768w, https:\/\/apuntesdesanluis.com\/wp-content\/uploads\/2025\/02\/gianchino.png 779w\" sizes=\"(max-width: 623px) 100vw, 623px\" \/><\/p>\n<h3>Al inicio de la presentaci\u00f3n, el secretario de Transporte ofreci\u00f3 algunos n\u00fameros: dijo que el sistema de transporte p\u00fablico en 2024 registr\u00f3 113.139 usuarios, y que el aporte provincial fue de $10.787 millones. Destac\u00f3 tambi\u00e9n que, en el contexto econ\u00f3mico general y en el estado en el que estaban las arcas del Gobierno cuando iniciaron la gesti\u00f3n a fines de 2023, hubo que aplicar reglas de austeridad, dialogar con las partes vinculadas al servicio de transporte y sum\u00f3 que, gracias a un esfuerzo en el manejo de los recursos, el BEI pudo convertirse en una realidad.<\/h3>\n<h3>En cuanto a los requisitos, seg\u00fan explic\u00f3 Cianchino, el estudiante debe vivir en un domicilio distinto al de la localidad donde se encuentra ubicado el centro educativo en el que cursa. Debe ser alumno regular y el ingreso de su grupo familiar no debe superar el equivalente a cuatro salarios m\u00ednimos, vitales y m\u00f3viles. Hecha la inscripci\u00f3n, el Estado se encargar\u00e1 de hacer las verificaciones correspondientes, para saber si cumple con las condiciones, indic\u00f3.<\/h3>\n<h3>Para gestionarlo, es necesario llenar un formulario online, sin necesidad de presentar documentaci\u00f3n de manera presencial. Podr\u00e1n hacerlo ingresando a este link. All\u00ed encontrar\u00e1n el formulario, dentro del men\u00fa. Una vez que se completa la solicitud, permanecer\u00e1 en estado \u2018pendiente\u2019 mientras el sistema valida los datos ingresados. Tras verificar la informaci\u00f3n, se proceder\u00e1 a la activaci\u00f3n del beneficio y luego se avisar\u00e1 al usuario para que retire la tarjeta f\u00edsica, dijo Cianchino. Ya con la tarjeta en mano, podr\u00e1 acceder al beneficio.<\/h3>\n<h3>En el pl\u00e1stico se cargar\u00e1n los viajes durante los d\u00edas h\u00e1biles escolares, de lunes a viernes. El per\u00edodo de uso abarca desde el primer d\u00eda del ciclo lectivo hasta el \u00faltimo d\u00eda h\u00e1bil del 2025, especific\u00f3.<\/h3>\n<p>&nbsp;<\/p>\n<p>&nbsp;<\/p>\n<p>&nbsp;<\/p>\n","protected":false},"excerpt":{"rendered":"<p>Este jueves, el gobernador Claudio Poggi encabez\u00f3 la presentaci\u00f3n del programa, que bonifica al ciento&#8230;<\/p>\n","protected":false},"author":1,"featured_media":28796,"comment_status":"closed","ping_status":"closed","sticky":false,"template":"","format":"standard","meta":{"footnotes":""},"categories":[6],"tags":[],"class_list":["post-28795","post","type-post","status-publish","format-standard","has-post-thumbnail","hentry","category-ciudad-provincia"],"yoast_head":"<!-- This site is optimized with the Yoast SEO plugin v26.1.1 - https:\/\/yoast.com\/wordpress\/plugins\/seo\/ -->\n<title>POR PRIMERA VEZ, LOS ESTUDIANTES TENDR\u00c1N EL BOLETO EDUCATIVO INTERURBANO SIN COSTO - Apuntes de San Luis<\/title>\n<meta name=\"robots\" content=\"index, follow, max-snippet:-1, max-image-preview:large, max-video-preview:-1\" \/>\n<link rel=\"canonical\" href=\"https:\/\/apuntesdesanluis.com\/index.php\/2025\/02\/06\/por-primera-vez-los-estudiantes-tendran-el-boleto-educativo-interurbano-sin-costo\/\" \/>\n<meta property=\"og:locale\" content=\"es_ES\" \/>\n<meta property=\"og:type\" content=\"article\" \/>\n<meta property=\"og:title\" content=\"POR PRIMERA VEZ, LOS ESTUDIANTES TENDR\u00c1N EL BOLETO EDUCATIVO INTERURBANO SIN COSTO - Apuntes de San Luis\" \/>\n<meta property=\"og:description\" content=\"Este jueves, el gobernador Claudio Poggi encabez\u00f3 la presentaci\u00f3n del programa, que bonifica al ciento...\" \/>\n<meta property=\"og:url\" content=\"https:\/\/apuntesdesanluis.com\/index.php\/2025\/02\/06\/por-primera-vez-los-estudiantes-tendran-el-boleto-educativo-interurbano-sin-costo\/\" \/>\n<meta property=\"og:site_name\" content=\"Apuntes de San Luis\" \/>\n<meta property=\"article:published_time\" content=\"2025-02-06T20:27:01+00:00\" \/>\n<meta property=\"og:image\" content=\"https:\/\/apuntesdesanluis.com\/wp-content\/uploads\/2025\/02\/popggi.png\" \/>\n\t<meta property=\"og:image:width\" content=\"814\" \/>\n\t<meta property=\"og:image:height\" content=\"546\" \/>\n\t<meta property=\"og:image:type\" content=\"image\/png\" \/>\n<meta name=\"author\" content=\"apuntesdesanluis.com\" \/>\n<meta name=\"twitter:card\" content=\"summary_large_image\" \/>\n<meta name=\"twitter:label1\" content=\"Escrito por\" \/>\n\t<meta name=\"twitter:data1\" content=\"apuntesdesanluis.com\" \/>\n\t<meta name=\"twitter:label2\" content=\"Tiempo de lectura\" \/>\n\t<meta name=\"twitter:data2\" content=\"4 minutos\" \/>\n<script type=\"application\/ld+json\" class=\"yoast-schema-graph\">{\"@context\":\"https:\/\/schema.org\",\"@graph\":[{\"@type\":\"Article\",\"@id\":\"https:\/\/apuntesdesanluis.com\/index.php\/2025\/02\/06\/por-primera-vez-los-estudiantes-tendran-el-boleto-educativo-interurbano-sin-costo\/#article\",\"isPartOf\":{\"@id\":\"https:\/\/apuntesdesanluis.com\/index.php\/2025\/02\/06\/por-primera-vez-los-estudiantes-tendran-el-boleto-educativo-interurbano-sin-costo\/\"},\"author\":{\"name\":\"apuntesdesanluis.com\",\"@id\":\"https:\/\/apuntesdesanluis.com\/#\/schema\/person\/b55151d52296fcce64d1a72538a70b90\"},\"headline\":\"POR PRIMERA VEZ, LOS ESTUDIANTES TENDR\u00c1N EL BOLETO EDUCATIVO INTERURBANO SIN COSTO\",\"datePublished\":\"2025-02-06T20:27:01+00:00\",\"mainEntityOfPage\":{\"@id\":\"https:\/\/apuntesdesanluis.com\/index.php\/2025\/02\/06\/por-primera-vez-los-estudiantes-tendran-el-boleto-educativo-interurbano-sin-costo\/\"},\"wordCount\":746,\"publisher\":{\"@id\":\"https:\/\/apuntesdesanluis.com\/#\/schema\/person\/b55151d52296fcce64d1a72538a70b90\"},\"image\":{\"@id\":\"https:\/\/apuntesdesanluis.com\/index.php\/2025\/02\/06\/por-primera-vez-los-estudiantes-tendran-el-boleto-educativo-interurbano-sin-costo\/#primaryimage\"},\"thumbnailUrl\":\"https:\/\/apuntesdesanluis.com\/wp-content\/uploads\/2025\/02\/popggi.png\",\"articleSection\":[\"Ciudad\/Provincia\"],\"inLanguage\":\"es-AR\"},{\"@type\":\"WebPage\",\"@id\":\"https:\/\/apuntesdesanluis.com\/index.php\/2025\/02\/06\/por-primera-vez-los-estudiantes-tendran-el-boleto-educativo-interurbano-sin-costo\/\",\"url\":\"https:\/\/apuntesdesanluis.com\/index.php\/2025\/02\/06\/por-primera-vez-los-estudiantes-tendran-el-boleto-educativo-interurbano-sin-costo\/\",\"name\":\"POR PRIMERA VEZ, LOS ESTUDIANTES TENDR\u00c1N EL BOLETO EDUCATIVO INTERURBANO SIN COSTO - Apuntes de San Luis\",\"isPartOf\":{\"@id\":\"https:\/\/apuntesdesanluis.com\/#website\"},\"primaryImageOfPage\":{\"@id\":\"https:\/\/apuntesdesanluis.com\/index.php\/2025\/02\/06\/por-primera-vez-los-estudiantes-tendran-el-boleto-educativo-interurbano-sin-costo\/#primaryimage\"},\"image\":{\"@id\":\"https:\/\/apuntesdesanluis.com\/index.php\/2025\/02\/06\/por-primera-vez-los-estudiantes-tendran-el-boleto-educativo-interurbano-sin-costo\/#primaryimage\"},\"thumbnailUrl\":\"https:\/\/apuntesdesanluis.com\/wp-content\/uploads\/2025\/02\/popggi.png\",\"datePublished\":\"2025-02-06T20:27:01+00:00\",\"breadcrumb\":{\"@id\":\"https:\/\/apuntesdesanluis.com\/index.php\/2025\/02\/06\/por-primera-vez-los-estudiantes-tendran-el-boleto-educativo-interurbano-sin-costo\/#breadcrumb\"},\"inLanguage\":\"es-AR\",\"potentialAction\":[{\"@type\":\"ReadAction\",\"target\":[\"https:\/\/apuntesdesanluis.com\/index.php\/2025\/02\/06\/por-primera-vez-los-estudiantes-tendran-el-boleto-educativo-interurbano-sin-costo\/\"]}]},{\"@type\":\"ImageObject\",\"inLanguage\":\"es-AR\",\"@id\":\"https:\/\/apuntesdesanluis.com\/index.php\/2025\/02\/06\/por-primera-vez-los-estudiantes-tendran-el-boleto-educativo-interurbano-sin-costo\/#primaryimage\",\"url\":\"https:\/\/apuntesdesanluis.com\/wp-content\/uploads\/2025\/02\/popggi.png\",\"contentUrl\":\"https:\/\/apuntesdesanluis.com\/wp-content\/uploads\/2025\/02\/popggi.png\",\"width\":814,\"height\":546},{\"@type\":\"BreadcrumbList\",\"@id\":\"https:\/\/apuntesdesanluis.com\/index.php\/2025\/02\/06\/por-primera-vez-los-estudiantes-tendran-el-boleto-educativo-interurbano-sin-costo\/#breadcrumb\",\"itemListElement\":[{\"@type\":\"ListItem\",\"position\":1,\"name\":\"Inicio\",\"item\":\"https:\/\/apuntesdesanluis.com\/\"},{\"@type\":\"ListItem\",\"position\":2,\"name\":\"POR PRIMERA VEZ, LOS ESTUDIANTES TENDR\u00c1N EL BOLETO EDUCATIVO INTERURBANO SIN COSTO\"}]},{\"@type\":\"WebSite\",\"@id\":\"https:\/\/apuntesdesanluis.com\/#website\",\"url\":\"https:\/\/apuntesdesanluis.com\/\",\"name\":\"Apuntes de San Luis\",\"description\":\"\",\"publisher\":{\"@id\":\"https:\/\/apuntesdesanluis.com\/#\/schema\/person\/b55151d52296fcce64d1a72538a70b90\"},\"potentialAction\":[{\"@type\":\"SearchAction\",\"target\":{\"@type\":\"EntryPoint\",\"urlTemplate\":\"https:\/\/apuntesdesanluis.com\/?s={search_term_string}\"},\"query-input\":{\"@type\":\"PropertyValueSpecification\",\"valueRequired\":true,\"valueName\":\"search_term_string\"}}],\"inLanguage\":\"es-AR\"},{\"@type\":[\"Person\",\"Organization\"],\"@id\":\"https:\/\/apuntesdesanluis.com\/#\/schema\/person\/b55151d52296fcce64d1a72538a70b90\",\"name\":\"apuntesdesanluis.com\",\"image\":{\"@type\":\"ImageObject\",\"inLanguage\":\"es-AR\",\"@id\":\"https:\/\/apuntesdesanluis.com\/#\/schema\/person\/image\/\",\"url\":\"https:\/\/apuntesdesanluis.com\/wp-content\/uploads\/2023\/07\/cropped-apuntesdesanluis.png\",\"contentUrl\":\"https:\/\/apuntesdesanluis.com\/wp-content\/uploads\/2023\/07\/cropped-apuntesdesanluis.png\",\"width\":450,\"height\":112,\"caption\":\"apuntesdesanluis.com\"},\"logo\":{\"@id\":\"https:\/\/apuntesdesanluis.com\/#\/schema\/person\/image\/\"},\"sameAs\":[\"https:\/\/apuntesdesanluis.com\"],\"url\":\"https:\/\/apuntesdesanluis.com\/index.php\/author\/apuntesdesanluis-com\/\"}]}<\/script>\n<!-- \/ Yoast SEO plugin. -->","yoast_head_json":{"title":"POR PRIMERA VEZ, LOS ESTUDIANTES TENDR\u00c1N EL BOLETO EDUCATIVO INTERURBANO SIN COSTO - Apuntes de San Luis","robots":{"index":"index","follow":"follow","max-snippet":"max-snippet:-1","max-image-preview":"max-image-preview:large","max-video-preview":"max-video-preview:-1"},"canonical":"https:\/\/apuntesdesanluis.com\/index.php\/2025\/02\/06\/por-primera-vez-los-estudiantes-tendran-el-boleto-educativo-interurbano-sin-costo\/","og_locale":"es_ES","og_type":"article","og_title":"POR PRIMERA VEZ, LOS ESTUDIANTES TENDR\u00c1N EL BOLETO EDUCATIVO INTERURBANO SIN COSTO - Apuntes de San Luis","og_description":"Este jueves, el gobernador Claudio Poggi encabez\u00f3 la presentaci\u00f3n del programa, que bonifica al ciento...","og_url":"https:\/\/apuntesdesanluis.com\/index.php\/2025\/02\/06\/por-primera-vez-los-estudiantes-tendran-el-boleto-educativo-interurbano-sin-costo\/","og_site_name":"Apuntes de San Luis","article_published_time":"2025-02-06T20:27:01+00:00","og_image":[{"width":814,"height":546,"url":"https:\/\/apuntesdesanluis.com\/wp-content\/uploads\/2025\/02\/popggi.png","type":"image\/png"}],"author":"apuntesdesanluis.com","twitter_card":"summary_large_image","twitter_misc":{"Escrito por":"apuntesdesanluis.com","Tiempo de lectura":"4 minutos"},"schema":{"@context":"https:\/\/schema.org","@graph":[{"@type":"Article","@id":"https:\/\/apuntesdesanluis.com\/index.php\/2025\/02\/06\/por-primera-vez-los-estudiantes-tendran-el-boleto-educativo-interurbano-sin-costo\/#article","isPartOf":{"@id":"https:\/\/apuntesdesanluis.com\/index.php\/2025\/02\/06\/por-primera-vez-los-estudiantes-tendran-el-boleto-educativo-interurbano-sin-costo\/"},"author":{"name":"apuntesdesanluis.com","@id":"https:\/\/apuntesdesanluis.com\/#\/schema\/person\/b55151d52296fcce64d1a72538a70b90"},"headline":"POR PRIMERA VEZ, LOS ESTUDIANTES TENDR\u00c1N EL BOLETO EDUCATIVO INTERURBANO SIN COSTO","datePublished":"2025-02-06T20:27:01+00:00","mainEntityOfPage":{"@id":"https:\/\/apuntesdesanluis.com\/index.php\/2025\/02\/06\/por-primera-vez-los-estudiantes-tendran-el-boleto-educativo-interurbano-sin-costo\/"},"wordCount":746,"publisher":{"@id":"https:\/\/apuntesdesanluis.com\/#\/schema\/person\/b55151d52296fcce64d1a72538a70b90"},"image":{"@id":"https:\/\/apuntesdesanluis.com\/index.php\/2025\/02\/06\/por-primera-vez-los-estudiantes-tendran-el-boleto-educativo-interurbano-sin-costo\/#primaryimage"},"thumbnailUrl":"https:\/\/apuntesdesanluis.com\/wp-content\/uploads\/2025\/02\/popggi.png","articleSection":["Ciudad\/Provincia"],"inLanguage":"es-AR"},{"@type":"WebPage","@id":"https:\/\/apuntesdesanluis.com\/index.php\/2025\/02\/06\/por-primera-vez-los-estudiantes-tendran-el-boleto-educativo-interurbano-sin-costo\/","url":"https:\/\/apuntesdesanluis.com\/index.php\/2025\/02\/06\/por-primera-vez-los-estudiantes-tendran-el-boleto-educativo-interurbano-sin-costo\/","name":"POR PRIMERA VEZ, LOS ESTUDIANTES TENDR\u00c1N EL BOLETO EDUCATIVO INTERURBANO SIN COSTO - Apuntes de San Luis","isPartOf":{"@id":"https:\/\/apuntesdesanluis.com\/#website"},"primaryImageOfPage":{"@id":"https:\/\/apuntesdesanluis.com\/index.php\/2025\/02\/06\/por-primera-vez-los-estudiantes-tendran-el-boleto-educativo-interurbano-sin-costo\/#primaryimage"},"image":{"@id":"https:\/\/apuntesdesanluis.com\/index.php\/2025\/02\/06\/por-primera-vez-los-estudiantes-tendran-el-boleto-educativo-interurbano-sin-costo\/#primaryimage"},"thumbnailUrl":"https:\/\/apuntesdesanluis.com\/wp-content\/uploads\/2025\/02\/popggi.png","datePublished":"2025-02-06T20:27:01+00:00","breadcrumb":{"@id":"https:\/\/apuntesdesanluis.com\/index.php\/2025\/02\/06\/por-primera-vez-los-estudiantes-tendran-el-boleto-educativo-interurbano-sin-costo\/#breadcrumb"},"inLanguage":"es-AR","potentialAction":[{"@type":"ReadAction","target":["https:\/\/apuntesdesanluis.com\/index.php\/2025\/02\/06\/por-primera-vez-los-estudiantes-tendran-el-boleto-educativo-interurbano-sin-costo\/"]}]},{"@type":"ImageObject","inLanguage":"es-AR","@id":"https:\/\/apuntesdesanluis.com\/index.php\/2025\/02\/06\/por-primera-vez-los-estudiantes-tendran-el-boleto-educativo-interurbano-sin-costo\/#primaryimage","url":"https:\/\/apuntesdesanluis.com\/wp-content\/uploads\/2025\/02\/popggi.png","contentUrl":"https:\/\/apuntesdesanluis.com\/wp-content\/uploads\/2025\/02\/popggi.png","width":814,"height":546},{"@type":"BreadcrumbList","@id":"https:\/\/apuntesdesanluis.com\/index.php\/2025\/02\/06\/por-primera-vez-los-estudiantes-tendran-el-boleto-educativo-interurbano-sin-costo\/#breadcrumb","itemListElement":[{"@type":"ListItem","position":1,"name":"Inicio","item":"https:\/\/apuntesdesanluis.com\/"},{"@type":"ListItem","position":2,"name":"POR PRIMERA VEZ, LOS ESTUDIANTES TENDR\u00c1N EL BOLETO EDUCATIVO INTERURBANO SIN COSTO"}]},{"@type":"WebSite","@id":"https:\/\/apuntesdesanluis.com\/#website","url":"https:\/\/apuntesdesanluis.com\/","name":"Apuntes de San Luis","description":"","publisher":{"@id":"https:\/\/apuntesdesanluis.com\/#\/schema\/person\/b55151d52296fcce64d1a72538a70b90"},"potentialAction":[{"@type":"SearchAction","target":{"@type":"EntryPoint","urlTemplate":"https:\/\/apuntesdesanluis.com\/?s={search_term_string}"},"query-input":{"@type":"PropertyValueSpecification","valueRequired":true,"valueName":"search_term_string"}}],"inLanguage":"es-AR"},{"@type":["Person","Organization"],"@id":"https:\/\/apuntesdesanluis.com\/#\/schema\/person\/b55151d52296fcce64d1a72538a70b90","name":"apuntesdesanluis.com","image":{"@type":"ImageObject","inLanguage":"es-AR","@id":"https:\/\/apuntesdesanluis.com\/#\/schema\/person\/image\/","url":"https:\/\/apuntesdesanluis.com\/wp-content\/uploads\/2023\/07\/cropped-apuntesdesanluis.png","contentUrl":"https:\/\/apuntesdesanluis.com\/wp-content\/uploads\/2023\/07\/cropped-apuntesdesanluis.png","width":450,"height":112,"caption":"apuntesdesanluis.com"},"logo":{"@id":"https:\/\/apuntesdesanluis.com\/#\/schema\/person\/image\/"},"sameAs":["https:\/\/apuntesdesanluis.com"],"url":"https:\/\/apuntesdesanluis.com\/index.php\/author\/apuntesdesanluis-com\/"}]}},"featured_image_urls":{"full":["https:\/\/apuntesdesanluis.com\/wp-content\/uploads\/2025\/02\/popggi.png",814,546,false],"thumbnail":["https:\/\/apuntesdesanluis.com\/wp-content\/uploads\/2025\/02\/popggi-150x150.png",150,150,true],"medium":["https:\/\/apuntesdesanluis.com\/wp-content\/uploads\/2025\/02\/popggi-300x201.png",300,201,true],"medium_large":["https:\/\/apuntesdesanluis.com\/wp-content\/uploads\/2025\/02\/popggi-768x515.png",640,429,true],"large":["https:\/\/apuntesdesanluis.com\/wp-content\/uploads\/2025\/02\/popggi.png",640,429,false],"1536x1536":["https:\/\/apuntesdesanluis.com\/wp-content\/uploads\/2025\/02\/popggi.png",814,546,false],"2048x2048":["https:\/\/apuntesdesanluis.com\/wp-content\/uploads\/2025\/02\/popggi.png",814,546,false],"newsever-slider-full":["https:\/\/apuntesdesanluis.com\/wp-content\/uploads\/2025\/02\/popggi.png",814,546,false],"newsever-featured":["https:\/\/apuntesdesanluis.com\/wp-content\/uploads\/2025\/02\/popggi.png",814,546,false],"newsever-medium":["https:\/\/apuntesdesanluis.com\/wp-content\/uploads\/2025\/02\/popggi-720x475.png",720,475,true]},"author_info":{"display_name":"apuntesdesanluis.com","author_link":"https:\/\/apuntesdesanluis.com\/index.php\/author\/apuntesdesanluis-com\/"},"category_info":"<a href=\"https:\/\/apuntesdesanluis.com\/index.php\/category\/ciudad-provincia\/\" rel=\"category tag\">Ciudad\/Provincia<\/a>","tag_info":"Ciudad\/Provincia","comment_count":"0","_links":{"self":[{"href":"https:\/\/apuntesdesanluis.com\/index.php\/wp-json\/wp\/v2\/posts\/28795","targetHints":{"allow":["GET"]}}],"collection":[{"href":"https:\/\/apuntesdesanluis.com\/index.php\/wp-json\/wp\/v2\/posts"}],"about":[{"href":"https:\/\/apuntesdesanluis.com\/index.php\/wp-json\/wp\/v2\/types\/post"}],"author":[{"embeddable":true,"href":"https:\/\/apuntesdesanluis.com\/index.php\/wp-json\/wp\/v2\/users\/1"}],"replies":[{"embeddable":true,"href":"https:\/\/apuntesdesanluis.com\/index.php\/wp-json\/wp\/v2\/comments?post=28795"}],"version-history":[{"count":1,"href":"https:\/\/apuntesdesanluis.com\/index.php\/wp-json\/wp\/v2\/posts\/28795\/revisions"}],"predecessor-version":[{"id":28798,"href":"https:\/\/apuntesdesanluis.com\/index.php\/wp-json\/wp\/v2\/posts\/28795\/revisions\/28798"}],"wp:featuredmedia":[{"embeddable":true,"href":"https:\/\/apuntesdesanluis.com\/index.php\/wp-json\/wp\/v2\/media\/28796"}],"wp:attachment":[{"href":"https:\/\/apuntesdesanluis.com\/index.php\/wp-json\/wp\/v2\/media?parent=28795"}],"wp:term":[{"taxonomy":"category","embeddable":true,"href":"https:\/\/apuntesdesanluis.com\/index.php\/wp-json\/wp\/v2\/categories?post=28795"},{"taxonomy":"post_tag","embeddable":true,"href":"https:\/\/apuntesdesanluis.com\/index.php\/wp-json\/wp\/v2\/tags?post=28795"}],"curies":[{"name":"wp","href":"https:\/\/api.w.org\/{rel}","templated":true}]}}