{"id":28802,"date":"2025-02-06T17:41:34","date_gmt":"2025-02-06T20:41:34","guid":{"rendered":"https:\/\/apuntesdesanluis.com\/?p=28802"},"modified":"2025-02-06T17:41:34","modified_gmt":"2025-02-06T20:41:34","slug":"primer-caso-de-dengue-importado-en-nuestra-provincia","status":"publish","type":"post","link":"https:\/\/apuntesdesanluis.com\/index.php\/2025\/02\/06\/primer-caso-de-dengue-importado-en-nuestra-provincia\/","title":{"rendered":"PRIMER CASO DE DENGUE IMPORTADO EN NUESTRA PROVINCIA"},"content":{"rendered":"<h3>Fue detectado en una paciente de 65 a\u00f1os que reside en la zona c\u00e9ntrica de la capital. La mujer contrajo la enfermedad en Buenos Aires y actualmente descansa en su domicilio, en buen estado de salud y bajo seguimiento del personal sanitario.<\/h3>\n<h3>Este jueves, el ministerio de San Luis inform\u00f3 la detecci\u00f3n del primer caso positivo de dengue importado a la provincia de San Luis. En este caso, la paciente que padece la enfermedad es una mujer de 65 a\u00f1os que vive en la zona c\u00e9ntrica de la ciudad capital. Actualmente, la vecina se encuentra en buen estado de salud y descansando en su domicilio, bajo seguimiento del personal de la cartera sanitaria.<\/h3>\n<h3>La paciente contrajo la enfermedad en Buenos Aires y, al enterarse de la situaci\u00f3n, el ministerio de Salud implement\u00f3 de manera inmediata las acciones de control correspondientes. Realizaron el bloqueo de foco en las \u00e1reas cercanas al domicilio de la mujer, incluyendo fumigaci\u00f3n preventiva. Durante los pr\u00f3ximos d\u00edas, agentes sanitarios llevar\u00e1n a cabo un rastrillaje en la zona para la detecci\u00f3n de posibles casos febriles.<\/h3>\n<h3><strong>CARACTER\u00cdSTICAS DEL DENGUE<\/strong><\/h3>\n<h3>El dengue es una enfermedad viral transmitida por la picadura de un mosquito, el Aedes aegypti. Con lo cual, sin mosquito no hay dengue.<\/h3>\n<h3>Es importante primero saber un poco m\u00e1s sobre esta especie. El Aedes aegypti se puede identificar por las siguientes caracter\u00edsticas: son grises, peque\u00f1os y tienen rayas blancas en el dorso y las patas.<\/h3>\n<h3><\/h3>\n<h3>Otro punto importante es que este mosquito tiene h\u00e1bitos domiciliarios. Es decir: vive y se reproduce en nuestras casas, principalmente en recipientes artificiales. Sin embargo, existen medidas eficaces para prevenirlo.<\/h3>\n<h3><strong>MEDIDAS DE PREVENCI\u00d3N <\/strong><\/h3>\n<h3>La cartera sanitaria reiter\u00f3 a la comunidad la importancia de eliminar posibles criaderos de mosquitos y tomar medidas de prevenci\u00f3n para evitar la proliferaci\u00f3n del Aedes aegypti. Para ello, recomiendan:<\/h3>\n<ul>\n<li>\n<h3>Vaciar, tapar o eliminar recipientes que acumulen agua, como baldes, macetas, neum\u00e1ticos y bebederos de animales.<\/h3>\n<\/li>\n<li>\n<h3>Mantener limpias las canaletas, desag\u00fces y rejillas para evitar la acumulaci\u00f3n de agua estancada.<\/h3>\n<\/li>\n<li>\n<h3>Usar repelente en la piel y ropa, especialmente en horarios de mayor actividad del mosquito (ma\u00f1ana y atardecer).<\/h3>\n<\/li>\n<li>\n<h3>Colocar mosquiteros en puertas y ventanas y utilizar telas met\u00e1licas en los desag\u00fces.<\/h3>\n<\/li>\n<li>\n<h3>Ante s\u00edntomas como fiebre, dolor de cabeza, dolores musculares o erupci\u00f3n en la piel, acudir al centro de salud m\u00e1s cercano y evitar la automedicaci\u00f3n.<\/h3>\n<\/li>\n<\/ul>\n<h3><strong>\u00bfC\u00f3mo se transmite la enfermedad? <\/strong><\/h3>\n<h3>Existen cuatro tipos del virus del dengue y cada persona puede infectarse una sola vez con el mismo serotipo de virus del dengue. Cuando el mosquito se alimenta con sangre de una persona infectada, adquiere el virus y luego de 8 a 12 d\u00edas es capaz de transmitirlo a otra persona sana a trav\u00e9s de la picadura.<\/h3>\n<h3>El dengue no puede transmitirse de persona a persona ni tampoco a trav\u00e9s de objetos o leche materna. Aunque las personas embarazadas ya infectadas con dengue s\u00ed pueden transmitir el virus al feto durante el embarazo o alrededor del momento del parto.<\/h3>\n<h3>Otro aspecto importante sobre este mosquito es que no vuela a grandes alturas y que se alimenta (nos pica) durante el d\u00eda. Si bien la mayor actividad del mosquito se da durante las primeras horas de la ma\u00f1ana y al atardecer, tambi\u00e9n puede picar durante la noche si en la casa hay alguna luz prendida o en otros momentos del d\u00eda si no se aliment\u00f3.<\/h3>\n<p>&nbsp;<\/p>\n<p>&nbsp;<\/p>\n<p>&nbsp;<\/p>\n<p>&nbsp;<\/p>\n<p>&nbsp;<\/p>\n<p>&nbsp;<\/p>\n","protected":false},"excerpt":{"rendered":"<p>Fue detectado en una paciente de 65 a\u00f1os que reside en la zona c\u00e9ntrica de&#8230;<\/p>\n","protected":false},"author":1,"featured_media":13310,"comment_status":"closed","ping_status":"closed","sticky":false,"template":"","format":"standard","meta":{"footnotes":""},"categories":[6],"tags":[],"class_list":["post-28802","post","type-post","status-publish","format-standard","has-post-thumbnail","hentry","category-ciudad-provincia"],"yoast_head":"<!-- This site is optimized with the Yoast SEO plugin v26.1.1 - https:\/\/yoast.com\/wordpress\/plugins\/seo\/ -->\n<title>PRIMER CASO DE DENGUE IMPORTADO EN NUESTRA PROVINCIA - Apuntes de San Luis<\/title>\n<meta name=\"robots\" content=\"index, follow, max-snippet:-1, max-image-preview:large, max-video-preview:-1\" \/>\n<link rel=\"canonical\" href=\"https:\/\/apuntesdesanluis.com\/index.php\/2025\/02\/06\/primer-caso-de-dengue-importado-en-nuestra-provincia\/\" \/>\n<meta property=\"og:locale\" content=\"es_ES\" \/>\n<meta property=\"og:type\" content=\"article\" \/>\n<meta property=\"og:title\" content=\"PRIMER CASO DE DENGUE IMPORTADO EN NUESTRA PROVINCIA - Apuntes de San Luis\" \/>\n<meta property=\"og:description\" content=\"Fue detectado en una paciente de 65 a\u00f1os que reside en la zona c\u00e9ntrica de...\" \/>\n<meta property=\"og:url\" content=\"https:\/\/apuntesdesanluis.com\/index.php\/2025\/02\/06\/primer-caso-de-dengue-importado-en-nuestra-provincia\/\" \/>\n<meta property=\"og:site_name\" content=\"Apuntes de San Luis\" \/>\n<meta property=\"article:published_time\" content=\"2025-02-06T20:41:34+00:00\" \/>\n<meta property=\"og:image\" content=\"https:\/\/apuntesdesanluis.com\/wp-content\/uploads\/2024\/03\/DENGUE.png\" \/>\n\t<meta property=\"og:image:width\" content=\"766\" \/>\n\t<meta property=\"og:image:height\" content=\"431\" \/>\n\t<meta property=\"og:image:type\" content=\"image\/png\" \/>\n<meta name=\"author\" content=\"apuntesdesanluis.com\" \/>\n<meta name=\"twitter:card\" content=\"summary_large_image\" \/>\n<meta name=\"twitter:label1\" content=\"Escrito por\" \/>\n\t<meta name=\"twitter:data1\" content=\"apuntesdesanluis.com\" \/>\n\t<meta name=\"twitter:label2\" content=\"Tiempo de lectura\" \/>\n\t<meta name=\"twitter:data2\" content=\"3 minutos\" \/>\n<script type=\"application\/ld+json\" class=\"yoast-schema-graph\">{\"@context\":\"https:\/\/schema.org\",\"@graph\":[{\"@type\":\"Article\",\"@id\":\"https:\/\/apuntesdesanluis.com\/index.php\/2025\/02\/06\/primer-caso-de-dengue-importado-en-nuestra-provincia\/#article\",\"isPartOf\":{\"@id\":\"https:\/\/apuntesdesanluis.com\/index.php\/2025\/02\/06\/primer-caso-de-dengue-importado-en-nuestra-provincia\/\"},\"author\":{\"name\":\"apuntesdesanluis.com\",\"@id\":\"https:\/\/apuntesdesanluis.com\/#\/schema\/person\/b55151d52296fcce64d1a72538a70b90\"},\"headline\":\"PRIMER CASO DE DENGUE IMPORTADO EN NUESTRA PROVINCIA\",\"datePublished\":\"2025-02-06T20:41:34+00:00\",\"mainEntityOfPage\":{\"@id\":\"https:\/\/apuntesdesanluis.com\/index.php\/2025\/02\/06\/primer-caso-de-dengue-importado-en-nuestra-provincia\/\"},\"wordCount\":603,\"publisher\":{\"@id\":\"https:\/\/apuntesdesanluis.com\/#\/schema\/person\/b55151d52296fcce64d1a72538a70b90\"},\"image\":{\"@id\":\"https:\/\/apuntesdesanluis.com\/index.php\/2025\/02\/06\/primer-caso-de-dengue-importado-en-nuestra-provincia\/#primaryimage\"},\"thumbnailUrl\":\"https:\/\/apuntesdesanluis.com\/wp-content\/uploads\/2024\/03\/DENGUE.png\",\"articleSection\":[\"Ciudad\/Provincia\"],\"inLanguage\":\"es-AR\"},{\"@type\":\"WebPage\",\"@id\":\"https:\/\/apuntesdesanluis.com\/index.php\/2025\/02\/06\/primer-caso-de-dengue-importado-en-nuestra-provincia\/\",\"url\":\"https:\/\/apuntesdesanluis.com\/index.php\/2025\/02\/06\/primer-caso-de-dengue-importado-en-nuestra-provincia\/\",\"name\":\"PRIMER CASO DE DENGUE IMPORTADO EN NUESTRA PROVINCIA - Apuntes de San Luis\",\"isPartOf\":{\"@id\":\"https:\/\/apuntesdesanluis.com\/#website\"},\"primaryImageOfPage\":{\"@id\":\"https:\/\/apuntesdesanluis.com\/index.php\/2025\/02\/06\/primer-caso-de-dengue-importado-en-nuestra-provincia\/#primaryimage\"},\"image\":{\"@id\":\"https:\/\/apuntesdesanluis.com\/index.php\/2025\/02\/06\/primer-caso-de-dengue-importado-en-nuestra-provincia\/#primaryimage\"},\"thumbnailUrl\":\"https:\/\/apuntesdesanluis.com\/wp-content\/uploads\/2024\/03\/DENGUE.png\",\"datePublished\":\"2025-02-06T20:41:34+00:00\",\"breadcrumb\":{\"@id\":\"https:\/\/apuntesdesanluis.com\/index.php\/2025\/02\/06\/primer-caso-de-dengue-importado-en-nuestra-provincia\/#breadcrumb\"},\"inLanguage\":\"es-AR\",\"potentialAction\":[{\"@type\":\"ReadAction\",\"target\":[\"https:\/\/apuntesdesanluis.com\/index.php\/2025\/02\/06\/primer-caso-de-dengue-importado-en-nuestra-provincia\/\"]}]},{\"@type\":\"ImageObject\",\"inLanguage\":\"es-AR\",\"@id\":\"https:\/\/apuntesdesanluis.com\/index.php\/2025\/02\/06\/primer-caso-de-dengue-importado-en-nuestra-provincia\/#primaryimage\",\"url\":\"https:\/\/apuntesdesanluis.com\/wp-content\/uploads\/2024\/03\/DENGUE.png\",\"contentUrl\":\"https:\/\/apuntesdesanluis.com\/wp-content\/uploads\/2024\/03\/DENGUE.png\",\"width\":766,\"height\":431},{\"@type\":\"BreadcrumbList\",\"@id\":\"https:\/\/apuntesdesanluis.com\/index.php\/2025\/02\/06\/primer-caso-de-dengue-importado-en-nuestra-provincia\/#breadcrumb\",\"itemListElement\":[{\"@type\":\"ListItem\",\"position\":1,\"name\":\"Inicio\",\"item\":\"https:\/\/apuntesdesanluis.com\/\"},{\"@type\":\"ListItem\",\"position\":2,\"name\":\"PRIMER CASO DE DENGUE IMPORTADO EN NUESTRA PROVINCIA\"}]},{\"@type\":\"WebSite\",\"@id\":\"https:\/\/apuntesdesanluis.com\/#website\",\"url\":\"https:\/\/apuntesdesanluis.com\/\",\"name\":\"Apuntes de San Luis\",\"description\":\"\",\"publisher\":{\"@id\":\"https:\/\/apuntesdesanluis.com\/#\/schema\/person\/b55151d52296fcce64d1a72538a70b90\"},\"potentialAction\":[{\"@type\":\"SearchAction\",\"target\":{\"@type\":\"EntryPoint\",\"urlTemplate\":\"https:\/\/apuntesdesanluis.com\/?s={search_term_string}\"},\"query-input\":{\"@type\":\"PropertyValueSpecification\",\"valueRequired\":true,\"valueName\":\"search_term_string\"}}],\"inLanguage\":\"es-AR\"},{\"@type\":[\"Person\",\"Organization\"],\"@id\":\"https:\/\/apuntesdesanluis.com\/#\/schema\/person\/b55151d52296fcce64d1a72538a70b90\",\"name\":\"apuntesdesanluis.com\",\"image\":{\"@type\":\"ImageObject\",\"inLanguage\":\"es-AR\",\"@id\":\"https:\/\/apuntesdesanluis.com\/#\/schema\/person\/image\/\",\"url\":\"https:\/\/apuntesdesanluis.com\/wp-content\/uploads\/2023\/07\/cropped-apuntesdesanluis.png\",\"contentUrl\":\"https:\/\/apuntesdesanluis.com\/wp-content\/uploads\/2023\/07\/cropped-apuntesdesanluis.png\",\"width\":450,\"height\":112,\"caption\":\"apuntesdesanluis.com\"},\"logo\":{\"@id\":\"https:\/\/apuntesdesanluis.com\/#\/schema\/person\/image\/\"},\"sameAs\":[\"https:\/\/apuntesdesanluis.com\"],\"url\":\"https:\/\/apuntesdesanluis.com\/index.php\/author\/apuntesdesanluis-com\/\"}]}<\/script>\n<!-- \/ Yoast SEO plugin. -->","yoast_head_json":{"title":"PRIMER CASO DE DENGUE IMPORTADO EN NUESTRA PROVINCIA - Apuntes de San Luis","robots":{"index":"index","follow":"follow","max-snippet":"max-snippet:-1","max-image-preview":"max-image-preview:large","max-video-preview":"max-video-preview:-1"},"canonical":"https:\/\/apuntesdesanluis.com\/index.php\/2025\/02\/06\/primer-caso-de-dengue-importado-en-nuestra-provincia\/","og_locale":"es_ES","og_type":"article","og_title":"PRIMER CASO DE DENGUE IMPORTADO EN NUESTRA PROVINCIA - Apuntes de San Luis","og_description":"Fue detectado en una paciente de 65 a\u00f1os que reside en la zona c\u00e9ntrica de...","og_url":"https:\/\/apuntesdesanluis.com\/index.php\/2025\/02\/06\/primer-caso-de-dengue-importado-en-nuestra-provincia\/","og_site_name":"Apuntes de San Luis","article_published_time":"2025-02-06T20:41:34+00:00","og_image":[{"width":766,"height":431,"url":"https:\/\/apuntesdesanluis.com\/wp-content\/uploads\/2024\/03\/DENGUE.png","type":"image\/png"}],"author":"apuntesdesanluis.com","twitter_card":"summary_large_image","twitter_misc":{"Escrito por":"apuntesdesanluis.com","Tiempo de lectura":"3 minutos"},"schema":{"@context":"https:\/\/schema.org","@graph":[{"@type":"Article","@id":"https:\/\/apuntesdesanluis.com\/index.php\/2025\/02\/06\/primer-caso-de-dengue-importado-en-nuestra-provincia\/#article","isPartOf":{"@id":"https:\/\/apuntesdesanluis.com\/index.php\/2025\/02\/06\/primer-caso-de-dengue-importado-en-nuestra-provincia\/"},"author":{"name":"apuntesdesanluis.com","@id":"https:\/\/apuntesdesanluis.com\/#\/schema\/person\/b55151d52296fcce64d1a72538a70b90"},"headline":"PRIMER CASO DE DENGUE IMPORTADO EN NUESTRA PROVINCIA","datePublished":"2025-02-06T20:41:34+00:00","mainEntityOfPage":{"@id":"https:\/\/apuntesdesanluis.com\/index.php\/2025\/02\/06\/primer-caso-de-dengue-importado-en-nuestra-provincia\/"},"wordCount":603,"publisher":{"@id":"https:\/\/apuntesdesanluis.com\/#\/schema\/person\/b55151d52296fcce64d1a72538a70b90"},"image":{"@id":"https:\/\/apuntesdesanluis.com\/index.php\/2025\/02\/06\/primer-caso-de-dengue-importado-en-nuestra-provincia\/#primaryimage"},"thumbnailUrl":"https:\/\/apuntesdesanluis.com\/wp-content\/uploads\/2024\/03\/DENGUE.png","articleSection":["Ciudad\/Provincia"],"inLanguage":"es-AR"},{"@type":"WebPage","@id":"https:\/\/apuntesdesanluis.com\/index.php\/2025\/02\/06\/primer-caso-de-dengue-importado-en-nuestra-provincia\/","url":"https:\/\/apuntesdesanluis.com\/index.php\/2025\/02\/06\/primer-caso-de-dengue-importado-en-nuestra-provincia\/","name":"PRIMER CASO DE DENGUE IMPORTADO EN NUESTRA PROVINCIA - Apuntes de San Luis","isPartOf":{"@id":"https:\/\/apuntesdesanluis.com\/#website"},"primaryImageOfPage":{"@id":"https:\/\/apuntesdesanluis.com\/index.php\/2025\/02\/06\/primer-caso-de-dengue-importado-en-nuestra-provincia\/#primaryimage"},"image":{"@id":"https:\/\/apuntesdesanluis.com\/index.php\/2025\/02\/06\/primer-caso-de-dengue-importado-en-nuestra-provincia\/#primaryimage"},"thumbnailUrl":"https:\/\/apuntesdesanluis.com\/wp-content\/uploads\/2024\/03\/DENGUE.png","datePublished":"2025-02-06T20:41:34+00:00","breadcrumb":{"@id":"https:\/\/apuntesdesanluis.com\/index.php\/2025\/02\/06\/primer-caso-de-dengue-importado-en-nuestra-provincia\/#breadcrumb"},"inLanguage":"es-AR","potentialAction":[{"@type":"ReadAction","target":["https:\/\/apuntesdesanluis.com\/index.php\/2025\/02\/06\/primer-caso-de-dengue-importado-en-nuestra-provincia\/"]}]},{"@type":"ImageObject","inLanguage":"es-AR","@id":"https:\/\/apuntesdesanluis.com\/index.php\/2025\/02\/06\/primer-caso-de-dengue-importado-en-nuestra-provincia\/#primaryimage","url":"https:\/\/apuntesdesanluis.com\/wp-content\/uploads\/2024\/03\/DENGUE.png","contentUrl":"https:\/\/apuntesdesanluis.com\/wp-content\/uploads\/2024\/03\/DENGUE.png","width":766,"height":431},{"@type":"BreadcrumbList","@id":"https:\/\/apuntesdesanluis.com\/index.php\/2025\/02\/06\/primer-caso-de-dengue-importado-en-nuestra-provincia\/#breadcrumb","itemListElement":[{"@type":"ListItem","position":1,"name":"Inicio","item":"https:\/\/apuntesdesanluis.com\/"},{"@type":"ListItem","position":2,"name":"PRIMER CASO DE DENGUE IMPORTADO EN NUESTRA PROVINCIA"}]},{"@type":"WebSite","@id":"https:\/\/apuntesdesanluis.com\/#website","url":"https:\/\/apuntesdesanluis.com\/","name":"Apuntes de San Luis","description":"","publisher":{"@id":"https:\/\/apuntesdesanluis.com\/#\/schema\/person\/b55151d52296fcce64d1a72538a70b90"},"potentialAction":[{"@type":"SearchAction","target":{"@type":"EntryPoint","urlTemplate":"https:\/\/apuntesdesanluis.com\/?s={search_term_string}"},"query-input":{"@type":"PropertyValueSpecification","valueRequired":true,"valueName":"search_term_string"}}],"inLanguage":"es-AR"},{"@type":["Person","Organization"],"@id":"https:\/\/apuntesdesanluis.com\/#\/schema\/person\/b55151d52296fcce64d1a72538a70b90","name":"apuntesdesanluis.com","image":{"@type":"ImageObject","inLanguage":"es-AR","@id":"https:\/\/apuntesdesanluis.com\/#\/schema\/person\/image\/","url":"https:\/\/apuntesdesanluis.com\/wp-content\/uploads\/2023\/07\/cropped-apuntesdesanluis.png","contentUrl":"https:\/\/apuntesdesanluis.com\/wp-content\/uploads\/2023\/07\/cropped-apuntesdesanluis.png","width":450,"height":112,"caption":"apuntesdesanluis.com"},"logo":{"@id":"https:\/\/apuntesdesanluis.com\/#\/schema\/person\/image\/"},"sameAs":["https:\/\/apuntesdesanluis.com"],"url":"https:\/\/apuntesdesanluis.com\/index.php\/author\/apuntesdesanluis-com\/"}]}},"featured_image_urls":{"full":["https:\/\/apuntesdesanluis.com\/wp-content\/uploads\/2024\/03\/DENGUE.png",766,431,false],"thumbnail":["https:\/\/apuntesdesanluis.com\/wp-content\/uploads\/2024\/03\/DENGUE-150x150.png",150,150,true],"medium":["https:\/\/apuntesdesanluis.com\/wp-content\/uploads\/2024\/03\/DENGUE-300x169.png",300,169,true],"medium_large":["https:\/\/apuntesdesanluis.com\/wp-content\/uploads\/2024\/03\/DENGUE.png",640,360,false],"large":["https:\/\/apuntesdesanluis.com\/wp-content\/uploads\/2024\/03\/DENGUE.png",640,360,false],"1536x1536":["https:\/\/apuntesdesanluis.com\/wp-content\/uploads\/2024\/03\/DENGUE.png",766,431,false],"2048x2048":["https:\/\/apuntesdesanluis.com\/wp-content\/uploads\/2024\/03\/DENGUE.png",766,431,false],"newsever-slider-full":["https:\/\/apuntesdesanluis.com\/wp-content\/uploads\/2024\/03\/DENGUE.png",766,431,false],"newsever-featured":["https:\/\/apuntesdesanluis.com\/wp-content\/uploads\/2024\/03\/DENGUE.png",766,431,false],"newsever-medium":["https:\/\/apuntesdesanluis.com\/wp-content\/uploads\/2024\/03\/DENGUE-720x431.png",720,431,true]},"author_info":{"display_name":"apuntesdesanluis.com","author_link":"https:\/\/apuntesdesanluis.com\/index.php\/author\/apuntesdesanluis-com\/"},"category_info":"<a href=\"https:\/\/apuntesdesanluis.com\/index.php\/category\/ciudad-provincia\/\" rel=\"category tag\">Ciudad\/Provincia<\/a>","tag_info":"Ciudad\/Provincia","comment_count":"0","_links":{"self":[{"href":"https:\/\/apuntesdesanluis.com\/index.php\/wp-json\/wp\/v2\/posts\/28802","targetHints":{"allow":["GET"]}}],"collection":[{"href":"https:\/\/apuntesdesanluis.com\/index.php\/wp-json\/wp\/v2\/posts"}],"about":[{"href":"https:\/\/apuntesdesanluis.com\/index.php\/wp-json\/wp\/v2\/types\/post"}],"author":[{"embeddable":true,"href":"https:\/\/apuntesdesanluis.com\/index.php\/wp-json\/wp\/v2\/users\/1"}],"replies":[{"embeddable":true,"href":"https:\/\/apuntesdesanluis.com\/index.php\/wp-json\/wp\/v2\/comments?post=28802"}],"version-history":[{"count":1,"href":"https:\/\/apuntesdesanluis.com\/index.php\/wp-json\/wp\/v2\/posts\/28802\/revisions"}],"predecessor-version":[{"id":28803,"href":"https:\/\/apuntesdesanluis.com\/index.php\/wp-json\/wp\/v2\/posts\/28802\/revisions\/28803"}],"wp:featuredmedia":[{"embeddable":true,"href":"https:\/\/apuntesdesanluis.com\/index.php\/wp-json\/wp\/v2\/media\/13310"}],"wp:attachment":[{"href":"https:\/\/apuntesdesanluis.com\/index.php\/wp-json\/wp\/v2\/media?parent=28802"}],"wp:term":[{"taxonomy":"category","embeddable":true,"href":"https:\/\/apuntesdesanluis.com\/index.php\/wp-json\/wp\/v2\/categories?post=28802"},{"taxonomy":"post_tag","embeddable":true,"href":"https:\/\/apuntesdesanluis.com\/index.php\/wp-json\/wp\/v2\/tags?post=28802"}],"curies":[{"name":"wp","href":"https:\/\/api.w.org\/{rel}","templated":true}]}}