{"id":28804,"date":"2025-02-06T21:15:11","date_gmt":"2025-02-07T00:15:11","guid":{"rendered":"https:\/\/apuntesdesanluis.com\/?p=28804"},"modified":"2025-02-06T21:15:11","modified_gmt":"2025-02-07T00:15:11","slug":"formularon-cargos-a-dos-personas-por-usurpar-una-vivienda-de-barrio","status":"publish","type":"post","link":"https:\/\/apuntesdesanluis.com\/index.php\/2025\/02\/06\/formularon-cargos-a-dos-personas-por-usurpar-una-vivienda-de-barrio\/","title":{"rendered":"FORMULARON CARGOS A DOS PERSONAS POR USURPAR UNA VIVIENDA DE BARRIO"},"content":{"rendered":"<h3>La audiencia se desarroll\u00f3 en el Juzgado de Garant\u00eda N\u00ba 1 de la Segunda Circunscripci\u00f3n Judicial.\u00a0El Ministerio P\u00fablico Fiscal formul\u00f3 cargos a dos personas por el delito de usurpaci\u00f3n (Art. 181 del C\u00f3digo Penal) de una vivienda de un barrio de la ciudad de Villa Mercedes. La investigaci\u00f3n inici\u00f3 por una denuncia realizada en mayo de 2024.<\/h3>\n<h3>En la audiencia desarrollada este jueves, la Fiscal\u00eda describi\u00f3 las evidencias que vinculan a los imputados con el delito de usurpaci\u00f3n, mencion\u00f3 que se realiz\u00f3 bajo la modalidad de abuso de confianza y que la posesi\u00f3n del inmueble inici\u00f3 de manera l\u00edcita y se torn\u00f3 il\u00edcita.<\/h3>\n<h3>El Fiscal explic\u00f3 que accedieron a la vivienda a trav\u00e9s de una inmobiliaria sin contrato de locaci\u00f3n y cuando fueron intimados mediante carta documento a desalojar la misma, no respondieron. Asimismo mencion\u00f3 que se realizaron actos de intervenci\u00f3n del t\u00edtulo del inmueble, manteni\u00e9ndose en la posesi\u00f3n y con cierto aprovechamiento a los fines de despojar a la denunciante.<\/h3>\n<h3>La Defensa, tambi\u00e9n mencion\u00f3 evidencia y neg\u00f3 la pretensi\u00f3n de intervenir el t\u00edtulo y que hubo voluntad de realizar un contrato de mutuo acuerdo. Luego, se les cedi\u00f3 la palabra a los imputados quienes relataron los hechos.<\/h3>\n<h3>El Dr. Alfredo Cuello hizo lugar de manera provisoria a la formulaci\u00f3n de cargos ya que consider\u00f3 que existen elementos m\u00ednimos de que podr\u00edan haber cometido el delito de usurpaci\u00f3n.<\/h3>\n<h3>En representaci\u00f3n del Ministerio P\u00fablico Fiscal intervino el Dr. Leandro Estrada \u2013Fiscal de Instrucci\u00f3n N\u00ba 4- y la Dra. Laura Parisi \u2013Fiscal Adjunta-. Como Defensores intervinieron la Dra. Silvana Zunini y el Procurador Adolfo Cafieri.<\/h3>\n<h3><\/h3>\n<h3><\/h3>\n<p>&nbsp;<\/p>\n","protected":false},"excerpt":{"rendered":"<p>La audiencia se desarroll\u00f3 en el Juzgado de Garant\u00eda N\u00ba 1 de la Segunda Circunscripci\u00f3n&#8230;<\/p>\n","protected":false},"author":1,"featured_media":28805,"comment_status":"closed","ping_status":"closed","sticky":false,"template":"","format":"standard","meta":{"footnotes":""},"categories":[6],"tags":[],"class_list":["post-28804","post","type-post","status-publish","format-standard","has-post-thumbnail","hentry","category-ciudad-provincia"],"yoast_head":"<!-- This site is optimized with the Yoast SEO plugin v26.1.1 - https:\/\/yoast.com\/wordpress\/plugins\/seo\/ -->\n<title>FORMULARON CARGOS A DOS PERSONAS POR USURPAR UNA VIVIENDA DE BARRIO - Apuntes de San Luis<\/title>\n<meta name=\"robots\" content=\"index, follow, max-snippet:-1, max-image-preview:large, max-video-preview:-1\" \/>\n<link rel=\"canonical\" href=\"https:\/\/apuntesdesanluis.com\/index.php\/2025\/02\/06\/formularon-cargos-a-dos-personas-por-usurpar-una-vivienda-de-barrio\/\" \/>\n<meta property=\"og:locale\" content=\"es_ES\" \/>\n<meta property=\"og:type\" content=\"article\" \/>\n<meta property=\"og:title\" content=\"FORMULARON CARGOS A DOS PERSONAS POR USURPAR UNA VIVIENDA DE BARRIO - Apuntes de San Luis\" \/>\n<meta property=\"og:description\" content=\"La audiencia se desarroll\u00f3 en el Juzgado de Garant\u00eda N\u00ba 1 de la Segunda Circunscripci\u00f3n...\" \/>\n<meta property=\"og:url\" content=\"https:\/\/apuntesdesanluis.com\/index.php\/2025\/02\/06\/formularon-cargos-a-dos-personas-por-usurpar-una-vivienda-de-barrio\/\" \/>\n<meta property=\"og:site_name\" content=\"Apuntes de San Luis\" \/>\n<meta property=\"article:published_time\" content=\"2025-02-07T00:15:11+00:00\" \/>\n<meta property=\"og:image\" content=\"https:\/\/apuntesdesanluis.com\/wp-content\/uploads\/2025\/02\/ASUDIENCIA.png\" \/>\n\t<meta property=\"og:image:width\" content=\"794\" \/>\n\t<meta property=\"og:image:height\" content=\"466\" \/>\n\t<meta property=\"og:image:type\" content=\"image\/png\" \/>\n<meta name=\"author\" content=\"apuntesdesanluis.com\" \/>\n<meta name=\"twitter:card\" content=\"summary_large_image\" \/>\n<meta name=\"twitter:label1\" content=\"Escrito por\" \/>\n\t<meta name=\"twitter:data1\" content=\"apuntesdesanluis.com\" \/>\n\t<meta name=\"twitter:label2\" content=\"Tiempo de lectura\" \/>\n\t<meta name=\"twitter:data2\" content=\"2 minutos\" \/>\n<script type=\"application\/ld+json\" class=\"yoast-schema-graph\">{\"@context\":\"https:\/\/schema.org\",\"@graph\":[{\"@type\":\"Article\",\"@id\":\"https:\/\/apuntesdesanluis.com\/index.php\/2025\/02\/06\/formularon-cargos-a-dos-personas-por-usurpar-una-vivienda-de-barrio\/#article\",\"isPartOf\":{\"@id\":\"https:\/\/apuntesdesanluis.com\/index.php\/2025\/02\/06\/formularon-cargos-a-dos-personas-por-usurpar-una-vivienda-de-barrio\/\"},\"author\":{\"name\":\"apuntesdesanluis.com\",\"@id\":\"https:\/\/apuntesdesanluis.com\/#\/schema\/person\/b55151d52296fcce64d1a72538a70b90\"},\"headline\":\"FORMULARON CARGOS A DOS PERSONAS POR USURPAR UNA VIVIENDA DE BARRIO\",\"datePublished\":\"2025-02-07T00:15:11+00:00\",\"mainEntityOfPage\":{\"@id\":\"https:\/\/apuntesdesanluis.com\/index.php\/2025\/02\/06\/formularon-cargos-a-dos-personas-por-usurpar-una-vivienda-de-barrio\/\"},\"wordCount\":300,\"publisher\":{\"@id\":\"https:\/\/apuntesdesanluis.com\/#\/schema\/person\/b55151d52296fcce64d1a72538a70b90\"},\"image\":{\"@id\":\"https:\/\/apuntesdesanluis.com\/index.php\/2025\/02\/06\/formularon-cargos-a-dos-personas-por-usurpar-una-vivienda-de-barrio\/#primaryimage\"},\"thumbnailUrl\":\"https:\/\/apuntesdesanluis.com\/wp-content\/uploads\/2025\/02\/ASUDIENCIA.png\",\"articleSection\":[\"Ciudad\/Provincia\"],\"inLanguage\":\"es-AR\"},{\"@type\":\"WebPage\",\"@id\":\"https:\/\/apuntesdesanluis.com\/index.php\/2025\/02\/06\/formularon-cargos-a-dos-personas-por-usurpar-una-vivienda-de-barrio\/\",\"url\":\"https:\/\/apuntesdesanluis.com\/index.php\/2025\/02\/06\/formularon-cargos-a-dos-personas-por-usurpar-una-vivienda-de-barrio\/\",\"name\":\"FORMULARON CARGOS A DOS PERSONAS POR USURPAR UNA VIVIENDA DE BARRIO - Apuntes de San Luis\",\"isPartOf\":{\"@id\":\"https:\/\/apuntesdesanluis.com\/#website\"},\"primaryImageOfPage\":{\"@id\":\"https:\/\/apuntesdesanluis.com\/index.php\/2025\/02\/06\/formularon-cargos-a-dos-personas-por-usurpar-una-vivienda-de-barrio\/#primaryimage\"},\"image\":{\"@id\":\"https:\/\/apuntesdesanluis.com\/index.php\/2025\/02\/06\/formularon-cargos-a-dos-personas-por-usurpar-una-vivienda-de-barrio\/#primaryimage\"},\"thumbnailUrl\":\"https:\/\/apuntesdesanluis.com\/wp-content\/uploads\/2025\/02\/ASUDIENCIA.png\",\"datePublished\":\"2025-02-07T00:15:11+00:00\",\"breadcrumb\":{\"@id\":\"https:\/\/apuntesdesanluis.com\/index.php\/2025\/02\/06\/formularon-cargos-a-dos-personas-por-usurpar-una-vivienda-de-barrio\/#breadcrumb\"},\"inLanguage\":\"es-AR\",\"potentialAction\":[{\"@type\":\"ReadAction\",\"target\":[\"https:\/\/apuntesdesanluis.com\/index.php\/2025\/02\/06\/formularon-cargos-a-dos-personas-por-usurpar-una-vivienda-de-barrio\/\"]}]},{\"@type\":\"ImageObject\",\"inLanguage\":\"es-AR\",\"@id\":\"https:\/\/apuntesdesanluis.com\/index.php\/2025\/02\/06\/formularon-cargos-a-dos-personas-por-usurpar-una-vivienda-de-barrio\/#primaryimage\",\"url\":\"https:\/\/apuntesdesanluis.com\/wp-content\/uploads\/2025\/02\/ASUDIENCIA.png\",\"contentUrl\":\"https:\/\/apuntesdesanluis.com\/wp-content\/uploads\/2025\/02\/ASUDIENCIA.png\",\"width\":794,\"height\":466},{\"@type\":\"BreadcrumbList\",\"@id\":\"https:\/\/apuntesdesanluis.com\/index.php\/2025\/02\/06\/formularon-cargos-a-dos-personas-por-usurpar-una-vivienda-de-barrio\/#breadcrumb\",\"itemListElement\":[{\"@type\":\"ListItem\",\"position\":1,\"name\":\"Inicio\",\"item\":\"https:\/\/apuntesdesanluis.com\/\"},{\"@type\":\"ListItem\",\"position\":2,\"name\":\"FORMULARON CARGOS A DOS PERSONAS POR USURPAR UNA VIVIENDA DE BARRIO\"}]},{\"@type\":\"WebSite\",\"@id\":\"https:\/\/apuntesdesanluis.com\/#website\",\"url\":\"https:\/\/apuntesdesanluis.com\/\",\"name\":\"Apuntes de San Luis\",\"description\":\"\",\"publisher\":{\"@id\":\"https:\/\/apuntesdesanluis.com\/#\/schema\/person\/b55151d52296fcce64d1a72538a70b90\"},\"potentialAction\":[{\"@type\":\"SearchAction\",\"target\":{\"@type\":\"EntryPoint\",\"urlTemplate\":\"https:\/\/apuntesdesanluis.com\/?s={search_term_string}\"},\"query-input\":{\"@type\":\"PropertyValueSpecification\",\"valueRequired\":true,\"valueName\":\"search_term_string\"}}],\"inLanguage\":\"es-AR\"},{\"@type\":[\"Person\",\"Organization\"],\"@id\":\"https:\/\/apuntesdesanluis.com\/#\/schema\/person\/b55151d52296fcce64d1a72538a70b90\",\"name\":\"apuntesdesanluis.com\",\"image\":{\"@type\":\"ImageObject\",\"inLanguage\":\"es-AR\",\"@id\":\"https:\/\/apuntesdesanluis.com\/#\/schema\/person\/image\/\",\"url\":\"https:\/\/apuntesdesanluis.com\/wp-content\/uploads\/2023\/07\/cropped-apuntesdesanluis.png\",\"contentUrl\":\"https:\/\/apuntesdesanluis.com\/wp-content\/uploads\/2023\/07\/cropped-apuntesdesanluis.png\",\"width\":450,\"height\":112,\"caption\":\"apuntesdesanluis.com\"},\"logo\":{\"@id\":\"https:\/\/apuntesdesanluis.com\/#\/schema\/person\/image\/\"},\"sameAs\":[\"https:\/\/apuntesdesanluis.com\"],\"url\":\"https:\/\/apuntesdesanluis.com\/index.php\/author\/apuntesdesanluis-com\/\"}]}<\/script>\n<!-- \/ Yoast SEO plugin. -->","yoast_head_json":{"title":"FORMULARON CARGOS A DOS PERSONAS POR USURPAR UNA VIVIENDA DE BARRIO - Apuntes de San Luis","robots":{"index":"index","follow":"follow","max-snippet":"max-snippet:-1","max-image-preview":"max-image-preview:large","max-video-preview":"max-video-preview:-1"},"canonical":"https:\/\/apuntesdesanluis.com\/index.php\/2025\/02\/06\/formularon-cargos-a-dos-personas-por-usurpar-una-vivienda-de-barrio\/","og_locale":"es_ES","og_type":"article","og_title":"FORMULARON CARGOS A DOS PERSONAS POR USURPAR UNA VIVIENDA DE BARRIO - Apuntes de San Luis","og_description":"La audiencia se desarroll\u00f3 en el Juzgado de Garant\u00eda N\u00ba 1 de la Segunda Circunscripci\u00f3n...","og_url":"https:\/\/apuntesdesanluis.com\/index.php\/2025\/02\/06\/formularon-cargos-a-dos-personas-por-usurpar-una-vivienda-de-barrio\/","og_site_name":"Apuntes de San Luis","article_published_time":"2025-02-07T00:15:11+00:00","og_image":[{"width":794,"height":466,"url":"https:\/\/apuntesdesanluis.com\/wp-content\/uploads\/2025\/02\/ASUDIENCIA.png","type":"image\/png"}],"author":"apuntesdesanluis.com","twitter_card":"summary_large_image","twitter_misc":{"Escrito por":"apuntesdesanluis.com","Tiempo de lectura":"2 minutos"},"schema":{"@context":"https:\/\/schema.org","@graph":[{"@type":"Article","@id":"https:\/\/apuntesdesanluis.com\/index.php\/2025\/02\/06\/formularon-cargos-a-dos-personas-por-usurpar-una-vivienda-de-barrio\/#article","isPartOf":{"@id":"https:\/\/apuntesdesanluis.com\/index.php\/2025\/02\/06\/formularon-cargos-a-dos-personas-por-usurpar-una-vivienda-de-barrio\/"},"author":{"name":"apuntesdesanluis.com","@id":"https:\/\/apuntesdesanluis.com\/#\/schema\/person\/b55151d52296fcce64d1a72538a70b90"},"headline":"FORMULARON CARGOS A DOS PERSONAS POR USURPAR UNA VIVIENDA DE BARRIO","datePublished":"2025-02-07T00:15:11+00:00","mainEntityOfPage":{"@id":"https:\/\/apuntesdesanluis.com\/index.php\/2025\/02\/06\/formularon-cargos-a-dos-personas-por-usurpar-una-vivienda-de-barrio\/"},"wordCount":300,"publisher":{"@id":"https:\/\/apuntesdesanluis.com\/#\/schema\/person\/b55151d52296fcce64d1a72538a70b90"},"image":{"@id":"https:\/\/apuntesdesanluis.com\/index.php\/2025\/02\/06\/formularon-cargos-a-dos-personas-por-usurpar-una-vivienda-de-barrio\/#primaryimage"},"thumbnailUrl":"https:\/\/apuntesdesanluis.com\/wp-content\/uploads\/2025\/02\/ASUDIENCIA.png","articleSection":["Ciudad\/Provincia"],"inLanguage":"es-AR"},{"@type":"WebPage","@id":"https:\/\/apuntesdesanluis.com\/index.php\/2025\/02\/06\/formularon-cargos-a-dos-personas-por-usurpar-una-vivienda-de-barrio\/","url":"https:\/\/apuntesdesanluis.com\/index.php\/2025\/02\/06\/formularon-cargos-a-dos-personas-por-usurpar-una-vivienda-de-barrio\/","name":"FORMULARON CARGOS A DOS PERSONAS POR USURPAR UNA VIVIENDA DE BARRIO - Apuntes de San Luis","isPartOf":{"@id":"https:\/\/apuntesdesanluis.com\/#website"},"primaryImageOfPage":{"@id":"https:\/\/apuntesdesanluis.com\/index.php\/2025\/02\/06\/formularon-cargos-a-dos-personas-por-usurpar-una-vivienda-de-barrio\/#primaryimage"},"image":{"@id":"https:\/\/apuntesdesanluis.com\/index.php\/2025\/02\/06\/formularon-cargos-a-dos-personas-por-usurpar-una-vivienda-de-barrio\/#primaryimage"},"thumbnailUrl":"https:\/\/apuntesdesanluis.com\/wp-content\/uploads\/2025\/02\/ASUDIENCIA.png","datePublished":"2025-02-07T00:15:11+00:00","breadcrumb":{"@id":"https:\/\/apuntesdesanluis.com\/index.php\/2025\/02\/06\/formularon-cargos-a-dos-personas-por-usurpar-una-vivienda-de-barrio\/#breadcrumb"},"inLanguage":"es-AR","potentialAction":[{"@type":"ReadAction","target":["https:\/\/apuntesdesanluis.com\/index.php\/2025\/02\/06\/formularon-cargos-a-dos-personas-por-usurpar-una-vivienda-de-barrio\/"]}]},{"@type":"ImageObject","inLanguage":"es-AR","@id":"https:\/\/apuntesdesanluis.com\/index.php\/2025\/02\/06\/formularon-cargos-a-dos-personas-por-usurpar-una-vivienda-de-barrio\/#primaryimage","url":"https:\/\/apuntesdesanluis.com\/wp-content\/uploads\/2025\/02\/ASUDIENCIA.png","contentUrl":"https:\/\/apuntesdesanluis.com\/wp-content\/uploads\/2025\/02\/ASUDIENCIA.png","width":794,"height":466},{"@type":"BreadcrumbList","@id":"https:\/\/apuntesdesanluis.com\/index.php\/2025\/02\/06\/formularon-cargos-a-dos-personas-por-usurpar-una-vivienda-de-barrio\/#breadcrumb","itemListElement":[{"@type":"ListItem","position":1,"name":"Inicio","item":"https:\/\/apuntesdesanluis.com\/"},{"@type":"ListItem","position":2,"name":"FORMULARON CARGOS A DOS PERSONAS POR USURPAR UNA VIVIENDA DE BARRIO"}]},{"@type":"WebSite","@id":"https:\/\/apuntesdesanluis.com\/#website","url":"https:\/\/apuntesdesanluis.com\/","name":"Apuntes de San Luis","description":"","publisher":{"@id":"https:\/\/apuntesdesanluis.com\/#\/schema\/person\/b55151d52296fcce64d1a72538a70b90"},"potentialAction":[{"@type":"SearchAction","target":{"@type":"EntryPoint","urlTemplate":"https:\/\/apuntesdesanluis.com\/?s={search_term_string}"},"query-input":{"@type":"PropertyValueSpecification","valueRequired":true,"valueName":"search_term_string"}}],"inLanguage":"es-AR"},{"@type":["Person","Organization"],"@id":"https:\/\/apuntesdesanluis.com\/#\/schema\/person\/b55151d52296fcce64d1a72538a70b90","name":"apuntesdesanluis.com","image":{"@type":"ImageObject","inLanguage":"es-AR","@id":"https:\/\/apuntesdesanluis.com\/#\/schema\/person\/image\/","url":"https:\/\/apuntesdesanluis.com\/wp-content\/uploads\/2023\/07\/cropped-apuntesdesanluis.png","contentUrl":"https:\/\/apuntesdesanluis.com\/wp-content\/uploads\/2023\/07\/cropped-apuntesdesanluis.png","width":450,"height":112,"caption":"apuntesdesanluis.com"},"logo":{"@id":"https:\/\/apuntesdesanluis.com\/#\/schema\/person\/image\/"},"sameAs":["https:\/\/apuntesdesanluis.com"],"url":"https:\/\/apuntesdesanluis.com\/index.php\/author\/apuntesdesanluis-com\/"}]}},"featured_image_urls":{"full":["https:\/\/apuntesdesanluis.com\/wp-content\/uploads\/2025\/02\/ASUDIENCIA.png",794,466,false],"thumbnail":["https:\/\/apuntesdesanluis.com\/wp-content\/uploads\/2025\/02\/ASUDIENCIA-150x150.png",150,150,true],"medium":["https:\/\/apuntesdesanluis.com\/wp-content\/uploads\/2025\/02\/ASUDIENCIA-300x176.png",300,176,true],"medium_large":["https:\/\/apuntesdesanluis.com\/wp-content\/uploads\/2025\/02\/ASUDIENCIA-768x451.png",640,376,true],"large":["https:\/\/apuntesdesanluis.com\/wp-content\/uploads\/2025\/02\/ASUDIENCIA.png",640,376,false],"1536x1536":["https:\/\/apuntesdesanluis.com\/wp-content\/uploads\/2025\/02\/ASUDIENCIA.png",794,466,false],"2048x2048":["https:\/\/apuntesdesanluis.com\/wp-content\/uploads\/2025\/02\/ASUDIENCIA.png",794,466,false],"newsever-slider-full":["https:\/\/apuntesdesanluis.com\/wp-content\/uploads\/2025\/02\/ASUDIENCIA.png",794,466,false],"newsever-featured":["https:\/\/apuntesdesanluis.com\/wp-content\/uploads\/2025\/02\/ASUDIENCIA.png",794,466,false],"newsever-medium":["https:\/\/apuntesdesanluis.com\/wp-content\/uploads\/2025\/02\/ASUDIENCIA-720x466.png",720,466,true]},"author_info":{"display_name":"apuntesdesanluis.com","author_link":"https:\/\/apuntesdesanluis.com\/index.php\/author\/apuntesdesanluis-com\/"},"category_info":"<a href=\"https:\/\/apuntesdesanluis.com\/index.php\/category\/ciudad-provincia\/\" rel=\"category tag\">Ciudad\/Provincia<\/a>","tag_info":"Ciudad\/Provincia","comment_count":"0","_links":{"self":[{"href":"https:\/\/apuntesdesanluis.com\/index.php\/wp-json\/wp\/v2\/posts\/28804","targetHints":{"allow":["GET"]}}],"collection":[{"href":"https:\/\/apuntesdesanluis.com\/index.php\/wp-json\/wp\/v2\/posts"}],"about":[{"href":"https:\/\/apuntesdesanluis.com\/index.php\/wp-json\/wp\/v2\/types\/post"}],"author":[{"embeddable":true,"href":"https:\/\/apuntesdesanluis.com\/index.php\/wp-json\/wp\/v2\/users\/1"}],"replies":[{"embeddable":true,"href":"https:\/\/apuntesdesanluis.com\/index.php\/wp-json\/wp\/v2\/comments?post=28804"}],"version-history":[{"count":1,"href":"https:\/\/apuntesdesanluis.com\/index.php\/wp-json\/wp\/v2\/posts\/28804\/revisions"}],"predecessor-version":[{"id":28806,"href":"https:\/\/apuntesdesanluis.com\/index.php\/wp-json\/wp\/v2\/posts\/28804\/revisions\/28806"}],"wp:featuredmedia":[{"embeddable":true,"href":"https:\/\/apuntesdesanluis.com\/index.php\/wp-json\/wp\/v2\/media\/28805"}],"wp:attachment":[{"href":"https:\/\/apuntesdesanluis.com\/index.php\/wp-json\/wp\/v2\/media?parent=28804"}],"wp:term":[{"taxonomy":"category","embeddable":true,"href":"https:\/\/apuntesdesanluis.com\/index.php\/wp-json\/wp\/v2\/categories?post=28804"},{"taxonomy":"post_tag","embeddable":true,"href":"https:\/\/apuntesdesanluis.com\/index.php\/wp-json\/wp\/v2\/tags?post=28804"}],"curies":[{"name":"wp","href":"https:\/\/api.w.org\/{rel}","templated":true}]}}