{"id":2883,"date":"2023-09-07T09:54:19","date_gmt":"2023-09-07T12:54:19","guid":{"rendered":"https:\/\/apuntesdesanluis.com\/?p=2883"},"modified":"2023-09-07T09:57:47","modified_gmt":"2023-09-07T12:57:47","slug":"escandalo-detienen-a-dos-agentes-penitenciarios-y-pasan-a-disponibilidad-a-otros-cinco","status":"publish","type":"post","link":"https:\/\/apuntesdesanluis.com\/index.php\/2023\/09\/07\/escandalo-detienen-a-dos-agentes-penitenciarios-y-pasan-a-disponibilidad-a-otros-cinco\/","title":{"rendered":"ESC\u00c1NDALO: DETIENEN A DOS AGENTES PENITENCIARIOS Y PASAN A DISPONIBILIDAD A OTROS CINCO"},"content":{"rendered":"<h3>Por orden de la Justicia Federal, la Polic\u00eda de la Provincia realiz\u00f3 la detenci\u00f3n de dos agentes penitenciarios que estar\u00edan implicados en la causa que investiga el accionar de una organizaci\u00f3n delictiva que transportaba y comercializaba estupefacientes y cuyo l\u00edder operaba desde el Servicio Penitenciario Provincial.<\/h3>\n<h3>Adem\u00e1s, desde el Servicio Penitenciario se dispuso el pase a disponibilidad de cinco agentes penitenciarios, para determinar o deslindar responsabilidades.<\/h3>\n<h3>La Justicia Federal dispuso las acciones que fueron ejecutadas este mi\u00e9rcoles 6 por personal policial. Las medidas dictadas por la Justicia intentan determinar si los imputados son part\u00edcipes necesarios y secundarios en los delitos que prev\u00e9 el art\u00edculo 5, inciso \u201cC\u201d de la Ley 23.737 en la modalidad de transporte de estupefacientes, agravado por intervenir en su comisi\u00f3n tres o m\u00e1s personas organizadas.<\/h3>\n<h3>Adem\u00e1s, se busca conocer si incurrieron en grado de autor\u00eda, en averiguaci\u00f3n de la infracci\u00f3n a los art\u00edculos 248, 249 y 256 del C\u00f3digo Penal \u201cen la modalidad de recibir, por s\u00ed o persona interpuesta, dinero o d\u00e1diva; o de aceptar promesa directa, para hacer y\/o dejar de hacer prestaciones relativas a sus deberes funcionales\u201d, esto en beneficio de la banda anteriormente citada.<\/h3>\n<h3>En tanto e independientemente de las acciones determinadas por la Justicia Federal, desde el Servicio Penitenciario se dispuso relevar y pasar a disponibilidad a cinco agentes penitenciarios, para determinar o deslindar responsabilidades respecto de su accionar en torno a la mencionada organizaci\u00f3n y a los fines de brindar todas las herramientas necesarias que permitan desarrollar una investigaci\u00f3n que pueda dar con todos los responsables.<\/h3>\n","protected":false},"excerpt":{"rendered":"<p>Por orden de la Justicia Federal, la Polic\u00eda de la Provincia realiz\u00f3 la detenci\u00f3n de&#8230;<\/p>\n","protected":false},"author":1,"featured_media":2557,"comment_status":"closed","ping_status":"closed","sticky":false,"template":"","format":"standard","meta":{"footnotes":""},"categories":[6],"tags":[],"class_list":["post-2883","post","type-post","status-publish","format-standard","has-post-thumbnail","hentry","category-ciudad-provincia"],"yoast_head":"<!-- This site is optimized with the Yoast SEO plugin v26.1.1 - https:\/\/yoast.com\/wordpress\/plugins\/seo\/ -->\n<title>ESC\u00c1NDALO: DETIENEN A DOS AGENTES PENITENCIARIOS Y PASAN A DISPONIBILIDAD A OTROS CINCO - Apuntes de San Luis<\/title>\n<meta name=\"robots\" content=\"index, follow, max-snippet:-1, max-image-preview:large, max-video-preview:-1\" \/>\n<link rel=\"canonical\" href=\"https:\/\/apuntesdesanluis.com\/index.php\/2023\/09\/07\/escandalo-detienen-a-dos-agentes-penitenciarios-y-pasan-a-disponibilidad-a-otros-cinco\/\" \/>\n<meta property=\"og:locale\" content=\"es_ES\" \/>\n<meta property=\"og:type\" content=\"article\" \/>\n<meta property=\"og:title\" content=\"ESC\u00c1NDALO: DETIENEN A DOS AGENTES PENITENCIARIOS Y PASAN A DISPONIBILIDAD A OTROS CINCO - Apuntes de San Luis\" \/>\n<meta property=\"og:description\" content=\"Por orden de la Justicia Federal, la Polic\u00eda de la Provincia realiz\u00f3 la detenci\u00f3n de...\" \/>\n<meta property=\"og:url\" content=\"https:\/\/apuntesdesanluis.com\/index.php\/2023\/09\/07\/escandalo-detienen-a-dos-agentes-penitenciarios-y-pasan-a-disponibilidad-a-otros-cinco\/\" \/>\n<meta property=\"og:site_name\" content=\"Apuntes de San Luis\" \/>\n<meta property=\"article:published_time\" content=\"2023-09-07T12:54:19+00:00\" \/>\n<meta property=\"article:modified_time\" content=\"2023-09-07T12:57:47+00:00\" \/>\n<meta property=\"og:image\" content=\"https:\/\/apuntesdesanluis.com\/wp-content\/uploads\/2023\/09\/servicio-penitenciario.png\" \/>\n\t<meta property=\"og:image:width\" content=\"584\" \/>\n\t<meta property=\"og:image:height\" content=\"321\" \/>\n\t<meta property=\"og:image:type\" content=\"image\/png\" \/>\n<meta name=\"author\" content=\"apuntesdesanluis.com\" \/>\n<meta name=\"twitter:card\" content=\"summary_large_image\" \/>\n<meta name=\"twitter:label1\" content=\"Escrito por\" \/>\n\t<meta name=\"twitter:data1\" content=\"apuntesdesanluis.com\" \/>\n\t<meta name=\"twitter:label2\" content=\"Tiempo de lectura\" \/>\n\t<meta name=\"twitter:data2\" content=\"2 minutos\" \/>\n<script type=\"application\/ld+json\" class=\"yoast-schema-graph\">{\"@context\":\"https:\/\/schema.org\",\"@graph\":[{\"@type\":\"Article\",\"@id\":\"https:\/\/apuntesdesanluis.com\/index.php\/2023\/09\/07\/escandalo-detienen-a-dos-agentes-penitenciarios-y-pasan-a-disponibilidad-a-otros-cinco\/#article\",\"isPartOf\":{\"@id\":\"https:\/\/apuntesdesanluis.com\/index.php\/2023\/09\/07\/escandalo-detienen-a-dos-agentes-penitenciarios-y-pasan-a-disponibilidad-a-otros-cinco\/\"},\"author\":{\"name\":\"apuntesdesanluis.com\",\"@id\":\"https:\/\/apuntesdesanluis.com\/#\/schema\/person\/b55151d52296fcce64d1a72538a70b90\"},\"headline\":\"ESC\u00c1NDALO: DETIENEN A DOS AGENTES PENITENCIARIOS Y PASAN A DISPONIBILIDAD A OTROS CINCO\",\"datePublished\":\"2023-09-07T12:54:19+00:00\",\"dateModified\":\"2023-09-07T12:57:47+00:00\",\"mainEntityOfPage\":{\"@id\":\"https:\/\/apuntesdesanluis.com\/index.php\/2023\/09\/07\/escandalo-detienen-a-dos-agentes-penitenciarios-y-pasan-a-disponibilidad-a-otros-cinco\/\"},\"wordCount\":285,\"publisher\":{\"@id\":\"https:\/\/apuntesdesanluis.com\/#\/schema\/person\/b55151d52296fcce64d1a72538a70b90\"},\"image\":{\"@id\":\"https:\/\/apuntesdesanluis.com\/index.php\/2023\/09\/07\/escandalo-detienen-a-dos-agentes-penitenciarios-y-pasan-a-disponibilidad-a-otros-cinco\/#primaryimage\"},\"thumbnailUrl\":\"https:\/\/apuntesdesanluis.com\/wp-content\/uploads\/2023\/09\/servicio-penitenciario.png\",\"articleSection\":[\"Ciudad\/Provincia\"],\"inLanguage\":\"es-AR\"},{\"@type\":\"WebPage\",\"@id\":\"https:\/\/apuntesdesanluis.com\/index.php\/2023\/09\/07\/escandalo-detienen-a-dos-agentes-penitenciarios-y-pasan-a-disponibilidad-a-otros-cinco\/\",\"url\":\"https:\/\/apuntesdesanluis.com\/index.php\/2023\/09\/07\/escandalo-detienen-a-dos-agentes-penitenciarios-y-pasan-a-disponibilidad-a-otros-cinco\/\",\"name\":\"ESC\u00c1NDALO: DETIENEN A DOS AGENTES PENITENCIARIOS Y PASAN A DISPONIBILIDAD A OTROS CINCO - Apuntes de San Luis\",\"isPartOf\":{\"@id\":\"https:\/\/apuntesdesanluis.com\/#website\"},\"primaryImageOfPage\":{\"@id\":\"https:\/\/apuntesdesanluis.com\/index.php\/2023\/09\/07\/escandalo-detienen-a-dos-agentes-penitenciarios-y-pasan-a-disponibilidad-a-otros-cinco\/#primaryimage\"},\"image\":{\"@id\":\"https:\/\/apuntesdesanluis.com\/index.php\/2023\/09\/07\/escandalo-detienen-a-dos-agentes-penitenciarios-y-pasan-a-disponibilidad-a-otros-cinco\/#primaryimage\"},\"thumbnailUrl\":\"https:\/\/apuntesdesanluis.com\/wp-content\/uploads\/2023\/09\/servicio-penitenciario.png\",\"datePublished\":\"2023-09-07T12:54:19+00:00\",\"dateModified\":\"2023-09-07T12:57:47+00:00\",\"breadcrumb\":{\"@id\":\"https:\/\/apuntesdesanluis.com\/index.php\/2023\/09\/07\/escandalo-detienen-a-dos-agentes-penitenciarios-y-pasan-a-disponibilidad-a-otros-cinco\/#breadcrumb\"},\"inLanguage\":\"es-AR\",\"potentialAction\":[{\"@type\":\"ReadAction\",\"target\":[\"https:\/\/apuntesdesanluis.com\/index.php\/2023\/09\/07\/escandalo-detienen-a-dos-agentes-penitenciarios-y-pasan-a-disponibilidad-a-otros-cinco\/\"]}]},{\"@type\":\"ImageObject\",\"inLanguage\":\"es-AR\",\"@id\":\"https:\/\/apuntesdesanluis.com\/index.php\/2023\/09\/07\/escandalo-detienen-a-dos-agentes-penitenciarios-y-pasan-a-disponibilidad-a-otros-cinco\/#primaryimage\",\"url\":\"https:\/\/apuntesdesanluis.com\/wp-content\/uploads\/2023\/09\/servicio-penitenciario.png\",\"contentUrl\":\"https:\/\/apuntesdesanluis.com\/wp-content\/uploads\/2023\/09\/servicio-penitenciario.png\",\"width\":584,\"height\":321},{\"@type\":\"BreadcrumbList\",\"@id\":\"https:\/\/apuntesdesanluis.com\/index.php\/2023\/09\/07\/escandalo-detienen-a-dos-agentes-penitenciarios-y-pasan-a-disponibilidad-a-otros-cinco\/#breadcrumb\",\"itemListElement\":[{\"@type\":\"ListItem\",\"position\":1,\"name\":\"Inicio\",\"item\":\"https:\/\/apuntesdesanluis.com\/\"},{\"@type\":\"ListItem\",\"position\":2,\"name\":\"ESC\u00c1NDALO: DETIENEN A DOS AGENTES PENITENCIARIOS Y PASAN A DISPONIBILIDAD A OTROS CINCO\"}]},{\"@type\":\"WebSite\",\"@id\":\"https:\/\/apuntesdesanluis.com\/#website\",\"url\":\"https:\/\/apuntesdesanluis.com\/\",\"name\":\"Apuntes de San Luis\",\"description\":\"\",\"publisher\":{\"@id\":\"https:\/\/apuntesdesanluis.com\/#\/schema\/person\/b55151d52296fcce64d1a72538a70b90\"},\"potentialAction\":[{\"@type\":\"SearchAction\",\"target\":{\"@type\":\"EntryPoint\",\"urlTemplate\":\"https:\/\/apuntesdesanluis.com\/?s={search_term_string}\"},\"query-input\":{\"@type\":\"PropertyValueSpecification\",\"valueRequired\":true,\"valueName\":\"search_term_string\"}}],\"inLanguage\":\"es-AR\"},{\"@type\":[\"Person\",\"Organization\"],\"@id\":\"https:\/\/apuntesdesanluis.com\/#\/schema\/person\/b55151d52296fcce64d1a72538a70b90\",\"name\":\"apuntesdesanluis.com\",\"image\":{\"@type\":\"ImageObject\",\"inLanguage\":\"es-AR\",\"@id\":\"https:\/\/apuntesdesanluis.com\/#\/schema\/person\/image\/\",\"url\":\"https:\/\/apuntesdesanluis.com\/wp-content\/uploads\/2023\/07\/cropped-apuntesdesanluis.png\",\"contentUrl\":\"https:\/\/apuntesdesanluis.com\/wp-content\/uploads\/2023\/07\/cropped-apuntesdesanluis.png\",\"width\":450,\"height\":112,\"caption\":\"apuntesdesanluis.com\"},\"logo\":{\"@id\":\"https:\/\/apuntesdesanluis.com\/#\/schema\/person\/image\/\"},\"sameAs\":[\"https:\/\/apuntesdesanluis.com\"],\"url\":\"https:\/\/apuntesdesanluis.com\/index.php\/author\/apuntesdesanluis-com\/\"}]}<\/script>\n<!-- \/ Yoast SEO plugin. -->","yoast_head_json":{"title":"ESC\u00c1NDALO: DETIENEN A DOS AGENTES PENITENCIARIOS Y PASAN A DISPONIBILIDAD A OTROS CINCO - Apuntes de San Luis","robots":{"index":"index","follow":"follow","max-snippet":"max-snippet:-1","max-image-preview":"max-image-preview:large","max-video-preview":"max-video-preview:-1"},"canonical":"https:\/\/apuntesdesanluis.com\/index.php\/2023\/09\/07\/escandalo-detienen-a-dos-agentes-penitenciarios-y-pasan-a-disponibilidad-a-otros-cinco\/","og_locale":"es_ES","og_type":"article","og_title":"ESC\u00c1NDALO: DETIENEN A DOS AGENTES PENITENCIARIOS Y PASAN A DISPONIBILIDAD A OTROS CINCO - Apuntes de San Luis","og_description":"Por orden de la Justicia Federal, la Polic\u00eda de la Provincia realiz\u00f3 la detenci\u00f3n de...","og_url":"https:\/\/apuntesdesanluis.com\/index.php\/2023\/09\/07\/escandalo-detienen-a-dos-agentes-penitenciarios-y-pasan-a-disponibilidad-a-otros-cinco\/","og_site_name":"Apuntes de San Luis","article_published_time":"2023-09-07T12:54:19+00:00","article_modified_time":"2023-09-07T12:57:47+00:00","og_image":[{"width":584,"height":321,"url":"https:\/\/apuntesdesanluis.com\/wp-content\/uploads\/2023\/09\/servicio-penitenciario.png","type":"image\/png"}],"author":"apuntesdesanluis.com","twitter_card":"summary_large_image","twitter_misc":{"Escrito por":"apuntesdesanluis.com","Tiempo de lectura":"2 minutos"},"schema":{"@context":"https:\/\/schema.org","@graph":[{"@type":"Article","@id":"https:\/\/apuntesdesanluis.com\/index.php\/2023\/09\/07\/escandalo-detienen-a-dos-agentes-penitenciarios-y-pasan-a-disponibilidad-a-otros-cinco\/#article","isPartOf":{"@id":"https:\/\/apuntesdesanluis.com\/index.php\/2023\/09\/07\/escandalo-detienen-a-dos-agentes-penitenciarios-y-pasan-a-disponibilidad-a-otros-cinco\/"},"author":{"name":"apuntesdesanluis.com","@id":"https:\/\/apuntesdesanluis.com\/#\/schema\/person\/b55151d52296fcce64d1a72538a70b90"},"headline":"ESC\u00c1NDALO: DETIENEN A DOS AGENTES PENITENCIARIOS Y PASAN A DISPONIBILIDAD A OTROS CINCO","datePublished":"2023-09-07T12:54:19+00:00","dateModified":"2023-09-07T12:57:47+00:00","mainEntityOfPage":{"@id":"https:\/\/apuntesdesanluis.com\/index.php\/2023\/09\/07\/escandalo-detienen-a-dos-agentes-penitenciarios-y-pasan-a-disponibilidad-a-otros-cinco\/"},"wordCount":285,"publisher":{"@id":"https:\/\/apuntesdesanluis.com\/#\/schema\/person\/b55151d52296fcce64d1a72538a70b90"},"image":{"@id":"https:\/\/apuntesdesanluis.com\/index.php\/2023\/09\/07\/escandalo-detienen-a-dos-agentes-penitenciarios-y-pasan-a-disponibilidad-a-otros-cinco\/#primaryimage"},"thumbnailUrl":"https:\/\/apuntesdesanluis.com\/wp-content\/uploads\/2023\/09\/servicio-penitenciario.png","articleSection":["Ciudad\/Provincia"],"inLanguage":"es-AR"},{"@type":"WebPage","@id":"https:\/\/apuntesdesanluis.com\/index.php\/2023\/09\/07\/escandalo-detienen-a-dos-agentes-penitenciarios-y-pasan-a-disponibilidad-a-otros-cinco\/","url":"https:\/\/apuntesdesanluis.com\/index.php\/2023\/09\/07\/escandalo-detienen-a-dos-agentes-penitenciarios-y-pasan-a-disponibilidad-a-otros-cinco\/","name":"ESC\u00c1NDALO: DETIENEN A DOS AGENTES PENITENCIARIOS Y PASAN A DISPONIBILIDAD A OTROS CINCO - Apuntes de San Luis","isPartOf":{"@id":"https:\/\/apuntesdesanluis.com\/#website"},"primaryImageOfPage":{"@id":"https:\/\/apuntesdesanluis.com\/index.php\/2023\/09\/07\/escandalo-detienen-a-dos-agentes-penitenciarios-y-pasan-a-disponibilidad-a-otros-cinco\/#primaryimage"},"image":{"@id":"https:\/\/apuntesdesanluis.com\/index.php\/2023\/09\/07\/escandalo-detienen-a-dos-agentes-penitenciarios-y-pasan-a-disponibilidad-a-otros-cinco\/#primaryimage"},"thumbnailUrl":"https:\/\/apuntesdesanluis.com\/wp-content\/uploads\/2023\/09\/servicio-penitenciario.png","datePublished":"2023-09-07T12:54:19+00:00","dateModified":"2023-09-07T12:57:47+00:00","breadcrumb":{"@id":"https:\/\/apuntesdesanluis.com\/index.php\/2023\/09\/07\/escandalo-detienen-a-dos-agentes-penitenciarios-y-pasan-a-disponibilidad-a-otros-cinco\/#breadcrumb"},"inLanguage":"es-AR","potentialAction":[{"@type":"ReadAction","target":["https:\/\/apuntesdesanluis.com\/index.php\/2023\/09\/07\/escandalo-detienen-a-dos-agentes-penitenciarios-y-pasan-a-disponibilidad-a-otros-cinco\/"]}]},{"@type":"ImageObject","inLanguage":"es-AR","@id":"https:\/\/apuntesdesanluis.com\/index.php\/2023\/09\/07\/escandalo-detienen-a-dos-agentes-penitenciarios-y-pasan-a-disponibilidad-a-otros-cinco\/#primaryimage","url":"https:\/\/apuntesdesanluis.com\/wp-content\/uploads\/2023\/09\/servicio-penitenciario.png","contentUrl":"https:\/\/apuntesdesanluis.com\/wp-content\/uploads\/2023\/09\/servicio-penitenciario.png","width":584,"height":321},{"@type":"BreadcrumbList","@id":"https:\/\/apuntesdesanluis.com\/index.php\/2023\/09\/07\/escandalo-detienen-a-dos-agentes-penitenciarios-y-pasan-a-disponibilidad-a-otros-cinco\/#breadcrumb","itemListElement":[{"@type":"ListItem","position":1,"name":"Inicio","item":"https:\/\/apuntesdesanluis.com\/"},{"@type":"ListItem","position":2,"name":"ESC\u00c1NDALO: DETIENEN A DOS AGENTES PENITENCIARIOS Y PASAN A DISPONIBILIDAD A OTROS CINCO"}]},{"@type":"WebSite","@id":"https:\/\/apuntesdesanluis.com\/#website","url":"https:\/\/apuntesdesanluis.com\/","name":"Apuntes de San Luis","description":"","publisher":{"@id":"https:\/\/apuntesdesanluis.com\/#\/schema\/person\/b55151d52296fcce64d1a72538a70b90"},"potentialAction":[{"@type":"SearchAction","target":{"@type":"EntryPoint","urlTemplate":"https:\/\/apuntesdesanluis.com\/?s={search_term_string}"},"query-input":{"@type":"PropertyValueSpecification","valueRequired":true,"valueName":"search_term_string"}}],"inLanguage":"es-AR"},{"@type":["Person","Organization"],"@id":"https:\/\/apuntesdesanluis.com\/#\/schema\/person\/b55151d52296fcce64d1a72538a70b90","name":"apuntesdesanluis.com","image":{"@type":"ImageObject","inLanguage":"es-AR","@id":"https:\/\/apuntesdesanluis.com\/#\/schema\/person\/image\/","url":"https:\/\/apuntesdesanluis.com\/wp-content\/uploads\/2023\/07\/cropped-apuntesdesanluis.png","contentUrl":"https:\/\/apuntesdesanluis.com\/wp-content\/uploads\/2023\/07\/cropped-apuntesdesanluis.png","width":450,"height":112,"caption":"apuntesdesanluis.com"},"logo":{"@id":"https:\/\/apuntesdesanluis.com\/#\/schema\/person\/image\/"},"sameAs":["https:\/\/apuntesdesanluis.com"],"url":"https:\/\/apuntesdesanluis.com\/index.php\/author\/apuntesdesanluis-com\/"}]}},"featured_image_urls":{"full":["https:\/\/apuntesdesanluis.com\/wp-content\/uploads\/2023\/09\/servicio-penitenciario.png",584,321,false],"thumbnail":["https:\/\/apuntesdesanluis.com\/wp-content\/uploads\/2023\/09\/servicio-penitenciario-150x150.png",150,150,true],"medium":["https:\/\/apuntesdesanluis.com\/wp-content\/uploads\/2023\/09\/servicio-penitenciario-300x165.png",300,165,true],"medium_large":["https:\/\/apuntesdesanluis.com\/wp-content\/uploads\/2023\/09\/servicio-penitenciario.png",584,321,false],"large":["https:\/\/apuntesdesanluis.com\/wp-content\/uploads\/2023\/09\/servicio-penitenciario.png",584,321,false],"1536x1536":["https:\/\/apuntesdesanluis.com\/wp-content\/uploads\/2023\/09\/servicio-penitenciario.png",584,321,false],"2048x2048":["https:\/\/apuntesdesanluis.com\/wp-content\/uploads\/2023\/09\/servicio-penitenciario.png",584,321,false],"newsever-slider-full":["https:\/\/apuntesdesanluis.com\/wp-content\/uploads\/2023\/09\/servicio-penitenciario.png",584,321,false],"newsever-featured":["https:\/\/apuntesdesanluis.com\/wp-content\/uploads\/2023\/09\/servicio-penitenciario.png",584,321,false],"newsever-medium":["https:\/\/apuntesdesanluis.com\/wp-content\/uploads\/2023\/09\/servicio-penitenciario.png",584,321,false]},"author_info":{"display_name":"apuntesdesanluis.com","author_link":"https:\/\/apuntesdesanluis.com\/index.php\/author\/apuntesdesanluis-com\/"},"category_info":"<a href=\"https:\/\/apuntesdesanluis.com\/index.php\/category\/ciudad-provincia\/\" rel=\"category tag\">Ciudad\/Provincia<\/a>","tag_info":"Ciudad\/Provincia","comment_count":"0","_links":{"self":[{"href":"https:\/\/apuntesdesanluis.com\/index.php\/wp-json\/wp\/v2\/posts\/2883","targetHints":{"allow":["GET"]}}],"collection":[{"href":"https:\/\/apuntesdesanluis.com\/index.php\/wp-json\/wp\/v2\/posts"}],"about":[{"href":"https:\/\/apuntesdesanluis.com\/index.php\/wp-json\/wp\/v2\/types\/post"}],"author":[{"embeddable":true,"href":"https:\/\/apuntesdesanluis.com\/index.php\/wp-json\/wp\/v2\/users\/1"}],"replies":[{"embeddable":true,"href":"https:\/\/apuntesdesanluis.com\/index.php\/wp-json\/wp\/v2\/comments?post=2883"}],"version-history":[{"count":5,"href":"https:\/\/apuntesdesanluis.com\/index.php\/wp-json\/wp\/v2\/posts\/2883\/revisions"}],"predecessor-version":[{"id":2888,"href":"https:\/\/apuntesdesanluis.com\/index.php\/wp-json\/wp\/v2\/posts\/2883\/revisions\/2888"}],"wp:featuredmedia":[{"embeddable":true,"href":"https:\/\/apuntesdesanluis.com\/index.php\/wp-json\/wp\/v2\/media\/2557"}],"wp:attachment":[{"href":"https:\/\/apuntesdesanluis.com\/index.php\/wp-json\/wp\/v2\/media?parent=2883"}],"wp:term":[{"taxonomy":"category","embeddable":true,"href":"https:\/\/apuntesdesanluis.com\/index.php\/wp-json\/wp\/v2\/categories?post=2883"},{"taxonomy":"post_tag","embeddable":true,"href":"https:\/\/apuntesdesanluis.com\/index.php\/wp-json\/wp\/v2\/tags?post=2883"}],"curies":[{"name":"wp","href":"https:\/\/api.w.org\/{rel}","templated":true}]}}