{"id":28858,"date":"2025-02-07T21:12:35","date_gmt":"2025-02-08T00:12:35","guid":{"rendered":"https:\/\/apuntesdesanluis.com\/?p=28858"},"modified":"2025-02-07T22:25:50","modified_gmt":"2025-02-08T01:25:50","slug":"para-que-esten-contentos-por-si-hace-falta-reprimir-aumento-del-5-a-las-fuerzas-de-seguridad","status":"publish","type":"post","link":"https:\/\/apuntesdesanluis.com\/index.php\/2025\/02\/07\/para-que-esten-contentos-por-si-hace-falta-reprimir-aumento-del-5-a-las-fuerzas-de-seguridad\/","title":{"rendered":"PARA QUE EST\u00c9N CONTENTOS, POR SI HACE FALTA REPRIMIR: AUMENTO DEL 5% A LAS FUERZAS DE SEGURIDAD"},"content":{"rendered":"<h3>El incremento fue oficializado en el Bolet\u00edn Oficial y comenzar\u00e1 a percibirse a partir de marzo. Adem\u00e1s, configura un porcentaje superior al que se asign\u00f3 al resto del personal estatal.<\/h3>\n<h3>El Gobierno Nacional anunci\u00f3 un aumento del 5% en los sueldos de las Fuerzas de Seguridad que comenzar\u00e1 a percibirse a partir del mes de marzo. \u201cJerarquizaci\u00f3n de las Fuerzas Armadas: aumento en los haberes\u201d, notificaron a trav\u00e9s de las redes sociales del Ministerio de Defensa.<\/h3>\n<h3>La resoluci\u00f3n 176\/2025 publicada este viernes en el Bolet\u00edn Oficial alcanza a todas las Fuerzas de Seguridad Federales.<\/h3>\n<h3>\u201cEl Ministerio de Defensa informa que el personal de todas las Fuerzas recibir\u00e1 un aumento adicional del 5% en sus haberes a partir de marzo, en reconocimiento a su esfuerzo y sacrificio en la defensa nacional\u201d, argumentaron al respecto.<\/h3>\n<h3>En la misma l\u00ednea, el mensaje en las redes de la cartera que encabeza el ministro Luis Petri revel\u00f3 que el incremento responde a la necesidad de avanzar en \u201cla jerarquizaci\u00f3n y fortalecimiento de quienes dedican su vida a la defensa de la Patria\u201d.<\/h3>\n<h3>Seg\u00fan la letra de la resoluci\u00f3n, Gendarmer\u00eda Nacional ver\u00e1 reflejada la actualizaci\u00f3n de sus haberes por \u201cFunciones de Prevenci\u00f3n Barrial\u201d y \u201cRecargo de Servicio\u201d mientras que los efectivos de la Prefectura Naval lo har\u00e1n por \u201cRecargo de Servicio\u201d.<\/h3>\n<h3>Por su parte, la Polic\u00eda Federal recibir\u00e1 un incremento por el valor del Servicio de Polic\u00eda Adicional y otros agrados.<\/h3>\n<h3>Asimismo, los directivos de las tres fuerzas mencionadas percibir\u00e1n un suplemento por \u201ccomplemento por responsabilidad jer\u00e1rquica\u201d, y la Polic\u00eda de Seguridad Aeroportuaria por \u201cRecargo de Servicio\u201d.<\/h3>\n<h3>Desde el Ministerio de Seguridad, a cargo de Patricia Bullrich, argumentaron los ingresos \u201cen concordancia con el cambio de paradigma del concepto \u2018Seguridad\u2019, donde la vida, la libertad y el patrimonio de las personas resultan los pilares fundamentales para el desarrollo de los proyectos de vida de cada individuo, como as\u00ed tambi\u00e9n del progreso de la Naci\u00f3n en su conjunto\u201d.<\/h3>\n<h3>Seg\u00fan supo la agencia Noticias Argentinas, la actualizaci\u00f3n en los valores fue motorizado por los reclamos del sector que cuestionaba los bajos n\u00fameros salariales de las fuerzas.<\/h3>\n<h3>&#8220;El Ministerio de Seguridad ha llevado adelante un trabajo durante los \u00faltimos meses a fines de reconocer una adecuada jerarquizaci\u00f3n en relaci\u00f3n con la capacidad, responsabilidad y dedicaci\u00f3n que demanda la correcta ejecuci\u00f3n de la actividad de los miembros de las Fuerzas de Seguridad Federales\u201d, contaron desde el entorno de Bullrich.<\/h3>\n<h3>Adem\u00e1s, especificaron que \u201cpara promover el bienestar del personal que se desempe\u00f1a dentro de las Fuerzas, su profesionalizaci\u00f3n y el desarrollo de su carrera\u201d se decidi\u00f3 implementar un incremento en los haberes b\u00e1sicos equivalente al 5% por encima de la pauta salarial a partir del pr\u00f3ximo mes.<\/h3>\n<h3><\/h3>\n<h3><\/h3>\n<p>&nbsp;<\/p>\n","protected":false},"excerpt":{"rendered":"<p>El incremento fue oficializado en el Bolet\u00edn Oficial y comenzar\u00e1 a percibirse a partir de&#8230;<\/p>\n","protected":false},"author":1,"featured_media":28859,"comment_status":"closed","ping_status":"closed","sticky":false,"template":"","format":"standard","meta":{"footnotes":""},"categories":[5],"tags":[],"class_list":["post-28858","post","type-post","status-publish","format-standard","has-post-thumbnail","hentry","category-nacionales-internacionales"],"yoast_head":"<!-- This site is optimized with the Yoast SEO plugin v26.1.1 - https:\/\/yoast.com\/wordpress\/plugins\/seo\/ -->\n<title>PARA QUE EST\u00c9N CONTENTOS, POR SI HACE FALTA REPRIMIR: AUMENTO DEL 5% A LAS FUERZAS DE SEGURIDAD - Apuntes de San Luis<\/title>\n<meta name=\"robots\" content=\"index, follow, max-snippet:-1, max-image-preview:large, max-video-preview:-1\" \/>\n<link rel=\"canonical\" href=\"https:\/\/apuntesdesanluis.com\/index.php\/2025\/02\/07\/para-que-esten-contentos-por-si-hace-falta-reprimir-aumento-del-5-a-las-fuerzas-de-seguridad\/\" \/>\n<meta property=\"og:locale\" content=\"es_ES\" \/>\n<meta property=\"og:type\" content=\"article\" \/>\n<meta property=\"og:title\" content=\"PARA QUE EST\u00c9N CONTENTOS, POR SI HACE FALTA REPRIMIR: AUMENTO DEL 5% A LAS FUERZAS DE SEGURIDAD - Apuntes de San Luis\" \/>\n<meta property=\"og:description\" content=\"El incremento fue oficializado en el Bolet\u00edn Oficial y comenzar\u00e1 a percibirse a partir de...\" \/>\n<meta property=\"og:url\" content=\"https:\/\/apuntesdesanluis.com\/index.php\/2025\/02\/07\/para-que-esten-contentos-por-si-hace-falta-reprimir-aumento-del-5-a-las-fuerzas-de-seguridad\/\" \/>\n<meta property=\"og:site_name\" content=\"Apuntes de San Luis\" \/>\n<meta property=\"article:published_time\" content=\"2025-02-08T00:12:35+00:00\" \/>\n<meta property=\"article:modified_time\" content=\"2025-02-08T01:25:50+00:00\" \/>\n<meta property=\"og:image\" content=\"https:\/\/apuntesdesanluis.com\/wp-content\/uploads\/2025\/02\/POLICIAS.png\" \/>\n\t<meta property=\"og:image:width\" content=\"715\" \/>\n\t<meta property=\"og:image:height\" content=\"456\" \/>\n\t<meta property=\"og:image:type\" content=\"image\/png\" \/>\n<meta name=\"author\" content=\"apuntesdesanluis.com\" \/>\n<meta name=\"twitter:card\" content=\"summary_large_image\" \/>\n<meta name=\"twitter:label1\" content=\"Escrito por\" \/>\n\t<meta name=\"twitter:data1\" content=\"apuntesdesanluis.com\" \/>\n\t<meta name=\"twitter:label2\" content=\"Tiempo de lectura\" \/>\n\t<meta name=\"twitter:data2\" content=\"3 minutos\" \/>\n<script type=\"application\/ld+json\" class=\"yoast-schema-graph\">{\"@context\":\"https:\/\/schema.org\",\"@graph\":[{\"@type\":\"Article\",\"@id\":\"https:\/\/apuntesdesanluis.com\/index.php\/2025\/02\/07\/para-que-esten-contentos-por-si-hace-falta-reprimir-aumento-del-5-a-las-fuerzas-de-seguridad\/#article\",\"isPartOf\":{\"@id\":\"https:\/\/apuntesdesanluis.com\/index.php\/2025\/02\/07\/para-que-esten-contentos-por-si-hace-falta-reprimir-aumento-del-5-a-las-fuerzas-de-seguridad\/\"},\"author\":{\"name\":\"apuntesdesanluis.com\",\"@id\":\"https:\/\/apuntesdesanluis.com\/#\/schema\/person\/b55151d52296fcce64d1a72538a70b90\"},\"headline\":\"PARA QUE EST\u00c9N CONTENTOS, POR SI HACE FALTA REPRIMIR: AUMENTO DEL 5% A LAS FUERZAS DE SEGURIDAD\",\"datePublished\":\"2025-02-08T00:12:35+00:00\",\"dateModified\":\"2025-02-08T01:25:50+00:00\",\"mainEntityOfPage\":{\"@id\":\"https:\/\/apuntesdesanluis.com\/index.php\/2025\/02\/07\/para-que-esten-contentos-por-si-hace-falta-reprimir-aumento-del-5-a-las-fuerzas-de-seguridad\/\"},\"wordCount\":493,\"publisher\":{\"@id\":\"https:\/\/apuntesdesanluis.com\/#\/schema\/person\/b55151d52296fcce64d1a72538a70b90\"},\"image\":{\"@id\":\"https:\/\/apuntesdesanluis.com\/index.php\/2025\/02\/07\/para-que-esten-contentos-por-si-hace-falta-reprimir-aumento-del-5-a-las-fuerzas-de-seguridad\/#primaryimage\"},\"thumbnailUrl\":\"https:\/\/apuntesdesanluis.com\/wp-content\/uploads\/2025\/02\/POLICIAS.png\",\"articleSection\":[\"Nacionales\/Internacionales\"],\"inLanguage\":\"es-AR\"},{\"@type\":\"WebPage\",\"@id\":\"https:\/\/apuntesdesanluis.com\/index.php\/2025\/02\/07\/para-que-esten-contentos-por-si-hace-falta-reprimir-aumento-del-5-a-las-fuerzas-de-seguridad\/\",\"url\":\"https:\/\/apuntesdesanluis.com\/index.php\/2025\/02\/07\/para-que-esten-contentos-por-si-hace-falta-reprimir-aumento-del-5-a-las-fuerzas-de-seguridad\/\",\"name\":\"PARA QUE EST\u00c9N CONTENTOS, POR SI HACE FALTA REPRIMIR: AUMENTO DEL 5% A LAS FUERZAS DE SEGURIDAD - Apuntes de San Luis\",\"isPartOf\":{\"@id\":\"https:\/\/apuntesdesanluis.com\/#website\"},\"primaryImageOfPage\":{\"@id\":\"https:\/\/apuntesdesanluis.com\/index.php\/2025\/02\/07\/para-que-esten-contentos-por-si-hace-falta-reprimir-aumento-del-5-a-las-fuerzas-de-seguridad\/#primaryimage\"},\"image\":{\"@id\":\"https:\/\/apuntesdesanluis.com\/index.php\/2025\/02\/07\/para-que-esten-contentos-por-si-hace-falta-reprimir-aumento-del-5-a-las-fuerzas-de-seguridad\/#primaryimage\"},\"thumbnailUrl\":\"https:\/\/apuntesdesanluis.com\/wp-content\/uploads\/2025\/02\/POLICIAS.png\",\"datePublished\":\"2025-02-08T00:12:35+00:00\",\"dateModified\":\"2025-02-08T01:25:50+00:00\",\"breadcrumb\":{\"@id\":\"https:\/\/apuntesdesanluis.com\/index.php\/2025\/02\/07\/para-que-esten-contentos-por-si-hace-falta-reprimir-aumento-del-5-a-las-fuerzas-de-seguridad\/#breadcrumb\"},\"inLanguage\":\"es-AR\",\"potentialAction\":[{\"@type\":\"ReadAction\",\"target\":[\"https:\/\/apuntesdesanluis.com\/index.php\/2025\/02\/07\/para-que-esten-contentos-por-si-hace-falta-reprimir-aumento-del-5-a-las-fuerzas-de-seguridad\/\"]}]},{\"@type\":\"ImageObject\",\"inLanguage\":\"es-AR\",\"@id\":\"https:\/\/apuntesdesanluis.com\/index.php\/2025\/02\/07\/para-que-esten-contentos-por-si-hace-falta-reprimir-aumento-del-5-a-las-fuerzas-de-seguridad\/#primaryimage\",\"url\":\"https:\/\/apuntesdesanluis.com\/wp-content\/uploads\/2025\/02\/POLICIAS.png\",\"contentUrl\":\"https:\/\/apuntesdesanluis.com\/wp-content\/uploads\/2025\/02\/POLICIAS.png\",\"width\":715,\"height\":456},{\"@type\":\"BreadcrumbList\",\"@id\":\"https:\/\/apuntesdesanluis.com\/index.php\/2025\/02\/07\/para-que-esten-contentos-por-si-hace-falta-reprimir-aumento-del-5-a-las-fuerzas-de-seguridad\/#breadcrumb\",\"itemListElement\":[{\"@type\":\"ListItem\",\"position\":1,\"name\":\"Inicio\",\"item\":\"https:\/\/apuntesdesanluis.com\/\"},{\"@type\":\"ListItem\",\"position\":2,\"name\":\"PARA QUE EST\u00c9N CONTENTOS, POR SI HACE FALTA REPRIMIR: AUMENTO DEL 5% A LAS FUERZAS DE SEGURIDAD\"}]},{\"@type\":\"WebSite\",\"@id\":\"https:\/\/apuntesdesanluis.com\/#website\",\"url\":\"https:\/\/apuntesdesanluis.com\/\",\"name\":\"Apuntes de San Luis\",\"description\":\"\",\"publisher\":{\"@id\":\"https:\/\/apuntesdesanluis.com\/#\/schema\/person\/b55151d52296fcce64d1a72538a70b90\"},\"potentialAction\":[{\"@type\":\"SearchAction\",\"target\":{\"@type\":\"EntryPoint\",\"urlTemplate\":\"https:\/\/apuntesdesanluis.com\/?s={search_term_string}\"},\"query-input\":{\"@type\":\"PropertyValueSpecification\",\"valueRequired\":true,\"valueName\":\"search_term_string\"}}],\"inLanguage\":\"es-AR\"},{\"@type\":[\"Person\",\"Organization\"],\"@id\":\"https:\/\/apuntesdesanluis.com\/#\/schema\/person\/b55151d52296fcce64d1a72538a70b90\",\"name\":\"apuntesdesanluis.com\",\"image\":{\"@type\":\"ImageObject\",\"inLanguage\":\"es-AR\",\"@id\":\"https:\/\/apuntesdesanluis.com\/#\/schema\/person\/image\/\",\"url\":\"https:\/\/apuntesdesanluis.com\/wp-content\/uploads\/2023\/07\/cropped-apuntesdesanluis.png\",\"contentUrl\":\"https:\/\/apuntesdesanluis.com\/wp-content\/uploads\/2023\/07\/cropped-apuntesdesanluis.png\",\"width\":450,\"height\":112,\"caption\":\"apuntesdesanluis.com\"},\"logo\":{\"@id\":\"https:\/\/apuntesdesanluis.com\/#\/schema\/person\/image\/\"},\"sameAs\":[\"https:\/\/apuntesdesanluis.com\"],\"url\":\"https:\/\/apuntesdesanluis.com\/index.php\/author\/apuntesdesanluis-com\/\"}]}<\/script>\n<!-- \/ Yoast SEO plugin. -->","yoast_head_json":{"title":"PARA QUE EST\u00c9N CONTENTOS, POR SI HACE FALTA REPRIMIR: AUMENTO DEL 5% A LAS FUERZAS DE SEGURIDAD - Apuntes de San Luis","robots":{"index":"index","follow":"follow","max-snippet":"max-snippet:-1","max-image-preview":"max-image-preview:large","max-video-preview":"max-video-preview:-1"},"canonical":"https:\/\/apuntesdesanluis.com\/index.php\/2025\/02\/07\/para-que-esten-contentos-por-si-hace-falta-reprimir-aumento-del-5-a-las-fuerzas-de-seguridad\/","og_locale":"es_ES","og_type":"article","og_title":"PARA QUE EST\u00c9N CONTENTOS, POR SI HACE FALTA REPRIMIR: AUMENTO DEL 5% A LAS FUERZAS DE SEGURIDAD - Apuntes de San Luis","og_description":"El incremento fue oficializado en el Bolet\u00edn Oficial y comenzar\u00e1 a percibirse a partir de...","og_url":"https:\/\/apuntesdesanluis.com\/index.php\/2025\/02\/07\/para-que-esten-contentos-por-si-hace-falta-reprimir-aumento-del-5-a-las-fuerzas-de-seguridad\/","og_site_name":"Apuntes de San Luis","article_published_time":"2025-02-08T00:12:35+00:00","article_modified_time":"2025-02-08T01:25:50+00:00","og_image":[{"width":715,"height":456,"url":"https:\/\/apuntesdesanluis.com\/wp-content\/uploads\/2025\/02\/POLICIAS.png","type":"image\/png"}],"author":"apuntesdesanluis.com","twitter_card":"summary_large_image","twitter_misc":{"Escrito por":"apuntesdesanluis.com","Tiempo de lectura":"3 minutos"},"schema":{"@context":"https:\/\/schema.org","@graph":[{"@type":"Article","@id":"https:\/\/apuntesdesanluis.com\/index.php\/2025\/02\/07\/para-que-esten-contentos-por-si-hace-falta-reprimir-aumento-del-5-a-las-fuerzas-de-seguridad\/#article","isPartOf":{"@id":"https:\/\/apuntesdesanluis.com\/index.php\/2025\/02\/07\/para-que-esten-contentos-por-si-hace-falta-reprimir-aumento-del-5-a-las-fuerzas-de-seguridad\/"},"author":{"name":"apuntesdesanluis.com","@id":"https:\/\/apuntesdesanluis.com\/#\/schema\/person\/b55151d52296fcce64d1a72538a70b90"},"headline":"PARA QUE EST\u00c9N CONTENTOS, POR SI HACE FALTA REPRIMIR: AUMENTO DEL 5% A LAS FUERZAS DE SEGURIDAD","datePublished":"2025-02-08T00:12:35+00:00","dateModified":"2025-02-08T01:25:50+00:00","mainEntityOfPage":{"@id":"https:\/\/apuntesdesanluis.com\/index.php\/2025\/02\/07\/para-que-esten-contentos-por-si-hace-falta-reprimir-aumento-del-5-a-las-fuerzas-de-seguridad\/"},"wordCount":493,"publisher":{"@id":"https:\/\/apuntesdesanluis.com\/#\/schema\/person\/b55151d52296fcce64d1a72538a70b90"},"image":{"@id":"https:\/\/apuntesdesanluis.com\/index.php\/2025\/02\/07\/para-que-esten-contentos-por-si-hace-falta-reprimir-aumento-del-5-a-las-fuerzas-de-seguridad\/#primaryimage"},"thumbnailUrl":"https:\/\/apuntesdesanluis.com\/wp-content\/uploads\/2025\/02\/POLICIAS.png","articleSection":["Nacionales\/Internacionales"],"inLanguage":"es-AR"},{"@type":"WebPage","@id":"https:\/\/apuntesdesanluis.com\/index.php\/2025\/02\/07\/para-que-esten-contentos-por-si-hace-falta-reprimir-aumento-del-5-a-las-fuerzas-de-seguridad\/","url":"https:\/\/apuntesdesanluis.com\/index.php\/2025\/02\/07\/para-que-esten-contentos-por-si-hace-falta-reprimir-aumento-del-5-a-las-fuerzas-de-seguridad\/","name":"PARA QUE EST\u00c9N CONTENTOS, POR SI HACE FALTA REPRIMIR: AUMENTO DEL 5% A LAS FUERZAS DE SEGURIDAD - Apuntes de San Luis","isPartOf":{"@id":"https:\/\/apuntesdesanluis.com\/#website"},"primaryImageOfPage":{"@id":"https:\/\/apuntesdesanluis.com\/index.php\/2025\/02\/07\/para-que-esten-contentos-por-si-hace-falta-reprimir-aumento-del-5-a-las-fuerzas-de-seguridad\/#primaryimage"},"image":{"@id":"https:\/\/apuntesdesanluis.com\/index.php\/2025\/02\/07\/para-que-esten-contentos-por-si-hace-falta-reprimir-aumento-del-5-a-las-fuerzas-de-seguridad\/#primaryimage"},"thumbnailUrl":"https:\/\/apuntesdesanluis.com\/wp-content\/uploads\/2025\/02\/POLICIAS.png","datePublished":"2025-02-08T00:12:35+00:00","dateModified":"2025-02-08T01:25:50+00:00","breadcrumb":{"@id":"https:\/\/apuntesdesanluis.com\/index.php\/2025\/02\/07\/para-que-esten-contentos-por-si-hace-falta-reprimir-aumento-del-5-a-las-fuerzas-de-seguridad\/#breadcrumb"},"inLanguage":"es-AR","potentialAction":[{"@type":"ReadAction","target":["https:\/\/apuntesdesanluis.com\/index.php\/2025\/02\/07\/para-que-esten-contentos-por-si-hace-falta-reprimir-aumento-del-5-a-las-fuerzas-de-seguridad\/"]}]},{"@type":"ImageObject","inLanguage":"es-AR","@id":"https:\/\/apuntesdesanluis.com\/index.php\/2025\/02\/07\/para-que-esten-contentos-por-si-hace-falta-reprimir-aumento-del-5-a-las-fuerzas-de-seguridad\/#primaryimage","url":"https:\/\/apuntesdesanluis.com\/wp-content\/uploads\/2025\/02\/POLICIAS.png","contentUrl":"https:\/\/apuntesdesanluis.com\/wp-content\/uploads\/2025\/02\/POLICIAS.png","width":715,"height":456},{"@type":"BreadcrumbList","@id":"https:\/\/apuntesdesanluis.com\/index.php\/2025\/02\/07\/para-que-esten-contentos-por-si-hace-falta-reprimir-aumento-del-5-a-las-fuerzas-de-seguridad\/#breadcrumb","itemListElement":[{"@type":"ListItem","position":1,"name":"Inicio","item":"https:\/\/apuntesdesanluis.com\/"},{"@type":"ListItem","position":2,"name":"PARA QUE EST\u00c9N CONTENTOS, POR SI HACE FALTA REPRIMIR: AUMENTO DEL 5% A LAS FUERZAS DE SEGURIDAD"}]},{"@type":"WebSite","@id":"https:\/\/apuntesdesanluis.com\/#website","url":"https:\/\/apuntesdesanluis.com\/","name":"Apuntes de San Luis","description":"","publisher":{"@id":"https:\/\/apuntesdesanluis.com\/#\/schema\/person\/b55151d52296fcce64d1a72538a70b90"},"potentialAction":[{"@type":"SearchAction","target":{"@type":"EntryPoint","urlTemplate":"https:\/\/apuntesdesanluis.com\/?s={search_term_string}"},"query-input":{"@type":"PropertyValueSpecification","valueRequired":true,"valueName":"search_term_string"}}],"inLanguage":"es-AR"},{"@type":["Person","Organization"],"@id":"https:\/\/apuntesdesanluis.com\/#\/schema\/person\/b55151d52296fcce64d1a72538a70b90","name":"apuntesdesanluis.com","image":{"@type":"ImageObject","inLanguage":"es-AR","@id":"https:\/\/apuntesdesanluis.com\/#\/schema\/person\/image\/","url":"https:\/\/apuntesdesanluis.com\/wp-content\/uploads\/2023\/07\/cropped-apuntesdesanluis.png","contentUrl":"https:\/\/apuntesdesanluis.com\/wp-content\/uploads\/2023\/07\/cropped-apuntesdesanluis.png","width":450,"height":112,"caption":"apuntesdesanluis.com"},"logo":{"@id":"https:\/\/apuntesdesanluis.com\/#\/schema\/person\/image\/"},"sameAs":["https:\/\/apuntesdesanluis.com"],"url":"https:\/\/apuntesdesanluis.com\/index.php\/author\/apuntesdesanluis-com\/"}]}},"featured_image_urls":{"full":["https:\/\/apuntesdesanluis.com\/wp-content\/uploads\/2025\/02\/POLICIAS.png",715,456,false],"thumbnail":["https:\/\/apuntesdesanluis.com\/wp-content\/uploads\/2025\/02\/POLICIAS-150x150.png",150,150,true],"medium":["https:\/\/apuntesdesanluis.com\/wp-content\/uploads\/2025\/02\/POLICIAS-300x191.png",300,191,true],"medium_large":["https:\/\/apuntesdesanluis.com\/wp-content\/uploads\/2025\/02\/POLICIAS.png",640,408,false],"large":["https:\/\/apuntesdesanluis.com\/wp-content\/uploads\/2025\/02\/POLICIAS.png",640,408,false],"1536x1536":["https:\/\/apuntesdesanluis.com\/wp-content\/uploads\/2025\/02\/POLICIAS.png",715,456,false],"2048x2048":["https:\/\/apuntesdesanluis.com\/wp-content\/uploads\/2025\/02\/POLICIAS.png",715,456,false],"newsever-slider-full":["https:\/\/apuntesdesanluis.com\/wp-content\/uploads\/2025\/02\/POLICIAS.png",715,456,false],"newsever-featured":["https:\/\/apuntesdesanluis.com\/wp-content\/uploads\/2025\/02\/POLICIAS.png",715,456,false],"newsever-medium":["https:\/\/apuntesdesanluis.com\/wp-content\/uploads\/2025\/02\/POLICIAS.png",715,456,false]},"author_info":{"display_name":"apuntesdesanluis.com","author_link":"https:\/\/apuntesdesanluis.com\/index.php\/author\/apuntesdesanluis-com\/"},"category_info":"<a href=\"https:\/\/apuntesdesanluis.com\/index.php\/category\/nacionales-internacionales\/\" rel=\"category tag\">Nacionales\/Internacionales<\/a>","tag_info":"Nacionales\/Internacionales","comment_count":"0","_links":{"self":[{"href":"https:\/\/apuntesdesanluis.com\/index.php\/wp-json\/wp\/v2\/posts\/28858","targetHints":{"allow":["GET"]}}],"collection":[{"href":"https:\/\/apuntesdesanluis.com\/index.php\/wp-json\/wp\/v2\/posts"}],"about":[{"href":"https:\/\/apuntesdesanluis.com\/index.php\/wp-json\/wp\/v2\/types\/post"}],"author":[{"embeddable":true,"href":"https:\/\/apuntesdesanluis.com\/index.php\/wp-json\/wp\/v2\/users\/1"}],"replies":[{"embeddable":true,"href":"https:\/\/apuntesdesanluis.com\/index.php\/wp-json\/wp\/v2\/comments?post=28858"}],"version-history":[{"count":2,"href":"https:\/\/apuntesdesanluis.com\/index.php\/wp-json\/wp\/v2\/posts\/28858\/revisions"}],"predecessor-version":[{"id":28869,"href":"https:\/\/apuntesdesanluis.com\/index.php\/wp-json\/wp\/v2\/posts\/28858\/revisions\/28869"}],"wp:featuredmedia":[{"embeddable":true,"href":"https:\/\/apuntesdesanluis.com\/index.php\/wp-json\/wp\/v2\/media\/28859"}],"wp:attachment":[{"href":"https:\/\/apuntesdesanluis.com\/index.php\/wp-json\/wp\/v2\/media?parent=28858"}],"wp:term":[{"taxonomy":"category","embeddable":true,"href":"https:\/\/apuntesdesanluis.com\/index.php\/wp-json\/wp\/v2\/categories?post=28858"},{"taxonomy":"post_tag","embeddable":true,"href":"https:\/\/apuntesdesanluis.com\/index.php\/wp-json\/wp\/v2\/tags?post=28858"}],"curies":[{"name":"wp","href":"https:\/\/api.w.org\/{rel}","templated":true}]}}