{"id":28861,"date":"2025-02-07T21:28:41","date_gmt":"2025-02-08T00:28:41","guid":{"rendered":"https:\/\/apuntesdesanluis.com\/?p=28861"},"modified":"2025-02-07T21:28:56","modified_gmt":"2025-02-08T00:28:56","slug":"imputaron-por-amenazas-y-danos-al-loco-de-la-nafta","status":"publish","type":"post","link":"https:\/\/apuntesdesanluis.com\/index.php\/2025\/02\/07\/imputaron-por-amenazas-y-danos-al-loco-de-la-nafta\/","title":{"rendered":"IMPUTARON POR AMENAZAS Y DA\u00d1OS AL \u201cLOCO DE LA NAFTA\u201d"},"content":{"rendered":"<h3>Este viernes se desarroll\u00f3 una audiencia de formulaci\u00f3n de cargos en el Juzgado de Garant\u00eda N\u00ba 1 de Villa Mercedes, en la que un joven fue imputado por los delitos de amenazas simples (3 hechos). Amenazas agravadas por el uso de arma (1 hecho) y da\u00f1os (dos hechos).<\/h3>\n<h3>La representante del Ministerio P\u00fablico Fiscal, Dra. Nayla Cabrera Mu\u00f1oz \u2013Fiscal Adjunta- relat\u00f3 los hechos por los cuales formul\u00f3 cargos. Describi\u00f3 que diversos hechos delictivos sucedieron el pasado 1 de febrero\u00a0 en el B\u00ba La Ribera de Villa Mercedes.<\/h3>\n<h3>En esa oportunidad, el imputado se aperson\u00f3 en la casa de la denunciante y empez\u00f3 a propinar gritos y amenazas en busca de otra persona, al no obtener respuestas se retir\u00f3. Luego, volvi\u00f3 al mismo domicilio, golpe\u00f3 la ventana, la roci\u00f3 con combustible y le prendi\u00f3 fuego, lo que produjo el da\u00f1o de la abertura. El mismo d\u00eda, por la noche, regres\u00f3 y volvi\u00f3 a amenazar a todos los habitantes de la casa.<\/h3>\n<h3>El mismo d\u00eda, el imputado se present\u00f3 en el domicilio de otro denunciante y de la misma manera comenz\u00f3 a gritar y amenazar a la persona que se encontraba en ese momento, a los pocos minutos, el imputado roci\u00f3 combustible en un trapo, lo prendi\u00f3 fuego\u00a0 y lo tir\u00f3 hacia el interior del domicilio por la ventana, esto produjo da\u00f1os en la ventana, cortina y un sill\u00f3n. No se ocasionaron lesiones en la persona que habitaba la vivienda.<\/h3>\n<h3>Luego, regres\u00f3 a la casa y volvi\u00f3 a amenazar, el denunciante manifest\u00f3 que el imputado portaba un arma de fuego.<\/h3>\n<h3>La Fiscal\u00eda mencion\u00f3 todas las evidencias que vinculan al imputado con estos hechos; denuncias, allanamientos, secuestros de prendas de vestir, etc. Adelant\u00f3 que como medida de coerci\u00f3n solicitar\u00eda la prisi\u00f3n preventiva.<\/h3>\n<h3>La Dra. Silvia Moran \u2013Defensora Oficial en lo Penal N\u00ba 1- solicit\u00f3 la pr\u00f3rroga de detenci\u00f3n por el t\u00e9rmino de cuatro d\u00edas.<\/h3>\n<h3>Luego de la exposici\u00f3n de las partes, el Dr. Alfredo Cuello \u2013Juez de Garant\u00eda N\u00ba 1- tuvo por formulado los cargos y concedi\u00f3 la pr\u00f3rroga de detenci\u00f3n hasta el pr\u00f3ximo martes 11 de febrero.<\/h3>\n<h3><\/h3>\n<p>&nbsp;<\/p>\n<p>&nbsp;<\/p>\n<p>&nbsp;<\/p>\n<h3><\/h3>\n","protected":false},"excerpt":{"rendered":"<p>Este viernes se desarroll\u00f3 una audiencia de formulaci\u00f3n de cargos en el Juzgado de Garant\u00eda&#8230;<\/p>\n","protected":false},"author":1,"featured_media":28862,"comment_status":"closed","ping_status":"closed","sticky":false,"template":"","format":"standard","meta":{"footnotes":""},"categories":[6],"tags":[],"class_list":["post-28861","post","type-post","status-publish","format-standard","has-post-thumbnail","hentry","category-ciudad-provincia"],"yoast_head":"<!-- This site is optimized with the Yoast SEO plugin v26.1.1 - https:\/\/yoast.com\/wordpress\/plugins\/seo\/ -->\n<title>IMPUTARON POR AMENAZAS Y DA\u00d1OS AL \u201cLOCO DE LA NAFTA\u201d - Apuntes de San Luis<\/title>\n<meta name=\"robots\" content=\"index, follow, max-snippet:-1, max-image-preview:large, max-video-preview:-1\" \/>\n<link rel=\"canonical\" href=\"https:\/\/apuntesdesanluis.com\/index.php\/2025\/02\/07\/imputaron-por-amenazas-y-danos-al-loco-de-la-nafta\/\" \/>\n<meta property=\"og:locale\" content=\"es_ES\" \/>\n<meta property=\"og:type\" content=\"article\" \/>\n<meta property=\"og:title\" content=\"IMPUTARON POR AMENAZAS Y DA\u00d1OS AL \u201cLOCO DE LA NAFTA\u201d - Apuntes de San Luis\" \/>\n<meta property=\"og:description\" content=\"Este viernes se desarroll\u00f3 una audiencia de formulaci\u00f3n de cargos en el Juzgado de Garant\u00eda...\" \/>\n<meta property=\"og:url\" content=\"https:\/\/apuntesdesanluis.com\/index.php\/2025\/02\/07\/imputaron-por-amenazas-y-danos-al-loco-de-la-nafta\/\" \/>\n<meta property=\"og:site_name\" content=\"Apuntes de San Luis\" \/>\n<meta property=\"article:published_time\" content=\"2025-02-08T00:28:41+00:00\" \/>\n<meta property=\"article:modified_time\" content=\"2025-02-08T00:28:56+00:00\" \/>\n<meta property=\"og:image\" content=\"https:\/\/apuntesdesanluis.com\/wp-content\/uploads\/2025\/02\/audiencia-1.png\" \/>\n\t<meta property=\"og:image:width\" content=\"775\" \/>\n\t<meta property=\"og:image:height\" content=\"466\" \/>\n\t<meta property=\"og:image:type\" content=\"image\/png\" \/>\n<meta name=\"author\" content=\"apuntesdesanluis.com\" \/>\n<meta name=\"twitter:card\" content=\"summary_large_image\" \/>\n<meta name=\"twitter:label1\" content=\"Escrito por\" \/>\n\t<meta name=\"twitter:data1\" content=\"apuntesdesanluis.com\" \/>\n\t<meta name=\"twitter:label2\" content=\"Tiempo de lectura\" \/>\n\t<meta name=\"twitter:data2\" content=\"2 minutos\" \/>\n<script type=\"application\/ld+json\" class=\"yoast-schema-graph\">{\"@context\":\"https:\/\/schema.org\",\"@graph\":[{\"@type\":\"Article\",\"@id\":\"https:\/\/apuntesdesanluis.com\/index.php\/2025\/02\/07\/imputaron-por-amenazas-y-danos-al-loco-de-la-nafta\/#article\",\"isPartOf\":{\"@id\":\"https:\/\/apuntesdesanluis.com\/index.php\/2025\/02\/07\/imputaron-por-amenazas-y-danos-al-loco-de-la-nafta\/\"},\"author\":{\"name\":\"apuntesdesanluis.com\",\"@id\":\"https:\/\/apuntesdesanluis.com\/#\/schema\/person\/b55151d52296fcce64d1a72538a70b90\"},\"headline\":\"IMPUTARON POR AMENAZAS Y DA\u00d1OS AL \u201cLOCO DE LA NAFTA\u201d\",\"datePublished\":\"2025-02-08T00:28:41+00:00\",\"dateModified\":\"2025-02-08T00:28:56+00:00\",\"mainEntityOfPage\":{\"@id\":\"https:\/\/apuntesdesanluis.com\/index.php\/2025\/02\/07\/imputaron-por-amenazas-y-danos-al-loco-de-la-nafta\/\"},\"wordCount\":377,\"publisher\":{\"@id\":\"https:\/\/apuntesdesanluis.com\/#\/schema\/person\/b55151d52296fcce64d1a72538a70b90\"},\"image\":{\"@id\":\"https:\/\/apuntesdesanluis.com\/index.php\/2025\/02\/07\/imputaron-por-amenazas-y-danos-al-loco-de-la-nafta\/#primaryimage\"},\"thumbnailUrl\":\"https:\/\/apuntesdesanluis.com\/wp-content\/uploads\/2025\/02\/audiencia-1.png\",\"articleSection\":[\"Ciudad\/Provincia\"],\"inLanguage\":\"es-AR\"},{\"@type\":\"WebPage\",\"@id\":\"https:\/\/apuntesdesanluis.com\/index.php\/2025\/02\/07\/imputaron-por-amenazas-y-danos-al-loco-de-la-nafta\/\",\"url\":\"https:\/\/apuntesdesanluis.com\/index.php\/2025\/02\/07\/imputaron-por-amenazas-y-danos-al-loco-de-la-nafta\/\",\"name\":\"IMPUTARON POR AMENAZAS Y DA\u00d1OS AL \u201cLOCO DE LA NAFTA\u201d - Apuntes de San Luis\",\"isPartOf\":{\"@id\":\"https:\/\/apuntesdesanluis.com\/#website\"},\"primaryImageOfPage\":{\"@id\":\"https:\/\/apuntesdesanluis.com\/index.php\/2025\/02\/07\/imputaron-por-amenazas-y-danos-al-loco-de-la-nafta\/#primaryimage\"},\"image\":{\"@id\":\"https:\/\/apuntesdesanluis.com\/index.php\/2025\/02\/07\/imputaron-por-amenazas-y-danos-al-loco-de-la-nafta\/#primaryimage\"},\"thumbnailUrl\":\"https:\/\/apuntesdesanluis.com\/wp-content\/uploads\/2025\/02\/audiencia-1.png\",\"datePublished\":\"2025-02-08T00:28:41+00:00\",\"dateModified\":\"2025-02-08T00:28:56+00:00\",\"breadcrumb\":{\"@id\":\"https:\/\/apuntesdesanluis.com\/index.php\/2025\/02\/07\/imputaron-por-amenazas-y-danos-al-loco-de-la-nafta\/#breadcrumb\"},\"inLanguage\":\"es-AR\",\"potentialAction\":[{\"@type\":\"ReadAction\",\"target\":[\"https:\/\/apuntesdesanluis.com\/index.php\/2025\/02\/07\/imputaron-por-amenazas-y-danos-al-loco-de-la-nafta\/\"]}]},{\"@type\":\"ImageObject\",\"inLanguage\":\"es-AR\",\"@id\":\"https:\/\/apuntesdesanluis.com\/index.php\/2025\/02\/07\/imputaron-por-amenazas-y-danos-al-loco-de-la-nafta\/#primaryimage\",\"url\":\"https:\/\/apuntesdesanluis.com\/wp-content\/uploads\/2025\/02\/audiencia-1.png\",\"contentUrl\":\"https:\/\/apuntesdesanluis.com\/wp-content\/uploads\/2025\/02\/audiencia-1.png\",\"width\":775,\"height\":466},{\"@type\":\"BreadcrumbList\",\"@id\":\"https:\/\/apuntesdesanluis.com\/index.php\/2025\/02\/07\/imputaron-por-amenazas-y-danos-al-loco-de-la-nafta\/#breadcrumb\",\"itemListElement\":[{\"@type\":\"ListItem\",\"position\":1,\"name\":\"Inicio\",\"item\":\"https:\/\/apuntesdesanluis.com\/\"},{\"@type\":\"ListItem\",\"position\":2,\"name\":\"IMPUTARON POR AMENAZAS Y DA\u00d1OS AL \u201cLOCO DE LA NAFTA\u201d\"}]},{\"@type\":\"WebSite\",\"@id\":\"https:\/\/apuntesdesanluis.com\/#website\",\"url\":\"https:\/\/apuntesdesanluis.com\/\",\"name\":\"Apuntes de San Luis\",\"description\":\"\",\"publisher\":{\"@id\":\"https:\/\/apuntesdesanluis.com\/#\/schema\/person\/b55151d52296fcce64d1a72538a70b90\"},\"potentialAction\":[{\"@type\":\"SearchAction\",\"target\":{\"@type\":\"EntryPoint\",\"urlTemplate\":\"https:\/\/apuntesdesanluis.com\/?s={search_term_string}\"},\"query-input\":{\"@type\":\"PropertyValueSpecification\",\"valueRequired\":true,\"valueName\":\"search_term_string\"}}],\"inLanguage\":\"es-AR\"},{\"@type\":[\"Person\",\"Organization\"],\"@id\":\"https:\/\/apuntesdesanluis.com\/#\/schema\/person\/b55151d52296fcce64d1a72538a70b90\",\"name\":\"apuntesdesanluis.com\",\"image\":{\"@type\":\"ImageObject\",\"inLanguage\":\"es-AR\",\"@id\":\"https:\/\/apuntesdesanluis.com\/#\/schema\/person\/image\/\",\"url\":\"https:\/\/apuntesdesanluis.com\/wp-content\/uploads\/2023\/07\/cropped-apuntesdesanluis.png\",\"contentUrl\":\"https:\/\/apuntesdesanluis.com\/wp-content\/uploads\/2023\/07\/cropped-apuntesdesanluis.png\",\"width\":450,\"height\":112,\"caption\":\"apuntesdesanluis.com\"},\"logo\":{\"@id\":\"https:\/\/apuntesdesanluis.com\/#\/schema\/person\/image\/\"},\"sameAs\":[\"https:\/\/apuntesdesanluis.com\"],\"url\":\"https:\/\/apuntesdesanluis.com\/index.php\/author\/apuntesdesanluis-com\/\"}]}<\/script>\n<!-- \/ Yoast SEO plugin. -->","yoast_head_json":{"title":"IMPUTARON POR AMENAZAS Y DA\u00d1OS AL \u201cLOCO DE LA NAFTA\u201d - Apuntes de San Luis","robots":{"index":"index","follow":"follow","max-snippet":"max-snippet:-1","max-image-preview":"max-image-preview:large","max-video-preview":"max-video-preview:-1"},"canonical":"https:\/\/apuntesdesanluis.com\/index.php\/2025\/02\/07\/imputaron-por-amenazas-y-danos-al-loco-de-la-nafta\/","og_locale":"es_ES","og_type":"article","og_title":"IMPUTARON POR AMENAZAS Y DA\u00d1OS AL \u201cLOCO DE LA NAFTA\u201d - Apuntes de San Luis","og_description":"Este viernes se desarroll\u00f3 una audiencia de formulaci\u00f3n de cargos en el Juzgado de Garant\u00eda...","og_url":"https:\/\/apuntesdesanluis.com\/index.php\/2025\/02\/07\/imputaron-por-amenazas-y-danos-al-loco-de-la-nafta\/","og_site_name":"Apuntes de San Luis","article_published_time":"2025-02-08T00:28:41+00:00","article_modified_time":"2025-02-08T00:28:56+00:00","og_image":[{"width":775,"height":466,"url":"https:\/\/apuntesdesanluis.com\/wp-content\/uploads\/2025\/02\/audiencia-1.png","type":"image\/png"}],"author":"apuntesdesanluis.com","twitter_card":"summary_large_image","twitter_misc":{"Escrito por":"apuntesdesanluis.com","Tiempo de lectura":"2 minutos"},"schema":{"@context":"https:\/\/schema.org","@graph":[{"@type":"Article","@id":"https:\/\/apuntesdesanluis.com\/index.php\/2025\/02\/07\/imputaron-por-amenazas-y-danos-al-loco-de-la-nafta\/#article","isPartOf":{"@id":"https:\/\/apuntesdesanluis.com\/index.php\/2025\/02\/07\/imputaron-por-amenazas-y-danos-al-loco-de-la-nafta\/"},"author":{"name":"apuntesdesanluis.com","@id":"https:\/\/apuntesdesanluis.com\/#\/schema\/person\/b55151d52296fcce64d1a72538a70b90"},"headline":"IMPUTARON POR AMENAZAS Y DA\u00d1OS AL \u201cLOCO DE LA NAFTA\u201d","datePublished":"2025-02-08T00:28:41+00:00","dateModified":"2025-02-08T00:28:56+00:00","mainEntityOfPage":{"@id":"https:\/\/apuntesdesanluis.com\/index.php\/2025\/02\/07\/imputaron-por-amenazas-y-danos-al-loco-de-la-nafta\/"},"wordCount":377,"publisher":{"@id":"https:\/\/apuntesdesanluis.com\/#\/schema\/person\/b55151d52296fcce64d1a72538a70b90"},"image":{"@id":"https:\/\/apuntesdesanluis.com\/index.php\/2025\/02\/07\/imputaron-por-amenazas-y-danos-al-loco-de-la-nafta\/#primaryimage"},"thumbnailUrl":"https:\/\/apuntesdesanluis.com\/wp-content\/uploads\/2025\/02\/audiencia-1.png","articleSection":["Ciudad\/Provincia"],"inLanguage":"es-AR"},{"@type":"WebPage","@id":"https:\/\/apuntesdesanluis.com\/index.php\/2025\/02\/07\/imputaron-por-amenazas-y-danos-al-loco-de-la-nafta\/","url":"https:\/\/apuntesdesanluis.com\/index.php\/2025\/02\/07\/imputaron-por-amenazas-y-danos-al-loco-de-la-nafta\/","name":"IMPUTARON POR AMENAZAS Y DA\u00d1OS AL \u201cLOCO DE LA NAFTA\u201d - Apuntes de San Luis","isPartOf":{"@id":"https:\/\/apuntesdesanluis.com\/#website"},"primaryImageOfPage":{"@id":"https:\/\/apuntesdesanluis.com\/index.php\/2025\/02\/07\/imputaron-por-amenazas-y-danos-al-loco-de-la-nafta\/#primaryimage"},"image":{"@id":"https:\/\/apuntesdesanluis.com\/index.php\/2025\/02\/07\/imputaron-por-amenazas-y-danos-al-loco-de-la-nafta\/#primaryimage"},"thumbnailUrl":"https:\/\/apuntesdesanluis.com\/wp-content\/uploads\/2025\/02\/audiencia-1.png","datePublished":"2025-02-08T00:28:41+00:00","dateModified":"2025-02-08T00:28:56+00:00","breadcrumb":{"@id":"https:\/\/apuntesdesanluis.com\/index.php\/2025\/02\/07\/imputaron-por-amenazas-y-danos-al-loco-de-la-nafta\/#breadcrumb"},"inLanguage":"es-AR","potentialAction":[{"@type":"ReadAction","target":["https:\/\/apuntesdesanluis.com\/index.php\/2025\/02\/07\/imputaron-por-amenazas-y-danos-al-loco-de-la-nafta\/"]}]},{"@type":"ImageObject","inLanguage":"es-AR","@id":"https:\/\/apuntesdesanluis.com\/index.php\/2025\/02\/07\/imputaron-por-amenazas-y-danos-al-loco-de-la-nafta\/#primaryimage","url":"https:\/\/apuntesdesanluis.com\/wp-content\/uploads\/2025\/02\/audiencia-1.png","contentUrl":"https:\/\/apuntesdesanluis.com\/wp-content\/uploads\/2025\/02\/audiencia-1.png","width":775,"height":466},{"@type":"BreadcrumbList","@id":"https:\/\/apuntesdesanluis.com\/index.php\/2025\/02\/07\/imputaron-por-amenazas-y-danos-al-loco-de-la-nafta\/#breadcrumb","itemListElement":[{"@type":"ListItem","position":1,"name":"Inicio","item":"https:\/\/apuntesdesanluis.com\/"},{"@type":"ListItem","position":2,"name":"IMPUTARON POR AMENAZAS Y DA\u00d1OS AL \u201cLOCO DE LA NAFTA\u201d"}]},{"@type":"WebSite","@id":"https:\/\/apuntesdesanluis.com\/#website","url":"https:\/\/apuntesdesanluis.com\/","name":"Apuntes de San Luis","description":"","publisher":{"@id":"https:\/\/apuntesdesanluis.com\/#\/schema\/person\/b55151d52296fcce64d1a72538a70b90"},"potentialAction":[{"@type":"SearchAction","target":{"@type":"EntryPoint","urlTemplate":"https:\/\/apuntesdesanluis.com\/?s={search_term_string}"},"query-input":{"@type":"PropertyValueSpecification","valueRequired":true,"valueName":"search_term_string"}}],"inLanguage":"es-AR"},{"@type":["Person","Organization"],"@id":"https:\/\/apuntesdesanluis.com\/#\/schema\/person\/b55151d52296fcce64d1a72538a70b90","name":"apuntesdesanluis.com","image":{"@type":"ImageObject","inLanguage":"es-AR","@id":"https:\/\/apuntesdesanluis.com\/#\/schema\/person\/image\/","url":"https:\/\/apuntesdesanluis.com\/wp-content\/uploads\/2023\/07\/cropped-apuntesdesanluis.png","contentUrl":"https:\/\/apuntesdesanluis.com\/wp-content\/uploads\/2023\/07\/cropped-apuntesdesanluis.png","width":450,"height":112,"caption":"apuntesdesanluis.com"},"logo":{"@id":"https:\/\/apuntesdesanluis.com\/#\/schema\/person\/image\/"},"sameAs":["https:\/\/apuntesdesanluis.com"],"url":"https:\/\/apuntesdesanluis.com\/index.php\/author\/apuntesdesanluis-com\/"}]}},"featured_image_urls":{"full":["https:\/\/apuntesdesanluis.com\/wp-content\/uploads\/2025\/02\/audiencia-1.png",775,466,false],"thumbnail":["https:\/\/apuntesdesanluis.com\/wp-content\/uploads\/2025\/02\/audiencia-1-150x150.png",150,150,true],"medium":["https:\/\/apuntesdesanluis.com\/wp-content\/uploads\/2025\/02\/audiencia-1-300x180.png",300,180,true],"medium_large":["https:\/\/apuntesdesanluis.com\/wp-content\/uploads\/2025\/02\/audiencia-1-768x462.png",640,385,true],"large":["https:\/\/apuntesdesanluis.com\/wp-content\/uploads\/2025\/02\/audiencia-1.png",640,385,false],"1536x1536":["https:\/\/apuntesdesanluis.com\/wp-content\/uploads\/2025\/02\/audiencia-1.png",775,466,false],"2048x2048":["https:\/\/apuntesdesanluis.com\/wp-content\/uploads\/2025\/02\/audiencia-1.png",775,466,false],"newsever-slider-full":["https:\/\/apuntesdesanluis.com\/wp-content\/uploads\/2025\/02\/audiencia-1.png",775,466,false],"newsever-featured":["https:\/\/apuntesdesanluis.com\/wp-content\/uploads\/2025\/02\/audiencia-1.png",775,466,false],"newsever-medium":["https:\/\/apuntesdesanluis.com\/wp-content\/uploads\/2025\/02\/audiencia-1-720x466.png",720,466,true]},"author_info":{"display_name":"apuntesdesanluis.com","author_link":"https:\/\/apuntesdesanluis.com\/index.php\/author\/apuntesdesanluis-com\/"},"category_info":"<a href=\"https:\/\/apuntesdesanluis.com\/index.php\/category\/ciudad-provincia\/\" rel=\"category tag\">Ciudad\/Provincia<\/a>","tag_info":"Ciudad\/Provincia","comment_count":"0","_links":{"self":[{"href":"https:\/\/apuntesdesanluis.com\/index.php\/wp-json\/wp\/v2\/posts\/28861","targetHints":{"allow":["GET"]}}],"collection":[{"href":"https:\/\/apuntesdesanluis.com\/index.php\/wp-json\/wp\/v2\/posts"}],"about":[{"href":"https:\/\/apuntesdesanluis.com\/index.php\/wp-json\/wp\/v2\/types\/post"}],"author":[{"embeddable":true,"href":"https:\/\/apuntesdesanluis.com\/index.php\/wp-json\/wp\/v2\/users\/1"}],"replies":[{"embeddable":true,"href":"https:\/\/apuntesdesanluis.com\/index.php\/wp-json\/wp\/v2\/comments?post=28861"}],"version-history":[{"count":2,"href":"https:\/\/apuntesdesanluis.com\/index.php\/wp-json\/wp\/v2\/posts\/28861\/revisions"}],"predecessor-version":[{"id":28864,"href":"https:\/\/apuntesdesanluis.com\/index.php\/wp-json\/wp\/v2\/posts\/28861\/revisions\/28864"}],"wp:featuredmedia":[{"embeddable":true,"href":"https:\/\/apuntesdesanluis.com\/index.php\/wp-json\/wp\/v2\/media\/28862"}],"wp:attachment":[{"href":"https:\/\/apuntesdesanluis.com\/index.php\/wp-json\/wp\/v2\/media?parent=28861"}],"wp:term":[{"taxonomy":"category","embeddable":true,"href":"https:\/\/apuntesdesanluis.com\/index.php\/wp-json\/wp\/v2\/categories?post=28861"},{"taxonomy":"post_tag","embeddable":true,"href":"https:\/\/apuntesdesanluis.com\/index.php\/wp-json\/wp\/v2\/tags?post=28861"}],"curies":[{"name":"wp","href":"https:\/\/api.w.org\/{rel}","templated":true}]}}