{"id":28927,"date":"2025-02-10T11:21:16","date_gmt":"2025-02-10T14:21:16","guid":{"rendered":"https:\/\/apuntesdesanluis.com\/?p=28927"},"modified":"2025-02-10T11:21:16","modified_gmt":"2025-02-10T14:21:16","slug":"javier-milei-sobre-la-expulsion-de-ramiro-marra-lo-ejecutaron","status":"publish","type":"post","link":"https:\/\/apuntesdesanluis.com\/index.php\/2025\/02\/10\/javier-milei-sobre-la-expulsion-de-ramiro-marra-lo-ejecutaron\/","title":{"rendered":"JAVIER MILEI, SOBRE LA EXPULSI\u00d3N DE RAMIRO MARRA: &#8220;LO EJECUTARON&#8221;"},"content":{"rendered":"<h3>El presidente <strong>Javier Milei<\/strong> habl\u00f3 tras la expulsi\u00f3n del legislador porte\u00f1o <strong>Ramiro Marra<\/strong> de La Libertad Avanza (LLA) y plante\u00f3 que \u201clo ejecutaron\u201d por haber contrariado las decisiones del Poder Ejecutivo.<\/h3>\n<h3>\u201cRamiro (Marra) sistem\u00e1ticamente estuvo desconectado de lo que hac\u00eda el espacio en la Ciudad y cuando vot\u00f3 a favor de un Presupuesto que implicaba aumento de impuestos, lo ejecutaron porque no podemos avalar una suma de impuestos de ninguna manera\u201d, argument\u00f3 el mandatario una semana despu\u00e9s de la salida del referente porte\u00f1o.<\/h3>\n<h3>El libertario respald\u00f3 as\u00ed la decisi\u00f3n que tom\u00f3 la secretaria general de la Presidencia, <strong>Karina Milei<\/strong>, quien adem\u00e1s es la presidenta del espacio, y que responsabiliz\u00f3 al legislador por cerrar acuerdos con el jefe de Gobierno porte\u00f1o, Jorge Macri, de espaldas a La Libertad Avanza.<\/h3>\n<h3>\u201cDicen que mi hermana tiene una guillotina, y s\u00ed la tiene. Si hacen cosas en contra de los par\u00e1metros de lo que la gesti\u00f3n defiende, s\u00ed, guillotina\u201d, sintetiz\u00f3 el mandatario.<\/h3>\n<h3>Once d\u00edas despu\u00e9s de la marginaci\u00f3n que fue comunicada a trav\u00e9s de la cuenta de X del partido, Milei asegur\u00f3 que la salida de Marra es \u201cuna cuesti\u00f3n distrital\u201d, y explic\u00f3 que el Gobierno tiene tres l\u00edneas de acci\u00f3n: de gesti\u00f3n, la batalla cultural y la pol\u00edtica.<\/h3>\n<h3>Adem\u00e1s, aclar\u00f3 que \u00e9l se encarga de encabezar las primeras dos \u00e1reas mientras que el debate pol\u00edtico lo relega a su hermana, que lo encarna junto al jefe de Gabinete, Guillermo Francos; y el asesor, Santiago Caputo.<\/h3>\n<h3>&#8220;Yo me ocupo de la gesti\u00f3n y de la batalla cultural, de temas nacionales, y por una cuesti\u00f3n de federalismo no me meto ni con las provincias ni con la Ciudad de Buenos Aires que es donde est\u00e1 la cuesti\u00f3n\u201d, se escud\u00f3, y a\u00f1adi\u00f3: \u201cLa cuesti\u00f3n pol\u00edtica la maneja mi hermana, tambi\u00e9n Guillermo Francos y Santiago Caputo, ese es ala que se ocupa de la pol\u00edtica\u201d.<\/h3>\n<h3>Por su parte, tras la expulsi\u00f3n Marra ratific\u00f3 de su lealtad al presidente Javier Milei, pese a que las diferencias con \u201cEl Jefe\u201d tomaron r\u00e1pida notoriedad, lo que lo llev\u00f3 a quedar relegado del armado del Gabinete.<\/h3>\n<h3>Incluso, el oficialismo hab\u00eda avanzado en su destituci\u00f3n como jefe del bloque en la Legislatura porte\u00f1a, nombrando en su lugar a Pilar Ram\u00edrez. Hasta ese entonces, el inversor hab\u00eda logrado sortear los embates hasta que, el 30 de enero, la menor de los Milei anunci\u00f3 su salida definitiva.<\/h3>\n<h3><\/h3>\n<h3><\/h3>\n","protected":false},"excerpt":{"rendered":"<p>El presidente Javier Milei habl\u00f3 tras la expulsi\u00f3n del legislador porte\u00f1o Ramiro Marra de La&#8230;<\/p>\n","protected":false},"author":1,"featured_media":28928,"comment_status":"closed","ping_status":"closed","sticky":false,"template":"","format":"standard","meta":{"footnotes":""},"categories":[5],"tags":[],"class_list":["post-28927","post","type-post","status-publish","format-standard","has-post-thumbnail","hentry","category-nacionales-internacionales"],"yoast_head":"<!-- This site is optimized with the Yoast SEO plugin v26.1.1 - https:\/\/yoast.com\/wordpress\/plugins\/seo\/ -->\n<title>JAVIER MILEI, SOBRE LA EXPULSI\u00d3N DE RAMIRO MARRA: &quot;LO EJECUTARON&quot; - Apuntes de San Luis<\/title>\n<meta name=\"robots\" content=\"index, follow, max-snippet:-1, max-image-preview:large, max-video-preview:-1\" \/>\n<link rel=\"canonical\" href=\"https:\/\/apuntesdesanluis.com\/index.php\/2025\/02\/10\/javier-milei-sobre-la-expulsion-de-ramiro-marra-lo-ejecutaron\/\" \/>\n<meta property=\"og:locale\" content=\"es_ES\" \/>\n<meta property=\"og:type\" content=\"article\" \/>\n<meta property=\"og:title\" content=\"JAVIER MILEI, SOBRE LA EXPULSI\u00d3N DE RAMIRO MARRA: &quot;LO EJECUTARON&quot; - Apuntes de San Luis\" \/>\n<meta property=\"og:description\" content=\"El presidente Javier Milei habl\u00f3 tras la expulsi\u00f3n del legislador porte\u00f1o Ramiro Marra de La...\" \/>\n<meta property=\"og:url\" content=\"https:\/\/apuntesdesanluis.com\/index.php\/2025\/02\/10\/javier-milei-sobre-la-expulsion-de-ramiro-marra-lo-ejecutaron\/\" \/>\n<meta property=\"og:site_name\" content=\"Apuntes de San Luis\" \/>\n<meta property=\"article:published_time\" content=\"2025-02-10T14:21:16+00:00\" \/>\n<meta property=\"og:image\" content=\"https:\/\/apuntesdesanluis.com\/wp-content\/uploads\/2025\/02\/marra.png\" \/>\n\t<meta property=\"og:image:width\" content=\"785\" \/>\n\t<meta property=\"og:image:height\" content=\"522\" \/>\n\t<meta property=\"og:image:type\" content=\"image\/png\" \/>\n<meta name=\"author\" content=\"apuntesdesanluis.com\" \/>\n<meta name=\"twitter:card\" content=\"summary_large_image\" \/>\n<meta name=\"twitter:label1\" content=\"Escrito por\" \/>\n\t<meta name=\"twitter:data1\" content=\"apuntesdesanluis.com\" \/>\n\t<meta name=\"twitter:label2\" content=\"Tiempo de lectura\" \/>\n\t<meta name=\"twitter:data2\" content=\"3 minutos\" \/>\n<script type=\"application\/ld+json\" class=\"yoast-schema-graph\">{\"@context\":\"https:\/\/schema.org\",\"@graph\":[{\"@type\":\"Article\",\"@id\":\"https:\/\/apuntesdesanluis.com\/index.php\/2025\/02\/10\/javier-milei-sobre-la-expulsion-de-ramiro-marra-lo-ejecutaron\/#article\",\"isPartOf\":{\"@id\":\"https:\/\/apuntesdesanluis.com\/index.php\/2025\/02\/10\/javier-milei-sobre-la-expulsion-de-ramiro-marra-lo-ejecutaron\/\"},\"author\":{\"name\":\"apuntesdesanluis.com\",\"@id\":\"https:\/\/apuntesdesanluis.com\/#\/schema\/person\/b55151d52296fcce64d1a72538a70b90\"},\"headline\":\"JAVIER MILEI, SOBRE LA EXPULSI\u00d3N DE RAMIRO MARRA: &#8220;LO EJECUTARON&#8221;\",\"datePublished\":\"2025-02-10T14:21:16+00:00\",\"mainEntityOfPage\":{\"@id\":\"https:\/\/apuntesdesanluis.com\/index.php\/2025\/02\/10\/javier-milei-sobre-la-expulsion-de-ramiro-marra-lo-ejecutaron\/\"},\"wordCount\":440,\"publisher\":{\"@id\":\"https:\/\/apuntesdesanluis.com\/#\/schema\/person\/b55151d52296fcce64d1a72538a70b90\"},\"image\":{\"@id\":\"https:\/\/apuntesdesanluis.com\/index.php\/2025\/02\/10\/javier-milei-sobre-la-expulsion-de-ramiro-marra-lo-ejecutaron\/#primaryimage\"},\"thumbnailUrl\":\"https:\/\/apuntesdesanluis.com\/wp-content\/uploads\/2025\/02\/marra.png\",\"articleSection\":[\"Nacionales\/Internacionales\"],\"inLanguage\":\"es-AR\"},{\"@type\":\"WebPage\",\"@id\":\"https:\/\/apuntesdesanluis.com\/index.php\/2025\/02\/10\/javier-milei-sobre-la-expulsion-de-ramiro-marra-lo-ejecutaron\/\",\"url\":\"https:\/\/apuntesdesanluis.com\/index.php\/2025\/02\/10\/javier-milei-sobre-la-expulsion-de-ramiro-marra-lo-ejecutaron\/\",\"name\":\"JAVIER MILEI, SOBRE LA EXPULSI\u00d3N DE RAMIRO MARRA: \\\"LO EJECUTARON\\\" - Apuntes de San Luis\",\"isPartOf\":{\"@id\":\"https:\/\/apuntesdesanluis.com\/#website\"},\"primaryImageOfPage\":{\"@id\":\"https:\/\/apuntesdesanluis.com\/index.php\/2025\/02\/10\/javier-milei-sobre-la-expulsion-de-ramiro-marra-lo-ejecutaron\/#primaryimage\"},\"image\":{\"@id\":\"https:\/\/apuntesdesanluis.com\/index.php\/2025\/02\/10\/javier-milei-sobre-la-expulsion-de-ramiro-marra-lo-ejecutaron\/#primaryimage\"},\"thumbnailUrl\":\"https:\/\/apuntesdesanluis.com\/wp-content\/uploads\/2025\/02\/marra.png\",\"datePublished\":\"2025-02-10T14:21:16+00:00\",\"breadcrumb\":{\"@id\":\"https:\/\/apuntesdesanluis.com\/index.php\/2025\/02\/10\/javier-milei-sobre-la-expulsion-de-ramiro-marra-lo-ejecutaron\/#breadcrumb\"},\"inLanguage\":\"es-AR\",\"potentialAction\":[{\"@type\":\"ReadAction\",\"target\":[\"https:\/\/apuntesdesanluis.com\/index.php\/2025\/02\/10\/javier-milei-sobre-la-expulsion-de-ramiro-marra-lo-ejecutaron\/\"]}]},{\"@type\":\"ImageObject\",\"inLanguage\":\"es-AR\",\"@id\":\"https:\/\/apuntesdesanluis.com\/index.php\/2025\/02\/10\/javier-milei-sobre-la-expulsion-de-ramiro-marra-lo-ejecutaron\/#primaryimage\",\"url\":\"https:\/\/apuntesdesanluis.com\/wp-content\/uploads\/2025\/02\/marra.png\",\"contentUrl\":\"https:\/\/apuntesdesanluis.com\/wp-content\/uploads\/2025\/02\/marra.png\",\"width\":785,\"height\":522},{\"@type\":\"BreadcrumbList\",\"@id\":\"https:\/\/apuntesdesanluis.com\/index.php\/2025\/02\/10\/javier-milei-sobre-la-expulsion-de-ramiro-marra-lo-ejecutaron\/#breadcrumb\",\"itemListElement\":[{\"@type\":\"ListItem\",\"position\":1,\"name\":\"Inicio\",\"item\":\"https:\/\/apuntesdesanluis.com\/\"},{\"@type\":\"ListItem\",\"position\":2,\"name\":\"JAVIER MILEI, SOBRE LA EXPULSI\u00d3N DE RAMIRO MARRA: &#8220;LO EJECUTARON&#8221;\"}]},{\"@type\":\"WebSite\",\"@id\":\"https:\/\/apuntesdesanluis.com\/#website\",\"url\":\"https:\/\/apuntesdesanluis.com\/\",\"name\":\"Apuntes de San Luis\",\"description\":\"\",\"publisher\":{\"@id\":\"https:\/\/apuntesdesanluis.com\/#\/schema\/person\/b55151d52296fcce64d1a72538a70b90\"},\"potentialAction\":[{\"@type\":\"SearchAction\",\"target\":{\"@type\":\"EntryPoint\",\"urlTemplate\":\"https:\/\/apuntesdesanluis.com\/?s={search_term_string}\"},\"query-input\":{\"@type\":\"PropertyValueSpecification\",\"valueRequired\":true,\"valueName\":\"search_term_string\"}}],\"inLanguage\":\"es-AR\"},{\"@type\":[\"Person\",\"Organization\"],\"@id\":\"https:\/\/apuntesdesanluis.com\/#\/schema\/person\/b55151d52296fcce64d1a72538a70b90\",\"name\":\"apuntesdesanluis.com\",\"image\":{\"@type\":\"ImageObject\",\"inLanguage\":\"es-AR\",\"@id\":\"https:\/\/apuntesdesanluis.com\/#\/schema\/person\/image\/\",\"url\":\"https:\/\/apuntesdesanluis.com\/wp-content\/uploads\/2023\/07\/cropped-apuntesdesanluis.png\",\"contentUrl\":\"https:\/\/apuntesdesanluis.com\/wp-content\/uploads\/2023\/07\/cropped-apuntesdesanluis.png\",\"width\":450,\"height\":112,\"caption\":\"apuntesdesanluis.com\"},\"logo\":{\"@id\":\"https:\/\/apuntesdesanluis.com\/#\/schema\/person\/image\/\"},\"sameAs\":[\"https:\/\/apuntesdesanluis.com\"],\"url\":\"https:\/\/apuntesdesanluis.com\/index.php\/author\/apuntesdesanluis-com\/\"}]}<\/script>\n<!-- \/ Yoast SEO plugin. -->","yoast_head_json":{"title":"JAVIER MILEI, SOBRE LA EXPULSI\u00d3N DE RAMIRO MARRA: \"LO EJECUTARON\" - Apuntes de San Luis","robots":{"index":"index","follow":"follow","max-snippet":"max-snippet:-1","max-image-preview":"max-image-preview:large","max-video-preview":"max-video-preview:-1"},"canonical":"https:\/\/apuntesdesanluis.com\/index.php\/2025\/02\/10\/javier-milei-sobre-la-expulsion-de-ramiro-marra-lo-ejecutaron\/","og_locale":"es_ES","og_type":"article","og_title":"JAVIER MILEI, SOBRE LA EXPULSI\u00d3N DE RAMIRO MARRA: \"LO EJECUTARON\" - Apuntes de San Luis","og_description":"El presidente Javier Milei habl\u00f3 tras la expulsi\u00f3n del legislador porte\u00f1o Ramiro Marra de La...","og_url":"https:\/\/apuntesdesanluis.com\/index.php\/2025\/02\/10\/javier-milei-sobre-la-expulsion-de-ramiro-marra-lo-ejecutaron\/","og_site_name":"Apuntes de San Luis","article_published_time":"2025-02-10T14:21:16+00:00","og_image":[{"width":785,"height":522,"url":"https:\/\/apuntesdesanluis.com\/wp-content\/uploads\/2025\/02\/marra.png","type":"image\/png"}],"author":"apuntesdesanluis.com","twitter_card":"summary_large_image","twitter_misc":{"Escrito por":"apuntesdesanluis.com","Tiempo de lectura":"3 minutos"},"schema":{"@context":"https:\/\/schema.org","@graph":[{"@type":"Article","@id":"https:\/\/apuntesdesanluis.com\/index.php\/2025\/02\/10\/javier-milei-sobre-la-expulsion-de-ramiro-marra-lo-ejecutaron\/#article","isPartOf":{"@id":"https:\/\/apuntesdesanluis.com\/index.php\/2025\/02\/10\/javier-milei-sobre-la-expulsion-de-ramiro-marra-lo-ejecutaron\/"},"author":{"name":"apuntesdesanluis.com","@id":"https:\/\/apuntesdesanluis.com\/#\/schema\/person\/b55151d52296fcce64d1a72538a70b90"},"headline":"JAVIER MILEI, SOBRE LA EXPULSI\u00d3N DE RAMIRO MARRA: &#8220;LO EJECUTARON&#8221;","datePublished":"2025-02-10T14:21:16+00:00","mainEntityOfPage":{"@id":"https:\/\/apuntesdesanluis.com\/index.php\/2025\/02\/10\/javier-milei-sobre-la-expulsion-de-ramiro-marra-lo-ejecutaron\/"},"wordCount":440,"publisher":{"@id":"https:\/\/apuntesdesanluis.com\/#\/schema\/person\/b55151d52296fcce64d1a72538a70b90"},"image":{"@id":"https:\/\/apuntesdesanluis.com\/index.php\/2025\/02\/10\/javier-milei-sobre-la-expulsion-de-ramiro-marra-lo-ejecutaron\/#primaryimage"},"thumbnailUrl":"https:\/\/apuntesdesanluis.com\/wp-content\/uploads\/2025\/02\/marra.png","articleSection":["Nacionales\/Internacionales"],"inLanguage":"es-AR"},{"@type":"WebPage","@id":"https:\/\/apuntesdesanluis.com\/index.php\/2025\/02\/10\/javier-milei-sobre-la-expulsion-de-ramiro-marra-lo-ejecutaron\/","url":"https:\/\/apuntesdesanluis.com\/index.php\/2025\/02\/10\/javier-milei-sobre-la-expulsion-de-ramiro-marra-lo-ejecutaron\/","name":"JAVIER MILEI, SOBRE LA EXPULSI\u00d3N DE RAMIRO MARRA: \"LO EJECUTARON\" - Apuntes de San Luis","isPartOf":{"@id":"https:\/\/apuntesdesanluis.com\/#website"},"primaryImageOfPage":{"@id":"https:\/\/apuntesdesanluis.com\/index.php\/2025\/02\/10\/javier-milei-sobre-la-expulsion-de-ramiro-marra-lo-ejecutaron\/#primaryimage"},"image":{"@id":"https:\/\/apuntesdesanluis.com\/index.php\/2025\/02\/10\/javier-milei-sobre-la-expulsion-de-ramiro-marra-lo-ejecutaron\/#primaryimage"},"thumbnailUrl":"https:\/\/apuntesdesanluis.com\/wp-content\/uploads\/2025\/02\/marra.png","datePublished":"2025-02-10T14:21:16+00:00","breadcrumb":{"@id":"https:\/\/apuntesdesanluis.com\/index.php\/2025\/02\/10\/javier-milei-sobre-la-expulsion-de-ramiro-marra-lo-ejecutaron\/#breadcrumb"},"inLanguage":"es-AR","potentialAction":[{"@type":"ReadAction","target":["https:\/\/apuntesdesanluis.com\/index.php\/2025\/02\/10\/javier-milei-sobre-la-expulsion-de-ramiro-marra-lo-ejecutaron\/"]}]},{"@type":"ImageObject","inLanguage":"es-AR","@id":"https:\/\/apuntesdesanluis.com\/index.php\/2025\/02\/10\/javier-milei-sobre-la-expulsion-de-ramiro-marra-lo-ejecutaron\/#primaryimage","url":"https:\/\/apuntesdesanluis.com\/wp-content\/uploads\/2025\/02\/marra.png","contentUrl":"https:\/\/apuntesdesanluis.com\/wp-content\/uploads\/2025\/02\/marra.png","width":785,"height":522},{"@type":"BreadcrumbList","@id":"https:\/\/apuntesdesanluis.com\/index.php\/2025\/02\/10\/javier-milei-sobre-la-expulsion-de-ramiro-marra-lo-ejecutaron\/#breadcrumb","itemListElement":[{"@type":"ListItem","position":1,"name":"Inicio","item":"https:\/\/apuntesdesanluis.com\/"},{"@type":"ListItem","position":2,"name":"JAVIER MILEI, SOBRE LA EXPULSI\u00d3N DE RAMIRO MARRA: &#8220;LO EJECUTARON&#8221;"}]},{"@type":"WebSite","@id":"https:\/\/apuntesdesanluis.com\/#website","url":"https:\/\/apuntesdesanluis.com\/","name":"Apuntes de San Luis","description":"","publisher":{"@id":"https:\/\/apuntesdesanluis.com\/#\/schema\/person\/b55151d52296fcce64d1a72538a70b90"},"potentialAction":[{"@type":"SearchAction","target":{"@type":"EntryPoint","urlTemplate":"https:\/\/apuntesdesanluis.com\/?s={search_term_string}"},"query-input":{"@type":"PropertyValueSpecification","valueRequired":true,"valueName":"search_term_string"}}],"inLanguage":"es-AR"},{"@type":["Person","Organization"],"@id":"https:\/\/apuntesdesanluis.com\/#\/schema\/person\/b55151d52296fcce64d1a72538a70b90","name":"apuntesdesanluis.com","image":{"@type":"ImageObject","inLanguage":"es-AR","@id":"https:\/\/apuntesdesanluis.com\/#\/schema\/person\/image\/","url":"https:\/\/apuntesdesanluis.com\/wp-content\/uploads\/2023\/07\/cropped-apuntesdesanluis.png","contentUrl":"https:\/\/apuntesdesanluis.com\/wp-content\/uploads\/2023\/07\/cropped-apuntesdesanluis.png","width":450,"height":112,"caption":"apuntesdesanluis.com"},"logo":{"@id":"https:\/\/apuntesdesanluis.com\/#\/schema\/person\/image\/"},"sameAs":["https:\/\/apuntesdesanluis.com"],"url":"https:\/\/apuntesdesanluis.com\/index.php\/author\/apuntesdesanluis-com\/"}]}},"featured_image_urls":{"full":["https:\/\/apuntesdesanluis.com\/wp-content\/uploads\/2025\/02\/marra.png",785,522,false],"thumbnail":["https:\/\/apuntesdesanluis.com\/wp-content\/uploads\/2025\/02\/marra-150x150.png",150,150,true],"medium":["https:\/\/apuntesdesanluis.com\/wp-content\/uploads\/2025\/02\/marra-300x199.png",300,199,true],"medium_large":["https:\/\/apuntesdesanluis.com\/wp-content\/uploads\/2025\/02\/marra-768x511.png",640,426,true],"large":["https:\/\/apuntesdesanluis.com\/wp-content\/uploads\/2025\/02\/marra.png",640,426,false],"1536x1536":["https:\/\/apuntesdesanluis.com\/wp-content\/uploads\/2025\/02\/marra.png",785,522,false],"2048x2048":["https:\/\/apuntesdesanluis.com\/wp-content\/uploads\/2025\/02\/marra.png",785,522,false],"newsever-slider-full":["https:\/\/apuntesdesanluis.com\/wp-content\/uploads\/2025\/02\/marra.png",785,522,false],"newsever-featured":["https:\/\/apuntesdesanluis.com\/wp-content\/uploads\/2025\/02\/marra.png",785,522,false],"newsever-medium":["https:\/\/apuntesdesanluis.com\/wp-content\/uploads\/2025\/02\/marra-720x475.png",720,475,true]},"author_info":{"display_name":"apuntesdesanluis.com","author_link":"https:\/\/apuntesdesanluis.com\/index.php\/author\/apuntesdesanluis-com\/"},"category_info":"<a href=\"https:\/\/apuntesdesanluis.com\/index.php\/category\/nacionales-internacionales\/\" rel=\"category tag\">Nacionales\/Internacionales<\/a>","tag_info":"Nacionales\/Internacionales","comment_count":"0","_links":{"self":[{"href":"https:\/\/apuntesdesanluis.com\/index.php\/wp-json\/wp\/v2\/posts\/28927","targetHints":{"allow":["GET"]}}],"collection":[{"href":"https:\/\/apuntesdesanluis.com\/index.php\/wp-json\/wp\/v2\/posts"}],"about":[{"href":"https:\/\/apuntesdesanluis.com\/index.php\/wp-json\/wp\/v2\/types\/post"}],"author":[{"embeddable":true,"href":"https:\/\/apuntesdesanluis.com\/index.php\/wp-json\/wp\/v2\/users\/1"}],"replies":[{"embeddable":true,"href":"https:\/\/apuntesdesanluis.com\/index.php\/wp-json\/wp\/v2\/comments?post=28927"}],"version-history":[{"count":1,"href":"https:\/\/apuntesdesanluis.com\/index.php\/wp-json\/wp\/v2\/posts\/28927\/revisions"}],"predecessor-version":[{"id":28929,"href":"https:\/\/apuntesdesanluis.com\/index.php\/wp-json\/wp\/v2\/posts\/28927\/revisions\/28929"}],"wp:featuredmedia":[{"embeddable":true,"href":"https:\/\/apuntesdesanluis.com\/index.php\/wp-json\/wp\/v2\/media\/28928"}],"wp:attachment":[{"href":"https:\/\/apuntesdesanluis.com\/index.php\/wp-json\/wp\/v2\/media?parent=28927"}],"wp:term":[{"taxonomy":"category","embeddable":true,"href":"https:\/\/apuntesdesanluis.com\/index.php\/wp-json\/wp\/v2\/categories?post=28927"},{"taxonomy":"post_tag","embeddable":true,"href":"https:\/\/apuntesdesanluis.com\/index.php\/wp-json\/wp\/v2\/tags?post=28927"}],"curies":[{"name":"wp","href":"https:\/\/api.w.org\/{rel}","templated":true}]}}