{"id":28944,"date":"2025-02-10T18:59:54","date_gmt":"2025-02-10T21:59:54","guid":{"rendered":"https:\/\/apuntesdesanluis.com\/?p=28944"},"modified":"2025-02-10T18:59:54","modified_gmt":"2025-02-10T21:59:54","slug":"aerolineas-argentinas-confirmo-que-volara-al-conlara-en-abril-mayo-y-junio","status":"publish","type":"post","link":"https:\/\/apuntesdesanluis.com\/index.php\/2025\/02\/10\/aerolineas-argentinas-confirmo-que-volara-al-conlara-en-abril-mayo-y-junio\/","title":{"rendered":"AEROL\u00cdNEAS ARGENTINAS CONFIRM\u00d3 QUE VOLAR\u00c1 AL CONLARA EN ABRIL, MAYO Y JUNIO"},"content":{"rendered":"<h3>Mediante la articulaci\u00f3n entre <strong>ministerio de Turismo y el de Desarrollo Productivo,<\/strong> a <strong>trav\u00e9s del Ente de Desarrollo Aeron\u00e1utico (EDA<\/strong>), se lograron negociaciones para reactivar los vuelos al aeropuerto del Valle del Conlara que iban a ser suspendidos por Aerol\u00edneas Argentinas.<\/h3>\n<h3>A prop\u00f3sito del di\u00e1logo intercambiado con la empresa privada, <strong>Horacio Quiroga<\/strong>, presidente del Ente de Desarrollo Aeron\u00e1utico, coment\u00f3 que se pudo pactar un muy buen acuerdo en comparaci\u00f3n con otras provincias y que San Luis result\u00f3 bastante favorecida. \u201cLo que se propone es generar mejores frecuencias y tarifas a futuro. Incluso, los acuerdos fueron convenientes para nosotros, debido a que propusimos que este contrato de solamente tres meses (abril, mayo y junio) finalizara\u201d, inform\u00f3.<\/h3>\n<h3>Sobre la reuni\u00f3n con <strong>Aerol\u00edneas Argentinas<\/strong>, Quiroga afirm\u00f3 que el encuentro permiti\u00f3 crear un v\u00ednculo directo con los altos directivos, que abarcan el planeamiento estrat\u00e9gico y los negocios.<\/h3>\n<h3>\u201cDesde el EDA, ofrecimos muchos beneficios para que esto sucediera: proporcionamos personal de rampa, proveemos el lugar y compartimos los equipos de rampa. Esto nos permite mejorar el contrato firmado. Tambi\u00e9n pudimos establecer nuevas pautas a futuro, que ser\u00e1n iniciadas en los pr\u00f3ximos meses con la participaci\u00f3n del ministerio de Turismo y Cultura, nuestra parte aeroportuaria y Aerol\u00edneas Argentinas. Adem\u00e1s, programamos reunirnos con otras aerol\u00edneas para poder obtener mayor conectividad en la provincia\u201d.<\/h3>\n<p><iframe title=\"Acuerdo con Aerol\u00edneas Argentinas\" width=\"640\" height=\"360\" src=\"https:\/\/www.youtube.com\/embed\/3lyHdRVQUpE?feature=oembed\" frameborder=\"0\" allow=\"accelerometer; autoplay; clipboard-write; encrypted-media; gyroscope; picture-in-picture; web-share\" referrerpolicy=\"strict-origin-when-cross-origin\" allowfullscreen><\/iframe><\/p>\n<h3>El ministro de Turismo y Cultura, <strong>Juan \u00c1lvarez Pinto<\/strong>, dio detalles sobre la coordinaci\u00f3n entre el ministro Federico Trombotto (Desarrollo Productivo) y Horacio Quiroga (EDA): \u201cAnte la decisi\u00f3n tomada por Aerol\u00edneas Argentinas, el gobernador Claudio Poggi nos transmiti\u00f3 el mandato de generar un di\u00e1logo inmediato con la empresa. Por lo tanto, con Horacio viajamos a Buenos Aires y pudimos llegar a este acuerdo\u201d.<\/h3>\n<h3>\u00c1lvarez Pinto destac\u00f3 la importancia del convenio y precis\u00f3 que la conectividad es uno de los puntos esenciales para el turismo: \u201cSi los destinos tur\u00edsticos no tienen conectividad, dif\u00edcil es que lleguen los turistas. Hoy, la provincia de San Luis tiene una conectividad a\u00e9rea muy importante, tanto en el aeropuerto de San Luis, con vuelos diarios, como el aeropuerto del Valle de Conlara, con vuelos regulares; ambos con el servicio de Aerol\u00edneas Argentinas\u201d.<\/h3>\n<h3>Gracias al acuerdo, los vuelos continuar\u00e1n con las mismas frecuencias, los jueves y los domingos. \u201cEsto contribuye a que la gente pueda planificar sus viajes: tanto venir el jueves y quedarse hasta el domingo, como venir el domingo y quedarse hasta el jueves\u201d, se\u00f1al\u00f3 \u00c1lvarez Pinto. \u201cResulta importante aclarar que este convenio es \u00fanicamente por los meses de abril, mayo y junio, que es lo que la empresa hab\u00eda dispuesto suspender. Despu\u00e9s sigue todo normalmente a riesgo de la empresa, lo cual significa que la demanda es buena e importante\u201d, agreg\u00f3.<\/h3>\n<h3><\/h3>\n<h3><\/h3>\n<p>&nbsp;<\/p>\n","protected":false},"excerpt":{"rendered":"<p>Mediante la articulaci\u00f3n entre ministerio de Turismo y el de Desarrollo Productivo, a trav\u00e9s del&#8230;<\/p>\n","protected":false},"author":1,"featured_media":28945,"comment_status":"closed","ping_status":"closed","sticky":false,"template":"","format":"standard","meta":{"footnotes":""},"categories":[6],"tags":[],"class_list":["post-28944","post","type-post","status-publish","format-standard","has-post-thumbnail","hentry","category-ciudad-provincia"],"yoast_head":"<!-- This site is optimized with the Yoast SEO plugin v26.1.1 - https:\/\/yoast.com\/wordpress\/plugins\/seo\/ -->\n<title>AEROL\u00cdNEAS ARGENTINAS CONFIRM\u00d3 QUE VOLAR\u00c1 AL CONLARA EN ABRIL, MAYO Y JUNIO - Apuntes de San Luis<\/title>\n<meta name=\"robots\" content=\"index, follow, max-snippet:-1, max-image-preview:large, max-video-preview:-1\" \/>\n<link rel=\"canonical\" href=\"https:\/\/apuntesdesanluis.com\/index.php\/2025\/02\/10\/aerolineas-argentinas-confirmo-que-volara-al-conlara-en-abril-mayo-y-junio\/\" \/>\n<meta property=\"og:locale\" content=\"es_ES\" \/>\n<meta property=\"og:type\" content=\"article\" \/>\n<meta property=\"og:title\" content=\"AEROL\u00cdNEAS ARGENTINAS CONFIRM\u00d3 QUE VOLAR\u00c1 AL CONLARA EN ABRIL, MAYO Y JUNIO - Apuntes de San Luis\" \/>\n<meta property=\"og:description\" content=\"Mediante la articulaci\u00f3n entre ministerio de Turismo y el de Desarrollo Productivo, a trav\u00e9s del...\" \/>\n<meta property=\"og:url\" content=\"https:\/\/apuntesdesanluis.com\/index.php\/2025\/02\/10\/aerolineas-argentinas-confirmo-que-volara-al-conlara-en-abril-mayo-y-junio\/\" \/>\n<meta property=\"og:site_name\" content=\"Apuntes de San Luis\" \/>\n<meta property=\"article:published_time\" content=\"2025-02-10T21:59:54+00:00\" \/>\n<meta property=\"og:image\" content=\"https:\/\/apuntesdesanluis.com\/wp-content\/uploads\/2025\/02\/alvarez-pinto.png\" \/>\n\t<meta property=\"og:image:width\" content=\"653\" \/>\n\t<meta property=\"og:image:height\" content=\"432\" \/>\n\t<meta property=\"og:image:type\" content=\"image\/png\" \/>\n<meta name=\"author\" content=\"apuntesdesanluis.com\" \/>\n<meta name=\"twitter:card\" content=\"summary_large_image\" \/>\n<meta name=\"twitter:label1\" content=\"Escrito por\" \/>\n\t<meta name=\"twitter:data1\" content=\"apuntesdesanluis.com\" \/>\n\t<meta name=\"twitter:label2\" content=\"Tiempo de lectura\" \/>\n\t<meta name=\"twitter:data2\" content=\"3 minutos\" \/>\n<script type=\"application\/ld+json\" class=\"yoast-schema-graph\">{\"@context\":\"https:\/\/schema.org\",\"@graph\":[{\"@type\":\"Article\",\"@id\":\"https:\/\/apuntesdesanluis.com\/index.php\/2025\/02\/10\/aerolineas-argentinas-confirmo-que-volara-al-conlara-en-abril-mayo-y-junio\/#article\",\"isPartOf\":{\"@id\":\"https:\/\/apuntesdesanluis.com\/index.php\/2025\/02\/10\/aerolineas-argentinas-confirmo-que-volara-al-conlara-en-abril-mayo-y-junio\/\"},\"author\":{\"name\":\"apuntesdesanluis.com\",\"@id\":\"https:\/\/apuntesdesanluis.com\/#\/schema\/person\/b55151d52296fcce64d1a72538a70b90\"},\"headline\":\"AEROL\u00cdNEAS ARGENTINAS CONFIRM\u00d3 QUE VOLAR\u00c1 AL CONLARA EN ABRIL, MAYO Y JUNIO\",\"datePublished\":\"2025-02-10T21:59:54+00:00\",\"mainEntityOfPage\":{\"@id\":\"https:\/\/apuntesdesanluis.com\/index.php\/2025\/02\/10\/aerolineas-argentinas-confirmo-que-volara-al-conlara-en-abril-mayo-y-junio\/\"},\"wordCount\":494,\"publisher\":{\"@id\":\"https:\/\/apuntesdesanluis.com\/#\/schema\/person\/b55151d52296fcce64d1a72538a70b90\"},\"image\":{\"@id\":\"https:\/\/apuntesdesanluis.com\/index.php\/2025\/02\/10\/aerolineas-argentinas-confirmo-que-volara-al-conlara-en-abril-mayo-y-junio\/#primaryimage\"},\"thumbnailUrl\":\"https:\/\/apuntesdesanluis.com\/wp-content\/uploads\/2025\/02\/alvarez-pinto.png\",\"articleSection\":[\"Ciudad\/Provincia\"],\"inLanguage\":\"es-AR\"},{\"@type\":\"WebPage\",\"@id\":\"https:\/\/apuntesdesanluis.com\/index.php\/2025\/02\/10\/aerolineas-argentinas-confirmo-que-volara-al-conlara-en-abril-mayo-y-junio\/\",\"url\":\"https:\/\/apuntesdesanluis.com\/index.php\/2025\/02\/10\/aerolineas-argentinas-confirmo-que-volara-al-conlara-en-abril-mayo-y-junio\/\",\"name\":\"AEROL\u00cdNEAS ARGENTINAS CONFIRM\u00d3 QUE VOLAR\u00c1 AL CONLARA EN ABRIL, MAYO Y JUNIO - Apuntes de San Luis\",\"isPartOf\":{\"@id\":\"https:\/\/apuntesdesanluis.com\/#website\"},\"primaryImageOfPage\":{\"@id\":\"https:\/\/apuntesdesanluis.com\/index.php\/2025\/02\/10\/aerolineas-argentinas-confirmo-que-volara-al-conlara-en-abril-mayo-y-junio\/#primaryimage\"},\"image\":{\"@id\":\"https:\/\/apuntesdesanluis.com\/index.php\/2025\/02\/10\/aerolineas-argentinas-confirmo-que-volara-al-conlara-en-abril-mayo-y-junio\/#primaryimage\"},\"thumbnailUrl\":\"https:\/\/apuntesdesanluis.com\/wp-content\/uploads\/2025\/02\/alvarez-pinto.png\",\"datePublished\":\"2025-02-10T21:59:54+00:00\",\"breadcrumb\":{\"@id\":\"https:\/\/apuntesdesanluis.com\/index.php\/2025\/02\/10\/aerolineas-argentinas-confirmo-que-volara-al-conlara-en-abril-mayo-y-junio\/#breadcrumb\"},\"inLanguage\":\"es-AR\",\"potentialAction\":[{\"@type\":\"ReadAction\",\"target\":[\"https:\/\/apuntesdesanluis.com\/index.php\/2025\/02\/10\/aerolineas-argentinas-confirmo-que-volara-al-conlara-en-abril-mayo-y-junio\/\"]}]},{\"@type\":\"ImageObject\",\"inLanguage\":\"es-AR\",\"@id\":\"https:\/\/apuntesdesanluis.com\/index.php\/2025\/02\/10\/aerolineas-argentinas-confirmo-que-volara-al-conlara-en-abril-mayo-y-junio\/#primaryimage\",\"url\":\"https:\/\/apuntesdesanluis.com\/wp-content\/uploads\/2025\/02\/alvarez-pinto.png\",\"contentUrl\":\"https:\/\/apuntesdesanluis.com\/wp-content\/uploads\/2025\/02\/alvarez-pinto.png\",\"width\":653,\"height\":432},{\"@type\":\"BreadcrumbList\",\"@id\":\"https:\/\/apuntesdesanluis.com\/index.php\/2025\/02\/10\/aerolineas-argentinas-confirmo-que-volara-al-conlara-en-abril-mayo-y-junio\/#breadcrumb\",\"itemListElement\":[{\"@type\":\"ListItem\",\"position\":1,\"name\":\"Inicio\",\"item\":\"https:\/\/apuntesdesanluis.com\/\"},{\"@type\":\"ListItem\",\"position\":2,\"name\":\"AEROL\u00cdNEAS ARGENTINAS CONFIRM\u00d3 QUE VOLAR\u00c1 AL CONLARA EN ABRIL, MAYO Y JUNIO\"}]},{\"@type\":\"WebSite\",\"@id\":\"https:\/\/apuntesdesanluis.com\/#website\",\"url\":\"https:\/\/apuntesdesanluis.com\/\",\"name\":\"Apuntes de San Luis\",\"description\":\"\",\"publisher\":{\"@id\":\"https:\/\/apuntesdesanluis.com\/#\/schema\/person\/b55151d52296fcce64d1a72538a70b90\"},\"potentialAction\":[{\"@type\":\"SearchAction\",\"target\":{\"@type\":\"EntryPoint\",\"urlTemplate\":\"https:\/\/apuntesdesanluis.com\/?s={search_term_string}\"},\"query-input\":{\"@type\":\"PropertyValueSpecification\",\"valueRequired\":true,\"valueName\":\"search_term_string\"}}],\"inLanguage\":\"es-AR\"},{\"@type\":[\"Person\",\"Organization\"],\"@id\":\"https:\/\/apuntesdesanluis.com\/#\/schema\/person\/b55151d52296fcce64d1a72538a70b90\",\"name\":\"apuntesdesanluis.com\",\"image\":{\"@type\":\"ImageObject\",\"inLanguage\":\"es-AR\",\"@id\":\"https:\/\/apuntesdesanluis.com\/#\/schema\/person\/image\/\",\"url\":\"https:\/\/apuntesdesanluis.com\/wp-content\/uploads\/2023\/07\/cropped-apuntesdesanluis.png\",\"contentUrl\":\"https:\/\/apuntesdesanluis.com\/wp-content\/uploads\/2023\/07\/cropped-apuntesdesanluis.png\",\"width\":450,\"height\":112,\"caption\":\"apuntesdesanluis.com\"},\"logo\":{\"@id\":\"https:\/\/apuntesdesanluis.com\/#\/schema\/person\/image\/\"},\"sameAs\":[\"https:\/\/apuntesdesanluis.com\"],\"url\":\"https:\/\/apuntesdesanluis.com\/index.php\/author\/apuntesdesanluis-com\/\"}]}<\/script>\n<!-- \/ Yoast SEO plugin. -->","yoast_head_json":{"title":"AEROL\u00cdNEAS ARGENTINAS CONFIRM\u00d3 QUE VOLAR\u00c1 AL CONLARA EN ABRIL, MAYO Y JUNIO - Apuntes de San Luis","robots":{"index":"index","follow":"follow","max-snippet":"max-snippet:-1","max-image-preview":"max-image-preview:large","max-video-preview":"max-video-preview:-1"},"canonical":"https:\/\/apuntesdesanluis.com\/index.php\/2025\/02\/10\/aerolineas-argentinas-confirmo-que-volara-al-conlara-en-abril-mayo-y-junio\/","og_locale":"es_ES","og_type":"article","og_title":"AEROL\u00cdNEAS ARGENTINAS CONFIRM\u00d3 QUE VOLAR\u00c1 AL CONLARA EN ABRIL, MAYO Y JUNIO - Apuntes de San Luis","og_description":"Mediante la articulaci\u00f3n entre ministerio de Turismo y el de Desarrollo Productivo, a trav\u00e9s del...","og_url":"https:\/\/apuntesdesanluis.com\/index.php\/2025\/02\/10\/aerolineas-argentinas-confirmo-que-volara-al-conlara-en-abril-mayo-y-junio\/","og_site_name":"Apuntes de San Luis","article_published_time":"2025-02-10T21:59:54+00:00","og_image":[{"width":653,"height":432,"url":"https:\/\/apuntesdesanluis.com\/wp-content\/uploads\/2025\/02\/alvarez-pinto.png","type":"image\/png"}],"author":"apuntesdesanluis.com","twitter_card":"summary_large_image","twitter_misc":{"Escrito por":"apuntesdesanluis.com","Tiempo de lectura":"3 minutos"},"schema":{"@context":"https:\/\/schema.org","@graph":[{"@type":"Article","@id":"https:\/\/apuntesdesanluis.com\/index.php\/2025\/02\/10\/aerolineas-argentinas-confirmo-que-volara-al-conlara-en-abril-mayo-y-junio\/#article","isPartOf":{"@id":"https:\/\/apuntesdesanluis.com\/index.php\/2025\/02\/10\/aerolineas-argentinas-confirmo-que-volara-al-conlara-en-abril-mayo-y-junio\/"},"author":{"name":"apuntesdesanluis.com","@id":"https:\/\/apuntesdesanluis.com\/#\/schema\/person\/b55151d52296fcce64d1a72538a70b90"},"headline":"AEROL\u00cdNEAS ARGENTINAS CONFIRM\u00d3 QUE VOLAR\u00c1 AL CONLARA EN ABRIL, MAYO Y JUNIO","datePublished":"2025-02-10T21:59:54+00:00","mainEntityOfPage":{"@id":"https:\/\/apuntesdesanluis.com\/index.php\/2025\/02\/10\/aerolineas-argentinas-confirmo-que-volara-al-conlara-en-abril-mayo-y-junio\/"},"wordCount":494,"publisher":{"@id":"https:\/\/apuntesdesanluis.com\/#\/schema\/person\/b55151d52296fcce64d1a72538a70b90"},"image":{"@id":"https:\/\/apuntesdesanluis.com\/index.php\/2025\/02\/10\/aerolineas-argentinas-confirmo-que-volara-al-conlara-en-abril-mayo-y-junio\/#primaryimage"},"thumbnailUrl":"https:\/\/apuntesdesanluis.com\/wp-content\/uploads\/2025\/02\/alvarez-pinto.png","articleSection":["Ciudad\/Provincia"],"inLanguage":"es-AR"},{"@type":"WebPage","@id":"https:\/\/apuntesdesanluis.com\/index.php\/2025\/02\/10\/aerolineas-argentinas-confirmo-que-volara-al-conlara-en-abril-mayo-y-junio\/","url":"https:\/\/apuntesdesanluis.com\/index.php\/2025\/02\/10\/aerolineas-argentinas-confirmo-que-volara-al-conlara-en-abril-mayo-y-junio\/","name":"AEROL\u00cdNEAS ARGENTINAS CONFIRM\u00d3 QUE VOLAR\u00c1 AL CONLARA EN ABRIL, MAYO Y JUNIO - Apuntes de San Luis","isPartOf":{"@id":"https:\/\/apuntesdesanluis.com\/#website"},"primaryImageOfPage":{"@id":"https:\/\/apuntesdesanluis.com\/index.php\/2025\/02\/10\/aerolineas-argentinas-confirmo-que-volara-al-conlara-en-abril-mayo-y-junio\/#primaryimage"},"image":{"@id":"https:\/\/apuntesdesanluis.com\/index.php\/2025\/02\/10\/aerolineas-argentinas-confirmo-que-volara-al-conlara-en-abril-mayo-y-junio\/#primaryimage"},"thumbnailUrl":"https:\/\/apuntesdesanluis.com\/wp-content\/uploads\/2025\/02\/alvarez-pinto.png","datePublished":"2025-02-10T21:59:54+00:00","breadcrumb":{"@id":"https:\/\/apuntesdesanluis.com\/index.php\/2025\/02\/10\/aerolineas-argentinas-confirmo-que-volara-al-conlara-en-abril-mayo-y-junio\/#breadcrumb"},"inLanguage":"es-AR","potentialAction":[{"@type":"ReadAction","target":["https:\/\/apuntesdesanluis.com\/index.php\/2025\/02\/10\/aerolineas-argentinas-confirmo-que-volara-al-conlara-en-abril-mayo-y-junio\/"]}]},{"@type":"ImageObject","inLanguage":"es-AR","@id":"https:\/\/apuntesdesanluis.com\/index.php\/2025\/02\/10\/aerolineas-argentinas-confirmo-que-volara-al-conlara-en-abril-mayo-y-junio\/#primaryimage","url":"https:\/\/apuntesdesanluis.com\/wp-content\/uploads\/2025\/02\/alvarez-pinto.png","contentUrl":"https:\/\/apuntesdesanluis.com\/wp-content\/uploads\/2025\/02\/alvarez-pinto.png","width":653,"height":432},{"@type":"BreadcrumbList","@id":"https:\/\/apuntesdesanluis.com\/index.php\/2025\/02\/10\/aerolineas-argentinas-confirmo-que-volara-al-conlara-en-abril-mayo-y-junio\/#breadcrumb","itemListElement":[{"@type":"ListItem","position":1,"name":"Inicio","item":"https:\/\/apuntesdesanluis.com\/"},{"@type":"ListItem","position":2,"name":"AEROL\u00cdNEAS ARGENTINAS CONFIRM\u00d3 QUE VOLAR\u00c1 AL CONLARA EN ABRIL, MAYO Y JUNIO"}]},{"@type":"WebSite","@id":"https:\/\/apuntesdesanluis.com\/#website","url":"https:\/\/apuntesdesanluis.com\/","name":"Apuntes de San Luis","description":"","publisher":{"@id":"https:\/\/apuntesdesanluis.com\/#\/schema\/person\/b55151d52296fcce64d1a72538a70b90"},"potentialAction":[{"@type":"SearchAction","target":{"@type":"EntryPoint","urlTemplate":"https:\/\/apuntesdesanluis.com\/?s={search_term_string}"},"query-input":{"@type":"PropertyValueSpecification","valueRequired":true,"valueName":"search_term_string"}}],"inLanguage":"es-AR"},{"@type":["Person","Organization"],"@id":"https:\/\/apuntesdesanluis.com\/#\/schema\/person\/b55151d52296fcce64d1a72538a70b90","name":"apuntesdesanluis.com","image":{"@type":"ImageObject","inLanguage":"es-AR","@id":"https:\/\/apuntesdesanluis.com\/#\/schema\/person\/image\/","url":"https:\/\/apuntesdesanluis.com\/wp-content\/uploads\/2023\/07\/cropped-apuntesdesanluis.png","contentUrl":"https:\/\/apuntesdesanluis.com\/wp-content\/uploads\/2023\/07\/cropped-apuntesdesanluis.png","width":450,"height":112,"caption":"apuntesdesanluis.com"},"logo":{"@id":"https:\/\/apuntesdesanluis.com\/#\/schema\/person\/image\/"},"sameAs":["https:\/\/apuntesdesanluis.com"],"url":"https:\/\/apuntesdesanluis.com\/index.php\/author\/apuntesdesanluis-com\/"}]}},"featured_image_urls":{"full":["https:\/\/apuntesdesanluis.com\/wp-content\/uploads\/2025\/02\/alvarez-pinto.png",653,432,false],"thumbnail":["https:\/\/apuntesdesanluis.com\/wp-content\/uploads\/2025\/02\/alvarez-pinto-150x150.png",150,150,true],"medium":["https:\/\/apuntesdesanluis.com\/wp-content\/uploads\/2025\/02\/alvarez-pinto-300x198.png",300,198,true],"medium_large":["https:\/\/apuntesdesanluis.com\/wp-content\/uploads\/2025\/02\/alvarez-pinto.png",640,423,false],"large":["https:\/\/apuntesdesanluis.com\/wp-content\/uploads\/2025\/02\/alvarez-pinto.png",640,423,false],"1536x1536":["https:\/\/apuntesdesanluis.com\/wp-content\/uploads\/2025\/02\/alvarez-pinto.png",653,432,false],"2048x2048":["https:\/\/apuntesdesanluis.com\/wp-content\/uploads\/2025\/02\/alvarez-pinto.png",653,432,false],"newsever-slider-full":["https:\/\/apuntesdesanluis.com\/wp-content\/uploads\/2025\/02\/alvarez-pinto.png",653,432,false],"newsever-featured":["https:\/\/apuntesdesanluis.com\/wp-content\/uploads\/2025\/02\/alvarez-pinto.png",653,432,false],"newsever-medium":["https:\/\/apuntesdesanluis.com\/wp-content\/uploads\/2025\/02\/alvarez-pinto.png",653,432,false]},"author_info":{"display_name":"apuntesdesanluis.com","author_link":"https:\/\/apuntesdesanluis.com\/index.php\/author\/apuntesdesanluis-com\/"},"category_info":"<a href=\"https:\/\/apuntesdesanluis.com\/index.php\/category\/ciudad-provincia\/\" rel=\"category tag\">Ciudad\/Provincia<\/a>","tag_info":"Ciudad\/Provincia","comment_count":"0","_links":{"self":[{"href":"https:\/\/apuntesdesanluis.com\/index.php\/wp-json\/wp\/v2\/posts\/28944","targetHints":{"allow":["GET"]}}],"collection":[{"href":"https:\/\/apuntesdesanluis.com\/index.php\/wp-json\/wp\/v2\/posts"}],"about":[{"href":"https:\/\/apuntesdesanluis.com\/index.php\/wp-json\/wp\/v2\/types\/post"}],"author":[{"embeddable":true,"href":"https:\/\/apuntesdesanluis.com\/index.php\/wp-json\/wp\/v2\/users\/1"}],"replies":[{"embeddable":true,"href":"https:\/\/apuntesdesanluis.com\/index.php\/wp-json\/wp\/v2\/comments?post=28944"}],"version-history":[{"count":1,"href":"https:\/\/apuntesdesanluis.com\/index.php\/wp-json\/wp\/v2\/posts\/28944\/revisions"}],"predecessor-version":[{"id":28946,"href":"https:\/\/apuntesdesanluis.com\/index.php\/wp-json\/wp\/v2\/posts\/28944\/revisions\/28946"}],"wp:featuredmedia":[{"embeddable":true,"href":"https:\/\/apuntesdesanluis.com\/index.php\/wp-json\/wp\/v2\/media\/28945"}],"wp:attachment":[{"href":"https:\/\/apuntesdesanluis.com\/index.php\/wp-json\/wp\/v2\/media?parent=28944"}],"wp:term":[{"taxonomy":"category","embeddable":true,"href":"https:\/\/apuntesdesanluis.com\/index.php\/wp-json\/wp\/v2\/categories?post=28944"},{"taxonomy":"post_tag","embeddable":true,"href":"https:\/\/apuntesdesanluis.com\/index.php\/wp-json\/wp\/v2\/tags?post=28944"}],"curies":[{"name":"wp","href":"https:\/\/api.w.org\/{rel}","templated":true}]}}