{"id":28948,"date":"2025-02-10T21:14:19","date_gmt":"2025-02-11T00:14:19","guid":{"rendered":"https:\/\/apuntesdesanluis.com\/?p=28948"},"modified":"2025-02-10T21:14:19","modified_gmt":"2025-02-11T00:14:19","slug":"ficha-limpia-oficialismo-y-el-pro-buscan-asegurar-el-quorum-de-cara-al-miercoles-de-sesion-en-diputados","status":"publish","type":"post","link":"https:\/\/apuntesdesanluis.com\/index.php\/2025\/02\/10\/ficha-limpia-oficialismo-y-el-pro-buscan-asegurar-el-quorum-de-cara-al-miercoles-de-sesion-en-diputados\/","title":{"rendered":"FICHA LIMPIA: OFICIALISMO Y EL PRO BUSCAN ASEGURAR EL QU\u00d3RUM DE CARA AL MI\u00c9RCOLES DE SESI\u00d3N EN DIPUTADOS"},"content":{"rendered":"<h3>Despu\u00e9s de los dos intentos fallidos de diciembre pasado, cuando el oficialismo exhibi\u00f3 fugas internas y frustr\u00f3 el quorum para avanzar con una media sanci\u00f3n de la ley de <strong>Ficha Limpia<\/strong>, desde La Libertad Avanza y el PRO no quieren repetir la historia y afilan la calculadora para llegar c\u00f3modos con el n\u00famero de votos de cara a la sesi\u00f3n del mi\u00e9rcoles.<\/h3>\n<h3>En general predomina el optimismo, pero el clima no es ni de cerca euf\u00f3rico ya que son conscientes que se presenta un panorama m\u00e1s que complicado en el Senado, donde no creen que el peronismo le suelte la mano a Cristina Kirchner.<\/h3>\n<h3>\u201cLamentablemente, el Senado va a ser la tumba de cualquier proyecto de Ficha Limpia, pero no tenemos que dejar de insistir. Muchas provincias ya avanzaron y m\u00e1s temprano que tarde nosotros tambi\u00e9n vamos a avanzar\u201d, se\u00f1al\u00f3 un diputado nacional del PRO.<\/h3>\n<h3>Sin embargo, la aprobaci\u00f3n en Diputados ser\u00eda un paso in\u00e9dito ya que nunca antes un recinto del Congreso avanz\u00f3 con una media sanci\u00f3n.<\/h3>\n<h3>Si bien el qu\u00f3rum no est\u00e1 completamente asegurado, hay elementos para ilusionarse: en teor\u00eda, la suma incluye a los 38 diputados de LLA, 37 del PRO, 20 de la UCR, 13 de Encuentro Federal, 12 de Democracia para Siempre, ocho de Innovaci\u00f3n Federal, seis de la Coalici\u00f3n C\u00edvica, tres del MID, tres de bloque tucumano Independencia, y la mayor\u00eda de los monobloques.<\/h3>\n<h3>La falta de compromiso de diputados oficialistas que con sus ausencias hicieron caer el qu\u00f3rum en diciembre pasado, infundi\u00f3 la sospecha en los bloques de la oposici\u00f3n dialoguista de un supuesto pacto espurio del Gobierno con el kirchnerismo para dejar en carrera electoral a Cristina Kirchner.<\/h3>\n<h3>El presidente Javier Milei no ignor\u00f3 los murmullos conspiranoicos y encomend\u00f3 a una comisi\u00f3n coordinada por Alejandro Fargosi a trabajar a todo vapor en la redacci\u00f3n de un proyecto superador de Ficha Limpia, y as\u00ed desterrar la hip\u00f3tesis del pacto con el kirchnerismo.<\/h3>\n<h3>La iniciativa recibi\u00f3 el impulso fundamental del ministro de Defensa, Luis Petri, y tuvo el aval de la principal portadora de la bandera de Ficha Limpia por el PRO, Silvia Lospennato, cabeza visible del primer proyecto.<\/h3>\n<h3>El anuncio de la propuesta de Ficha Limpia de parte de Milei descomprimi\u00f3 el descontento que los bloques aliados ven\u00edan acumulando contra el Gobierno, y de alguna manera revivi\u00f3 el pacto de unidad de acci\u00f3n parlamentaria que se hab\u00eda conseguido para la Ley Bases.<\/h3>\n<p>&nbsp;<\/p>\n<p>&nbsp;<\/p>\n<p>&nbsp;<\/p>\n<p>&nbsp;<\/p>\n","protected":false},"excerpt":{"rendered":"<p>Despu\u00e9s de los dos intentos fallidos de diciembre pasado, cuando el oficialismo exhibi\u00f3 fugas internas&#8230;<\/p>\n","protected":false},"author":1,"featured_media":28949,"comment_status":"closed","ping_status":"closed","sticky":false,"template":"","format":"standard","meta":{"footnotes":""},"categories":[5],"tags":[],"class_list":["post-28948","post","type-post","status-publish","format-standard","has-post-thumbnail","hentry","category-nacionales-internacionales"],"yoast_head":"<!-- This site is optimized with the Yoast SEO plugin v26.1.1 - https:\/\/yoast.com\/wordpress\/plugins\/seo\/ -->\n<title>FICHA LIMPIA: OFICIALISMO Y EL PRO BUSCAN ASEGURAR EL QU\u00d3RUM DE CARA AL MI\u00c9RCOLES DE SESI\u00d3N EN DIPUTADOS - Apuntes de San Luis<\/title>\n<meta name=\"robots\" content=\"index, follow, max-snippet:-1, max-image-preview:large, max-video-preview:-1\" \/>\n<link rel=\"canonical\" href=\"https:\/\/apuntesdesanluis.com\/index.php\/2025\/02\/10\/ficha-limpia-oficialismo-y-el-pro-buscan-asegurar-el-quorum-de-cara-al-miercoles-de-sesion-en-diputados\/\" \/>\n<meta property=\"og:locale\" content=\"es_ES\" \/>\n<meta property=\"og:type\" content=\"article\" \/>\n<meta property=\"og:title\" content=\"FICHA LIMPIA: OFICIALISMO Y EL PRO BUSCAN ASEGURAR EL QU\u00d3RUM DE CARA AL MI\u00c9RCOLES DE SESI\u00d3N EN DIPUTADOS - Apuntes de San Luis\" \/>\n<meta property=\"og:description\" content=\"Despu\u00e9s de los dos intentos fallidos de diciembre pasado, cuando el oficialismo exhibi\u00f3 fugas internas...\" \/>\n<meta property=\"og:url\" content=\"https:\/\/apuntesdesanluis.com\/index.php\/2025\/02\/10\/ficha-limpia-oficialismo-y-el-pro-buscan-asegurar-el-quorum-de-cara-al-miercoles-de-sesion-en-diputados\/\" \/>\n<meta property=\"og:site_name\" content=\"Apuntes de San Luis\" \/>\n<meta property=\"article:published_time\" content=\"2025-02-11T00:14:19+00:00\" \/>\n<meta property=\"og:image\" content=\"https:\/\/apuntesdesanluis.com\/wp-content\/uploads\/2025\/02\/diputados-de-la-nacion.png\" \/>\n\t<meta property=\"og:image:width\" content=\"801\" \/>\n\t<meta property=\"og:image:height\" content=\"497\" \/>\n\t<meta property=\"og:image:type\" content=\"image\/png\" \/>\n<meta name=\"author\" content=\"apuntesdesanluis.com\" \/>\n<meta name=\"twitter:card\" content=\"summary_large_image\" \/>\n<meta name=\"twitter:label1\" content=\"Escrito por\" \/>\n\t<meta name=\"twitter:data1\" content=\"apuntesdesanluis.com\" \/>\n\t<meta name=\"twitter:label2\" content=\"Tiempo de lectura\" \/>\n\t<meta name=\"twitter:data2\" content=\"3 minutos\" \/>\n<script type=\"application\/ld+json\" class=\"yoast-schema-graph\">{\"@context\":\"https:\/\/schema.org\",\"@graph\":[{\"@type\":\"Article\",\"@id\":\"https:\/\/apuntesdesanluis.com\/index.php\/2025\/02\/10\/ficha-limpia-oficialismo-y-el-pro-buscan-asegurar-el-quorum-de-cara-al-miercoles-de-sesion-en-diputados\/#article\",\"isPartOf\":{\"@id\":\"https:\/\/apuntesdesanluis.com\/index.php\/2025\/02\/10\/ficha-limpia-oficialismo-y-el-pro-buscan-asegurar-el-quorum-de-cara-al-miercoles-de-sesion-en-diputados\/\"},\"author\":{\"name\":\"apuntesdesanluis.com\",\"@id\":\"https:\/\/apuntesdesanluis.com\/#\/schema\/person\/b55151d52296fcce64d1a72538a70b90\"},\"headline\":\"FICHA LIMPIA: OFICIALISMO Y EL PRO BUSCAN ASEGURAR EL QU\u00d3RUM DE CARA AL MI\u00c9RCOLES DE SESI\u00d3N EN DIPUTADOS\",\"datePublished\":\"2025-02-11T00:14:19+00:00\",\"mainEntityOfPage\":{\"@id\":\"https:\/\/apuntesdesanluis.com\/index.php\/2025\/02\/10\/ficha-limpia-oficialismo-y-el-pro-buscan-asegurar-el-quorum-de-cara-al-miercoles-de-sesion-en-diputados\/\"},\"wordCount\":448,\"publisher\":{\"@id\":\"https:\/\/apuntesdesanluis.com\/#\/schema\/person\/b55151d52296fcce64d1a72538a70b90\"},\"image\":{\"@id\":\"https:\/\/apuntesdesanluis.com\/index.php\/2025\/02\/10\/ficha-limpia-oficialismo-y-el-pro-buscan-asegurar-el-quorum-de-cara-al-miercoles-de-sesion-en-diputados\/#primaryimage\"},\"thumbnailUrl\":\"https:\/\/apuntesdesanluis.com\/wp-content\/uploads\/2025\/02\/diputados-de-la-nacion.png\",\"articleSection\":[\"Nacionales\/Internacionales\"],\"inLanguage\":\"es-AR\"},{\"@type\":\"WebPage\",\"@id\":\"https:\/\/apuntesdesanluis.com\/index.php\/2025\/02\/10\/ficha-limpia-oficialismo-y-el-pro-buscan-asegurar-el-quorum-de-cara-al-miercoles-de-sesion-en-diputados\/\",\"url\":\"https:\/\/apuntesdesanluis.com\/index.php\/2025\/02\/10\/ficha-limpia-oficialismo-y-el-pro-buscan-asegurar-el-quorum-de-cara-al-miercoles-de-sesion-en-diputados\/\",\"name\":\"FICHA LIMPIA: OFICIALISMO Y EL PRO BUSCAN ASEGURAR EL QU\u00d3RUM DE CARA AL MI\u00c9RCOLES DE SESI\u00d3N EN DIPUTADOS - Apuntes de San Luis\",\"isPartOf\":{\"@id\":\"https:\/\/apuntesdesanluis.com\/#website\"},\"primaryImageOfPage\":{\"@id\":\"https:\/\/apuntesdesanluis.com\/index.php\/2025\/02\/10\/ficha-limpia-oficialismo-y-el-pro-buscan-asegurar-el-quorum-de-cara-al-miercoles-de-sesion-en-diputados\/#primaryimage\"},\"image\":{\"@id\":\"https:\/\/apuntesdesanluis.com\/index.php\/2025\/02\/10\/ficha-limpia-oficialismo-y-el-pro-buscan-asegurar-el-quorum-de-cara-al-miercoles-de-sesion-en-diputados\/#primaryimage\"},\"thumbnailUrl\":\"https:\/\/apuntesdesanluis.com\/wp-content\/uploads\/2025\/02\/diputados-de-la-nacion.png\",\"datePublished\":\"2025-02-11T00:14:19+00:00\",\"breadcrumb\":{\"@id\":\"https:\/\/apuntesdesanluis.com\/index.php\/2025\/02\/10\/ficha-limpia-oficialismo-y-el-pro-buscan-asegurar-el-quorum-de-cara-al-miercoles-de-sesion-en-diputados\/#breadcrumb\"},\"inLanguage\":\"es-AR\",\"potentialAction\":[{\"@type\":\"ReadAction\",\"target\":[\"https:\/\/apuntesdesanluis.com\/index.php\/2025\/02\/10\/ficha-limpia-oficialismo-y-el-pro-buscan-asegurar-el-quorum-de-cara-al-miercoles-de-sesion-en-diputados\/\"]}]},{\"@type\":\"ImageObject\",\"inLanguage\":\"es-AR\",\"@id\":\"https:\/\/apuntesdesanluis.com\/index.php\/2025\/02\/10\/ficha-limpia-oficialismo-y-el-pro-buscan-asegurar-el-quorum-de-cara-al-miercoles-de-sesion-en-diputados\/#primaryimage\",\"url\":\"https:\/\/apuntesdesanluis.com\/wp-content\/uploads\/2025\/02\/diputados-de-la-nacion.png\",\"contentUrl\":\"https:\/\/apuntesdesanluis.com\/wp-content\/uploads\/2025\/02\/diputados-de-la-nacion.png\",\"width\":801,\"height\":497},{\"@type\":\"BreadcrumbList\",\"@id\":\"https:\/\/apuntesdesanluis.com\/index.php\/2025\/02\/10\/ficha-limpia-oficialismo-y-el-pro-buscan-asegurar-el-quorum-de-cara-al-miercoles-de-sesion-en-diputados\/#breadcrumb\",\"itemListElement\":[{\"@type\":\"ListItem\",\"position\":1,\"name\":\"Inicio\",\"item\":\"https:\/\/apuntesdesanluis.com\/\"},{\"@type\":\"ListItem\",\"position\":2,\"name\":\"FICHA LIMPIA: OFICIALISMO Y EL PRO BUSCAN ASEGURAR EL QU\u00d3RUM DE CARA AL MI\u00c9RCOLES DE SESI\u00d3N EN DIPUTADOS\"}]},{\"@type\":\"WebSite\",\"@id\":\"https:\/\/apuntesdesanluis.com\/#website\",\"url\":\"https:\/\/apuntesdesanluis.com\/\",\"name\":\"Apuntes de San Luis\",\"description\":\"\",\"publisher\":{\"@id\":\"https:\/\/apuntesdesanluis.com\/#\/schema\/person\/b55151d52296fcce64d1a72538a70b90\"},\"potentialAction\":[{\"@type\":\"SearchAction\",\"target\":{\"@type\":\"EntryPoint\",\"urlTemplate\":\"https:\/\/apuntesdesanluis.com\/?s={search_term_string}\"},\"query-input\":{\"@type\":\"PropertyValueSpecification\",\"valueRequired\":true,\"valueName\":\"search_term_string\"}}],\"inLanguage\":\"es-AR\"},{\"@type\":[\"Person\",\"Organization\"],\"@id\":\"https:\/\/apuntesdesanluis.com\/#\/schema\/person\/b55151d52296fcce64d1a72538a70b90\",\"name\":\"apuntesdesanluis.com\",\"image\":{\"@type\":\"ImageObject\",\"inLanguage\":\"es-AR\",\"@id\":\"https:\/\/apuntesdesanluis.com\/#\/schema\/person\/image\/\",\"url\":\"https:\/\/apuntesdesanluis.com\/wp-content\/uploads\/2023\/07\/cropped-apuntesdesanluis.png\",\"contentUrl\":\"https:\/\/apuntesdesanluis.com\/wp-content\/uploads\/2023\/07\/cropped-apuntesdesanluis.png\",\"width\":450,\"height\":112,\"caption\":\"apuntesdesanluis.com\"},\"logo\":{\"@id\":\"https:\/\/apuntesdesanluis.com\/#\/schema\/person\/image\/\"},\"sameAs\":[\"https:\/\/apuntesdesanluis.com\"],\"url\":\"https:\/\/apuntesdesanluis.com\/index.php\/author\/apuntesdesanluis-com\/\"}]}<\/script>\n<!-- \/ Yoast SEO plugin. -->","yoast_head_json":{"title":"FICHA LIMPIA: OFICIALISMO Y EL PRO BUSCAN ASEGURAR EL QU\u00d3RUM DE CARA AL MI\u00c9RCOLES DE SESI\u00d3N EN DIPUTADOS - Apuntes de San Luis","robots":{"index":"index","follow":"follow","max-snippet":"max-snippet:-1","max-image-preview":"max-image-preview:large","max-video-preview":"max-video-preview:-1"},"canonical":"https:\/\/apuntesdesanluis.com\/index.php\/2025\/02\/10\/ficha-limpia-oficialismo-y-el-pro-buscan-asegurar-el-quorum-de-cara-al-miercoles-de-sesion-en-diputados\/","og_locale":"es_ES","og_type":"article","og_title":"FICHA LIMPIA: OFICIALISMO Y EL PRO BUSCAN ASEGURAR EL QU\u00d3RUM DE CARA AL MI\u00c9RCOLES DE SESI\u00d3N EN DIPUTADOS - Apuntes de San Luis","og_description":"Despu\u00e9s de los dos intentos fallidos de diciembre pasado, cuando el oficialismo exhibi\u00f3 fugas internas...","og_url":"https:\/\/apuntesdesanluis.com\/index.php\/2025\/02\/10\/ficha-limpia-oficialismo-y-el-pro-buscan-asegurar-el-quorum-de-cara-al-miercoles-de-sesion-en-diputados\/","og_site_name":"Apuntes de San Luis","article_published_time":"2025-02-11T00:14:19+00:00","og_image":[{"width":801,"height":497,"url":"https:\/\/apuntesdesanluis.com\/wp-content\/uploads\/2025\/02\/diputados-de-la-nacion.png","type":"image\/png"}],"author":"apuntesdesanluis.com","twitter_card":"summary_large_image","twitter_misc":{"Escrito por":"apuntesdesanluis.com","Tiempo de lectura":"3 minutos"},"schema":{"@context":"https:\/\/schema.org","@graph":[{"@type":"Article","@id":"https:\/\/apuntesdesanluis.com\/index.php\/2025\/02\/10\/ficha-limpia-oficialismo-y-el-pro-buscan-asegurar-el-quorum-de-cara-al-miercoles-de-sesion-en-diputados\/#article","isPartOf":{"@id":"https:\/\/apuntesdesanluis.com\/index.php\/2025\/02\/10\/ficha-limpia-oficialismo-y-el-pro-buscan-asegurar-el-quorum-de-cara-al-miercoles-de-sesion-en-diputados\/"},"author":{"name":"apuntesdesanluis.com","@id":"https:\/\/apuntesdesanluis.com\/#\/schema\/person\/b55151d52296fcce64d1a72538a70b90"},"headline":"FICHA LIMPIA: OFICIALISMO Y EL PRO BUSCAN ASEGURAR EL QU\u00d3RUM DE CARA AL MI\u00c9RCOLES DE SESI\u00d3N EN DIPUTADOS","datePublished":"2025-02-11T00:14:19+00:00","mainEntityOfPage":{"@id":"https:\/\/apuntesdesanluis.com\/index.php\/2025\/02\/10\/ficha-limpia-oficialismo-y-el-pro-buscan-asegurar-el-quorum-de-cara-al-miercoles-de-sesion-en-diputados\/"},"wordCount":448,"publisher":{"@id":"https:\/\/apuntesdesanluis.com\/#\/schema\/person\/b55151d52296fcce64d1a72538a70b90"},"image":{"@id":"https:\/\/apuntesdesanluis.com\/index.php\/2025\/02\/10\/ficha-limpia-oficialismo-y-el-pro-buscan-asegurar-el-quorum-de-cara-al-miercoles-de-sesion-en-diputados\/#primaryimage"},"thumbnailUrl":"https:\/\/apuntesdesanluis.com\/wp-content\/uploads\/2025\/02\/diputados-de-la-nacion.png","articleSection":["Nacionales\/Internacionales"],"inLanguage":"es-AR"},{"@type":"WebPage","@id":"https:\/\/apuntesdesanluis.com\/index.php\/2025\/02\/10\/ficha-limpia-oficialismo-y-el-pro-buscan-asegurar-el-quorum-de-cara-al-miercoles-de-sesion-en-diputados\/","url":"https:\/\/apuntesdesanluis.com\/index.php\/2025\/02\/10\/ficha-limpia-oficialismo-y-el-pro-buscan-asegurar-el-quorum-de-cara-al-miercoles-de-sesion-en-diputados\/","name":"FICHA LIMPIA: OFICIALISMO Y EL PRO BUSCAN ASEGURAR EL QU\u00d3RUM DE CARA AL MI\u00c9RCOLES DE SESI\u00d3N EN DIPUTADOS - Apuntes de San Luis","isPartOf":{"@id":"https:\/\/apuntesdesanluis.com\/#website"},"primaryImageOfPage":{"@id":"https:\/\/apuntesdesanluis.com\/index.php\/2025\/02\/10\/ficha-limpia-oficialismo-y-el-pro-buscan-asegurar-el-quorum-de-cara-al-miercoles-de-sesion-en-diputados\/#primaryimage"},"image":{"@id":"https:\/\/apuntesdesanluis.com\/index.php\/2025\/02\/10\/ficha-limpia-oficialismo-y-el-pro-buscan-asegurar-el-quorum-de-cara-al-miercoles-de-sesion-en-diputados\/#primaryimage"},"thumbnailUrl":"https:\/\/apuntesdesanluis.com\/wp-content\/uploads\/2025\/02\/diputados-de-la-nacion.png","datePublished":"2025-02-11T00:14:19+00:00","breadcrumb":{"@id":"https:\/\/apuntesdesanluis.com\/index.php\/2025\/02\/10\/ficha-limpia-oficialismo-y-el-pro-buscan-asegurar-el-quorum-de-cara-al-miercoles-de-sesion-en-diputados\/#breadcrumb"},"inLanguage":"es-AR","potentialAction":[{"@type":"ReadAction","target":["https:\/\/apuntesdesanluis.com\/index.php\/2025\/02\/10\/ficha-limpia-oficialismo-y-el-pro-buscan-asegurar-el-quorum-de-cara-al-miercoles-de-sesion-en-diputados\/"]}]},{"@type":"ImageObject","inLanguage":"es-AR","@id":"https:\/\/apuntesdesanluis.com\/index.php\/2025\/02\/10\/ficha-limpia-oficialismo-y-el-pro-buscan-asegurar-el-quorum-de-cara-al-miercoles-de-sesion-en-diputados\/#primaryimage","url":"https:\/\/apuntesdesanluis.com\/wp-content\/uploads\/2025\/02\/diputados-de-la-nacion.png","contentUrl":"https:\/\/apuntesdesanluis.com\/wp-content\/uploads\/2025\/02\/diputados-de-la-nacion.png","width":801,"height":497},{"@type":"BreadcrumbList","@id":"https:\/\/apuntesdesanluis.com\/index.php\/2025\/02\/10\/ficha-limpia-oficialismo-y-el-pro-buscan-asegurar-el-quorum-de-cara-al-miercoles-de-sesion-en-diputados\/#breadcrumb","itemListElement":[{"@type":"ListItem","position":1,"name":"Inicio","item":"https:\/\/apuntesdesanluis.com\/"},{"@type":"ListItem","position":2,"name":"FICHA LIMPIA: OFICIALISMO Y EL PRO BUSCAN ASEGURAR EL QU\u00d3RUM DE CARA AL MI\u00c9RCOLES DE SESI\u00d3N EN DIPUTADOS"}]},{"@type":"WebSite","@id":"https:\/\/apuntesdesanluis.com\/#website","url":"https:\/\/apuntesdesanluis.com\/","name":"Apuntes de San Luis","description":"","publisher":{"@id":"https:\/\/apuntesdesanluis.com\/#\/schema\/person\/b55151d52296fcce64d1a72538a70b90"},"potentialAction":[{"@type":"SearchAction","target":{"@type":"EntryPoint","urlTemplate":"https:\/\/apuntesdesanluis.com\/?s={search_term_string}"},"query-input":{"@type":"PropertyValueSpecification","valueRequired":true,"valueName":"search_term_string"}}],"inLanguage":"es-AR"},{"@type":["Person","Organization"],"@id":"https:\/\/apuntesdesanluis.com\/#\/schema\/person\/b55151d52296fcce64d1a72538a70b90","name":"apuntesdesanluis.com","image":{"@type":"ImageObject","inLanguage":"es-AR","@id":"https:\/\/apuntesdesanluis.com\/#\/schema\/person\/image\/","url":"https:\/\/apuntesdesanluis.com\/wp-content\/uploads\/2023\/07\/cropped-apuntesdesanluis.png","contentUrl":"https:\/\/apuntesdesanluis.com\/wp-content\/uploads\/2023\/07\/cropped-apuntesdesanluis.png","width":450,"height":112,"caption":"apuntesdesanluis.com"},"logo":{"@id":"https:\/\/apuntesdesanluis.com\/#\/schema\/person\/image\/"},"sameAs":["https:\/\/apuntesdesanluis.com"],"url":"https:\/\/apuntesdesanluis.com\/index.php\/author\/apuntesdesanluis-com\/"}]}},"featured_image_urls":{"full":["https:\/\/apuntesdesanluis.com\/wp-content\/uploads\/2025\/02\/diputados-de-la-nacion.png",801,497,false],"thumbnail":["https:\/\/apuntesdesanluis.com\/wp-content\/uploads\/2025\/02\/diputados-de-la-nacion-150x150.png",150,150,true],"medium":["https:\/\/apuntesdesanluis.com\/wp-content\/uploads\/2025\/02\/diputados-de-la-nacion-300x186.png",300,186,true],"medium_large":["https:\/\/apuntesdesanluis.com\/wp-content\/uploads\/2025\/02\/diputados-de-la-nacion-768x477.png",640,398,true],"large":["https:\/\/apuntesdesanluis.com\/wp-content\/uploads\/2025\/02\/diputados-de-la-nacion.png",640,397,false],"1536x1536":["https:\/\/apuntesdesanluis.com\/wp-content\/uploads\/2025\/02\/diputados-de-la-nacion.png",801,497,false],"2048x2048":["https:\/\/apuntesdesanluis.com\/wp-content\/uploads\/2025\/02\/diputados-de-la-nacion.png",801,497,false],"newsever-slider-full":["https:\/\/apuntesdesanluis.com\/wp-content\/uploads\/2025\/02\/diputados-de-la-nacion.png",801,497,false],"newsever-featured":["https:\/\/apuntesdesanluis.com\/wp-content\/uploads\/2025\/02\/diputados-de-la-nacion.png",801,497,false],"newsever-medium":["https:\/\/apuntesdesanluis.com\/wp-content\/uploads\/2025\/02\/diputados-de-la-nacion-720x475.png",720,475,true]},"author_info":{"display_name":"apuntesdesanluis.com","author_link":"https:\/\/apuntesdesanluis.com\/index.php\/author\/apuntesdesanluis-com\/"},"category_info":"<a href=\"https:\/\/apuntesdesanluis.com\/index.php\/category\/nacionales-internacionales\/\" rel=\"category tag\">Nacionales\/Internacionales<\/a>","tag_info":"Nacionales\/Internacionales","comment_count":"0","_links":{"self":[{"href":"https:\/\/apuntesdesanluis.com\/index.php\/wp-json\/wp\/v2\/posts\/28948","targetHints":{"allow":["GET"]}}],"collection":[{"href":"https:\/\/apuntesdesanluis.com\/index.php\/wp-json\/wp\/v2\/posts"}],"about":[{"href":"https:\/\/apuntesdesanluis.com\/index.php\/wp-json\/wp\/v2\/types\/post"}],"author":[{"embeddable":true,"href":"https:\/\/apuntesdesanluis.com\/index.php\/wp-json\/wp\/v2\/users\/1"}],"replies":[{"embeddable":true,"href":"https:\/\/apuntesdesanluis.com\/index.php\/wp-json\/wp\/v2\/comments?post=28948"}],"version-history":[{"count":1,"href":"https:\/\/apuntesdesanluis.com\/index.php\/wp-json\/wp\/v2\/posts\/28948\/revisions"}],"predecessor-version":[{"id":28950,"href":"https:\/\/apuntesdesanluis.com\/index.php\/wp-json\/wp\/v2\/posts\/28948\/revisions\/28950"}],"wp:featuredmedia":[{"embeddable":true,"href":"https:\/\/apuntesdesanluis.com\/index.php\/wp-json\/wp\/v2\/media\/28949"}],"wp:attachment":[{"href":"https:\/\/apuntesdesanluis.com\/index.php\/wp-json\/wp\/v2\/media?parent=28948"}],"wp:term":[{"taxonomy":"category","embeddable":true,"href":"https:\/\/apuntesdesanluis.com\/index.php\/wp-json\/wp\/v2\/categories?post=28948"},{"taxonomy":"post_tag","embeddable":true,"href":"https:\/\/apuntesdesanluis.com\/index.php\/wp-json\/wp\/v2\/tags?post=28948"}],"curies":[{"name":"wp","href":"https:\/\/api.w.org\/{rel}","templated":true}]}}