{"id":28951,"date":"2025-02-10T21:21:58","date_gmt":"2025-02-11T00:21:58","guid":{"rendered":"https:\/\/apuntesdesanluis.com\/?p=28951"},"modified":"2025-02-10T21:21:58","modified_gmt":"2025-02-11T00:21:58","slug":"dia-de-furia-milei-echo-al-titular-de-la-anses-luego-de-que-anunciara-un-proyecto-para-cambiar-la-edad-jubilatoria","status":"publish","type":"post","link":"https:\/\/apuntesdesanluis.com\/index.php\/2025\/02\/10\/dia-de-furia-milei-echo-al-titular-de-la-anses-luego-de-que-anunciara-un-proyecto-para-cambiar-la-edad-jubilatoria\/","title":{"rendered":"D\u00cdA DE FURIA: MILEI ECH\u00d3 AL TITULAR DE LA ANSES LUEGO DE QUE ANUNCIARA UN PROYECTO PARA CAMBIAR LA EDAD JUBILATORIA"},"content":{"rendered":"<h3>El presidente <strong>Javier Milei<\/strong> ech\u00f3 al titular de la Anses, <strong>Mariano de los Heros<\/strong>. La decisi\u00f3n fue comunicada por el vocero presidencial, Manuel Adorni.<\/h3>\n<h3>Esta ma\u00f1ana, Milei hab\u00eda desautorizado a De Los Heros en una entrevista televisiva al asegurar que la reforma para modificar la edad jubilatoria que hab\u00eda anunciado el funcionario saliente no era un proyecto que estuviera en carpeta de la Casa Rosada. El funcionario hab\u00eda llegado al Gobierno a fines de febrero de 2024 en reemplazo de Osvaldo Giordano, a quien tambi\u00e9n el primer mandatario decidi\u00f3 desplazar cuando su esposa, la diputada por C\u00f3rdoba, Alejandra Torres, no vot\u00f3 a favor de la Ley Bases en el Congreso.<\/h3>\n<h3>\u201cLa reforma jubilatoria no es para este momento\u201d, asegur\u00f3 esta ma\u00f1ana el Presidente en Am\u00e9rica 24. As\u00ed, el jefe de Estado ech\u00f3 por tierra con la posibilidad de que el cambio en el sistema previsional se debata este a\u00f1o. De los Heros hab\u00eda se\u00f1alado que el Gobierno buscar\u00e1 impulsar una reforma previsional \u201cantes de fin de a\u00f1o\u201d. Pero Milei desech\u00f3 de plano esa posibilidad, en medio del a\u00f1o electoral.<\/h3>\n<h3>Al ser consultado por las declaraciones de De Los Heros, se\u00f1al\u00f3 que \u201ceso corre por cuenta del titular de ANSES. Eso no es lo que est\u00e1 en carpeta. Es decir, hasta que usted no arregle el problema laboral, no puede ir con el tema previsional\u201d. Y al ser indagado acerca de c\u00f3mo se puede solucionar un problema hist\u00f3rico como es la econom\u00eda en negro, que afecta al 40% de los argentinos, el Presidente respondi\u00f3: \u201cNosotros estamos llevando a cabo muchas medidas para flexibilizar el mercado laboral. Desde las que mandamos en la Ley de Bases, hasta cosas que est\u00e1n en el decreto 7023. Es decir, todos cambios que facilitan la contrataci\u00f3n de trabajo\u201d.<\/h3>\n<h3>Ante el vencimiento el pr\u00f3ximo 23 de marzo de la moratoria previsional, De los Heros hab\u00eda ratificado, en una entrevista con Todo Noticias, que \u201cel que no llega a los 30 a\u00f1os de aportes, no tiene derecho a la jubilaci\u00f3n\u201d y se refiri\u00f3 a la posibilidad de incluir en el proyecto de reforma la creaci\u00f3n de una Prestaci\u00f3n de Retiro Proporcional.<\/h3>\n<h3>Esa Prestaci\u00f3n Proporcional \u2013 que figuraba en el proyecto de Ley Bases pero que luego el Gobierno la retir\u00f3 porque se descontaba que no ser\u00eda aprobada por el Congreso- consiste en una jubilaci\u00f3n seg\u00fan los a\u00f1os aportados, con la garant\u00eda de un haber m\u00ednimo equivalente a la PUAM (Prestaci\u00f3n Universal al Adulto Mayor) del 80% del haber m\u00ednimo (en febrero ese m\u00ednimo es de $ 218.469).<\/h3>\n<h3>Un hecho llamativo fue que esta ma\u00f1ana, un alto representante del Ejecutivo en los pasillos de la Rosada hab\u00eda desechado la posibilidad de que De los Heros se alejara de su cargo luego de la reacci\u00f3n presidencial. El ahora ex titular de la ANSES ten\u00eda una buena reputaci\u00f3n dentro de las filas libertarias y fue quien a trav\u00e9s del organismo present\u00f3 una denuncia penal contra la ex presidenta Cristina Kirchner por la presunta comisi\u00f3n de los delitos de \u201cestafa, defraudaci\u00f3n a la administraci\u00f3n p\u00fablica y falsedad ideol\u00f3gica\u201d.<\/h3>\n<h3>El cuestionamiento se centr\u00f3 en la percepci\u00f3n de bonificaciones por \u201cZona Austral\u201d en dos beneficios previsionales de la ex presidenta, a pesar de que la residencia de Fern\u00e1ndez de Kirchner no se encontr\u00f3 en las \u00e1reas geogr\u00e1ficas que justifican dicho adicional.<\/h3>\n<h3><\/h3>\n<h3><\/h3>\n<p>&nbsp;<\/p>\n","protected":false},"excerpt":{"rendered":"<p>El presidente Javier Milei ech\u00f3 al titular de la Anses, Mariano de los Heros. La&#8230;<\/p>\n","protected":false},"author":1,"featured_media":28952,"comment_status":"closed","ping_status":"closed","sticky":false,"template":"","format":"standard","meta":{"footnotes":""},"categories":[5],"tags":[],"class_list":["post-28951","post","type-post","status-publish","format-standard","has-post-thumbnail","hentry","category-nacionales-internacionales"],"yoast_head":"<!-- This site is optimized with the Yoast SEO plugin v26.1.1 - https:\/\/yoast.com\/wordpress\/plugins\/seo\/ -->\n<title>D\u00cdA DE FURIA: MILEI ECH\u00d3 AL TITULAR DE LA ANSES LUEGO DE QUE ANUNCIARA UN PROYECTO PARA CAMBIAR LA EDAD JUBILATORIA - Apuntes de San Luis<\/title>\n<meta name=\"robots\" content=\"index, follow, max-snippet:-1, max-image-preview:large, max-video-preview:-1\" \/>\n<link rel=\"canonical\" href=\"https:\/\/apuntesdesanluis.com\/index.php\/2025\/02\/10\/dia-de-furia-milei-echo-al-titular-de-la-anses-luego-de-que-anunciara-un-proyecto-para-cambiar-la-edad-jubilatoria\/\" \/>\n<meta property=\"og:locale\" content=\"es_ES\" \/>\n<meta property=\"og:type\" content=\"article\" \/>\n<meta property=\"og:title\" content=\"D\u00cdA DE FURIA: MILEI ECH\u00d3 AL TITULAR DE LA ANSES LUEGO DE QUE ANUNCIARA UN PROYECTO PARA CAMBIAR LA EDAD JUBILATORIA - Apuntes de San Luis\" \/>\n<meta property=\"og:description\" content=\"El presidente Javier Milei ech\u00f3 al titular de la Anses, Mariano de los Heros. La...\" \/>\n<meta property=\"og:url\" content=\"https:\/\/apuntesdesanluis.com\/index.php\/2025\/02\/10\/dia-de-furia-milei-echo-al-titular-de-la-anses-luego-de-que-anunciara-un-proyecto-para-cambiar-la-edad-jubilatoria\/\" \/>\n<meta property=\"og:site_name\" content=\"Apuntes de San Luis\" \/>\n<meta property=\"article:published_time\" content=\"2025-02-11T00:21:58+00:00\" \/>\n<meta property=\"og:image\" content=\"https:\/\/apuntesdesanluis.com\/wp-content\/uploads\/2025\/02\/mariano-heros.png\" \/>\n\t<meta property=\"og:image:width\" content=\"800\" \/>\n\t<meta property=\"og:image:height\" content=\"563\" \/>\n\t<meta property=\"og:image:type\" content=\"image\/png\" \/>\n<meta name=\"author\" content=\"apuntesdesanluis.com\" \/>\n<meta name=\"twitter:card\" content=\"summary_large_image\" \/>\n<meta name=\"twitter:label1\" content=\"Escrito por\" \/>\n\t<meta name=\"twitter:data1\" content=\"apuntesdesanluis.com\" \/>\n\t<meta name=\"twitter:label2\" content=\"Tiempo de lectura\" \/>\n\t<meta name=\"twitter:data2\" content=\"3 minutos\" \/>\n<script type=\"application\/ld+json\" class=\"yoast-schema-graph\">{\"@context\":\"https:\/\/schema.org\",\"@graph\":[{\"@type\":\"Article\",\"@id\":\"https:\/\/apuntesdesanluis.com\/index.php\/2025\/02\/10\/dia-de-furia-milei-echo-al-titular-de-la-anses-luego-de-que-anunciara-un-proyecto-para-cambiar-la-edad-jubilatoria\/#article\",\"isPartOf\":{\"@id\":\"https:\/\/apuntesdesanluis.com\/index.php\/2025\/02\/10\/dia-de-furia-milei-echo-al-titular-de-la-anses-luego-de-que-anunciara-un-proyecto-para-cambiar-la-edad-jubilatoria\/\"},\"author\":{\"name\":\"apuntesdesanluis.com\",\"@id\":\"https:\/\/apuntesdesanluis.com\/#\/schema\/person\/b55151d52296fcce64d1a72538a70b90\"},\"headline\":\"D\u00cdA DE FURIA: MILEI ECH\u00d3 AL TITULAR DE LA ANSES LUEGO DE QUE ANUNCIARA UN PROYECTO PARA CAMBIAR LA EDAD JUBILATORIA\",\"datePublished\":\"2025-02-11T00:21:58+00:00\",\"mainEntityOfPage\":{\"@id\":\"https:\/\/apuntesdesanluis.com\/index.php\/2025\/02\/10\/dia-de-furia-milei-echo-al-titular-de-la-anses-luego-de-que-anunciara-un-proyecto-para-cambiar-la-edad-jubilatoria\/\"},\"wordCount\":610,\"publisher\":{\"@id\":\"https:\/\/apuntesdesanluis.com\/#\/schema\/person\/b55151d52296fcce64d1a72538a70b90\"},\"image\":{\"@id\":\"https:\/\/apuntesdesanluis.com\/index.php\/2025\/02\/10\/dia-de-furia-milei-echo-al-titular-de-la-anses-luego-de-que-anunciara-un-proyecto-para-cambiar-la-edad-jubilatoria\/#primaryimage\"},\"thumbnailUrl\":\"https:\/\/apuntesdesanluis.com\/wp-content\/uploads\/2025\/02\/mariano-heros.png\",\"articleSection\":[\"Nacionales\/Internacionales\"],\"inLanguage\":\"es-AR\"},{\"@type\":\"WebPage\",\"@id\":\"https:\/\/apuntesdesanluis.com\/index.php\/2025\/02\/10\/dia-de-furia-milei-echo-al-titular-de-la-anses-luego-de-que-anunciara-un-proyecto-para-cambiar-la-edad-jubilatoria\/\",\"url\":\"https:\/\/apuntesdesanluis.com\/index.php\/2025\/02\/10\/dia-de-furia-milei-echo-al-titular-de-la-anses-luego-de-que-anunciara-un-proyecto-para-cambiar-la-edad-jubilatoria\/\",\"name\":\"D\u00cdA DE FURIA: MILEI ECH\u00d3 AL TITULAR DE LA ANSES LUEGO DE QUE ANUNCIARA UN PROYECTO PARA CAMBIAR LA EDAD JUBILATORIA - Apuntes de San Luis\",\"isPartOf\":{\"@id\":\"https:\/\/apuntesdesanluis.com\/#website\"},\"primaryImageOfPage\":{\"@id\":\"https:\/\/apuntesdesanluis.com\/index.php\/2025\/02\/10\/dia-de-furia-milei-echo-al-titular-de-la-anses-luego-de-que-anunciara-un-proyecto-para-cambiar-la-edad-jubilatoria\/#primaryimage\"},\"image\":{\"@id\":\"https:\/\/apuntesdesanluis.com\/index.php\/2025\/02\/10\/dia-de-furia-milei-echo-al-titular-de-la-anses-luego-de-que-anunciara-un-proyecto-para-cambiar-la-edad-jubilatoria\/#primaryimage\"},\"thumbnailUrl\":\"https:\/\/apuntesdesanluis.com\/wp-content\/uploads\/2025\/02\/mariano-heros.png\",\"datePublished\":\"2025-02-11T00:21:58+00:00\",\"breadcrumb\":{\"@id\":\"https:\/\/apuntesdesanluis.com\/index.php\/2025\/02\/10\/dia-de-furia-milei-echo-al-titular-de-la-anses-luego-de-que-anunciara-un-proyecto-para-cambiar-la-edad-jubilatoria\/#breadcrumb\"},\"inLanguage\":\"es-AR\",\"potentialAction\":[{\"@type\":\"ReadAction\",\"target\":[\"https:\/\/apuntesdesanluis.com\/index.php\/2025\/02\/10\/dia-de-furia-milei-echo-al-titular-de-la-anses-luego-de-que-anunciara-un-proyecto-para-cambiar-la-edad-jubilatoria\/\"]}]},{\"@type\":\"ImageObject\",\"inLanguage\":\"es-AR\",\"@id\":\"https:\/\/apuntesdesanluis.com\/index.php\/2025\/02\/10\/dia-de-furia-milei-echo-al-titular-de-la-anses-luego-de-que-anunciara-un-proyecto-para-cambiar-la-edad-jubilatoria\/#primaryimage\",\"url\":\"https:\/\/apuntesdesanluis.com\/wp-content\/uploads\/2025\/02\/mariano-heros.png\",\"contentUrl\":\"https:\/\/apuntesdesanluis.com\/wp-content\/uploads\/2025\/02\/mariano-heros.png\",\"width\":800,\"height\":563},{\"@type\":\"BreadcrumbList\",\"@id\":\"https:\/\/apuntesdesanluis.com\/index.php\/2025\/02\/10\/dia-de-furia-milei-echo-al-titular-de-la-anses-luego-de-que-anunciara-un-proyecto-para-cambiar-la-edad-jubilatoria\/#breadcrumb\",\"itemListElement\":[{\"@type\":\"ListItem\",\"position\":1,\"name\":\"Inicio\",\"item\":\"https:\/\/apuntesdesanluis.com\/\"},{\"@type\":\"ListItem\",\"position\":2,\"name\":\"D\u00cdA DE FURIA: MILEI ECH\u00d3 AL TITULAR DE LA ANSES LUEGO DE QUE ANUNCIARA UN PROYECTO PARA CAMBIAR LA EDAD JUBILATORIA\"}]},{\"@type\":\"WebSite\",\"@id\":\"https:\/\/apuntesdesanluis.com\/#website\",\"url\":\"https:\/\/apuntesdesanluis.com\/\",\"name\":\"Apuntes de San Luis\",\"description\":\"\",\"publisher\":{\"@id\":\"https:\/\/apuntesdesanluis.com\/#\/schema\/person\/b55151d52296fcce64d1a72538a70b90\"},\"potentialAction\":[{\"@type\":\"SearchAction\",\"target\":{\"@type\":\"EntryPoint\",\"urlTemplate\":\"https:\/\/apuntesdesanluis.com\/?s={search_term_string}\"},\"query-input\":{\"@type\":\"PropertyValueSpecification\",\"valueRequired\":true,\"valueName\":\"search_term_string\"}}],\"inLanguage\":\"es-AR\"},{\"@type\":[\"Person\",\"Organization\"],\"@id\":\"https:\/\/apuntesdesanluis.com\/#\/schema\/person\/b55151d52296fcce64d1a72538a70b90\",\"name\":\"apuntesdesanluis.com\",\"image\":{\"@type\":\"ImageObject\",\"inLanguage\":\"es-AR\",\"@id\":\"https:\/\/apuntesdesanluis.com\/#\/schema\/person\/image\/\",\"url\":\"https:\/\/apuntesdesanluis.com\/wp-content\/uploads\/2023\/07\/cropped-apuntesdesanluis.png\",\"contentUrl\":\"https:\/\/apuntesdesanluis.com\/wp-content\/uploads\/2023\/07\/cropped-apuntesdesanluis.png\",\"width\":450,\"height\":112,\"caption\":\"apuntesdesanluis.com\"},\"logo\":{\"@id\":\"https:\/\/apuntesdesanluis.com\/#\/schema\/person\/image\/\"},\"sameAs\":[\"https:\/\/apuntesdesanluis.com\"],\"url\":\"https:\/\/apuntesdesanluis.com\/index.php\/author\/apuntesdesanluis-com\/\"}]}<\/script>\n<!-- \/ Yoast SEO plugin. -->","yoast_head_json":{"title":"D\u00cdA DE FURIA: MILEI ECH\u00d3 AL TITULAR DE LA ANSES LUEGO DE QUE ANUNCIARA UN PROYECTO PARA CAMBIAR LA EDAD JUBILATORIA - Apuntes de San Luis","robots":{"index":"index","follow":"follow","max-snippet":"max-snippet:-1","max-image-preview":"max-image-preview:large","max-video-preview":"max-video-preview:-1"},"canonical":"https:\/\/apuntesdesanluis.com\/index.php\/2025\/02\/10\/dia-de-furia-milei-echo-al-titular-de-la-anses-luego-de-que-anunciara-un-proyecto-para-cambiar-la-edad-jubilatoria\/","og_locale":"es_ES","og_type":"article","og_title":"D\u00cdA DE FURIA: MILEI ECH\u00d3 AL TITULAR DE LA ANSES LUEGO DE QUE ANUNCIARA UN PROYECTO PARA CAMBIAR LA EDAD JUBILATORIA - Apuntes de San Luis","og_description":"El presidente Javier Milei ech\u00f3 al titular de la Anses, Mariano de los Heros. La...","og_url":"https:\/\/apuntesdesanluis.com\/index.php\/2025\/02\/10\/dia-de-furia-milei-echo-al-titular-de-la-anses-luego-de-que-anunciara-un-proyecto-para-cambiar-la-edad-jubilatoria\/","og_site_name":"Apuntes de San Luis","article_published_time":"2025-02-11T00:21:58+00:00","og_image":[{"width":800,"height":563,"url":"https:\/\/apuntesdesanluis.com\/wp-content\/uploads\/2025\/02\/mariano-heros.png","type":"image\/png"}],"author":"apuntesdesanluis.com","twitter_card":"summary_large_image","twitter_misc":{"Escrito por":"apuntesdesanluis.com","Tiempo de lectura":"3 minutos"},"schema":{"@context":"https:\/\/schema.org","@graph":[{"@type":"Article","@id":"https:\/\/apuntesdesanluis.com\/index.php\/2025\/02\/10\/dia-de-furia-milei-echo-al-titular-de-la-anses-luego-de-que-anunciara-un-proyecto-para-cambiar-la-edad-jubilatoria\/#article","isPartOf":{"@id":"https:\/\/apuntesdesanluis.com\/index.php\/2025\/02\/10\/dia-de-furia-milei-echo-al-titular-de-la-anses-luego-de-que-anunciara-un-proyecto-para-cambiar-la-edad-jubilatoria\/"},"author":{"name":"apuntesdesanluis.com","@id":"https:\/\/apuntesdesanluis.com\/#\/schema\/person\/b55151d52296fcce64d1a72538a70b90"},"headline":"D\u00cdA DE FURIA: MILEI ECH\u00d3 AL TITULAR DE LA ANSES LUEGO DE QUE ANUNCIARA UN PROYECTO PARA CAMBIAR LA EDAD JUBILATORIA","datePublished":"2025-02-11T00:21:58+00:00","mainEntityOfPage":{"@id":"https:\/\/apuntesdesanluis.com\/index.php\/2025\/02\/10\/dia-de-furia-milei-echo-al-titular-de-la-anses-luego-de-que-anunciara-un-proyecto-para-cambiar-la-edad-jubilatoria\/"},"wordCount":610,"publisher":{"@id":"https:\/\/apuntesdesanluis.com\/#\/schema\/person\/b55151d52296fcce64d1a72538a70b90"},"image":{"@id":"https:\/\/apuntesdesanluis.com\/index.php\/2025\/02\/10\/dia-de-furia-milei-echo-al-titular-de-la-anses-luego-de-que-anunciara-un-proyecto-para-cambiar-la-edad-jubilatoria\/#primaryimage"},"thumbnailUrl":"https:\/\/apuntesdesanluis.com\/wp-content\/uploads\/2025\/02\/mariano-heros.png","articleSection":["Nacionales\/Internacionales"],"inLanguage":"es-AR"},{"@type":"WebPage","@id":"https:\/\/apuntesdesanluis.com\/index.php\/2025\/02\/10\/dia-de-furia-milei-echo-al-titular-de-la-anses-luego-de-que-anunciara-un-proyecto-para-cambiar-la-edad-jubilatoria\/","url":"https:\/\/apuntesdesanluis.com\/index.php\/2025\/02\/10\/dia-de-furia-milei-echo-al-titular-de-la-anses-luego-de-que-anunciara-un-proyecto-para-cambiar-la-edad-jubilatoria\/","name":"D\u00cdA DE FURIA: MILEI ECH\u00d3 AL TITULAR DE LA ANSES LUEGO DE QUE ANUNCIARA UN PROYECTO PARA CAMBIAR LA EDAD JUBILATORIA - Apuntes de San Luis","isPartOf":{"@id":"https:\/\/apuntesdesanluis.com\/#website"},"primaryImageOfPage":{"@id":"https:\/\/apuntesdesanluis.com\/index.php\/2025\/02\/10\/dia-de-furia-milei-echo-al-titular-de-la-anses-luego-de-que-anunciara-un-proyecto-para-cambiar-la-edad-jubilatoria\/#primaryimage"},"image":{"@id":"https:\/\/apuntesdesanluis.com\/index.php\/2025\/02\/10\/dia-de-furia-milei-echo-al-titular-de-la-anses-luego-de-que-anunciara-un-proyecto-para-cambiar-la-edad-jubilatoria\/#primaryimage"},"thumbnailUrl":"https:\/\/apuntesdesanluis.com\/wp-content\/uploads\/2025\/02\/mariano-heros.png","datePublished":"2025-02-11T00:21:58+00:00","breadcrumb":{"@id":"https:\/\/apuntesdesanluis.com\/index.php\/2025\/02\/10\/dia-de-furia-milei-echo-al-titular-de-la-anses-luego-de-que-anunciara-un-proyecto-para-cambiar-la-edad-jubilatoria\/#breadcrumb"},"inLanguage":"es-AR","potentialAction":[{"@type":"ReadAction","target":["https:\/\/apuntesdesanluis.com\/index.php\/2025\/02\/10\/dia-de-furia-milei-echo-al-titular-de-la-anses-luego-de-que-anunciara-un-proyecto-para-cambiar-la-edad-jubilatoria\/"]}]},{"@type":"ImageObject","inLanguage":"es-AR","@id":"https:\/\/apuntesdesanluis.com\/index.php\/2025\/02\/10\/dia-de-furia-milei-echo-al-titular-de-la-anses-luego-de-que-anunciara-un-proyecto-para-cambiar-la-edad-jubilatoria\/#primaryimage","url":"https:\/\/apuntesdesanluis.com\/wp-content\/uploads\/2025\/02\/mariano-heros.png","contentUrl":"https:\/\/apuntesdesanluis.com\/wp-content\/uploads\/2025\/02\/mariano-heros.png","width":800,"height":563},{"@type":"BreadcrumbList","@id":"https:\/\/apuntesdesanluis.com\/index.php\/2025\/02\/10\/dia-de-furia-milei-echo-al-titular-de-la-anses-luego-de-que-anunciara-un-proyecto-para-cambiar-la-edad-jubilatoria\/#breadcrumb","itemListElement":[{"@type":"ListItem","position":1,"name":"Inicio","item":"https:\/\/apuntesdesanluis.com\/"},{"@type":"ListItem","position":2,"name":"D\u00cdA DE FURIA: MILEI ECH\u00d3 AL TITULAR DE LA ANSES LUEGO DE QUE ANUNCIARA UN PROYECTO PARA CAMBIAR LA EDAD JUBILATORIA"}]},{"@type":"WebSite","@id":"https:\/\/apuntesdesanluis.com\/#website","url":"https:\/\/apuntesdesanluis.com\/","name":"Apuntes de San Luis","description":"","publisher":{"@id":"https:\/\/apuntesdesanluis.com\/#\/schema\/person\/b55151d52296fcce64d1a72538a70b90"},"potentialAction":[{"@type":"SearchAction","target":{"@type":"EntryPoint","urlTemplate":"https:\/\/apuntesdesanluis.com\/?s={search_term_string}"},"query-input":{"@type":"PropertyValueSpecification","valueRequired":true,"valueName":"search_term_string"}}],"inLanguage":"es-AR"},{"@type":["Person","Organization"],"@id":"https:\/\/apuntesdesanluis.com\/#\/schema\/person\/b55151d52296fcce64d1a72538a70b90","name":"apuntesdesanluis.com","image":{"@type":"ImageObject","inLanguage":"es-AR","@id":"https:\/\/apuntesdesanluis.com\/#\/schema\/person\/image\/","url":"https:\/\/apuntesdesanluis.com\/wp-content\/uploads\/2023\/07\/cropped-apuntesdesanluis.png","contentUrl":"https:\/\/apuntesdesanluis.com\/wp-content\/uploads\/2023\/07\/cropped-apuntesdesanluis.png","width":450,"height":112,"caption":"apuntesdesanluis.com"},"logo":{"@id":"https:\/\/apuntesdesanluis.com\/#\/schema\/person\/image\/"},"sameAs":["https:\/\/apuntesdesanluis.com"],"url":"https:\/\/apuntesdesanluis.com\/index.php\/author\/apuntesdesanluis-com\/"}]}},"featured_image_urls":{"full":["https:\/\/apuntesdesanluis.com\/wp-content\/uploads\/2025\/02\/mariano-heros.png",800,563,false],"thumbnail":["https:\/\/apuntesdesanluis.com\/wp-content\/uploads\/2025\/02\/mariano-heros-150x150.png",150,150,true],"medium":["https:\/\/apuntesdesanluis.com\/wp-content\/uploads\/2025\/02\/mariano-heros-300x211.png",300,211,true],"medium_large":["https:\/\/apuntesdesanluis.com\/wp-content\/uploads\/2025\/02\/mariano-heros-768x540.png",640,450,true],"large":["https:\/\/apuntesdesanluis.com\/wp-content\/uploads\/2025\/02\/mariano-heros.png",640,450,false],"1536x1536":["https:\/\/apuntesdesanluis.com\/wp-content\/uploads\/2025\/02\/mariano-heros.png",800,563,false],"2048x2048":["https:\/\/apuntesdesanluis.com\/wp-content\/uploads\/2025\/02\/mariano-heros.png",800,563,false],"newsever-slider-full":["https:\/\/apuntesdesanluis.com\/wp-content\/uploads\/2025\/02\/mariano-heros.png",800,563,false],"newsever-featured":["https:\/\/apuntesdesanluis.com\/wp-content\/uploads\/2025\/02\/mariano-heros.png",800,563,false],"newsever-medium":["https:\/\/apuntesdesanluis.com\/wp-content\/uploads\/2025\/02\/mariano-heros-720x475.png",720,475,true]},"author_info":{"display_name":"apuntesdesanluis.com","author_link":"https:\/\/apuntesdesanluis.com\/index.php\/author\/apuntesdesanluis-com\/"},"category_info":"<a href=\"https:\/\/apuntesdesanluis.com\/index.php\/category\/nacionales-internacionales\/\" rel=\"category tag\">Nacionales\/Internacionales<\/a>","tag_info":"Nacionales\/Internacionales","comment_count":"0","_links":{"self":[{"href":"https:\/\/apuntesdesanluis.com\/index.php\/wp-json\/wp\/v2\/posts\/28951","targetHints":{"allow":["GET"]}}],"collection":[{"href":"https:\/\/apuntesdesanluis.com\/index.php\/wp-json\/wp\/v2\/posts"}],"about":[{"href":"https:\/\/apuntesdesanluis.com\/index.php\/wp-json\/wp\/v2\/types\/post"}],"author":[{"embeddable":true,"href":"https:\/\/apuntesdesanluis.com\/index.php\/wp-json\/wp\/v2\/users\/1"}],"replies":[{"embeddable":true,"href":"https:\/\/apuntesdesanluis.com\/index.php\/wp-json\/wp\/v2\/comments?post=28951"}],"version-history":[{"count":1,"href":"https:\/\/apuntesdesanluis.com\/index.php\/wp-json\/wp\/v2\/posts\/28951\/revisions"}],"predecessor-version":[{"id":28953,"href":"https:\/\/apuntesdesanluis.com\/index.php\/wp-json\/wp\/v2\/posts\/28951\/revisions\/28953"}],"wp:featuredmedia":[{"embeddable":true,"href":"https:\/\/apuntesdesanluis.com\/index.php\/wp-json\/wp\/v2\/media\/28952"}],"wp:attachment":[{"href":"https:\/\/apuntesdesanluis.com\/index.php\/wp-json\/wp\/v2\/media?parent=28951"}],"wp:term":[{"taxonomy":"category","embeddable":true,"href":"https:\/\/apuntesdesanluis.com\/index.php\/wp-json\/wp\/v2\/categories?post=28951"},{"taxonomy":"post_tag","embeddable":true,"href":"https:\/\/apuntesdesanluis.com\/index.php\/wp-json\/wp\/v2\/tags?post=28951"}],"curies":[{"name":"wp","href":"https:\/\/api.w.org\/{rel}","templated":true}]}}