{"id":28954,"date":"2025-02-10T21:42:41","date_gmt":"2025-02-11T00:42:41","guid":{"rendered":"https:\/\/apuntesdesanluis.com\/?p=28954"},"modified":"2025-02-10T21:44:17","modified_gmt":"2025-02-11T00:44:17","slug":"milei-trato-de-impresentable-a-cavallo-y-echo-a-su-hija-de-la-oea","status":"publish","type":"post","link":"https:\/\/apuntesdesanluis.com\/index.php\/2025\/02\/10\/milei-trato-de-impresentable-a-cavallo-y-echo-a-su-hija-de-la-oea\/","title":{"rendered":"MILEI TRAT\u00d3 DE \u201cIMPRESENTABLE\u201d A CAVALLO Y ECH\u00d3 A SU HIJA DE LA OEA"},"content":{"rendered":"<h3>Enojado por las cr\u00edticas del ex ministro al atraso cambiario, el Presidente le pidi\u00f3 la renuncia a su hija Sonia.<\/h3>\n<h3><strong>Javier Milei<\/strong> consideraba a <strong>Domingo Cavallo<\/strong> como \u201cel mejor ministro de Econom\u00eda de la historia\u201d, pero ahora no soporta sus cr\u00edticas al programa econ\u00f3mico libertario y este lunes lo trat\u00f3 de impresentable y ech\u00f3 a su hija <strong>Sonia<\/strong> como <strong>embajadora ante la OEA<\/strong>.<\/h3>\n<h3>El presidente fue a una entrevista en A24 y le consultaron sobre el atraso cambiario, el gran tema que desvela a la mayor parte de los economistas pero que Milei est\u00e1 empecinado en negar como mostr\u00f3 en la columna que public\u00f3 el fin de semana en La Naci\u00f3n.<\/h3>\n<h3>Aunque la cr\u00edtica es generalizada, Milei est\u00e1 particularmente molesto con Cavallo y le dedica todas las respuestas. El presidente lo trat\u00f3 de &#8220;impresentable&#8221; y record\u00f3 que cuando era ministro &#8220;insultaba a todo el mundo cuando hablaban de devaluaci\u00f3n, defend\u00eda el tipo de cambio de la convertibilidad&#8221;.<\/h3>\n<h3>&#8220;Este programa es much\u00edsimo m\u00e1s exitoso que la convertibilidad porque no tuvimos que tener una hiperinflaci\u00f3n previa para hacerlo, porque nosotros la evitamos no la dejamos correr y reventar a la gente para mostrar un programa exitoso&#8221;, continu\u00f3 Milei.<\/h3>\n<h3>&#8220;Recompusimos las tarifas durante todo el proceso. Y tampoco hicimos expropiaciones, no hicimos un plan Bonex&#8221;, le enrostr\u00f3 a Cavallo, aunque en una cr\u00edtica generalizada al programa econ\u00f3mico de Carlos Menem, quien se supone es el referente pol\u00edtico de Milei que le puso un busto en la Rosada.<\/h3>\n<h3>Pero adem\u00e1s de las cr\u00edticas, Milei busc\u00f3 golpear personalmente a Cavallo y le pidi\u00f3 la renuncia a su hija Sonia como embajadora de la Argentina ante la Organizaci\u00f3n de los Estados Americanos (OEA).<\/h3>\n<h3>Fuentes diplom\u00e1ticas consultadas por LPO dieron como versi\u00f3n que en realidad Sonia Cavallo habr\u00eda presentado la renuncia, inc\u00f3moda por los ataques de Milei a su padre. Seg\u00fan esta versi\u00f3n, Cavallo la ven\u00eda frenando para que no renuncie.<\/h3>\n<h3>El portavoz Manuel Adorni busc\u00f3 remarcar que fue una decisi\u00f3n de Milei, en otra muestra del intento por instalar la l\u00ednea estalinista de que echar\u00e1n a todos los que se corran un mil\u00edmetro de la l\u00ednea oficial.<\/h3>\n<h3>En ese sentido, Milei se refiri\u00f3 al caso de Ramiro Marra y dijo que Karina &#8220;tiene una guillotina&#8221; que usa contra los que hacen &#8220;algo en contra de los par\u00e1metros que nosotros defendemos&#8221;. Adem\u00e1s de la idea de una guillotina para cortar cabezas, Milei dijo que a Marra &#8220;lo ejecutaron&#8221;.<\/h3>\n<h3><\/h3>\n<p>&nbsp;<\/p>\n<p>&nbsp;<\/p>\n<p>&nbsp;<\/p>\n<h3><\/h3>\n<h3><\/h3>\n","protected":false},"excerpt":{"rendered":"<p>Enojado por las cr\u00edticas del ex ministro al atraso cambiario, el Presidente le pidi\u00f3 la&#8230;<\/p>\n","protected":false},"author":1,"featured_media":28956,"comment_status":"closed","ping_status":"closed","sticky":false,"template":"","format":"standard","meta":{"footnotes":""},"categories":[5],"tags":[],"class_list":["post-28954","post","type-post","status-publish","format-standard","has-post-thumbnail","hentry","category-nacionales-internacionales"],"yoast_head":"<!-- This site is optimized with the Yoast SEO plugin v26.1.1 - https:\/\/yoast.com\/wordpress\/plugins\/seo\/ -->\n<title>MILEI TRAT\u00d3 DE \u201cIMPRESENTABLE\u201d A CAVALLO Y ECH\u00d3 A SU HIJA DE LA OEA - Apuntes de San Luis<\/title>\n<meta name=\"robots\" content=\"index, follow, max-snippet:-1, max-image-preview:large, max-video-preview:-1\" \/>\n<link rel=\"canonical\" href=\"https:\/\/apuntesdesanluis.com\/index.php\/2025\/02\/10\/milei-trato-de-impresentable-a-cavallo-y-echo-a-su-hija-de-la-oea\/\" \/>\n<meta property=\"og:locale\" content=\"es_ES\" \/>\n<meta property=\"og:type\" content=\"article\" \/>\n<meta property=\"og:title\" content=\"MILEI TRAT\u00d3 DE \u201cIMPRESENTABLE\u201d A CAVALLO Y ECH\u00d3 A SU HIJA DE LA OEA - Apuntes de San Luis\" \/>\n<meta property=\"og:description\" content=\"Enojado por las cr\u00edticas del ex ministro al atraso cambiario, el Presidente le pidi\u00f3 la...\" \/>\n<meta property=\"og:url\" content=\"https:\/\/apuntesdesanluis.com\/index.php\/2025\/02\/10\/milei-trato-de-impresentable-a-cavallo-y-echo-a-su-hija-de-la-oea\/\" \/>\n<meta property=\"og:site_name\" content=\"Apuntes de San Luis\" \/>\n<meta property=\"article:published_time\" content=\"2025-02-11T00:42:41+00:00\" \/>\n<meta property=\"article:modified_time\" content=\"2025-02-11T00:44:17+00:00\" \/>\n<meta property=\"og:image\" content=\"https:\/\/apuntesdesanluis.com\/wp-content\/uploads\/2025\/02\/soni-cavallo.png\" \/>\n\t<meta property=\"og:image:width\" content=\"811\" \/>\n\t<meta property=\"og:image:height\" content=\"457\" \/>\n\t<meta property=\"og:image:type\" content=\"image\/png\" \/>\n<meta name=\"author\" content=\"apuntesdesanluis.com\" \/>\n<meta name=\"twitter:card\" content=\"summary_large_image\" \/>\n<meta name=\"twitter:label1\" content=\"Escrito por\" \/>\n\t<meta name=\"twitter:data1\" content=\"apuntesdesanluis.com\" \/>\n\t<meta name=\"twitter:label2\" content=\"Tiempo de lectura\" \/>\n\t<meta name=\"twitter:data2\" content=\"3 minutos\" \/>\n<script type=\"application\/ld+json\" class=\"yoast-schema-graph\">{\"@context\":\"https:\/\/schema.org\",\"@graph\":[{\"@type\":\"Article\",\"@id\":\"https:\/\/apuntesdesanluis.com\/index.php\/2025\/02\/10\/milei-trato-de-impresentable-a-cavallo-y-echo-a-su-hija-de-la-oea\/#article\",\"isPartOf\":{\"@id\":\"https:\/\/apuntesdesanluis.com\/index.php\/2025\/02\/10\/milei-trato-de-impresentable-a-cavallo-y-echo-a-su-hija-de-la-oea\/\"},\"author\":{\"name\":\"apuntesdesanluis.com\",\"@id\":\"https:\/\/apuntesdesanluis.com\/#\/schema\/person\/b55151d52296fcce64d1a72538a70b90\"},\"headline\":\"MILEI TRAT\u00d3 DE \u201cIMPRESENTABLE\u201d A CAVALLO Y ECH\u00d3 A SU HIJA DE LA OEA\",\"datePublished\":\"2025-02-11T00:42:41+00:00\",\"dateModified\":\"2025-02-11T00:44:17+00:00\",\"mainEntityOfPage\":{\"@id\":\"https:\/\/apuntesdesanluis.com\/index.php\/2025\/02\/10\/milei-trato-de-impresentable-a-cavallo-y-echo-a-su-hija-de-la-oea\/\"},\"wordCount\":449,\"publisher\":{\"@id\":\"https:\/\/apuntesdesanluis.com\/#\/schema\/person\/b55151d52296fcce64d1a72538a70b90\"},\"image\":{\"@id\":\"https:\/\/apuntesdesanluis.com\/index.php\/2025\/02\/10\/milei-trato-de-impresentable-a-cavallo-y-echo-a-su-hija-de-la-oea\/#primaryimage\"},\"thumbnailUrl\":\"https:\/\/apuntesdesanluis.com\/wp-content\/uploads\/2025\/02\/soni-cavallo.png\",\"articleSection\":[\"Nacionales\/Internacionales\"],\"inLanguage\":\"es-AR\"},{\"@type\":\"WebPage\",\"@id\":\"https:\/\/apuntesdesanluis.com\/index.php\/2025\/02\/10\/milei-trato-de-impresentable-a-cavallo-y-echo-a-su-hija-de-la-oea\/\",\"url\":\"https:\/\/apuntesdesanluis.com\/index.php\/2025\/02\/10\/milei-trato-de-impresentable-a-cavallo-y-echo-a-su-hija-de-la-oea\/\",\"name\":\"MILEI TRAT\u00d3 DE \u201cIMPRESENTABLE\u201d A CAVALLO Y ECH\u00d3 A SU HIJA DE LA OEA - Apuntes de San Luis\",\"isPartOf\":{\"@id\":\"https:\/\/apuntesdesanluis.com\/#website\"},\"primaryImageOfPage\":{\"@id\":\"https:\/\/apuntesdesanluis.com\/index.php\/2025\/02\/10\/milei-trato-de-impresentable-a-cavallo-y-echo-a-su-hija-de-la-oea\/#primaryimage\"},\"image\":{\"@id\":\"https:\/\/apuntesdesanluis.com\/index.php\/2025\/02\/10\/milei-trato-de-impresentable-a-cavallo-y-echo-a-su-hija-de-la-oea\/#primaryimage\"},\"thumbnailUrl\":\"https:\/\/apuntesdesanluis.com\/wp-content\/uploads\/2025\/02\/soni-cavallo.png\",\"datePublished\":\"2025-02-11T00:42:41+00:00\",\"dateModified\":\"2025-02-11T00:44:17+00:00\",\"breadcrumb\":{\"@id\":\"https:\/\/apuntesdesanluis.com\/index.php\/2025\/02\/10\/milei-trato-de-impresentable-a-cavallo-y-echo-a-su-hija-de-la-oea\/#breadcrumb\"},\"inLanguage\":\"es-AR\",\"potentialAction\":[{\"@type\":\"ReadAction\",\"target\":[\"https:\/\/apuntesdesanluis.com\/index.php\/2025\/02\/10\/milei-trato-de-impresentable-a-cavallo-y-echo-a-su-hija-de-la-oea\/\"]}]},{\"@type\":\"ImageObject\",\"inLanguage\":\"es-AR\",\"@id\":\"https:\/\/apuntesdesanluis.com\/index.php\/2025\/02\/10\/milei-trato-de-impresentable-a-cavallo-y-echo-a-su-hija-de-la-oea\/#primaryimage\",\"url\":\"https:\/\/apuntesdesanluis.com\/wp-content\/uploads\/2025\/02\/soni-cavallo.png\",\"contentUrl\":\"https:\/\/apuntesdesanluis.com\/wp-content\/uploads\/2025\/02\/soni-cavallo.png\",\"width\":811,\"height\":457},{\"@type\":\"BreadcrumbList\",\"@id\":\"https:\/\/apuntesdesanluis.com\/index.php\/2025\/02\/10\/milei-trato-de-impresentable-a-cavallo-y-echo-a-su-hija-de-la-oea\/#breadcrumb\",\"itemListElement\":[{\"@type\":\"ListItem\",\"position\":1,\"name\":\"Inicio\",\"item\":\"https:\/\/apuntesdesanluis.com\/\"},{\"@type\":\"ListItem\",\"position\":2,\"name\":\"MILEI TRAT\u00d3 DE \u201cIMPRESENTABLE\u201d A CAVALLO Y ECH\u00d3 A SU HIJA DE LA OEA\"}]},{\"@type\":\"WebSite\",\"@id\":\"https:\/\/apuntesdesanluis.com\/#website\",\"url\":\"https:\/\/apuntesdesanluis.com\/\",\"name\":\"Apuntes de San Luis\",\"description\":\"\",\"publisher\":{\"@id\":\"https:\/\/apuntesdesanluis.com\/#\/schema\/person\/b55151d52296fcce64d1a72538a70b90\"},\"potentialAction\":[{\"@type\":\"SearchAction\",\"target\":{\"@type\":\"EntryPoint\",\"urlTemplate\":\"https:\/\/apuntesdesanluis.com\/?s={search_term_string}\"},\"query-input\":{\"@type\":\"PropertyValueSpecification\",\"valueRequired\":true,\"valueName\":\"search_term_string\"}}],\"inLanguage\":\"es-AR\"},{\"@type\":[\"Person\",\"Organization\"],\"@id\":\"https:\/\/apuntesdesanluis.com\/#\/schema\/person\/b55151d52296fcce64d1a72538a70b90\",\"name\":\"apuntesdesanluis.com\",\"image\":{\"@type\":\"ImageObject\",\"inLanguage\":\"es-AR\",\"@id\":\"https:\/\/apuntesdesanluis.com\/#\/schema\/person\/image\/\",\"url\":\"https:\/\/apuntesdesanluis.com\/wp-content\/uploads\/2023\/07\/cropped-apuntesdesanluis.png\",\"contentUrl\":\"https:\/\/apuntesdesanluis.com\/wp-content\/uploads\/2023\/07\/cropped-apuntesdesanluis.png\",\"width\":450,\"height\":112,\"caption\":\"apuntesdesanluis.com\"},\"logo\":{\"@id\":\"https:\/\/apuntesdesanluis.com\/#\/schema\/person\/image\/\"},\"sameAs\":[\"https:\/\/apuntesdesanluis.com\"],\"url\":\"https:\/\/apuntesdesanluis.com\/index.php\/author\/apuntesdesanluis-com\/\"}]}<\/script>\n<!-- \/ Yoast SEO plugin. -->","yoast_head_json":{"title":"MILEI TRAT\u00d3 DE \u201cIMPRESENTABLE\u201d A CAVALLO Y ECH\u00d3 A SU HIJA DE LA OEA - Apuntes de San Luis","robots":{"index":"index","follow":"follow","max-snippet":"max-snippet:-1","max-image-preview":"max-image-preview:large","max-video-preview":"max-video-preview:-1"},"canonical":"https:\/\/apuntesdesanluis.com\/index.php\/2025\/02\/10\/milei-trato-de-impresentable-a-cavallo-y-echo-a-su-hija-de-la-oea\/","og_locale":"es_ES","og_type":"article","og_title":"MILEI TRAT\u00d3 DE \u201cIMPRESENTABLE\u201d A CAVALLO Y ECH\u00d3 A SU HIJA DE LA OEA - Apuntes de San Luis","og_description":"Enojado por las cr\u00edticas del ex ministro al atraso cambiario, el Presidente le pidi\u00f3 la...","og_url":"https:\/\/apuntesdesanluis.com\/index.php\/2025\/02\/10\/milei-trato-de-impresentable-a-cavallo-y-echo-a-su-hija-de-la-oea\/","og_site_name":"Apuntes de San Luis","article_published_time":"2025-02-11T00:42:41+00:00","article_modified_time":"2025-02-11T00:44:17+00:00","og_image":[{"width":811,"height":457,"url":"https:\/\/apuntesdesanluis.com\/wp-content\/uploads\/2025\/02\/soni-cavallo.png","type":"image\/png"}],"author":"apuntesdesanluis.com","twitter_card":"summary_large_image","twitter_misc":{"Escrito por":"apuntesdesanluis.com","Tiempo de lectura":"3 minutos"},"schema":{"@context":"https:\/\/schema.org","@graph":[{"@type":"Article","@id":"https:\/\/apuntesdesanluis.com\/index.php\/2025\/02\/10\/milei-trato-de-impresentable-a-cavallo-y-echo-a-su-hija-de-la-oea\/#article","isPartOf":{"@id":"https:\/\/apuntesdesanluis.com\/index.php\/2025\/02\/10\/milei-trato-de-impresentable-a-cavallo-y-echo-a-su-hija-de-la-oea\/"},"author":{"name":"apuntesdesanluis.com","@id":"https:\/\/apuntesdesanluis.com\/#\/schema\/person\/b55151d52296fcce64d1a72538a70b90"},"headline":"MILEI TRAT\u00d3 DE \u201cIMPRESENTABLE\u201d A CAVALLO Y ECH\u00d3 A SU HIJA DE LA OEA","datePublished":"2025-02-11T00:42:41+00:00","dateModified":"2025-02-11T00:44:17+00:00","mainEntityOfPage":{"@id":"https:\/\/apuntesdesanluis.com\/index.php\/2025\/02\/10\/milei-trato-de-impresentable-a-cavallo-y-echo-a-su-hija-de-la-oea\/"},"wordCount":449,"publisher":{"@id":"https:\/\/apuntesdesanluis.com\/#\/schema\/person\/b55151d52296fcce64d1a72538a70b90"},"image":{"@id":"https:\/\/apuntesdesanluis.com\/index.php\/2025\/02\/10\/milei-trato-de-impresentable-a-cavallo-y-echo-a-su-hija-de-la-oea\/#primaryimage"},"thumbnailUrl":"https:\/\/apuntesdesanluis.com\/wp-content\/uploads\/2025\/02\/soni-cavallo.png","articleSection":["Nacionales\/Internacionales"],"inLanguage":"es-AR"},{"@type":"WebPage","@id":"https:\/\/apuntesdesanluis.com\/index.php\/2025\/02\/10\/milei-trato-de-impresentable-a-cavallo-y-echo-a-su-hija-de-la-oea\/","url":"https:\/\/apuntesdesanluis.com\/index.php\/2025\/02\/10\/milei-trato-de-impresentable-a-cavallo-y-echo-a-su-hija-de-la-oea\/","name":"MILEI TRAT\u00d3 DE \u201cIMPRESENTABLE\u201d A CAVALLO Y ECH\u00d3 A SU HIJA DE LA OEA - Apuntes de San Luis","isPartOf":{"@id":"https:\/\/apuntesdesanluis.com\/#website"},"primaryImageOfPage":{"@id":"https:\/\/apuntesdesanluis.com\/index.php\/2025\/02\/10\/milei-trato-de-impresentable-a-cavallo-y-echo-a-su-hija-de-la-oea\/#primaryimage"},"image":{"@id":"https:\/\/apuntesdesanluis.com\/index.php\/2025\/02\/10\/milei-trato-de-impresentable-a-cavallo-y-echo-a-su-hija-de-la-oea\/#primaryimage"},"thumbnailUrl":"https:\/\/apuntesdesanluis.com\/wp-content\/uploads\/2025\/02\/soni-cavallo.png","datePublished":"2025-02-11T00:42:41+00:00","dateModified":"2025-02-11T00:44:17+00:00","breadcrumb":{"@id":"https:\/\/apuntesdesanluis.com\/index.php\/2025\/02\/10\/milei-trato-de-impresentable-a-cavallo-y-echo-a-su-hija-de-la-oea\/#breadcrumb"},"inLanguage":"es-AR","potentialAction":[{"@type":"ReadAction","target":["https:\/\/apuntesdesanluis.com\/index.php\/2025\/02\/10\/milei-trato-de-impresentable-a-cavallo-y-echo-a-su-hija-de-la-oea\/"]}]},{"@type":"ImageObject","inLanguage":"es-AR","@id":"https:\/\/apuntesdesanluis.com\/index.php\/2025\/02\/10\/milei-trato-de-impresentable-a-cavallo-y-echo-a-su-hija-de-la-oea\/#primaryimage","url":"https:\/\/apuntesdesanluis.com\/wp-content\/uploads\/2025\/02\/soni-cavallo.png","contentUrl":"https:\/\/apuntesdesanluis.com\/wp-content\/uploads\/2025\/02\/soni-cavallo.png","width":811,"height":457},{"@type":"BreadcrumbList","@id":"https:\/\/apuntesdesanluis.com\/index.php\/2025\/02\/10\/milei-trato-de-impresentable-a-cavallo-y-echo-a-su-hija-de-la-oea\/#breadcrumb","itemListElement":[{"@type":"ListItem","position":1,"name":"Inicio","item":"https:\/\/apuntesdesanluis.com\/"},{"@type":"ListItem","position":2,"name":"MILEI TRAT\u00d3 DE \u201cIMPRESENTABLE\u201d A CAVALLO Y ECH\u00d3 A SU HIJA DE LA OEA"}]},{"@type":"WebSite","@id":"https:\/\/apuntesdesanluis.com\/#website","url":"https:\/\/apuntesdesanluis.com\/","name":"Apuntes de San Luis","description":"","publisher":{"@id":"https:\/\/apuntesdesanluis.com\/#\/schema\/person\/b55151d52296fcce64d1a72538a70b90"},"potentialAction":[{"@type":"SearchAction","target":{"@type":"EntryPoint","urlTemplate":"https:\/\/apuntesdesanluis.com\/?s={search_term_string}"},"query-input":{"@type":"PropertyValueSpecification","valueRequired":true,"valueName":"search_term_string"}}],"inLanguage":"es-AR"},{"@type":["Person","Organization"],"@id":"https:\/\/apuntesdesanluis.com\/#\/schema\/person\/b55151d52296fcce64d1a72538a70b90","name":"apuntesdesanluis.com","image":{"@type":"ImageObject","inLanguage":"es-AR","@id":"https:\/\/apuntesdesanluis.com\/#\/schema\/person\/image\/","url":"https:\/\/apuntesdesanluis.com\/wp-content\/uploads\/2023\/07\/cropped-apuntesdesanluis.png","contentUrl":"https:\/\/apuntesdesanluis.com\/wp-content\/uploads\/2023\/07\/cropped-apuntesdesanluis.png","width":450,"height":112,"caption":"apuntesdesanluis.com"},"logo":{"@id":"https:\/\/apuntesdesanluis.com\/#\/schema\/person\/image\/"},"sameAs":["https:\/\/apuntesdesanluis.com"],"url":"https:\/\/apuntesdesanluis.com\/index.php\/author\/apuntesdesanluis-com\/"}]}},"featured_image_urls":{"full":["https:\/\/apuntesdesanluis.com\/wp-content\/uploads\/2025\/02\/soni-cavallo.png",811,457,false],"thumbnail":["https:\/\/apuntesdesanluis.com\/wp-content\/uploads\/2025\/02\/soni-cavallo-150x150.png",150,150,true],"medium":["https:\/\/apuntesdesanluis.com\/wp-content\/uploads\/2025\/02\/soni-cavallo-300x169.png",300,169,true],"medium_large":["https:\/\/apuntesdesanluis.com\/wp-content\/uploads\/2025\/02\/soni-cavallo-768x433.png",640,361,true],"large":["https:\/\/apuntesdesanluis.com\/wp-content\/uploads\/2025\/02\/soni-cavallo.png",640,361,false],"1536x1536":["https:\/\/apuntesdesanluis.com\/wp-content\/uploads\/2025\/02\/soni-cavallo.png",811,457,false],"2048x2048":["https:\/\/apuntesdesanluis.com\/wp-content\/uploads\/2025\/02\/soni-cavallo.png",811,457,false],"newsever-slider-full":["https:\/\/apuntesdesanluis.com\/wp-content\/uploads\/2025\/02\/soni-cavallo.png",811,457,false],"newsever-featured":["https:\/\/apuntesdesanluis.com\/wp-content\/uploads\/2025\/02\/soni-cavallo.png",811,457,false],"newsever-medium":["https:\/\/apuntesdesanluis.com\/wp-content\/uploads\/2025\/02\/soni-cavallo-720x457.png",720,457,true]},"author_info":{"display_name":"apuntesdesanluis.com","author_link":"https:\/\/apuntesdesanluis.com\/index.php\/author\/apuntesdesanluis-com\/"},"category_info":"<a href=\"https:\/\/apuntesdesanluis.com\/index.php\/category\/nacionales-internacionales\/\" rel=\"category tag\">Nacionales\/Internacionales<\/a>","tag_info":"Nacionales\/Internacionales","comment_count":"0","_links":{"self":[{"href":"https:\/\/apuntesdesanluis.com\/index.php\/wp-json\/wp\/v2\/posts\/28954","targetHints":{"allow":["GET"]}}],"collection":[{"href":"https:\/\/apuntesdesanluis.com\/index.php\/wp-json\/wp\/v2\/posts"}],"about":[{"href":"https:\/\/apuntesdesanluis.com\/index.php\/wp-json\/wp\/v2\/types\/post"}],"author":[{"embeddable":true,"href":"https:\/\/apuntesdesanluis.com\/index.php\/wp-json\/wp\/v2\/users\/1"}],"replies":[{"embeddable":true,"href":"https:\/\/apuntesdesanluis.com\/index.php\/wp-json\/wp\/v2\/comments?post=28954"}],"version-history":[{"count":4,"href":"https:\/\/apuntesdesanluis.com\/index.php\/wp-json\/wp\/v2\/posts\/28954\/revisions"}],"predecessor-version":[{"id":28959,"href":"https:\/\/apuntesdesanluis.com\/index.php\/wp-json\/wp\/v2\/posts\/28954\/revisions\/28959"}],"wp:featuredmedia":[{"embeddable":true,"href":"https:\/\/apuntesdesanluis.com\/index.php\/wp-json\/wp\/v2\/media\/28956"}],"wp:attachment":[{"href":"https:\/\/apuntesdesanluis.com\/index.php\/wp-json\/wp\/v2\/media?parent=28954"}],"wp:term":[{"taxonomy":"category","embeddable":true,"href":"https:\/\/apuntesdesanluis.com\/index.php\/wp-json\/wp\/v2\/categories?post=28954"},{"taxonomy":"post_tag","embeddable":true,"href":"https:\/\/apuntesdesanluis.com\/index.php\/wp-json\/wp\/v2\/tags?post=28954"}],"curies":[{"name":"wp","href":"https:\/\/api.w.org\/{rel}","templated":true}]}}