{"id":290,"date":"2023-07-24T14:10:28","date_gmt":"2023-07-24T17:10:28","guid":{"rendered":"https:\/\/apuntesdesanluis.com\/?p=290"},"modified":"2023-07-24T14:10:28","modified_gmt":"2023-07-24T17:10:28","slug":"massa-anuncio-que-las-economias-regionales-no-pagaran-retenciones-desde-el-1-de-septiembre","status":"publish","type":"post","link":"https:\/\/apuntesdesanluis.com\/index.php\/2023\/07\/24\/massa-anuncio-que-las-economias-regionales-no-pagaran-retenciones-desde-el-1-de-septiembre\/","title":{"rendered":"MASSA ANUNCI\u00d3 QUE \u00abLAS ECONOM\u00cdAS REGIONALES NO PAGAR\u00c1N RETENCIONES\u00bb DESDE EL 1 DE SEPTIEMBRE"},"content":{"rendered":"<h3><strong>Sergio Massa<\/strong> anunci\u00f3 medidas para enfrentar la deuda con el FMI y la sequ\u00eda en La Rural.\u00a0 La fundamentaci\u00f3n estuvo enfocada en el acuerdo t\u00e9cnico y el rol de las actividades productivas en el pa\u00eds.<\/h3>\n<h3>El ministro de Econom\u00eda y precandidato presidencial de Uni\u00f3n por la Patria, Sergio Massa, hizo hincapi\u00e9 en el impacto que tienen la deuda con el FMI y la hist\u00f3rica sequ\u00eda en la econom\u00eda argentina durante un discurso en la Exposici\u00f3n Rural de Palermo. Massa inst\u00f3 al sector agropecuario a comprender las \u00abmedidas transitorias\u00bb que el Gobierno debe implementar para enfrentar la situaci\u00f3n actual.<\/h3>\n<h3>El titular de la cartera de Econom\u00eda disert\u00f3 en el marco de la Jornada \u00abCompromiso con una nueva Argentina\u00bb, con la participaci\u00f3n de los principales precandidatos presidenciales en la Exposici\u00f3n Rural que se lleva a cabo en el barrio porte\u00f1o de Palermo.<\/h3>\n<h3>En su discurso, Massa se\u00f1al\u00f3 la importancia de considerar el contexto de sequ\u00eda, que afecta la acumulaci\u00f3n de reservas y la situaci\u00f3n externa del pa\u00eds. Asimismo, destac\u00f3 el peso que tiene la deuda con el FMI en la econom\u00eda argentina, y llam\u00f3 a la dirigencia pol\u00edtica a no utilizar \u00abconsignas f\u00e1ciles\u00bb y a ser realistas en las propuestas.<\/h3>\n<h3>Uno de los anuncios clave del ministro fue la eliminaci\u00f3n de retenciones para las econom\u00edas regionales a partir del 1\u00b0 de septiembre. Massa desminti\u00f3 a dirigentes de la oposici\u00f3n que hab\u00edan afirmado que se aplicaban retenciones a 200 econom\u00edas regionales y precis\u00f3 que hasta agosto quedan seis econom\u00edas que pagan retenciones, pero a partir de septiembre ninguna lo har\u00e1.<\/h3>\n<h3>Massa afirm\u00f3 que el sector agropecuario \u00abnunca\u00bb atraves\u00f3 con \u00e9l la \u00abdificultad de un enfrentamiento dogm\u00e1tico o por prejuicios\u00bb. Foto T\u00e9lam\/Pablo A\u00f1elli.<\/h3>\n<h3>El precandidato presidencial enfatiz\u00f3 en su creencia en el campo argentino como motor de crecimiento y reafirm\u00f3 su autonom\u00eda de pensamiento y decisi\u00f3n. Massa subray\u00f3 la importancia de que el Congreso apruebe la ley de Fomento al Desarrollo Agroindustrial, la cual considera fundamental para brindar competitividad al sector agropecuario y aliviar la carga tributaria.<\/h3>\n","protected":false},"excerpt":{"rendered":"<p>Sergio Massa anunci\u00f3 medidas para enfrentar la deuda con el FMI y la sequ\u00eda en&#8230;<\/p>\n","protected":false},"author":1,"featured_media":291,"comment_status":"closed","ping_status":"closed","sticky":false,"template":"","format":"standard","meta":{"footnotes":""},"categories":[5],"tags":[],"class_list":["post-290","post","type-post","status-publish","format-standard","has-post-thumbnail","hentry","category-nacionales-internacionales"],"yoast_head":"<!-- This site is optimized with the Yoast SEO plugin v26.1.1 - https:\/\/yoast.com\/wordpress\/plugins\/seo\/ -->\n<title>MASSA ANUNCI\u00d3 QUE \u00abLAS ECONOM\u00cdAS REGIONALES NO PAGAR\u00c1N RETENCIONES\u00bb DESDE EL 1 DE SEPTIEMBRE - Apuntes de San Luis<\/title>\n<meta name=\"robots\" content=\"index, follow, max-snippet:-1, max-image-preview:large, max-video-preview:-1\" \/>\n<link rel=\"canonical\" href=\"https:\/\/apuntesdesanluis.com\/index.php\/2023\/07\/24\/massa-anuncio-que-las-economias-regionales-no-pagaran-retenciones-desde-el-1-de-septiembre\/\" \/>\n<meta property=\"og:locale\" content=\"es_ES\" \/>\n<meta property=\"og:type\" content=\"article\" \/>\n<meta property=\"og:title\" content=\"MASSA ANUNCI\u00d3 QUE \u00abLAS ECONOM\u00cdAS REGIONALES NO PAGAR\u00c1N RETENCIONES\u00bb DESDE EL 1 DE SEPTIEMBRE - Apuntes de San Luis\" \/>\n<meta property=\"og:description\" content=\"Sergio Massa anunci\u00f3 medidas para enfrentar la deuda con el FMI y la sequ\u00eda en...\" \/>\n<meta property=\"og:url\" content=\"https:\/\/apuntesdesanluis.com\/index.php\/2023\/07\/24\/massa-anuncio-que-las-economias-regionales-no-pagaran-retenciones-desde-el-1-de-septiembre\/\" \/>\n<meta property=\"og:site_name\" content=\"Apuntes de San Luis\" \/>\n<meta property=\"article:published_time\" content=\"2023-07-24T17:10:28+00:00\" \/>\n<meta property=\"og:image\" content=\"https:\/\/apuntesdesanluis.com\/wp-content\/uploads\/2023\/07\/Massa.webp\" \/>\n\t<meta property=\"og:image:width\" content=\"1536\" \/>\n\t<meta property=\"og:image:height\" content=\"1024\" \/>\n\t<meta property=\"og:image:type\" content=\"image\/webp\" \/>\n<meta name=\"author\" content=\"apuntesdesanluis.com\" \/>\n<meta name=\"twitter:card\" content=\"summary_large_image\" \/>\n<meta name=\"twitter:label1\" content=\"Escrito por\" \/>\n\t<meta name=\"twitter:data1\" content=\"apuntesdesanluis.com\" \/>\n\t<meta name=\"twitter:label2\" content=\"Tiempo de lectura\" \/>\n\t<meta name=\"twitter:data2\" content=\"2 minutos\" \/>\n<script type=\"application\/ld+json\" class=\"yoast-schema-graph\">{\"@context\":\"https:\/\/schema.org\",\"@graph\":[{\"@type\":\"Article\",\"@id\":\"https:\/\/apuntesdesanluis.com\/index.php\/2023\/07\/24\/massa-anuncio-que-las-economias-regionales-no-pagaran-retenciones-desde-el-1-de-septiembre\/#article\",\"isPartOf\":{\"@id\":\"https:\/\/apuntesdesanluis.com\/index.php\/2023\/07\/24\/massa-anuncio-que-las-economias-regionales-no-pagaran-retenciones-desde-el-1-de-septiembre\/\"},\"author\":{\"name\":\"apuntesdesanluis.com\",\"@id\":\"https:\/\/apuntesdesanluis.com\/#\/schema\/person\/b55151d52296fcce64d1a72538a70b90\"},\"headline\":\"MASSA ANUNCI\u00d3 QUE \u00abLAS ECONOM\u00cdAS REGIONALES NO PAGAR\u00c1N RETENCIONES\u00bb DESDE EL 1 DE SEPTIEMBRE\",\"datePublished\":\"2023-07-24T17:10:28+00:00\",\"mainEntityOfPage\":{\"@id\":\"https:\/\/apuntesdesanluis.com\/index.php\/2023\/07\/24\/massa-anuncio-que-las-economias-regionales-no-pagaran-retenciones-desde-el-1-de-septiembre\/\"},\"wordCount\":381,\"publisher\":{\"@id\":\"https:\/\/apuntesdesanluis.com\/#\/schema\/person\/b55151d52296fcce64d1a72538a70b90\"},\"image\":{\"@id\":\"https:\/\/apuntesdesanluis.com\/index.php\/2023\/07\/24\/massa-anuncio-que-las-economias-regionales-no-pagaran-retenciones-desde-el-1-de-septiembre\/#primaryimage\"},\"thumbnailUrl\":\"https:\/\/apuntesdesanluis.com\/wp-content\/uploads\/2023\/07\/Massa.webp\",\"articleSection\":[\"Nacionales\/Internacionales\"],\"inLanguage\":\"es-AR\"},{\"@type\":\"WebPage\",\"@id\":\"https:\/\/apuntesdesanluis.com\/index.php\/2023\/07\/24\/massa-anuncio-que-las-economias-regionales-no-pagaran-retenciones-desde-el-1-de-septiembre\/\",\"url\":\"https:\/\/apuntesdesanluis.com\/index.php\/2023\/07\/24\/massa-anuncio-que-las-economias-regionales-no-pagaran-retenciones-desde-el-1-de-septiembre\/\",\"name\":\"MASSA ANUNCI\u00d3 QUE \u00abLAS ECONOM\u00cdAS REGIONALES NO PAGAR\u00c1N RETENCIONES\u00bb DESDE EL 1 DE SEPTIEMBRE - Apuntes de San Luis\",\"isPartOf\":{\"@id\":\"https:\/\/apuntesdesanluis.com\/#website\"},\"primaryImageOfPage\":{\"@id\":\"https:\/\/apuntesdesanluis.com\/index.php\/2023\/07\/24\/massa-anuncio-que-las-economias-regionales-no-pagaran-retenciones-desde-el-1-de-septiembre\/#primaryimage\"},\"image\":{\"@id\":\"https:\/\/apuntesdesanluis.com\/index.php\/2023\/07\/24\/massa-anuncio-que-las-economias-regionales-no-pagaran-retenciones-desde-el-1-de-septiembre\/#primaryimage\"},\"thumbnailUrl\":\"https:\/\/apuntesdesanluis.com\/wp-content\/uploads\/2023\/07\/Massa.webp\",\"datePublished\":\"2023-07-24T17:10:28+00:00\",\"breadcrumb\":{\"@id\":\"https:\/\/apuntesdesanluis.com\/index.php\/2023\/07\/24\/massa-anuncio-que-las-economias-regionales-no-pagaran-retenciones-desde-el-1-de-septiembre\/#breadcrumb\"},\"inLanguage\":\"es-AR\",\"potentialAction\":[{\"@type\":\"ReadAction\",\"target\":[\"https:\/\/apuntesdesanluis.com\/index.php\/2023\/07\/24\/massa-anuncio-que-las-economias-regionales-no-pagaran-retenciones-desde-el-1-de-septiembre\/\"]}]},{\"@type\":\"ImageObject\",\"inLanguage\":\"es-AR\",\"@id\":\"https:\/\/apuntesdesanluis.com\/index.php\/2023\/07\/24\/massa-anuncio-que-las-economias-regionales-no-pagaran-retenciones-desde-el-1-de-septiembre\/#primaryimage\",\"url\":\"https:\/\/apuntesdesanluis.com\/wp-content\/uploads\/2023\/07\/Massa.webp\",\"contentUrl\":\"https:\/\/apuntesdesanluis.com\/wp-content\/uploads\/2023\/07\/Massa.webp\",\"width\":1536,\"height\":1024},{\"@type\":\"BreadcrumbList\",\"@id\":\"https:\/\/apuntesdesanluis.com\/index.php\/2023\/07\/24\/massa-anuncio-que-las-economias-regionales-no-pagaran-retenciones-desde-el-1-de-septiembre\/#breadcrumb\",\"itemListElement\":[{\"@type\":\"ListItem\",\"position\":1,\"name\":\"Inicio\",\"item\":\"https:\/\/apuntesdesanluis.com\/\"},{\"@type\":\"ListItem\",\"position\":2,\"name\":\"MASSA ANUNCI\u00d3 QUE \u00abLAS ECONOM\u00cdAS REGIONALES NO PAGAR\u00c1N RETENCIONES\u00bb DESDE EL 1 DE SEPTIEMBRE\"}]},{\"@type\":\"WebSite\",\"@id\":\"https:\/\/apuntesdesanluis.com\/#website\",\"url\":\"https:\/\/apuntesdesanluis.com\/\",\"name\":\"Apuntes de San Luis\",\"description\":\"\",\"publisher\":{\"@id\":\"https:\/\/apuntesdesanluis.com\/#\/schema\/person\/b55151d52296fcce64d1a72538a70b90\"},\"potentialAction\":[{\"@type\":\"SearchAction\",\"target\":{\"@type\":\"EntryPoint\",\"urlTemplate\":\"https:\/\/apuntesdesanluis.com\/?s={search_term_string}\"},\"query-input\":{\"@type\":\"PropertyValueSpecification\",\"valueRequired\":true,\"valueName\":\"search_term_string\"}}],\"inLanguage\":\"es-AR\"},{\"@type\":[\"Person\",\"Organization\"],\"@id\":\"https:\/\/apuntesdesanluis.com\/#\/schema\/person\/b55151d52296fcce64d1a72538a70b90\",\"name\":\"apuntesdesanluis.com\",\"image\":{\"@type\":\"ImageObject\",\"inLanguage\":\"es-AR\",\"@id\":\"https:\/\/apuntesdesanluis.com\/#\/schema\/person\/image\/\",\"url\":\"https:\/\/apuntesdesanluis.com\/wp-content\/uploads\/2023\/07\/cropped-apuntesdesanluis.png\",\"contentUrl\":\"https:\/\/apuntesdesanluis.com\/wp-content\/uploads\/2023\/07\/cropped-apuntesdesanluis.png\",\"width\":450,\"height\":112,\"caption\":\"apuntesdesanluis.com\"},\"logo\":{\"@id\":\"https:\/\/apuntesdesanluis.com\/#\/schema\/person\/image\/\"},\"sameAs\":[\"https:\/\/apuntesdesanluis.com\"],\"url\":\"https:\/\/apuntesdesanluis.com\/index.php\/author\/apuntesdesanluis-com\/\"}]}<\/script>\n<!-- \/ Yoast SEO plugin. -->","yoast_head_json":{"title":"MASSA ANUNCI\u00d3 QUE \u00abLAS ECONOM\u00cdAS REGIONALES NO PAGAR\u00c1N RETENCIONES\u00bb DESDE EL 1 DE SEPTIEMBRE - Apuntes de San Luis","robots":{"index":"index","follow":"follow","max-snippet":"max-snippet:-1","max-image-preview":"max-image-preview:large","max-video-preview":"max-video-preview:-1"},"canonical":"https:\/\/apuntesdesanluis.com\/index.php\/2023\/07\/24\/massa-anuncio-que-las-economias-regionales-no-pagaran-retenciones-desde-el-1-de-septiembre\/","og_locale":"es_ES","og_type":"article","og_title":"MASSA ANUNCI\u00d3 QUE \u00abLAS ECONOM\u00cdAS REGIONALES NO PAGAR\u00c1N RETENCIONES\u00bb DESDE EL 1 DE SEPTIEMBRE - Apuntes de San Luis","og_description":"Sergio Massa anunci\u00f3 medidas para enfrentar la deuda con el FMI y la sequ\u00eda en...","og_url":"https:\/\/apuntesdesanluis.com\/index.php\/2023\/07\/24\/massa-anuncio-que-las-economias-regionales-no-pagaran-retenciones-desde-el-1-de-septiembre\/","og_site_name":"Apuntes de San Luis","article_published_time":"2023-07-24T17:10:28+00:00","og_image":[{"width":1536,"height":1024,"url":"https:\/\/apuntesdesanluis.com\/wp-content\/uploads\/2023\/07\/Massa.webp","type":"image\/webp"}],"author":"apuntesdesanluis.com","twitter_card":"summary_large_image","twitter_misc":{"Escrito por":"apuntesdesanluis.com","Tiempo de lectura":"2 minutos"},"schema":{"@context":"https:\/\/schema.org","@graph":[{"@type":"Article","@id":"https:\/\/apuntesdesanluis.com\/index.php\/2023\/07\/24\/massa-anuncio-que-las-economias-regionales-no-pagaran-retenciones-desde-el-1-de-septiembre\/#article","isPartOf":{"@id":"https:\/\/apuntesdesanluis.com\/index.php\/2023\/07\/24\/massa-anuncio-que-las-economias-regionales-no-pagaran-retenciones-desde-el-1-de-septiembre\/"},"author":{"name":"apuntesdesanluis.com","@id":"https:\/\/apuntesdesanluis.com\/#\/schema\/person\/b55151d52296fcce64d1a72538a70b90"},"headline":"MASSA ANUNCI\u00d3 QUE \u00abLAS ECONOM\u00cdAS REGIONALES NO PAGAR\u00c1N RETENCIONES\u00bb DESDE EL 1 DE SEPTIEMBRE","datePublished":"2023-07-24T17:10:28+00:00","mainEntityOfPage":{"@id":"https:\/\/apuntesdesanluis.com\/index.php\/2023\/07\/24\/massa-anuncio-que-las-economias-regionales-no-pagaran-retenciones-desde-el-1-de-septiembre\/"},"wordCount":381,"publisher":{"@id":"https:\/\/apuntesdesanluis.com\/#\/schema\/person\/b55151d52296fcce64d1a72538a70b90"},"image":{"@id":"https:\/\/apuntesdesanluis.com\/index.php\/2023\/07\/24\/massa-anuncio-que-las-economias-regionales-no-pagaran-retenciones-desde-el-1-de-septiembre\/#primaryimage"},"thumbnailUrl":"https:\/\/apuntesdesanluis.com\/wp-content\/uploads\/2023\/07\/Massa.webp","articleSection":["Nacionales\/Internacionales"],"inLanguage":"es-AR"},{"@type":"WebPage","@id":"https:\/\/apuntesdesanluis.com\/index.php\/2023\/07\/24\/massa-anuncio-que-las-economias-regionales-no-pagaran-retenciones-desde-el-1-de-septiembre\/","url":"https:\/\/apuntesdesanluis.com\/index.php\/2023\/07\/24\/massa-anuncio-que-las-economias-regionales-no-pagaran-retenciones-desde-el-1-de-septiembre\/","name":"MASSA ANUNCI\u00d3 QUE \u00abLAS ECONOM\u00cdAS REGIONALES NO PAGAR\u00c1N RETENCIONES\u00bb DESDE EL 1 DE SEPTIEMBRE - Apuntes de San Luis","isPartOf":{"@id":"https:\/\/apuntesdesanluis.com\/#website"},"primaryImageOfPage":{"@id":"https:\/\/apuntesdesanluis.com\/index.php\/2023\/07\/24\/massa-anuncio-que-las-economias-regionales-no-pagaran-retenciones-desde-el-1-de-septiembre\/#primaryimage"},"image":{"@id":"https:\/\/apuntesdesanluis.com\/index.php\/2023\/07\/24\/massa-anuncio-que-las-economias-regionales-no-pagaran-retenciones-desde-el-1-de-septiembre\/#primaryimage"},"thumbnailUrl":"https:\/\/apuntesdesanluis.com\/wp-content\/uploads\/2023\/07\/Massa.webp","datePublished":"2023-07-24T17:10:28+00:00","breadcrumb":{"@id":"https:\/\/apuntesdesanluis.com\/index.php\/2023\/07\/24\/massa-anuncio-que-las-economias-regionales-no-pagaran-retenciones-desde-el-1-de-septiembre\/#breadcrumb"},"inLanguage":"es-AR","potentialAction":[{"@type":"ReadAction","target":["https:\/\/apuntesdesanluis.com\/index.php\/2023\/07\/24\/massa-anuncio-que-las-economias-regionales-no-pagaran-retenciones-desde-el-1-de-septiembre\/"]}]},{"@type":"ImageObject","inLanguage":"es-AR","@id":"https:\/\/apuntesdesanluis.com\/index.php\/2023\/07\/24\/massa-anuncio-que-las-economias-regionales-no-pagaran-retenciones-desde-el-1-de-septiembre\/#primaryimage","url":"https:\/\/apuntesdesanluis.com\/wp-content\/uploads\/2023\/07\/Massa.webp","contentUrl":"https:\/\/apuntesdesanluis.com\/wp-content\/uploads\/2023\/07\/Massa.webp","width":1536,"height":1024},{"@type":"BreadcrumbList","@id":"https:\/\/apuntesdesanluis.com\/index.php\/2023\/07\/24\/massa-anuncio-que-las-economias-regionales-no-pagaran-retenciones-desde-el-1-de-septiembre\/#breadcrumb","itemListElement":[{"@type":"ListItem","position":1,"name":"Inicio","item":"https:\/\/apuntesdesanluis.com\/"},{"@type":"ListItem","position":2,"name":"MASSA ANUNCI\u00d3 QUE \u00abLAS ECONOM\u00cdAS REGIONALES NO PAGAR\u00c1N RETENCIONES\u00bb DESDE EL 1 DE SEPTIEMBRE"}]},{"@type":"WebSite","@id":"https:\/\/apuntesdesanluis.com\/#website","url":"https:\/\/apuntesdesanluis.com\/","name":"Apuntes de San Luis","description":"","publisher":{"@id":"https:\/\/apuntesdesanluis.com\/#\/schema\/person\/b55151d52296fcce64d1a72538a70b90"},"potentialAction":[{"@type":"SearchAction","target":{"@type":"EntryPoint","urlTemplate":"https:\/\/apuntesdesanluis.com\/?s={search_term_string}"},"query-input":{"@type":"PropertyValueSpecification","valueRequired":true,"valueName":"search_term_string"}}],"inLanguage":"es-AR"},{"@type":["Person","Organization"],"@id":"https:\/\/apuntesdesanluis.com\/#\/schema\/person\/b55151d52296fcce64d1a72538a70b90","name":"apuntesdesanluis.com","image":{"@type":"ImageObject","inLanguage":"es-AR","@id":"https:\/\/apuntesdesanluis.com\/#\/schema\/person\/image\/","url":"https:\/\/apuntesdesanluis.com\/wp-content\/uploads\/2023\/07\/cropped-apuntesdesanluis.png","contentUrl":"https:\/\/apuntesdesanluis.com\/wp-content\/uploads\/2023\/07\/cropped-apuntesdesanluis.png","width":450,"height":112,"caption":"apuntesdesanluis.com"},"logo":{"@id":"https:\/\/apuntesdesanluis.com\/#\/schema\/person\/image\/"},"sameAs":["https:\/\/apuntesdesanluis.com"],"url":"https:\/\/apuntesdesanluis.com\/index.php\/author\/apuntesdesanluis-com\/"}]}},"featured_image_urls":{"full":["https:\/\/apuntesdesanluis.com\/wp-content\/uploads\/2023\/07\/Massa.webp",1536,1024,false],"thumbnail":["https:\/\/apuntesdesanluis.com\/wp-content\/uploads\/2023\/07\/Massa-150x150.webp",150,150,true],"medium":["https:\/\/apuntesdesanluis.com\/wp-content\/uploads\/2023\/07\/Massa-300x200.webp",300,200,true],"medium_large":["https:\/\/apuntesdesanluis.com\/wp-content\/uploads\/2023\/07\/Massa-768x512.webp",640,427,true],"large":["https:\/\/apuntesdesanluis.com\/wp-content\/uploads\/2023\/07\/Massa-1024x683.webp",640,427,true],"1536x1536":["https:\/\/apuntesdesanluis.com\/wp-content\/uploads\/2023\/07\/Massa.webp",1536,1024,false],"2048x2048":["https:\/\/apuntesdesanluis.com\/wp-content\/uploads\/2023\/07\/Massa.webp",1536,1024,false],"newsever-slider-full":["https:\/\/apuntesdesanluis.com\/wp-content\/uploads\/2023\/07\/Massa-1280x845.webp",1280,845,true],"newsever-featured":["https:\/\/apuntesdesanluis.com\/wp-content\/uploads\/2023\/07\/Massa-1024x683.webp",1024,683,true],"newsever-medium":["https:\/\/apuntesdesanluis.com\/wp-content\/uploads\/2023\/07\/Massa-720x475.webp",720,475,true]},"author_info":{"display_name":"apuntesdesanluis.com","author_link":"https:\/\/apuntesdesanluis.com\/index.php\/author\/apuntesdesanluis-com\/"},"category_info":"<a href=\"https:\/\/apuntesdesanluis.com\/index.php\/category\/nacionales-internacionales\/\" rel=\"category tag\">Nacionales\/Internacionales<\/a>","tag_info":"Nacionales\/Internacionales","comment_count":"0","_links":{"self":[{"href":"https:\/\/apuntesdesanluis.com\/index.php\/wp-json\/wp\/v2\/posts\/290","targetHints":{"allow":["GET"]}}],"collection":[{"href":"https:\/\/apuntesdesanluis.com\/index.php\/wp-json\/wp\/v2\/posts"}],"about":[{"href":"https:\/\/apuntesdesanluis.com\/index.php\/wp-json\/wp\/v2\/types\/post"}],"author":[{"embeddable":true,"href":"https:\/\/apuntesdesanluis.com\/index.php\/wp-json\/wp\/v2\/users\/1"}],"replies":[{"embeddable":true,"href":"https:\/\/apuntesdesanluis.com\/index.php\/wp-json\/wp\/v2\/comments?post=290"}],"version-history":[{"count":1,"href":"https:\/\/apuntesdesanluis.com\/index.php\/wp-json\/wp\/v2\/posts\/290\/revisions"}],"predecessor-version":[{"id":292,"href":"https:\/\/apuntesdesanluis.com\/index.php\/wp-json\/wp\/v2\/posts\/290\/revisions\/292"}],"wp:featuredmedia":[{"embeddable":true,"href":"https:\/\/apuntesdesanluis.com\/index.php\/wp-json\/wp\/v2\/media\/291"}],"wp:attachment":[{"href":"https:\/\/apuntesdesanluis.com\/index.php\/wp-json\/wp\/v2\/media?parent=290"}],"wp:term":[{"taxonomy":"category","embeddable":true,"href":"https:\/\/apuntesdesanluis.com\/index.php\/wp-json\/wp\/v2\/categories?post=290"},{"taxonomy":"post_tag","embeddable":true,"href":"https:\/\/apuntesdesanluis.com\/index.php\/wp-json\/wp\/v2\/tags?post=290"}],"curies":[{"name":"wp","href":"https:\/\/api.w.org\/{rel}","templated":true}]}}