{"id":2901,"date":"2023-09-07T13:56:31","date_gmt":"2023-09-07T16:56:31","guid":{"rendered":"https:\/\/apuntesdesanluis.com\/?p=2901"},"modified":"2023-09-07T13:56:31","modified_gmt":"2023-09-07T16:56:31","slug":"se-registraron-mas-de-200-muertes-de-lobos-marinos-en-chubut-en-los-ultimos-17-dias","status":"publish","type":"post","link":"https:\/\/apuntesdesanluis.com\/index.php\/2023\/09\/07\/se-registraron-mas-de-200-muertes-de-lobos-marinos-en-chubut-en-los-ultimos-17-dias\/","title":{"rendered":"SE REGISTRARON M\u00c1S DE 200 MUERTES DE LOBOS MARINOS EN CHUBUT EN LOS \u00daLTIMOS 17 D\u00cdAS"},"content":{"rendered":"<h3>El director de fauna y flora de Chubut, Fernando Bersano, inform\u00f3 este jueves que &#8220;se contaron aproximadamente 210 ejemplares de lobos marinos muertos en distintos puntos de las costas de la provincia de Chubut en los \u00faltimos 17 d\u00edas&#8221;, aunque solo una parte de esos decesos pueden se adjudicados a la influenza aviar.<\/h3>\n<h3>&#8220;Los cuerpos sin vida fueron registrados en las \u00faltimas semanas en un proceso que es paulatino pero sostenido, de los cuales m\u00e1s de 30 dieron positivos al virus y otros presentan los s\u00edntomas&#8221;, explic\u00f3 el funcionario.<\/h3>\n<h3>Sin embrago, Bersano aclar\u00f3: &#8220;Hay otras muertes que tienen que ver con causas naturales y no con esta epidemia, sobre todo entre los ejemplares m\u00e1s peque\u00f1os, porque hay m\u00e1s cachorros en las colonias que es la franja m\u00e1s vulnerable&#8221;.<\/h3>\n<h3>Lo complejo del llamado &#8220;circuito silvestre&#8221; es que es imposible controlar y prevenir, hay que dejar que la enfermedad evolucione y sea la especie la que se adapte generando sus propios anticuerpos.<\/h3>\n<h3>Chubut cuenta con una l\u00ednea de costa mar\u00edtima estimada en unos 1.200 kil\u00f3metros, en muchos tramos con caletas, bah\u00edas y ca\u00f1adones de dif\u00edcil acceso, por lo que no puede precisarse con exactitud el impacto en las colonias esparcidas a lo largo del extenso frente costero que no est\u00e1n a la vista.<\/h3>\n<h3>El \u00faltimo reporte en este distrito con gran nivel de mortandad en colonias de ejemplares fallecidos fue sobre la Bah\u00eda de Camarones y m\u00e1s al norte, en Cabo Raso, unos 120 km. al sur de Rawson, la capital del Chubut.<\/h3>\n<h3>Ya se hab\u00edan censado animales muertos &#8220;positivos&#8221; en influenza aviar sobre el extremo norte de este distrito, m\u00e1s precisamente sobre Pen\u00ednsula Vald\u00e9s.<\/h3>\n<h3>De manera preventiva, el gobierno del Chubut dispuso hace dos semanas la restricci\u00f3n de ingreso a esa la zona y se prohibi\u00f3 precautoriamente actividades como buceo y kayak en \u00e1reas cercanas a apostaderos.<\/h3>\n<h3>Esta epizootia, es decir epidemia en animales, tuvo una extra\u00f1a evoluci\u00f3n y pas\u00f3 de las aves a los lobos marinos, particularmente los de un pelo, que una vez contagiados exhiben dificultades para respirar, torpeza en los movimientos y desorientaci\u00f3n, entre otros s\u00edntomas.<\/h3>\n<h3>Las miradas est\u00e1n puestas tambi\u00e9n en Punta Tombo, el apostadero de ping\u00fcinos de Magallanes, que llega a albergar hasta un mill\u00f3n de ejemplares en su pico de poblaci\u00f3n, la que se apresta a quedar habilitada al turismo el viernes de la semana pr\u00f3xima.<\/h3>\n<h3>Las autoridades de esa cartera indicaron que &#8220;no tenemos reportes de ping\u00fcinos afectados por lo que no se pueden tomar medidas restrictivas sin casos que lo justifiquen, de manera que la temporada se habilitar\u00e1 a mediados de mes, porque adem\u00e1s no hay muchos ejemplares&#8221;.<\/h3>\n<h3>Sin embargo se tomar\u00e1n medidas preventivas como limpieza de calzados y recorridas por grupos de turistas para evitar al m\u00e1ximo el contacto.<\/h3>\n<h3><\/h3>\n<p>&nbsp;<\/p>\n","protected":false},"excerpt":{"rendered":"<p>El director de fauna y flora de Chubut, Fernando Bersano, inform\u00f3 este jueves que &#8220;se&#8230;<\/p>\n","protected":false},"author":1,"featured_media":2902,"comment_status":"closed","ping_status":"closed","sticky":false,"template":"","format":"standard","meta":{"footnotes":""},"categories":[5],"tags":[],"class_list":["post-2901","post","type-post","status-publish","format-standard","has-post-thumbnail","hentry","category-nacionales-internacionales"],"yoast_head":"<!-- This site is optimized with the Yoast SEO plugin v26.1.1 - https:\/\/yoast.com\/wordpress\/plugins\/seo\/ -->\n<title>SE REGISTRARON M\u00c1S DE 200 MUERTES DE LOBOS MARINOS EN CHUBUT EN LOS \u00daLTIMOS 17 D\u00cdAS - Apuntes de San Luis<\/title>\n<meta name=\"robots\" content=\"index, follow, max-snippet:-1, max-image-preview:large, max-video-preview:-1\" \/>\n<link rel=\"canonical\" href=\"https:\/\/apuntesdesanluis.com\/index.php\/2023\/09\/07\/se-registraron-mas-de-200-muertes-de-lobos-marinos-en-chubut-en-los-ultimos-17-dias\/\" \/>\n<meta property=\"og:locale\" content=\"es_ES\" \/>\n<meta property=\"og:type\" content=\"article\" \/>\n<meta property=\"og:title\" content=\"SE REGISTRARON M\u00c1S DE 200 MUERTES DE LOBOS MARINOS EN CHUBUT EN LOS \u00daLTIMOS 17 D\u00cdAS - Apuntes de San Luis\" \/>\n<meta property=\"og:description\" content=\"El director de fauna y flora de Chubut, Fernando Bersano, inform\u00f3 este jueves que &#8220;se...\" \/>\n<meta property=\"og:url\" content=\"https:\/\/apuntesdesanluis.com\/index.php\/2023\/09\/07\/se-registraron-mas-de-200-muertes-de-lobos-marinos-en-chubut-en-los-ultimos-17-dias\/\" \/>\n<meta property=\"og:site_name\" content=\"Apuntes de San Luis\" \/>\n<meta property=\"article:published_time\" content=\"2023-09-07T16:56:31+00:00\" \/>\n<meta property=\"og:image\" content=\"https:\/\/apuntesdesanluis.com\/wp-content\/uploads\/2023\/09\/lobos-marinos.png\" \/>\n\t<meta property=\"og:image:width\" content=\"701\" \/>\n\t<meta property=\"og:image:height\" content=\"450\" \/>\n\t<meta property=\"og:image:type\" content=\"image\/png\" \/>\n<meta name=\"author\" content=\"apuntesdesanluis.com\" \/>\n<meta name=\"twitter:card\" content=\"summary_large_image\" \/>\n<meta name=\"twitter:label1\" content=\"Escrito por\" \/>\n\t<meta name=\"twitter:data1\" content=\"apuntesdesanluis.com\" \/>\n\t<meta name=\"twitter:label2\" content=\"Tiempo de lectura\" \/>\n\t<meta name=\"twitter:data2\" content=\"3 minutos\" \/>\n<script type=\"application\/ld+json\" class=\"yoast-schema-graph\">{\"@context\":\"https:\/\/schema.org\",\"@graph\":[{\"@type\":\"Article\",\"@id\":\"https:\/\/apuntesdesanluis.com\/index.php\/2023\/09\/07\/se-registraron-mas-de-200-muertes-de-lobos-marinos-en-chubut-en-los-ultimos-17-dias\/#article\",\"isPartOf\":{\"@id\":\"https:\/\/apuntesdesanluis.com\/index.php\/2023\/09\/07\/se-registraron-mas-de-200-muertes-de-lobos-marinos-en-chubut-en-los-ultimos-17-dias\/\"},\"author\":{\"name\":\"apuntesdesanluis.com\",\"@id\":\"https:\/\/apuntesdesanluis.com\/#\/schema\/person\/b55151d52296fcce64d1a72538a70b90\"},\"headline\":\"SE REGISTRARON M\u00c1S DE 200 MUERTES DE LOBOS MARINOS EN CHUBUT EN LOS \u00daLTIMOS 17 D\u00cdAS\",\"datePublished\":\"2023-09-07T16:56:31+00:00\",\"mainEntityOfPage\":{\"@id\":\"https:\/\/apuntesdesanluis.com\/index.php\/2023\/09\/07\/se-registraron-mas-de-200-muertes-de-lobos-marinos-en-chubut-en-los-ultimos-17-dias\/\"},\"wordCount\":504,\"publisher\":{\"@id\":\"https:\/\/apuntesdesanluis.com\/#\/schema\/person\/b55151d52296fcce64d1a72538a70b90\"},\"image\":{\"@id\":\"https:\/\/apuntesdesanluis.com\/index.php\/2023\/09\/07\/se-registraron-mas-de-200-muertes-de-lobos-marinos-en-chubut-en-los-ultimos-17-dias\/#primaryimage\"},\"thumbnailUrl\":\"https:\/\/apuntesdesanluis.com\/wp-content\/uploads\/2023\/09\/lobos-marinos.png\",\"articleSection\":[\"Nacionales\/Internacionales\"],\"inLanguage\":\"es-AR\"},{\"@type\":\"WebPage\",\"@id\":\"https:\/\/apuntesdesanluis.com\/index.php\/2023\/09\/07\/se-registraron-mas-de-200-muertes-de-lobos-marinos-en-chubut-en-los-ultimos-17-dias\/\",\"url\":\"https:\/\/apuntesdesanluis.com\/index.php\/2023\/09\/07\/se-registraron-mas-de-200-muertes-de-lobos-marinos-en-chubut-en-los-ultimos-17-dias\/\",\"name\":\"SE REGISTRARON M\u00c1S DE 200 MUERTES DE LOBOS MARINOS EN CHUBUT EN LOS \u00daLTIMOS 17 D\u00cdAS - Apuntes de San Luis\",\"isPartOf\":{\"@id\":\"https:\/\/apuntesdesanluis.com\/#website\"},\"primaryImageOfPage\":{\"@id\":\"https:\/\/apuntesdesanluis.com\/index.php\/2023\/09\/07\/se-registraron-mas-de-200-muertes-de-lobos-marinos-en-chubut-en-los-ultimos-17-dias\/#primaryimage\"},\"image\":{\"@id\":\"https:\/\/apuntesdesanluis.com\/index.php\/2023\/09\/07\/se-registraron-mas-de-200-muertes-de-lobos-marinos-en-chubut-en-los-ultimos-17-dias\/#primaryimage\"},\"thumbnailUrl\":\"https:\/\/apuntesdesanluis.com\/wp-content\/uploads\/2023\/09\/lobos-marinos.png\",\"datePublished\":\"2023-09-07T16:56:31+00:00\",\"breadcrumb\":{\"@id\":\"https:\/\/apuntesdesanluis.com\/index.php\/2023\/09\/07\/se-registraron-mas-de-200-muertes-de-lobos-marinos-en-chubut-en-los-ultimos-17-dias\/#breadcrumb\"},\"inLanguage\":\"es-AR\",\"potentialAction\":[{\"@type\":\"ReadAction\",\"target\":[\"https:\/\/apuntesdesanluis.com\/index.php\/2023\/09\/07\/se-registraron-mas-de-200-muertes-de-lobos-marinos-en-chubut-en-los-ultimos-17-dias\/\"]}]},{\"@type\":\"ImageObject\",\"inLanguage\":\"es-AR\",\"@id\":\"https:\/\/apuntesdesanluis.com\/index.php\/2023\/09\/07\/se-registraron-mas-de-200-muertes-de-lobos-marinos-en-chubut-en-los-ultimos-17-dias\/#primaryimage\",\"url\":\"https:\/\/apuntesdesanluis.com\/wp-content\/uploads\/2023\/09\/lobos-marinos.png\",\"contentUrl\":\"https:\/\/apuntesdesanluis.com\/wp-content\/uploads\/2023\/09\/lobos-marinos.png\",\"width\":701,\"height\":450},{\"@type\":\"BreadcrumbList\",\"@id\":\"https:\/\/apuntesdesanluis.com\/index.php\/2023\/09\/07\/se-registraron-mas-de-200-muertes-de-lobos-marinos-en-chubut-en-los-ultimos-17-dias\/#breadcrumb\",\"itemListElement\":[{\"@type\":\"ListItem\",\"position\":1,\"name\":\"Inicio\",\"item\":\"https:\/\/apuntesdesanluis.com\/\"},{\"@type\":\"ListItem\",\"position\":2,\"name\":\"SE REGISTRARON M\u00c1S DE 200 MUERTES DE LOBOS MARINOS EN CHUBUT EN LOS \u00daLTIMOS 17 D\u00cdAS\"}]},{\"@type\":\"WebSite\",\"@id\":\"https:\/\/apuntesdesanluis.com\/#website\",\"url\":\"https:\/\/apuntesdesanluis.com\/\",\"name\":\"Apuntes de San Luis\",\"description\":\"\",\"publisher\":{\"@id\":\"https:\/\/apuntesdesanluis.com\/#\/schema\/person\/b55151d52296fcce64d1a72538a70b90\"},\"potentialAction\":[{\"@type\":\"SearchAction\",\"target\":{\"@type\":\"EntryPoint\",\"urlTemplate\":\"https:\/\/apuntesdesanluis.com\/?s={search_term_string}\"},\"query-input\":{\"@type\":\"PropertyValueSpecification\",\"valueRequired\":true,\"valueName\":\"search_term_string\"}}],\"inLanguage\":\"es-AR\"},{\"@type\":[\"Person\",\"Organization\"],\"@id\":\"https:\/\/apuntesdesanluis.com\/#\/schema\/person\/b55151d52296fcce64d1a72538a70b90\",\"name\":\"apuntesdesanluis.com\",\"image\":{\"@type\":\"ImageObject\",\"inLanguage\":\"es-AR\",\"@id\":\"https:\/\/apuntesdesanluis.com\/#\/schema\/person\/image\/\",\"url\":\"https:\/\/apuntesdesanluis.com\/wp-content\/uploads\/2023\/07\/cropped-apuntesdesanluis.png\",\"contentUrl\":\"https:\/\/apuntesdesanluis.com\/wp-content\/uploads\/2023\/07\/cropped-apuntesdesanluis.png\",\"width\":450,\"height\":112,\"caption\":\"apuntesdesanluis.com\"},\"logo\":{\"@id\":\"https:\/\/apuntesdesanluis.com\/#\/schema\/person\/image\/\"},\"sameAs\":[\"https:\/\/apuntesdesanluis.com\"],\"url\":\"https:\/\/apuntesdesanluis.com\/index.php\/author\/apuntesdesanluis-com\/\"}]}<\/script>\n<!-- \/ Yoast SEO plugin. -->","yoast_head_json":{"title":"SE REGISTRARON M\u00c1S DE 200 MUERTES DE LOBOS MARINOS EN CHUBUT EN LOS \u00daLTIMOS 17 D\u00cdAS - Apuntes de San Luis","robots":{"index":"index","follow":"follow","max-snippet":"max-snippet:-1","max-image-preview":"max-image-preview:large","max-video-preview":"max-video-preview:-1"},"canonical":"https:\/\/apuntesdesanluis.com\/index.php\/2023\/09\/07\/se-registraron-mas-de-200-muertes-de-lobos-marinos-en-chubut-en-los-ultimos-17-dias\/","og_locale":"es_ES","og_type":"article","og_title":"SE REGISTRARON M\u00c1S DE 200 MUERTES DE LOBOS MARINOS EN CHUBUT EN LOS \u00daLTIMOS 17 D\u00cdAS - Apuntes de San Luis","og_description":"El director de fauna y flora de Chubut, Fernando Bersano, inform\u00f3 este jueves que &#8220;se...","og_url":"https:\/\/apuntesdesanluis.com\/index.php\/2023\/09\/07\/se-registraron-mas-de-200-muertes-de-lobos-marinos-en-chubut-en-los-ultimos-17-dias\/","og_site_name":"Apuntes de San Luis","article_published_time":"2023-09-07T16:56:31+00:00","og_image":[{"width":701,"height":450,"url":"https:\/\/apuntesdesanluis.com\/wp-content\/uploads\/2023\/09\/lobos-marinos.png","type":"image\/png"}],"author":"apuntesdesanluis.com","twitter_card":"summary_large_image","twitter_misc":{"Escrito por":"apuntesdesanluis.com","Tiempo de lectura":"3 minutos"},"schema":{"@context":"https:\/\/schema.org","@graph":[{"@type":"Article","@id":"https:\/\/apuntesdesanluis.com\/index.php\/2023\/09\/07\/se-registraron-mas-de-200-muertes-de-lobos-marinos-en-chubut-en-los-ultimos-17-dias\/#article","isPartOf":{"@id":"https:\/\/apuntesdesanluis.com\/index.php\/2023\/09\/07\/se-registraron-mas-de-200-muertes-de-lobos-marinos-en-chubut-en-los-ultimos-17-dias\/"},"author":{"name":"apuntesdesanluis.com","@id":"https:\/\/apuntesdesanluis.com\/#\/schema\/person\/b55151d52296fcce64d1a72538a70b90"},"headline":"SE REGISTRARON M\u00c1S DE 200 MUERTES DE LOBOS MARINOS EN CHUBUT EN LOS \u00daLTIMOS 17 D\u00cdAS","datePublished":"2023-09-07T16:56:31+00:00","mainEntityOfPage":{"@id":"https:\/\/apuntesdesanluis.com\/index.php\/2023\/09\/07\/se-registraron-mas-de-200-muertes-de-lobos-marinos-en-chubut-en-los-ultimos-17-dias\/"},"wordCount":504,"publisher":{"@id":"https:\/\/apuntesdesanluis.com\/#\/schema\/person\/b55151d52296fcce64d1a72538a70b90"},"image":{"@id":"https:\/\/apuntesdesanluis.com\/index.php\/2023\/09\/07\/se-registraron-mas-de-200-muertes-de-lobos-marinos-en-chubut-en-los-ultimos-17-dias\/#primaryimage"},"thumbnailUrl":"https:\/\/apuntesdesanluis.com\/wp-content\/uploads\/2023\/09\/lobos-marinos.png","articleSection":["Nacionales\/Internacionales"],"inLanguage":"es-AR"},{"@type":"WebPage","@id":"https:\/\/apuntesdesanluis.com\/index.php\/2023\/09\/07\/se-registraron-mas-de-200-muertes-de-lobos-marinos-en-chubut-en-los-ultimos-17-dias\/","url":"https:\/\/apuntesdesanluis.com\/index.php\/2023\/09\/07\/se-registraron-mas-de-200-muertes-de-lobos-marinos-en-chubut-en-los-ultimos-17-dias\/","name":"SE REGISTRARON M\u00c1S DE 200 MUERTES DE LOBOS MARINOS EN CHUBUT EN LOS \u00daLTIMOS 17 D\u00cdAS - Apuntes de San Luis","isPartOf":{"@id":"https:\/\/apuntesdesanluis.com\/#website"},"primaryImageOfPage":{"@id":"https:\/\/apuntesdesanluis.com\/index.php\/2023\/09\/07\/se-registraron-mas-de-200-muertes-de-lobos-marinos-en-chubut-en-los-ultimos-17-dias\/#primaryimage"},"image":{"@id":"https:\/\/apuntesdesanluis.com\/index.php\/2023\/09\/07\/se-registraron-mas-de-200-muertes-de-lobos-marinos-en-chubut-en-los-ultimos-17-dias\/#primaryimage"},"thumbnailUrl":"https:\/\/apuntesdesanluis.com\/wp-content\/uploads\/2023\/09\/lobos-marinos.png","datePublished":"2023-09-07T16:56:31+00:00","breadcrumb":{"@id":"https:\/\/apuntesdesanluis.com\/index.php\/2023\/09\/07\/se-registraron-mas-de-200-muertes-de-lobos-marinos-en-chubut-en-los-ultimos-17-dias\/#breadcrumb"},"inLanguage":"es-AR","potentialAction":[{"@type":"ReadAction","target":["https:\/\/apuntesdesanluis.com\/index.php\/2023\/09\/07\/se-registraron-mas-de-200-muertes-de-lobos-marinos-en-chubut-en-los-ultimos-17-dias\/"]}]},{"@type":"ImageObject","inLanguage":"es-AR","@id":"https:\/\/apuntesdesanluis.com\/index.php\/2023\/09\/07\/se-registraron-mas-de-200-muertes-de-lobos-marinos-en-chubut-en-los-ultimos-17-dias\/#primaryimage","url":"https:\/\/apuntesdesanluis.com\/wp-content\/uploads\/2023\/09\/lobos-marinos.png","contentUrl":"https:\/\/apuntesdesanluis.com\/wp-content\/uploads\/2023\/09\/lobos-marinos.png","width":701,"height":450},{"@type":"BreadcrumbList","@id":"https:\/\/apuntesdesanluis.com\/index.php\/2023\/09\/07\/se-registraron-mas-de-200-muertes-de-lobos-marinos-en-chubut-en-los-ultimos-17-dias\/#breadcrumb","itemListElement":[{"@type":"ListItem","position":1,"name":"Inicio","item":"https:\/\/apuntesdesanluis.com\/"},{"@type":"ListItem","position":2,"name":"SE REGISTRARON M\u00c1S DE 200 MUERTES DE LOBOS MARINOS EN CHUBUT EN LOS \u00daLTIMOS 17 D\u00cdAS"}]},{"@type":"WebSite","@id":"https:\/\/apuntesdesanluis.com\/#website","url":"https:\/\/apuntesdesanluis.com\/","name":"Apuntes de San Luis","description":"","publisher":{"@id":"https:\/\/apuntesdesanluis.com\/#\/schema\/person\/b55151d52296fcce64d1a72538a70b90"},"potentialAction":[{"@type":"SearchAction","target":{"@type":"EntryPoint","urlTemplate":"https:\/\/apuntesdesanluis.com\/?s={search_term_string}"},"query-input":{"@type":"PropertyValueSpecification","valueRequired":true,"valueName":"search_term_string"}}],"inLanguage":"es-AR"},{"@type":["Person","Organization"],"@id":"https:\/\/apuntesdesanluis.com\/#\/schema\/person\/b55151d52296fcce64d1a72538a70b90","name":"apuntesdesanluis.com","image":{"@type":"ImageObject","inLanguage":"es-AR","@id":"https:\/\/apuntesdesanluis.com\/#\/schema\/person\/image\/","url":"https:\/\/apuntesdesanluis.com\/wp-content\/uploads\/2023\/07\/cropped-apuntesdesanluis.png","contentUrl":"https:\/\/apuntesdesanluis.com\/wp-content\/uploads\/2023\/07\/cropped-apuntesdesanluis.png","width":450,"height":112,"caption":"apuntesdesanluis.com"},"logo":{"@id":"https:\/\/apuntesdesanluis.com\/#\/schema\/person\/image\/"},"sameAs":["https:\/\/apuntesdesanluis.com"],"url":"https:\/\/apuntesdesanluis.com\/index.php\/author\/apuntesdesanluis-com\/"}]}},"featured_image_urls":{"full":["https:\/\/apuntesdesanluis.com\/wp-content\/uploads\/2023\/09\/lobos-marinos.png",701,450,false],"thumbnail":["https:\/\/apuntesdesanluis.com\/wp-content\/uploads\/2023\/09\/lobos-marinos-150x150.png",150,150,true],"medium":["https:\/\/apuntesdesanluis.com\/wp-content\/uploads\/2023\/09\/lobos-marinos-300x193.png",300,193,true],"medium_large":["https:\/\/apuntesdesanluis.com\/wp-content\/uploads\/2023\/09\/lobos-marinos.png",640,411,false],"large":["https:\/\/apuntesdesanluis.com\/wp-content\/uploads\/2023\/09\/lobos-marinos.png",640,411,false],"1536x1536":["https:\/\/apuntesdesanluis.com\/wp-content\/uploads\/2023\/09\/lobos-marinos.png",701,450,false],"2048x2048":["https:\/\/apuntesdesanluis.com\/wp-content\/uploads\/2023\/09\/lobos-marinos.png",701,450,false],"newsever-slider-full":["https:\/\/apuntesdesanluis.com\/wp-content\/uploads\/2023\/09\/lobos-marinos.png",701,450,false],"newsever-featured":["https:\/\/apuntesdesanluis.com\/wp-content\/uploads\/2023\/09\/lobos-marinos.png",701,450,false],"newsever-medium":["https:\/\/apuntesdesanluis.com\/wp-content\/uploads\/2023\/09\/lobos-marinos.png",701,450,false]},"author_info":{"display_name":"apuntesdesanluis.com","author_link":"https:\/\/apuntesdesanluis.com\/index.php\/author\/apuntesdesanluis-com\/"},"category_info":"<a href=\"https:\/\/apuntesdesanluis.com\/index.php\/category\/nacionales-internacionales\/\" rel=\"category tag\">Nacionales\/Internacionales<\/a>","tag_info":"Nacionales\/Internacionales","comment_count":"0","_links":{"self":[{"href":"https:\/\/apuntesdesanluis.com\/index.php\/wp-json\/wp\/v2\/posts\/2901","targetHints":{"allow":["GET"]}}],"collection":[{"href":"https:\/\/apuntesdesanluis.com\/index.php\/wp-json\/wp\/v2\/posts"}],"about":[{"href":"https:\/\/apuntesdesanluis.com\/index.php\/wp-json\/wp\/v2\/types\/post"}],"author":[{"embeddable":true,"href":"https:\/\/apuntesdesanluis.com\/index.php\/wp-json\/wp\/v2\/users\/1"}],"replies":[{"embeddable":true,"href":"https:\/\/apuntesdesanluis.com\/index.php\/wp-json\/wp\/v2\/comments?post=2901"}],"version-history":[{"count":1,"href":"https:\/\/apuntesdesanluis.com\/index.php\/wp-json\/wp\/v2\/posts\/2901\/revisions"}],"predecessor-version":[{"id":2903,"href":"https:\/\/apuntesdesanluis.com\/index.php\/wp-json\/wp\/v2\/posts\/2901\/revisions\/2903"}],"wp:featuredmedia":[{"embeddable":true,"href":"https:\/\/apuntesdesanluis.com\/index.php\/wp-json\/wp\/v2\/media\/2902"}],"wp:attachment":[{"href":"https:\/\/apuntesdesanluis.com\/index.php\/wp-json\/wp\/v2\/media?parent=2901"}],"wp:term":[{"taxonomy":"category","embeddable":true,"href":"https:\/\/apuntesdesanluis.com\/index.php\/wp-json\/wp\/v2\/categories?post=2901"},{"taxonomy":"post_tag","embeddable":true,"href":"https:\/\/apuntesdesanluis.com\/index.php\/wp-json\/wp\/v2\/tags?post=2901"}],"curies":[{"name":"wp","href":"https:\/\/api.w.org\/{rel}","templated":true}]}}