{"id":29017,"date":"2025-02-12T08:06:29","date_gmt":"2025-02-12T11:06:29","guid":{"rendered":"https:\/\/apuntesdesanluis.com\/?p=29017"},"modified":"2025-02-12T08:30:33","modified_gmt":"2025-02-12T11:30:33","slug":"una-caida-anunciada-se-fue-el-procurador-luis-martinez","status":"publish","type":"post","link":"https:\/\/apuntesdesanluis.com\/index.php\/2025\/02\/12\/una-caida-anunciada-se-fue-el-procurador-luis-martinez\/","title":{"rendered":"UNA CAIDA ANUNCIADA: SE FUE EL PROCURADOR LUIS MARTINEZ Y SE INICIAN NUEVAS TENSIONES"},"content":{"rendered":"<h3>Era dif\u00edcil que pudiera resistir tantos cuestionamientos emitidos desde Terrazas del Portezuelo y otros sectores, que lo ten\u00edan como blanco y responsable de la crisis que atraviesa el Poder Judicial. Finalmente ayer present\u00f3 su renuncia el Procurador <strong>Luis Martinez<\/strong>, ex apoderado del Partido Justicialista que hab\u00eda asumido el cargo en octubre de 2020.<\/h3>\n<h3>En su misiva, el funcionario judicial da cuenta de la decisi\u00f3n de renunciar a su cargo para el cual fuera designado, con efecto a partir del d\u00eda 28 de febrero de 2025.<\/h3>\n<h3>Autom\u00e1ticamente, por las dudas que se arrepientiera, el gobernador rubric\u00f3 el decreto N\u00ba1299-MG-2025 que enmarca la aceptaci\u00f3n de la renuncia de Luis Mart\u00ednez al cargo de Procurador General de la Provincia.<\/h3>\n<p><img fetchpriority=\"high\" decoding=\"async\" class=\"wp-image-29025 aligncenter\" src=\"https:\/\/apuntesdesanluis.com\/wp-content\/uploads\/2025\/02\/aceptacion-300x270.png\" alt=\"\" width=\"591\" height=\"532\" srcset=\"https:\/\/apuntesdesanluis.com\/wp-content\/uploads\/2025\/02\/aceptacion-300x270.png 300w, https:\/\/apuntesdesanluis.com\/wp-content\/uploads\/2025\/02\/aceptacion.png 558w\" sizes=\"(max-width: 591px) 100vw, 591px\" \/><\/p>\n<h3><strong>LO QUE PRECIPIT\u00d3 LA CAIDA<\/strong><\/h3>\n<h3>Desde el oficialismo se interpret\u00f3 que la decisi\u00f3n termin\u00f3 de tomarla luego del duro cuestionamiento que formul\u00f3 el gobernador <strong>Claudio Poggi<\/strong> durante la entrevista que concedi\u00f3 en San Luis+.<\/h3>\n<h3>El mandatario hab\u00eda reiterado la necesidad de avanzar en una reforma judicial integral para mejorar el servicio atento a las demandas de la sociedad y centr\u00f3 sus cr\u00edticas hacia el rol del ministerio p\u00fablico que depende del Procurador General.<\/h3>\n<h3>En l\u00ednea con lo que afirman voceros gubernamentales y medios afines replican desde el a\u00f1o pasado, Poggi expres\u00f3 su malestar por los escasos avances que se verifican en las numerosas causas por corrupci\u00f3n que tienen imputados a figuras relevantes del anterior gobierno<\/h3>\n<h3>&#8220;La verdad que todo es muy lento, pero yo le he dado instrucciones al Fiscal de Estado (V\u00edctor Endeiza) de que no le pierda pisada a cada uno de esos casos, porque esto no puede quedar impune. Tengo la obligaci\u00f3n tambi\u00e9n de custodiar y defender los fondos p\u00fablicos de San Luis y los impuestos de los sanluise\u00f1os. Estamos siguiendo muy de cerca cada una de esas causas\u201d, hab\u00eda advertido.<\/h3>\n<h3>Por otro lado, volvi\u00f3 a reiterar su deseo de impulsar la reforma judicial. \u201cTrabajar con tiempo, no en \u00e9pocas electorales, porque no es bueno, porque todo se exagera, pero el a\u00f1o pasado propuse eliminar la feria judicial, no eliminarla para eliminar las vacaciones genuinas de un empleado o de un funcionario judicial, no. Eso no, para nada. Pero la actual feria judicial implica 30 d\u00edas de enero y 15 d\u00edas de junio en los que se suspenden los plazos procesales. Es como que en 45 d\u00edas no se avanza un pasito en ning\u00fan expediente. Son 45 d\u00edas, imag\u00ednense las cosas que pasan en 45 d\u00edas. El a\u00f1o tiene 12 meses, 365 d\u00edas y durante 45 d\u00edas no se da ni un paso en ning\u00fan tr\u00e1mite judicial&#8221;.<\/h3>\n<h3>Martinez sab\u00eda que su suerte estaba echada desde hace tiempo y resisti\u00f3 lo m\u00e1s que pudo. Procedi\u00f3 a redactar su nota de renuncia y la present\u00f3 al Ejecutivo.<\/h3>\n<h3><strong>COMIENZA OTRA HISTORIA<\/strong><\/h3>\n<h3>Su salida provoc\u00f3 un cimbronazo en los pasillos judiciales y en el propio Superior Tribunal de Justicia, que hasta ahora ha permanecido impermeable a las presiones y cr\u00edticas por el funcionamiento de la justicia, m\u00e1s all\u00e1 de las quejas que formula por los recortes de presupuesto.<\/h3>\n<h3>Ahora comienza otra etapa que, se presume, ser\u00e1 m\u00e1s que intensa, y donde podr\u00edan caer m\u00e1s jugadores. Un marcado temor reina entre los fiscales, respecto al nombre que podr\u00eda proponerse para ocupar el cargo. Uno de ellos, el menos querido, es el del Secretario de \u00c9tica P\u00fablica, <strong>Ricardo Bazla<\/strong>, un hombre de m\u00e1xima confianza del gobernador y de s\u00f3lidas convicciones cuando se trata de investigar y alcanzar un objetivo.<\/h3>\n<h3>No obstante, una fuente desliz\u00f3 que en realidad Poggi preferir\u00eda que aqu\u00e9l siga en su actual funci\u00f3n y poder promover un hombre de derecho con un perfil menos alto, pero que responda y coincida con los lineamientos oficiales.<\/h3>\n<h3>El tema a resolver es que si el &#8220;elegido&#8221; proviene del ri\u00f1\u00f3n judicial, es factible que ya tenga compromisos asumidos y no vaya &#8220;al hueso&#8221; con la reforma ni con las medidas que le encomienden. Pero tampoco puede designarse a alguien que no conozca los &#8220;c\u00f3digos&#8221; que se manejan en la cerrada corporaci\u00f3n judicial y los intrincados vericuetos de los pasillos tribunalicios.<\/h3>\n<p>&nbsp;<\/p>\n<p>&nbsp;<\/p>\n<p>&nbsp;<\/p>\n<h3><\/h3>\n<h3><\/h3>\n<h3><\/h3>\n","protected":false},"excerpt":{"rendered":"<p>Era dif\u00edcil que pudiera resistir tantos cuestionamientos emitidos desde Terrazas del Portezuelo y otros sectores,&#8230;<\/p>\n","protected":false},"author":1,"featured_media":14846,"comment_status":"closed","ping_status":"closed","sticky":false,"template":"","format":"standard","meta":{"footnotes":""},"categories":[9],"tags":[],"class_list":["post-29017","post","type-post","status-publish","format-standard","has-post-thumbnail","hentry","category-opinion"],"yoast_head":"<!-- This site is optimized with the Yoast SEO plugin v26.1.1 - https:\/\/yoast.com\/wordpress\/plugins\/seo\/ -->\n<title>UNA CAIDA ANUNCIADA: SE FUE EL PROCURADOR LUIS MARTINEZ Y SE INICIAN NUEVAS TENSIONES - Apuntes de San Luis<\/title>\n<meta name=\"robots\" content=\"index, follow, max-snippet:-1, max-image-preview:large, max-video-preview:-1\" \/>\n<link rel=\"canonical\" href=\"https:\/\/apuntesdesanluis.com\/index.php\/2025\/02\/12\/una-caida-anunciada-se-fue-el-procurador-luis-martinez\/\" \/>\n<meta property=\"og:locale\" content=\"es_ES\" \/>\n<meta property=\"og:type\" content=\"article\" \/>\n<meta property=\"og:title\" content=\"UNA CAIDA ANUNCIADA: SE FUE EL PROCURADOR LUIS MARTINEZ Y SE INICIAN NUEVAS TENSIONES - Apuntes de San Luis\" \/>\n<meta property=\"og:description\" content=\"Era dif\u00edcil que pudiera resistir tantos cuestionamientos emitidos desde Terrazas del Portezuelo y otros sectores,...\" \/>\n<meta property=\"og:url\" content=\"https:\/\/apuntesdesanluis.com\/index.php\/2025\/02\/12\/una-caida-anunciada-se-fue-el-procurador-luis-martinez\/\" \/>\n<meta property=\"og:site_name\" content=\"Apuntes de San Luis\" \/>\n<meta property=\"article:published_time\" content=\"2025-02-12T11:06:29+00:00\" \/>\n<meta property=\"article:modified_time\" content=\"2025-02-12T11:30:33+00:00\" \/>\n<meta property=\"og:image\" content=\"https:\/\/apuntesdesanluis.com\/wp-content\/uploads\/2024\/04\/luis-martinez-e1739358379788.png\" \/>\n\t<meta property=\"og:image:width\" content=\"667\" \/>\n\t<meta property=\"og:image:height\" content=\"385\" \/>\n\t<meta property=\"og:image:type\" content=\"image\/png\" \/>\n<meta name=\"author\" content=\"apuntesdesanluis.com\" \/>\n<meta name=\"twitter:card\" content=\"summary_large_image\" \/>\n<meta name=\"twitter:label1\" content=\"Escrito por\" \/>\n\t<meta name=\"twitter:data1\" content=\"apuntesdesanluis.com\" \/>\n\t<meta name=\"twitter:label2\" content=\"Tiempo de lectura\" \/>\n\t<meta name=\"twitter:data2\" content=\"4 minutos\" \/>\n<script type=\"application\/ld+json\" class=\"yoast-schema-graph\">{\"@context\":\"https:\/\/schema.org\",\"@graph\":[{\"@type\":\"Article\",\"@id\":\"https:\/\/apuntesdesanluis.com\/index.php\/2025\/02\/12\/una-caida-anunciada-se-fue-el-procurador-luis-martinez\/#article\",\"isPartOf\":{\"@id\":\"https:\/\/apuntesdesanluis.com\/index.php\/2025\/02\/12\/una-caida-anunciada-se-fue-el-procurador-luis-martinez\/\"},\"author\":{\"name\":\"apuntesdesanluis.com\",\"@id\":\"https:\/\/apuntesdesanluis.com\/#\/schema\/person\/b55151d52296fcce64d1a72538a70b90\"},\"headline\":\"UNA CAIDA ANUNCIADA: SE FUE EL PROCURADOR LUIS MARTINEZ Y SE INICIAN NUEVAS TENSIONES\",\"datePublished\":\"2025-02-12T11:06:29+00:00\",\"dateModified\":\"2025-02-12T11:30:33+00:00\",\"mainEntityOfPage\":{\"@id\":\"https:\/\/apuntesdesanluis.com\/index.php\/2025\/02\/12\/una-caida-anunciada-se-fue-el-procurador-luis-martinez\/\"},\"wordCount\":730,\"publisher\":{\"@id\":\"https:\/\/apuntesdesanluis.com\/#\/schema\/person\/b55151d52296fcce64d1a72538a70b90\"},\"image\":{\"@id\":\"https:\/\/apuntesdesanluis.com\/index.php\/2025\/02\/12\/una-caida-anunciada-se-fue-el-procurador-luis-martinez\/#primaryimage\"},\"thumbnailUrl\":\"https:\/\/apuntesdesanluis.com\/wp-content\/uploads\/2024\/04\/luis-martinez-e1739358379788.png\",\"articleSection\":[\"Opini\u00f3n\"],\"inLanguage\":\"es-AR\"},{\"@type\":\"WebPage\",\"@id\":\"https:\/\/apuntesdesanluis.com\/index.php\/2025\/02\/12\/una-caida-anunciada-se-fue-el-procurador-luis-martinez\/\",\"url\":\"https:\/\/apuntesdesanluis.com\/index.php\/2025\/02\/12\/una-caida-anunciada-se-fue-el-procurador-luis-martinez\/\",\"name\":\"UNA CAIDA ANUNCIADA: SE FUE EL PROCURADOR LUIS MARTINEZ Y SE INICIAN NUEVAS TENSIONES - Apuntes de San Luis\",\"isPartOf\":{\"@id\":\"https:\/\/apuntesdesanluis.com\/#website\"},\"primaryImageOfPage\":{\"@id\":\"https:\/\/apuntesdesanluis.com\/index.php\/2025\/02\/12\/una-caida-anunciada-se-fue-el-procurador-luis-martinez\/#primaryimage\"},\"image\":{\"@id\":\"https:\/\/apuntesdesanluis.com\/index.php\/2025\/02\/12\/una-caida-anunciada-se-fue-el-procurador-luis-martinez\/#primaryimage\"},\"thumbnailUrl\":\"https:\/\/apuntesdesanluis.com\/wp-content\/uploads\/2024\/04\/luis-martinez-e1739358379788.png\",\"datePublished\":\"2025-02-12T11:06:29+00:00\",\"dateModified\":\"2025-02-12T11:30:33+00:00\",\"breadcrumb\":{\"@id\":\"https:\/\/apuntesdesanluis.com\/index.php\/2025\/02\/12\/una-caida-anunciada-se-fue-el-procurador-luis-martinez\/#breadcrumb\"},\"inLanguage\":\"es-AR\",\"potentialAction\":[{\"@type\":\"ReadAction\",\"target\":[\"https:\/\/apuntesdesanluis.com\/index.php\/2025\/02\/12\/una-caida-anunciada-se-fue-el-procurador-luis-martinez\/\"]}]},{\"@type\":\"ImageObject\",\"inLanguage\":\"es-AR\",\"@id\":\"https:\/\/apuntesdesanluis.com\/index.php\/2025\/02\/12\/una-caida-anunciada-se-fue-el-procurador-luis-martinez\/#primaryimage\",\"url\":\"https:\/\/apuntesdesanluis.com\/wp-content\/uploads\/2024\/04\/luis-martinez-e1739358379788.png\",\"contentUrl\":\"https:\/\/apuntesdesanluis.com\/wp-content\/uploads\/2024\/04\/luis-martinez-e1739358379788.png\",\"width\":667,\"height\":385},{\"@type\":\"BreadcrumbList\",\"@id\":\"https:\/\/apuntesdesanluis.com\/index.php\/2025\/02\/12\/una-caida-anunciada-se-fue-el-procurador-luis-martinez\/#breadcrumb\",\"itemListElement\":[{\"@type\":\"ListItem\",\"position\":1,\"name\":\"Inicio\",\"item\":\"https:\/\/apuntesdesanluis.com\/\"},{\"@type\":\"ListItem\",\"position\":2,\"name\":\"UNA CAIDA ANUNCIADA: SE FUE EL PROCURADOR LUIS MARTINEZ Y SE INICIAN NUEVAS TENSIONES\"}]},{\"@type\":\"WebSite\",\"@id\":\"https:\/\/apuntesdesanluis.com\/#website\",\"url\":\"https:\/\/apuntesdesanluis.com\/\",\"name\":\"Apuntes de San Luis\",\"description\":\"\",\"publisher\":{\"@id\":\"https:\/\/apuntesdesanluis.com\/#\/schema\/person\/b55151d52296fcce64d1a72538a70b90\"},\"potentialAction\":[{\"@type\":\"SearchAction\",\"target\":{\"@type\":\"EntryPoint\",\"urlTemplate\":\"https:\/\/apuntesdesanluis.com\/?s={search_term_string}\"},\"query-input\":{\"@type\":\"PropertyValueSpecification\",\"valueRequired\":true,\"valueName\":\"search_term_string\"}}],\"inLanguage\":\"es-AR\"},{\"@type\":[\"Person\",\"Organization\"],\"@id\":\"https:\/\/apuntesdesanluis.com\/#\/schema\/person\/b55151d52296fcce64d1a72538a70b90\",\"name\":\"apuntesdesanluis.com\",\"image\":{\"@type\":\"ImageObject\",\"inLanguage\":\"es-AR\",\"@id\":\"https:\/\/apuntesdesanluis.com\/#\/schema\/person\/image\/\",\"url\":\"https:\/\/apuntesdesanluis.com\/wp-content\/uploads\/2023\/07\/cropped-apuntesdesanluis.png\",\"contentUrl\":\"https:\/\/apuntesdesanluis.com\/wp-content\/uploads\/2023\/07\/cropped-apuntesdesanluis.png\",\"width\":450,\"height\":112,\"caption\":\"apuntesdesanluis.com\"},\"logo\":{\"@id\":\"https:\/\/apuntesdesanluis.com\/#\/schema\/person\/image\/\"},\"sameAs\":[\"https:\/\/apuntesdesanluis.com\"],\"url\":\"https:\/\/apuntesdesanluis.com\/index.php\/author\/apuntesdesanluis-com\/\"}]}<\/script>\n<!-- \/ Yoast SEO plugin. -->","yoast_head_json":{"title":"UNA CAIDA ANUNCIADA: SE FUE EL PROCURADOR LUIS MARTINEZ Y SE INICIAN NUEVAS TENSIONES - Apuntes de San Luis","robots":{"index":"index","follow":"follow","max-snippet":"max-snippet:-1","max-image-preview":"max-image-preview:large","max-video-preview":"max-video-preview:-1"},"canonical":"https:\/\/apuntesdesanluis.com\/index.php\/2025\/02\/12\/una-caida-anunciada-se-fue-el-procurador-luis-martinez\/","og_locale":"es_ES","og_type":"article","og_title":"UNA CAIDA ANUNCIADA: SE FUE EL PROCURADOR LUIS MARTINEZ Y SE INICIAN NUEVAS TENSIONES - Apuntes de San Luis","og_description":"Era dif\u00edcil que pudiera resistir tantos cuestionamientos emitidos desde Terrazas del Portezuelo y otros sectores,...","og_url":"https:\/\/apuntesdesanluis.com\/index.php\/2025\/02\/12\/una-caida-anunciada-se-fue-el-procurador-luis-martinez\/","og_site_name":"Apuntes de San Luis","article_published_time":"2025-02-12T11:06:29+00:00","article_modified_time":"2025-02-12T11:30:33+00:00","og_image":[{"width":667,"height":385,"url":"https:\/\/apuntesdesanluis.com\/wp-content\/uploads\/2024\/04\/luis-martinez-e1739358379788.png","type":"image\/png"}],"author":"apuntesdesanluis.com","twitter_card":"summary_large_image","twitter_misc":{"Escrito por":"apuntesdesanluis.com","Tiempo de lectura":"4 minutos"},"schema":{"@context":"https:\/\/schema.org","@graph":[{"@type":"Article","@id":"https:\/\/apuntesdesanluis.com\/index.php\/2025\/02\/12\/una-caida-anunciada-se-fue-el-procurador-luis-martinez\/#article","isPartOf":{"@id":"https:\/\/apuntesdesanluis.com\/index.php\/2025\/02\/12\/una-caida-anunciada-se-fue-el-procurador-luis-martinez\/"},"author":{"name":"apuntesdesanluis.com","@id":"https:\/\/apuntesdesanluis.com\/#\/schema\/person\/b55151d52296fcce64d1a72538a70b90"},"headline":"UNA CAIDA ANUNCIADA: SE FUE EL PROCURADOR LUIS MARTINEZ Y SE INICIAN NUEVAS TENSIONES","datePublished":"2025-02-12T11:06:29+00:00","dateModified":"2025-02-12T11:30:33+00:00","mainEntityOfPage":{"@id":"https:\/\/apuntesdesanluis.com\/index.php\/2025\/02\/12\/una-caida-anunciada-se-fue-el-procurador-luis-martinez\/"},"wordCount":730,"publisher":{"@id":"https:\/\/apuntesdesanluis.com\/#\/schema\/person\/b55151d52296fcce64d1a72538a70b90"},"image":{"@id":"https:\/\/apuntesdesanluis.com\/index.php\/2025\/02\/12\/una-caida-anunciada-se-fue-el-procurador-luis-martinez\/#primaryimage"},"thumbnailUrl":"https:\/\/apuntesdesanluis.com\/wp-content\/uploads\/2024\/04\/luis-martinez-e1739358379788.png","articleSection":["Opini\u00f3n"],"inLanguage":"es-AR"},{"@type":"WebPage","@id":"https:\/\/apuntesdesanluis.com\/index.php\/2025\/02\/12\/una-caida-anunciada-se-fue-el-procurador-luis-martinez\/","url":"https:\/\/apuntesdesanluis.com\/index.php\/2025\/02\/12\/una-caida-anunciada-se-fue-el-procurador-luis-martinez\/","name":"UNA CAIDA ANUNCIADA: SE FUE EL PROCURADOR LUIS MARTINEZ Y SE INICIAN NUEVAS TENSIONES - Apuntes de San Luis","isPartOf":{"@id":"https:\/\/apuntesdesanluis.com\/#website"},"primaryImageOfPage":{"@id":"https:\/\/apuntesdesanluis.com\/index.php\/2025\/02\/12\/una-caida-anunciada-se-fue-el-procurador-luis-martinez\/#primaryimage"},"image":{"@id":"https:\/\/apuntesdesanluis.com\/index.php\/2025\/02\/12\/una-caida-anunciada-se-fue-el-procurador-luis-martinez\/#primaryimage"},"thumbnailUrl":"https:\/\/apuntesdesanluis.com\/wp-content\/uploads\/2024\/04\/luis-martinez-e1739358379788.png","datePublished":"2025-02-12T11:06:29+00:00","dateModified":"2025-02-12T11:30:33+00:00","breadcrumb":{"@id":"https:\/\/apuntesdesanluis.com\/index.php\/2025\/02\/12\/una-caida-anunciada-se-fue-el-procurador-luis-martinez\/#breadcrumb"},"inLanguage":"es-AR","potentialAction":[{"@type":"ReadAction","target":["https:\/\/apuntesdesanluis.com\/index.php\/2025\/02\/12\/una-caida-anunciada-se-fue-el-procurador-luis-martinez\/"]}]},{"@type":"ImageObject","inLanguage":"es-AR","@id":"https:\/\/apuntesdesanluis.com\/index.php\/2025\/02\/12\/una-caida-anunciada-se-fue-el-procurador-luis-martinez\/#primaryimage","url":"https:\/\/apuntesdesanluis.com\/wp-content\/uploads\/2024\/04\/luis-martinez-e1739358379788.png","contentUrl":"https:\/\/apuntesdesanluis.com\/wp-content\/uploads\/2024\/04\/luis-martinez-e1739358379788.png","width":667,"height":385},{"@type":"BreadcrumbList","@id":"https:\/\/apuntesdesanluis.com\/index.php\/2025\/02\/12\/una-caida-anunciada-se-fue-el-procurador-luis-martinez\/#breadcrumb","itemListElement":[{"@type":"ListItem","position":1,"name":"Inicio","item":"https:\/\/apuntesdesanluis.com\/"},{"@type":"ListItem","position":2,"name":"UNA CAIDA ANUNCIADA: SE FUE EL PROCURADOR LUIS MARTINEZ Y SE INICIAN NUEVAS TENSIONES"}]},{"@type":"WebSite","@id":"https:\/\/apuntesdesanluis.com\/#website","url":"https:\/\/apuntesdesanluis.com\/","name":"Apuntes de San Luis","description":"","publisher":{"@id":"https:\/\/apuntesdesanluis.com\/#\/schema\/person\/b55151d52296fcce64d1a72538a70b90"},"potentialAction":[{"@type":"SearchAction","target":{"@type":"EntryPoint","urlTemplate":"https:\/\/apuntesdesanluis.com\/?s={search_term_string}"},"query-input":{"@type":"PropertyValueSpecification","valueRequired":true,"valueName":"search_term_string"}}],"inLanguage":"es-AR"},{"@type":["Person","Organization"],"@id":"https:\/\/apuntesdesanluis.com\/#\/schema\/person\/b55151d52296fcce64d1a72538a70b90","name":"apuntesdesanluis.com","image":{"@type":"ImageObject","inLanguage":"es-AR","@id":"https:\/\/apuntesdesanluis.com\/#\/schema\/person\/image\/","url":"https:\/\/apuntesdesanluis.com\/wp-content\/uploads\/2023\/07\/cropped-apuntesdesanluis.png","contentUrl":"https:\/\/apuntesdesanluis.com\/wp-content\/uploads\/2023\/07\/cropped-apuntesdesanluis.png","width":450,"height":112,"caption":"apuntesdesanluis.com"},"logo":{"@id":"https:\/\/apuntesdesanluis.com\/#\/schema\/person\/image\/"},"sameAs":["https:\/\/apuntesdesanluis.com"],"url":"https:\/\/apuntesdesanluis.com\/index.php\/author\/apuntesdesanluis-com\/"}]}},"featured_image_urls":{"full":["https:\/\/apuntesdesanluis.com\/wp-content\/uploads\/2024\/04\/luis-martinez-e1739358379788.png",667,385,false],"thumbnail":["https:\/\/apuntesdesanluis.com\/wp-content\/uploads\/2024\/04\/luis-martinez-e1739358379788-150x150.png",150,150,true],"medium":["https:\/\/apuntesdesanluis.com\/wp-content\/uploads\/2024\/04\/luis-martinez-e1739358379788-300x173.png",300,173,true],"medium_large":["https:\/\/apuntesdesanluis.com\/wp-content\/uploads\/2024\/04\/luis-martinez-e1739358379788.png",640,369,false],"large":["https:\/\/apuntesdesanluis.com\/wp-content\/uploads\/2024\/04\/luis-martinez-e1739358379788.png",640,369,false],"1536x1536":["https:\/\/apuntesdesanluis.com\/wp-content\/uploads\/2024\/04\/luis-martinez-e1739358379788.png",667,385,false],"2048x2048":["https:\/\/apuntesdesanluis.com\/wp-content\/uploads\/2024\/04\/luis-martinez-e1739358379788.png",667,385,false],"newsever-slider-full":["https:\/\/apuntesdesanluis.com\/wp-content\/uploads\/2024\/04\/luis-martinez-e1739358379788.png",667,385,false],"newsever-featured":["https:\/\/apuntesdesanluis.com\/wp-content\/uploads\/2024\/04\/luis-martinez-e1739358379788.png",667,385,false],"newsever-medium":["https:\/\/apuntesdesanluis.com\/wp-content\/uploads\/2024\/04\/luis-martinez-e1739358379788.png",667,385,false]},"author_info":{"display_name":"apuntesdesanluis.com","author_link":"https:\/\/apuntesdesanluis.com\/index.php\/author\/apuntesdesanluis-com\/"},"category_info":"<a href=\"https:\/\/apuntesdesanluis.com\/index.php\/category\/opinion\/\" rel=\"category tag\">Opini\u00f3n<\/a>","tag_info":"Opini\u00f3n","comment_count":"0","_links":{"self":[{"href":"https:\/\/apuntesdesanluis.com\/index.php\/wp-json\/wp\/v2\/posts\/29017","targetHints":{"allow":["GET"]}}],"collection":[{"href":"https:\/\/apuntesdesanluis.com\/index.php\/wp-json\/wp\/v2\/posts"}],"about":[{"href":"https:\/\/apuntesdesanluis.com\/index.php\/wp-json\/wp\/v2\/types\/post"}],"author":[{"embeddable":true,"href":"https:\/\/apuntesdesanluis.com\/index.php\/wp-json\/wp\/v2\/users\/1"}],"replies":[{"embeddable":true,"href":"https:\/\/apuntesdesanluis.com\/index.php\/wp-json\/wp\/v2\/comments?post=29017"}],"version-history":[{"count":4,"href":"https:\/\/apuntesdesanluis.com\/index.php\/wp-json\/wp\/v2\/posts\/29017\/revisions"}],"predecessor-version":[{"id":29027,"href":"https:\/\/apuntesdesanluis.com\/index.php\/wp-json\/wp\/v2\/posts\/29017\/revisions\/29027"}],"wp:featuredmedia":[{"embeddable":true,"href":"https:\/\/apuntesdesanluis.com\/index.php\/wp-json\/wp\/v2\/media\/14846"}],"wp:attachment":[{"href":"https:\/\/apuntesdesanluis.com\/index.php\/wp-json\/wp\/v2\/media?parent=29017"}],"wp:term":[{"taxonomy":"category","embeddable":true,"href":"https:\/\/apuntesdesanluis.com\/index.php\/wp-json\/wp\/v2\/categories?post=29017"},{"taxonomy":"post_tag","embeddable":true,"href":"https:\/\/apuntesdesanluis.com\/index.php\/wp-json\/wp\/v2\/tags?post=29017"}],"curies":[{"name":"wp","href":"https:\/\/api.w.org\/{rel}","templated":true}]}}