{"id":29019,"date":"2025-02-11T11:10:50","date_gmt":"2025-02-11T14:10:50","guid":{"rendered":"https:\/\/apuntesdesanluis.com\/?p=29019"},"modified":"2025-02-12T08:17:18","modified_gmt":"2025-02-12T11:17:18","slug":"el-fuego-destruyo-totalmente-un-auto-estacionado-en-una-cochera","status":"publish","type":"post","link":"https:\/\/apuntesdesanluis.com\/index.php\/2025\/02\/11\/el-fuego-destruyo-totalmente-un-auto-estacionado-en-una-cochera\/","title":{"rendered":"EL FUEGO DESTRUY\u00d3 TOTALMENTE UN AUTO ESTACIONADO EN UNA COCHERA"},"content":{"rendered":"<h3>Este martes alrededor de las 10:30, se produjo un incendio en un veh\u00edculo que estaba estacionado en una cochera ubicada en calle Ant\u00e1rtida Argentina al 2100, en el barrio San Mart\u00edn de la ciudad de San Luis.<\/h3>\n<h3>Personal de la Direcci\u00f3n General de Bomberos de la Polic\u00eda, Bomberos Voluntarios de San Luis, y efectivos de la secci\u00f3n motorizada del Comando Radioel\u00e9ctrico y de la Comisar\u00eda Seccional 4\u00b0 acudieron a ese sitio tras ser alertados de la situaci\u00f3n.<\/h3>\n<h3>Los bomberos desplegaron los trabajos mediante l\u00ednea directa de alta presi\u00f3n para extinguir las llamas, las cuales se originaron en el sector del motor del autom\u00f3vil Volkswagen Gol Power, alcanzando tambi\u00e9n una parte del habit\u00e1culo.<\/h3>\n<p><img fetchpriority=\"high\" decoding=\"async\" class=\"wp-image-29021 aligncenter\" src=\"https:\/\/apuntesdesanluis.com\/wp-content\/uploads\/2025\/02\/auto-quemado-300x231.png\" alt=\"\" width=\"631\" height=\"486\" srcset=\"https:\/\/apuntesdesanluis.com\/wp-content\/uploads\/2025\/02\/auto-quemado-300x231.png 300w, https:\/\/apuntesdesanluis.com\/wp-content\/uploads\/2025\/02\/auto-quemado-768x591.png 768w, https:\/\/apuntesdesanluis.com\/wp-content\/uploads\/2025\/02\/auto-quemado.png 942w\" sizes=\"(max-width: 631px) 100vw, 631px\" \/><\/p>\n<h3>Tras controlar el incendio, el cual solo gener\u00f3 da\u00f1os materiales, los equipos de emergencias se entrevistaron con el propietario del veh\u00edculo (un hombre de 52 a\u00f1os de edad), quien manifest\u00f3 que dejaba su auto en ese lugar ya que alquilaba la cochera.<\/h3>\n<h3>Tras las primeras inspecciones, se determin\u00f3 que la posible causa del incendio habr\u00eda sido un desperfecto mec\u00e1nico a ra\u00edz de un cortocircuito en el sector del motor.<\/h3>\n<p><img decoding=\"async\" class=\"wp-image-29022 aligncenter\" src=\"https:\/\/apuntesdesanluis.com\/wp-content\/uploads\/2025\/02\/auto-300x250.png\" alt=\"\" width=\"630\" height=\"525\" srcset=\"https:\/\/apuntesdesanluis.com\/wp-content\/uploads\/2025\/02\/auto-300x250.png 300w, https:\/\/apuntesdesanluis.com\/wp-content\/uploads\/2025\/02\/auto-768x640.png 768w, https:\/\/apuntesdesanluis.com\/wp-content\/uploads\/2025\/02\/auto.png 919w\" sizes=\"(max-width: 630px) 100vw, 630px\" \/><\/p>\n<h3>El autom\u00f3vil qued\u00f3 totalmente destruido. Afortunadamente el fuego no se expandi\u00f3, sino los da\u00f1os podr\u00edan haber afectado a otras unidades.<\/h3>\n<p>&nbsp;<\/p>\n<p>&nbsp;<\/p>\n<p>&nbsp;<\/p>\n<h3><\/h3>\n<h3><\/h3>\n<h3><\/h3>\n<p>&nbsp;<\/p>\n","protected":false},"excerpt":{"rendered":"<p>Este martes alrededor de las 10:30, se produjo un incendio en un veh\u00edculo que estaba&#8230;<\/p>\n","protected":false},"author":1,"featured_media":29020,"comment_status":"closed","ping_status":"closed","sticky":false,"template":"","format":"standard","meta":{"footnotes":""},"categories":[6],"tags":[],"class_list":["post-29019","post","type-post","status-publish","format-standard","has-post-thumbnail","hentry","category-ciudad-provincia"],"yoast_head":"<!-- This site is optimized with the Yoast SEO plugin v26.1.1 - https:\/\/yoast.com\/wordpress\/plugins\/seo\/ -->\n<title>EL FUEGO DESTRUY\u00d3 TOTALMENTE UN AUTO ESTACIONADO EN UNA COCHERA - Apuntes de San Luis<\/title>\n<meta name=\"robots\" content=\"index, follow, max-snippet:-1, max-image-preview:large, max-video-preview:-1\" \/>\n<link rel=\"canonical\" href=\"https:\/\/apuntesdesanluis.com\/index.php\/2025\/02\/11\/el-fuego-destruyo-totalmente-un-auto-estacionado-en-una-cochera\/\" \/>\n<meta property=\"og:locale\" content=\"es_ES\" \/>\n<meta property=\"og:type\" content=\"article\" \/>\n<meta property=\"og:title\" content=\"EL FUEGO DESTRUY\u00d3 TOTALMENTE UN AUTO ESTACIONADO EN UNA COCHERA - Apuntes de San Luis\" \/>\n<meta property=\"og:description\" content=\"Este martes alrededor de las 10:30, se produjo un incendio en un veh\u00edculo que estaba...\" \/>\n<meta property=\"og:url\" content=\"https:\/\/apuntesdesanluis.com\/index.php\/2025\/02\/11\/el-fuego-destruyo-totalmente-un-auto-estacionado-en-una-cochera\/\" \/>\n<meta property=\"og:site_name\" content=\"Apuntes de San Luis\" \/>\n<meta property=\"article:published_time\" content=\"2025-02-11T14:10:50+00:00\" \/>\n<meta property=\"article:modified_time\" content=\"2025-02-12T11:17:18+00:00\" \/>\n<meta property=\"og:image\" content=\"https:\/\/apuntesdesanluis.com\/wp-content\/uploads\/2025\/02\/auto-taller.png\" \/>\n\t<meta property=\"og:image:width\" content=\"963\" \/>\n\t<meta property=\"og:image:height\" content=\"691\" \/>\n\t<meta property=\"og:image:type\" content=\"image\/png\" \/>\n<meta name=\"author\" content=\"apuntesdesanluis.com\" \/>\n<meta name=\"twitter:card\" content=\"summary_large_image\" \/>\n<meta name=\"twitter:label1\" content=\"Escrito por\" \/>\n\t<meta name=\"twitter:data1\" content=\"apuntesdesanluis.com\" \/>\n\t<meta name=\"twitter:label2\" content=\"Tiempo de lectura\" \/>\n\t<meta name=\"twitter:data2\" content=\"2 minutos\" \/>\n<script type=\"application\/ld+json\" class=\"yoast-schema-graph\">{\"@context\":\"https:\/\/schema.org\",\"@graph\":[{\"@type\":\"Article\",\"@id\":\"https:\/\/apuntesdesanluis.com\/index.php\/2025\/02\/11\/el-fuego-destruyo-totalmente-un-auto-estacionado-en-una-cochera\/#article\",\"isPartOf\":{\"@id\":\"https:\/\/apuntesdesanluis.com\/index.php\/2025\/02\/11\/el-fuego-destruyo-totalmente-un-auto-estacionado-en-una-cochera\/\"},\"author\":{\"name\":\"apuntesdesanluis.com\",\"@id\":\"https:\/\/apuntesdesanluis.com\/#\/schema\/person\/b55151d52296fcce64d1a72538a70b90\"},\"headline\":\"EL FUEGO DESTRUY\u00d3 TOTALMENTE UN AUTO ESTACIONADO EN UNA COCHERA\",\"datePublished\":\"2025-02-11T14:10:50+00:00\",\"dateModified\":\"2025-02-12T11:17:18+00:00\",\"mainEntityOfPage\":{\"@id\":\"https:\/\/apuntesdesanluis.com\/index.php\/2025\/02\/11\/el-fuego-destruyo-totalmente-un-auto-estacionado-en-una-cochera\/\"},\"wordCount\":234,\"publisher\":{\"@id\":\"https:\/\/apuntesdesanluis.com\/#\/schema\/person\/b55151d52296fcce64d1a72538a70b90\"},\"image\":{\"@id\":\"https:\/\/apuntesdesanluis.com\/index.php\/2025\/02\/11\/el-fuego-destruyo-totalmente-un-auto-estacionado-en-una-cochera\/#primaryimage\"},\"thumbnailUrl\":\"https:\/\/apuntesdesanluis.com\/wp-content\/uploads\/2025\/02\/auto-taller.png\",\"articleSection\":[\"Ciudad\/Provincia\"],\"inLanguage\":\"es-AR\"},{\"@type\":\"WebPage\",\"@id\":\"https:\/\/apuntesdesanluis.com\/index.php\/2025\/02\/11\/el-fuego-destruyo-totalmente-un-auto-estacionado-en-una-cochera\/\",\"url\":\"https:\/\/apuntesdesanluis.com\/index.php\/2025\/02\/11\/el-fuego-destruyo-totalmente-un-auto-estacionado-en-una-cochera\/\",\"name\":\"EL FUEGO DESTRUY\u00d3 TOTALMENTE UN AUTO ESTACIONADO EN UNA COCHERA - Apuntes de San Luis\",\"isPartOf\":{\"@id\":\"https:\/\/apuntesdesanluis.com\/#website\"},\"primaryImageOfPage\":{\"@id\":\"https:\/\/apuntesdesanluis.com\/index.php\/2025\/02\/11\/el-fuego-destruyo-totalmente-un-auto-estacionado-en-una-cochera\/#primaryimage\"},\"image\":{\"@id\":\"https:\/\/apuntesdesanluis.com\/index.php\/2025\/02\/11\/el-fuego-destruyo-totalmente-un-auto-estacionado-en-una-cochera\/#primaryimage\"},\"thumbnailUrl\":\"https:\/\/apuntesdesanluis.com\/wp-content\/uploads\/2025\/02\/auto-taller.png\",\"datePublished\":\"2025-02-11T14:10:50+00:00\",\"dateModified\":\"2025-02-12T11:17:18+00:00\",\"breadcrumb\":{\"@id\":\"https:\/\/apuntesdesanluis.com\/index.php\/2025\/02\/11\/el-fuego-destruyo-totalmente-un-auto-estacionado-en-una-cochera\/#breadcrumb\"},\"inLanguage\":\"es-AR\",\"potentialAction\":[{\"@type\":\"ReadAction\",\"target\":[\"https:\/\/apuntesdesanluis.com\/index.php\/2025\/02\/11\/el-fuego-destruyo-totalmente-un-auto-estacionado-en-una-cochera\/\"]}]},{\"@type\":\"ImageObject\",\"inLanguage\":\"es-AR\",\"@id\":\"https:\/\/apuntesdesanluis.com\/index.php\/2025\/02\/11\/el-fuego-destruyo-totalmente-un-auto-estacionado-en-una-cochera\/#primaryimage\",\"url\":\"https:\/\/apuntesdesanluis.com\/wp-content\/uploads\/2025\/02\/auto-taller.png\",\"contentUrl\":\"https:\/\/apuntesdesanluis.com\/wp-content\/uploads\/2025\/02\/auto-taller.png\",\"width\":963,\"height\":691},{\"@type\":\"BreadcrumbList\",\"@id\":\"https:\/\/apuntesdesanluis.com\/index.php\/2025\/02\/11\/el-fuego-destruyo-totalmente-un-auto-estacionado-en-una-cochera\/#breadcrumb\",\"itemListElement\":[{\"@type\":\"ListItem\",\"position\":1,\"name\":\"Inicio\",\"item\":\"https:\/\/apuntesdesanluis.com\/\"},{\"@type\":\"ListItem\",\"position\":2,\"name\":\"EL FUEGO DESTRUY\u00d3 TOTALMENTE UN AUTO ESTACIONADO EN UNA COCHERA\"}]},{\"@type\":\"WebSite\",\"@id\":\"https:\/\/apuntesdesanluis.com\/#website\",\"url\":\"https:\/\/apuntesdesanluis.com\/\",\"name\":\"Apuntes de San Luis\",\"description\":\"\",\"publisher\":{\"@id\":\"https:\/\/apuntesdesanluis.com\/#\/schema\/person\/b55151d52296fcce64d1a72538a70b90\"},\"potentialAction\":[{\"@type\":\"SearchAction\",\"target\":{\"@type\":\"EntryPoint\",\"urlTemplate\":\"https:\/\/apuntesdesanluis.com\/?s={search_term_string}\"},\"query-input\":{\"@type\":\"PropertyValueSpecification\",\"valueRequired\":true,\"valueName\":\"search_term_string\"}}],\"inLanguage\":\"es-AR\"},{\"@type\":[\"Person\",\"Organization\"],\"@id\":\"https:\/\/apuntesdesanluis.com\/#\/schema\/person\/b55151d52296fcce64d1a72538a70b90\",\"name\":\"apuntesdesanluis.com\",\"image\":{\"@type\":\"ImageObject\",\"inLanguage\":\"es-AR\",\"@id\":\"https:\/\/apuntesdesanluis.com\/#\/schema\/person\/image\/\",\"url\":\"https:\/\/apuntesdesanluis.com\/wp-content\/uploads\/2023\/07\/cropped-apuntesdesanluis.png\",\"contentUrl\":\"https:\/\/apuntesdesanluis.com\/wp-content\/uploads\/2023\/07\/cropped-apuntesdesanluis.png\",\"width\":450,\"height\":112,\"caption\":\"apuntesdesanluis.com\"},\"logo\":{\"@id\":\"https:\/\/apuntesdesanluis.com\/#\/schema\/person\/image\/\"},\"sameAs\":[\"https:\/\/apuntesdesanluis.com\"],\"url\":\"https:\/\/apuntesdesanluis.com\/index.php\/author\/apuntesdesanluis-com\/\"}]}<\/script>\n<!-- \/ Yoast SEO plugin. -->","yoast_head_json":{"title":"EL FUEGO DESTRUY\u00d3 TOTALMENTE UN AUTO ESTACIONADO EN UNA COCHERA - Apuntes de San Luis","robots":{"index":"index","follow":"follow","max-snippet":"max-snippet:-1","max-image-preview":"max-image-preview:large","max-video-preview":"max-video-preview:-1"},"canonical":"https:\/\/apuntesdesanluis.com\/index.php\/2025\/02\/11\/el-fuego-destruyo-totalmente-un-auto-estacionado-en-una-cochera\/","og_locale":"es_ES","og_type":"article","og_title":"EL FUEGO DESTRUY\u00d3 TOTALMENTE UN AUTO ESTACIONADO EN UNA COCHERA - Apuntes de San Luis","og_description":"Este martes alrededor de las 10:30, se produjo un incendio en un veh\u00edculo que estaba...","og_url":"https:\/\/apuntesdesanluis.com\/index.php\/2025\/02\/11\/el-fuego-destruyo-totalmente-un-auto-estacionado-en-una-cochera\/","og_site_name":"Apuntes de San Luis","article_published_time":"2025-02-11T14:10:50+00:00","article_modified_time":"2025-02-12T11:17:18+00:00","og_image":[{"width":963,"height":691,"url":"https:\/\/apuntesdesanluis.com\/wp-content\/uploads\/2025\/02\/auto-taller.png","type":"image\/png"}],"author":"apuntesdesanluis.com","twitter_card":"summary_large_image","twitter_misc":{"Escrito por":"apuntesdesanluis.com","Tiempo de lectura":"2 minutos"},"schema":{"@context":"https:\/\/schema.org","@graph":[{"@type":"Article","@id":"https:\/\/apuntesdesanluis.com\/index.php\/2025\/02\/11\/el-fuego-destruyo-totalmente-un-auto-estacionado-en-una-cochera\/#article","isPartOf":{"@id":"https:\/\/apuntesdesanluis.com\/index.php\/2025\/02\/11\/el-fuego-destruyo-totalmente-un-auto-estacionado-en-una-cochera\/"},"author":{"name":"apuntesdesanluis.com","@id":"https:\/\/apuntesdesanluis.com\/#\/schema\/person\/b55151d52296fcce64d1a72538a70b90"},"headline":"EL FUEGO DESTRUY\u00d3 TOTALMENTE UN AUTO ESTACIONADO EN UNA COCHERA","datePublished":"2025-02-11T14:10:50+00:00","dateModified":"2025-02-12T11:17:18+00:00","mainEntityOfPage":{"@id":"https:\/\/apuntesdesanluis.com\/index.php\/2025\/02\/11\/el-fuego-destruyo-totalmente-un-auto-estacionado-en-una-cochera\/"},"wordCount":234,"publisher":{"@id":"https:\/\/apuntesdesanluis.com\/#\/schema\/person\/b55151d52296fcce64d1a72538a70b90"},"image":{"@id":"https:\/\/apuntesdesanluis.com\/index.php\/2025\/02\/11\/el-fuego-destruyo-totalmente-un-auto-estacionado-en-una-cochera\/#primaryimage"},"thumbnailUrl":"https:\/\/apuntesdesanluis.com\/wp-content\/uploads\/2025\/02\/auto-taller.png","articleSection":["Ciudad\/Provincia"],"inLanguage":"es-AR"},{"@type":"WebPage","@id":"https:\/\/apuntesdesanluis.com\/index.php\/2025\/02\/11\/el-fuego-destruyo-totalmente-un-auto-estacionado-en-una-cochera\/","url":"https:\/\/apuntesdesanluis.com\/index.php\/2025\/02\/11\/el-fuego-destruyo-totalmente-un-auto-estacionado-en-una-cochera\/","name":"EL FUEGO DESTRUY\u00d3 TOTALMENTE UN AUTO ESTACIONADO EN UNA COCHERA - Apuntes de San Luis","isPartOf":{"@id":"https:\/\/apuntesdesanluis.com\/#website"},"primaryImageOfPage":{"@id":"https:\/\/apuntesdesanluis.com\/index.php\/2025\/02\/11\/el-fuego-destruyo-totalmente-un-auto-estacionado-en-una-cochera\/#primaryimage"},"image":{"@id":"https:\/\/apuntesdesanluis.com\/index.php\/2025\/02\/11\/el-fuego-destruyo-totalmente-un-auto-estacionado-en-una-cochera\/#primaryimage"},"thumbnailUrl":"https:\/\/apuntesdesanluis.com\/wp-content\/uploads\/2025\/02\/auto-taller.png","datePublished":"2025-02-11T14:10:50+00:00","dateModified":"2025-02-12T11:17:18+00:00","breadcrumb":{"@id":"https:\/\/apuntesdesanluis.com\/index.php\/2025\/02\/11\/el-fuego-destruyo-totalmente-un-auto-estacionado-en-una-cochera\/#breadcrumb"},"inLanguage":"es-AR","potentialAction":[{"@type":"ReadAction","target":["https:\/\/apuntesdesanluis.com\/index.php\/2025\/02\/11\/el-fuego-destruyo-totalmente-un-auto-estacionado-en-una-cochera\/"]}]},{"@type":"ImageObject","inLanguage":"es-AR","@id":"https:\/\/apuntesdesanluis.com\/index.php\/2025\/02\/11\/el-fuego-destruyo-totalmente-un-auto-estacionado-en-una-cochera\/#primaryimage","url":"https:\/\/apuntesdesanluis.com\/wp-content\/uploads\/2025\/02\/auto-taller.png","contentUrl":"https:\/\/apuntesdesanluis.com\/wp-content\/uploads\/2025\/02\/auto-taller.png","width":963,"height":691},{"@type":"BreadcrumbList","@id":"https:\/\/apuntesdesanluis.com\/index.php\/2025\/02\/11\/el-fuego-destruyo-totalmente-un-auto-estacionado-en-una-cochera\/#breadcrumb","itemListElement":[{"@type":"ListItem","position":1,"name":"Inicio","item":"https:\/\/apuntesdesanluis.com\/"},{"@type":"ListItem","position":2,"name":"EL FUEGO DESTRUY\u00d3 TOTALMENTE UN AUTO ESTACIONADO EN UNA COCHERA"}]},{"@type":"WebSite","@id":"https:\/\/apuntesdesanluis.com\/#website","url":"https:\/\/apuntesdesanluis.com\/","name":"Apuntes de San Luis","description":"","publisher":{"@id":"https:\/\/apuntesdesanluis.com\/#\/schema\/person\/b55151d52296fcce64d1a72538a70b90"},"potentialAction":[{"@type":"SearchAction","target":{"@type":"EntryPoint","urlTemplate":"https:\/\/apuntesdesanluis.com\/?s={search_term_string}"},"query-input":{"@type":"PropertyValueSpecification","valueRequired":true,"valueName":"search_term_string"}}],"inLanguage":"es-AR"},{"@type":["Person","Organization"],"@id":"https:\/\/apuntesdesanluis.com\/#\/schema\/person\/b55151d52296fcce64d1a72538a70b90","name":"apuntesdesanluis.com","image":{"@type":"ImageObject","inLanguage":"es-AR","@id":"https:\/\/apuntesdesanluis.com\/#\/schema\/person\/image\/","url":"https:\/\/apuntesdesanluis.com\/wp-content\/uploads\/2023\/07\/cropped-apuntesdesanluis.png","contentUrl":"https:\/\/apuntesdesanluis.com\/wp-content\/uploads\/2023\/07\/cropped-apuntesdesanluis.png","width":450,"height":112,"caption":"apuntesdesanluis.com"},"logo":{"@id":"https:\/\/apuntesdesanluis.com\/#\/schema\/person\/image\/"},"sameAs":["https:\/\/apuntesdesanluis.com"],"url":"https:\/\/apuntesdesanluis.com\/index.php\/author\/apuntesdesanluis-com\/"}]}},"featured_image_urls":{"full":["https:\/\/apuntesdesanluis.com\/wp-content\/uploads\/2025\/02\/auto-taller.png",963,691,false],"thumbnail":["https:\/\/apuntesdesanluis.com\/wp-content\/uploads\/2025\/02\/auto-taller-150x150.png",150,150,true],"medium":["https:\/\/apuntesdesanluis.com\/wp-content\/uploads\/2025\/02\/auto-taller-300x215.png",300,215,true],"medium_large":["https:\/\/apuntesdesanluis.com\/wp-content\/uploads\/2025\/02\/auto-taller-768x551.png",640,459,true],"large":["https:\/\/apuntesdesanluis.com\/wp-content\/uploads\/2025\/02\/auto-taller.png",640,459,false],"1536x1536":["https:\/\/apuntesdesanluis.com\/wp-content\/uploads\/2025\/02\/auto-taller.png",963,691,false],"2048x2048":["https:\/\/apuntesdesanluis.com\/wp-content\/uploads\/2025\/02\/auto-taller.png",963,691,false],"newsever-slider-full":["https:\/\/apuntesdesanluis.com\/wp-content\/uploads\/2025\/02\/auto-taller.png",963,691,false],"newsever-featured":["https:\/\/apuntesdesanluis.com\/wp-content\/uploads\/2025\/02\/auto-taller.png",963,691,false],"newsever-medium":["https:\/\/apuntesdesanluis.com\/wp-content\/uploads\/2025\/02\/auto-taller-720x475.png",720,475,true]},"author_info":{"display_name":"apuntesdesanluis.com","author_link":"https:\/\/apuntesdesanluis.com\/index.php\/author\/apuntesdesanluis-com\/"},"category_info":"<a href=\"https:\/\/apuntesdesanluis.com\/index.php\/category\/ciudad-provincia\/\" rel=\"category tag\">Ciudad\/Provincia<\/a>","tag_info":"Ciudad\/Provincia","comment_count":"0","_links":{"self":[{"href":"https:\/\/apuntesdesanluis.com\/index.php\/wp-json\/wp\/v2\/posts\/29019","targetHints":{"allow":["GET"]}}],"collection":[{"href":"https:\/\/apuntesdesanluis.com\/index.php\/wp-json\/wp\/v2\/posts"}],"about":[{"href":"https:\/\/apuntesdesanluis.com\/index.php\/wp-json\/wp\/v2\/types\/post"}],"author":[{"embeddable":true,"href":"https:\/\/apuntesdesanluis.com\/index.php\/wp-json\/wp\/v2\/users\/1"}],"replies":[{"embeddable":true,"href":"https:\/\/apuntesdesanluis.com\/index.php\/wp-json\/wp\/v2\/comments?post=29019"}],"version-history":[{"count":1,"href":"https:\/\/apuntesdesanluis.com\/index.php\/wp-json\/wp\/v2\/posts\/29019\/revisions"}],"predecessor-version":[{"id":29023,"href":"https:\/\/apuntesdesanluis.com\/index.php\/wp-json\/wp\/v2\/posts\/29019\/revisions\/29023"}],"wp:featuredmedia":[{"embeddable":true,"href":"https:\/\/apuntesdesanluis.com\/index.php\/wp-json\/wp\/v2\/media\/29020"}],"wp:attachment":[{"href":"https:\/\/apuntesdesanluis.com\/index.php\/wp-json\/wp\/v2\/media?parent=29019"}],"wp:term":[{"taxonomy":"category","embeddable":true,"href":"https:\/\/apuntesdesanluis.com\/index.php\/wp-json\/wp\/v2\/categories?post=29019"},{"taxonomy":"post_tag","embeddable":true,"href":"https:\/\/apuntesdesanluis.com\/index.php\/wp-json\/wp\/v2\/tags?post=29019"}],"curies":[{"name":"wp","href":"https:\/\/api.w.org\/{rel}","templated":true}]}}