{"id":2904,"date":"2023-09-07T14:04:40","date_gmt":"2023-09-07T17:04:40","guid":{"rendered":"https:\/\/apuntesdesanluis.com\/?p=2904"},"modified":"2023-09-07T14:04:40","modified_gmt":"2023-09-07T17:04:40","slug":"condenaron-a-prision-efectiva-a-un-hombre-por-homicidio-en-grado-de-tentativa-amenazas-y-lesiones","status":"publish","type":"post","link":"https:\/\/apuntesdesanluis.com\/index.php\/2023\/09\/07\/condenaron-a-prision-efectiva-a-un-hombre-por-homicidio-en-grado-de-tentativa-amenazas-y-lesiones\/","title":{"rendered":"CONDENARON A PRISI\u00d3N EFECTIVA A UN HOMBRE POR HOMICIDIO EN GRADO DE TENTATIVA, AMENAZAS Y LESIONES"},"content":{"rendered":"<h3>Deber\u00e1 cumplir una pena de nueve a\u00f1os de prisi\u00f3n en el Servicio Penitenciario Provincial. Mientras que, una mujer fue condenada a la pena de 1 a\u00f1o y 6 meses de prisi\u00f3n por resultar responsable de los delitos lesiones leves y amenazas.<\/h3>\n<h3>En la ma\u00f1ana de este mi\u00e9rcoles, el tribunal integrado por el Dr. Mauro Germ\u00e1n D`Agata Henriquez y las Dras. Daniela Estrada y Sandra Ehrlich conden\u00f3 a Mario Jonathan Ferrer Ibarra, a sufrir la pena de nueve a\u00f1os de prisi\u00f3n efectiva y a Antonella del Valle Chavero a sufrir la pena de un a\u00f1o y seis meses de prisi\u00f3n efectiva, las cuales deber\u00e1n cumplir en el Servicio Penitenciario Provincial.<\/h3>\n<h3>Ferrer Ibarra fue declarado autor penalmente responsable de los delitos de homicidio simple en grado de tentativa, en concurso real con lesiones leves calificadas por el v\u00ednculo por mediar relaci\u00f3n de pareja, y amenazas calificadas por el empleo de un arma, en car\u00e1cter de coautor, en concurso ideal, en los t\u00e9rminos de los arts. 79 relaci\u00f3n al 42 del C\u00f3digo Penal, arts. 89 y 92 con remisi\u00f3n al art. 80 inc. 1\u00b0 del C\u00f3digo Penal, y art. 149 bis, 1ra y 2da parte del C\u00f3digo Penal, en relaci\u00f3n a los arts. 45, 48, 54 y 55 del C\u00f3digo Penal Argentino.<\/h3>\n<h3>Asimismo, Ferrer Ibarra fue absuelto por el delito de amenazas, en relaci\u00f3n al hecho en el que habr\u00eda amenazado a la mam\u00e1 de su ex pareja en el edificio de Tribunales.<\/h3>\n<h3>Mientras que, Antonella del Valle Chavero fue encontrada penalmente responsable de los delitos de lesiones leves calificadas por el v\u00ednculo por mediar relaci\u00f3n de pareja y amenazas calificadas por el empleo de un arma, en car\u00e1cter de coautora, en concurso ideal, en los t\u00e9rminos de los arts. 89 y 92 con remisi\u00f3n al art. 80 inc. 1\u00b0 del C\u00f3digo Penal Argentino y art. 149 bis 2da parte del C\u00f3digo Penal, en relaci\u00f3n a los arts. 45, 48, y 54 del mencionado c\u00f3digo.<\/h3>\n<h3>Asimismo, se dispuso el inmediato traslado de Ferrer Ibarra y de Chavero al Servicio Penitenciario Provincial, donde deber\u00e1n cumplir las condenas.<\/h3>\n<h3>Para obtener m\u00e1s informaci\u00f3n sobre este caso ingrese a los siguientes enlaces:<\/h3>\n<h3><span style=\"color: #0000ff;\"><a style=\"color: #0000ff;\" href=\"https:\/\/www.periodicojudicial.gov.ar\/etapa-de-alegatos-en-causa-por-lesiones-y-amenazas\/\">https:\/\/www.periodicojudicial.gov.ar\/etapa-de-alegatos-en-causa-por-lesiones-y-amenazas\/<\/a> \u00a0<\/span><\/h3>\n<h3><span style=\"color: #0000ff;\"><a style=\"color: #0000ff;\" href=\"https:\/\/www.periodicojudicial.gov.ar\/un-hombre-y-una-mujer-son-juzgados-por-lesiones-y-amenazas\/\">https:\/\/www.periodicojudicial.gov.ar\/un-hombre-y-una-mujer-son-juzgados-por-lesiones-y-amenazas\/<\/a><\/span><\/h3>\n","protected":false},"excerpt":{"rendered":"<p>Deber\u00e1 cumplir una pena de nueve a\u00f1os de prisi\u00f3n en el Servicio Penitenciario Provincial. Mientras&#8230;<\/p>\n","protected":false},"author":1,"featured_media":2905,"comment_status":"closed","ping_status":"closed","sticky":false,"template":"","format":"standard","meta":{"footnotes":""},"categories":[6],"tags":[],"class_list":["post-2904","post","type-post","status-publish","format-standard","has-post-thumbnail","hentry","category-ciudad-provincia"],"yoast_head":"<!-- This site is optimized with the Yoast SEO plugin v26.1.1 - https:\/\/yoast.com\/wordpress\/plugins\/seo\/ -->\n<title>CONDENARON A PRISI\u00d3N EFECTIVA A UN HOMBRE POR HOMICIDIO EN GRADO DE TENTATIVA, AMENAZAS Y LESIONES - Apuntes de San Luis<\/title>\n<meta name=\"robots\" content=\"index, follow, max-snippet:-1, max-image-preview:large, max-video-preview:-1\" \/>\n<link rel=\"canonical\" href=\"https:\/\/apuntesdesanluis.com\/index.php\/2023\/09\/07\/condenaron-a-prision-efectiva-a-un-hombre-por-homicidio-en-grado-de-tentativa-amenazas-y-lesiones\/\" \/>\n<meta property=\"og:locale\" content=\"es_ES\" \/>\n<meta property=\"og:type\" content=\"article\" \/>\n<meta property=\"og:title\" content=\"CONDENARON A PRISI\u00d3N EFECTIVA A UN HOMBRE POR HOMICIDIO EN GRADO DE TENTATIVA, AMENAZAS Y LESIONES - Apuntes de San Luis\" \/>\n<meta property=\"og:description\" content=\"Deber\u00e1 cumplir una pena de nueve a\u00f1os de prisi\u00f3n en el Servicio Penitenciario Provincial. Mientras...\" \/>\n<meta property=\"og:url\" content=\"https:\/\/apuntesdesanluis.com\/index.php\/2023\/09\/07\/condenaron-a-prision-efectiva-a-un-hombre-por-homicidio-en-grado-de-tentativa-amenazas-y-lesiones\/\" \/>\n<meta property=\"og:site_name\" content=\"Apuntes de San Luis\" \/>\n<meta property=\"article:published_time\" content=\"2023-09-07T17:04:40+00:00\" \/>\n<meta property=\"og:image\" content=\"https:\/\/apuntesdesanluis.com\/wp-content\/uploads\/2023\/09\/fallo.png\" \/>\n\t<meta property=\"og:image:width\" content=\"600\" \/>\n\t<meta property=\"og:image:height\" content=\"323\" \/>\n\t<meta property=\"og:image:type\" content=\"image\/png\" \/>\n<meta name=\"author\" content=\"apuntesdesanluis.com\" \/>\n<meta name=\"twitter:card\" content=\"summary_large_image\" \/>\n<meta name=\"twitter:label1\" content=\"Escrito por\" \/>\n\t<meta name=\"twitter:data1\" content=\"apuntesdesanluis.com\" \/>\n\t<meta name=\"twitter:label2\" content=\"Tiempo de lectura\" \/>\n\t<meta name=\"twitter:data2\" content=\"2 minutos\" \/>\n<script type=\"application\/ld+json\" class=\"yoast-schema-graph\">{\"@context\":\"https:\/\/schema.org\",\"@graph\":[{\"@type\":\"Article\",\"@id\":\"https:\/\/apuntesdesanluis.com\/index.php\/2023\/09\/07\/condenaron-a-prision-efectiva-a-un-hombre-por-homicidio-en-grado-de-tentativa-amenazas-y-lesiones\/#article\",\"isPartOf\":{\"@id\":\"https:\/\/apuntesdesanluis.com\/index.php\/2023\/09\/07\/condenaron-a-prision-efectiva-a-un-hombre-por-homicidio-en-grado-de-tentativa-amenazas-y-lesiones\/\"},\"author\":{\"name\":\"apuntesdesanluis.com\",\"@id\":\"https:\/\/apuntesdesanluis.com\/#\/schema\/person\/b55151d52296fcce64d1a72538a70b90\"},\"headline\":\"CONDENARON A PRISI\u00d3N EFECTIVA A UN HOMBRE POR HOMICIDIO EN GRADO DE TENTATIVA, AMENAZAS Y LESIONES\",\"datePublished\":\"2023-09-07T17:04:40+00:00\",\"mainEntityOfPage\":{\"@id\":\"https:\/\/apuntesdesanluis.com\/index.php\/2023\/09\/07\/condenaron-a-prision-efectiva-a-un-hombre-por-homicidio-en-grado-de-tentativa-amenazas-y-lesiones\/\"},\"wordCount\":401,\"publisher\":{\"@id\":\"https:\/\/apuntesdesanluis.com\/#\/schema\/person\/b55151d52296fcce64d1a72538a70b90\"},\"image\":{\"@id\":\"https:\/\/apuntesdesanluis.com\/index.php\/2023\/09\/07\/condenaron-a-prision-efectiva-a-un-hombre-por-homicidio-en-grado-de-tentativa-amenazas-y-lesiones\/#primaryimage\"},\"thumbnailUrl\":\"https:\/\/apuntesdesanluis.com\/wp-content\/uploads\/2023\/09\/fallo.png\",\"articleSection\":[\"Ciudad\/Provincia\"],\"inLanguage\":\"es-AR\"},{\"@type\":\"WebPage\",\"@id\":\"https:\/\/apuntesdesanluis.com\/index.php\/2023\/09\/07\/condenaron-a-prision-efectiva-a-un-hombre-por-homicidio-en-grado-de-tentativa-amenazas-y-lesiones\/\",\"url\":\"https:\/\/apuntesdesanluis.com\/index.php\/2023\/09\/07\/condenaron-a-prision-efectiva-a-un-hombre-por-homicidio-en-grado-de-tentativa-amenazas-y-lesiones\/\",\"name\":\"CONDENARON A PRISI\u00d3N EFECTIVA A UN HOMBRE POR HOMICIDIO EN GRADO DE TENTATIVA, AMENAZAS Y LESIONES - Apuntes de San Luis\",\"isPartOf\":{\"@id\":\"https:\/\/apuntesdesanluis.com\/#website\"},\"primaryImageOfPage\":{\"@id\":\"https:\/\/apuntesdesanluis.com\/index.php\/2023\/09\/07\/condenaron-a-prision-efectiva-a-un-hombre-por-homicidio-en-grado-de-tentativa-amenazas-y-lesiones\/#primaryimage\"},\"image\":{\"@id\":\"https:\/\/apuntesdesanluis.com\/index.php\/2023\/09\/07\/condenaron-a-prision-efectiva-a-un-hombre-por-homicidio-en-grado-de-tentativa-amenazas-y-lesiones\/#primaryimage\"},\"thumbnailUrl\":\"https:\/\/apuntesdesanluis.com\/wp-content\/uploads\/2023\/09\/fallo.png\",\"datePublished\":\"2023-09-07T17:04:40+00:00\",\"breadcrumb\":{\"@id\":\"https:\/\/apuntesdesanluis.com\/index.php\/2023\/09\/07\/condenaron-a-prision-efectiva-a-un-hombre-por-homicidio-en-grado-de-tentativa-amenazas-y-lesiones\/#breadcrumb\"},\"inLanguage\":\"es-AR\",\"potentialAction\":[{\"@type\":\"ReadAction\",\"target\":[\"https:\/\/apuntesdesanluis.com\/index.php\/2023\/09\/07\/condenaron-a-prision-efectiva-a-un-hombre-por-homicidio-en-grado-de-tentativa-amenazas-y-lesiones\/\"]}]},{\"@type\":\"ImageObject\",\"inLanguage\":\"es-AR\",\"@id\":\"https:\/\/apuntesdesanluis.com\/index.php\/2023\/09\/07\/condenaron-a-prision-efectiva-a-un-hombre-por-homicidio-en-grado-de-tentativa-amenazas-y-lesiones\/#primaryimage\",\"url\":\"https:\/\/apuntesdesanluis.com\/wp-content\/uploads\/2023\/09\/fallo.png\",\"contentUrl\":\"https:\/\/apuntesdesanluis.com\/wp-content\/uploads\/2023\/09\/fallo.png\",\"width\":600,\"height\":323},{\"@type\":\"BreadcrumbList\",\"@id\":\"https:\/\/apuntesdesanluis.com\/index.php\/2023\/09\/07\/condenaron-a-prision-efectiva-a-un-hombre-por-homicidio-en-grado-de-tentativa-amenazas-y-lesiones\/#breadcrumb\",\"itemListElement\":[{\"@type\":\"ListItem\",\"position\":1,\"name\":\"Inicio\",\"item\":\"https:\/\/apuntesdesanluis.com\/\"},{\"@type\":\"ListItem\",\"position\":2,\"name\":\"CONDENARON A PRISI\u00d3N EFECTIVA A UN HOMBRE POR HOMICIDIO EN GRADO DE TENTATIVA, AMENAZAS Y LESIONES\"}]},{\"@type\":\"WebSite\",\"@id\":\"https:\/\/apuntesdesanluis.com\/#website\",\"url\":\"https:\/\/apuntesdesanluis.com\/\",\"name\":\"Apuntes de San Luis\",\"description\":\"\",\"publisher\":{\"@id\":\"https:\/\/apuntesdesanluis.com\/#\/schema\/person\/b55151d52296fcce64d1a72538a70b90\"},\"potentialAction\":[{\"@type\":\"SearchAction\",\"target\":{\"@type\":\"EntryPoint\",\"urlTemplate\":\"https:\/\/apuntesdesanluis.com\/?s={search_term_string}\"},\"query-input\":{\"@type\":\"PropertyValueSpecification\",\"valueRequired\":true,\"valueName\":\"search_term_string\"}}],\"inLanguage\":\"es-AR\"},{\"@type\":[\"Person\",\"Organization\"],\"@id\":\"https:\/\/apuntesdesanluis.com\/#\/schema\/person\/b55151d52296fcce64d1a72538a70b90\",\"name\":\"apuntesdesanluis.com\",\"image\":{\"@type\":\"ImageObject\",\"inLanguage\":\"es-AR\",\"@id\":\"https:\/\/apuntesdesanluis.com\/#\/schema\/person\/image\/\",\"url\":\"https:\/\/apuntesdesanluis.com\/wp-content\/uploads\/2023\/07\/cropped-apuntesdesanluis.png\",\"contentUrl\":\"https:\/\/apuntesdesanluis.com\/wp-content\/uploads\/2023\/07\/cropped-apuntesdesanluis.png\",\"width\":450,\"height\":112,\"caption\":\"apuntesdesanluis.com\"},\"logo\":{\"@id\":\"https:\/\/apuntesdesanluis.com\/#\/schema\/person\/image\/\"},\"sameAs\":[\"https:\/\/apuntesdesanluis.com\"],\"url\":\"https:\/\/apuntesdesanluis.com\/index.php\/author\/apuntesdesanluis-com\/\"}]}<\/script>\n<!-- \/ Yoast SEO plugin. -->","yoast_head_json":{"title":"CONDENARON A PRISI\u00d3N EFECTIVA A UN HOMBRE POR HOMICIDIO EN GRADO DE TENTATIVA, AMENAZAS Y LESIONES - Apuntes de San Luis","robots":{"index":"index","follow":"follow","max-snippet":"max-snippet:-1","max-image-preview":"max-image-preview:large","max-video-preview":"max-video-preview:-1"},"canonical":"https:\/\/apuntesdesanluis.com\/index.php\/2023\/09\/07\/condenaron-a-prision-efectiva-a-un-hombre-por-homicidio-en-grado-de-tentativa-amenazas-y-lesiones\/","og_locale":"es_ES","og_type":"article","og_title":"CONDENARON A PRISI\u00d3N EFECTIVA A UN HOMBRE POR HOMICIDIO EN GRADO DE TENTATIVA, AMENAZAS Y LESIONES - Apuntes de San Luis","og_description":"Deber\u00e1 cumplir una pena de nueve a\u00f1os de prisi\u00f3n en el Servicio Penitenciario Provincial. Mientras...","og_url":"https:\/\/apuntesdesanluis.com\/index.php\/2023\/09\/07\/condenaron-a-prision-efectiva-a-un-hombre-por-homicidio-en-grado-de-tentativa-amenazas-y-lesiones\/","og_site_name":"Apuntes de San Luis","article_published_time":"2023-09-07T17:04:40+00:00","og_image":[{"width":600,"height":323,"url":"https:\/\/apuntesdesanluis.com\/wp-content\/uploads\/2023\/09\/fallo.png","type":"image\/png"}],"author":"apuntesdesanluis.com","twitter_card":"summary_large_image","twitter_misc":{"Escrito por":"apuntesdesanluis.com","Tiempo de lectura":"2 minutos"},"schema":{"@context":"https:\/\/schema.org","@graph":[{"@type":"Article","@id":"https:\/\/apuntesdesanluis.com\/index.php\/2023\/09\/07\/condenaron-a-prision-efectiva-a-un-hombre-por-homicidio-en-grado-de-tentativa-amenazas-y-lesiones\/#article","isPartOf":{"@id":"https:\/\/apuntesdesanluis.com\/index.php\/2023\/09\/07\/condenaron-a-prision-efectiva-a-un-hombre-por-homicidio-en-grado-de-tentativa-amenazas-y-lesiones\/"},"author":{"name":"apuntesdesanluis.com","@id":"https:\/\/apuntesdesanluis.com\/#\/schema\/person\/b55151d52296fcce64d1a72538a70b90"},"headline":"CONDENARON A PRISI\u00d3N EFECTIVA A UN HOMBRE POR HOMICIDIO EN GRADO DE TENTATIVA, AMENAZAS Y LESIONES","datePublished":"2023-09-07T17:04:40+00:00","mainEntityOfPage":{"@id":"https:\/\/apuntesdesanluis.com\/index.php\/2023\/09\/07\/condenaron-a-prision-efectiva-a-un-hombre-por-homicidio-en-grado-de-tentativa-amenazas-y-lesiones\/"},"wordCount":401,"publisher":{"@id":"https:\/\/apuntesdesanluis.com\/#\/schema\/person\/b55151d52296fcce64d1a72538a70b90"},"image":{"@id":"https:\/\/apuntesdesanluis.com\/index.php\/2023\/09\/07\/condenaron-a-prision-efectiva-a-un-hombre-por-homicidio-en-grado-de-tentativa-amenazas-y-lesiones\/#primaryimage"},"thumbnailUrl":"https:\/\/apuntesdesanluis.com\/wp-content\/uploads\/2023\/09\/fallo.png","articleSection":["Ciudad\/Provincia"],"inLanguage":"es-AR"},{"@type":"WebPage","@id":"https:\/\/apuntesdesanluis.com\/index.php\/2023\/09\/07\/condenaron-a-prision-efectiva-a-un-hombre-por-homicidio-en-grado-de-tentativa-amenazas-y-lesiones\/","url":"https:\/\/apuntesdesanluis.com\/index.php\/2023\/09\/07\/condenaron-a-prision-efectiva-a-un-hombre-por-homicidio-en-grado-de-tentativa-amenazas-y-lesiones\/","name":"CONDENARON A PRISI\u00d3N EFECTIVA A UN HOMBRE POR HOMICIDIO EN GRADO DE TENTATIVA, AMENAZAS Y LESIONES - Apuntes de San Luis","isPartOf":{"@id":"https:\/\/apuntesdesanluis.com\/#website"},"primaryImageOfPage":{"@id":"https:\/\/apuntesdesanluis.com\/index.php\/2023\/09\/07\/condenaron-a-prision-efectiva-a-un-hombre-por-homicidio-en-grado-de-tentativa-amenazas-y-lesiones\/#primaryimage"},"image":{"@id":"https:\/\/apuntesdesanluis.com\/index.php\/2023\/09\/07\/condenaron-a-prision-efectiva-a-un-hombre-por-homicidio-en-grado-de-tentativa-amenazas-y-lesiones\/#primaryimage"},"thumbnailUrl":"https:\/\/apuntesdesanluis.com\/wp-content\/uploads\/2023\/09\/fallo.png","datePublished":"2023-09-07T17:04:40+00:00","breadcrumb":{"@id":"https:\/\/apuntesdesanluis.com\/index.php\/2023\/09\/07\/condenaron-a-prision-efectiva-a-un-hombre-por-homicidio-en-grado-de-tentativa-amenazas-y-lesiones\/#breadcrumb"},"inLanguage":"es-AR","potentialAction":[{"@type":"ReadAction","target":["https:\/\/apuntesdesanluis.com\/index.php\/2023\/09\/07\/condenaron-a-prision-efectiva-a-un-hombre-por-homicidio-en-grado-de-tentativa-amenazas-y-lesiones\/"]}]},{"@type":"ImageObject","inLanguage":"es-AR","@id":"https:\/\/apuntesdesanluis.com\/index.php\/2023\/09\/07\/condenaron-a-prision-efectiva-a-un-hombre-por-homicidio-en-grado-de-tentativa-amenazas-y-lesiones\/#primaryimage","url":"https:\/\/apuntesdesanluis.com\/wp-content\/uploads\/2023\/09\/fallo.png","contentUrl":"https:\/\/apuntesdesanluis.com\/wp-content\/uploads\/2023\/09\/fallo.png","width":600,"height":323},{"@type":"BreadcrumbList","@id":"https:\/\/apuntesdesanluis.com\/index.php\/2023\/09\/07\/condenaron-a-prision-efectiva-a-un-hombre-por-homicidio-en-grado-de-tentativa-amenazas-y-lesiones\/#breadcrumb","itemListElement":[{"@type":"ListItem","position":1,"name":"Inicio","item":"https:\/\/apuntesdesanluis.com\/"},{"@type":"ListItem","position":2,"name":"CONDENARON A PRISI\u00d3N EFECTIVA A UN HOMBRE POR HOMICIDIO EN GRADO DE TENTATIVA, AMENAZAS Y LESIONES"}]},{"@type":"WebSite","@id":"https:\/\/apuntesdesanluis.com\/#website","url":"https:\/\/apuntesdesanluis.com\/","name":"Apuntes de San Luis","description":"","publisher":{"@id":"https:\/\/apuntesdesanluis.com\/#\/schema\/person\/b55151d52296fcce64d1a72538a70b90"},"potentialAction":[{"@type":"SearchAction","target":{"@type":"EntryPoint","urlTemplate":"https:\/\/apuntesdesanluis.com\/?s={search_term_string}"},"query-input":{"@type":"PropertyValueSpecification","valueRequired":true,"valueName":"search_term_string"}}],"inLanguage":"es-AR"},{"@type":["Person","Organization"],"@id":"https:\/\/apuntesdesanluis.com\/#\/schema\/person\/b55151d52296fcce64d1a72538a70b90","name":"apuntesdesanluis.com","image":{"@type":"ImageObject","inLanguage":"es-AR","@id":"https:\/\/apuntesdesanluis.com\/#\/schema\/person\/image\/","url":"https:\/\/apuntesdesanluis.com\/wp-content\/uploads\/2023\/07\/cropped-apuntesdesanluis.png","contentUrl":"https:\/\/apuntesdesanluis.com\/wp-content\/uploads\/2023\/07\/cropped-apuntesdesanluis.png","width":450,"height":112,"caption":"apuntesdesanluis.com"},"logo":{"@id":"https:\/\/apuntesdesanluis.com\/#\/schema\/person\/image\/"},"sameAs":["https:\/\/apuntesdesanluis.com"],"url":"https:\/\/apuntesdesanluis.com\/index.php\/author\/apuntesdesanluis-com\/"}]}},"featured_image_urls":{"full":["https:\/\/apuntesdesanluis.com\/wp-content\/uploads\/2023\/09\/fallo.png",600,323,false],"thumbnail":["https:\/\/apuntesdesanluis.com\/wp-content\/uploads\/2023\/09\/fallo-150x150.png",150,150,true],"medium":["https:\/\/apuntesdesanluis.com\/wp-content\/uploads\/2023\/09\/fallo-300x162.png",300,162,true],"medium_large":["https:\/\/apuntesdesanluis.com\/wp-content\/uploads\/2023\/09\/fallo.png",600,323,false],"large":["https:\/\/apuntesdesanluis.com\/wp-content\/uploads\/2023\/09\/fallo.png",600,323,false],"1536x1536":["https:\/\/apuntesdesanluis.com\/wp-content\/uploads\/2023\/09\/fallo.png",600,323,false],"2048x2048":["https:\/\/apuntesdesanluis.com\/wp-content\/uploads\/2023\/09\/fallo.png",600,323,false],"newsever-slider-full":["https:\/\/apuntesdesanluis.com\/wp-content\/uploads\/2023\/09\/fallo.png",600,323,false],"newsever-featured":["https:\/\/apuntesdesanluis.com\/wp-content\/uploads\/2023\/09\/fallo.png",600,323,false],"newsever-medium":["https:\/\/apuntesdesanluis.com\/wp-content\/uploads\/2023\/09\/fallo.png",600,323,false]},"author_info":{"display_name":"apuntesdesanluis.com","author_link":"https:\/\/apuntesdesanluis.com\/index.php\/author\/apuntesdesanluis-com\/"},"category_info":"<a href=\"https:\/\/apuntesdesanluis.com\/index.php\/category\/ciudad-provincia\/\" rel=\"category tag\">Ciudad\/Provincia<\/a>","tag_info":"Ciudad\/Provincia","comment_count":"0","_links":{"self":[{"href":"https:\/\/apuntesdesanluis.com\/index.php\/wp-json\/wp\/v2\/posts\/2904","targetHints":{"allow":["GET"]}}],"collection":[{"href":"https:\/\/apuntesdesanluis.com\/index.php\/wp-json\/wp\/v2\/posts"}],"about":[{"href":"https:\/\/apuntesdesanluis.com\/index.php\/wp-json\/wp\/v2\/types\/post"}],"author":[{"embeddable":true,"href":"https:\/\/apuntesdesanluis.com\/index.php\/wp-json\/wp\/v2\/users\/1"}],"replies":[{"embeddable":true,"href":"https:\/\/apuntesdesanluis.com\/index.php\/wp-json\/wp\/v2\/comments?post=2904"}],"version-history":[{"count":1,"href":"https:\/\/apuntesdesanluis.com\/index.php\/wp-json\/wp\/v2\/posts\/2904\/revisions"}],"predecessor-version":[{"id":2906,"href":"https:\/\/apuntesdesanluis.com\/index.php\/wp-json\/wp\/v2\/posts\/2904\/revisions\/2906"}],"wp:featuredmedia":[{"embeddable":true,"href":"https:\/\/apuntesdesanluis.com\/index.php\/wp-json\/wp\/v2\/media\/2905"}],"wp:attachment":[{"href":"https:\/\/apuntesdesanluis.com\/index.php\/wp-json\/wp\/v2\/media?parent=2904"}],"wp:term":[{"taxonomy":"category","embeddable":true,"href":"https:\/\/apuntesdesanluis.com\/index.php\/wp-json\/wp\/v2\/categories?post=2904"},{"taxonomy":"post_tag","embeddable":true,"href":"https:\/\/apuntesdesanluis.com\/index.php\/wp-json\/wp\/v2\/tags?post=2904"}],"curies":[{"name":"wp","href":"https:\/\/api.w.org\/{rel}","templated":true}]}}