{"id":29053,"date":"2025-02-12T20:07:19","date_gmt":"2025-02-12T23:07:19","guid":{"rendered":"https:\/\/apuntesdesanluis.com\/?p=29053"},"modified":"2025-02-12T20:07:19","modified_gmt":"2025-02-12T23:07:19","slug":"el-poder-judicial-difundio-la-carta-de-despedida-del-procurador-luis-martinez","status":"publish","type":"post","link":"https:\/\/apuntesdesanluis.com\/index.php\/2025\/02\/12\/el-poder-judicial-difundio-la-carta-de-despedida-del-procurador-luis-martinez\/","title":{"rendered":"EL PODER JUDICIAL DIFUNDI\u00d3 LA CARTA DE DESPEDIDA DEL PROCURADOR LUIS MARTINEZ"},"content":{"rendered":"<h3>El sitio institucional del Poder Judicial dio a conocer la misiva de despedida que envi\u00f3 el Procurador General <strong>Luis Martinez<\/strong>, quien present\u00f3 su renuncia ayer al gobernador, y que se har\u00e1 efectiva a partir del 28 de febrero.<\/h3>\n<h3>A continuaci\u00f3n se difunde en forma textual la carta.<\/h3>\n<h3>Estimados miembros del Ministerio P\u00fablico Fiscal:<\/h3>\n<h3>Hoy me toca comunicar a cada uno de ustedes mi dimisi\u00f3n al cargo de Procurador General; decisi\u00f3n dif\u00edcil pero inevitable, decisi\u00f3n que adopto luego de procurarme mucha templanza de razonamiento.<\/h3>\n<h3>Antes de agradecer a todos ustedes, finalidad esencial de esta carta, quiero enmarcar esta decisi\u00f3n en el conjunto de valores que me han sostenido hasta ac\u00e1 y me ayudan finalmente a tomar esta dif\u00edcil decisi\u00f3n.<\/h3>\n<h3>Vine a este Ministerio P\u00fablico con el compromiso de colaborar en una reforma paradigm\u00e1tica para alcanzar el Sistema Acusatorio, un proyecto procesal, judicial e institucional que no pod\u00eda esperar m\u00e1s tiempo y procuraba garantizar los principios constitucionales y convencionales para los que se llamaba a servir. El proyecto se logr\u00f3 con el esfuerzo de todos los actores sociales, profesionales, pol\u00edticos e institucionales, y aun sabiendo que no estaban todas las condiciones, hab\u00eda que enfrentarlo, sorteando todas las dificultades a sabiendas que ah\u00ed tambi\u00e9n estaba el bien mayor.<\/h3>\n<h3>En la vida enfrentamos situaciones por las que debemos tomar decisiones dif\u00edciles que implican sacrificar algo personalmente valioso para proteger un bien mayor. Ese bien mayor es el valor Justicia, el Ministerio P\u00fablico Fiscal y los ciudadanos a los que representamos, nuestros deberes institucionales, sociales y hasta los intereses y necesidades que compartimos, por eso, en ocasiones, para proteger este bien com\u00fan mayor, es necesario sacrificar intereses personales o individuales.<\/h3>\n<h3>Todos ustedes llevan adelante una tarea colosal, dolorosa, agotadora e injustamente desconocida; estoy convencido que no se merecen una cr\u00edtica destructiva sino constructiva, un esfuerzo interinstitucional, un dialogo de poderes que permita concretar aquello que a mi entender representa m\u00e1s que una norma procesal, representa un verdadero imperativo categ\u00f3rico para todos nosotros \u201c\u2026procurando la soluci\u00f3n del conflicto primario surgido a consecuencia del hecho, a fin de contribuir a restablecer la armon\u00eda entre sus protagonistas y la paz social\u201d.<\/h3>\n<h3>Finalmente, quiero destacar ante ustedes mi primera visi\u00f3n de los valores que deb\u00edan imperar en el MPF y a partir de los cuales encontramos una identidad que represente a los valores comprometidos de nuestra historia colectiva; el LOGO S\u00cdMBOLO del MPF, el Monumento al Pueblo Puntano de la Independencia con todo lo que ello significa, deber\u00e1 seguir inspirando una idea de gesta, de proyecto institucional amplio, respetuoso, colectivo y profundamente comprometido socialmente. Por eso anhelo dejarlo aqu\u00ed:<\/h3>\n<h3><em>\u201cLa figura m\u00e1s representativa es la imagen que se eleva con los brazos firmes transmitiendo valent\u00eda y el coraje que caracteriz\u00f3 a los puntanos. Todo esto fue plasmado en la figura humana que representa el esp\u00edritu del pueblo puntano, en actitud de arrojo, y la misma tiene rasgos ind\u00edgenas. Los animales que lo rodean son figuras que identifican a San Luis, como el venado de las pampas, donde uno est\u00e1 en actitud de pastoreo y otro est\u00e1 en estado de alerta. El resto del grupo est\u00e1 integrado por diversos personajes que fueron protagonistas de la gesta: el joven, la mujer, el chasqui, el miliciano rural, los campesinos, el artesano, el religioso y el mismo gobernador Dupuy, quien lleva en su pu\u00f1o un pergamino que contiene una lista de los aportes del pueblo puntano, solicitados por el Gral. San Mart\u00edn. En esta obra se sintetiza la procesi\u00f3n que encabeza el gobernador Dupuy, quien toma la responsabilidad de movilizar a toda la ciudadan\u00eda ante el llamado de ayuda de San Mart\u00edn. Un hecho hist\u00f3rico libertario que se relaciona con un servicio de justicia que busca generar una sociedad m\u00e1s justa. La presencia de los venados, los pueblos originarios, y una figura humana sin g\u00e9nero representan una sociedad inclusiva que protege su ecosistema y su medioambiente, como partes fundamentales para la subsistencia de la humanidad. Los colores elegidos representan la neutralidad y la imparcialidad como valores irrecurribles para coadyuvar a la paz social\u201d.<\/em><\/h3>\n<h3>\u00a1Gracias a todos, con afecto!!<\/h3>\n<h3><strong>\u00a0\u00a0\u00a0\u00a0\u00a0\u00a0\u00a0\u00a0\u00a0\u00a0\u00a0\u00a0\u00a0\u00a0\u00a0\u00a0\u00a0\u00a0\u00a0\u00a0\u00a0\u00a0\u00a0\u00a0\u00a0\u00a0\u00a0\u00a0\u00a0\u00a0\u00a0\u00a0\u00a0\u00a0 Lucho Martinez<\/strong><\/h3>\n<p>&nbsp;<\/p>\n<p>&nbsp;<\/p>\n<p>&nbsp;<\/p>\n","protected":false},"excerpt":{"rendered":"<p>El sitio institucional del Poder Judicial dio a conocer la misiva de despedida que envi\u00f3&#8230;<\/p>\n","protected":false},"author":1,"featured_media":29054,"comment_status":"closed","ping_status":"closed","sticky":false,"template":"","format":"standard","meta":{"footnotes":""},"categories":[6],"tags":[],"class_list":["post-29053","post","type-post","status-publish","format-standard","has-post-thumbnail","hentry","category-ciudad-provincia"],"yoast_head":"<!-- This site is optimized with the Yoast SEO plugin v26.1.1 - https:\/\/yoast.com\/wordpress\/plugins\/seo\/ -->\n<title>EL PODER JUDICIAL DIFUNDI\u00d3 LA CARTA DE DESPEDIDA DEL PROCURADOR LUIS MARTINEZ - Apuntes de San Luis<\/title>\n<meta name=\"robots\" content=\"index, follow, max-snippet:-1, max-image-preview:large, max-video-preview:-1\" \/>\n<link rel=\"canonical\" href=\"https:\/\/apuntesdesanluis.com\/index.php\/2025\/02\/12\/el-poder-judicial-difundio-la-carta-de-despedida-del-procurador-luis-martinez\/\" \/>\n<meta property=\"og:locale\" content=\"es_ES\" \/>\n<meta property=\"og:type\" content=\"article\" \/>\n<meta property=\"og:title\" content=\"EL PODER JUDICIAL DIFUNDI\u00d3 LA CARTA DE DESPEDIDA DEL PROCURADOR LUIS MARTINEZ - Apuntes de San Luis\" \/>\n<meta property=\"og:description\" content=\"El sitio institucional del Poder Judicial dio a conocer la misiva de despedida que envi\u00f3...\" \/>\n<meta property=\"og:url\" content=\"https:\/\/apuntesdesanluis.com\/index.php\/2025\/02\/12\/el-poder-judicial-difundio-la-carta-de-despedida-del-procurador-luis-martinez\/\" \/>\n<meta property=\"og:site_name\" content=\"Apuntes de San Luis\" \/>\n<meta property=\"article:published_time\" content=\"2025-02-12T23:07:19+00:00\" \/>\n<meta property=\"og:image\" content=\"https:\/\/apuntesdesanluis.com\/wp-content\/uploads\/2025\/02\/lucho-martinez.png\" \/>\n\t<meta property=\"og:image:width\" content=\"700\" \/>\n\t<meta property=\"og:image:height\" content=\"460\" \/>\n\t<meta property=\"og:image:type\" content=\"image\/png\" \/>\n<meta name=\"author\" content=\"apuntesdesanluis.com\" \/>\n<meta name=\"twitter:card\" content=\"summary_large_image\" \/>\n<meta name=\"twitter:label1\" content=\"Escrito por\" \/>\n\t<meta name=\"twitter:data1\" content=\"apuntesdesanluis.com\" \/>\n\t<meta name=\"twitter:label2\" content=\"Tiempo de lectura\" \/>\n\t<meta name=\"twitter:data2\" content=\"4 minutos\" \/>\n<script type=\"application\/ld+json\" class=\"yoast-schema-graph\">{\"@context\":\"https:\/\/schema.org\",\"@graph\":[{\"@type\":\"Article\",\"@id\":\"https:\/\/apuntesdesanluis.com\/index.php\/2025\/02\/12\/el-poder-judicial-difundio-la-carta-de-despedida-del-procurador-luis-martinez\/#article\",\"isPartOf\":{\"@id\":\"https:\/\/apuntesdesanluis.com\/index.php\/2025\/02\/12\/el-poder-judicial-difundio-la-carta-de-despedida-del-procurador-luis-martinez\/\"},\"author\":{\"name\":\"apuntesdesanluis.com\",\"@id\":\"https:\/\/apuntesdesanluis.com\/#\/schema\/person\/b55151d52296fcce64d1a72538a70b90\"},\"headline\":\"EL PODER JUDICIAL DIFUNDI\u00d3 LA CARTA DE DESPEDIDA DEL PROCURADOR LUIS MARTINEZ\",\"datePublished\":\"2025-02-12T23:07:19+00:00\",\"mainEntityOfPage\":{\"@id\":\"https:\/\/apuntesdesanluis.com\/index.php\/2025\/02\/12\/el-poder-judicial-difundio-la-carta-de-despedida-del-procurador-luis-martinez\/\"},\"wordCount\":730,\"publisher\":{\"@id\":\"https:\/\/apuntesdesanluis.com\/#\/schema\/person\/b55151d52296fcce64d1a72538a70b90\"},\"image\":{\"@id\":\"https:\/\/apuntesdesanluis.com\/index.php\/2025\/02\/12\/el-poder-judicial-difundio-la-carta-de-despedida-del-procurador-luis-martinez\/#primaryimage\"},\"thumbnailUrl\":\"https:\/\/apuntesdesanluis.com\/wp-content\/uploads\/2025\/02\/lucho-martinez.png\",\"articleSection\":[\"Ciudad\/Provincia\"],\"inLanguage\":\"es-AR\"},{\"@type\":\"WebPage\",\"@id\":\"https:\/\/apuntesdesanluis.com\/index.php\/2025\/02\/12\/el-poder-judicial-difundio-la-carta-de-despedida-del-procurador-luis-martinez\/\",\"url\":\"https:\/\/apuntesdesanluis.com\/index.php\/2025\/02\/12\/el-poder-judicial-difundio-la-carta-de-despedida-del-procurador-luis-martinez\/\",\"name\":\"EL PODER JUDICIAL DIFUNDI\u00d3 LA CARTA DE DESPEDIDA DEL PROCURADOR LUIS MARTINEZ - Apuntes de San Luis\",\"isPartOf\":{\"@id\":\"https:\/\/apuntesdesanluis.com\/#website\"},\"primaryImageOfPage\":{\"@id\":\"https:\/\/apuntesdesanluis.com\/index.php\/2025\/02\/12\/el-poder-judicial-difundio-la-carta-de-despedida-del-procurador-luis-martinez\/#primaryimage\"},\"image\":{\"@id\":\"https:\/\/apuntesdesanluis.com\/index.php\/2025\/02\/12\/el-poder-judicial-difundio-la-carta-de-despedida-del-procurador-luis-martinez\/#primaryimage\"},\"thumbnailUrl\":\"https:\/\/apuntesdesanluis.com\/wp-content\/uploads\/2025\/02\/lucho-martinez.png\",\"datePublished\":\"2025-02-12T23:07:19+00:00\",\"breadcrumb\":{\"@id\":\"https:\/\/apuntesdesanluis.com\/index.php\/2025\/02\/12\/el-poder-judicial-difundio-la-carta-de-despedida-del-procurador-luis-martinez\/#breadcrumb\"},\"inLanguage\":\"es-AR\",\"potentialAction\":[{\"@type\":\"ReadAction\",\"target\":[\"https:\/\/apuntesdesanluis.com\/index.php\/2025\/02\/12\/el-poder-judicial-difundio-la-carta-de-despedida-del-procurador-luis-martinez\/\"]}]},{\"@type\":\"ImageObject\",\"inLanguage\":\"es-AR\",\"@id\":\"https:\/\/apuntesdesanluis.com\/index.php\/2025\/02\/12\/el-poder-judicial-difundio-la-carta-de-despedida-del-procurador-luis-martinez\/#primaryimage\",\"url\":\"https:\/\/apuntesdesanluis.com\/wp-content\/uploads\/2025\/02\/lucho-martinez.png\",\"contentUrl\":\"https:\/\/apuntesdesanluis.com\/wp-content\/uploads\/2025\/02\/lucho-martinez.png\",\"width\":700,\"height\":460},{\"@type\":\"BreadcrumbList\",\"@id\":\"https:\/\/apuntesdesanluis.com\/index.php\/2025\/02\/12\/el-poder-judicial-difundio-la-carta-de-despedida-del-procurador-luis-martinez\/#breadcrumb\",\"itemListElement\":[{\"@type\":\"ListItem\",\"position\":1,\"name\":\"Inicio\",\"item\":\"https:\/\/apuntesdesanluis.com\/\"},{\"@type\":\"ListItem\",\"position\":2,\"name\":\"EL PODER JUDICIAL DIFUNDI\u00d3 LA CARTA DE DESPEDIDA DEL PROCURADOR LUIS MARTINEZ\"}]},{\"@type\":\"WebSite\",\"@id\":\"https:\/\/apuntesdesanluis.com\/#website\",\"url\":\"https:\/\/apuntesdesanluis.com\/\",\"name\":\"Apuntes de San Luis\",\"description\":\"\",\"publisher\":{\"@id\":\"https:\/\/apuntesdesanluis.com\/#\/schema\/person\/b55151d52296fcce64d1a72538a70b90\"},\"potentialAction\":[{\"@type\":\"SearchAction\",\"target\":{\"@type\":\"EntryPoint\",\"urlTemplate\":\"https:\/\/apuntesdesanluis.com\/?s={search_term_string}\"},\"query-input\":{\"@type\":\"PropertyValueSpecification\",\"valueRequired\":true,\"valueName\":\"search_term_string\"}}],\"inLanguage\":\"es-AR\"},{\"@type\":[\"Person\",\"Organization\"],\"@id\":\"https:\/\/apuntesdesanluis.com\/#\/schema\/person\/b55151d52296fcce64d1a72538a70b90\",\"name\":\"apuntesdesanluis.com\",\"image\":{\"@type\":\"ImageObject\",\"inLanguage\":\"es-AR\",\"@id\":\"https:\/\/apuntesdesanluis.com\/#\/schema\/person\/image\/\",\"url\":\"https:\/\/apuntesdesanluis.com\/wp-content\/uploads\/2023\/07\/cropped-apuntesdesanluis.png\",\"contentUrl\":\"https:\/\/apuntesdesanluis.com\/wp-content\/uploads\/2023\/07\/cropped-apuntesdesanluis.png\",\"width\":450,\"height\":112,\"caption\":\"apuntesdesanluis.com\"},\"logo\":{\"@id\":\"https:\/\/apuntesdesanluis.com\/#\/schema\/person\/image\/\"},\"sameAs\":[\"https:\/\/apuntesdesanluis.com\"],\"url\":\"https:\/\/apuntesdesanluis.com\/index.php\/author\/apuntesdesanluis-com\/\"}]}<\/script>\n<!-- \/ Yoast SEO plugin. -->","yoast_head_json":{"title":"EL PODER JUDICIAL DIFUNDI\u00d3 LA CARTA DE DESPEDIDA DEL PROCURADOR LUIS MARTINEZ - Apuntes de San Luis","robots":{"index":"index","follow":"follow","max-snippet":"max-snippet:-1","max-image-preview":"max-image-preview:large","max-video-preview":"max-video-preview:-1"},"canonical":"https:\/\/apuntesdesanluis.com\/index.php\/2025\/02\/12\/el-poder-judicial-difundio-la-carta-de-despedida-del-procurador-luis-martinez\/","og_locale":"es_ES","og_type":"article","og_title":"EL PODER JUDICIAL DIFUNDI\u00d3 LA CARTA DE DESPEDIDA DEL PROCURADOR LUIS MARTINEZ - Apuntes de San Luis","og_description":"El sitio institucional del Poder Judicial dio a conocer la misiva de despedida que envi\u00f3...","og_url":"https:\/\/apuntesdesanluis.com\/index.php\/2025\/02\/12\/el-poder-judicial-difundio-la-carta-de-despedida-del-procurador-luis-martinez\/","og_site_name":"Apuntes de San Luis","article_published_time":"2025-02-12T23:07:19+00:00","og_image":[{"width":700,"height":460,"url":"https:\/\/apuntesdesanluis.com\/wp-content\/uploads\/2025\/02\/lucho-martinez.png","type":"image\/png"}],"author":"apuntesdesanluis.com","twitter_card":"summary_large_image","twitter_misc":{"Escrito por":"apuntesdesanluis.com","Tiempo de lectura":"4 minutos"},"schema":{"@context":"https:\/\/schema.org","@graph":[{"@type":"Article","@id":"https:\/\/apuntesdesanluis.com\/index.php\/2025\/02\/12\/el-poder-judicial-difundio-la-carta-de-despedida-del-procurador-luis-martinez\/#article","isPartOf":{"@id":"https:\/\/apuntesdesanluis.com\/index.php\/2025\/02\/12\/el-poder-judicial-difundio-la-carta-de-despedida-del-procurador-luis-martinez\/"},"author":{"name":"apuntesdesanluis.com","@id":"https:\/\/apuntesdesanluis.com\/#\/schema\/person\/b55151d52296fcce64d1a72538a70b90"},"headline":"EL PODER JUDICIAL DIFUNDI\u00d3 LA CARTA DE DESPEDIDA DEL PROCURADOR LUIS MARTINEZ","datePublished":"2025-02-12T23:07:19+00:00","mainEntityOfPage":{"@id":"https:\/\/apuntesdesanluis.com\/index.php\/2025\/02\/12\/el-poder-judicial-difundio-la-carta-de-despedida-del-procurador-luis-martinez\/"},"wordCount":730,"publisher":{"@id":"https:\/\/apuntesdesanluis.com\/#\/schema\/person\/b55151d52296fcce64d1a72538a70b90"},"image":{"@id":"https:\/\/apuntesdesanluis.com\/index.php\/2025\/02\/12\/el-poder-judicial-difundio-la-carta-de-despedida-del-procurador-luis-martinez\/#primaryimage"},"thumbnailUrl":"https:\/\/apuntesdesanluis.com\/wp-content\/uploads\/2025\/02\/lucho-martinez.png","articleSection":["Ciudad\/Provincia"],"inLanguage":"es-AR"},{"@type":"WebPage","@id":"https:\/\/apuntesdesanluis.com\/index.php\/2025\/02\/12\/el-poder-judicial-difundio-la-carta-de-despedida-del-procurador-luis-martinez\/","url":"https:\/\/apuntesdesanluis.com\/index.php\/2025\/02\/12\/el-poder-judicial-difundio-la-carta-de-despedida-del-procurador-luis-martinez\/","name":"EL PODER JUDICIAL DIFUNDI\u00d3 LA CARTA DE DESPEDIDA DEL PROCURADOR LUIS MARTINEZ - Apuntes de San Luis","isPartOf":{"@id":"https:\/\/apuntesdesanluis.com\/#website"},"primaryImageOfPage":{"@id":"https:\/\/apuntesdesanluis.com\/index.php\/2025\/02\/12\/el-poder-judicial-difundio-la-carta-de-despedida-del-procurador-luis-martinez\/#primaryimage"},"image":{"@id":"https:\/\/apuntesdesanluis.com\/index.php\/2025\/02\/12\/el-poder-judicial-difundio-la-carta-de-despedida-del-procurador-luis-martinez\/#primaryimage"},"thumbnailUrl":"https:\/\/apuntesdesanluis.com\/wp-content\/uploads\/2025\/02\/lucho-martinez.png","datePublished":"2025-02-12T23:07:19+00:00","breadcrumb":{"@id":"https:\/\/apuntesdesanluis.com\/index.php\/2025\/02\/12\/el-poder-judicial-difundio-la-carta-de-despedida-del-procurador-luis-martinez\/#breadcrumb"},"inLanguage":"es-AR","potentialAction":[{"@type":"ReadAction","target":["https:\/\/apuntesdesanluis.com\/index.php\/2025\/02\/12\/el-poder-judicial-difundio-la-carta-de-despedida-del-procurador-luis-martinez\/"]}]},{"@type":"ImageObject","inLanguage":"es-AR","@id":"https:\/\/apuntesdesanluis.com\/index.php\/2025\/02\/12\/el-poder-judicial-difundio-la-carta-de-despedida-del-procurador-luis-martinez\/#primaryimage","url":"https:\/\/apuntesdesanluis.com\/wp-content\/uploads\/2025\/02\/lucho-martinez.png","contentUrl":"https:\/\/apuntesdesanluis.com\/wp-content\/uploads\/2025\/02\/lucho-martinez.png","width":700,"height":460},{"@type":"BreadcrumbList","@id":"https:\/\/apuntesdesanluis.com\/index.php\/2025\/02\/12\/el-poder-judicial-difundio-la-carta-de-despedida-del-procurador-luis-martinez\/#breadcrumb","itemListElement":[{"@type":"ListItem","position":1,"name":"Inicio","item":"https:\/\/apuntesdesanluis.com\/"},{"@type":"ListItem","position":2,"name":"EL PODER JUDICIAL DIFUNDI\u00d3 LA CARTA DE DESPEDIDA DEL PROCURADOR LUIS MARTINEZ"}]},{"@type":"WebSite","@id":"https:\/\/apuntesdesanluis.com\/#website","url":"https:\/\/apuntesdesanluis.com\/","name":"Apuntes de San Luis","description":"","publisher":{"@id":"https:\/\/apuntesdesanluis.com\/#\/schema\/person\/b55151d52296fcce64d1a72538a70b90"},"potentialAction":[{"@type":"SearchAction","target":{"@type":"EntryPoint","urlTemplate":"https:\/\/apuntesdesanluis.com\/?s={search_term_string}"},"query-input":{"@type":"PropertyValueSpecification","valueRequired":true,"valueName":"search_term_string"}}],"inLanguage":"es-AR"},{"@type":["Person","Organization"],"@id":"https:\/\/apuntesdesanluis.com\/#\/schema\/person\/b55151d52296fcce64d1a72538a70b90","name":"apuntesdesanluis.com","image":{"@type":"ImageObject","inLanguage":"es-AR","@id":"https:\/\/apuntesdesanluis.com\/#\/schema\/person\/image\/","url":"https:\/\/apuntesdesanluis.com\/wp-content\/uploads\/2023\/07\/cropped-apuntesdesanluis.png","contentUrl":"https:\/\/apuntesdesanluis.com\/wp-content\/uploads\/2023\/07\/cropped-apuntesdesanluis.png","width":450,"height":112,"caption":"apuntesdesanluis.com"},"logo":{"@id":"https:\/\/apuntesdesanluis.com\/#\/schema\/person\/image\/"},"sameAs":["https:\/\/apuntesdesanluis.com"],"url":"https:\/\/apuntesdesanluis.com\/index.php\/author\/apuntesdesanluis-com\/"}]}},"featured_image_urls":{"full":["https:\/\/apuntesdesanluis.com\/wp-content\/uploads\/2025\/02\/lucho-martinez.png",700,460,false],"thumbnail":["https:\/\/apuntesdesanluis.com\/wp-content\/uploads\/2025\/02\/lucho-martinez-150x150.png",150,150,true],"medium":["https:\/\/apuntesdesanluis.com\/wp-content\/uploads\/2025\/02\/lucho-martinez-300x197.png",300,197,true],"medium_large":["https:\/\/apuntesdesanluis.com\/wp-content\/uploads\/2025\/02\/lucho-martinez.png",640,421,false],"large":["https:\/\/apuntesdesanluis.com\/wp-content\/uploads\/2025\/02\/lucho-martinez.png",640,421,false],"1536x1536":["https:\/\/apuntesdesanluis.com\/wp-content\/uploads\/2025\/02\/lucho-martinez.png",700,460,false],"2048x2048":["https:\/\/apuntesdesanluis.com\/wp-content\/uploads\/2025\/02\/lucho-martinez.png",700,460,false],"newsever-slider-full":["https:\/\/apuntesdesanluis.com\/wp-content\/uploads\/2025\/02\/lucho-martinez.png",700,460,false],"newsever-featured":["https:\/\/apuntesdesanluis.com\/wp-content\/uploads\/2025\/02\/lucho-martinez.png",700,460,false],"newsever-medium":["https:\/\/apuntesdesanluis.com\/wp-content\/uploads\/2025\/02\/lucho-martinez.png",700,460,false]},"author_info":{"display_name":"apuntesdesanluis.com","author_link":"https:\/\/apuntesdesanluis.com\/index.php\/author\/apuntesdesanluis-com\/"},"category_info":"<a href=\"https:\/\/apuntesdesanluis.com\/index.php\/category\/ciudad-provincia\/\" rel=\"category tag\">Ciudad\/Provincia<\/a>","tag_info":"Ciudad\/Provincia","comment_count":"0","_links":{"self":[{"href":"https:\/\/apuntesdesanluis.com\/index.php\/wp-json\/wp\/v2\/posts\/29053","targetHints":{"allow":["GET"]}}],"collection":[{"href":"https:\/\/apuntesdesanluis.com\/index.php\/wp-json\/wp\/v2\/posts"}],"about":[{"href":"https:\/\/apuntesdesanluis.com\/index.php\/wp-json\/wp\/v2\/types\/post"}],"author":[{"embeddable":true,"href":"https:\/\/apuntesdesanluis.com\/index.php\/wp-json\/wp\/v2\/users\/1"}],"replies":[{"embeddable":true,"href":"https:\/\/apuntesdesanluis.com\/index.php\/wp-json\/wp\/v2\/comments?post=29053"}],"version-history":[{"count":1,"href":"https:\/\/apuntesdesanluis.com\/index.php\/wp-json\/wp\/v2\/posts\/29053\/revisions"}],"predecessor-version":[{"id":29055,"href":"https:\/\/apuntesdesanluis.com\/index.php\/wp-json\/wp\/v2\/posts\/29053\/revisions\/29055"}],"wp:featuredmedia":[{"embeddable":true,"href":"https:\/\/apuntesdesanluis.com\/index.php\/wp-json\/wp\/v2\/media\/29054"}],"wp:attachment":[{"href":"https:\/\/apuntesdesanluis.com\/index.php\/wp-json\/wp\/v2\/media?parent=29053"}],"wp:term":[{"taxonomy":"category","embeddable":true,"href":"https:\/\/apuntesdesanluis.com\/index.php\/wp-json\/wp\/v2\/categories?post=29053"},{"taxonomy":"post_tag","embeddable":true,"href":"https:\/\/apuntesdesanluis.com\/index.php\/wp-json\/wp\/v2\/tags?post=29053"}],"curies":[{"name":"wp","href":"https:\/\/api.w.org\/{rel}","templated":true}]}}