{"id":29056,"date":"2025-02-12T20:23:21","date_gmt":"2025-02-12T23:23:21","guid":{"rendered":"https:\/\/apuntesdesanluis.com\/?p=29056"},"modified":"2025-02-12T20:26:16","modified_gmt":"2025-02-12T23:26:16","slug":"preocupacion-de-rectores-por-el-retiro-de-argentina-de-la-oms","status":"publish","type":"post","link":"https:\/\/apuntesdesanluis.com\/index.php\/2025\/02\/12\/preocupacion-de-rectores-por-el-retiro-de-argentina-de-la-oms\/","title":{"rendered":"PREOCUPACI\u00d3N DE RECTORES POR EL RETIRO DE ARGENTINA DE LA OMS"},"content":{"rendered":"<h3>El m\u00e1ximo \u00f3rgano que representa a los rectores de universidades nacionales de nuestro pa\u00eds expres\u00f3 su preocupaci\u00f3n por la decisi\u00f3n del gobierno nacional de retirar a la Argentina de la <strong>Organizaci\u00f3n Mundial de la Salud<\/strong>, al tiempo que reclamo \u201crevisar la medida\u201d.<\/h3>\n<h3>La Declaraci\u00f3n se\u00f1ala en forma textual:<\/h3>\n<h3>Las y los integrantes del Comit\u00e9 Ejecutivo del Consejo Interuniversitario Nacional (CIN) vemos con gran preocupaci\u00f3n la decisi\u00f3n del gobierno nacional de retirar a la Argentina de la Organizaci\u00f3n Mundial de la Salud (OMS).<\/h3>\n<h3>Entendemos que la OMS trabaja hace 70 a\u00f1os por la promoci\u00f3n de la cooperaci\u00f3n t\u00e9cnica internacional al establecer est\u00e1ndares sanitarios internacionales, articular estrategias ante emergencias, dar voz a sus estados miembros para la toma de decisiones globales, facilitar el acceso a distintas tecnolog\u00edas, coordinar respuestas frente a epidemias y facilitar el acceso a medicamentos y diversas tecnolog\u00edas que favorecen la investigaci\u00f3n y el abordaje sobre enfermedades.<\/h3>\n<h3>Sabemos que existen profundas desigualdades de acceso a la salud en diferentes pa\u00edses pero, tambi\u00e9n, somos conscientes de que las hay entre las distintas regiones de nuestra propia naci\u00f3n. En ese sentido, consideramos que la cooperaci\u00f3n global en derechos humanos b\u00e1sicos, como es la salud, no debe ser entendida como un abandono de la soberan\u00eda sino, m\u00e1s bien, como una prioridad, con el compromiso del bienestar de un pa\u00eds soberano.<\/h3>\n<h3>Desde este Consejo aspiramos a la promoci\u00f3n de una salud p\u00fablica que se encuentre cada vez m\u00e1s fortalecida; y a una salud p\u00fablica que d\u00e9 respuestas no solamente a las necesidades actuales y emergentes de la poblaci\u00f3n, sino tambi\u00e9n que apunte a mejores est\u00e1ndares de calidad de vida de nuestra poblaci\u00f3n. Desde nuestras universidades apostamos a seguir contribuyendo con la salud de la poblaci\u00f3n mediante la generaci\u00f3n de conocimientos y el posicionamiento ante decisiones que la afecten.<\/h3>\n<h3>Nos sumamos a la inquietud expresada por el Foro de Facultades y Escuelas de Medicina\u00a0P\u00fablicas de la Rep\u00fablica Argentina y por la Asociaci\u00f3n Civil de Escuelas Universitarias de Enfermer\u00eda de la Rep\u00fablica Argentina en sendas notas remitidas al CIN. En la misma l\u00ednea, recomendamos que las autoridades nacionales revisen la medida y prioricen la salud de las personas por sobre decisiones que conduzcan al debilitamiento y al retroceso de nuestro sistema sanitario con la decisi\u00f3n de prescindir de mecanismos globales de cooperaci\u00f3n en salud.<\/h3>\n<h3><strong>Comit\u00e9 Ejecutivo &#8211;\u00a0<\/strong><strong>Consejo Interuniversitario Nacional (CIN)<\/strong><\/h3>\n<h3>12\u00a0 de febrero de\u00a0 2025<\/h3>\n<h3><\/h3>\n<p>&nbsp;<\/p>\n<p>&nbsp;<\/p>\n","protected":false},"excerpt":{"rendered":"<p>El m\u00e1ximo \u00f3rgano que representa a los rectores de universidades nacionales de nuestro pa\u00eds expres\u00f3&#8230;<\/p>\n","protected":false},"author":1,"featured_media":29057,"comment_status":"closed","ping_status":"closed","sticky":false,"template":"","format":"standard","meta":{"footnotes":""},"categories":[5],"tags":[],"class_list":["post-29056","post","type-post","status-publish","format-standard","has-post-thumbnail","hentry","category-nacionales-internacionales"],"yoast_head":"<!-- This site is optimized with the Yoast SEO plugin v26.1.1 - https:\/\/yoast.com\/wordpress\/plugins\/seo\/ -->\n<title>PREOCUPACI\u00d3N DE RECTORES POR EL RETIRO DE ARGENTINA DE LA OMS - Apuntes de San Luis<\/title>\n<meta name=\"robots\" content=\"index, follow, max-snippet:-1, max-image-preview:large, max-video-preview:-1\" \/>\n<link rel=\"canonical\" href=\"https:\/\/apuntesdesanluis.com\/index.php\/2025\/02\/12\/preocupacion-de-rectores-por-el-retiro-de-argentina-de-la-oms\/\" \/>\n<meta property=\"og:locale\" content=\"es_ES\" \/>\n<meta property=\"og:type\" content=\"article\" \/>\n<meta property=\"og:title\" content=\"PREOCUPACI\u00d3N DE RECTORES POR EL RETIRO DE ARGENTINA DE LA OMS - Apuntes de San Luis\" \/>\n<meta property=\"og:description\" content=\"El m\u00e1ximo \u00f3rgano que representa a los rectores de universidades nacionales de nuestro pa\u00eds expres\u00f3...\" \/>\n<meta property=\"og:url\" content=\"https:\/\/apuntesdesanluis.com\/index.php\/2025\/02\/12\/preocupacion-de-rectores-por-el-retiro-de-argentina-de-la-oms\/\" \/>\n<meta property=\"og:site_name\" content=\"Apuntes de San Luis\" \/>\n<meta property=\"article:published_time\" content=\"2025-02-12T23:23:21+00:00\" \/>\n<meta property=\"article:modified_time\" content=\"2025-02-12T23:26:16+00:00\" \/>\n<meta property=\"og:image\" content=\"https:\/\/apuntesdesanluis.com\/wp-content\/uploads\/2025\/02\/milei-oms.png\" \/>\n\t<meta property=\"og:image:width\" content=\"734\" \/>\n\t<meta property=\"og:image:height\" content=\"454\" \/>\n\t<meta property=\"og:image:type\" content=\"image\/png\" \/>\n<meta name=\"author\" content=\"apuntesdesanluis.com\" \/>\n<meta name=\"twitter:card\" content=\"summary_large_image\" \/>\n<meta name=\"twitter:label1\" content=\"Escrito por\" \/>\n\t<meta name=\"twitter:data1\" content=\"apuntesdesanluis.com\" \/>\n\t<meta name=\"twitter:label2\" content=\"Tiempo de lectura\" \/>\n\t<meta name=\"twitter:data2\" content=\"2 minutos\" \/>\n<script type=\"application\/ld+json\" class=\"yoast-schema-graph\">{\"@context\":\"https:\/\/schema.org\",\"@graph\":[{\"@type\":\"Article\",\"@id\":\"https:\/\/apuntesdesanluis.com\/index.php\/2025\/02\/12\/preocupacion-de-rectores-por-el-retiro-de-argentina-de-la-oms\/#article\",\"isPartOf\":{\"@id\":\"https:\/\/apuntesdesanluis.com\/index.php\/2025\/02\/12\/preocupacion-de-rectores-por-el-retiro-de-argentina-de-la-oms\/\"},\"author\":{\"name\":\"apuntesdesanluis.com\",\"@id\":\"https:\/\/apuntesdesanluis.com\/#\/schema\/person\/b55151d52296fcce64d1a72538a70b90\"},\"headline\":\"PREOCUPACI\u00d3N DE RECTORES POR EL RETIRO DE ARGENTINA DE LA OMS\",\"datePublished\":\"2025-02-12T23:23:21+00:00\",\"dateModified\":\"2025-02-12T23:26:16+00:00\",\"mainEntityOfPage\":{\"@id\":\"https:\/\/apuntesdesanluis.com\/index.php\/2025\/02\/12\/preocupacion-de-rectores-por-el-retiro-de-argentina-de-la-oms\/\"},\"wordCount\":447,\"publisher\":{\"@id\":\"https:\/\/apuntesdesanluis.com\/#\/schema\/person\/b55151d52296fcce64d1a72538a70b90\"},\"image\":{\"@id\":\"https:\/\/apuntesdesanluis.com\/index.php\/2025\/02\/12\/preocupacion-de-rectores-por-el-retiro-de-argentina-de-la-oms\/#primaryimage\"},\"thumbnailUrl\":\"https:\/\/apuntesdesanluis.com\/wp-content\/uploads\/2025\/02\/milei-oms.png\",\"articleSection\":[\"Nacionales\/Internacionales\"],\"inLanguage\":\"es-AR\"},{\"@type\":\"WebPage\",\"@id\":\"https:\/\/apuntesdesanluis.com\/index.php\/2025\/02\/12\/preocupacion-de-rectores-por-el-retiro-de-argentina-de-la-oms\/\",\"url\":\"https:\/\/apuntesdesanluis.com\/index.php\/2025\/02\/12\/preocupacion-de-rectores-por-el-retiro-de-argentina-de-la-oms\/\",\"name\":\"PREOCUPACI\u00d3N DE RECTORES POR EL RETIRO DE ARGENTINA DE LA OMS - Apuntes de San Luis\",\"isPartOf\":{\"@id\":\"https:\/\/apuntesdesanluis.com\/#website\"},\"primaryImageOfPage\":{\"@id\":\"https:\/\/apuntesdesanluis.com\/index.php\/2025\/02\/12\/preocupacion-de-rectores-por-el-retiro-de-argentina-de-la-oms\/#primaryimage\"},\"image\":{\"@id\":\"https:\/\/apuntesdesanluis.com\/index.php\/2025\/02\/12\/preocupacion-de-rectores-por-el-retiro-de-argentina-de-la-oms\/#primaryimage\"},\"thumbnailUrl\":\"https:\/\/apuntesdesanluis.com\/wp-content\/uploads\/2025\/02\/milei-oms.png\",\"datePublished\":\"2025-02-12T23:23:21+00:00\",\"dateModified\":\"2025-02-12T23:26:16+00:00\",\"breadcrumb\":{\"@id\":\"https:\/\/apuntesdesanluis.com\/index.php\/2025\/02\/12\/preocupacion-de-rectores-por-el-retiro-de-argentina-de-la-oms\/#breadcrumb\"},\"inLanguage\":\"es-AR\",\"potentialAction\":[{\"@type\":\"ReadAction\",\"target\":[\"https:\/\/apuntesdesanluis.com\/index.php\/2025\/02\/12\/preocupacion-de-rectores-por-el-retiro-de-argentina-de-la-oms\/\"]}]},{\"@type\":\"ImageObject\",\"inLanguage\":\"es-AR\",\"@id\":\"https:\/\/apuntesdesanluis.com\/index.php\/2025\/02\/12\/preocupacion-de-rectores-por-el-retiro-de-argentina-de-la-oms\/#primaryimage\",\"url\":\"https:\/\/apuntesdesanluis.com\/wp-content\/uploads\/2025\/02\/milei-oms.png\",\"contentUrl\":\"https:\/\/apuntesdesanluis.com\/wp-content\/uploads\/2025\/02\/milei-oms.png\",\"width\":734,\"height\":454},{\"@type\":\"BreadcrumbList\",\"@id\":\"https:\/\/apuntesdesanluis.com\/index.php\/2025\/02\/12\/preocupacion-de-rectores-por-el-retiro-de-argentina-de-la-oms\/#breadcrumb\",\"itemListElement\":[{\"@type\":\"ListItem\",\"position\":1,\"name\":\"Inicio\",\"item\":\"https:\/\/apuntesdesanluis.com\/\"},{\"@type\":\"ListItem\",\"position\":2,\"name\":\"PREOCUPACI\u00d3N DE RECTORES POR EL RETIRO DE ARGENTINA DE LA OMS\"}]},{\"@type\":\"WebSite\",\"@id\":\"https:\/\/apuntesdesanluis.com\/#website\",\"url\":\"https:\/\/apuntesdesanluis.com\/\",\"name\":\"Apuntes de San Luis\",\"description\":\"\",\"publisher\":{\"@id\":\"https:\/\/apuntesdesanluis.com\/#\/schema\/person\/b55151d52296fcce64d1a72538a70b90\"},\"potentialAction\":[{\"@type\":\"SearchAction\",\"target\":{\"@type\":\"EntryPoint\",\"urlTemplate\":\"https:\/\/apuntesdesanluis.com\/?s={search_term_string}\"},\"query-input\":{\"@type\":\"PropertyValueSpecification\",\"valueRequired\":true,\"valueName\":\"search_term_string\"}}],\"inLanguage\":\"es-AR\"},{\"@type\":[\"Person\",\"Organization\"],\"@id\":\"https:\/\/apuntesdesanluis.com\/#\/schema\/person\/b55151d52296fcce64d1a72538a70b90\",\"name\":\"apuntesdesanluis.com\",\"image\":{\"@type\":\"ImageObject\",\"inLanguage\":\"es-AR\",\"@id\":\"https:\/\/apuntesdesanluis.com\/#\/schema\/person\/image\/\",\"url\":\"https:\/\/apuntesdesanluis.com\/wp-content\/uploads\/2023\/07\/cropped-apuntesdesanluis.png\",\"contentUrl\":\"https:\/\/apuntesdesanluis.com\/wp-content\/uploads\/2023\/07\/cropped-apuntesdesanluis.png\",\"width\":450,\"height\":112,\"caption\":\"apuntesdesanluis.com\"},\"logo\":{\"@id\":\"https:\/\/apuntesdesanluis.com\/#\/schema\/person\/image\/\"},\"sameAs\":[\"https:\/\/apuntesdesanluis.com\"],\"url\":\"https:\/\/apuntesdesanluis.com\/index.php\/author\/apuntesdesanluis-com\/\"}]}<\/script>\n<!-- \/ Yoast SEO plugin. -->","yoast_head_json":{"title":"PREOCUPACI\u00d3N DE RECTORES POR EL RETIRO DE ARGENTINA DE LA OMS - Apuntes de San Luis","robots":{"index":"index","follow":"follow","max-snippet":"max-snippet:-1","max-image-preview":"max-image-preview:large","max-video-preview":"max-video-preview:-1"},"canonical":"https:\/\/apuntesdesanluis.com\/index.php\/2025\/02\/12\/preocupacion-de-rectores-por-el-retiro-de-argentina-de-la-oms\/","og_locale":"es_ES","og_type":"article","og_title":"PREOCUPACI\u00d3N DE RECTORES POR EL RETIRO DE ARGENTINA DE LA OMS - Apuntes de San Luis","og_description":"El m\u00e1ximo \u00f3rgano que representa a los rectores de universidades nacionales de nuestro pa\u00eds expres\u00f3...","og_url":"https:\/\/apuntesdesanluis.com\/index.php\/2025\/02\/12\/preocupacion-de-rectores-por-el-retiro-de-argentina-de-la-oms\/","og_site_name":"Apuntes de San Luis","article_published_time":"2025-02-12T23:23:21+00:00","article_modified_time":"2025-02-12T23:26:16+00:00","og_image":[{"width":734,"height":454,"url":"https:\/\/apuntesdesanluis.com\/wp-content\/uploads\/2025\/02\/milei-oms.png","type":"image\/png"}],"author":"apuntesdesanluis.com","twitter_card":"summary_large_image","twitter_misc":{"Escrito por":"apuntesdesanluis.com","Tiempo de lectura":"2 minutos"},"schema":{"@context":"https:\/\/schema.org","@graph":[{"@type":"Article","@id":"https:\/\/apuntesdesanluis.com\/index.php\/2025\/02\/12\/preocupacion-de-rectores-por-el-retiro-de-argentina-de-la-oms\/#article","isPartOf":{"@id":"https:\/\/apuntesdesanluis.com\/index.php\/2025\/02\/12\/preocupacion-de-rectores-por-el-retiro-de-argentina-de-la-oms\/"},"author":{"name":"apuntesdesanluis.com","@id":"https:\/\/apuntesdesanluis.com\/#\/schema\/person\/b55151d52296fcce64d1a72538a70b90"},"headline":"PREOCUPACI\u00d3N DE RECTORES POR EL RETIRO DE ARGENTINA DE LA OMS","datePublished":"2025-02-12T23:23:21+00:00","dateModified":"2025-02-12T23:26:16+00:00","mainEntityOfPage":{"@id":"https:\/\/apuntesdesanluis.com\/index.php\/2025\/02\/12\/preocupacion-de-rectores-por-el-retiro-de-argentina-de-la-oms\/"},"wordCount":447,"publisher":{"@id":"https:\/\/apuntesdesanluis.com\/#\/schema\/person\/b55151d52296fcce64d1a72538a70b90"},"image":{"@id":"https:\/\/apuntesdesanluis.com\/index.php\/2025\/02\/12\/preocupacion-de-rectores-por-el-retiro-de-argentina-de-la-oms\/#primaryimage"},"thumbnailUrl":"https:\/\/apuntesdesanluis.com\/wp-content\/uploads\/2025\/02\/milei-oms.png","articleSection":["Nacionales\/Internacionales"],"inLanguage":"es-AR"},{"@type":"WebPage","@id":"https:\/\/apuntesdesanluis.com\/index.php\/2025\/02\/12\/preocupacion-de-rectores-por-el-retiro-de-argentina-de-la-oms\/","url":"https:\/\/apuntesdesanluis.com\/index.php\/2025\/02\/12\/preocupacion-de-rectores-por-el-retiro-de-argentina-de-la-oms\/","name":"PREOCUPACI\u00d3N DE RECTORES POR EL RETIRO DE ARGENTINA DE LA OMS - Apuntes de San Luis","isPartOf":{"@id":"https:\/\/apuntesdesanluis.com\/#website"},"primaryImageOfPage":{"@id":"https:\/\/apuntesdesanluis.com\/index.php\/2025\/02\/12\/preocupacion-de-rectores-por-el-retiro-de-argentina-de-la-oms\/#primaryimage"},"image":{"@id":"https:\/\/apuntesdesanluis.com\/index.php\/2025\/02\/12\/preocupacion-de-rectores-por-el-retiro-de-argentina-de-la-oms\/#primaryimage"},"thumbnailUrl":"https:\/\/apuntesdesanluis.com\/wp-content\/uploads\/2025\/02\/milei-oms.png","datePublished":"2025-02-12T23:23:21+00:00","dateModified":"2025-02-12T23:26:16+00:00","breadcrumb":{"@id":"https:\/\/apuntesdesanluis.com\/index.php\/2025\/02\/12\/preocupacion-de-rectores-por-el-retiro-de-argentina-de-la-oms\/#breadcrumb"},"inLanguage":"es-AR","potentialAction":[{"@type":"ReadAction","target":["https:\/\/apuntesdesanluis.com\/index.php\/2025\/02\/12\/preocupacion-de-rectores-por-el-retiro-de-argentina-de-la-oms\/"]}]},{"@type":"ImageObject","inLanguage":"es-AR","@id":"https:\/\/apuntesdesanluis.com\/index.php\/2025\/02\/12\/preocupacion-de-rectores-por-el-retiro-de-argentina-de-la-oms\/#primaryimage","url":"https:\/\/apuntesdesanluis.com\/wp-content\/uploads\/2025\/02\/milei-oms.png","contentUrl":"https:\/\/apuntesdesanluis.com\/wp-content\/uploads\/2025\/02\/milei-oms.png","width":734,"height":454},{"@type":"BreadcrumbList","@id":"https:\/\/apuntesdesanluis.com\/index.php\/2025\/02\/12\/preocupacion-de-rectores-por-el-retiro-de-argentina-de-la-oms\/#breadcrumb","itemListElement":[{"@type":"ListItem","position":1,"name":"Inicio","item":"https:\/\/apuntesdesanluis.com\/"},{"@type":"ListItem","position":2,"name":"PREOCUPACI\u00d3N DE RECTORES POR EL RETIRO DE ARGENTINA DE LA OMS"}]},{"@type":"WebSite","@id":"https:\/\/apuntesdesanluis.com\/#website","url":"https:\/\/apuntesdesanluis.com\/","name":"Apuntes de San Luis","description":"","publisher":{"@id":"https:\/\/apuntesdesanluis.com\/#\/schema\/person\/b55151d52296fcce64d1a72538a70b90"},"potentialAction":[{"@type":"SearchAction","target":{"@type":"EntryPoint","urlTemplate":"https:\/\/apuntesdesanluis.com\/?s={search_term_string}"},"query-input":{"@type":"PropertyValueSpecification","valueRequired":true,"valueName":"search_term_string"}}],"inLanguage":"es-AR"},{"@type":["Person","Organization"],"@id":"https:\/\/apuntesdesanluis.com\/#\/schema\/person\/b55151d52296fcce64d1a72538a70b90","name":"apuntesdesanluis.com","image":{"@type":"ImageObject","inLanguage":"es-AR","@id":"https:\/\/apuntesdesanluis.com\/#\/schema\/person\/image\/","url":"https:\/\/apuntesdesanluis.com\/wp-content\/uploads\/2023\/07\/cropped-apuntesdesanluis.png","contentUrl":"https:\/\/apuntesdesanluis.com\/wp-content\/uploads\/2023\/07\/cropped-apuntesdesanluis.png","width":450,"height":112,"caption":"apuntesdesanluis.com"},"logo":{"@id":"https:\/\/apuntesdesanluis.com\/#\/schema\/person\/image\/"},"sameAs":["https:\/\/apuntesdesanluis.com"],"url":"https:\/\/apuntesdesanluis.com\/index.php\/author\/apuntesdesanluis-com\/"}]}},"featured_image_urls":{"full":["https:\/\/apuntesdesanluis.com\/wp-content\/uploads\/2025\/02\/milei-oms.png",734,454,false],"thumbnail":["https:\/\/apuntesdesanluis.com\/wp-content\/uploads\/2025\/02\/milei-oms-150x150.png",150,150,true],"medium":["https:\/\/apuntesdesanluis.com\/wp-content\/uploads\/2025\/02\/milei-oms-300x186.png",300,186,true],"medium_large":["https:\/\/apuntesdesanluis.com\/wp-content\/uploads\/2025\/02\/milei-oms.png",640,396,false],"large":["https:\/\/apuntesdesanluis.com\/wp-content\/uploads\/2025\/02\/milei-oms.png",640,396,false],"1536x1536":["https:\/\/apuntesdesanluis.com\/wp-content\/uploads\/2025\/02\/milei-oms.png",734,454,false],"2048x2048":["https:\/\/apuntesdesanluis.com\/wp-content\/uploads\/2025\/02\/milei-oms.png",734,454,false],"newsever-slider-full":["https:\/\/apuntesdesanluis.com\/wp-content\/uploads\/2025\/02\/milei-oms.png",734,454,false],"newsever-featured":["https:\/\/apuntesdesanluis.com\/wp-content\/uploads\/2025\/02\/milei-oms.png",734,454,false],"newsever-medium":["https:\/\/apuntesdesanluis.com\/wp-content\/uploads\/2025\/02\/milei-oms-720x454.png",720,454,true]},"author_info":{"display_name":"apuntesdesanluis.com","author_link":"https:\/\/apuntesdesanluis.com\/index.php\/author\/apuntesdesanluis-com\/"},"category_info":"<a href=\"https:\/\/apuntesdesanluis.com\/index.php\/category\/nacionales-internacionales\/\" rel=\"category tag\">Nacionales\/Internacionales<\/a>","tag_info":"Nacionales\/Internacionales","comment_count":"0","_links":{"self":[{"href":"https:\/\/apuntesdesanluis.com\/index.php\/wp-json\/wp\/v2\/posts\/29056","targetHints":{"allow":["GET"]}}],"collection":[{"href":"https:\/\/apuntesdesanluis.com\/index.php\/wp-json\/wp\/v2\/posts"}],"about":[{"href":"https:\/\/apuntesdesanluis.com\/index.php\/wp-json\/wp\/v2\/types\/post"}],"author":[{"embeddable":true,"href":"https:\/\/apuntesdesanluis.com\/index.php\/wp-json\/wp\/v2\/users\/1"}],"replies":[{"embeddable":true,"href":"https:\/\/apuntesdesanluis.com\/index.php\/wp-json\/wp\/v2\/comments?post=29056"}],"version-history":[{"count":2,"href":"https:\/\/apuntesdesanluis.com\/index.php\/wp-json\/wp\/v2\/posts\/29056\/revisions"}],"predecessor-version":[{"id":29059,"href":"https:\/\/apuntesdesanluis.com\/index.php\/wp-json\/wp\/v2\/posts\/29056\/revisions\/29059"}],"wp:featuredmedia":[{"embeddable":true,"href":"https:\/\/apuntesdesanluis.com\/index.php\/wp-json\/wp\/v2\/media\/29057"}],"wp:attachment":[{"href":"https:\/\/apuntesdesanluis.com\/index.php\/wp-json\/wp\/v2\/media?parent=29056"}],"wp:term":[{"taxonomy":"category","embeddable":true,"href":"https:\/\/apuntesdesanluis.com\/index.php\/wp-json\/wp\/v2\/categories?post=29056"},{"taxonomy":"post_tag","embeddable":true,"href":"https:\/\/apuntesdesanluis.com\/index.php\/wp-json\/wp\/v2\/tags?post=29056"}],"curies":[{"name":"wp","href":"https:\/\/api.w.org\/{rel}","templated":true}]}}