{"id":29066,"date":"2025-02-12T17:52:17","date_gmt":"2025-02-12T20:52:17","guid":{"rendered":"https:\/\/apuntesdesanluis.com\/?p=29066"},"modified":"2025-02-13T07:54:06","modified_gmt":"2025-02-13T10:54:06","slug":"polemico-derribo-de-un-mural-de-peron-y-evita-en-juana-koslay","status":"publish","type":"post","link":"https:\/\/apuntesdesanluis.com\/index.php\/2025\/02\/12\/polemico-derribo-de-un-mural-de-peron-y-evita-en-juana-koslay\/","title":{"rendered":"POL\u00c9MICO DERRIBO DE UN MURAL DE PER\u00d3N Y EVITA EN JUANA KOSLAY"},"content":{"rendered":"<h3>En una pol\u00e9mica decisi\u00f3n sobre la que no se han explicado los motivos, la municipalidad de <strong>Juana Koslay<\/strong> mand\u00f3 a derribar un mural emplazado sobre la ruta provincial N\u00b0 20, a metros de la rotonda de Cruz de Piedra, que conten\u00eda los rostros de <strong>Juan Domingo Per\u00f3n y Evita<\/strong>.<\/h3>\n<h3>El mural fue realizado por <strong>Dido<\/strong>, un artista pl\u00e1stico de la provincia, por encargo del entonces intendente <strong>Andr\u00e9s Vallone<\/strong>.<\/h3>\n<h3>La situaci\u00f3n llam\u00f3 la atenci\u00f3n de los transe\u00fantes y la noticia escal\u00f3 a trav\u00e9s de distintas reacciones en redes sociales, la mayor\u00eda cuestionando la medida. Los empleados municipales tambi\u00e9n retiraron los bustos que estaban cerca de la pared recordatoria.<\/h3>\n<p><img fetchpriority=\"high\" decoding=\"async\" class=\"wp-image-29068 aligncenter\" src=\"https:\/\/apuntesdesanluis.com\/wp-content\/uploads\/2025\/02\/plaza-vacia-300x188.png\" alt=\"\" width=\"643\" height=\"403\" srcset=\"https:\/\/apuntesdesanluis.com\/wp-content\/uploads\/2025\/02\/plaza-vacia-300x188.png 300w, https:\/\/apuntesdesanluis.com\/wp-content\/uploads\/2025\/02\/plaza-vacia-768x482.png 768w, https:\/\/apuntesdesanluis.com\/wp-content\/uploads\/2025\/02\/plaza-vacia.png 1021w\" sizes=\"(max-width: 643px) 100vw, 643px\" \/><\/p>\n<h3>Al cierre de esta edici\u00f3n, la Municipalidad de Juana Koslay a cargo de Jorge Toti Videla no inform\u00f3 las razones del derribo del mural y el destino de los bustos de las recordadas figuras.<\/h3>\n<h3><strong>REPUDIOS<\/strong><\/h3>\n<h3>El recientemente lanzado <strong>Frente por la Justicia Social<\/strong> repudi\u00f3 el retiro de los bustos de Per\u00f3n y Evita en la localidad de Juana Koslay para utilizar su locaci\u00f3n con otros fines.<\/h3>\n<h3>\u201cEsta vez, la alianza del Oficialismo dio un paso m\u00e1s en la escalada de\u00a0 violencia en consonancia con el gobierno Nacional. El pueblo puntano es respetuoso de las ideas pol\u00edticas del conjunto y consideramos que esta provocaci\u00f3n de los conversos solo sirve para generar repudios del pueblo que vive y coexiste en paz y tranquilidad entre los actores pol\u00edticos e ideol\u00f3gicos de la comunidad\u201d, se\u00f1alaron.<\/h3>\n<h3>El comunicado agrega que \u201cel intendente de Juana Koslay tom\u00f3 esa decisi\u00f3n y la consideramos irritante y autoritaria para la comunidad en general y para las personas que adhieren a las ideas de Per\u00f3n y Evita, en particular. La decisi\u00f3n tomada por la intendencia de Juana Koslay es contraria al pluralismo, la libertad de ideas y el esp\u00edritu democr\u00e1tico por lo que reclamamos la inmediata restauraci\u00f3n de los mencionados bustos\u201d, exigieron.<\/h3>\n<h3>Por su parte, tambi\u00e9n el <strong>PJ de la ciudad de La Punta<\/strong> expres\u00f3 su en\u00e9rgico repudio ante la destrucci\u00f3n del mural de Per\u00f3n y Evita en Juana Koslay.<\/h3>\n<h3>\u201cEste hecho es un ataque a la historia, la memoria y los valores de justicia social que representan. \u00a1Seguiremos defendiendo nuestras convicciones con m\u00e1s unidad y compromiso que nunca!\u201d, indic\u00f3 ese partido.<\/h3>\n<h3>En la misma l\u00ednea se pronunci\u00f3 el PJ Distrito San Luis.<\/h3>\n<p><img decoding=\"async\" class=\"wp-image-29069 aligncenter\" src=\"https:\/\/apuntesdesanluis.com\/wp-content\/uploads\/2025\/02\/comunicado-pj-290x300.png\" alt=\"\" width=\"672\" height=\"695\" srcset=\"https:\/\/apuntesdesanluis.com\/wp-content\/uploads\/2025\/02\/comunicado-pj-290x300.png 290w, https:\/\/apuntesdesanluis.com\/wp-content\/uploads\/2025\/02\/comunicado-pj.png 695w\" sizes=\"(max-width: 672px) 100vw, 672px\" \/><\/p>\n<p>&nbsp;<\/p>\n<p>&nbsp;<\/p>\n<p>&nbsp;<\/p>\n<h3><\/h3>\n<h3><\/h3>\n<h3><\/h3>\n","protected":false},"excerpt":{"rendered":"<p>En una pol\u00e9mica decisi\u00f3n sobre la que no se han explicado los motivos, la municipalidad&#8230;<\/p>\n","protected":false},"author":1,"featured_media":29067,"comment_status":"closed","ping_status":"closed","sticky":false,"template":"","format":"standard","meta":{"footnotes":""},"categories":[6],"tags":[],"class_list":["post-29066","post","type-post","status-publish","format-standard","has-post-thumbnail","hentry","category-ciudad-provincia"],"yoast_head":"<!-- This site is optimized with the Yoast SEO plugin v26.1.1 - https:\/\/yoast.com\/wordpress\/plugins\/seo\/ -->\n<title>POL\u00c9MICO DERRIBO DE UN MURAL DE PER\u00d3N Y EVITA EN JUANA KOSLAY - Apuntes de San Luis<\/title>\n<meta name=\"robots\" content=\"index, follow, max-snippet:-1, max-image-preview:large, max-video-preview:-1\" \/>\n<link rel=\"canonical\" href=\"https:\/\/apuntesdesanluis.com\/index.php\/2025\/02\/12\/polemico-derribo-de-un-mural-de-peron-y-evita-en-juana-koslay\/\" \/>\n<meta property=\"og:locale\" content=\"es_ES\" \/>\n<meta property=\"og:type\" content=\"article\" \/>\n<meta property=\"og:title\" content=\"POL\u00c9MICO DERRIBO DE UN MURAL DE PER\u00d3N Y EVITA EN JUANA KOSLAY - Apuntes de San Luis\" \/>\n<meta property=\"og:description\" content=\"En una pol\u00e9mica decisi\u00f3n sobre la que no se han explicado los motivos, la municipalidad...\" \/>\n<meta property=\"og:url\" content=\"https:\/\/apuntesdesanluis.com\/index.php\/2025\/02\/12\/polemico-derribo-de-un-mural-de-peron-y-evita-en-juana-koslay\/\" \/>\n<meta property=\"og:site_name\" content=\"Apuntes de San Luis\" \/>\n<meta property=\"article:published_time\" content=\"2025-02-12T20:52:17+00:00\" \/>\n<meta property=\"article:modified_time\" content=\"2025-02-13T10:54:06+00:00\" \/>\n<meta property=\"og:image\" content=\"https:\/\/apuntesdesanluis.com\/wp-content\/uploads\/2025\/02\/antes-y-despues.png\" \/>\n\t<meta property=\"og:image:width\" content=\"663\" \/>\n\t<meta property=\"og:image:height\" content=\"461\" \/>\n\t<meta property=\"og:image:type\" content=\"image\/png\" \/>\n<meta name=\"author\" content=\"apuntesdesanluis.com\" \/>\n<meta name=\"twitter:card\" content=\"summary_large_image\" \/>\n<meta name=\"twitter:label1\" content=\"Escrito por\" \/>\n\t<meta name=\"twitter:data1\" content=\"apuntesdesanluis.com\" \/>\n\t<meta name=\"twitter:label2\" content=\"Tiempo de lectura\" \/>\n\t<meta name=\"twitter:data2\" content=\"3 minutos\" \/>\n<script type=\"application\/ld+json\" class=\"yoast-schema-graph\">{\"@context\":\"https:\/\/schema.org\",\"@graph\":[{\"@type\":\"Article\",\"@id\":\"https:\/\/apuntesdesanluis.com\/index.php\/2025\/02\/12\/polemico-derribo-de-un-mural-de-peron-y-evita-en-juana-koslay\/#article\",\"isPartOf\":{\"@id\":\"https:\/\/apuntesdesanluis.com\/index.php\/2025\/02\/12\/polemico-derribo-de-un-mural-de-peron-y-evita-en-juana-koslay\/\"},\"author\":{\"name\":\"apuntesdesanluis.com\",\"@id\":\"https:\/\/apuntesdesanluis.com\/#\/schema\/person\/b55151d52296fcce64d1a72538a70b90\"},\"headline\":\"POL\u00c9MICO DERRIBO DE UN MURAL DE PER\u00d3N Y EVITA EN JUANA KOSLAY\",\"datePublished\":\"2025-02-12T20:52:17+00:00\",\"dateModified\":\"2025-02-13T10:54:06+00:00\",\"mainEntityOfPage\":{\"@id\":\"https:\/\/apuntesdesanluis.com\/index.php\/2025\/02\/12\/polemico-derribo-de-un-mural-de-peron-y-evita-en-juana-koslay\/\"},\"wordCount\":429,\"publisher\":{\"@id\":\"https:\/\/apuntesdesanluis.com\/#\/schema\/person\/b55151d52296fcce64d1a72538a70b90\"},\"image\":{\"@id\":\"https:\/\/apuntesdesanluis.com\/index.php\/2025\/02\/12\/polemico-derribo-de-un-mural-de-peron-y-evita-en-juana-koslay\/#primaryimage\"},\"thumbnailUrl\":\"https:\/\/apuntesdesanluis.com\/wp-content\/uploads\/2025\/02\/antes-y-despues.png\",\"articleSection\":[\"Ciudad\/Provincia\"],\"inLanguage\":\"es-AR\"},{\"@type\":\"WebPage\",\"@id\":\"https:\/\/apuntesdesanluis.com\/index.php\/2025\/02\/12\/polemico-derribo-de-un-mural-de-peron-y-evita-en-juana-koslay\/\",\"url\":\"https:\/\/apuntesdesanluis.com\/index.php\/2025\/02\/12\/polemico-derribo-de-un-mural-de-peron-y-evita-en-juana-koslay\/\",\"name\":\"POL\u00c9MICO DERRIBO DE UN MURAL DE PER\u00d3N Y EVITA EN JUANA KOSLAY - Apuntes de San Luis\",\"isPartOf\":{\"@id\":\"https:\/\/apuntesdesanluis.com\/#website\"},\"primaryImageOfPage\":{\"@id\":\"https:\/\/apuntesdesanluis.com\/index.php\/2025\/02\/12\/polemico-derribo-de-un-mural-de-peron-y-evita-en-juana-koslay\/#primaryimage\"},\"image\":{\"@id\":\"https:\/\/apuntesdesanluis.com\/index.php\/2025\/02\/12\/polemico-derribo-de-un-mural-de-peron-y-evita-en-juana-koslay\/#primaryimage\"},\"thumbnailUrl\":\"https:\/\/apuntesdesanluis.com\/wp-content\/uploads\/2025\/02\/antes-y-despues.png\",\"datePublished\":\"2025-02-12T20:52:17+00:00\",\"dateModified\":\"2025-02-13T10:54:06+00:00\",\"breadcrumb\":{\"@id\":\"https:\/\/apuntesdesanluis.com\/index.php\/2025\/02\/12\/polemico-derribo-de-un-mural-de-peron-y-evita-en-juana-koslay\/#breadcrumb\"},\"inLanguage\":\"es-AR\",\"potentialAction\":[{\"@type\":\"ReadAction\",\"target\":[\"https:\/\/apuntesdesanluis.com\/index.php\/2025\/02\/12\/polemico-derribo-de-un-mural-de-peron-y-evita-en-juana-koslay\/\"]}]},{\"@type\":\"ImageObject\",\"inLanguage\":\"es-AR\",\"@id\":\"https:\/\/apuntesdesanluis.com\/index.php\/2025\/02\/12\/polemico-derribo-de-un-mural-de-peron-y-evita-en-juana-koslay\/#primaryimage\",\"url\":\"https:\/\/apuntesdesanluis.com\/wp-content\/uploads\/2025\/02\/antes-y-despues.png\",\"contentUrl\":\"https:\/\/apuntesdesanluis.com\/wp-content\/uploads\/2025\/02\/antes-y-despues.png\",\"width\":663,\"height\":461},{\"@type\":\"BreadcrumbList\",\"@id\":\"https:\/\/apuntesdesanluis.com\/index.php\/2025\/02\/12\/polemico-derribo-de-un-mural-de-peron-y-evita-en-juana-koslay\/#breadcrumb\",\"itemListElement\":[{\"@type\":\"ListItem\",\"position\":1,\"name\":\"Inicio\",\"item\":\"https:\/\/apuntesdesanluis.com\/\"},{\"@type\":\"ListItem\",\"position\":2,\"name\":\"POL\u00c9MICO DERRIBO DE UN MURAL DE PER\u00d3N Y EVITA EN JUANA KOSLAY\"}]},{\"@type\":\"WebSite\",\"@id\":\"https:\/\/apuntesdesanluis.com\/#website\",\"url\":\"https:\/\/apuntesdesanluis.com\/\",\"name\":\"Apuntes de San Luis\",\"description\":\"\",\"publisher\":{\"@id\":\"https:\/\/apuntesdesanluis.com\/#\/schema\/person\/b55151d52296fcce64d1a72538a70b90\"},\"potentialAction\":[{\"@type\":\"SearchAction\",\"target\":{\"@type\":\"EntryPoint\",\"urlTemplate\":\"https:\/\/apuntesdesanluis.com\/?s={search_term_string}\"},\"query-input\":{\"@type\":\"PropertyValueSpecification\",\"valueRequired\":true,\"valueName\":\"search_term_string\"}}],\"inLanguage\":\"es-AR\"},{\"@type\":[\"Person\",\"Organization\"],\"@id\":\"https:\/\/apuntesdesanluis.com\/#\/schema\/person\/b55151d52296fcce64d1a72538a70b90\",\"name\":\"apuntesdesanluis.com\",\"image\":{\"@type\":\"ImageObject\",\"inLanguage\":\"es-AR\",\"@id\":\"https:\/\/apuntesdesanluis.com\/#\/schema\/person\/image\/\",\"url\":\"https:\/\/apuntesdesanluis.com\/wp-content\/uploads\/2023\/07\/cropped-apuntesdesanluis.png\",\"contentUrl\":\"https:\/\/apuntesdesanluis.com\/wp-content\/uploads\/2023\/07\/cropped-apuntesdesanluis.png\",\"width\":450,\"height\":112,\"caption\":\"apuntesdesanluis.com\"},\"logo\":{\"@id\":\"https:\/\/apuntesdesanluis.com\/#\/schema\/person\/image\/\"},\"sameAs\":[\"https:\/\/apuntesdesanluis.com\"],\"url\":\"https:\/\/apuntesdesanluis.com\/index.php\/author\/apuntesdesanluis-com\/\"}]}<\/script>\n<!-- \/ Yoast SEO plugin. -->","yoast_head_json":{"title":"POL\u00c9MICO DERRIBO DE UN MURAL DE PER\u00d3N Y EVITA EN JUANA KOSLAY - Apuntes de San Luis","robots":{"index":"index","follow":"follow","max-snippet":"max-snippet:-1","max-image-preview":"max-image-preview:large","max-video-preview":"max-video-preview:-1"},"canonical":"https:\/\/apuntesdesanluis.com\/index.php\/2025\/02\/12\/polemico-derribo-de-un-mural-de-peron-y-evita-en-juana-koslay\/","og_locale":"es_ES","og_type":"article","og_title":"POL\u00c9MICO DERRIBO DE UN MURAL DE PER\u00d3N Y EVITA EN JUANA KOSLAY - Apuntes de San Luis","og_description":"En una pol\u00e9mica decisi\u00f3n sobre la que no se han explicado los motivos, la municipalidad...","og_url":"https:\/\/apuntesdesanluis.com\/index.php\/2025\/02\/12\/polemico-derribo-de-un-mural-de-peron-y-evita-en-juana-koslay\/","og_site_name":"Apuntes de San Luis","article_published_time":"2025-02-12T20:52:17+00:00","article_modified_time":"2025-02-13T10:54:06+00:00","og_image":[{"width":663,"height":461,"url":"https:\/\/apuntesdesanluis.com\/wp-content\/uploads\/2025\/02\/antes-y-despues.png","type":"image\/png"}],"author":"apuntesdesanluis.com","twitter_card":"summary_large_image","twitter_misc":{"Escrito por":"apuntesdesanluis.com","Tiempo de lectura":"3 minutos"},"schema":{"@context":"https:\/\/schema.org","@graph":[{"@type":"Article","@id":"https:\/\/apuntesdesanluis.com\/index.php\/2025\/02\/12\/polemico-derribo-de-un-mural-de-peron-y-evita-en-juana-koslay\/#article","isPartOf":{"@id":"https:\/\/apuntesdesanluis.com\/index.php\/2025\/02\/12\/polemico-derribo-de-un-mural-de-peron-y-evita-en-juana-koslay\/"},"author":{"name":"apuntesdesanluis.com","@id":"https:\/\/apuntesdesanluis.com\/#\/schema\/person\/b55151d52296fcce64d1a72538a70b90"},"headline":"POL\u00c9MICO DERRIBO DE UN MURAL DE PER\u00d3N Y EVITA EN JUANA KOSLAY","datePublished":"2025-02-12T20:52:17+00:00","dateModified":"2025-02-13T10:54:06+00:00","mainEntityOfPage":{"@id":"https:\/\/apuntesdesanluis.com\/index.php\/2025\/02\/12\/polemico-derribo-de-un-mural-de-peron-y-evita-en-juana-koslay\/"},"wordCount":429,"publisher":{"@id":"https:\/\/apuntesdesanluis.com\/#\/schema\/person\/b55151d52296fcce64d1a72538a70b90"},"image":{"@id":"https:\/\/apuntesdesanluis.com\/index.php\/2025\/02\/12\/polemico-derribo-de-un-mural-de-peron-y-evita-en-juana-koslay\/#primaryimage"},"thumbnailUrl":"https:\/\/apuntesdesanluis.com\/wp-content\/uploads\/2025\/02\/antes-y-despues.png","articleSection":["Ciudad\/Provincia"],"inLanguage":"es-AR"},{"@type":"WebPage","@id":"https:\/\/apuntesdesanluis.com\/index.php\/2025\/02\/12\/polemico-derribo-de-un-mural-de-peron-y-evita-en-juana-koslay\/","url":"https:\/\/apuntesdesanluis.com\/index.php\/2025\/02\/12\/polemico-derribo-de-un-mural-de-peron-y-evita-en-juana-koslay\/","name":"POL\u00c9MICO DERRIBO DE UN MURAL DE PER\u00d3N Y EVITA EN JUANA KOSLAY - Apuntes de San Luis","isPartOf":{"@id":"https:\/\/apuntesdesanluis.com\/#website"},"primaryImageOfPage":{"@id":"https:\/\/apuntesdesanluis.com\/index.php\/2025\/02\/12\/polemico-derribo-de-un-mural-de-peron-y-evita-en-juana-koslay\/#primaryimage"},"image":{"@id":"https:\/\/apuntesdesanluis.com\/index.php\/2025\/02\/12\/polemico-derribo-de-un-mural-de-peron-y-evita-en-juana-koslay\/#primaryimage"},"thumbnailUrl":"https:\/\/apuntesdesanluis.com\/wp-content\/uploads\/2025\/02\/antes-y-despues.png","datePublished":"2025-02-12T20:52:17+00:00","dateModified":"2025-02-13T10:54:06+00:00","breadcrumb":{"@id":"https:\/\/apuntesdesanluis.com\/index.php\/2025\/02\/12\/polemico-derribo-de-un-mural-de-peron-y-evita-en-juana-koslay\/#breadcrumb"},"inLanguage":"es-AR","potentialAction":[{"@type":"ReadAction","target":["https:\/\/apuntesdesanluis.com\/index.php\/2025\/02\/12\/polemico-derribo-de-un-mural-de-peron-y-evita-en-juana-koslay\/"]}]},{"@type":"ImageObject","inLanguage":"es-AR","@id":"https:\/\/apuntesdesanluis.com\/index.php\/2025\/02\/12\/polemico-derribo-de-un-mural-de-peron-y-evita-en-juana-koslay\/#primaryimage","url":"https:\/\/apuntesdesanluis.com\/wp-content\/uploads\/2025\/02\/antes-y-despues.png","contentUrl":"https:\/\/apuntesdesanluis.com\/wp-content\/uploads\/2025\/02\/antes-y-despues.png","width":663,"height":461},{"@type":"BreadcrumbList","@id":"https:\/\/apuntesdesanluis.com\/index.php\/2025\/02\/12\/polemico-derribo-de-un-mural-de-peron-y-evita-en-juana-koslay\/#breadcrumb","itemListElement":[{"@type":"ListItem","position":1,"name":"Inicio","item":"https:\/\/apuntesdesanluis.com\/"},{"@type":"ListItem","position":2,"name":"POL\u00c9MICO DERRIBO DE UN MURAL DE PER\u00d3N Y EVITA EN JUANA KOSLAY"}]},{"@type":"WebSite","@id":"https:\/\/apuntesdesanluis.com\/#website","url":"https:\/\/apuntesdesanluis.com\/","name":"Apuntes de San Luis","description":"","publisher":{"@id":"https:\/\/apuntesdesanluis.com\/#\/schema\/person\/b55151d52296fcce64d1a72538a70b90"},"potentialAction":[{"@type":"SearchAction","target":{"@type":"EntryPoint","urlTemplate":"https:\/\/apuntesdesanluis.com\/?s={search_term_string}"},"query-input":{"@type":"PropertyValueSpecification","valueRequired":true,"valueName":"search_term_string"}}],"inLanguage":"es-AR"},{"@type":["Person","Organization"],"@id":"https:\/\/apuntesdesanluis.com\/#\/schema\/person\/b55151d52296fcce64d1a72538a70b90","name":"apuntesdesanluis.com","image":{"@type":"ImageObject","inLanguage":"es-AR","@id":"https:\/\/apuntesdesanluis.com\/#\/schema\/person\/image\/","url":"https:\/\/apuntesdesanluis.com\/wp-content\/uploads\/2023\/07\/cropped-apuntesdesanluis.png","contentUrl":"https:\/\/apuntesdesanluis.com\/wp-content\/uploads\/2023\/07\/cropped-apuntesdesanluis.png","width":450,"height":112,"caption":"apuntesdesanluis.com"},"logo":{"@id":"https:\/\/apuntesdesanluis.com\/#\/schema\/person\/image\/"},"sameAs":["https:\/\/apuntesdesanluis.com"],"url":"https:\/\/apuntesdesanluis.com\/index.php\/author\/apuntesdesanluis-com\/"}]}},"featured_image_urls":{"full":["https:\/\/apuntesdesanluis.com\/wp-content\/uploads\/2025\/02\/antes-y-despues.png",663,461,false],"thumbnail":["https:\/\/apuntesdesanluis.com\/wp-content\/uploads\/2025\/02\/antes-y-despues-150x150.png",150,150,true],"medium":["https:\/\/apuntesdesanluis.com\/wp-content\/uploads\/2025\/02\/antes-y-despues-300x209.png",300,209,true],"medium_large":["https:\/\/apuntesdesanluis.com\/wp-content\/uploads\/2025\/02\/antes-y-despues.png",640,445,false],"large":["https:\/\/apuntesdesanluis.com\/wp-content\/uploads\/2025\/02\/antes-y-despues.png",640,445,false],"1536x1536":["https:\/\/apuntesdesanluis.com\/wp-content\/uploads\/2025\/02\/antes-y-despues.png",663,461,false],"2048x2048":["https:\/\/apuntesdesanluis.com\/wp-content\/uploads\/2025\/02\/antes-y-despues.png",663,461,false],"newsever-slider-full":["https:\/\/apuntesdesanluis.com\/wp-content\/uploads\/2025\/02\/antes-y-despues.png",663,461,false],"newsever-featured":["https:\/\/apuntesdesanluis.com\/wp-content\/uploads\/2025\/02\/antes-y-despues.png",663,461,false],"newsever-medium":["https:\/\/apuntesdesanluis.com\/wp-content\/uploads\/2025\/02\/antes-y-despues.png",663,461,false]},"author_info":{"display_name":"apuntesdesanluis.com","author_link":"https:\/\/apuntesdesanluis.com\/index.php\/author\/apuntesdesanluis-com\/"},"category_info":"<a href=\"https:\/\/apuntesdesanluis.com\/index.php\/category\/ciudad-provincia\/\" rel=\"category tag\">Ciudad\/Provincia<\/a>","tag_info":"Ciudad\/Provincia","comment_count":"0","_links":{"self":[{"href":"https:\/\/apuntesdesanluis.com\/index.php\/wp-json\/wp\/v2\/posts\/29066","targetHints":{"allow":["GET"]}}],"collection":[{"href":"https:\/\/apuntesdesanluis.com\/index.php\/wp-json\/wp\/v2\/posts"}],"about":[{"href":"https:\/\/apuntesdesanluis.com\/index.php\/wp-json\/wp\/v2\/types\/post"}],"author":[{"embeddable":true,"href":"https:\/\/apuntesdesanluis.com\/index.php\/wp-json\/wp\/v2\/users\/1"}],"replies":[{"embeddable":true,"href":"https:\/\/apuntesdesanluis.com\/index.php\/wp-json\/wp\/v2\/comments?post=29066"}],"version-history":[{"count":3,"href":"https:\/\/apuntesdesanluis.com\/index.php\/wp-json\/wp\/v2\/posts\/29066\/revisions"}],"predecessor-version":[{"id":29072,"href":"https:\/\/apuntesdesanluis.com\/index.php\/wp-json\/wp\/v2\/posts\/29066\/revisions\/29072"}],"wp:featuredmedia":[{"embeddable":true,"href":"https:\/\/apuntesdesanluis.com\/index.php\/wp-json\/wp\/v2\/media\/29067"}],"wp:attachment":[{"href":"https:\/\/apuntesdesanluis.com\/index.php\/wp-json\/wp\/v2\/media?parent=29066"}],"wp:term":[{"taxonomy":"category","embeddable":true,"href":"https:\/\/apuntesdesanluis.com\/index.php\/wp-json\/wp\/v2\/categories?post=29066"},{"taxonomy":"post_tag","embeddable":true,"href":"https:\/\/apuntesdesanluis.com\/index.php\/wp-json\/wp\/v2\/tags?post=29066"}],"curies":[{"name":"wp","href":"https:\/\/api.w.org\/{rel}","templated":true}]}}